{"id":281074,"date":"2025-11-25T10:04:07","date_gmt":"2025-11-25T13:04:07","guid":{"rendered":"https:\/\/noticiaempauta.com\/portal\/?p=281074"},"modified":"2025-11-25T10:08:15","modified_gmt":"2025-11-25T13:08:15","slug":"amostragem-aponta-reeleicao-de-rafael-fonteles-com-ampla-maioria-de-votos-em-todos-os-cenarios","status":"publish","type":"post","link":"https:\/\/noticiaempauta.com\/portal\/amostragem-aponta-reeleicao-de-rafael-fonteles-com-ampla-maioria-de-votos-em-todos-os-cenarios\/","title":{"rendered":"Amostragem aponta reelei\u00e7\u00e3o de Rafael Fonteles com ampla maioria de votos em todos os cen\u00e1rios"},"content":{"rendered":"\n<p>Nova pesquisa do<strong>&nbsp;Instituto Amostragem<\/strong>&nbsp;consolida o amplo favoritismo do&nbsp;<strong>governador Rafael Fonteles (PT)<\/strong>&nbsp;para as elei\u00e7\u00f5es do ano que vem. O levantamento foi realizado entre os dias 15 e 19 de novembro em todo o Piau\u00ed, e aponta a reelei\u00e7\u00e3o do governador no primeiro turno em todos os cen\u00e1rios testados.<\/p>\n\n\n\n<figure class=\"wp-block-image size-large\"><img fetchpriority=\"high\" decoding=\"async\" width=\"1024\" height=\"683\" src=\"https:\/\/noticiaempauta.com\/portal\/wp-content\/uploads\/2025\/02\/comvap_Rafael_Fonteles_75d217d2f6-1024x683.jpeg\" alt=\"\" class=\"wp-image-267777\" srcset=\"https:\/\/noticiaempauta.com\/portal\/wp-content\/uploads\/2025\/02\/comvap_Rafael_Fonteles_75d217d2f6-1024x683.jpeg 1024w, https:\/\/noticiaempauta.com\/portal\/wp-content\/uploads\/2025\/02\/comvap_Rafael_Fonteles_75d217d2f6-300x200.jpeg 300w, https:\/\/noticiaempauta.com\/portal\/wp-content\/uploads\/2025\/02\/comvap_Rafael_Fonteles_75d217d2f6-768x512.jpeg 768w, https:\/\/noticiaempauta.com\/portal\/wp-content\/uploads\/2025\/02\/comvap_Rafael_Fonteles_75d217d2f6-1536x1024.jpeg 1536w, https:\/\/noticiaempauta.com\/portal\/wp-content\/uploads\/2025\/02\/comvap_Rafael_Fonteles_75d217d2f6-2048x1365.jpeg 2048w\" sizes=\"(max-width: 1024px) 100vw, 1024px\" \/><figcaption class=\"wp-element-caption\"><em>(Foto: Reprodu\u00e7\u00e3o)<\/em><\/figcaption><\/figure>\n\n\n\n<p>No <strong>primeiro cen\u00e1rio<\/strong>, em disputa com Margarete Coelho (Progressistas), Mainha (Podemos) e Jornalista Toni Rodrigues (PL), Rafael teria hoje 84,16% dos votos v\u00e1lidos. Margarete Coelho ficaria com 8,99%, Toni Rodrigues teria 3,6% e Mainha, 3,26%.<\/p>\n\n\n\n<p>Num <strong>segundo cen\u00e1rio<\/strong>, tendo Joel Rodrigues como candidato do Progressistas, Rafael fica com 80,53% dos votos v\u00e1lidos e o ex-prefeito de Floriano com 10,61%. Mainha ficaria com 4,6% e Toni Rodrigues com 4,27%.&nbsp;<\/p>\n\n\n\n<h2 class=\"wp-block-heading\"><strong>CONFRONTOS DIRETOS&nbsp;<\/strong><\/h2>\n\n\n\n<p><strong>Rafael Fonteles X Margarete Coelho<\/strong><\/p>\n\n\n\n<p>De acordo com a Pesquisa Amostragem, no confronto direto com Margarete Coelho, o governador teria 83,83%, enquanto a ex-deputada ficaria com 16,17% dos votos v\u00e1lidos.<\/p>\n\n\n\n<p><strong>Rafael Fonteles X Joel Rodrigues<\/strong><\/p>\n\n\n\n<p>Tendo somente Joel Rodrigues como advers\u00e1rio, Rafael Fonteles teria 82,48% dos votos v\u00e1lidos. O ex-prefeito de Floriano ficaria com 17,52%.<\/p>\n\n\n\n<p><strong>Rafael Fonteles X Mainha<\/strong><\/p>\n\n\n\n<p>J\u00e1 no confronto direto com Mainha, Rafael teria hoje 87,55% dos votos v\u00e1lidos, enquanto o ex-prefeito de Itain\u00f3polis ficaria com 12,45%.<\/p>\n\n\n\n<p><strong>Rafael Fonteles X Toni Rodrigues<\/strong><\/p>\n\n\n\n<p>Contra o jornalista Toni Rodrigues, Rafael aparece com 85,62% dos votos v\u00e1lidos. O pr\u00e9-candidato do PL ficaria com 14,38%.<\/p>\n\n\n\n<p>Todos os cen\u00e1rios s\u00e3o de pesquisa estimulada e os dados consideram apenas os votos v\u00e1lidos \u2013 ou seja, ficam de fora dos c\u00e1lculos os entrevistados que disseram que votar\u00e3o em branco ou nulo, n\u00e3o sabem ou n\u00e3o quiseram dizer em quem pretendem votar para governador nas elei\u00e7\u00f5es 2026.<\/p>\n\n\n\n<p><strong>RAFAEL TEM A MENOR REJEI\u00c7\u00c3O&nbsp;<\/strong>&#8211; De acordo com a Pesquisa Amostragem, 16,78% dos entrevistados dizem que n\u00e3o votam em Rafael Fonteles. \u00c9 a menor rejei\u00e7\u00e3o dentre todos os poss\u00edveis candidatos a governador nas elei\u00e7\u00f5es do ano que vem.&nbsp;<\/p>\n\n\n\n<p>Mainha registra a maior rejei\u00e7\u00e3o, com 37,21% dos entrevistados dizendo que n\u00e3o votam nele de jeito nenhum. Em seguida, vem Margarete Coelho, com 25,85% de rejei\u00e7\u00e3o; Toni Rodrigues, com 23,82%; e Joel Rodrigues, com 23,14%.&nbsp;<\/p>\n\n\n\n<p>Aqui, tamb\u00e9m s\u00e3o consideradas apenas as respostas v\u00e1lidas, exclu\u00eddos os votos em branco ou nulos e os que n\u00e3o sabem ou n\u00e3o quiseram opinar.<\/p>\n\n\n\n<p><strong>DADOS T\u00c9CNICOS \u2013<\/strong>&nbsp;O Amostragem fez a pesquisa no per\u00edodo de 15 a 19 de novembro em 49 munic\u00edpios dos 12 Territ\u00f3rios de Desenvolvimento do Estado. Foram ouvidos 1.137 eleitores com mais de 16 anos de idade, distribu\u00eddos por cota de sexo, idade, grau de instru\u00e7\u00e3o e renda.&nbsp;<\/p>\n\n\n\n<p>A margem de erro \u00e9 de 2,85 pontos percentuais para mais ou para menos, e o n\u00edvel de confian\u00e7a \u00e9 de 95%. A pesquisa foi realizada por encomenda do Sistema Meio Norte de Comunica\u00e7\u00e3o.<\/p>\n\n\n\n<p><br>Fonte: Meio News<\/p>\n","protected":false},"excerpt":{"rendered":"<p>Nova pesquisa do&nbsp;Instituto Amostragem&nbsp;consolida o amplo favoritismo do&nbsp;governador Rafael Fonteles (PT)&nbsp;para as elei\u00e7\u00f5es do ano que vem. O levantamento foi realizado entre os dias 15 e 19 de novembro em todo o Piau\u00ed, e aponta a reelei\u00e7\u00e3o do governador no primeiro turno em todos os cen\u00e1rios testados. No primeiro cen\u00e1rio, em disputa com Margarete Coelho [&hellip;]<\/p>\n","protected":false},"author":2,"featured_media":267777,"comment_status":"open","ping_status":"open","sticky":false,"template":"","format":"standard","meta":{"_mi_skip_tracking":false,"footnotes":""},"categories":[25,1,3,16],"tags":[192],"class_list":["post-281074","post","type-post","status-publish","format-standard","has-post-thumbnail","hentry","category-destaques-site","category-geral","category-politica","category-todas","tag-destaqueprincipal"],"acf":[],"yoast_head":"<!-- This site is optimized with the Yoast SEO Premium plugin v19.2 (Yoast SEO v26.9) - https:\/\/yoast.com\/product\/yoast-seo-premium-wordpress\/ -->\n<title>Amostragem aponta reelei\u00e7\u00e3o de Rafael Fonteles com ampla maioria de votos em todos os cen\u00e1rios - Portal Not\u00edcia em Pauta<\/title>\n<meta name=\"robots\" content=\"index, follow, max-snippet:-1, max-image-preview:large, max-video-preview:-1\" \/>\n<link rel=\"canonical\" href=\"https:\/\/noticiaempauta.com\/portal\/amostragem-aponta-reeleicao-de-rafael-fonteles-com-ampla-maioria-de-votos-em-todos-os-cenarios\/\" \/>\n<meta property=\"og:locale\" content=\"pt_BR\" \/>\n<meta property=\"og:type\" content=\"article\" \/>\n<meta property=\"og:title\" content=\"Amostragem aponta reelei\u00e7\u00e3o de Rafael Fonteles com ampla maioria de votos em todos os cen\u00e1rios\" \/>\n<meta property=\"og:description\" content=\"Nova pesquisa do&nbsp;Instituto Amostragem&nbsp;consolida o amplo favoritismo do&nbsp;governador Rafael Fonteles (PT)&nbsp;para as elei\u00e7\u00f5es do ano que vem. O levantamento foi realizado entre os dias 15 e 19 de novembro em todo o Piau\u00ed, e aponta a reelei\u00e7\u00e3o do governador no primeiro turno em todos os cen\u00e1rios testados. No primeiro cen\u00e1rio, em disputa com Margarete Coelho [&hellip;]\" \/>\n<meta property=\"og:url\" content=\"https:\/\/noticiaempauta.com\/portal\/amostragem-aponta-reeleicao-de-rafael-fonteles-com-ampla-maioria-de-votos-em-todos-os-cenarios\/\" \/>\n<meta property=\"og:site_name\" content=\"Portal Not\u00edcia em Pauta\" \/>\n<meta property=\"article:publisher\" content=\"https:\/\/www.facebook.com\/Portal-Notcia-Em-Pauta-102292869264820\/\" \/>\n<meta property=\"article:published_time\" content=\"2025-11-25T13:04:07+00:00\" \/>\n<meta property=\"article:modified_time\" content=\"2025-11-25T13:08:15+00:00\" \/>\n<meta property=\"og:image\" content=\"https:\/\/noticiaempauta.com\/portal\/wp-content\/uploads\/2025\/02\/comvap_Rafael_Fonteles_75d217d2f6-scaled.jpeg\" \/>\n\t<meta property=\"og:image:width\" content=\"2560\" \/>\n\t<meta property=\"og:image:height\" content=\"1707\" \/>\n\t<meta property=\"og:image:type\" content=\"image\/jpeg\" \/>\n<meta name=\"author\" content=\"Reda\u00e7\u00e3o\" \/>\n<meta name=\"twitter:card\" content=\"summary_large_image\" \/>\n<meta name=\"twitter:label1\" content=\"Escrito por\" \/>\n\t<meta name=\"twitter:data1\" content=\"Reda\u00e7\u00e3o\" \/>\n\t<meta name=\"twitter:label2\" content=\"Est. tempo de leitura\" \/>\n\t<meta name=\"twitter:data2\" content=\"3 minutos\" \/>\n<script type=\"application\/ld+json\" class=\"yoast-schema-graph\">{\"@context\":\"https:\/\/schema.org\",\"@graph\":[{\"@type\":\"Article\",\"@id\":\"https:\/\/noticiaempauta.com\/portal\/amostragem-aponta-reeleicao-de-rafael-fonteles-com-ampla-maioria-de-votos-em-todos-os-cenarios\/#article\",\"isPartOf\":{\"@id\":\"https:\/\/noticiaempauta.com\/portal\/amostragem-aponta-reeleicao-de-rafael-fonteles-com-ampla-maioria-de-votos-em-todos-os-cenarios\/\"},\"author\":{\"name\":\"Reda\u00e7\u00e3o\",\"@id\":\"https:\/\/noticiaempauta.com\/portal\/#\/schema\/person\/a74af43dd1ab3deca45f988c717d57ac\"},\"headline\":\"Amostragem aponta reelei\u00e7\u00e3o de Rafael Fonteles com ampla maioria de votos em todos os cen\u00e1rios\",\"datePublished\":\"2025-11-25T13:04:07+00:00\",\"dateModified\":\"2025-11-25T13:08:15+00:00\",\"mainEntityOfPage\":{\"@id\":\"https:\/\/noticiaempauta.com\/portal\/amostragem-aponta-reeleicao-de-rafael-fonteles-com-ampla-maioria-de-votos-em-todos-os-cenarios\/\"},\"wordCount\":495,\"commentCount\":0,\"publisher\":{\"@id\":\"https:\/\/noticiaempauta.com\/portal\/#organization\"},\"image\":{\"@id\":\"https:\/\/noticiaempauta.com\/portal\/amostragem-aponta-reeleicao-de-rafael-fonteles-com-ampla-maioria-de-votos-em-todos-os-cenarios\/#primaryimage\"},\"thumbnailUrl\":\"https:\/\/noticiaempauta.com\/portal\/wp-content\/uploads\/2025\/02\/comvap_Rafael_Fonteles_75d217d2f6-scaled.jpeg\",\"keywords\":[\"destaqueprincipal\"],\"articleSection\":[\"Destaques\",\"Geral\",\"Pol\u00edtica\",\"Todas as Not\u00edcias\"],\"inLanguage\":\"pt-BR\",\"potentialAction\":[{\"@type\":\"CommentAction\",\"name\":\"Comment\",\"target\":[\"https:\/\/noticiaempauta.com\/portal\/amostragem-aponta-reeleicao-de-rafael-fonteles-com-ampla-maioria-de-votos-em-todos-os-cenarios\/#respond\"]}]},{\"@type\":\"WebPage\",\"@id\":\"https:\/\/noticiaempauta.com\/portal\/amostragem-aponta-reeleicao-de-rafael-fonteles-com-ampla-maioria-de-votos-em-todos-os-cenarios\/\",\"url\":\"https:\/\/noticiaempauta.com\/portal\/amostragem-aponta-reeleicao-de-rafael-fonteles-com-ampla-maioria-de-votos-em-todos-os-cenarios\/\",\"name\":\"Amostragem aponta reelei\u00e7\u00e3o de Rafael Fonteles com ampla maioria de votos em todos os cen\u00e1rios - Portal Not\u00edcia em Pauta\",\"isPartOf\":{\"@id\":\"https:\/\/noticiaempauta.com\/portal\/#website\"},\"primaryImageOfPage\":{\"@id\":\"https:\/\/noticiaempauta.com\/portal\/amostragem-aponta-reeleicao-de-rafael-fonteles-com-ampla-maioria-de-votos-em-todos-os-cenarios\/#primaryimage\"},\"image\":{\"@id\":\"https:\/\/noticiaempauta.com\/portal\/amostragem-aponta-reeleicao-de-rafael-fonteles-com-ampla-maioria-de-votos-em-todos-os-cenarios\/#primaryimage\"},\"thumbnailUrl\":\"https:\/\/noticiaempauta.com\/portal\/wp-content\/uploads\/2025\/02\/comvap_Rafael_Fonteles_75d217d2f6-scaled.jpeg\",\"datePublished\":\"2025-11-25T13:04:07+00:00\",\"dateModified\":\"2025-11-25T13:08:15+00:00\",\"breadcrumb\":{\"@id\":\"https:\/\/noticiaempauta.com\/portal\/amostragem-aponta-reeleicao-de-rafael-fonteles-com-ampla-maioria-de-votos-em-todos-os-cenarios\/#breadcrumb\"},\"inLanguage\":\"pt-BR\",\"potentialAction\":[{\"@type\":\"ReadAction\",\"target\":[\"https:\/\/noticiaempauta.com\/portal\/amostragem-aponta-reeleicao-de-rafael-fonteles-com-ampla-maioria-de-votos-em-todos-os-cenarios\/\"]}]},{\"@type\":\"ImageObject\",\"inLanguage\":\"pt-BR\",\"@id\":\"https:\/\/noticiaempauta.com\/portal\/amostragem-aponta-reeleicao-de-rafael-fonteles-com-ampla-maioria-de-votos-em-todos-os-cenarios\/#primaryimage\",\"url\":\"https:\/\/noticiaempauta.com\/portal\/wp-content\/uploads\/2025\/02\/comvap_Rafael_Fonteles_75d217d2f6-scaled.jpeg\",\"contentUrl\":\"https:\/\/noticiaempauta.com\/portal\/wp-content\/uploads\/2025\/02\/comvap_Rafael_Fonteles_75d217d2f6-scaled.jpeg\",\"width\":2560,\"height\":1707},{\"@type\":\"BreadcrumbList\",\"@id\":\"https:\/\/noticiaempauta.com\/portal\/amostragem-aponta-reeleicao-de-rafael-fonteles-com-ampla-maioria-de-votos-em-todos-os-cenarios\/#breadcrumb\",\"itemListElement\":[{\"@type\":\"ListItem\",\"position\":1,\"name\":\"P\u00e1gina Inicial\",\"item\":\"https:\/\/noticiaempauta.com\/portal\/\"},{\"@type\":\"ListItem\",\"position\":2,\"name\":\"Destaques\",\"item\":\"https:\/\/noticiaempauta.com\/portal\/destaques-site\/\"},{\"@type\":\"ListItem\",\"position\":3,\"name\":\"Amostragem aponta reelei\u00e7\u00e3o de Rafael Fonteles com ampla maioria de votos em todos os cen\u00e1rios\"}]},{\"@type\":\"WebSite\",\"@id\":\"https:\/\/noticiaempauta.com\/portal\/#website\",\"url\":\"https:\/\/noticiaempauta.com\/portal\/\",\"name\":\"Portal Not\u00edcia em Pauta\",\"description\":\"Voc\u00ea bem informado\",\"publisher\":{\"@id\":\"https:\/\/noticiaempauta.com\/portal\/#organization\"},\"potentialAction\":[{\"@type\":\"SearchAction\",\"target\":{\"@type\":\"EntryPoint\",\"urlTemplate\":\"https:\/\/noticiaempauta.com\/portal\/?s={search_term_string}\"},\"query-input\":{\"@type\":\"PropertyValueSpecification\",\"valueRequired\":true,\"valueName\":\"search_term_string\"}}],\"inLanguage\":\"pt-BR\"},{\"@type\":\"Organization\",\"@id\":\"https:\/\/noticiaempauta.com\/portal\/#organization\",\"name\":\"Portal Not\u00edcia em Pauta\",\"url\":\"https:\/\/noticiaempauta.com\/portal\/\",\"logo\":{\"@type\":\"ImageObject\",\"inLanguage\":\"pt-BR\",\"@id\":\"https:\/\/noticiaempauta.com\/portal\/#\/schema\/logo\/image\/\",\"url\":\"https:\/\/noticiaempauta.com\/portal\/wp-content\/uploads\/2022\/08\/logomarca_tema.fw_.png\",\"contentUrl\":\"https:\/\/noticiaempauta.com\/portal\/wp-content\/uploads\/2022\/08\/logomarca_tema.fw_.png\",\"width\":400,\"height\":232,\"caption\":\"Portal Not\u00edcia em Pauta\"},\"image\":{\"@id\":\"https:\/\/noticiaempauta.com\/portal\/#\/schema\/logo\/image\/\"},\"sameAs\":[\"https:\/\/www.facebook.com\/Portal-Notcia-Em-Pauta-102292869264820\/\",\"https:\/\/www.instagram.com\/portalnoticiaempauta\/\"]},{\"@type\":\"Person\",\"@id\":\"https:\/\/noticiaempauta.com\/portal\/#\/schema\/person\/a74af43dd1ab3deca45f988c717d57ac\",\"name\":\"Reda\u00e7\u00e3o\",\"image\":{\"@type\":\"ImageObject\",\"inLanguage\":\"pt-BR\",\"@id\":\"https:\/\/noticiaempauta.com\/portal\/#\/schema\/person\/image\/\",\"url\":\"https:\/\/secure.gravatar.com\/avatar\/03179346ecce6cdfc13361603e8f54242a90e5cde8618fa23c5c00aa2b0aadf3?s=96&d=mm&r=g\",\"contentUrl\":\"https:\/\/secure.gravatar.com\/avatar\/03179346ecce6cdfc13361603e8f54242a90e5cde8618fa23c5c00aa2b0aadf3?s=96&d=mm&r=g\",\"caption\":\"Reda\u00e7\u00e3o\"},\"sameAs\":[\"https:\/\/noticiaempauta.com\/portal\/\"],\"url\":\"https:\/\/noticiaempauta.com\/portal\/author\/fernando\/\"}]}<\/script>\n<!-- \/ Yoast SEO Premium plugin. -->","yoast_head_json":{"title":"Amostragem aponta reelei\u00e7\u00e3o de Rafael Fonteles com ampla maioria de votos em todos os cen\u00e1rios - Portal Not\u00edcia em Pauta","robots":{"index":"index","follow":"follow","max-snippet":"max-snippet:-1","max-image-preview":"max-image-preview:large","max-video-preview":"max-video-preview:-1"},"canonical":"https:\/\/noticiaempauta.com\/portal\/amostragem-aponta-reeleicao-de-rafael-fonteles-com-ampla-maioria-de-votos-em-todos-os-cenarios\/","og_locale":"pt_BR","og_type":"article","og_title":"Amostragem aponta reelei\u00e7\u00e3o de Rafael Fonteles com ampla maioria de votos em todos os cen\u00e1rios","og_description":"Nova pesquisa do&nbsp;Instituto Amostragem&nbsp;consolida o amplo favoritismo do&nbsp;governador Rafael Fonteles (PT)&nbsp;para as elei\u00e7\u00f5es do ano que vem. O levantamento foi realizado entre os dias 15 e 19 de novembro em todo o Piau\u00ed, e aponta a reelei\u00e7\u00e3o do governador no primeiro turno em todos os cen\u00e1rios testados. No primeiro cen\u00e1rio, em disputa com Margarete Coelho [&hellip;]","og_url":"https:\/\/noticiaempauta.com\/portal\/amostragem-aponta-reeleicao-de-rafael-fonteles-com-ampla-maioria-de-votos-em-todos-os-cenarios\/","og_site_name":"Portal Not\u00edcia em Pauta","article_publisher":"https:\/\/www.facebook.com\/Portal-Notcia-Em-Pauta-102292869264820\/","article_published_time":"2025-11-25T13:04:07+00:00","article_modified_time":"2025-11-25T13:08:15+00:00","og_image":[{"width":2560,"height":1707,"url":"https:\/\/noticiaempauta.com\/portal\/wp-content\/uploads\/2025\/02\/comvap_Rafael_Fonteles_75d217d2f6-scaled.jpeg","type":"image\/jpeg"}],"author":"Reda\u00e7\u00e3o","twitter_card":"summary_large_image","twitter_misc":{"Escrito por":"Reda\u00e7\u00e3o","Est. tempo de leitura":"3 minutos"},"schema":{"@context":"https:\/\/schema.org","@graph":[{"@type":"Article","@id":"https:\/\/noticiaempauta.com\/portal\/amostragem-aponta-reeleicao-de-rafael-fonteles-com-ampla-maioria-de-votos-em-todos-os-cenarios\/#article","isPartOf":{"@id":"https:\/\/noticiaempauta.com\/portal\/amostragem-aponta-reeleicao-de-rafael-fonteles-com-ampla-maioria-de-votos-em-todos-os-cenarios\/"},"author":{"name":"Reda\u00e7\u00e3o","@id":"https:\/\/noticiaempauta.com\/portal\/#\/schema\/person\/a74af43dd1ab3deca45f988c717d57ac"},"headline":"Amostragem aponta reelei\u00e7\u00e3o de Rafael Fonteles com ampla maioria de votos em todos os cen\u00e1rios","datePublished":"2025-11-25T13:04:07+00:00","dateModified":"2025-11-25T13:08:15+00:00","mainEntityOfPage":{"@id":"https:\/\/noticiaempauta.com\/portal\/amostragem-aponta-reeleicao-de-rafael-fonteles-com-ampla-maioria-de-votos-em-todos-os-cenarios\/"},"wordCount":495,"commentCount":0,"publisher":{"@id":"https:\/\/noticiaempauta.com\/portal\/#organization"},"image":{"@id":"https:\/\/noticiaempauta.com\/portal\/amostragem-aponta-reeleicao-de-rafael-fonteles-com-ampla-maioria-de-votos-em-todos-os-cenarios\/#primaryimage"},"thumbnailUrl":"https:\/\/noticiaempauta.com\/portal\/wp-content\/uploads\/2025\/02\/comvap_Rafael_Fonteles_75d217d2f6-scaled.jpeg","keywords":["destaqueprincipal"],"articleSection":["Destaques","Geral","Pol\u00edtica","Todas as Not\u00edcias"],"inLanguage":"pt-BR","potentialAction":[{"@type":"CommentAction","name":"Comment","target":["https:\/\/noticiaempauta.com\/portal\/amostragem-aponta-reeleicao-de-rafael-fonteles-com-ampla-maioria-de-votos-em-todos-os-cenarios\/#respond"]}]},{"@type":"WebPage","@id":"https:\/\/noticiaempauta.com\/portal\/amostragem-aponta-reeleicao-de-rafael-fonteles-com-ampla-maioria-de-votos-em-todos-os-cenarios\/","url":"https:\/\/noticiaempauta.com\/portal\/amostragem-aponta-reeleicao-de-rafael-fonteles-com-ampla-maioria-de-votos-em-todos-os-cenarios\/","name":"Amostragem aponta reelei\u00e7\u00e3o de Rafael Fonteles com ampla maioria de votos em todos os cen\u00e1rios - Portal Not\u00edcia em Pauta","isPartOf":{"@id":"https:\/\/noticiaempauta.com\/portal\/#website"},"primaryImageOfPage":{"@id":"https:\/\/noticiaempauta.com\/portal\/amostragem-aponta-reeleicao-de-rafael-fonteles-com-ampla-maioria-de-votos-em-todos-os-cenarios\/#primaryimage"},"image":{"@id":"https:\/\/noticiaempauta.com\/portal\/amostragem-aponta-reeleicao-de-rafael-fonteles-com-ampla-maioria-de-votos-em-todos-os-cenarios\/#primaryimage"},"thumbnailUrl":"https:\/\/noticiaempauta.com\/portal\/wp-content\/uploads\/2025\/02\/comvap_Rafael_Fonteles_75d217d2f6-scaled.jpeg","datePublished":"2025-11-25T13:04:07+00:00","dateModified":"2025-11-25T13:08:15+00:00","breadcrumb":{"@id":"https:\/\/noticiaempauta.com\/portal\/amostragem-aponta-reeleicao-de-rafael-fonteles-com-ampla-maioria-de-votos-em-todos-os-cenarios\/#breadcrumb"},"inLanguage":"pt-BR","potentialAction":[{"@type":"ReadAction","target":["https:\/\/noticiaempauta.com\/portal\/amostragem-aponta-reeleicao-de-rafael-fonteles-com-ampla-maioria-de-votos-em-todos-os-cenarios\/"]}]},{"@type":"ImageObject","inLanguage":"pt-BR","@id":"https:\/\/noticiaempauta.com\/portal\/amostragem-aponta-reeleicao-de-rafael-fonteles-com-ampla-maioria-de-votos-em-todos-os-cenarios\/#primaryimage","url":"https:\/\/noticiaempauta.com\/portal\/wp-content\/uploads\/2025\/02\/comvap_Rafael_Fonteles_75d217d2f6-scaled.jpeg","contentUrl":"https:\/\/noticiaempauta.com\/portal\/wp-content\/uploads\/2025\/02\/comvap_Rafael_Fonteles_75d217d2f6-scaled.jpeg","width":2560,"height":1707},{"@type":"BreadcrumbList","@id":"https:\/\/noticiaempauta.com\/portal\/amostragem-aponta-reeleicao-de-rafael-fonteles-com-ampla-maioria-de-votos-em-todos-os-cenarios\/#breadcrumb","itemListElement":[{"@type":"ListItem","position":1,"name":"P\u00e1gina Inicial","item":"https:\/\/noticiaempauta.com\/portal\/"},{"@type":"ListItem","position":2,"name":"Destaques","item":"https:\/\/noticiaempauta.com\/portal\/destaques-site\/"},{"@type":"ListItem","position":3,"name":"Amostragem aponta reelei\u00e7\u00e3o de Rafael Fonteles com ampla maioria de votos em todos os cen\u00e1rios"}]},{"@type":"WebSite","@id":"https:\/\/noticiaempauta.com\/portal\/#website","url":"https:\/\/noticiaempauta.com\/portal\/","name":"Portal Not\u00edcia em Pauta","description":"Voc\u00ea bem informado","publisher":{"@id":"https:\/\/noticiaempauta.com\/portal\/#organization"},"potentialAction":[{"@type":"SearchAction","target":{"@type":"EntryPoint","urlTemplate":"https:\/\/noticiaempauta.com\/portal\/?s={search_term_string}"},"query-input":{"@type":"PropertyValueSpecification","valueRequired":true,"valueName":"search_term_string"}}],"inLanguage":"pt-BR"},{"@type":"Organization","@id":"https:\/\/noticiaempauta.com\/portal\/#organization","name":"Portal Not\u00edcia em Pauta","url":"https:\/\/noticiaempauta.com\/portal\/","logo":{"@type":"ImageObject","inLanguage":"pt-BR","@id":"https:\/\/noticiaempauta.com\/portal\/#\/schema\/logo\/image\/","url":"https:\/\/noticiaempauta.com\/portal\/wp-content\/uploads\/2022\/08\/logomarca_tema.fw_.png","contentUrl":"https:\/\/noticiaempauta.com\/portal\/wp-content\/uploads\/2022\/08\/logomarca_tema.fw_.png","width":400,"height":232,"caption":"Portal Not\u00edcia em Pauta"},"image":{"@id":"https:\/\/noticiaempauta.com\/portal\/#\/schema\/logo\/image\/"},"sameAs":["https:\/\/www.facebook.com\/Portal-Notcia-Em-Pauta-102292869264820\/","https:\/\/www.instagram.com\/portalnoticiaempauta\/"]},{"@type":"Person","@id":"https:\/\/noticiaempauta.com\/portal\/#\/schema\/person\/a74af43dd1ab3deca45f988c717d57ac","name":"Reda\u00e7\u00e3o","image":{"@type":"ImageObject","inLanguage":"pt-BR","@id":"https:\/\/noticiaempauta.com\/portal\/#\/schema\/person\/image\/","url":"https:\/\/secure.gravatar.com\/avatar\/03179346ecce6cdfc13361603e8f54242a90e5cde8618fa23c5c00aa2b0aadf3?s=96&d=mm&r=g","contentUrl":"https:\/\/secure.gravatar.com\/avatar\/03179346ecce6cdfc13361603e8f54242a90e5cde8618fa23c5c00aa2b0aadf3?s=96&d=mm&r=g","caption":"Reda\u00e7\u00e3o"},"sameAs":["https:\/\/noticiaempauta.com\/portal\/"],"url":"https:\/\/noticiaempauta.com\/portal\/author\/fernando\/"}]}},"_links":{"self":[{"href":"https:\/\/noticiaempauta.com\/portal\/wp-json\/wp\/v2\/posts\/281074","targetHints":{"allow":["GET"]}}],"collection":[{"href":"https:\/\/noticiaempauta.com\/portal\/wp-json\/wp\/v2\/posts"}],"about":[{"href":"https:\/\/noticiaempauta.com\/portal\/wp-json\/wp\/v2\/types\/post"}],"author":[{"embeddable":true,"href":"https:\/\/noticiaempauta.com\/portal\/wp-json\/wp\/v2\/users\/2"}],"replies":[{"embeddable":true,"href":"https:\/\/noticiaempauta.com\/portal\/wp-json\/wp\/v2\/comments?post=281074"}],"version-history":[{"count":3,"href":"https:\/\/noticiaempauta.com\/portal\/wp-json\/wp\/v2\/posts\/281074\/revisions"}],"predecessor-version":[{"id":281080,"href":"https:\/\/noticiaempauta.com\/portal\/wp-json\/wp\/v2\/posts\/281074\/revisions\/281080"}],"wp:featuredmedia":[{"embeddable":true,"href":"https:\/\/noticiaempauta.com\/portal\/wp-json\/wp\/v2\/media\/267777"}],"wp:attachment":[{"href":"https:\/\/noticiaempauta.com\/portal\/wp-json\/wp\/v2\/media?parent=281074"}],"wp:term":[{"taxonomy":"category","embeddable":true,"href":"https:\/\/noticiaempauta.com\/portal\/wp-json\/wp\/v2\/categories?post=281074"},{"taxonomy":"post_tag","embeddable":true,"href":"https:\/\/noticiaempauta.com\/portal\/wp-json\/wp\/v2\/tags?post=281074"}],"curies":[{"name":"wp","href":"https:\/\/api.w.org\/{rel}","templated":true}]}}