{"id":281077,"date":"2025-11-25T10:07:05","date_gmt":"2025-11-25T13:07:05","guid":{"rendered":"https:\/\/noticiaempauta.com\/portal\/?p=281077"},"modified":"2025-11-25T10:22:40","modified_gmt":"2025-11-25T13:22:40","slug":"divulgado-calendario-do-ipva-2026-no-piaui-com-descontos-de-ate-15","status":"publish","type":"post","link":"https:\/\/noticiaempauta.com\/portal\/divulgado-calendario-do-ipva-2026-no-piaui-com-descontos-de-ate-15\/","title":{"rendered":"Divulgado calend\u00e1rio do IPVA 2026 no Piau\u00ed com descontos de at\u00e9 15%"},"content":{"rendered":"\n<p>O Governo do Piau\u00ed publicou nesta segunda-feira (24), no Di\u00e1rio Oficial do Estado, o calend\u00e1rio de pagamento do Imposto sobre a Propriedade de Ve\u00edculos Automotores (IPVA) referente ao ano de 2026. O documento traz as datas de vencimento, as regras de parcelamento e os descontos oferecidos para contribuintes que optarem pela quita\u00e7\u00e3o antecipada.<\/p>\n\n\n\n<figure class=\"wp-block-image size-large\"><img fetchpriority=\"high\" decoding=\"async\" width=\"1024\" height=\"768\" src=\"https:\/\/noticiaempauta.com\/portal\/wp-content\/uploads\/2023\/01\/37-modelos-de-carros-que-devem-ficar-isentos-de-ipva-em-2023-bbd77be2-a4a2-426b-a79c-f94e025d285f-1024x768.webp\" alt=\"\" class=\"wp-image-242871\" srcset=\"https:\/\/noticiaempauta.com\/portal\/wp-content\/uploads\/2023\/01\/37-modelos-de-carros-que-devem-ficar-isentos-de-ipva-em-2023-bbd77be2-a4a2-426b-a79c-f94e025d285f-1024x768.webp 1024w, https:\/\/noticiaempauta.com\/portal\/wp-content\/uploads\/2023\/01\/37-modelos-de-carros-que-devem-ficar-isentos-de-ipva-em-2023-bbd77be2-a4a2-426b-a79c-f94e025d285f-300x225.webp 300w, https:\/\/noticiaempauta.com\/portal\/wp-content\/uploads\/2023\/01\/37-modelos-de-carros-que-devem-ficar-isentos-de-ipva-em-2023-bbd77be2-a4a2-426b-a79c-f94e025d285f-768x576.webp 768w, https:\/\/noticiaempauta.com\/portal\/wp-content\/uploads\/2023\/01\/37-modelos-de-carros-que-devem-ficar-isentos-de-ipva-em-2023-bbd77be2-a4a2-426b-a79c-f94e025d285f.webp 1200w\" sizes=\"(max-width: 1024px) 100vw, 1024px\" \/><figcaption class=\"wp-element-caption\"><em>(Foto: Reprodu\u00e7\u00e3o)<\/em><\/figcaption><\/figure>\n\n\n\n<p>De acordo com a Unidade de Administra\u00e7\u00e3o Tribut\u00e1ria (Unatri), os motoristas poder\u00e3o pagar o imposto em&nbsp;<strong>cota \u00fanica com<\/strong>&nbsp;<strong>desconto de 15% at\u00e9 30 de janeiro de 2026.<\/strong>&nbsp;J\u00e1 quem optar por quitar o tributo at\u00e9&nbsp;<strong>27 de fevereiro de 2026 ter\u00e1 direito a redu\u00e7\u00e3o de 10%<\/strong>&nbsp;no valor total.<\/p>\n\n\n\n<p>Al\u00e9m da possibilidade de pagamento antecipado, o IPVA tamb\u00e9m poder\u00e1 ser parcelado em at\u00e9 tr\u00eas vezes, obedecendo ao seguinte cronograma:<\/p>\n\n\n\n<ul class=\"wp-block-list\">\n<li>30 de janeiro de 2026 \u2013 1\u00aa cota (para parcelamento) ou pagamento em cota \u00fanica com desconto de 15%;<\/li>\n\n\n\n<li>27 de fevereiro de 2026 \u2013 2\u00aa cota (para parcelamento) ou cota \u00fanica com desconto de 10%;<\/li>\n\n\n\n<li>31 de mar\u00e7o de 2026 \u2013 3\u00aa cota (\u00faltima parcela).<\/li>\n<\/ul>\n\n\n\n<h2 class=\"wp-block-heading\"><strong>Como pagar o IPVA<\/strong><\/h2>\n\n\n\n<p>O contribuinte deve emitir o Documento de Arrecada\u00e7\u00e3o (DAR) por meio dos portais oficiais da Secretaria de Estado da Fazenda (Sefaz-PI) e do Departamento Estadual de Tr\u00e2nsito (Detran-PI).<br>As guias est\u00e3o dispon\u00edveis nos endere\u00e7os:<\/p>\n\n\n\n<ul class=\"wp-block-list\">\n<li><strong>Portal da Sefaz:&nbsp;<a href=\"https:\/\/siatweb.sefaz.pi.gov.br\/arrecadacao-darweb\/emitir-dar-ipva\">siatweb.sefaz.pi.gov.br\/arrecadacao-darweb\/emitir-dar-ipva<\/a><\/strong><\/li>\n\n\n\n<li><strong>Portal do Detran:<\/strong>&nbsp;<strong><a href=\"https:\/\/portal.pi.gov.br\/detran\/\">portal.pi.gov.br\/detran<\/a><\/strong><\/li>\n<\/ul>\n\n\n\n<p>O pagamento pode ser realizado nas redes banc\u00e1rias credenciadas ou por meio dos canais digitais das institui\u00e7\u00f5es financeiras.<\/p>\n\n\n\n<h2 class=\"wp-block-heading\"><strong>Licenciamento anual<\/strong><\/h2>\n\n\n\n<p>O governo tamb\u00e9m divulgou o prazo para pagamento da taxa de licenciamento anual dos ve\u00edculos usados, que dever\u00e1 ser quitada at\u00e9 31 de mar\u00e7o de 2026. O licenciamento \u00e9 obrigat\u00f3rio para a emiss\u00e3o do novo Certificado de Registro e Licenciamento de Ve\u00edculo (CRLV) e para assegurar que o autom\u00f3vel est\u00e1 regularizado para circular.<\/p>\n\n\n\n<p>Fonte: Cidade Verde<\/p>\n","protected":false},"excerpt":{"rendered":"<p>O Governo do Piau\u00ed publicou nesta segunda-feira (24), no Di\u00e1rio Oficial do Estado, o calend\u00e1rio de pagamento do Imposto sobre a Propriedade de Ve\u00edculos Automotores (IPVA) referente ao ano de 2026. O documento traz as datas de vencimento, as regras de parcelamento e os descontos oferecidos para contribuintes que optarem pela quita\u00e7\u00e3o antecipada. De acordo [&hellip;]<\/p>\n","protected":false},"author":2,"featured_media":242871,"comment_status":"open","ping_status":"open","sticky":false,"template":"","format":"standard","meta":{"_mi_skip_tracking":false,"footnotes":""},"categories":[25,1,16],"tags":[],"class_list":["post-281077","post","type-post","status-publish","format-standard","has-post-thumbnail","hentry","category-destaques-site","category-geral","category-todas"],"acf":[],"yoast_head":"<!-- This site is optimized with the Yoast SEO Premium plugin v19.2 (Yoast SEO v26.9) - https:\/\/yoast.com\/product\/yoast-seo-premium-wordpress\/ -->\n<title>Divulgado calend\u00e1rio do IPVA 2026 no Piau\u00ed com descontos de at\u00e9 15% - Portal Not\u00edcia em Pauta<\/title>\n<meta name=\"robots\" content=\"index, follow, max-snippet:-1, max-image-preview:large, max-video-preview:-1\" \/>\n<link rel=\"canonical\" href=\"https:\/\/noticiaempauta.com\/portal\/divulgado-calendario-do-ipva-2026-no-piaui-com-descontos-de-ate-15\/\" \/>\n<meta property=\"og:locale\" content=\"pt_BR\" \/>\n<meta property=\"og:type\" content=\"article\" \/>\n<meta property=\"og:title\" content=\"Divulgado calend\u00e1rio do IPVA 2026 no Piau\u00ed com descontos de at\u00e9 15%\" \/>\n<meta property=\"og:description\" content=\"O Governo do Piau\u00ed publicou nesta segunda-feira (24), no Di\u00e1rio Oficial do Estado, o calend\u00e1rio de pagamento do Imposto sobre a Propriedade de Ve\u00edculos Automotores (IPVA) referente ao ano de 2026. O documento traz as datas de vencimento, as regras de parcelamento e os descontos oferecidos para contribuintes que optarem pela quita\u00e7\u00e3o antecipada. De acordo [&hellip;]\" \/>\n<meta property=\"og:url\" content=\"https:\/\/noticiaempauta.com\/portal\/divulgado-calendario-do-ipva-2026-no-piaui-com-descontos-de-ate-15\/\" \/>\n<meta property=\"og:site_name\" content=\"Portal Not\u00edcia em Pauta\" \/>\n<meta property=\"article:publisher\" content=\"https:\/\/www.facebook.com\/Portal-Notcia-Em-Pauta-102292869264820\/\" \/>\n<meta property=\"article:published_time\" content=\"2025-11-25T13:07:05+00:00\" \/>\n<meta property=\"article:modified_time\" content=\"2025-11-25T13:22:40+00:00\" \/>\n<meta property=\"og:image\" content=\"https:\/\/noticiaempauta.com\/portal\/wp-content\/uploads\/2023\/01\/37-modelos-de-carros-que-devem-ficar-isentos-de-ipva-em-2023-bbd77be2-a4a2-426b-a79c-f94e025d285f.webp\" \/>\n\t<meta property=\"og:image:width\" content=\"1200\" \/>\n\t<meta property=\"og:image:height\" content=\"900\" \/>\n\t<meta property=\"og:image:type\" content=\"image\/webp\" \/>\n<meta name=\"author\" content=\"Reda\u00e7\u00e3o\" \/>\n<meta name=\"twitter:card\" content=\"summary_large_image\" \/>\n<meta name=\"twitter:label1\" content=\"Escrito por\" \/>\n\t<meta name=\"twitter:data1\" content=\"Reda\u00e7\u00e3o\" \/>\n\t<meta name=\"twitter:label2\" content=\"Est. tempo de leitura\" \/>\n\t<meta name=\"twitter:data2\" content=\"3 minutos\" \/>\n<script type=\"application\/ld+json\" class=\"yoast-schema-graph\">{\"@context\":\"https:\/\/schema.org\",\"@graph\":[{\"@type\":\"Article\",\"@id\":\"https:\/\/noticiaempauta.com\/portal\/divulgado-calendario-do-ipva-2026-no-piaui-com-descontos-de-ate-15\/#article\",\"isPartOf\":{\"@id\":\"https:\/\/noticiaempauta.com\/portal\/divulgado-calendario-do-ipva-2026-no-piaui-com-descontos-de-ate-15\/\"},\"author\":{\"name\":\"Reda\u00e7\u00e3o\",\"@id\":\"https:\/\/noticiaempauta.com\/portal\/#\/schema\/person\/a74af43dd1ab3deca45f988c717d57ac\"},\"headline\":\"Divulgado calend\u00e1rio do IPVA 2026 no Piau\u00ed com descontos de at\u00e9 15%\",\"datePublished\":\"2025-11-25T13:07:05+00:00\",\"dateModified\":\"2025-11-25T13:22:40+00:00\",\"mainEntityOfPage\":{\"@id\":\"https:\/\/noticiaempauta.com\/portal\/divulgado-calendario-do-ipva-2026-no-piaui-com-descontos-de-ate-15\/\"},\"wordCount\":323,\"commentCount\":0,\"publisher\":{\"@id\":\"https:\/\/noticiaempauta.com\/portal\/#organization\"},\"image\":{\"@id\":\"https:\/\/noticiaempauta.com\/portal\/divulgado-calendario-do-ipva-2026-no-piaui-com-descontos-de-ate-15\/#primaryimage\"},\"thumbnailUrl\":\"https:\/\/noticiaempauta.com\/portal\/wp-content\/uploads\/2023\/01\/37-modelos-de-carros-que-devem-ficar-isentos-de-ipva-em-2023-bbd77be2-a4a2-426b-a79c-f94e025d285f.webp\",\"articleSection\":[\"Destaques\",\"Geral\",\"Todas as Not\u00edcias\"],\"inLanguage\":\"pt-BR\",\"potentialAction\":[{\"@type\":\"CommentAction\",\"name\":\"Comment\",\"target\":[\"https:\/\/noticiaempauta.com\/portal\/divulgado-calendario-do-ipva-2026-no-piaui-com-descontos-de-ate-15\/#respond\"]}]},{\"@type\":\"WebPage\",\"@id\":\"https:\/\/noticiaempauta.com\/portal\/divulgado-calendario-do-ipva-2026-no-piaui-com-descontos-de-ate-15\/\",\"url\":\"https:\/\/noticiaempauta.com\/portal\/divulgado-calendario-do-ipva-2026-no-piaui-com-descontos-de-ate-15\/\",\"name\":\"Divulgado calend\u00e1rio do IPVA 2026 no Piau\u00ed com descontos de at\u00e9 15% - Portal Not\u00edcia em Pauta\",\"isPartOf\":{\"@id\":\"https:\/\/noticiaempauta.com\/portal\/#website\"},\"primaryImageOfPage\":{\"@id\":\"https:\/\/noticiaempauta.com\/portal\/divulgado-calendario-do-ipva-2026-no-piaui-com-descontos-de-ate-15\/#primaryimage\"},\"image\":{\"@id\":\"https:\/\/noticiaempauta.com\/portal\/divulgado-calendario-do-ipva-2026-no-piaui-com-descontos-de-ate-15\/#primaryimage\"},\"thumbnailUrl\":\"https:\/\/noticiaempauta.com\/portal\/wp-content\/uploads\/2023\/01\/37-modelos-de-carros-que-devem-ficar-isentos-de-ipva-em-2023-bbd77be2-a4a2-426b-a79c-f94e025d285f.webp\",\"datePublished\":\"2025-11-25T13:07:05+00:00\",\"dateModified\":\"2025-11-25T13:22:40+00:00\",\"breadcrumb\":{\"@id\":\"https:\/\/noticiaempauta.com\/portal\/divulgado-calendario-do-ipva-2026-no-piaui-com-descontos-de-ate-15\/#breadcrumb\"},\"inLanguage\":\"pt-BR\",\"potentialAction\":[{\"@type\":\"ReadAction\",\"target\":[\"https:\/\/noticiaempauta.com\/portal\/divulgado-calendario-do-ipva-2026-no-piaui-com-descontos-de-ate-15\/\"]}]},{\"@type\":\"ImageObject\",\"inLanguage\":\"pt-BR\",\"@id\":\"https:\/\/noticiaempauta.com\/portal\/divulgado-calendario-do-ipva-2026-no-piaui-com-descontos-de-ate-15\/#primaryimage\",\"url\":\"https:\/\/noticiaempauta.com\/portal\/wp-content\/uploads\/2023\/01\/37-modelos-de-carros-que-devem-ficar-isentos-de-ipva-em-2023-bbd77be2-a4a2-426b-a79c-f94e025d285f.webp\",\"contentUrl\":\"https:\/\/noticiaempauta.com\/portal\/wp-content\/uploads\/2023\/01\/37-modelos-de-carros-que-devem-ficar-isentos-de-ipva-em-2023-bbd77be2-a4a2-426b-a79c-f94e025d285f.webp\",\"width\":1200,\"height\":900,\"caption\":\"Foto: Reprodu\u00e7\u00e3o\"},{\"@type\":\"BreadcrumbList\",\"@id\":\"https:\/\/noticiaempauta.com\/portal\/divulgado-calendario-do-ipva-2026-no-piaui-com-descontos-de-ate-15\/#breadcrumb\",\"itemListElement\":[{\"@type\":\"ListItem\",\"position\":1,\"name\":\"P\u00e1gina Inicial\",\"item\":\"https:\/\/noticiaempauta.com\/portal\/\"},{\"@type\":\"ListItem\",\"position\":2,\"name\":\"Geral\",\"item\":\"https:\/\/noticiaempauta.com\/portal\/geral\/\"},{\"@type\":\"ListItem\",\"position\":3,\"name\":\"Divulgado calend\u00e1rio do IPVA 2026 no Piau\u00ed com descontos de at\u00e9 15%\"}]},{\"@type\":\"WebSite\",\"@id\":\"https:\/\/noticiaempauta.com\/portal\/#website\",\"url\":\"https:\/\/noticiaempauta.com\/portal\/\",\"name\":\"Portal Not\u00edcia em Pauta\",\"description\":\"Voc\u00ea bem informado\",\"publisher\":{\"@id\":\"https:\/\/noticiaempauta.com\/portal\/#organization\"},\"potentialAction\":[{\"@type\":\"SearchAction\",\"target\":{\"@type\":\"EntryPoint\",\"urlTemplate\":\"https:\/\/noticiaempauta.com\/portal\/?s={search_term_string}\"},\"query-input\":{\"@type\":\"PropertyValueSpecification\",\"valueRequired\":true,\"valueName\":\"search_term_string\"}}],\"inLanguage\":\"pt-BR\"},{\"@type\":\"Organization\",\"@id\":\"https:\/\/noticiaempauta.com\/portal\/#organization\",\"name\":\"Portal Not\u00edcia em Pauta\",\"url\":\"https:\/\/noticiaempauta.com\/portal\/\",\"logo\":{\"@type\":\"ImageObject\",\"inLanguage\":\"pt-BR\",\"@id\":\"https:\/\/noticiaempauta.com\/portal\/#\/schema\/logo\/image\/\",\"url\":\"https:\/\/noticiaempauta.com\/portal\/wp-content\/uploads\/2022\/08\/logomarca_tema.fw_.png\",\"contentUrl\":\"https:\/\/noticiaempauta.com\/portal\/wp-content\/uploads\/2022\/08\/logomarca_tema.fw_.png\",\"width\":400,\"height\":232,\"caption\":\"Portal Not\u00edcia em Pauta\"},\"image\":{\"@id\":\"https:\/\/noticiaempauta.com\/portal\/#\/schema\/logo\/image\/\"},\"sameAs\":[\"https:\/\/www.facebook.com\/Portal-Notcia-Em-Pauta-102292869264820\/\",\"https:\/\/www.instagram.com\/portalnoticiaempauta\/\"]},{\"@type\":\"Person\",\"@id\":\"https:\/\/noticiaempauta.com\/portal\/#\/schema\/person\/a74af43dd1ab3deca45f988c717d57ac\",\"name\":\"Reda\u00e7\u00e3o\",\"image\":{\"@type\":\"ImageObject\",\"inLanguage\":\"pt-BR\",\"@id\":\"https:\/\/noticiaempauta.com\/portal\/#\/schema\/person\/image\/\",\"url\":\"https:\/\/secure.gravatar.com\/avatar\/03179346ecce6cdfc13361603e8f54242a90e5cde8618fa23c5c00aa2b0aadf3?s=96&d=mm&r=g\",\"contentUrl\":\"https:\/\/secure.gravatar.com\/avatar\/03179346ecce6cdfc13361603e8f54242a90e5cde8618fa23c5c00aa2b0aadf3?s=96&d=mm&r=g\",\"caption\":\"Reda\u00e7\u00e3o\"},\"sameAs\":[\"https:\/\/noticiaempauta.com\/portal\/\"],\"url\":\"https:\/\/noticiaempauta.com\/portal\/author\/fernando\/\"}]}<\/script>\n<!-- \/ Yoast SEO Premium plugin. -->","yoast_head_json":{"title":"Divulgado calend\u00e1rio do IPVA 2026 no Piau\u00ed com descontos de at\u00e9 15% - Portal Not\u00edcia em Pauta","robots":{"index":"index","follow":"follow","max-snippet":"max-snippet:-1","max-image-preview":"max-image-preview:large","max-video-preview":"max-video-preview:-1"},"canonical":"https:\/\/noticiaempauta.com\/portal\/divulgado-calendario-do-ipva-2026-no-piaui-com-descontos-de-ate-15\/","og_locale":"pt_BR","og_type":"article","og_title":"Divulgado calend\u00e1rio do IPVA 2026 no Piau\u00ed com descontos de at\u00e9 15%","og_description":"O Governo do Piau\u00ed publicou nesta segunda-feira (24), no Di\u00e1rio Oficial do Estado, o calend\u00e1rio de pagamento do Imposto sobre a Propriedade de Ve\u00edculos Automotores (IPVA) referente ao ano de 2026. O documento traz as datas de vencimento, as regras de parcelamento e os descontos oferecidos para contribuintes que optarem pela quita\u00e7\u00e3o antecipada. De acordo [&hellip;]","og_url":"https:\/\/noticiaempauta.com\/portal\/divulgado-calendario-do-ipva-2026-no-piaui-com-descontos-de-ate-15\/","og_site_name":"Portal Not\u00edcia em Pauta","article_publisher":"https:\/\/www.facebook.com\/Portal-Notcia-Em-Pauta-102292869264820\/","article_published_time":"2025-11-25T13:07:05+00:00","article_modified_time":"2025-11-25T13:22:40+00:00","og_image":[{"width":1200,"height":900,"url":"https:\/\/noticiaempauta.com\/portal\/wp-content\/uploads\/2023\/01\/37-modelos-de-carros-que-devem-ficar-isentos-de-ipva-em-2023-bbd77be2-a4a2-426b-a79c-f94e025d285f.webp","type":"image\/webp"}],"author":"Reda\u00e7\u00e3o","twitter_card":"summary_large_image","twitter_misc":{"Escrito por":"Reda\u00e7\u00e3o","Est. tempo de leitura":"3 minutos"},"schema":{"@context":"https:\/\/schema.org","@graph":[{"@type":"Article","@id":"https:\/\/noticiaempauta.com\/portal\/divulgado-calendario-do-ipva-2026-no-piaui-com-descontos-de-ate-15\/#article","isPartOf":{"@id":"https:\/\/noticiaempauta.com\/portal\/divulgado-calendario-do-ipva-2026-no-piaui-com-descontos-de-ate-15\/"},"author":{"name":"Reda\u00e7\u00e3o","@id":"https:\/\/noticiaempauta.com\/portal\/#\/schema\/person\/a74af43dd1ab3deca45f988c717d57ac"},"headline":"Divulgado calend\u00e1rio do IPVA 2026 no Piau\u00ed com descontos de at\u00e9 15%","datePublished":"2025-11-25T13:07:05+00:00","dateModified":"2025-11-25T13:22:40+00:00","mainEntityOfPage":{"@id":"https:\/\/noticiaempauta.com\/portal\/divulgado-calendario-do-ipva-2026-no-piaui-com-descontos-de-ate-15\/"},"wordCount":323,"commentCount":0,"publisher":{"@id":"https:\/\/noticiaempauta.com\/portal\/#organization"},"image":{"@id":"https:\/\/noticiaempauta.com\/portal\/divulgado-calendario-do-ipva-2026-no-piaui-com-descontos-de-ate-15\/#primaryimage"},"thumbnailUrl":"https:\/\/noticiaempauta.com\/portal\/wp-content\/uploads\/2023\/01\/37-modelos-de-carros-que-devem-ficar-isentos-de-ipva-em-2023-bbd77be2-a4a2-426b-a79c-f94e025d285f.webp","articleSection":["Destaques","Geral","Todas as Not\u00edcias"],"inLanguage":"pt-BR","potentialAction":[{"@type":"CommentAction","name":"Comment","target":["https:\/\/noticiaempauta.com\/portal\/divulgado-calendario-do-ipva-2026-no-piaui-com-descontos-de-ate-15\/#respond"]}]},{"@type":"WebPage","@id":"https:\/\/noticiaempauta.com\/portal\/divulgado-calendario-do-ipva-2026-no-piaui-com-descontos-de-ate-15\/","url":"https:\/\/noticiaempauta.com\/portal\/divulgado-calendario-do-ipva-2026-no-piaui-com-descontos-de-ate-15\/","name":"Divulgado calend\u00e1rio do IPVA 2026 no Piau\u00ed com descontos de at\u00e9 15% - Portal Not\u00edcia em Pauta","isPartOf":{"@id":"https:\/\/noticiaempauta.com\/portal\/#website"},"primaryImageOfPage":{"@id":"https:\/\/noticiaempauta.com\/portal\/divulgado-calendario-do-ipva-2026-no-piaui-com-descontos-de-ate-15\/#primaryimage"},"image":{"@id":"https:\/\/noticiaempauta.com\/portal\/divulgado-calendario-do-ipva-2026-no-piaui-com-descontos-de-ate-15\/#primaryimage"},"thumbnailUrl":"https:\/\/noticiaempauta.com\/portal\/wp-content\/uploads\/2023\/01\/37-modelos-de-carros-que-devem-ficar-isentos-de-ipva-em-2023-bbd77be2-a4a2-426b-a79c-f94e025d285f.webp","datePublished":"2025-11-25T13:07:05+00:00","dateModified":"2025-11-25T13:22:40+00:00","breadcrumb":{"@id":"https:\/\/noticiaempauta.com\/portal\/divulgado-calendario-do-ipva-2026-no-piaui-com-descontos-de-ate-15\/#breadcrumb"},"inLanguage":"pt-BR","potentialAction":[{"@type":"ReadAction","target":["https:\/\/noticiaempauta.com\/portal\/divulgado-calendario-do-ipva-2026-no-piaui-com-descontos-de-ate-15\/"]}]},{"@type":"ImageObject","inLanguage":"pt-BR","@id":"https:\/\/noticiaempauta.com\/portal\/divulgado-calendario-do-ipva-2026-no-piaui-com-descontos-de-ate-15\/#primaryimage","url":"https:\/\/noticiaempauta.com\/portal\/wp-content\/uploads\/2023\/01\/37-modelos-de-carros-que-devem-ficar-isentos-de-ipva-em-2023-bbd77be2-a4a2-426b-a79c-f94e025d285f.webp","contentUrl":"https:\/\/noticiaempauta.com\/portal\/wp-content\/uploads\/2023\/01\/37-modelos-de-carros-que-devem-ficar-isentos-de-ipva-em-2023-bbd77be2-a4a2-426b-a79c-f94e025d285f.webp","width":1200,"height":900,"caption":"Foto: Reprodu\u00e7\u00e3o"},{"@type":"BreadcrumbList","@id":"https:\/\/noticiaempauta.com\/portal\/divulgado-calendario-do-ipva-2026-no-piaui-com-descontos-de-ate-15\/#breadcrumb","itemListElement":[{"@type":"ListItem","position":1,"name":"P\u00e1gina Inicial","item":"https:\/\/noticiaempauta.com\/portal\/"},{"@type":"ListItem","position":2,"name":"Geral","item":"https:\/\/noticiaempauta.com\/portal\/geral\/"},{"@type":"ListItem","position":3,"name":"Divulgado calend\u00e1rio do IPVA 2026 no Piau\u00ed com descontos de at\u00e9 15%"}]},{"@type":"WebSite","@id":"https:\/\/noticiaempauta.com\/portal\/#website","url":"https:\/\/noticiaempauta.com\/portal\/","name":"Portal Not\u00edcia em Pauta","description":"Voc\u00ea bem informado","publisher":{"@id":"https:\/\/noticiaempauta.com\/portal\/#organization"},"potentialAction":[{"@type":"SearchAction","target":{"@type":"EntryPoint","urlTemplate":"https:\/\/noticiaempauta.com\/portal\/?s={search_term_string}"},"query-input":{"@type":"PropertyValueSpecification","valueRequired":true,"valueName":"search_term_string"}}],"inLanguage":"pt-BR"},{"@type":"Organization","@id":"https:\/\/noticiaempauta.com\/portal\/#organization","name":"Portal Not\u00edcia em Pauta","url":"https:\/\/noticiaempauta.com\/portal\/","logo":{"@type":"ImageObject","inLanguage":"pt-BR","@id":"https:\/\/noticiaempauta.com\/portal\/#\/schema\/logo\/image\/","url":"https:\/\/noticiaempauta.com\/portal\/wp-content\/uploads\/2022\/08\/logomarca_tema.fw_.png","contentUrl":"https:\/\/noticiaempauta.com\/portal\/wp-content\/uploads\/2022\/08\/logomarca_tema.fw_.png","width":400,"height":232,"caption":"Portal Not\u00edcia em Pauta"},"image":{"@id":"https:\/\/noticiaempauta.com\/portal\/#\/schema\/logo\/image\/"},"sameAs":["https:\/\/www.facebook.com\/Portal-Notcia-Em-Pauta-102292869264820\/","https:\/\/www.instagram.com\/portalnoticiaempauta\/"]},{"@type":"Person","@id":"https:\/\/noticiaempauta.com\/portal\/#\/schema\/person\/a74af43dd1ab3deca45f988c717d57ac","name":"Reda\u00e7\u00e3o","image":{"@type":"ImageObject","inLanguage":"pt-BR","@id":"https:\/\/noticiaempauta.com\/portal\/#\/schema\/person\/image\/","url":"https:\/\/secure.gravatar.com\/avatar\/03179346ecce6cdfc13361603e8f54242a90e5cde8618fa23c5c00aa2b0aadf3?s=96&d=mm&r=g","contentUrl":"https:\/\/secure.gravatar.com\/avatar\/03179346ecce6cdfc13361603e8f54242a90e5cde8618fa23c5c00aa2b0aadf3?s=96&d=mm&r=g","caption":"Reda\u00e7\u00e3o"},"sameAs":["https:\/\/noticiaempauta.com\/portal\/"],"url":"https:\/\/noticiaempauta.com\/portal\/author\/fernando\/"}]}},"_links":{"self":[{"href":"https:\/\/noticiaempauta.com\/portal\/wp-json\/wp\/v2\/posts\/281077","targetHints":{"allow":["GET"]}}],"collection":[{"href":"https:\/\/noticiaempauta.com\/portal\/wp-json\/wp\/v2\/posts"}],"about":[{"href":"https:\/\/noticiaempauta.com\/portal\/wp-json\/wp\/v2\/types\/post"}],"author":[{"embeddable":true,"href":"https:\/\/noticiaempauta.com\/portal\/wp-json\/wp\/v2\/users\/2"}],"replies":[{"embeddable":true,"href":"https:\/\/noticiaempauta.com\/portal\/wp-json\/wp\/v2\/comments?post=281077"}],"version-history":[{"count":3,"href":"https:\/\/noticiaempauta.com\/portal\/wp-json\/wp\/v2\/posts\/281077\/revisions"}],"predecessor-version":[{"id":281082,"href":"https:\/\/noticiaempauta.com\/portal\/wp-json\/wp\/v2\/posts\/281077\/revisions\/281082"}],"wp:featuredmedia":[{"embeddable":true,"href":"https:\/\/noticiaempauta.com\/portal\/wp-json\/wp\/v2\/media\/242871"}],"wp:attachment":[{"href":"https:\/\/noticiaempauta.com\/portal\/wp-json\/wp\/v2\/media?parent=281077"}],"wp:term":[{"taxonomy":"category","embeddable":true,"href":"https:\/\/noticiaempauta.com\/portal\/wp-json\/wp\/v2\/categories?post=281077"},{"taxonomy":"post_tag","embeddable":true,"href":"https:\/\/noticiaempauta.com\/portal\/wp-json\/wp\/v2\/tags?post=281077"}],"curies":[{"name":"wp","href":"https:\/\/api.w.org\/{rel}","templated":true}]}}