{"id":281088,"date":"2025-11-25T10:45:04","date_gmt":"2025-11-25T13:45:04","guid":{"rendered":"https:\/\/noticiaempauta.com\/portal\/?p=281088"},"modified":"2025-11-25T10:45:05","modified_gmt":"2025-11-25T13:45:05","slug":"professores-de-aee-e-do-ensino-regular-participam-de-formacao-de-educacao-inclusiva-em-picos","status":"publish","type":"post","link":"https:\/\/noticiaempauta.com\/portal\/professores-de-aee-e-do-ensino-regular-participam-de-formacao-de-educacao-inclusiva-em-picos\/","title":{"rendered":"Professores de AEE e do ensino regular participam de forma\u00e7\u00e3o de educa\u00e7\u00e3o inclusiva em Picos"},"content":{"rendered":"\n<p>No \u00faltimo final de semana, professores da rede municipal de Picos participaram de uma forma\u00e7\u00e3o de educa\u00e7\u00e3o inclusiva com o objetivo de integrar a inclus\u00e3o em todos os setores escolares. A proposta vem alinhada com o sistema IPAAGS, que trabalha o desenvolvimento de alunos que necessitam de Atendimento Educacional Especializado \u2013 AEE.<\/p>\n\n\n\n<figure class=\"wp-block-image size-full\"><img fetchpriority=\"high\" decoding=\"async\" width=\"800\" height=\"450\" src=\"https:\/\/noticiaempauta.com\/portal\/wp-content\/uploads\/2025\/11\/bc087b90-5728-442e-a24b-434ce3d3687d.jpeg\" alt=\"\" class=\"wp-image-281094\" srcset=\"https:\/\/noticiaempauta.com\/portal\/wp-content\/uploads\/2025\/11\/bc087b90-5728-442e-a24b-434ce3d3687d.jpeg 800w, https:\/\/noticiaempauta.com\/portal\/wp-content\/uploads\/2025\/11\/bc087b90-5728-442e-a24b-434ce3d3687d-300x169.jpeg 300w, https:\/\/noticiaempauta.com\/portal\/wp-content\/uploads\/2025\/11\/bc087b90-5728-442e-a24b-434ce3d3687d-768x432.jpeg 768w\" sizes=\"(max-width: 800px) 100vw, 800px\" \/><\/figure>\n\n\n\n<p>Segundo a secret\u00e1ria de Educa\u00e7\u00e3o de Picos, Mary Dantas, o Plano de Atendimento Educacional Especializado \u2013 PAEE \u2013 vem para aprimorar o aprendizado dos alunos que necessitam de um olhar mais sens\u00edvel.<\/p>\n\n\n\n<figure class=\"wp-block-image size-full\"><img decoding=\"async\" width=\"800\" height=\"450\" src=\"https:\/\/noticiaempauta.com\/portal\/wp-content\/uploads\/2025\/11\/IMG_0828-2048x1152-1.jpeg\" alt=\"\" class=\"wp-image-281093\" srcset=\"https:\/\/noticiaempauta.com\/portal\/wp-content\/uploads\/2025\/11\/IMG_0828-2048x1152-1.jpeg 800w, https:\/\/noticiaempauta.com\/portal\/wp-content\/uploads\/2025\/11\/IMG_0828-2048x1152-1-300x169.jpeg 300w, https:\/\/noticiaempauta.com\/portal\/wp-content\/uploads\/2025\/11\/IMG_0828-2048x1152-1-768x432.jpeg 768w\" sizes=\"(max-width: 800px) 100vw, 800px\" \/><\/figure>\n\n\n\n<p>\u201cO plano vai possibilitar aos nossos professores que eles utilizem interven\u00e7\u00f5es espec\u00edficas para cada aluno. Ou seja, se o aluno possui algum d\u00e9ficit de aprendizagem, o plano vai proporcionar abordagens espec\u00edficas que auxiliar\u00e3o no desenvolvimento da aprendizagem desse aluno\u201d, afirmou.<\/p>\n\n\n\n<p>F\u00e1tima Sobrinho, psicopedagoga e representante do sistema IPAAGS, falou sobre como funcionar\u00e1 o projeto dentro das escolas.<\/p>\n\n\n\n<figure class=\"wp-block-image size-full\"><img decoding=\"async\" width=\"800\" height=\"450\" src=\"https:\/\/noticiaempauta.com\/portal\/wp-content\/uploads\/2025\/11\/IMG_0822-2048x1152-1.jpeg\" alt=\"\" class=\"wp-image-281092\" srcset=\"https:\/\/noticiaempauta.com\/portal\/wp-content\/uploads\/2025\/11\/IMG_0822-2048x1152-1.jpeg 800w, https:\/\/noticiaempauta.com\/portal\/wp-content\/uploads\/2025\/11\/IMG_0822-2048x1152-1-300x169.jpeg 300w, https:\/\/noticiaempauta.com\/portal\/wp-content\/uploads\/2025\/11\/IMG_0822-2048x1152-1-768x432.jpeg 768w\" sizes=\"(max-width: 800px) 100vw, 800px\" \/><\/figure>\n\n\n\n<p>\u201cEstamos com todos os alunos cadastrados no sistema PAEE, e isso vai possibilitar ao professor uma avalia\u00e7\u00e3o individual de cada estudante. O professor clica no nome do aluno e sai uma sugest\u00e3o de atividades a serem desenvolvidas pelas crian\u00e7as. O PAEE \u00e9 avaliado constantemente. Se o aluno n\u00e3o avan\u00e7a em suas habilidades, o programa \u00e9 reorganizado at\u00e9 que ele atinja habilidades, como por exemplo a leitura. A meta \u00e9 atingir 100% dos objetivos de cada aluno\u201d, disse.<\/p>\n\n\n\n<figure class=\"wp-block-image size-full\"><img loading=\"lazy\" decoding=\"async\" width=\"800\" height=\"450\" src=\"https:\/\/noticiaempauta.com\/portal\/wp-content\/uploads\/2025\/11\/IMG_0834-1536x864-1.jpeg\" alt=\"\" class=\"wp-image-281091\" srcset=\"https:\/\/noticiaempauta.com\/portal\/wp-content\/uploads\/2025\/11\/IMG_0834-1536x864-1.jpeg 800w, https:\/\/noticiaempauta.com\/portal\/wp-content\/uploads\/2025\/11\/IMG_0834-1536x864-1-300x169.jpeg 300w, https:\/\/noticiaempauta.com\/portal\/wp-content\/uploads\/2025\/11\/IMG_0834-1536x864-1-768x432.jpeg 768w\" sizes=\"(max-width: 800px) 100vw, 800px\" \/><\/figure>\n\n\n\n<p>Ela destacou ainda que quando se fala de inclus\u00e3o dentro das escolas ela come\u00e7a do zelador\/porteiro at\u00e9 o diretor, passando por todas as esferas. \u201c\u00c9 preciso que todos estejam comprometidos em desenvolver as habilidades de cada estudante\u201d.<\/p>\n\n\n\n<figure class=\"wp-block-image size-full\"><img loading=\"lazy\" decoding=\"async\" width=\"800\" height=\"450\" src=\"https:\/\/noticiaempauta.com\/portal\/wp-content\/uploads\/2025\/11\/IMG_0817-1536x864-1.jpeg\" alt=\"\" class=\"wp-image-281090\" srcset=\"https:\/\/noticiaempauta.com\/portal\/wp-content\/uploads\/2025\/11\/IMG_0817-1536x864-1.jpeg 800w, https:\/\/noticiaempauta.com\/portal\/wp-content\/uploads\/2025\/11\/IMG_0817-1536x864-1-300x169.jpeg 300w, https:\/\/noticiaempauta.com\/portal\/wp-content\/uploads\/2025\/11\/IMG_0817-1536x864-1-768x432.jpeg 768w\" sizes=\"(max-width: 800px) 100vw, 800px\" \/><\/figure>\n\n\n\n<p>\u201cO professor de uma sala de AEE n\u00e3o tem como trabalhar a inclus\u00e3o sozinho. Ele precisa do apoio de todos os profissionais dentro da escola para que a educa\u00e7\u00e3o inclusiva seja efetivada. Todos precisam contribuir para o processo de inclus\u00e3o. Cada um tem seu papel, mas \u00e9 preciso que um ajude ao outro\u201d, destacou Rafaela \u00cdris, psic\u00f3loga e professora de AEE.<\/p>\n\n\n\n<p>Joselma Gomes, coordenadora de Educa\u00e7\u00e3o Inclusiva falou da import\u00e2ncia do momento para a rede municipal de Picos.<\/p>\n\n\n\n<figure class=\"wp-block-image size-full\"><img loading=\"lazy\" decoding=\"async\" width=\"800\" height=\"450\" src=\"https:\/\/noticiaempauta.com\/portal\/wp-content\/uploads\/2025\/11\/IMG_0831-1536x864-1.jpeg\" alt=\"\" class=\"wp-image-281089\" srcset=\"https:\/\/noticiaempauta.com\/portal\/wp-content\/uploads\/2025\/11\/IMG_0831-1536x864-1.jpeg 800w, https:\/\/noticiaempauta.com\/portal\/wp-content\/uploads\/2025\/11\/IMG_0831-1536x864-1-300x169.jpeg 300w, https:\/\/noticiaempauta.com\/portal\/wp-content\/uploads\/2025\/11\/IMG_0831-1536x864-1-768x432.jpeg 768w\" sizes=\"(max-width: 800px) 100vw, 800px\" \/><\/figure>\n\n\n\n<p>\u201cQual a import\u00e2ncia desse momento? Entender qual \u00e9 o papel da escola na inclus\u00e3o escolar. Esse momento \u00e9 para sensibilizar, para fortalecer a rede de ensino na import\u00e2ncia de acolher, de adaptar atividades e quebrar as barreiras do preconceito e focar nas habilidades do aluno, e n\u00e3o nas defici\u00eancias\u201d, frisou.<\/p>\n\n\n\n<p>SECOM<a href=\"https:\/\/www2.picos.pi.gov.br\/wp-content\/uploads\/2025\/11\/IMG_0828-scaled.jpeg\"><\/a><\/p>\n","protected":false},"excerpt":{"rendered":"<p>No \u00faltimo final de semana, professores da rede municipal de Picos participaram de uma forma\u00e7\u00e3o de educa\u00e7\u00e3o inclusiva com o objetivo de integrar a inclus\u00e3o em todos os setores escolares. A proposta vem alinhada com o sistema IPAAGS, que trabalha o desenvolvimento de alunos que necessitam de Atendimento Educacional Especializado \u2013 AEE. Segundo a secret\u00e1ria [&hellip;]<\/p>\n","protected":false},"author":2,"featured_media":281094,"comment_status":"open","ping_status":"open","sticky":false,"template":"","format":"standard","meta":{"_mi_skip_tracking":false,"footnotes":""},"categories":[25,1,16],"tags":[],"class_list":["post-281088","post","type-post","status-publish","format-standard","has-post-thumbnail","hentry","category-destaques-site","category-geral","category-todas"],"acf":[],"yoast_head":"<!-- This site is optimized with the Yoast SEO Premium plugin v19.2 (Yoast SEO v26.9) - https:\/\/yoast.com\/product\/yoast-seo-premium-wordpress\/ -->\n<title>Professores de AEE e do ensino regular participam de forma\u00e7\u00e3o de educa\u00e7\u00e3o inclusiva em Picos - Portal Not\u00edcia em Pauta<\/title>\n<meta name=\"robots\" content=\"index, follow, max-snippet:-1, max-image-preview:large, max-video-preview:-1\" \/>\n<link rel=\"canonical\" href=\"https:\/\/noticiaempauta.com\/portal\/professores-de-aee-e-do-ensino-regular-participam-de-formacao-de-educacao-inclusiva-em-picos\/\" \/>\n<meta property=\"og:locale\" content=\"pt_BR\" \/>\n<meta property=\"og:type\" content=\"article\" \/>\n<meta property=\"og:title\" content=\"Professores de AEE e do ensino regular participam de forma\u00e7\u00e3o de educa\u00e7\u00e3o inclusiva em Picos\" \/>\n<meta property=\"og:description\" content=\"No \u00faltimo final de semana, professores da rede municipal de Picos participaram de uma forma\u00e7\u00e3o de educa\u00e7\u00e3o inclusiva com o objetivo de integrar a inclus\u00e3o em todos os setores escolares. A proposta vem alinhada com o sistema IPAAGS, que trabalha o desenvolvimento de alunos que necessitam de Atendimento Educacional Especializado \u2013 AEE. Segundo a secret\u00e1ria [&hellip;]\" \/>\n<meta property=\"og:url\" content=\"https:\/\/noticiaempauta.com\/portal\/professores-de-aee-e-do-ensino-regular-participam-de-formacao-de-educacao-inclusiva-em-picos\/\" \/>\n<meta property=\"og:site_name\" content=\"Portal Not\u00edcia em Pauta\" \/>\n<meta property=\"article:publisher\" content=\"https:\/\/www.facebook.com\/Portal-Notcia-Em-Pauta-102292869264820\/\" \/>\n<meta property=\"article:published_time\" content=\"2025-11-25T13:45:04+00:00\" \/>\n<meta property=\"article:modified_time\" content=\"2025-11-25T13:45:05+00:00\" \/>\n<meta property=\"og:image\" content=\"https:\/\/noticiaempauta.com\/portal\/wp-content\/uploads\/2025\/11\/bc087b90-5728-442e-a24b-434ce3d3687d.jpeg\" \/>\n\t<meta property=\"og:image:width\" content=\"800\" \/>\n\t<meta property=\"og:image:height\" content=\"450\" \/>\n\t<meta property=\"og:image:type\" content=\"image\/jpeg\" \/>\n<meta name=\"author\" content=\"Reda\u00e7\u00e3o\" \/>\n<meta name=\"twitter:card\" content=\"summary_large_image\" \/>\n<meta name=\"twitter:label1\" content=\"Escrito por\" \/>\n\t<meta name=\"twitter:data1\" content=\"Reda\u00e7\u00e3o\" \/>\n\t<meta name=\"twitter:label2\" content=\"Est. tempo de leitura\" \/>\n\t<meta name=\"twitter:data2\" content=\"4 minutos\" \/>\n<script type=\"application\/ld+json\" class=\"yoast-schema-graph\">{\"@context\":\"https:\/\/schema.org\",\"@graph\":[{\"@type\":\"Article\",\"@id\":\"https:\/\/noticiaempauta.com\/portal\/professores-de-aee-e-do-ensino-regular-participam-de-formacao-de-educacao-inclusiva-em-picos\/#article\",\"isPartOf\":{\"@id\":\"https:\/\/noticiaempauta.com\/portal\/professores-de-aee-e-do-ensino-regular-participam-de-formacao-de-educacao-inclusiva-em-picos\/\"},\"author\":{\"name\":\"Reda\u00e7\u00e3o\",\"@id\":\"https:\/\/noticiaempauta.com\/portal\/#\/schema\/person\/a74af43dd1ab3deca45f988c717d57ac\"},\"headline\":\"Professores de AEE e do ensino regular participam de forma\u00e7\u00e3o de educa\u00e7\u00e3o inclusiva em Picos\",\"datePublished\":\"2025-11-25T13:45:04+00:00\",\"dateModified\":\"2025-11-25T13:45:05+00:00\",\"mainEntityOfPage\":{\"@id\":\"https:\/\/noticiaempauta.com\/portal\/professores-de-aee-e-do-ensino-regular-participam-de-formacao-de-educacao-inclusiva-em-picos\/\"},\"wordCount\":422,\"commentCount\":0,\"publisher\":{\"@id\":\"https:\/\/noticiaempauta.com\/portal\/#organization\"},\"image\":{\"@id\":\"https:\/\/noticiaempauta.com\/portal\/professores-de-aee-e-do-ensino-regular-participam-de-formacao-de-educacao-inclusiva-em-picos\/#primaryimage\"},\"thumbnailUrl\":\"https:\/\/noticiaempauta.com\/portal\/wp-content\/uploads\/2025\/11\/bc087b90-5728-442e-a24b-434ce3d3687d.jpeg\",\"articleSection\":[\"Destaques\",\"Geral\",\"Todas as Not\u00edcias\"],\"inLanguage\":\"pt-BR\",\"potentialAction\":[{\"@type\":\"CommentAction\",\"name\":\"Comment\",\"target\":[\"https:\/\/noticiaempauta.com\/portal\/professores-de-aee-e-do-ensino-regular-participam-de-formacao-de-educacao-inclusiva-em-picos\/#respond\"]}]},{\"@type\":\"WebPage\",\"@id\":\"https:\/\/noticiaempauta.com\/portal\/professores-de-aee-e-do-ensino-regular-participam-de-formacao-de-educacao-inclusiva-em-picos\/\",\"url\":\"https:\/\/noticiaempauta.com\/portal\/professores-de-aee-e-do-ensino-regular-participam-de-formacao-de-educacao-inclusiva-em-picos\/\",\"name\":\"Professores de AEE e do ensino regular participam de forma\u00e7\u00e3o de educa\u00e7\u00e3o inclusiva em Picos - Portal Not\u00edcia em Pauta\",\"isPartOf\":{\"@id\":\"https:\/\/noticiaempauta.com\/portal\/#website\"},\"primaryImageOfPage\":{\"@id\":\"https:\/\/noticiaempauta.com\/portal\/professores-de-aee-e-do-ensino-regular-participam-de-formacao-de-educacao-inclusiva-em-picos\/#primaryimage\"},\"image\":{\"@id\":\"https:\/\/noticiaempauta.com\/portal\/professores-de-aee-e-do-ensino-regular-participam-de-formacao-de-educacao-inclusiva-em-picos\/#primaryimage\"},\"thumbnailUrl\":\"https:\/\/noticiaempauta.com\/portal\/wp-content\/uploads\/2025\/11\/bc087b90-5728-442e-a24b-434ce3d3687d.jpeg\",\"datePublished\":\"2025-11-25T13:45:04+00:00\",\"dateModified\":\"2025-11-25T13:45:05+00:00\",\"breadcrumb\":{\"@id\":\"https:\/\/noticiaempauta.com\/portal\/professores-de-aee-e-do-ensino-regular-participam-de-formacao-de-educacao-inclusiva-em-picos\/#breadcrumb\"},\"inLanguage\":\"pt-BR\",\"potentialAction\":[{\"@type\":\"ReadAction\",\"target\":[\"https:\/\/noticiaempauta.com\/portal\/professores-de-aee-e-do-ensino-regular-participam-de-formacao-de-educacao-inclusiva-em-picos\/\"]}]},{\"@type\":\"ImageObject\",\"inLanguage\":\"pt-BR\",\"@id\":\"https:\/\/noticiaempauta.com\/portal\/professores-de-aee-e-do-ensino-regular-participam-de-formacao-de-educacao-inclusiva-em-picos\/#primaryimage\",\"url\":\"https:\/\/noticiaempauta.com\/portal\/wp-content\/uploads\/2025\/11\/bc087b90-5728-442e-a24b-434ce3d3687d.jpeg\",\"contentUrl\":\"https:\/\/noticiaempauta.com\/portal\/wp-content\/uploads\/2025\/11\/bc087b90-5728-442e-a24b-434ce3d3687d.jpeg\",\"width\":800,\"height\":450},{\"@type\":\"BreadcrumbList\",\"@id\":\"https:\/\/noticiaempauta.com\/portal\/professores-de-aee-e-do-ensino-regular-participam-de-formacao-de-educacao-inclusiva-em-picos\/#breadcrumb\",\"itemListElement\":[{\"@type\":\"ListItem\",\"position\":1,\"name\":\"P\u00e1gina Inicial\",\"item\":\"https:\/\/noticiaempauta.com\/portal\/\"},{\"@type\":\"ListItem\",\"position\":2,\"name\":\"Destaques\",\"item\":\"https:\/\/noticiaempauta.com\/portal\/destaques-site\/\"},{\"@type\":\"ListItem\",\"position\":3,\"name\":\"Professores de AEE e do ensino regular participam de forma\u00e7\u00e3o de educa\u00e7\u00e3o inclusiva em Picos\"}]},{\"@type\":\"WebSite\",\"@id\":\"https:\/\/noticiaempauta.com\/portal\/#website\",\"url\":\"https:\/\/noticiaempauta.com\/portal\/\",\"name\":\"Portal Not\u00edcia em Pauta\",\"description\":\"Voc\u00ea bem informado\",\"publisher\":{\"@id\":\"https:\/\/noticiaempauta.com\/portal\/#organization\"},\"potentialAction\":[{\"@type\":\"SearchAction\",\"target\":{\"@type\":\"EntryPoint\",\"urlTemplate\":\"https:\/\/noticiaempauta.com\/portal\/?s={search_term_string}\"},\"query-input\":{\"@type\":\"PropertyValueSpecification\",\"valueRequired\":true,\"valueName\":\"search_term_string\"}}],\"inLanguage\":\"pt-BR\"},{\"@type\":\"Organization\",\"@id\":\"https:\/\/noticiaempauta.com\/portal\/#organization\",\"name\":\"Portal Not\u00edcia em Pauta\",\"url\":\"https:\/\/noticiaempauta.com\/portal\/\",\"logo\":{\"@type\":\"ImageObject\",\"inLanguage\":\"pt-BR\",\"@id\":\"https:\/\/noticiaempauta.com\/portal\/#\/schema\/logo\/image\/\",\"url\":\"https:\/\/noticiaempauta.com\/portal\/wp-content\/uploads\/2022\/08\/logomarca_tema.fw_.png\",\"contentUrl\":\"https:\/\/noticiaempauta.com\/portal\/wp-content\/uploads\/2022\/08\/logomarca_tema.fw_.png\",\"width\":400,\"height\":232,\"caption\":\"Portal Not\u00edcia em Pauta\"},\"image\":{\"@id\":\"https:\/\/noticiaempauta.com\/portal\/#\/schema\/logo\/image\/\"},\"sameAs\":[\"https:\/\/www.facebook.com\/Portal-Notcia-Em-Pauta-102292869264820\/\",\"https:\/\/www.instagram.com\/portalnoticiaempauta\/\"]},{\"@type\":\"Person\",\"@id\":\"https:\/\/noticiaempauta.com\/portal\/#\/schema\/person\/a74af43dd1ab3deca45f988c717d57ac\",\"name\":\"Reda\u00e7\u00e3o\",\"image\":{\"@type\":\"ImageObject\",\"inLanguage\":\"pt-BR\",\"@id\":\"https:\/\/noticiaempauta.com\/portal\/#\/schema\/person\/image\/\",\"url\":\"https:\/\/secure.gravatar.com\/avatar\/03179346ecce6cdfc13361603e8f54242a90e5cde8618fa23c5c00aa2b0aadf3?s=96&d=mm&r=g\",\"contentUrl\":\"https:\/\/secure.gravatar.com\/avatar\/03179346ecce6cdfc13361603e8f54242a90e5cde8618fa23c5c00aa2b0aadf3?s=96&d=mm&r=g\",\"caption\":\"Reda\u00e7\u00e3o\"},\"sameAs\":[\"https:\/\/noticiaempauta.com\/portal\/\"],\"url\":\"https:\/\/noticiaempauta.com\/portal\/author\/fernando\/\"}]}<\/script>\n<!-- \/ Yoast SEO Premium plugin. -->","yoast_head_json":{"title":"Professores de AEE e do ensino regular participam de forma\u00e7\u00e3o de educa\u00e7\u00e3o inclusiva em Picos - Portal Not\u00edcia em Pauta","robots":{"index":"index","follow":"follow","max-snippet":"max-snippet:-1","max-image-preview":"max-image-preview:large","max-video-preview":"max-video-preview:-1"},"canonical":"https:\/\/noticiaempauta.com\/portal\/professores-de-aee-e-do-ensino-regular-participam-de-formacao-de-educacao-inclusiva-em-picos\/","og_locale":"pt_BR","og_type":"article","og_title":"Professores de AEE e do ensino regular participam de forma\u00e7\u00e3o de educa\u00e7\u00e3o inclusiva em Picos","og_description":"No \u00faltimo final de semana, professores da rede municipal de Picos participaram de uma forma\u00e7\u00e3o de educa\u00e7\u00e3o inclusiva com o objetivo de integrar a inclus\u00e3o em todos os setores escolares. A proposta vem alinhada com o sistema IPAAGS, que trabalha o desenvolvimento de alunos que necessitam de Atendimento Educacional Especializado \u2013 AEE. Segundo a secret\u00e1ria [&hellip;]","og_url":"https:\/\/noticiaempauta.com\/portal\/professores-de-aee-e-do-ensino-regular-participam-de-formacao-de-educacao-inclusiva-em-picos\/","og_site_name":"Portal Not\u00edcia em Pauta","article_publisher":"https:\/\/www.facebook.com\/Portal-Notcia-Em-Pauta-102292869264820\/","article_published_time":"2025-11-25T13:45:04+00:00","article_modified_time":"2025-11-25T13:45:05+00:00","og_image":[{"width":800,"height":450,"url":"https:\/\/noticiaempauta.com\/portal\/wp-content\/uploads\/2025\/11\/bc087b90-5728-442e-a24b-434ce3d3687d.jpeg","type":"image\/jpeg"}],"author":"Reda\u00e7\u00e3o","twitter_card":"summary_large_image","twitter_misc":{"Escrito por":"Reda\u00e7\u00e3o","Est. tempo de leitura":"4 minutos"},"schema":{"@context":"https:\/\/schema.org","@graph":[{"@type":"Article","@id":"https:\/\/noticiaempauta.com\/portal\/professores-de-aee-e-do-ensino-regular-participam-de-formacao-de-educacao-inclusiva-em-picos\/#article","isPartOf":{"@id":"https:\/\/noticiaempauta.com\/portal\/professores-de-aee-e-do-ensino-regular-participam-de-formacao-de-educacao-inclusiva-em-picos\/"},"author":{"name":"Reda\u00e7\u00e3o","@id":"https:\/\/noticiaempauta.com\/portal\/#\/schema\/person\/a74af43dd1ab3deca45f988c717d57ac"},"headline":"Professores de AEE e do ensino regular participam de forma\u00e7\u00e3o de educa\u00e7\u00e3o inclusiva em Picos","datePublished":"2025-11-25T13:45:04+00:00","dateModified":"2025-11-25T13:45:05+00:00","mainEntityOfPage":{"@id":"https:\/\/noticiaempauta.com\/portal\/professores-de-aee-e-do-ensino-regular-participam-de-formacao-de-educacao-inclusiva-em-picos\/"},"wordCount":422,"commentCount":0,"publisher":{"@id":"https:\/\/noticiaempauta.com\/portal\/#organization"},"image":{"@id":"https:\/\/noticiaempauta.com\/portal\/professores-de-aee-e-do-ensino-regular-participam-de-formacao-de-educacao-inclusiva-em-picos\/#primaryimage"},"thumbnailUrl":"https:\/\/noticiaempauta.com\/portal\/wp-content\/uploads\/2025\/11\/bc087b90-5728-442e-a24b-434ce3d3687d.jpeg","articleSection":["Destaques","Geral","Todas as Not\u00edcias"],"inLanguage":"pt-BR","potentialAction":[{"@type":"CommentAction","name":"Comment","target":["https:\/\/noticiaempauta.com\/portal\/professores-de-aee-e-do-ensino-regular-participam-de-formacao-de-educacao-inclusiva-em-picos\/#respond"]}]},{"@type":"WebPage","@id":"https:\/\/noticiaempauta.com\/portal\/professores-de-aee-e-do-ensino-regular-participam-de-formacao-de-educacao-inclusiva-em-picos\/","url":"https:\/\/noticiaempauta.com\/portal\/professores-de-aee-e-do-ensino-regular-participam-de-formacao-de-educacao-inclusiva-em-picos\/","name":"Professores de AEE e do ensino regular participam de forma\u00e7\u00e3o de educa\u00e7\u00e3o inclusiva em Picos - Portal Not\u00edcia em Pauta","isPartOf":{"@id":"https:\/\/noticiaempauta.com\/portal\/#website"},"primaryImageOfPage":{"@id":"https:\/\/noticiaempauta.com\/portal\/professores-de-aee-e-do-ensino-regular-participam-de-formacao-de-educacao-inclusiva-em-picos\/#primaryimage"},"image":{"@id":"https:\/\/noticiaempauta.com\/portal\/professores-de-aee-e-do-ensino-regular-participam-de-formacao-de-educacao-inclusiva-em-picos\/#primaryimage"},"thumbnailUrl":"https:\/\/noticiaempauta.com\/portal\/wp-content\/uploads\/2025\/11\/bc087b90-5728-442e-a24b-434ce3d3687d.jpeg","datePublished":"2025-11-25T13:45:04+00:00","dateModified":"2025-11-25T13:45:05+00:00","breadcrumb":{"@id":"https:\/\/noticiaempauta.com\/portal\/professores-de-aee-e-do-ensino-regular-participam-de-formacao-de-educacao-inclusiva-em-picos\/#breadcrumb"},"inLanguage":"pt-BR","potentialAction":[{"@type":"ReadAction","target":["https:\/\/noticiaempauta.com\/portal\/professores-de-aee-e-do-ensino-regular-participam-de-formacao-de-educacao-inclusiva-em-picos\/"]}]},{"@type":"ImageObject","inLanguage":"pt-BR","@id":"https:\/\/noticiaempauta.com\/portal\/professores-de-aee-e-do-ensino-regular-participam-de-formacao-de-educacao-inclusiva-em-picos\/#primaryimage","url":"https:\/\/noticiaempauta.com\/portal\/wp-content\/uploads\/2025\/11\/bc087b90-5728-442e-a24b-434ce3d3687d.jpeg","contentUrl":"https:\/\/noticiaempauta.com\/portal\/wp-content\/uploads\/2025\/11\/bc087b90-5728-442e-a24b-434ce3d3687d.jpeg","width":800,"height":450},{"@type":"BreadcrumbList","@id":"https:\/\/noticiaempauta.com\/portal\/professores-de-aee-e-do-ensino-regular-participam-de-formacao-de-educacao-inclusiva-em-picos\/#breadcrumb","itemListElement":[{"@type":"ListItem","position":1,"name":"P\u00e1gina Inicial","item":"https:\/\/noticiaempauta.com\/portal\/"},{"@type":"ListItem","position":2,"name":"Destaques","item":"https:\/\/noticiaempauta.com\/portal\/destaques-site\/"},{"@type":"ListItem","position":3,"name":"Professores de AEE e do ensino regular participam de forma\u00e7\u00e3o de educa\u00e7\u00e3o inclusiva em Picos"}]},{"@type":"WebSite","@id":"https:\/\/noticiaempauta.com\/portal\/#website","url":"https:\/\/noticiaempauta.com\/portal\/","name":"Portal Not\u00edcia em Pauta","description":"Voc\u00ea bem informado","publisher":{"@id":"https:\/\/noticiaempauta.com\/portal\/#organization"},"potentialAction":[{"@type":"SearchAction","target":{"@type":"EntryPoint","urlTemplate":"https:\/\/noticiaempauta.com\/portal\/?s={search_term_string}"},"query-input":{"@type":"PropertyValueSpecification","valueRequired":true,"valueName":"search_term_string"}}],"inLanguage":"pt-BR"},{"@type":"Organization","@id":"https:\/\/noticiaempauta.com\/portal\/#organization","name":"Portal Not\u00edcia em Pauta","url":"https:\/\/noticiaempauta.com\/portal\/","logo":{"@type":"ImageObject","inLanguage":"pt-BR","@id":"https:\/\/noticiaempauta.com\/portal\/#\/schema\/logo\/image\/","url":"https:\/\/noticiaempauta.com\/portal\/wp-content\/uploads\/2022\/08\/logomarca_tema.fw_.png","contentUrl":"https:\/\/noticiaempauta.com\/portal\/wp-content\/uploads\/2022\/08\/logomarca_tema.fw_.png","width":400,"height":232,"caption":"Portal Not\u00edcia em Pauta"},"image":{"@id":"https:\/\/noticiaempauta.com\/portal\/#\/schema\/logo\/image\/"},"sameAs":["https:\/\/www.facebook.com\/Portal-Notcia-Em-Pauta-102292869264820\/","https:\/\/www.instagram.com\/portalnoticiaempauta\/"]},{"@type":"Person","@id":"https:\/\/noticiaempauta.com\/portal\/#\/schema\/person\/a74af43dd1ab3deca45f988c717d57ac","name":"Reda\u00e7\u00e3o","image":{"@type":"ImageObject","inLanguage":"pt-BR","@id":"https:\/\/noticiaempauta.com\/portal\/#\/schema\/person\/image\/","url":"https:\/\/secure.gravatar.com\/avatar\/03179346ecce6cdfc13361603e8f54242a90e5cde8618fa23c5c00aa2b0aadf3?s=96&d=mm&r=g","contentUrl":"https:\/\/secure.gravatar.com\/avatar\/03179346ecce6cdfc13361603e8f54242a90e5cde8618fa23c5c00aa2b0aadf3?s=96&d=mm&r=g","caption":"Reda\u00e7\u00e3o"},"sameAs":["https:\/\/noticiaempauta.com\/portal\/"],"url":"https:\/\/noticiaempauta.com\/portal\/author\/fernando\/"}]}},"_links":{"self":[{"href":"https:\/\/noticiaempauta.com\/portal\/wp-json\/wp\/v2\/posts\/281088","targetHints":{"allow":["GET"]}}],"collection":[{"href":"https:\/\/noticiaempauta.com\/portal\/wp-json\/wp\/v2\/posts"}],"about":[{"href":"https:\/\/noticiaempauta.com\/portal\/wp-json\/wp\/v2\/types\/post"}],"author":[{"embeddable":true,"href":"https:\/\/noticiaempauta.com\/portal\/wp-json\/wp\/v2\/users\/2"}],"replies":[{"embeddable":true,"href":"https:\/\/noticiaempauta.com\/portal\/wp-json\/wp\/v2\/comments?post=281088"}],"version-history":[{"count":2,"href":"https:\/\/noticiaempauta.com\/portal\/wp-json\/wp\/v2\/posts\/281088\/revisions"}],"predecessor-version":[{"id":281096,"href":"https:\/\/noticiaempauta.com\/portal\/wp-json\/wp\/v2\/posts\/281088\/revisions\/281096"}],"wp:featuredmedia":[{"embeddable":true,"href":"https:\/\/noticiaempauta.com\/portal\/wp-json\/wp\/v2\/media\/281094"}],"wp:attachment":[{"href":"https:\/\/noticiaempauta.com\/portal\/wp-json\/wp\/v2\/media?parent=281088"}],"wp:term":[{"taxonomy":"category","embeddable":true,"href":"https:\/\/noticiaempauta.com\/portal\/wp-json\/wp\/v2\/categories?post=281088"},{"taxonomy":"post_tag","embeddable":true,"href":"https:\/\/noticiaempauta.com\/portal\/wp-json\/wp\/v2\/tags?post=281088"}],"curies":[{"name":"wp","href":"https:\/\/api.w.org\/{rel}","templated":true}]}}