{"id":281106,"date":"2025-11-25T15:40:33","date_gmt":"2025-11-25T18:40:33","guid":{"rendered":"https:\/\/noticiaempauta.com\/portal\/?p=281106"},"modified":"2025-11-25T15:40:35","modified_gmt":"2025-11-25T18:40:35","slug":"agespisa-realiza-leilao-virtual-de-motocicletas-inserviveis-no-dia-9-de-dezembro","status":"publish","type":"post","link":"https:\/\/noticiaempauta.com\/portal\/agespisa-realiza-leilao-virtual-de-motocicletas-inserviveis-no-dia-9-de-dezembro\/","title":{"rendered":"Agespisa realiza leil\u00e3o virtual de motocicletas inserv\u00edveis no dia 9 de dezembro"},"content":{"rendered":"\n<p>A Agespisa vai realizar, no dia 9 de dezembro, um leil\u00e3o virtual para a venda de motocicletas consideradas inserv\u00edveis ao patrim\u00f4nio da companhia. A data, anteriormente agendada para 8 de dezembro, foi alterada pela organiza\u00e7\u00e3o do evento. O leil\u00e3o \u00e9 resultado de um termo de coopera\u00e7\u00e3o t\u00e9cnica firmado entre o \u00f3rg\u00e3o e a Secretaria da Administra\u00e7\u00e3o (Sead) e ocorrer\u00e1 das 9h \u00e0s 17h, por meio da plataforma especializada&nbsp;<a href=\"https:\/\/www.vipleiloes.com.br\/\">www.vipleiloes.com.br<\/a>.<\/p>\n\n\n\n<figure class=\"wp-block-image size-large\"><img fetchpriority=\"high\" decoding=\"async\" width=\"1024\" height=\"683\" src=\"https:\/\/noticiaempauta.com\/portal\/wp-content\/uploads\/2025\/11\/whatsapp-image-2025-08-19-at-10.29.02-reourffw1hhhjj8rx3w0h3t1kxvjovvbq6rw6tku9s-rf8j0ufe5viyactnx08fbf6c7ecuibufmojdhyb03k-1024x683.webp\" alt=\"\" class=\"wp-image-281107\" srcset=\"https:\/\/noticiaempauta.com\/portal\/wp-content\/uploads\/2025\/11\/whatsapp-image-2025-08-19-at-10.29.02-reourffw1hhhjj8rx3w0h3t1kxvjovvbq6rw6tku9s-rf8j0ufe5viyactnx08fbf6c7ecuibufmojdhyb03k-1024x683.webp 1024w, https:\/\/noticiaempauta.com\/portal\/wp-content\/uploads\/2025\/11\/whatsapp-image-2025-08-19-at-10.29.02-reourffw1hhhjj8rx3w0h3t1kxvjovvbq6rw6tku9s-rf8j0ufe5viyactnx08fbf6c7ecuibufmojdhyb03k-300x200.webp 300w, https:\/\/noticiaempauta.com\/portal\/wp-content\/uploads\/2025\/11\/whatsapp-image-2025-08-19-at-10.29.02-reourffw1hhhjj8rx3w0h3t1kxvjovvbq6rw6tku9s-rf8j0ufe5viyactnx08fbf6c7ecuibufmojdhyb03k-768x512.webp 768w, https:\/\/noticiaempauta.com\/portal\/wp-content\/uploads\/2025\/11\/whatsapp-image-2025-08-19-at-10.29.02-reourffw1hhhjj8rx3w0h3t1kxvjovvbq6rw6tku9s-rf8j0ufe5viyactnx08fbf6c7ecuibufmojdhyb03k.webp 1200w\" sizes=\"(max-width: 1024px) 100vw, 1024px\" \/><figcaption class=\"wp-element-caption\"><em>(Foto: Reprodu\u00e7\u00e3o)<\/em><\/figcaption><\/figure>\n\n\n\n<p>Estar\u00e3o dispon\u00edveis mais de 161 motocicletas de diferentes modelos e anos de fabrica\u00e7\u00e3o. Todos os itens podem ser consultados no anexo I do edital, que apresenta a descri\u00e7\u00e3o, o valor m\u00ednimo do lance, condi\u00e7\u00f5es de conserva\u00e7\u00e3o de cada ve\u00edculo e pode ser acessado clicando&nbsp;<a href=\"https:\/\/www.diario.pi.gov.br\/doe\/files\/diarios\/anexo\/89030ef7-0b67-4471-86c6-1fdbb6dc2032\/DOEPI_226_2025.pdf\"><strong>aqui.<\/strong><\/a><\/p>\n\n\n\n<p>Os bens poder\u00e3o ser visitados previamente at\u00e9 o dia anterior ao leil\u00e3o, no Armaz\u00e9m da Vip Leil\u00f5es, localizado na Rua Dr. Josu\u00e9 Moura Santos, n\u00ba 1.111, bairro Pedra Mole, em Teresina. Fotos e informa\u00e7\u00f5es adicionais tamb\u00e9m est\u00e3o dispon\u00edveis nos sites da&nbsp;<strong><a href=\"https:\/\/www.sead.pi.gov.br\/\">Sead<\/a><\/strong>&nbsp;e da&nbsp;<a href=\"https:\/\/www.vipleiloes.com.br\/evento\/detalhes\/08125agespisapi\"><strong>Vip Leil\u00f5es<\/strong>.<\/a><\/p>\n\n\n\n<p>Podem participar do leil\u00e3o pessoas f\u00edsicas ou jur\u00eddicas que realizem o credenciamento pr\u00e9vio junto ao leiloeiro oficial, apresentando documentos como CPF ou CNPJ, identidade e comprovante de endere\u00e7o. O vencedor de cada lote ser\u00e1 aquele que oferecer o maior lance no sistema virtual, sempre a partir do valor m\u00ednimo indicado.<\/p>\n","protected":false},"excerpt":{"rendered":"<p>A Agespisa vai realizar, no dia 9 de dezembro, um leil\u00e3o virtual para a venda de motocicletas consideradas inserv\u00edveis ao patrim\u00f4nio da companhia. A data, anteriormente agendada para 8 de dezembro, foi alterada pela organiza\u00e7\u00e3o do evento. O leil\u00e3o \u00e9 resultado de um termo de coopera\u00e7\u00e3o t\u00e9cnica firmado entre o \u00f3rg\u00e3o e a Secretaria da [&hellip;]<\/p>\n","protected":false},"author":2,"featured_media":281107,"comment_status":"open","ping_status":"open","sticky":false,"template":"","format":"standard","meta":{"_mi_skip_tracking":false,"footnotes":""},"categories":[25,1,16],"tags":[],"class_list":["post-281106","post","type-post","status-publish","format-standard","has-post-thumbnail","hentry","category-destaques-site","category-geral","category-todas"],"acf":[],"yoast_head":"<!-- This site is optimized with the Yoast SEO Premium plugin v19.2 (Yoast SEO v26.9) - https:\/\/yoast.com\/product\/yoast-seo-premium-wordpress\/ -->\n<title>Agespisa realiza leil\u00e3o virtual de motocicletas inserv\u00edveis no dia 9 de dezembro - Portal Not\u00edcia em Pauta<\/title>\n<meta name=\"robots\" content=\"index, follow, max-snippet:-1, max-image-preview:large, max-video-preview:-1\" \/>\n<link rel=\"canonical\" href=\"https:\/\/noticiaempauta.com\/portal\/agespisa-realiza-leilao-virtual-de-motocicletas-inserviveis-no-dia-9-de-dezembro\/\" \/>\n<meta property=\"og:locale\" content=\"pt_BR\" \/>\n<meta property=\"og:type\" content=\"article\" \/>\n<meta property=\"og:title\" content=\"Agespisa realiza leil\u00e3o virtual de motocicletas inserv\u00edveis no dia 9 de dezembro\" \/>\n<meta property=\"og:description\" content=\"A Agespisa vai realizar, no dia 9 de dezembro, um leil\u00e3o virtual para a venda de motocicletas consideradas inserv\u00edveis ao patrim\u00f4nio da companhia. A data, anteriormente agendada para 8 de dezembro, foi alterada pela organiza\u00e7\u00e3o do evento. O leil\u00e3o \u00e9 resultado de um termo de coopera\u00e7\u00e3o t\u00e9cnica firmado entre o \u00f3rg\u00e3o e a Secretaria da [&hellip;]\" \/>\n<meta property=\"og:url\" content=\"https:\/\/noticiaempauta.com\/portal\/agespisa-realiza-leilao-virtual-de-motocicletas-inserviveis-no-dia-9-de-dezembro\/\" \/>\n<meta property=\"og:site_name\" content=\"Portal Not\u00edcia em Pauta\" \/>\n<meta property=\"article:publisher\" content=\"https:\/\/www.facebook.com\/Portal-Notcia-Em-Pauta-102292869264820\/\" \/>\n<meta property=\"article:published_time\" content=\"2025-11-25T18:40:33+00:00\" \/>\n<meta property=\"article:modified_time\" content=\"2025-11-25T18:40:35+00:00\" \/>\n<meta property=\"og:image\" content=\"https:\/\/noticiaempauta.com\/portal\/wp-content\/uploads\/2025\/11\/whatsapp-image-2025-08-19-at-10.29.02-reourffw1hhhjj8rx3w0h3t1kxvjovvbq6rw6tku9s-rf8j0ufe5viyactnx08fbf6c7ecuibufmojdhyb03k.webp\" \/>\n\t<meta property=\"og:image:width\" content=\"1200\" \/>\n\t<meta property=\"og:image:height\" content=\"800\" \/>\n\t<meta property=\"og:image:type\" content=\"image\/webp\" \/>\n<meta name=\"author\" content=\"Reda\u00e7\u00e3o\" \/>\n<meta name=\"twitter:card\" content=\"summary_large_image\" \/>\n<meta name=\"twitter:label1\" content=\"Escrito por\" \/>\n\t<meta name=\"twitter:data1\" content=\"Reda\u00e7\u00e3o\" \/>\n\t<meta name=\"twitter:label2\" content=\"Est. tempo de leitura\" \/>\n\t<meta name=\"twitter:data2\" content=\"2 minutos\" \/>\n<script type=\"application\/ld+json\" class=\"yoast-schema-graph\">{\"@context\":\"https:\/\/schema.org\",\"@graph\":[{\"@type\":\"Article\",\"@id\":\"https:\/\/noticiaempauta.com\/portal\/agespisa-realiza-leilao-virtual-de-motocicletas-inserviveis-no-dia-9-de-dezembro\/#article\",\"isPartOf\":{\"@id\":\"https:\/\/noticiaempauta.com\/portal\/agespisa-realiza-leilao-virtual-de-motocicletas-inserviveis-no-dia-9-de-dezembro\/\"},\"author\":{\"name\":\"Reda\u00e7\u00e3o\",\"@id\":\"https:\/\/noticiaempauta.com\/portal\/#\/schema\/person\/a74af43dd1ab3deca45f988c717d57ac\"},\"headline\":\"Agespisa realiza leil\u00e3o virtual de motocicletas inserv\u00edveis no dia 9 de dezembro\",\"datePublished\":\"2025-11-25T18:40:33+00:00\",\"dateModified\":\"2025-11-25T18:40:35+00:00\",\"mainEntityOfPage\":{\"@id\":\"https:\/\/noticiaempauta.com\/portal\/agespisa-realiza-leilao-virtual-de-motocicletas-inserviveis-no-dia-9-de-dezembro\/\"},\"wordCount\":261,\"commentCount\":0,\"publisher\":{\"@id\":\"https:\/\/noticiaempauta.com\/portal\/#organization\"},\"image\":{\"@id\":\"https:\/\/noticiaempauta.com\/portal\/agespisa-realiza-leilao-virtual-de-motocicletas-inserviveis-no-dia-9-de-dezembro\/#primaryimage\"},\"thumbnailUrl\":\"https:\/\/noticiaempauta.com\/portal\/wp-content\/uploads\/2025\/11\/whatsapp-image-2025-08-19-at-10.29.02-reourffw1hhhjj8rx3w0h3t1kxvjovvbq6rw6tku9s-rf8j0ufe5viyactnx08fbf6c7ecuibufmojdhyb03k.webp\",\"articleSection\":[\"Destaques\",\"Geral\",\"Todas as Not\u00edcias\"],\"inLanguage\":\"pt-BR\",\"potentialAction\":[{\"@type\":\"CommentAction\",\"name\":\"Comment\",\"target\":[\"https:\/\/noticiaempauta.com\/portal\/agespisa-realiza-leilao-virtual-de-motocicletas-inserviveis-no-dia-9-de-dezembro\/#respond\"]}]},{\"@type\":\"WebPage\",\"@id\":\"https:\/\/noticiaempauta.com\/portal\/agespisa-realiza-leilao-virtual-de-motocicletas-inserviveis-no-dia-9-de-dezembro\/\",\"url\":\"https:\/\/noticiaempauta.com\/portal\/agespisa-realiza-leilao-virtual-de-motocicletas-inserviveis-no-dia-9-de-dezembro\/\",\"name\":\"Agespisa realiza leil\u00e3o virtual de motocicletas inserv\u00edveis no dia 9 de dezembro - Portal Not\u00edcia em Pauta\",\"isPartOf\":{\"@id\":\"https:\/\/noticiaempauta.com\/portal\/#website\"},\"primaryImageOfPage\":{\"@id\":\"https:\/\/noticiaempauta.com\/portal\/agespisa-realiza-leilao-virtual-de-motocicletas-inserviveis-no-dia-9-de-dezembro\/#primaryimage\"},\"image\":{\"@id\":\"https:\/\/noticiaempauta.com\/portal\/agespisa-realiza-leilao-virtual-de-motocicletas-inserviveis-no-dia-9-de-dezembro\/#primaryimage\"},\"thumbnailUrl\":\"https:\/\/noticiaempauta.com\/portal\/wp-content\/uploads\/2025\/11\/whatsapp-image-2025-08-19-at-10.29.02-reourffw1hhhjj8rx3w0h3t1kxvjovvbq6rw6tku9s-rf8j0ufe5viyactnx08fbf6c7ecuibufmojdhyb03k.webp\",\"datePublished\":\"2025-11-25T18:40:33+00:00\",\"dateModified\":\"2025-11-25T18:40:35+00:00\",\"breadcrumb\":{\"@id\":\"https:\/\/noticiaempauta.com\/portal\/agespisa-realiza-leilao-virtual-de-motocicletas-inserviveis-no-dia-9-de-dezembro\/#breadcrumb\"},\"inLanguage\":\"pt-BR\",\"potentialAction\":[{\"@type\":\"ReadAction\",\"target\":[\"https:\/\/noticiaempauta.com\/portal\/agespisa-realiza-leilao-virtual-de-motocicletas-inserviveis-no-dia-9-de-dezembro\/\"]}]},{\"@type\":\"ImageObject\",\"inLanguage\":\"pt-BR\",\"@id\":\"https:\/\/noticiaempauta.com\/portal\/agespisa-realiza-leilao-virtual-de-motocicletas-inserviveis-no-dia-9-de-dezembro\/#primaryimage\",\"url\":\"https:\/\/noticiaempauta.com\/portal\/wp-content\/uploads\/2025\/11\/whatsapp-image-2025-08-19-at-10.29.02-reourffw1hhhjj8rx3w0h3t1kxvjovvbq6rw6tku9s-rf8j0ufe5viyactnx08fbf6c7ecuibufmojdhyb03k.webp\",\"contentUrl\":\"https:\/\/noticiaempauta.com\/portal\/wp-content\/uploads\/2025\/11\/whatsapp-image-2025-08-19-at-10.29.02-reourffw1hhhjj8rx3w0h3t1kxvjovvbq6rw6tku9s-rf8j0ufe5viyactnx08fbf6c7ecuibufmojdhyb03k.webp\",\"width\":1200,\"height\":800},{\"@type\":\"BreadcrumbList\",\"@id\":\"https:\/\/noticiaempauta.com\/portal\/agespisa-realiza-leilao-virtual-de-motocicletas-inserviveis-no-dia-9-de-dezembro\/#breadcrumb\",\"itemListElement\":[{\"@type\":\"ListItem\",\"position\":1,\"name\":\"P\u00e1gina Inicial\",\"item\":\"https:\/\/noticiaempauta.com\/portal\/\"},{\"@type\":\"ListItem\",\"position\":2,\"name\":\"Destaques\",\"item\":\"https:\/\/noticiaempauta.com\/portal\/destaques-site\/\"},{\"@type\":\"ListItem\",\"position\":3,\"name\":\"Agespisa realiza leil\u00e3o virtual de motocicletas inserv\u00edveis no dia 9 de dezembro\"}]},{\"@type\":\"WebSite\",\"@id\":\"https:\/\/noticiaempauta.com\/portal\/#website\",\"url\":\"https:\/\/noticiaempauta.com\/portal\/\",\"name\":\"Portal Not\u00edcia em Pauta\",\"description\":\"Voc\u00ea bem informado\",\"publisher\":{\"@id\":\"https:\/\/noticiaempauta.com\/portal\/#organization\"},\"potentialAction\":[{\"@type\":\"SearchAction\",\"target\":{\"@type\":\"EntryPoint\",\"urlTemplate\":\"https:\/\/noticiaempauta.com\/portal\/?s={search_term_string}\"},\"query-input\":{\"@type\":\"PropertyValueSpecification\",\"valueRequired\":true,\"valueName\":\"search_term_string\"}}],\"inLanguage\":\"pt-BR\"},{\"@type\":\"Organization\",\"@id\":\"https:\/\/noticiaempauta.com\/portal\/#organization\",\"name\":\"Portal Not\u00edcia em Pauta\",\"url\":\"https:\/\/noticiaempauta.com\/portal\/\",\"logo\":{\"@type\":\"ImageObject\",\"inLanguage\":\"pt-BR\",\"@id\":\"https:\/\/noticiaempauta.com\/portal\/#\/schema\/logo\/image\/\",\"url\":\"https:\/\/noticiaempauta.com\/portal\/wp-content\/uploads\/2022\/08\/logomarca_tema.fw_.png\",\"contentUrl\":\"https:\/\/noticiaempauta.com\/portal\/wp-content\/uploads\/2022\/08\/logomarca_tema.fw_.png\",\"width\":400,\"height\":232,\"caption\":\"Portal Not\u00edcia em Pauta\"},\"image\":{\"@id\":\"https:\/\/noticiaempauta.com\/portal\/#\/schema\/logo\/image\/\"},\"sameAs\":[\"https:\/\/www.facebook.com\/Portal-Notcia-Em-Pauta-102292869264820\/\",\"https:\/\/www.instagram.com\/portalnoticiaempauta\/\"]},{\"@type\":\"Person\",\"@id\":\"https:\/\/noticiaempauta.com\/portal\/#\/schema\/person\/a74af43dd1ab3deca45f988c717d57ac\",\"name\":\"Reda\u00e7\u00e3o\",\"image\":{\"@type\":\"ImageObject\",\"inLanguage\":\"pt-BR\",\"@id\":\"https:\/\/noticiaempauta.com\/portal\/#\/schema\/person\/image\/\",\"url\":\"https:\/\/secure.gravatar.com\/avatar\/03179346ecce6cdfc13361603e8f54242a90e5cde8618fa23c5c00aa2b0aadf3?s=96&d=mm&r=g\",\"contentUrl\":\"https:\/\/secure.gravatar.com\/avatar\/03179346ecce6cdfc13361603e8f54242a90e5cde8618fa23c5c00aa2b0aadf3?s=96&d=mm&r=g\",\"caption\":\"Reda\u00e7\u00e3o\"},\"sameAs\":[\"https:\/\/noticiaempauta.com\/portal\/\"],\"url\":\"https:\/\/noticiaempauta.com\/portal\/author\/fernando\/\"}]}<\/script>\n<!-- \/ Yoast SEO Premium plugin. -->","yoast_head_json":{"title":"Agespisa realiza leil\u00e3o virtual de motocicletas inserv\u00edveis no dia 9 de dezembro - Portal Not\u00edcia em Pauta","robots":{"index":"index","follow":"follow","max-snippet":"max-snippet:-1","max-image-preview":"max-image-preview:large","max-video-preview":"max-video-preview:-1"},"canonical":"https:\/\/noticiaempauta.com\/portal\/agespisa-realiza-leilao-virtual-de-motocicletas-inserviveis-no-dia-9-de-dezembro\/","og_locale":"pt_BR","og_type":"article","og_title":"Agespisa realiza leil\u00e3o virtual de motocicletas inserv\u00edveis no dia 9 de dezembro","og_description":"A Agespisa vai realizar, no dia 9 de dezembro, um leil\u00e3o virtual para a venda de motocicletas consideradas inserv\u00edveis ao patrim\u00f4nio da companhia. A data, anteriormente agendada para 8 de dezembro, foi alterada pela organiza\u00e7\u00e3o do evento. O leil\u00e3o \u00e9 resultado de um termo de coopera\u00e7\u00e3o t\u00e9cnica firmado entre o \u00f3rg\u00e3o e a Secretaria da [&hellip;]","og_url":"https:\/\/noticiaempauta.com\/portal\/agespisa-realiza-leilao-virtual-de-motocicletas-inserviveis-no-dia-9-de-dezembro\/","og_site_name":"Portal Not\u00edcia em Pauta","article_publisher":"https:\/\/www.facebook.com\/Portal-Notcia-Em-Pauta-102292869264820\/","article_published_time":"2025-11-25T18:40:33+00:00","article_modified_time":"2025-11-25T18:40:35+00:00","og_image":[{"width":1200,"height":800,"url":"https:\/\/noticiaempauta.com\/portal\/wp-content\/uploads\/2025\/11\/whatsapp-image-2025-08-19-at-10.29.02-reourffw1hhhjj8rx3w0h3t1kxvjovvbq6rw6tku9s-rf8j0ufe5viyactnx08fbf6c7ecuibufmojdhyb03k.webp","type":"image\/webp"}],"author":"Reda\u00e7\u00e3o","twitter_card":"summary_large_image","twitter_misc":{"Escrito por":"Reda\u00e7\u00e3o","Est. tempo de leitura":"2 minutos"},"schema":{"@context":"https:\/\/schema.org","@graph":[{"@type":"Article","@id":"https:\/\/noticiaempauta.com\/portal\/agespisa-realiza-leilao-virtual-de-motocicletas-inserviveis-no-dia-9-de-dezembro\/#article","isPartOf":{"@id":"https:\/\/noticiaempauta.com\/portal\/agespisa-realiza-leilao-virtual-de-motocicletas-inserviveis-no-dia-9-de-dezembro\/"},"author":{"name":"Reda\u00e7\u00e3o","@id":"https:\/\/noticiaempauta.com\/portal\/#\/schema\/person\/a74af43dd1ab3deca45f988c717d57ac"},"headline":"Agespisa realiza leil\u00e3o virtual de motocicletas inserv\u00edveis no dia 9 de dezembro","datePublished":"2025-11-25T18:40:33+00:00","dateModified":"2025-11-25T18:40:35+00:00","mainEntityOfPage":{"@id":"https:\/\/noticiaempauta.com\/portal\/agespisa-realiza-leilao-virtual-de-motocicletas-inserviveis-no-dia-9-de-dezembro\/"},"wordCount":261,"commentCount":0,"publisher":{"@id":"https:\/\/noticiaempauta.com\/portal\/#organization"},"image":{"@id":"https:\/\/noticiaempauta.com\/portal\/agespisa-realiza-leilao-virtual-de-motocicletas-inserviveis-no-dia-9-de-dezembro\/#primaryimage"},"thumbnailUrl":"https:\/\/noticiaempauta.com\/portal\/wp-content\/uploads\/2025\/11\/whatsapp-image-2025-08-19-at-10.29.02-reourffw1hhhjj8rx3w0h3t1kxvjovvbq6rw6tku9s-rf8j0ufe5viyactnx08fbf6c7ecuibufmojdhyb03k.webp","articleSection":["Destaques","Geral","Todas as Not\u00edcias"],"inLanguage":"pt-BR","potentialAction":[{"@type":"CommentAction","name":"Comment","target":["https:\/\/noticiaempauta.com\/portal\/agespisa-realiza-leilao-virtual-de-motocicletas-inserviveis-no-dia-9-de-dezembro\/#respond"]}]},{"@type":"WebPage","@id":"https:\/\/noticiaempauta.com\/portal\/agespisa-realiza-leilao-virtual-de-motocicletas-inserviveis-no-dia-9-de-dezembro\/","url":"https:\/\/noticiaempauta.com\/portal\/agespisa-realiza-leilao-virtual-de-motocicletas-inserviveis-no-dia-9-de-dezembro\/","name":"Agespisa realiza leil\u00e3o virtual de motocicletas inserv\u00edveis no dia 9 de dezembro - Portal Not\u00edcia em Pauta","isPartOf":{"@id":"https:\/\/noticiaempauta.com\/portal\/#website"},"primaryImageOfPage":{"@id":"https:\/\/noticiaempauta.com\/portal\/agespisa-realiza-leilao-virtual-de-motocicletas-inserviveis-no-dia-9-de-dezembro\/#primaryimage"},"image":{"@id":"https:\/\/noticiaempauta.com\/portal\/agespisa-realiza-leilao-virtual-de-motocicletas-inserviveis-no-dia-9-de-dezembro\/#primaryimage"},"thumbnailUrl":"https:\/\/noticiaempauta.com\/portal\/wp-content\/uploads\/2025\/11\/whatsapp-image-2025-08-19-at-10.29.02-reourffw1hhhjj8rx3w0h3t1kxvjovvbq6rw6tku9s-rf8j0ufe5viyactnx08fbf6c7ecuibufmojdhyb03k.webp","datePublished":"2025-11-25T18:40:33+00:00","dateModified":"2025-11-25T18:40:35+00:00","breadcrumb":{"@id":"https:\/\/noticiaempauta.com\/portal\/agespisa-realiza-leilao-virtual-de-motocicletas-inserviveis-no-dia-9-de-dezembro\/#breadcrumb"},"inLanguage":"pt-BR","potentialAction":[{"@type":"ReadAction","target":["https:\/\/noticiaempauta.com\/portal\/agespisa-realiza-leilao-virtual-de-motocicletas-inserviveis-no-dia-9-de-dezembro\/"]}]},{"@type":"ImageObject","inLanguage":"pt-BR","@id":"https:\/\/noticiaempauta.com\/portal\/agespisa-realiza-leilao-virtual-de-motocicletas-inserviveis-no-dia-9-de-dezembro\/#primaryimage","url":"https:\/\/noticiaempauta.com\/portal\/wp-content\/uploads\/2025\/11\/whatsapp-image-2025-08-19-at-10.29.02-reourffw1hhhjj8rx3w0h3t1kxvjovvbq6rw6tku9s-rf8j0ufe5viyactnx08fbf6c7ecuibufmojdhyb03k.webp","contentUrl":"https:\/\/noticiaempauta.com\/portal\/wp-content\/uploads\/2025\/11\/whatsapp-image-2025-08-19-at-10.29.02-reourffw1hhhjj8rx3w0h3t1kxvjovvbq6rw6tku9s-rf8j0ufe5viyactnx08fbf6c7ecuibufmojdhyb03k.webp","width":1200,"height":800},{"@type":"BreadcrumbList","@id":"https:\/\/noticiaempauta.com\/portal\/agespisa-realiza-leilao-virtual-de-motocicletas-inserviveis-no-dia-9-de-dezembro\/#breadcrumb","itemListElement":[{"@type":"ListItem","position":1,"name":"P\u00e1gina Inicial","item":"https:\/\/noticiaempauta.com\/portal\/"},{"@type":"ListItem","position":2,"name":"Destaques","item":"https:\/\/noticiaempauta.com\/portal\/destaques-site\/"},{"@type":"ListItem","position":3,"name":"Agespisa realiza leil\u00e3o virtual de motocicletas inserv\u00edveis no dia 9 de dezembro"}]},{"@type":"WebSite","@id":"https:\/\/noticiaempauta.com\/portal\/#website","url":"https:\/\/noticiaempauta.com\/portal\/","name":"Portal Not\u00edcia em Pauta","description":"Voc\u00ea bem informado","publisher":{"@id":"https:\/\/noticiaempauta.com\/portal\/#organization"},"potentialAction":[{"@type":"SearchAction","target":{"@type":"EntryPoint","urlTemplate":"https:\/\/noticiaempauta.com\/portal\/?s={search_term_string}"},"query-input":{"@type":"PropertyValueSpecification","valueRequired":true,"valueName":"search_term_string"}}],"inLanguage":"pt-BR"},{"@type":"Organization","@id":"https:\/\/noticiaempauta.com\/portal\/#organization","name":"Portal Not\u00edcia em Pauta","url":"https:\/\/noticiaempauta.com\/portal\/","logo":{"@type":"ImageObject","inLanguage":"pt-BR","@id":"https:\/\/noticiaempauta.com\/portal\/#\/schema\/logo\/image\/","url":"https:\/\/noticiaempauta.com\/portal\/wp-content\/uploads\/2022\/08\/logomarca_tema.fw_.png","contentUrl":"https:\/\/noticiaempauta.com\/portal\/wp-content\/uploads\/2022\/08\/logomarca_tema.fw_.png","width":400,"height":232,"caption":"Portal Not\u00edcia em Pauta"},"image":{"@id":"https:\/\/noticiaempauta.com\/portal\/#\/schema\/logo\/image\/"},"sameAs":["https:\/\/www.facebook.com\/Portal-Notcia-Em-Pauta-102292869264820\/","https:\/\/www.instagram.com\/portalnoticiaempauta\/"]},{"@type":"Person","@id":"https:\/\/noticiaempauta.com\/portal\/#\/schema\/person\/a74af43dd1ab3deca45f988c717d57ac","name":"Reda\u00e7\u00e3o","image":{"@type":"ImageObject","inLanguage":"pt-BR","@id":"https:\/\/noticiaempauta.com\/portal\/#\/schema\/person\/image\/","url":"https:\/\/secure.gravatar.com\/avatar\/03179346ecce6cdfc13361603e8f54242a90e5cde8618fa23c5c00aa2b0aadf3?s=96&d=mm&r=g","contentUrl":"https:\/\/secure.gravatar.com\/avatar\/03179346ecce6cdfc13361603e8f54242a90e5cde8618fa23c5c00aa2b0aadf3?s=96&d=mm&r=g","caption":"Reda\u00e7\u00e3o"},"sameAs":["https:\/\/noticiaempauta.com\/portal\/"],"url":"https:\/\/noticiaempauta.com\/portal\/author\/fernando\/"}]}},"_links":{"self":[{"href":"https:\/\/noticiaempauta.com\/portal\/wp-json\/wp\/v2\/posts\/281106","targetHints":{"allow":["GET"]}}],"collection":[{"href":"https:\/\/noticiaempauta.com\/portal\/wp-json\/wp\/v2\/posts"}],"about":[{"href":"https:\/\/noticiaempauta.com\/portal\/wp-json\/wp\/v2\/types\/post"}],"author":[{"embeddable":true,"href":"https:\/\/noticiaempauta.com\/portal\/wp-json\/wp\/v2\/users\/2"}],"replies":[{"embeddable":true,"href":"https:\/\/noticiaempauta.com\/portal\/wp-json\/wp\/v2\/comments?post=281106"}],"version-history":[{"count":2,"href":"https:\/\/noticiaempauta.com\/portal\/wp-json\/wp\/v2\/posts\/281106\/revisions"}],"predecessor-version":[{"id":281109,"href":"https:\/\/noticiaempauta.com\/portal\/wp-json\/wp\/v2\/posts\/281106\/revisions\/281109"}],"wp:featuredmedia":[{"embeddable":true,"href":"https:\/\/noticiaempauta.com\/portal\/wp-json\/wp\/v2\/media\/281107"}],"wp:attachment":[{"href":"https:\/\/noticiaempauta.com\/portal\/wp-json\/wp\/v2\/media?parent=281106"}],"wp:term":[{"taxonomy":"category","embeddable":true,"href":"https:\/\/noticiaempauta.com\/portal\/wp-json\/wp\/v2\/categories?post=281106"},{"taxonomy":"post_tag","embeddable":true,"href":"https:\/\/noticiaempauta.com\/portal\/wp-json\/wp\/v2\/tags?post=281106"}],"curies":[{"name":"wp","href":"https:\/\/api.w.org\/{rel}","templated":true}]}}