{"id":281163,"date":"2025-11-26T14:05:59","date_gmt":"2025-11-26T17:05:59","guid":{"rendered":"https:\/\/noticiaempauta.com\/portal\/?p=281163"},"modified":"2025-11-26T14:06:00","modified_gmt":"2025-11-26T17:06:00","slug":"picos-alunos-da-escola-heli-nunes-participam-de-interclasse","status":"publish","type":"post","link":"https:\/\/noticiaempauta.com\/portal\/picos-alunos-da-escola-heli-nunes-participam-de-interclasse\/","title":{"rendered":"Picos | Alunos da Escola Heli Nunes participam de interclasse"},"content":{"rendered":"\n<p>Estudantes da Escola Municipal Heli Nunes, localizada no bairro Pantanal, est\u00e3o participando dos Jogos Interclasse. O campeonato iniciou nesta segunda-feira (24) e encerrar\u00e1 na pr\u00f3xima sexta-feira (28). A secret\u00e1ria de Educa\u00e7\u00e3o de Picos, Mary Dantas, participou da abertura dos jogos.<\/p>\n\n\n\n<figure class=\"wp-block-image size-large\"><img fetchpriority=\"high\" decoding=\"async\" width=\"768\" height=\"1024\" src=\"https:\/\/noticiaempauta.com\/portal\/wp-content\/uploads\/2025\/11\/interclasse-heli-nunes-5-768x1024.jpeg\" alt=\"\" class=\"wp-image-281167\" srcset=\"https:\/\/noticiaempauta.com\/portal\/wp-content\/uploads\/2025\/11\/interclasse-heli-nunes-5-768x1024.jpeg 768w, https:\/\/noticiaempauta.com\/portal\/wp-content\/uploads\/2025\/11\/interclasse-heli-nunes-5-225x300.jpeg 225w, https:\/\/noticiaempauta.com\/portal\/wp-content\/uploads\/2025\/11\/interclasse-heli-nunes-5.jpeg 800w\" sizes=\"(max-width: 768px) 100vw, 768px\" \/><\/figure>\n\n\n\n<p>\u201c\u00c9 maravilhoso ver a energia dessas crian\u00e7as, a empolga\u00e7\u00e3o pelos jogos, a vibra\u00e7\u00e3o de cada time. Esporte e educa\u00e7\u00e3o andam de m\u00e3os dadas. \u00c9 aqui na escola que desenvolvemos o conhecimento, mas tamb\u00e9m os talentos. Est\u00e1 sendo especial poder fazer parte deste momento da Educa\u00e7\u00e3o de Picos e poder ver e incentivar nossos alunos a desenvolverem seus mais diversos talentos\u201d, frisou.<\/p>\n\n\n\n<figure class=\"wp-block-image size-full\"><img decoding=\"async\" width=\"800\" height=\"600\" src=\"https:\/\/noticiaempauta.com\/portal\/wp-content\/uploads\/2025\/11\/interclasse-heli-nunes-9.jpeg\" alt=\"\" class=\"wp-image-281168\" srcset=\"https:\/\/noticiaempauta.com\/portal\/wp-content\/uploads\/2025\/11\/interclasse-heli-nunes-9.jpeg 800w, https:\/\/noticiaempauta.com\/portal\/wp-content\/uploads\/2025\/11\/interclasse-heli-nunes-9-300x225.jpeg 300w, https:\/\/noticiaempauta.com\/portal\/wp-content\/uploads\/2025\/11\/interclasse-heli-nunes-9-768x576.jpeg 768w\" sizes=\"(max-width: 800px) 100vw, 800px\" \/><\/figure>\n\n\n\n<p>Os alunos disputam as modalidades futsal masculino e queimada feminina.<\/p>\n\n\n\n<figure class=\"wp-block-image size-large\"><img decoding=\"async\" width=\"768\" height=\"1024\" src=\"https:\/\/noticiaempauta.com\/portal\/wp-content\/uploads\/2025\/11\/interclasse-heli-nunes-3-768x1024.jpeg\" alt=\"\" class=\"wp-image-281165\" srcset=\"https:\/\/noticiaempauta.com\/portal\/wp-content\/uploads\/2025\/11\/interclasse-heli-nunes-3-768x1024.jpeg 768w, https:\/\/noticiaempauta.com\/portal\/wp-content\/uploads\/2025\/11\/interclasse-heli-nunes-3-225x300.jpeg 225w, https:\/\/noticiaempauta.com\/portal\/wp-content\/uploads\/2025\/11\/interclasse-heli-nunes-3.jpeg 800w\" sizes=\"(max-width: 768px) 100vw, 768px\" \/><\/figure>\n\n\n\n<p>As partidas est\u00e3o acontecendo no per\u00edodo vespertino, a partir das 15h00, no Gin\u00e1sio Poliesportivo Severo Maria Eul\u00e1lio.<\/p>\n\n\n\n<figure class=\"wp-block-image size-full\"><img loading=\"lazy\" decoding=\"async\" width=\"800\" height=\"600\" src=\"https:\/\/noticiaempauta.com\/portal\/wp-content\/uploads\/2025\/11\/interclasse-heli-nunes-6.jpeg\" alt=\"\" class=\"wp-image-281166\" srcset=\"https:\/\/noticiaempauta.com\/portal\/wp-content\/uploads\/2025\/11\/interclasse-heli-nunes-6.jpeg 800w, https:\/\/noticiaempauta.com\/portal\/wp-content\/uploads\/2025\/11\/interclasse-heli-nunes-6-300x225.jpeg 300w, https:\/\/noticiaempauta.com\/portal\/wp-content\/uploads\/2025\/11\/interclasse-heli-nunes-6-768x576.jpeg 768w\" sizes=\"(max-width: 800px) 100vw, 800px\" \/><\/figure>\n\n\n\n<p>\u201cN\u00f3s entendemos que educa\u00e7\u00e3o anda atrelada ao esporte. Al\u00e9m de ser uma t\u00e1tica bem utilizada para atrair jovens para o ambiente escolar, \u00e9 no uso de atividade esportivas que podemos observar as habilidades dos nossos alunos e cooperarmos para que eles as desenvolvam da melhor maneira poss\u00edvel, quem sabe at\u00e9 escolhendo algum esporte como profiss\u00e3o. S\u00e3o in\u00fameros os relatos aqui mesmo na cidade de grandes desportistas que puderam desenvolver seus talentos no ambiente escolar\u201d, destacou Francisca Leyane, gestora da escola Heli Nunes.<\/p>\n\n\n\n<p>Ela tamb\u00e9m frisou que deseja que a competi\u00e7\u00e3o seja marcada pela harmonia, respeito \u00e0s regras, torcida saud\u00e1vel e energia positiva.<\/p>\n\n\n\n<figure class=\"wp-block-image size-full\"><img loading=\"lazy\" decoding=\"async\" width=\"800\" height=\"600\" src=\"https:\/\/noticiaempauta.com\/portal\/wp-content\/uploads\/2025\/11\/interclasse-heli-nunes-4.jpeg\" alt=\"\" class=\"wp-image-281164\" srcset=\"https:\/\/noticiaempauta.com\/portal\/wp-content\/uploads\/2025\/11\/interclasse-heli-nunes-4.jpeg 800w, https:\/\/noticiaempauta.com\/portal\/wp-content\/uploads\/2025\/11\/interclasse-heli-nunes-4-300x225.jpeg 300w, https:\/\/noticiaempauta.com\/portal\/wp-content\/uploads\/2025\/11\/interclasse-heli-nunes-4-768x576.jpeg 768w\" sizes=\"(max-width: 800px) 100vw, 800px\" \/><\/figure>\n\n\n\n<p>A final dos jogos interclasse acontece na sexta-feira, 28, a partir das 14h00.<a href=\"https:\/\/www2.picos.pi.gov.br\/wp-content\/uploads\/2025\/11\/interclasse-heli-nunes-6.jpeg\"><\/a><\/p>\n","protected":false},"excerpt":{"rendered":"<p>Estudantes da Escola Municipal Heli Nunes, localizada no bairro Pantanal, est\u00e3o participando dos Jogos Interclasse. O campeonato iniciou nesta segunda-feira (24) e encerrar\u00e1 na pr\u00f3xima sexta-feira (28). A secret\u00e1ria de Educa\u00e7\u00e3o de Picos, Mary Dantas, participou da abertura dos jogos. \u201c\u00c9 maravilhoso ver a energia dessas crian\u00e7as, a empolga\u00e7\u00e3o pelos jogos, a vibra\u00e7\u00e3o de cada [&hellip;]<\/p>\n","protected":false},"author":2,"featured_media":281168,"comment_status":"open","ping_status":"open","sticky":false,"template":"","format":"standard","meta":{"_mi_skip_tracking":false,"footnotes":""},"categories":[25,26,1,16],"tags":[],"class_list":["post-281163","post","type-post","status-publish","format-standard","has-post-thumbnail","hentry","category-destaques-site","category-esporte","category-geral","category-todas"],"acf":[],"yoast_head":"<!-- This site is optimized with the Yoast SEO Premium plugin v19.2 (Yoast SEO v26.9) - https:\/\/yoast.com\/product\/yoast-seo-premium-wordpress\/ -->\n<title>Picos | Alunos da Escola Heli Nunes participam de interclasse - Portal Not\u00edcia em Pauta<\/title>\n<meta name=\"robots\" content=\"index, follow, max-snippet:-1, max-image-preview:large, max-video-preview:-1\" \/>\n<link rel=\"canonical\" href=\"https:\/\/noticiaempauta.com\/portal\/picos-alunos-da-escola-heli-nunes-participam-de-interclasse\/\" \/>\n<meta property=\"og:locale\" content=\"pt_BR\" \/>\n<meta property=\"og:type\" content=\"article\" \/>\n<meta property=\"og:title\" content=\"Picos | Alunos da Escola Heli Nunes participam de interclasse\" \/>\n<meta property=\"og:description\" content=\"Estudantes da Escola Municipal Heli Nunes, localizada no bairro Pantanal, est\u00e3o participando dos Jogos Interclasse. O campeonato iniciou nesta segunda-feira (24) e encerrar\u00e1 na pr\u00f3xima sexta-feira (28). A secret\u00e1ria de Educa\u00e7\u00e3o de Picos, Mary Dantas, participou da abertura dos jogos. \u201c\u00c9 maravilhoso ver a energia dessas crian\u00e7as, a empolga\u00e7\u00e3o pelos jogos, a vibra\u00e7\u00e3o de cada [&hellip;]\" \/>\n<meta property=\"og:url\" content=\"https:\/\/noticiaempauta.com\/portal\/picos-alunos-da-escola-heli-nunes-participam-de-interclasse\/\" \/>\n<meta property=\"og:site_name\" content=\"Portal Not\u00edcia em Pauta\" \/>\n<meta property=\"article:publisher\" content=\"https:\/\/www.facebook.com\/Portal-Notcia-Em-Pauta-102292869264820\/\" \/>\n<meta property=\"article:published_time\" content=\"2025-11-26T17:05:59+00:00\" \/>\n<meta property=\"article:modified_time\" content=\"2025-11-26T17:06:00+00:00\" \/>\n<meta property=\"og:image\" content=\"https:\/\/noticiaempauta.com\/portal\/wp-content\/uploads\/2025\/11\/interclasse-heli-nunes-9.jpeg\" \/>\n\t<meta property=\"og:image:width\" content=\"800\" \/>\n\t<meta property=\"og:image:height\" content=\"600\" \/>\n\t<meta property=\"og:image:type\" content=\"image\/jpeg\" \/>\n<meta name=\"author\" content=\"Reda\u00e7\u00e3o\" \/>\n<meta name=\"twitter:card\" content=\"summary_large_image\" \/>\n<meta name=\"twitter:label1\" content=\"Escrito por\" \/>\n\t<meta name=\"twitter:data1\" content=\"Reda\u00e7\u00e3o\" \/>\n\t<meta name=\"twitter:label2\" content=\"Est. tempo de leitura\" \/>\n\t<meta name=\"twitter:data2\" content=\"3 minutos\" \/>\n<script type=\"application\/ld+json\" class=\"yoast-schema-graph\">{\"@context\":\"https:\/\/schema.org\",\"@graph\":[{\"@type\":\"Article\",\"@id\":\"https:\/\/noticiaempauta.com\/portal\/picos-alunos-da-escola-heli-nunes-participam-de-interclasse\/#article\",\"isPartOf\":{\"@id\":\"https:\/\/noticiaempauta.com\/portal\/picos-alunos-da-escola-heli-nunes-participam-de-interclasse\/\"},\"author\":{\"name\":\"Reda\u00e7\u00e3o\",\"@id\":\"https:\/\/noticiaempauta.com\/portal\/#\/schema\/person\/a74af43dd1ab3deca45f988c717d57ac\"},\"headline\":\"Picos | Alunos da Escola Heli Nunes participam de interclasse\",\"datePublished\":\"2025-11-26T17:05:59+00:00\",\"dateModified\":\"2025-11-26T17:06:00+00:00\",\"mainEntityOfPage\":{\"@id\":\"https:\/\/noticiaempauta.com\/portal\/picos-alunos-da-escola-heli-nunes-participam-de-interclasse\/\"},\"wordCount\":272,\"commentCount\":0,\"publisher\":{\"@id\":\"https:\/\/noticiaempauta.com\/portal\/#organization\"},\"image\":{\"@id\":\"https:\/\/noticiaempauta.com\/portal\/picos-alunos-da-escola-heli-nunes-participam-de-interclasse\/#primaryimage\"},\"thumbnailUrl\":\"https:\/\/noticiaempauta.com\/portal\/wp-content\/uploads\/2025\/11\/interclasse-heli-nunes-9.jpeg\",\"articleSection\":[\"Destaques\",\"Esporte\",\"Geral\",\"Todas as Not\u00edcias\"],\"inLanguage\":\"pt-BR\",\"potentialAction\":[{\"@type\":\"CommentAction\",\"name\":\"Comment\",\"target\":[\"https:\/\/noticiaempauta.com\/portal\/picos-alunos-da-escola-heli-nunes-participam-de-interclasse\/#respond\"]}]},{\"@type\":\"WebPage\",\"@id\":\"https:\/\/noticiaempauta.com\/portal\/picos-alunos-da-escola-heli-nunes-participam-de-interclasse\/\",\"url\":\"https:\/\/noticiaempauta.com\/portal\/picos-alunos-da-escola-heli-nunes-participam-de-interclasse\/\",\"name\":\"Picos | Alunos da Escola Heli Nunes participam de interclasse - Portal Not\u00edcia em Pauta\",\"isPartOf\":{\"@id\":\"https:\/\/noticiaempauta.com\/portal\/#website\"},\"primaryImageOfPage\":{\"@id\":\"https:\/\/noticiaempauta.com\/portal\/picos-alunos-da-escola-heli-nunes-participam-de-interclasse\/#primaryimage\"},\"image\":{\"@id\":\"https:\/\/noticiaempauta.com\/portal\/picos-alunos-da-escola-heli-nunes-participam-de-interclasse\/#primaryimage\"},\"thumbnailUrl\":\"https:\/\/noticiaempauta.com\/portal\/wp-content\/uploads\/2025\/11\/interclasse-heli-nunes-9.jpeg\",\"datePublished\":\"2025-11-26T17:05:59+00:00\",\"dateModified\":\"2025-11-26T17:06:00+00:00\",\"breadcrumb\":{\"@id\":\"https:\/\/noticiaempauta.com\/portal\/picos-alunos-da-escola-heli-nunes-participam-de-interclasse\/#breadcrumb\"},\"inLanguage\":\"pt-BR\",\"potentialAction\":[{\"@type\":\"ReadAction\",\"target\":[\"https:\/\/noticiaempauta.com\/portal\/picos-alunos-da-escola-heli-nunes-participam-de-interclasse\/\"]}]},{\"@type\":\"ImageObject\",\"inLanguage\":\"pt-BR\",\"@id\":\"https:\/\/noticiaempauta.com\/portal\/picos-alunos-da-escola-heli-nunes-participam-de-interclasse\/#primaryimage\",\"url\":\"https:\/\/noticiaempauta.com\/portal\/wp-content\/uploads\/2025\/11\/interclasse-heli-nunes-9.jpeg\",\"contentUrl\":\"https:\/\/noticiaempauta.com\/portal\/wp-content\/uploads\/2025\/11\/interclasse-heli-nunes-9.jpeg\",\"width\":800,\"height\":600},{\"@type\":\"BreadcrumbList\",\"@id\":\"https:\/\/noticiaempauta.com\/portal\/picos-alunos-da-escola-heli-nunes-participam-de-interclasse\/#breadcrumb\",\"itemListElement\":[{\"@type\":\"ListItem\",\"position\":1,\"name\":\"P\u00e1gina Inicial\",\"item\":\"https:\/\/noticiaempauta.com\/portal\/\"},{\"@type\":\"ListItem\",\"position\":2,\"name\":\"Destaques\",\"item\":\"https:\/\/noticiaempauta.com\/portal\/destaques-site\/\"},{\"@type\":\"ListItem\",\"position\":3,\"name\":\"Picos | Alunos da Escola Heli Nunes participam de interclasse\"}]},{\"@type\":\"WebSite\",\"@id\":\"https:\/\/noticiaempauta.com\/portal\/#website\",\"url\":\"https:\/\/noticiaempauta.com\/portal\/\",\"name\":\"Portal Not\u00edcia em Pauta\",\"description\":\"Voc\u00ea bem informado\",\"publisher\":{\"@id\":\"https:\/\/noticiaempauta.com\/portal\/#organization\"},\"potentialAction\":[{\"@type\":\"SearchAction\",\"target\":{\"@type\":\"EntryPoint\",\"urlTemplate\":\"https:\/\/noticiaempauta.com\/portal\/?s={search_term_string}\"},\"query-input\":{\"@type\":\"PropertyValueSpecification\",\"valueRequired\":true,\"valueName\":\"search_term_string\"}}],\"inLanguage\":\"pt-BR\"},{\"@type\":\"Organization\",\"@id\":\"https:\/\/noticiaempauta.com\/portal\/#organization\",\"name\":\"Portal Not\u00edcia em Pauta\",\"url\":\"https:\/\/noticiaempauta.com\/portal\/\",\"logo\":{\"@type\":\"ImageObject\",\"inLanguage\":\"pt-BR\",\"@id\":\"https:\/\/noticiaempauta.com\/portal\/#\/schema\/logo\/image\/\",\"url\":\"https:\/\/noticiaempauta.com\/portal\/wp-content\/uploads\/2022\/08\/logomarca_tema.fw_.png\",\"contentUrl\":\"https:\/\/noticiaempauta.com\/portal\/wp-content\/uploads\/2022\/08\/logomarca_tema.fw_.png\",\"width\":400,\"height\":232,\"caption\":\"Portal Not\u00edcia em Pauta\"},\"image\":{\"@id\":\"https:\/\/noticiaempauta.com\/portal\/#\/schema\/logo\/image\/\"},\"sameAs\":[\"https:\/\/www.facebook.com\/Portal-Notcia-Em-Pauta-102292869264820\/\",\"https:\/\/www.instagram.com\/portalnoticiaempauta\/\"]},{\"@type\":\"Person\",\"@id\":\"https:\/\/noticiaempauta.com\/portal\/#\/schema\/person\/a74af43dd1ab3deca45f988c717d57ac\",\"name\":\"Reda\u00e7\u00e3o\",\"image\":{\"@type\":\"ImageObject\",\"inLanguage\":\"pt-BR\",\"@id\":\"https:\/\/noticiaempauta.com\/portal\/#\/schema\/person\/image\/\",\"url\":\"https:\/\/secure.gravatar.com\/avatar\/03179346ecce6cdfc13361603e8f54242a90e5cde8618fa23c5c00aa2b0aadf3?s=96&d=mm&r=g\",\"contentUrl\":\"https:\/\/secure.gravatar.com\/avatar\/03179346ecce6cdfc13361603e8f54242a90e5cde8618fa23c5c00aa2b0aadf3?s=96&d=mm&r=g\",\"caption\":\"Reda\u00e7\u00e3o\"},\"sameAs\":[\"https:\/\/noticiaempauta.com\/portal\/\"],\"url\":\"https:\/\/noticiaempauta.com\/portal\/author\/fernando\/\"}]}<\/script>\n<!-- \/ Yoast SEO Premium plugin. -->","yoast_head_json":{"title":"Picos | Alunos da Escola Heli Nunes participam de interclasse - Portal Not\u00edcia em Pauta","robots":{"index":"index","follow":"follow","max-snippet":"max-snippet:-1","max-image-preview":"max-image-preview:large","max-video-preview":"max-video-preview:-1"},"canonical":"https:\/\/noticiaempauta.com\/portal\/picos-alunos-da-escola-heli-nunes-participam-de-interclasse\/","og_locale":"pt_BR","og_type":"article","og_title":"Picos | Alunos da Escola Heli Nunes participam de interclasse","og_description":"Estudantes da Escola Municipal Heli Nunes, localizada no bairro Pantanal, est\u00e3o participando dos Jogos Interclasse. O campeonato iniciou nesta segunda-feira (24) e encerrar\u00e1 na pr\u00f3xima sexta-feira (28). A secret\u00e1ria de Educa\u00e7\u00e3o de Picos, Mary Dantas, participou da abertura dos jogos. \u201c\u00c9 maravilhoso ver a energia dessas crian\u00e7as, a empolga\u00e7\u00e3o pelos jogos, a vibra\u00e7\u00e3o de cada [&hellip;]","og_url":"https:\/\/noticiaempauta.com\/portal\/picos-alunos-da-escola-heli-nunes-participam-de-interclasse\/","og_site_name":"Portal Not\u00edcia em Pauta","article_publisher":"https:\/\/www.facebook.com\/Portal-Notcia-Em-Pauta-102292869264820\/","article_published_time":"2025-11-26T17:05:59+00:00","article_modified_time":"2025-11-26T17:06:00+00:00","og_image":[{"width":800,"height":600,"url":"https:\/\/noticiaempauta.com\/portal\/wp-content\/uploads\/2025\/11\/interclasse-heli-nunes-9.jpeg","type":"image\/jpeg"}],"author":"Reda\u00e7\u00e3o","twitter_card":"summary_large_image","twitter_misc":{"Escrito por":"Reda\u00e7\u00e3o","Est. tempo de leitura":"3 minutos"},"schema":{"@context":"https:\/\/schema.org","@graph":[{"@type":"Article","@id":"https:\/\/noticiaempauta.com\/portal\/picos-alunos-da-escola-heli-nunes-participam-de-interclasse\/#article","isPartOf":{"@id":"https:\/\/noticiaempauta.com\/portal\/picos-alunos-da-escola-heli-nunes-participam-de-interclasse\/"},"author":{"name":"Reda\u00e7\u00e3o","@id":"https:\/\/noticiaempauta.com\/portal\/#\/schema\/person\/a74af43dd1ab3deca45f988c717d57ac"},"headline":"Picos | Alunos da Escola Heli Nunes participam de interclasse","datePublished":"2025-11-26T17:05:59+00:00","dateModified":"2025-11-26T17:06:00+00:00","mainEntityOfPage":{"@id":"https:\/\/noticiaempauta.com\/portal\/picos-alunos-da-escola-heli-nunes-participam-de-interclasse\/"},"wordCount":272,"commentCount":0,"publisher":{"@id":"https:\/\/noticiaempauta.com\/portal\/#organization"},"image":{"@id":"https:\/\/noticiaempauta.com\/portal\/picos-alunos-da-escola-heli-nunes-participam-de-interclasse\/#primaryimage"},"thumbnailUrl":"https:\/\/noticiaempauta.com\/portal\/wp-content\/uploads\/2025\/11\/interclasse-heli-nunes-9.jpeg","articleSection":["Destaques","Esporte","Geral","Todas as Not\u00edcias"],"inLanguage":"pt-BR","potentialAction":[{"@type":"CommentAction","name":"Comment","target":["https:\/\/noticiaempauta.com\/portal\/picos-alunos-da-escola-heli-nunes-participam-de-interclasse\/#respond"]}]},{"@type":"WebPage","@id":"https:\/\/noticiaempauta.com\/portal\/picos-alunos-da-escola-heli-nunes-participam-de-interclasse\/","url":"https:\/\/noticiaempauta.com\/portal\/picos-alunos-da-escola-heli-nunes-participam-de-interclasse\/","name":"Picos | Alunos da Escola Heli Nunes participam de interclasse - Portal Not\u00edcia em Pauta","isPartOf":{"@id":"https:\/\/noticiaempauta.com\/portal\/#website"},"primaryImageOfPage":{"@id":"https:\/\/noticiaempauta.com\/portal\/picos-alunos-da-escola-heli-nunes-participam-de-interclasse\/#primaryimage"},"image":{"@id":"https:\/\/noticiaempauta.com\/portal\/picos-alunos-da-escola-heli-nunes-participam-de-interclasse\/#primaryimage"},"thumbnailUrl":"https:\/\/noticiaempauta.com\/portal\/wp-content\/uploads\/2025\/11\/interclasse-heli-nunes-9.jpeg","datePublished":"2025-11-26T17:05:59+00:00","dateModified":"2025-11-26T17:06:00+00:00","breadcrumb":{"@id":"https:\/\/noticiaempauta.com\/portal\/picos-alunos-da-escola-heli-nunes-participam-de-interclasse\/#breadcrumb"},"inLanguage":"pt-BR","potentialAction":[{"@type":"ReadAction","target":["https:\/\/noticiaempauta.com\/portal\/picos-alunos-da-escola-heli-nunes-participam-de-interclasse\/"]}]},{"@type":"ImageObject","inLanguage":"pt-BR","@id":"https:\/\/noticiaempauta.com\/portal\/picos-alunos-da-escola-heli-nunes-participam-de-interclasse\/#primaryimage","url":"https:\/\/noticiaempauta.com\/portal\/wp-content\/uploads\/2025\/11\/interclasse-heli-nunes-9.jpeg","contentUrl":"https:\/\/noticiaempauta.com\/portal\/wp-content\/uploads\/2025\/11\/interclasse-heli-nunes-9.jpeg","width":800,"height":600},{"@type":"BreadcrumbList","@id":"https:\/\/noticiaempauta.com\/portal\/picos-alunos-da-escola-heli-nunes-participam-de-interclasse\/#breadcrumb","itemListElement":[{"@type":"ListItem","position":1,"name":"P\u00e1gina Inicial","item":"https:\/\/noticiaempauta.com\/portal\/"},{"@type":"ListItem","position":2,"name":"Destaques","item":"https:\/\/noticiaempauta.com\/portal\/destaques-site\/"},{"@type":"ListItem","position":3,"name":"Picos | Alunos da Escola Heli Nunes participam de interclasse"}]},{"@type":"WebSite","@id":"https:\/\/noticiaempauta.com\/portal\/#website","url":"https:\/\/noticiaempauta.com\/portal\/","name":"Portal Not\u00edcia em Pauta","description":"Voc\u00ea bem informado","publisher":{"@id":"https:\/\/noticiaempauta.com\/portal\/#organization"},"potentialAction":[{"@type":"SearchAction","target":{"@type":"EntryPoint","urlTemplate":"https:\/\/noticiaempauta.com\/portal\/?s={search_term_string}"},"query-input":{"@type":"PropertyValueSpecification","valueRequired":true,"valueName":"search_term_string"}}],"inLanguage":"pt-BR"},{"@type":"Organization","@id":"https:\/\/noticiaempauta.com\/portal\/#organization","name":"Portal Not\u00edcia em Pauta","url":"https:\/\/noticiaempauta.com\/portal\/","logo":{"@type":"ImageObject","inLanguage":"pt-BR","@id":"https:\/\/noticiaempauta.com\/portal\/#\/schema\/logo\/image\/","url":"https:\/\/noticiaempauta.com\/portal\/wp-content\/uploads\/2022\/08\/logomarca_tema.fw_.png","contentUrl":"https:\/\/noticiaempauta.com\/portal\/wp-content\/uploads\/2022\/08\/logomarca_tema.fw_.png","width":400,"height":232,"caption":"Portal Not\u00edcia em Pauta"},"image":{"@id":"https:\/\/noticiaempauta.com\/portal\/#\/schema\/logo\/image\/"},"sameAs":["https:\/\/www.facebook.com\/Portal-Notcia-Em-Pauta-102292869264820\/","https:\/\/www.instagram.com\/portalnoticiaempauta\/"]},{"@type":"Person","@id":"https:\/\/noticiaempauta.com\/portal\/#\/schema\/person\/a74af43dd1ab3deca45f988c717d57ac","name":"Reda\u00e7\u00e3o","image":{"@type":"ImageObject","inLanguage":"pt-BR","@id":"https:\/\/noticiaempauta.com\/portal\/#\/schema\/person\/image\/","url":"https:\/\/secure.gravatar.com\/avatar\/03179346ecce6cdfc13361603e8f54242a90e5cde8618fa23c5c00aa2b0aadf3?s=96&d=mm&r=g","contentUrl":"https:\/\/secure.gravatar.com\/avatar\/03179346ecce6cdfc13361603e8f54242a90e5cde8618fa23c5c00aa2b0aadf3?s=96&d=mm&r=g","caption":"Reda\u00e7\u00e3o"},"sameAs":["https:\/\/noticiaempauta.com\/portal\/"],"url":"https:\/\/noticiaempauta.com\/portal\/author\/fernando\/"}]}},"_links":{"self":[{"href":"https:\/\/noticiaempauta.com\/portal\/wp-json\/wp\/v2\/posts\/281163","targetHints":{"allow":["GET"]}}],"collection":[{"href":"https:\/\/noticiaempauta.com\/portal\/wp-json\/wp\/v2\/posts"}],"about":[{"href":"https:\/\/noticiaempauta.com\/portal\/wp-json\/wp\/v2\/types\/post"}],"author":[{"embeddable":true,"href":"https:\/\/noticiaempauta.com\/portal\/wp-json\/wp\/v2\/users\/2"}],"replies":[{"embeddable":true,"href":"https:\/\/noticiaempauta.com\/portal\/wp-json\/wp\/v2\/comments?post=281163"}],"version-history":[{"count":2,"href":"https:\/\/noticiaempauta.com\/portal\/wp-json\/wp\/v2\/posts\/281163\/revisions"}],"predecessor-version":[{"id":281170,"href":"https:\/\/noticiaempauta.com\/portal\/wp-json\/wp\/v2\/posts\/281163\/revisions\/281170"}],"wp:featuredmedia":[{"embeddable":true,"href":"https:\/\/noticiaempauta.com\/portal\/wp-json\/wp\/v2\/media\/281168"}],"wp:attachment":[{"href":"https:\/\/noticiaempauta.com\/portal\/wp-json\/wp\/v2\/media?parent=281163"}],"wp:term":[{"taxonomy":"category","embeddable":true,"href":"https:\/\/noticiaempauta.com\/portal\/wp-json\/wp\/v2\/categories?post=281163"},{"taxonomy":"post_tag","embeddable":true,"href":"https:\/\/noticiaempauta.com\/portal\/wp-json\/wp\/v2\/tags?post=281163"}],"curies":[{"name":"wp","href":"https:\/\/api.w.org\/{rel}","templated":true}]}}