{"id":281172,"date":"2025-11-26T14:21:45","date_gmt":"2025-11-26T17:21:45","guid":{"rendered":"https:\/\/noticiaempauta.com\/portal\/?p=281172"},"modified":"2025-11-26T14:51:27","modified_gmt":"2025-11-26T17:51:27","slug":"aroeiras-do-itaim-promove-acoes-de-saude-do-homem-em-alusao-a-campanha-novembro-azul","status":"publish","type":"post","link":"https:\/\/noticiaempauta.com\/portal\/aroeiras-do-itaim-promove-acoes-de-saude-do-homem-em-alusao-a-campanha-novembro-azul\/","title":{"rendered":"Aroeiras do Itaim promove a\u00e7\u00f5es de sa\u00fade do homem em alus\u00e3o a campanha Novembro Azul"},"content":{"rendered":"\n<p>A Prefeitura Municipal de Aroeiras do Itaim, por meio da Secretaria Municipal de Sa\u00fade, promoveu na manh\u00e3 desta quarta-feira (26) a a\u00e7\u00e3o \u201cJuntos contra o C\u00e2ncer de Pr\u00f3stata \u2013 Prevenir \u00e9 um Ato de Amor\u201d, dentro da campanha Novembro Azul. <\/p>\n\n\n\n<figure class=\"wp-block-image size-large\"><img fetchpriority=\"high\" decoding=\"async\" width=\"1024\" height=\"683\" src=\"https:\/\/noticiaempauta.com\/portal\/wp-content\/uploads\/2025\/11\/IMG_0870-1024x683.jpeg\" alt=\"\" class=\"wp-image-281180\" srcset=\"https:\/\/noticiaempauta.com\/portal\/wp-content\/uploads\/2025\/11\/IMG_0870-1024x683.jpeg 1024w, https:\/\/noticiaempauta.com\/portal\/wp-content\/uploads\/2025\/11\/IMG_0870-300x200.jpeg 300w, https:\/\/noticiaempauta.com\/portal\/wp-content\/uploads\/2025\/11\/IMG_0870-768x512.jpeg 768w, https:\/\/noticiaempauta.com\/portal\/wp-content\/uploads\/2025\/11\/IMG_0870-1536x1024.jpeg 1536w, https:\/\/noticiaempauta.com\/portal\/wp-content\/uploads\/2025\/11\/IMG_0870.jpeg 1920w\" sizes=\"(max-width: 1024px) 100vw, 1024px\" \/><figcaption class=\"wp-element-caption\"><em>(Fotos: Portal T\u00f4 de Olho)<\/em><\/figcaption><\/figure>\n\n\n\n<p>O evento aconteceu na UBAS de Aroeiras do Itaim e reuniu dezenas de homens em um momento voltado para conscientiza\u00e7\u00e3o, preven\u00e7\u00e3o e cuidado integral com a sa\u00fade masculina.<\/p>\n\n\n\n<figure class=\"wp-block-image size-large\"><img decoding=\"async\" width=\"1024\" height=\"683\" src=\"https:\/\/noticiaempauta.com\/portal\/wp-content\/uploads\/2025\/11\/IMG_0890-1536x1024-1-1024x683.jpeg\" alt=\"\" class=\"wp-image-281173\" srcset=\"https:\/\/noticiaempauta.com\/portal\/wp-content\/uploads\/2025\/11\/IMG_0890-1536x1024-1-1024x683.jpeg 1024w, https:\/\/noticiaempauta.com\/portal\/wp-content\/uploads\/2025\/11\/IMG_0890-1536x1024-1-300x200.jpeg 300w, https:\/\/noticiaempauta.com\/portal\/wp-content\/uploads\/2025\/11\/IMG_0890-1536x1024-1-768x512.jpeg 768w, https:\/\/noticiaempauta.com\/portal\/wp-content\/uploads\/2025\/11\/IMG_0890-1536x1024-1.jpeg 1536w\" sizes=\"(max-width: 1024px) 100vw, 1024px\" \/><\/figure>\n\n\n\n<figure class=\"wp-block-image size-large\"><img decoding=\"async\" width=\"1024\" height=\"683\" src=\"https:\/\/noticiaempauta.com\/portal\/wp-content\/uploads\/2025\/11\/IMG_0912-1024x683.jpeg\" alt=\"\" class=\"wp-image-281179\" srcset=\"https:\/\/noticiaempauta.com\/portal\/wp-content\/uploads\/2025\/11\/IMG_0912-1024x683.jpeg 1024w, https:\/\/noticiaempauta.com\/portal\/wp-content\/uploads\/2025\/11\/IMG_0912-300x200.jpeg 300w, https:\/\/noticiaempauta.com\/portal\/wp-content\/uploads\/2025\/11\/IMG_0912-768x512.jpeg 768w, https:\/\/noticiaempauta.com\/portal\/wp-content\/uploads\/2025\/11\/IMG_0912-1536x1024.jpeg 1536w, https:\/\/noticiaempauta.com\/portal\/wp-content\/uploads\/2025\/11\/IMG_0912.jpeg 1920w\" sizes=\"(max-width: 1024px) 100vw, 1024px\" \/><\/figure>\n\n\n\n<p>A programa\u00e7\u00e3o contou com palestra do psiquiatra e cl\u00ednico geral Dr. Renato Guilhermy, que abordou temas relacionados \u00e0 sa\u00fade do homem, incluindo preven\u00e7\u00e3o do c\u00e2ncer de pr\u00f3stata, cuidados com a sa\u00fade mental e import\u00e2ncia da realiza\u00e7\u00e3o de exames de rotina.<\/p>\n\n\n\n<figure class=\"wp-block-image size-large\"><img loading=\"lazy\" decoding=\"async\" width=\"1024\" height=\"683\" src=\"https:\/\/noticiaempauta.com\/portal\/wp-content\/uploads\/2025\/11\/IMG_0884-1536x1024-1-1024x683.jpeg\" alt=\"\" class=\"wp-image-281178\" srcset=\"https:\/\/noticiaempauta.com\/portal\/wp-content\/uploads\/2025\/11\/IMG_0884-1536x1024-1-1024x683.jpeg 1024w, https:\/\/noticiaempauta.com\/portal\/wp-content\/uploads\/2025\/11\/IMG_0884-1536x1024-1-300x200.jpeg 300w, https:\/\/noticiaempauta.com\/portal\/wp-content\/uploads\/2025\/11\/IMG_0884-1536x1024-1-768x512.jpeg 768w, https:\/\/noticiaempauta.com\/portal\/wp-content\/uploads\/2025\/11\/IMG_0884-1536x1024-1.jpeg 1536w\" sizes=\"(max-width: 1024px) 100vw, 1024px\" \/><\/figure>\n\n\n\n<p>Al\u00e9m da palestra, os participantes tiveram acesso a uma s\u00e9rie de atendimentos e servi\u00e7os, como coleta sangu\u00ednea de PSA, verifica\u00e7\u00e3o de press\u00e3o arterial, peso, altura e glicemia, atualiza\u00e7\u00e3o vacinal, al\u00e9m de um caf\u00e9 da manh\u00e3 especial preparado para acolher os presentes.<\/p>\n\n\n\n<figure class=\"wp-block-image size-large\"><img loading=\"lazy\" decoding=\"async\" width=\"1024\" height=\"683\" src=\"https:\/\/noticiaempauta.com\/portal\/wp-content\/uploads\/2025\/11\/IMG_0864-1536x1024-1-1024x683.jpeg\" alt=\"\" class=\"wp-image-281177\" srcset=\"https:\/\/noticiaempauta.com\/portal\/wp-content\/uploads\/2025\/11\/IMG_0864-1536x1024-1-1024x683.jpeg 1024w, https:\/\/noticiaempauta.com\/portal\/wp-content\/uploads\/2025\/11\/IMG_0864-1536x1024-1-300x200.jpeg 300w, https:\/\/noticiaempauta.com\/portal\/wp-content\/uploads\/2025\/11\/IMG_0864-1536x1024-1-768x512.jpeg 768w, https:\/\/noticiaempauta.com\/portal\/wp-content\/uploads\/2025\/11\/IMG_0864-1536x1024-1.jpeg 1536w\" sizes=\"(max-width: 1024px) 100vw, 1024px\" \/><\/figure>\n\n\n\n<p>A secret\u00e1ria municipal de Sa\u00fade, Zoneide Macedo, destacou a import\u00e2ncia da iniciativa e o compromisso da gest\u00e3o com a\u00e7\u00f5es preventivas.<\/p>\n\n\n\n<figure class=\"wp-block-image size-large\"><img loading=\"lazy\" decoding=\"async\" width=\"1024\" height=\"683\" src=\"https:\/\/noticiaempauta.com\/portal\/wp-content\/uploads\/2025\/11\/IMG_0861-1536x1024-1-1024x683.jpeg\" alt=\"\" class=\"wp-image-281174\" srcset=\"https:\/\/noticiaempauta.com\/portal\/wp-content\/uploads\/2025\/11\/IMG_0861-1536x1024-1-1024x683.jpeg 1024w, https:\/\/noticiaempauta.com\/portal\/wp-content\/uploads\/2025\/11\/IMG_0861-1536x1024-1-300x200.jpeg 300w, https:\/\/noticiaempauta.com\/portal\/wp-content\/uploads\/2025\/11\/IMG_0861-1536x1024-1-768x512.jpeg 768w, https:\/\/noticiaempauta.com\/portal\/wp-content\/uploads\/2025\/11\/IMG_0861-1536x1024-1.jpeg 1536w\" sizes=\"(max-width: 1024px) 100vw, 1024px\" \/><\/figure>\n\n\n\n<p>\u201cN\u00f3s tivemos a ideia de trazer os homens para a UBAS para que eles possam ter um conhecimento sobre o c\u00e2ncer e sobre doen\u00e7as f\u00edsicas e mentais. Convidei o Dr. Renato, que ministrou uma palestra orientando sobre a import\u00e2ncia dos exames de rotina. Vi que todos gostaram, ficaram satisfeitos. Como secret\u00e1ria, vou buscar sempre a\u00e7\u00f5es de autocuidado e preven\u00e7\u00e3o, porque prevenir \u00e9 o melhor rem\u00e9dio. Hoje tivemos v\u00e1rios profissionais dispostos a atender esse p\u00fablico. Foi um dia voltado para eles\u201d, afirmou.<\/p>\n\n\n\n<figure class=\"wp-block-image size-large\"><img loading=\"lazy\" decoding=\"async\" width=\"1024\" height=\"683\" src=\"https:\/\/noticiaempauta.com\/portal\/wp-content\/uploads\/2025\/11\/IMG_0892-1536x1024-1-1024x683.jpeg\" alt=\"\" class=\"wp-image-281176\" srcset=\"https:\/\/noticiaempauta.com\/portal\/wp-content\/uploads\/2025\/11\/IMG_0892-1536x1024-1-1024x683.jpeg 1024w, https:\/\/noticiaempauta.com\/portal\/wp-content\/uploads\/2025\/11\/IMG_0892-1536x1024-1-300x200.jpeg 300w, https:\/\/noticiaempauta.com\/portal\/wp-content\/uploads\/2025\/11\/IMG_0892-1536x1024-1-768x512.jpeg 768w, https:\/\/noticiaempauta.com\/portal\/wp-content\/uploads\/2025\/11\/IMG_0892-1536x1024-1.jpeg 1536w\" sizes=\"(max-width: 1024px) 100vw, 1024px\" \/><\/figure>\n\n\n\n<p>Durante a palestra, o m\u00e9dico Dr. Renato Guilhermy refor\u00e7ou a necessidade de aten\u00e7\u00e3o especial \u00e0 sa\u00fade masculina.<\/p>\n\n\n\n<figure class=\"wp-block-image size-large\"><img loading=\"lazy\" decoding=\"async\" width=\"1024\" height=\"683\" src=\"https:\/\/noticiaempauta.com\/portal\/wp-content\/uploads\/2025\/11\/IMG_0910-1536x1024-1-1024x683.jpeg\" alt=\"\" class=\"wp-image-281175\" srcset=\"https:\/\/noticiaempauta.com\/portal\/wp-content\/uploads\/2025\/11\/IMG_0910-1536x1024-1-1024x683.jpeg 1024w, https:\/\/noticiaempauta.com\/portal\/wp-content\/uploads\/2025\/11\/IMG_0910-1536x1024-1-300x200.jpeg 300w, https:\/\/noticiaempauta.com\/portal\/wp-content\/uploads\/2025\/11\/IMG_0910-1536x1024-1-768x512.jpeg 768w, https:\/\/noticiaempauta.com\/portal\/wp-content\/uploads\/2025\/11\/IMG_0910-1536x1024-1.jpeg 1536w\" sizes=\"(max-width: 1024px) 100vw, 1024px\" \/><\/figure>\n\n\n\n<p>\u201cFalamos sobre cinco trip\u00e9s da sa\u00fade do homem: doen\u00e7as do sangue, colesterol, triglicer\u00eddeos, diabetes, hipertens\u00e3o arterial e tamb\u00e9m o c\u00e2ncer de pr\u00f3stata. Aproveitamos para abordar a sa\u00fade mental. Sabemos que o tumor de pr\u00f3stata \u00e9 um dos que mais afetam os homens hoje, com cerca de 71 mil novos casos por ano no Brasil. A \u00fanica forma de preven\u00e7\u00e3o \u00e9 por meio de exames de rotina, como PSA, ultrassom e o exame de toque ap\u00f3s os 50 anos\u201d, explicou o especialista.<\/p>\n\n\n\n<figure class=\"wp-block-image size-large\"><img loading=\"lazy\" decoding=\"async\" width=\"1024\" height=\"683\" src=\"https:\/\/noticiaempauta.com\/portal\/wp-content\/uploads\/2025\/11\/IMG_0882-1536x1024-1-1024x683.jpeg\" alt=\"\" class=\"wp-image-281181\" srcset=\"https:\/\/noticiaempauta.com\/portal\/wp-content\/uploads\/2025\/11\/IMG_0882-1536x1024-1-1024x683.jpeg 1024w, https:\/\/noticiaempauta.com\/portal\/wp-content\/uploads\/2025\/11\/IMG_0882-1536x1024-1-300x200.jpeg 300w, https:\/\/noticiaempauta.com\/portal\/wp-content\/uploads\/2025\/11\/IMG_0882-1536x1024-1-768x512.jpeg 768w, https:\/\/noticiaempauta.com\/portal\/wp-content\/uploads\/2025\/11\/IMG_0882-1536x1024-1.jpeg 1536w\" sizes=\"(max-width: 1024px) 100vw, 1024px\" \/><\/figure>\n\n\n\n<p>A a\u00e7\u00e3o refor\u00e7a o compromisso da gest\u00e3o municipal em promover campanhas educativas e ampliar o acesso da popula\u00e7\u00e3o a servi\u00e7os de preven\u00e7\u00e3o e cuidado, fortalecendo a import\u00e2ncia do Novembro Azul em Aroeiras do Itaim.<\/p>\n\n\n\n<p>Fonte: Portal T\u00f4 de Olho<\/p>\n","protected":false},"excerpt":{"rendered":"<p>A Prefeitura Municipal de Aroeiras do Itaim, por meio da Secretaria Municipal de Sa\u00fade, promoveu na manh\u00e3 desta quarta-feira (26) a a\u00e7\u00e3o \u201cJuntos contra o C\u00e2ncer de Pr\u00f3stata \u2013 Prevenir \u00e9 um Ato de Amor\u201d, dentro da campanha Novembro Azul. O evento aconteceu na UBAS de Aroeiras do Itaim e reuniu dezenas de homens em [&hellip;]<\/p>\n","protected":false},"author":2,"featured_media":281173,"comment_status":"open","ping_status":"open","sticky":false,"template":"","format":"standard","meta":{"_mi_skip_tracking":false,"footnotes":""},"categories":[25,1,9,16],"tags":[],"class_list":["post-281172","post","type-post","status-publish","format-standard","has-post-thumbnail","hentry","category-destaques-site","category-geral","category-municipios","category-todas"],"acf":[],"yoast_head":"<!-- This site is optimized with the Yoast SEO Premium plugin v19.2 (Yoast SEO v26.9) - https:\/\/yoast.com\/product\/yoast-seo-premium-wordpress\/ -->\n<title>Aroeiras do Itaim promove a\u00e7\u00f5es de sa\u00fade do homem em alus\u00e3o a campanha Novembro Azul - Portal Not\u00edcia em Pauta<\/title>\n<meta name=\"robots\" content=\"index, follow, max-snippet:-1, max-image-preview:large, max-video-preview:-1\" \/>\n<link rel=\"canonical\" href=\"https:\/\/noticiaempauta.com\/portal\/aroeiras-do-itaim-promove-acoes-de-saude-do-homem-em-alusao-a-campanha-novembro-azul\/\" \/>\n<meta property=\"og:locale\" content=\"pt_BR\" \/>\n<meta property=\"og:type\" content=\"article\" \/>\n<meta property=\"og:title\" content=\"Aroeiras do Itaim promove a\u00e7\u00f5es de sa\u00fade do homem em alus\u00e3o a campanha Novembro Azul\" \/>\n<meta property=\"og:description\" content=\"A Prefeitura Municipal de Aroeiras do Itaim, por meio da Secretaria Municipal de Sa\u00fade, promoveu na manh\u00e3 desta quarta-feira (26) a a\u00e7\u00e3o \u201cJuntos contra o C\u00e2ncer de Pr\u00f3stata \u2013 Prevenir \u00e9 um Ato de Amor\u201d, dentro da campanha Novembro Azul. O evento aconteceu na UBAS de Aroeiras do Itaim e reuniu dezenas de homens em [&hellip;]\" \/>\n<meta property=\"og:url\" content=\"https:\/\/noticiaempauta.com\/portal\/aroeiras-do-itaim-promove-acoes-de-saude-do-homem-em-alusao-a-campanha-novembro-azul\/\" \/>\n<meta property=\"og:site_name\" content=\"Portal Not\u00edcia em Pauta\" \/>\n<meta property=\"article:publisher\" content=\"https:\/\/www.facebook.com\/Portal-Notcia-Em-Pauta-102292869264820\/\" \/>\n<meta property=\"article:published_time\" content=\"2025-11-26T17:21:45+00:00\" \/>\n<meta property=\"article:modified_time\" content=\"2025-11-26T17:51:27+00:00\" \/>\n<meta property=\"og:image\" content=\"https:\/\/noticiaempauta.com\/portal\/wp-content\/uploads\/2025\/11\/IMG_0890-1536x1024-1.jpeg\" \/>\n\t<meta property=\"og:image:width\" content=\"1536\" \/>\n\t<meta property=\"og:image:height\" content=\"1024\" \/>\n\t<meta property=\"og:image:type\" content=\"image\/jpeg\" \/>\n<meta name=\"author\" content=\"Reda\u00e7\u00e3o\" \/>\n<meta name=\"twitter:card\" content=\"summary_large_image\" \/>\n<meta name=\"twitter:label1\" content=\"Escrito por\" \/>\n\t<meta name=\"twitter:data1\" content=\"Reda\u00e7\u00e3o\" \/>\n\t<meta name=\"twitter:label2\" content=\"Est. tempo de leitura\" \/>\n\t<meta name=\"twitter:data2\" content=\"5 minutos\" \/>\n<script type=\"application\/ld+json\" class=\"yoast-schema-graph\">{\"@context\":\"https:\/\/schema.org\",\"@graph\":[{\"@type\":\"Article\",\"@id\":\"https:\/\/noticiaempauta.com\/portal\/aroeiras-do-itaim-promove-acoes-de-saude-do-homem-em-alusao-a-campanha-novembro-azul\/#article\",\"isPartOf\":{\"@id\":\"https:\/\/noticiaempauta.com\/portal\/aroeiras-do-itaim-promove-acoes-de-saude-do-homem-em-alusao-a-campanha-novembro-azul\/\"},\"author\":{\"name\":\"Reda\u00e7\u00e3o\",\"@id\":\"https:\/\/noticiaempauta.com\/portal\/#\/schema\/person\/a74af43dd1ab3deca45f988c717d57ac\"},\"headline\":\"Aroeiras do Itaim promove a\u00e7\u00f5es de sa\u00fade do homem em alus\u00e3o a campanha Novembro Azul\",\"datePublished\":\"2025-11-26T17:21:45+00:00\",\"dateModified\":\"2025-11-26T17:51:27+00:00\",\"mainEntityOfPage\":{\"@id\":\"https:\/\/noticiaempauta.com\/portal\/aroeiras-do-itaim-promove-acoes-de-saude-do-homem-em-alusao-a-campanha-novembro-azul\/\"},\"wordCount\":463,\"commentCount\":0,\"publisher\":{\"@id\":\"https:\/\/noticiaempauta.com\/portal\/#organization\"},\"image\":{\"@id\":\"https:\/\/noticiaempauta.com\/portal\/aroeiras-do-itaim-promove-acoes-de-saude-do-homem-em-alusao-a-campanha-novembro-azul\/#primaryimage\"},\"thumbnailUrl\":\"https:\/\/noticiaempauta.com\/portal\/wp-content\/uploads\/2025\/11\/IMG_0890-1536x1024-1.jpeg\",\"articleSection\":[\"Destaques\",\"Geral\",\"Munic\u00edpios\",\"Todas as Not\u00edcias\"],\"inLanguage\":\"pt-BR\",\"potentialAction\":[{\"@type\":\"CommentAction\",\"name\":\"Comment\",\"target\":[\"https:\/\/noticiaempauta.com\/portal\/aroeiras-do-itaim-promove-acoes-de-saude-do-homem-em-alusao-a-campanha-novembro-azul\/#respond\"]}]},{\"@type\":\"WebPage\",\"@id\":\"https:\/\/noticiaempauta.com\/portal\/aroeiras-do-itaim-promove-acoes-de-saude-do-homem-em-alusao-a-campanha-novembro-azul\/\",\"url\":\"https:\/\/noticiaempauta.com\/portal\/aroeiras-do-itaim-promove-acoes-de-saude-do-homem-em-alusao-a-campanha-novembro-azul\/\",\"name\":\"Aroeiras do Itaim promove a\u00e7\u00f5es de sa\u00fade do homem em alus\u00e3o a campanha Novembro Azul - Portal Not\u00edcia em Pauta\",\"isPartOf\":{\"@id\":\"https:\/\/noticiaempauta.com\/portal\/#website\"},\"primaryImageOfPage\":{\"@id\":\"https:\/\/noticiaempauta.com\/portal\/aroeiras-do-itaim-promove-acoes-de-saude-do-homem-em-alusao-a-campanha-novembro-azul\/#primaryimage\"},\"image\":{\"@id\":\"https:\/\/noticiaempauta.com\/portal\/aroeiras-do-itaim-promove-acoes-de-saude-do-homem-em-alusao-a-campanha-novembro-azul\/#primaryimage\"},\"thumbnailUrl\":\"https:\/\/noticiaempauta.com\/portal\/wp-content\/uploads\/2025\/11\/IMG_0890-1536x1024-1.jpeg\",\"datePublished\":\"2025-11-26T17:21:45+00:00\",\"dateModified\":\"2025-11-26T17:51:27+00:00\",\"breadcrumb\":{\"@id\":\"https:\/\/noticiaempauta.com\/portal\/aroeiras-do-itaim-promove-acoes-de-saude-do-homem-em-alusao-a-campanha-novembro-azul\/#breadcrumb\"},\"inLanguage\":\"pt-BR\",\"potentialAction\":[{\"@type\":\"ReadAction\",\"target\":[\"https:\/\/noticiaempauta.com\/portal\/aroeiras-do-itaim-promove-acoes-de-saude-do-homem-em-alusao-a-campanha-novembro-azul\/\"]}]},{\"@type\":\"ImageObject\",\"inLanguage\":\"pt-BR\",\"@id\":\"https:\/\/noticiaempauta.com\/portal\/aroeiras-do-itaim-promove-acoes-de-saude-do-homem-em-alusao-a-campanha-novembro-azul\/#primaryimage\",\"url\":\"https:\/\/noticiaempauta.com\/portal\/wp-content\/uploads\/2025\/11\/IMG_0890-1536x1024-1.jpeg\",\"contentUrl\":\"https:\/\/noticiaempauta.com\/portal\/wp-content\/uploads\/2025\/11\/IMG_0890-1536x1024-1.jpeg\",\"width\":1536,\"height\":1024},{\"@type\":\"BreadcrumbList\",\"@id\":\"https:\/\/noticiaempauta.com\/portal\/aroeiras-do-itaim-promove-acoes-de-saude-do-homem-em-alusao-a-campanha-novembro-azul\/#breadcrumb\",\"itemListElement\":[{\"@type\":\"ListItem\",\"position\":1,\"name\":\"P\u00e1gina Inicial\",\"item\":\"https:\/\/noticiaempauta.com\/portal\/\"},{\"@type\":\"ListItem\",\"position\":2,\"name\":\"Destaques\",\"item\":\"https:\/\/noticiaempauta.com\/portal\/destaques-site\/\"},{\"@type\":\"ListItem\",\"position\":3,\"name\":\"Aroeiras do Itaim promove a\u00e7\u00f5es de sa\u00fade do homem em alus\u00e3o a campanha Novembro Azul\"}]},{\"@type\":\"WebSite\",\"@id\":\"https:\/\/noticiaempauta.com\/portal\/#website\",\"url\":\"https:\/\/noticiaempauta.com\/portal\/\",\"name\":\"Portal Not\u00edcia em Pauta\",\"description\":\"Voc\u00ea bem informado\",\"publisher\":{\"@id\":\"https:\/\/noticiaempauta.com\/portal\/#organization\"},\"potentialAction\":[{\"@type\":\"SearchAction\",\"target\":{\"@type\":\"EntryPoint\",\"urlTemplate\":\"https:\/\/noticiaempauta.com\/portal\/?s={search_term_string}\"},\"query-input\":{\"@type\":\"PropertyValueSpecification\",\"valueRequired\":true,\"valueName\":\"search_term_string\"}}],\"inLanguage\":\"pt-BR\"},{\"@type\":\"Organization\",\"@id\":\"https:\/\/noticiaempauta.com\/portal\/#organization\",\"name\":\"Portal Not\u00edcia em Pauta\",\"url\":\"https:\/\/noticiaempauta.com\/portal\/\",\"logo\":{\"@type\":\"ImageObject\",\"inLanguage\":\"pt-BR\",\"@id\":\"https:\/\/noticiaempauta.com\/portal\/#\/schema\/logo\/image\/\",\"url\":\"https:\/\/noticiaempauta.com\/portal\/wp-content\/uploads\/2022\/08\/logomarca_tema.fw_.png\",\"contentUrl\":\"https:\/\/noticiaempauta.com\/portal\/wp-content\/uploads\/2022\/08\/logomarca_tema.fw_.png\",\"width\":400,\"height\":232,\"caption\":\"Portal Not\u00edcia em Pauta\"},\"image\":{\"@id\":\"https:\/\/noticiaempauta.com\/portal\/#\/schema\/logo\/image\/\"},\"sameAs\":[\"https:\/\/www.facebook.com\/Portal-Notcia-Em-Pauta-102292869264820\/\",\"https:\/\/www.instagram.com\/portalnoticiaempauta\/\"]},{\"@type\":\"Person\",\"@id\":\"https:\/\/noticiaempauta.com\/portal\/#\/schema\/person\/a74af43dd1ab3deca45f988c717d57ac\",\"name\":\"Reda\u00e7\u00e3o\",\"image\":{\"@type\":\"ImageObject\",\"inLanguage\":\"pt-BR\",\"@id\":\"https:\/\/noticiaempauta.com\/portal\/#\/schema\/person\/image\/\",\"url\":\"https:\/\/secure.gravatar.com\/avatar\/03179346ecce6cdfc13361603e8f54242a90e5cde8618fa23c5c00aa2b0aadf3?s=96&d=mm&r=g\",\"contentUrl\":\"https:\/\/secure.gravatar.com\/avatar\/03179346ecce6cdfc13361603e8f54242a90e5cde8618fa23c5c00aa2b0aadf3?s=96&d=mm&r=g\",\"caption\":\"Reda\u00e7\u00e3o\"},\"sameAs\":[\"https:\/\/noticiaempauta.com\/portal\/\"],\"url\":\"https:\/\/noticiaempauta.com\/portal\/author\/fernando\/\"}]}<\/script>\n<!-- \/ Yoast SEO Premium plugin. -->","yoast_head_json":{"title":"Aroeiras do Itaim promove a\u00e7\u00f5es de sa\u00fade do homem em alus\u00e3o a campanha Novembro Azul - Portal Not\u00edcia em Pauta","robots":{"index":"index","follow":"follow","max-snippet":"max-snippet:-1","max-image-preview":"max-image-preview:large","max-video-preview":"max-video-preview:-1"},"canonical":"https:\/\/noticiaempauta.com\/portal\/aroeiras-do-itaim-promove-acoes-de-saude-do-homem-em-alusao-a-campanha-novembro-azul\/","og_locale":"pt_BR","og_type":"article","og_title":"Aroeiras do Itaim promove a\u00e7\u00f5es de sa\u00fade do homem em alus\u00e3o a campanha Novembro Azul","og_description":"A Prefeitura Municipal de Aroeiras do Itaim, por meio da Secretaria Municipal de Sa\u00fade, promoveu na manh\u00e3 desta quarta-feira (26) a a\u00e7\u00e3o \u201cJuntos contra o C\u00e2ncer de Pr\u00f3stata \u2013 Prevenir \u00e9 um Ato de Amor\u201d, dentro da campanha Novembro Azul. O evento aconteceu na UBAS de Aroeiras do Itaim e reuniu dezenas de homens em [&hellip;]","og_url":"https:\/\/noticiaempauta.com\/portal\/aroeiras-do-itaim-promove-acoes-de-saude-do-homem-em-alusao-a-campanha-novembro-azul\/","og_site_name":"Portal Not\u00edcia em Pauta","article_publisher":"https:\/\/www.facebook.com\/Portal-Notcia-Em-Pauta-102292869264820\/","article_published_time":"2025-11-26T17:21:45+00:00","article_modified_time":"2025-11-26T17:51:27+00:00","og_image":[{"width":1536,"height":1024,"url":"https:\/\/noticiaempauta.com\/portal\/wp-content\/uploads\/2025\/11\/IMG_0890-1536x1024-1.jpeg","type":"image\/jpeg"}],"author":"Reda\u00e7\u00e3o","twitter_card":"summary_large_image","twitter_misc":{"Escrito por":"Reda\u00e7\u00e3o","Est. tempo de leitura":"5 minutos"},"schema":{"@context":"https:\/\/schema.org","@graph":[{"@type":"Article","@id":"https:\/\/noticiaempauta.com\/portal\/aroeiras-do-itaim-promove-acoes-de-saude-do-homem-em-alusao-a-campanha-novembro-azul\/#article","isPartOf":{"@id":"https:\/\/noticiaempauta.com\/portal\/aroeiras-do-itaim-promove-acoes-de-saude-do-homem-em-alusao-a-campanha-novembro-azul\/"},"author":{"name":"Reda\u00e7\u00e3o","@id":"https:\/\/noticiaempauta.com\/portal\/#\/schema\/person\/a74af43dd1ab3deca45f988c717d57ac"},"headline":"Aroeiras do Itaim promove a\u00e7\u00f5es de sa\u00fade do homem em alus\u00e3o a campanha Novembro Azul","datePublished":"2025-11-26T17:21:45+00:00","dateModified":"2025-11-26T17:51:27+00:00","mainEntityOfPage":{"@id":"https:\/\/noticiaempauta.com\/portal\/aroeiras-do-itaim-promove-acoes-de-saude-do-homem-em-alusao-a-campanha-novembro-azul\/"},"wordCount":463,"commentCount":0,"publisher":{"@id":"https:\/\/noticiaempauta.com\/portal\/#organization"},"image":{"@id":"https:\/\/noticiaempauta.com\/portal\/aroeiras-do-itaim-promove-acoes-de-saude-do-homem-em-alusao-a-campanha-novembro-azul\/#primaryimage"},"thumbnailUrl":"https:\/\/noticiaempauta.com\/portal\/wp-content\/uploads\/2025\/11\/IMG_0890-1536x1024-1.jpeg","articleSection":["Destaques","Geral","Munic\u00edpios","Todas as Not\u00edcias"],"inLanguage":"pt-BR","potentialAction":[{"@type":"CommentAction","name":"Comment","target":["https:\/\/noticiaempauta.com\/portal\/aroeiras-do-itaim-promove-acoes-de-saude-do-homem-em-alusao-a-campanha-novembro-azul\/#respond"]}]},{"@type":"WebPage","@id":"https:\/\/noticiaempauta.com\/portal\/aroeiras-do-itaim-promove-acoes-de-saude-do-homem-em-alusao-a-campanha-novembro-azul\/","url":"https:\/\/noticiaempauta.com\/portal\/aroeiras-do-itaim-promove-acoes-de-saude-do-homem-em-alusao-a-campanha-novembro-azul\/","name":"Aroeiras do Itaim promove a\u00e7\u00f5es de sa\u00fade do homem em alus\u00e3o a campanha Novembro Azul - Portal Not\u00edcia em Pauta","isPartOf":{"@id":"https:\/\/noticiaempauta.com\/portal\/#website"},"primaryImageOfPage":{"@id":"https:\/\/noticiaempauta.com\/portal\/aroeiras-do-itaim-promove-acoes-de-saude-do-homem-em-alusao-a-campanha-novembro-azul\/#primaryimage"},"image":{"@id":"https:\/\/noticiaempauta.com\/portal\/aroeiras-do-itaim-promove-acoes-de-saude-do-homem-em-alusao-a-campanha-novembro-azul\/#primaryimage"},"thumbnailUrl":"https:\/\/noticiaempauta.com\/portal\/wp-content\/uploads\/2025\/11\/IMG_0890-1536x1024-1.jpeg","datePublished":"2025-11-26T17:21:45+00:00","dateModified":"2025-11-26T17:51:27+00:00","breadcrumb":{"@id":"https:\/\/noticiaempauta.com\/portal\/aroeiras-do-itaim-promove-acoes-de-saude-do-homem-em-alusao-a-campanha-novembro-azul\/#breadcrumb"},"inLanguage":"pt-BR","potentialAction":[{"@type":"ReadAction","target":["https:\/\/noticiaempauta.com\/portal\/aroeiras-do-itaim-promove-acoes-de-saude-do-homem-em-alusao-a-campanha-novembro-azul\/"]}]},{"@type":"ImageObject","inLanguage":"pt-BR","@id":"https:\/\/noticiaempauta.com\/portal\/aroeiras-do-itaim-promove-acoes-de-saude-do-homem-em-alusao-a-campanha-novembro-azul\/#primaryimage","url":"https:\/\/noticiaempauta.com\/portal\/wp-content\/uploads\/2025\/11\/IMG_0890-1536x1024-1.jpeg","contentUrl":"https:\/\/noticiaempauta.com\/portal\/wp-content\/uploads\/2025\/11\/IMG_0890-1536x1024-1.jpeg","width":1536,"height":1024},{"@type":"BreadcrumbList","@id":"https:\/\/noticiaempauta.com\/portal\/aroeiras-do-itaim-promove-acoes-de-saude-do-homem-em-alusao-a-campanha-novembro-azul\/#breadcrumb","itemListElement":[{"@type":"ListItem","position":1,"name":"P\u00e1gina Inicial","item":"https:\/\/noticiaempauta.com\/portal\/"},{"@type":"ListItem","position":2,"name":"Destaques","item":"https:\/\/noticiaempauta.com\/portal\/destaques-site\/"},{"@type":"ListItem","position":3,"name":"Aroeiras do Itaim promove a\u00e7\u00f5es de sa\u00fade do homem em alus\u00e3o a campanha Novembro Azul"}]},{"@type":"WebSite","@id":"https:\/\/noticiaempauta.com\/portal\/#website","url":"https:\/\/noticiaempauta.com\/portal\/","name":"Portal Not\u00edcia em Pauta","description":"Voc\u00ea bem informado","publisher":{"@id":"https:\/\/noticiaempauta.com\/portal\/#organization"},"potentialAction":[{"@type":"SearchAction","target":{"@type":"EntryPoint","urlTemplate":"https:\/\/noticiaempauta.com\/portal\/?s={search_term_string}"},"query-input":{"@type":"PropertyValueSpecification","valueRequired":true,"valueName":"search_term_string"}}],"inLanguage":"pt-BR"},{"@type":"Organization","@id":"https:\/\/noticiaempauta.com\/portal\/#organization","name":"Portal Not\u00edcia em Pauta","url":"https:\/\/noticiaempauta.com\/portal\/","logo":{"@type":"ImageObject","inLanguage":"pt-BR","@id":"https:\/\/noticiaempauta.com\/portal\/#\/schema\/logo\/image\/","url":"https:\/\/noticiaempauta.com\/portal\/wp-content\/uploads\/2022\/08\/logomarca_tema.fw_.png","contentUrl":"https:\/\/noticiaempauta.com\/portal\/wp-content\/uploads\/2022\/08\/logomarca_tema.fw_.png","width":400,"height":232,"caption":"Portal Not\u00edcia em Pauta"},"image":{"@id":"https:\/\/noticiaempauta.com\/portal\/#\/schema\/logo\/image\/"},"sameAs":["https:\/\/www.facebook.com\/Portal-Notcia-Em-Pauta-102292869264820\/","https:\/\/www.instagram.com\/portalnoticiaempauta\/"]},{"@type":"Person","@id":"https:\/\/noticiaempauta.com\/portal\/#\/schema\/person\/a74af43dd1ab3deca45f988c717d57ac","name":"Reda\u00e7\u00e3o","image":{"@type":"ImageObject","inLanguage":"pt-BR","@id":"https:\/\/noticiaempauta.com\/portal\/#\/schema\/person\/image\/","url":"https:\/\/secure.gravatar.com\/avatar\/03179346ecce6cdfc13361603e8f54242a90e5cde8618fa23c5c00aa2b0aadf3?s=96&d=mm&r=g","contentUrl":"https:\/\/secure.gravatar.com\/avatar\/03179346ecce6cdfc13361603e8f54242a90e5cde8618fa23c5c00aa2b0aadf3?s=96&d=mm&r=g","caption":"Reda\u00e7\u00e3o"},"sameAs":["https:\/\/noticiaempauta.com\/portal\/"],"url":"https:\/\/noticiaempauta.com\/portal\/author\/fernando\/"}]}},"_links":{"self":[{"href":"https:\/\/noticiaempauta.com\/portal\/wp-json\/wp\/v2\/posts\/281172","targetHints":{"allow":["GET"]}}],"collection":[{"href":"https:\/\/noticiaempauta.com\/portal\/wp-json\/wp\/v2\/posts"}],"about":[{"href":"https:\/\/noticiaempauta.com\/portal\/wp-json\/wp\/v2\/types\/post"}],"author":[{"embeddable":true,"href":"https:\/\/noticiaempauta.com\/portal\/wp-json\/wp\/v2\/users\/2"}],"replies":[{"embeddable":true,"href":"https:\/\/noticiaempauta.com\/portal\/wp-json\/wp\/v2\/comments?post=281172"}],"version-history":[{"count":3,"href":"https:\/\/noticiaempauta.com\/portal\/wp-json\/wp\/v2\/posts\/281172\/revisions"}],"predecessor-version":[{"id":281199,"href":"https:\/\/noticiaempauta.com\/portal\/wp-json\/wp\/v2\/posts\/281172\/revisions\/281199"}],"wp:featuredmedia":[{"embeddable":true,"href":"https:\/\/noticiaempauta.com\/portal\/wp-json\/wp\/v2\/media\/281173"}],"wp:attachment":[{"href":"https:\/\/noticiaempauta.com\/portal\/wp-json\/wp\/v2\/media?parent=281172"}],"wp:term":[{"taxonomy":"category","embeddable":true,"href":"https:\/\/noticiaempauta.com\/portal\/wp-json\/wp\/v2\/categories?post=281172"},{"taxonomy":"post_tag","embeddable":true,"href":"https:\/\/noticiaempauta.com\/portal\/wp-json\/wp\/v2\/tags?post=281172"}],"curies":[{"name":"wp","href":"https:\/\/api.w.org\/{rel}","templated":true}]}}