{"id":281184,"date":"2025-11-26T14:24:59","date_gmt":"2025-11-26T17:24:59","guid":{"rendered":"https:\/\/noticiaempauta.com\/portal\/?p=281184"},"modified":"2025-11-26T14:25:00","modified_gmt":"2025-11-26T17:25:00","slug":"com-foco-na-transparencia-cacs-fundeb-de-aroeiras-do-itaim-elege-nova-mesa-diretora-e-marca-retomada-da-regularidade-institucional","status":"publish","type":"post","link":"https:\/\/noticiaempauta.com\/portal\/com-foco-na-transparencia-cacs-fundeb-de-aroeiras-do-itaim-elege-nova-mesa-diretora-e-marca-retomada-da-regularidade-institucional\/","title":{"rendered":"Com foco na transpar\u00eancia, CACS-FUNDEB de Aroeiras do Itaim elege nova Mesa Diretora e marca retomada da regularidade institucional"},"content":{"rendered":"\n<p>Aroeiras do Itaim\/PI \u2013 O Conselho Municipal de Acompanhamento e Controle Social do FUNDEB (CACS-FUNDEB) de Aroeiras do Itaim realizou, nesta semana, uma reuni\u00e3o extraordin\u00e1ria decisiva para o fortalecimento da educa\u00e7\u00e3o no munic\u00edpio. Conduzido pelo Procurador Geral do Munic\u00edpio, Dr. Jos\u00e9 Elianderson de Moura Fontes, o encontro consolidou a reestrutura\u00e7\u00e3o do colegiado e garantiu a elei\u00e7\u00e3o da nova Mesa Diretora, marcando a retomada da regularidade administrativa do \u00f3rg\u00e3o.<\/p>\n\n\n\n<figure class=\"wp-block-image size-large\"><img fetchpriority=\"high\" decoding=\"async\" width=\"1024\" height=\"576\" src=\"https:\/\/noticiaempauta.com\/portal\/wp-content\/uploads\/2025\/11\/WhatsApp-Image-2025-11-26-at-11.31.49-1-1024x576.jpeg\" alt=\"\" class=\"wp-image-281186\" srcset=\"https:\/\/noticiaempauta.com\/portal\/wp-content\/uploads\/2025\/11\/WhatsApp-Image-2025-11-26-at-11.31.49-1-1024x576.jpeg 1024w, https:\/\/noticiaempauta.com\/portal\/wp-content\/uploads\/2025\/11\/WhatsApp-Image-2025-11-26-at-11.31.49-1-300x169.jpeg 300w, https:\/\/noticiaempauta.com\/portal\/wp-content\/uploads\/2025\/11\/WhatsApp-Image-2025-11-26-at-11.31.49-1-768x432.jpeg 768w, https:\/\/noticiaempauta.com\/portal\/wp-content\/uploads\/2025\/11\/WhatsApp-Image-2025-11-26-at-11.31.49-1-1536x864.jpeg 1536w, https:\/\/noticiaempauta.com\/portal\/wp-content\/uploads\/2025\/11\/WhatsApp-Image-2025-11-26-at-11.31.49-1.jpeg 1600w\" sizes=\"(max-width: 1024px) 100vw, 1024px\" \/><\/figure>\n\n\n\n<p>Com a presen\u00e7a de todos os membros, foram eleitas Laecia de Macedo Moura como Presidente e Taciana Fontes de Macedo como Vice-Presidente. A escolha da nova diretoria abre um novo ciclo para o CACS-FUNDEB, refor\u00e7ando o compromisso com a fiscaliza\u00e7\u00e3o respons\u00e1vel e a transpar\u00eancia na aplica\u00e7\u00e3o dos recursos destinados \u00e0 educa\u00e7\u00e3o b\u00e1sica.<\/p>\n\n\n\n<figure class=\"wp-block-image size-large\"><img decoding=\"async\" width=\"1024\" height=\"576\" src=\"https:\/\/noticiaempauta.com\/portal\/wp-content\/uploads\/2025\/11\/WhatsApp-Image-2025-11-26-at-11.30.45-1024x576.jpeg\" alt=\"\" class=\"wp-image-281187\" srcset=\"https:\/\/noticiaempauta.com\/portal\/wp-content\/uploads\/2025\/11\/WhatsApp-Image-2025-11-26-at-11.30.45-1024x576.jpeg 1024w, https:\/\/noticiaempauta.com\/portal\/wp-content\/uploads\/2025\/11\/WhatsApp-Image-2025-11-26-at-11.30.45-300x169.jpeg 300w, https:\/\/noticiaempauta.com\/portal\/wp-content\/uploads\/2025\/11\/WhatsApp-Image-2025-11-26-at-11.30.45-768x432.jpeg 768w, https:\/\/noticiaempauta.com\/portal\/wp-content\/uploads\/2025\/11\/WhatsApp-Image-2025-11-26-at-11.30.45.jpeg 1280w\" sizes=\"(max-width: 1024px) 100vw, 1024px\" \/><\/figure>\n\n\n\n<p><strong>Condu\u00e7\u00e3o T\u00e9cnica e Jur\u00eddica<\/strong><\/p>\n\n\n\n<p>A reuni\u00e3o foi guiada pelo Procurador Geral, que liderou o processo de saneamento jur\u00eddico do Conselho nas \u00faltimas semanas. A readequa\u00e7\u00e3o da composi\u00e7\u00e3o seguiu rigorosamente os par\u00e2metros da Lei Federal n\u00ba 14.113\/2020 e da legisla\u00e7\u00e3o municipal, garantindo total conformidade legal.<\/p>\n\n\n\n<p>O encontro tamb\u00e9m contou com o suporte t\u00e9cnico dos assessores jur\u00eddicos Dr. Jayro Macedo e Dr. Rodrigo Rodrigues, que acompanharam todas as etapas, assegurando a lisura dos procedimentos. Para o Procurador Geral, o momento marca um avan\u00e7o institucional:<\/p>\n\n\n\n<p>\u201cNossa atua\u00e7\u00e3o foi pautada no estrito cumprimento da legalidade e no resgate da institucionalidade do Conselho. O CACS-FUNDEB \u00e9 vital para o munic\u00edpio, pois sem ele n\u00e3o h\u00e1 valida\u00e7\u00e3o das contas da educa\u00e7\u00e3o. Conduzimos este processo com transpar\u00eancia para garantir que os novos eleitos tenham legitimidade plena para atuar. Aroeiras do Itaim d\u00e1 um exemplo de corre\u00e7\u00e3o administrativa e respeito \u00e0 coisa p\u00fablica.\u201d \u2013 destacou Dr. Elianderson Moura.<\/p>\n\n\n\n<figure class=\"wp-block-image size-large\"><img decoding=\"async\" width=\"1024\" height=\"576\" src=\"https:\/\/noticiaempauta.com\/portal\/wp-content\/uploads\/2025\/11\/WhatsApp-Image-2025-11-26-at-11.30.45-1-1024x576.jpeg\" alt=\"\" class=\"wp-image-281188\" srcset=\"https:\/\/noticiaempauta.com\/portal\/wp-content\/uploads\/2025\/11\/WhatsApp-Image-2025-11-26-at-11.30.45-1-1024x576.jpeg 1024w, https:\/\/noticiaempauta.com\/portal\/wp-content\/uploads\/2025\/11\/WhatsApp-Image-2025-11-26-at-11.30.45-1-300x169.jpeg 300w, https:\/\/noticiaempauta.com\/portal\/wp-content\/uploads\/2025\/11\/WhatsApp-Image-2025-11-26-at-11.30.45-1-768x432.jpeg 768w, https:\/\/noticiaempauta.com\/portal\/wp-content\/uploads\/2025\/11\/WhatsApp-Image-2025-11-26-at-11.30.45-1.jpeg 1280w\" sizes=\"(max-width: 1024px) 100vw, 1024px\" \/><\/figure>\n\n\n\n<p><strong>Parceria pela Educa\u00e7\u00e3o<\/strong><\/p>\n\n\n\n<p>A Secret\u00e1ria Municipal de Educa\u00e7\u00e3o, Maria F\u00e1tima de Sousa Rodrigues, tamb\u00e9m participou da reuni\u00e3o e ressaltou a import\u00e2ncia da harmonia entre gest\u00e3o e conselho fiscalizador:<\/p>\n\n\n\n<p>\u201cA Secretaria de Educa\u00e7\u00e3o recebe com muito otimismo essa nova composi\u00e7\u00e3o. Nosso objetivo \u00e9 trabalhar com portas abertas, fornecendo todas as informa\u00e7\u00f5es necess\u00e1rias para que os conselheiros fiscalizem e contribuam para a melhoria do ensino. Quem ganha com um conselho organizado e atuante s\u00e3o nossos alunos e professores.\u201d \u2013 afirmou a secret\u00e1ria.<\/p>\n\n\n\n<figure class=\"wp-block-image size-large\"><img loading=\"lazy\" decoding=\"async\" width=\"1024\" height=\"576\" src=\"https:\/\/noticiaempauta.com\/portal\/wp-content\/uploads\/2025\/11\/WhatsApp-Image-2025-11-26-at-11.31.49-1024x576.jpeg\" alt=\"\" class=\"wp-image-281185\" srcset=\"https:\/\/noticiaempauta.com\/portal\/wp-content\/uploads\/2025\/11\/WhatsApp-Image-2025-11-26-at-11.31.49-1024x576.jpeg 1024w, https:\/\/noticiaempauta.com\/portal\/wp-content\/uploads\/2025\/11\/WhatsApp-Image-2025-11-26-at-11.31.49-300x169.jpeg 300w, https:\/\/noticiaempauta.com\/portal\/wp-content\/uploads\/2025\/11\/WhatsApp-Image-2025-11-26-at-11.31.49-768x432.jpeg 768w, https:\/\/noticiaempauta.com\/portal\/wp-content\/uploads\/2025\/11\/WhatsApp-Image-2025-11-26-at-11.31.49-1536x864.jpeg 1536w, https:\/\/noticiaempauta.com\/portal\/wp-content\/uploads\/2025\/11\/WhatsApp-Image-2025-11-26-at-11.31.49.jpeg 1600w\" sizes=\"(max-width: 1024px) 100vw, 1024px\" \/><\/figure>\n\n\n\n<p><strong>Compromisso com o Er\u00e1rio<\/strong><\/p>\n\n\n\n<p>Em sua primeira fala como Presidente eleita, Laecia de Macedo Moura agradeceu a confian\u00e7a dos colegas e reafirmou o compromisso da nova diretoria em atuar com seriedade e independ\u00eancia:<\/p>\n\n\n\n<p>\u201cAgrade\u00e7o a confian\u00e7a depositada em mim e em Taciana. Sabemos da responsabilidade que \u00e9 acompanhar os recursos do FUNDEB, que s\u00e3o sagrados para o desenvolvimento da nossa educa\u00e7\u00e3o. Assumo este desafio com o compromisso de agir com \u00e9tica, dedica\u00e7\u00e3o e total transpar\u00eancia, garantindo que cada centavo seja aplicado corretamente em benef\u00edcio da nossa comunidade escolar.\u201d \u2013 afirmou a Presidente.<\/p>\n\n\n\n<p>Retomada das Atividades<\/p>\n\n\n\n<p>Com a elei\u00e7\u00e3o da Mesa Diretora e a regulariza\u00e7\u00e3o completa do colegiado, o CACS-FUNDEB de Aroeiras do Itaim retoma imediatamente suas atividades de rotina. A medida assegura a continuidade dos repasses federais, o bom funcionamento das pol\u00edticas p\u00fablicas educacionais e o fortalecimento da fiscaliza\u00e7\u00e3o dos recursos destinados \u00e0 educa\u00e7\u00e3o municipal.<\/p>\n\n\n\n<p>Ascom<\/p>\n","protected":false},"excerpt":{"rendered":"<p>Aroeiras do Itaim\/PI \u2013 O Conselho Municipal de Acompanhamento e Controle Social do FUNDEB (CACS-FUNDEB) de Aroeiras do Itaim realizou, nesta semana, uma reuni\u00e3o extraordin\u00e1ria decisiva para o fortalecimento da educa\u00e7\u00e3o no munic\u00edpio. Conduzido pelo Procurador Geral do Munic\u00edpio, Dr. Jos\u00e9 Elianderson de Moura Fontes, o encontro consolidou a reestrutura\u00e7\u00e3o do colegiado e garantiu a [&hellip;]<\/p>\n","protected":false},"author":2,"featured_media":281187,"comment_status":"open","ping_status":"open","sticky":false,"template":"","format":"standard","meta":{"_mi_skip_tracking":false,"footnotes":""},"categories":[1,9,16],"tags":[],"class_list":["post-281184","post","type-post","status-publish","format-standard","has-post-thumbnail","hentry","category-geral","category-municipios","category-todas"],"acf":[],"yoast_head":"<!-- This site is optimized with the Yoast SEO Premium plugin v19.2 (Yoast SEO v26.9) - https:\/\/yoast.com\/product\/yoast-seo-premium-wordpress\/ -->\n<title>Com foco na transpar\u00eancia, CACS-FUNDEB de Aroeiras do Itaim elege nova Mesa Diretora e marca retomada da regularidade institucional - Portal Not\u00edcia em Pauta<\/title>\n<meta name=\"robots\" content=\"index, follow, max-snippet:-1, max-image-preview:large, max-video-preview:-1\" \/>\n<link rel=\"canonical\" href=\"https:\/\/noticiaempauta.com\/portal\/com-foco-na-transparencia-cacs-fundeb-de-aroeiras-do-itaim-elege-nova-mesa-diretora-e-marca-retomada-da-regularidade-institucional\/\" \/>\n<meta property=\"og:locale\" content=\"pt_BR\" \/>\n<meta property=\"og:type\" content=\"article\" \/>\n<meta property=\"og:title\" content=\"Com foco na transpar\u00eancia, CACS-FUNDEB de Aroeiras do Itaim elege nova Mesa Diretora e marca retomada da regularidade institucional\" \/>\n<meta property=\"og:description\" content=\"Aroeiras do Itaim\/PI \u2013 O Conselho Municipal de Acompanhamento e Controle Social do FUNDEB (CACS-FUNDEB) de Aroeiras do Itaim realizou, nesta semana, uma reuni\u00e3o extraordin\u00e1ria decisiva para o fortalecimento da educa\u00e7\u00e3o no munic\u00edpio. Conduzido pelo Procurador Geral do Munic\u00edpio, Dr. Jos\u00e9 Elianderson de Moura Fontes, o encontro consolidou a reestrutura\u00e7\u00e3o do colegiado e garantiu a [&hellip;]\" \/>\n<meta property=\"og:url\" content=\"https:\/\/noticiaempauta.com\/portal\/com-foco-na-transparencia-cacs-fundeb-de-aroeiras-do-itaim-elege-nova-mesa-diretora-e-marca-retomada-da-regularidade-institucional\/\" \/>\n<meta property=\"og:site_name\" content=\"Portal Not\u00edcia em Pauta\" \/>\n<meta property=\"article:publisher\" content=\"https:\/\/www.facebook.com\/Portal-Notcia-Em-Pauta-102292869264820\/\" \/>\n<meta property=\"article:published_time\" content=\"2025-11-26T17:24:59+00:00\" \/>\n<meta property=\"article:modified_time\" content=\"2025-11-26T17:25:00+00:00\" \/>\n<meta property=\"og:image\" content=\"https:\/\/noticiaempauta.com\/portal\/wp-content\/uploads\/2025\/11\/WhatsApp-Image-2025-11-26-at-11.30.45.jpeg\" \/>\n\t<meta property=\"og:image:width\" content=\"1280\" \/>\n\t<meta property=\"og:image:height\" content=\"720\" \/>\n\t<meta property=\"og:image:type\" content=\"image\/jpeg\" \/>\n<meta name=\"author\" content=\"Reda\u00e7\u00e3o\" \/>\n<meta name=\"twitter:card\" content=\"summary_large_image\" \/>\n<meta name=\"twitter:label1\" content=\"Escrito por\" \/>\n\t<meta name=\"twitter:data1\" content=\"Reda\u00e7\u00e3o\" \/>\n\t<meta name=\"twitter:label2\" content=\"Est. tempo de leitura\" \/>\n\t<meta name=\"twitter:data2\" content=\"4 minutos\" \/>\n<script type=\"application\/ld+json\" class=\"yoast-schema-graph\">{\"@context\":\"https:\/\/schema.org\",\"@graph\":[{\"@type\":\"Article\",\"@id\":\"https:\/\/noticiaempauta.com\/portal\/com-foco-na-transparencia-cacs-fundeb-de-aroeiras-do-itaim-elege-nova-mesa-diretora-e-marca-retomada-da-regularidade-institucional\/#article\",\"isPartOf\":{\"@id\":\"https:\/\/noticiaempauta.com\/portal\/com-foco-na-transparencia-cacs-fundeb-de-aroeiras-do-itaim-elege-nova-mesa-diretora-e-marca-retomada-da-regularidade-institucional\/\"},\"author\":{\"name\":\"Reda\u00e7\u00e3o\",\"@id\":\"https:\/\/noticiaempauta.com\/portal\/#\/schema\/person\/a74af43dd1ab3deca45f988c717d57ac\"},\"headline\":\"Com foco na transpar\u00eancia, CACS-FUNDEB de Aroeiras do Itaim elege nova Mesa Diretora e marca retomada da regularidade institucional\",\"datePublished\":\"2025-11-26T17:24:59+00:00\",\"dateModified\":\"2025-11-26T17:25:00+00:00\",\"mainEntityOfPage\":{\"@id\":\"https:\/\/noticiaempauta.com\/portal\/com-foco-na-transparencia-cacs-fundeb-de-aroeiras-do-itaim-elege-nova-mesa-diretora-e-marca-retomada-da-regularidade-institucional\/\"},\"wordCount\":573,\"commentCount\":0,\"publisher\":{\"@id\":\"https:\/\/noticiaempauta.com\/portal\/#organization\"},\"image\":{\"@id\":\"https:\/\/noticiaempauta.com\/portal\/com-foco-na-transparencia-cacs-fundeb-de-aroeiras-do-itaim-elege-nova-mesa-diretora-e-marca-retomada-da-regularidade-institucional\/#primaryimage\"},\"thumbnailUrl\":\"https:\/\/noticiaempauta.com\/portal\/wp-content\/uploads\/2025\/11\/WhatsApp-Image-2025-11-26-at-11.30.45.jpeg\",\"articleSection\":[\"Geral\",\"Munic\u00edpios\",\"Todas as Not\u00edcias\"],\"inLanguage\":\"pt-BR\",\"potentialAction\":[{\"@type\":\"CommentAction\",\"name\":\"Comment\",\"target\":[\"https:\/\/noticiaempauta.com\/portal\/com-foco-na-transparencia-cacs-fundeb-de-aroeiras-do-itaim-elege-nova-mesa-diretora-e-marca-retomada-da-regularidade-institucional\/#respond\"]}]},{\"@type\":\"WebPage\",\"@id\":\"https:\/\/noticiaempauta.com\/portal\/com-foco-na-transparencia-cacs-fundeb-de-aroeiras-do-itaim-elege-nova-mesa-diretora-e-marca-retomada-da-regularidade-institucional\/\",\"url\":\"https:\/\/noticiaempauta.com\/portal\/com-foco-na-transparencia-cacs-fundeb-de-aroeiras-do-itaim-elege-nova-mesa-diretora-e-marca-retomada-da-regularidade-institucional\/\",\"name\":\"Com foco na transpar\u00eancia, CACS-FUNDEB de Aroeiras do Itaim elege nova Mesa Diretora e marca retomada da regularidade institucional - Portal Not\u00edcia em Pauta\",\"isPartOf\":{\"@id\":\"https:\/\/noticiaempauta.com\/portal\/#website\"},\"primaryImageOfPage\":{\"@id\":\"https:\/\/noticiaempauta.com\/portal\/com-foco-na-transparencia-cacs-fundeb-de-aroeiras-do-itaim-elege-nova-mesa-diretora-e-marca-retomada-da-regularidade-institucional\/#primaryimage\"},\"image\":{\"@id\":\"https:\/\/noticiaempauta.com\/portal\/com-foco-na-transparencia-cacs-fundeb-de-aroeiras-do-itaim-elege-nova-mesa-diretora-e-marca-retomada-da-regularidade-institucional\/#primaryimage\"},\"thumbnailUrl\":\"https:\/\/noticiaempauta.com\/portal\/wp-content\/uploads\/2025\/11\/WhatsApp-Image-2025-11-26-at-11.30.45.jpeg\",\"datePublished\":\"2025-11-26T17:24:59+00:00\",\"dateModified\":\"2025-11-26T17:25:00+00:00\",\"breadcrumb\":{\"@id\":\"https:\/\/noticiaempauta.com\/portal\/com-foco-na-transparencia-cacs-fundeb-de-aroeiras-do-itaim-elege-nova-mesa-diretora-e-marca-retomada-da-regularidade-institucional\/#breadcrumb\"},\"inLanguage\":\"pt-BR\",\"potentialAction\":[{\"@type\":\"ReadAction\",\"target\":[\"https:\/\/noticiaempauta.com\/portal\/com-foco-na-transparencia-cacs-fundeb-de-aroeiras-do-itaim-elege-nova-mesa-diretora-e-marca-retomada-da-regularidade-institucional\/\"]}]},{\"@type\":\"ImageObject\",\"inLanguage\":\"pt-BR\",\"@id\":\"https:\/\/noticiaempauta.com\/portal\/com-foco-na-transparencia-cacs-fundeb-de-aroeiras-do-itaim-elege-nova-mesa-diretora-e-marca-retomada-da-regularidade-institucional\/#primaryimage\",\"url\":\"https:\/\/noticiaempauta.com\/portal\/wp-content\/uploads\/2025\/11\/WhatsApp-Image-2025-11-26-at-11.30.45.jpeg\",\"contentUrl\":\"https:\/\/noticiaempauta.com\/portal\/wp-content\/uploads\/2025\/11\/WhatsApp-Image-2025-11-26-at-11.30.45.jpeg\",\"width\":1280,\"height\":720},{\"@type\":\"BreadcrumbList\",\"@id\":\"https:\/\/noticiaempauta.com\/portal\/com-foco-na-transparencia-cacs-fundeb-de-aroeiras-do-itaim-elege-nova-mesa-diretora-e-marca-retomada-da-regularidade-institucional\/#breadcrumb\",\"itemListElement\":[{\"@type\":\"ListItem\",\"position\":1,\"name\":\"P\u00e1gina Inicial\",\"item\":\"https:\/\/noticiaempauta.com\/portal\/\"},{\"@type\":\"ListItem\",\"position\":2,\"name\":\"Geral\",\"item\":\"https:\/\/noticiaempauta.com\/portal\/geral\/\"},{\"@type\":\"ListItem\",\"position\":3,\"name\":\"Com foco na transpar\u00eancia, CACS-FUNDEB de Aroeiras do Itaim elege nova Mesa Diretora e marca retomada da regularidade institucional\"}]},{\"@type\":\"WebSite\",\"@id\":\"https:\/\/noticiaempauta.com\/portal\/#website\",\"url\":\"https:\/\/noticiaempauta.com\/portal\/\",\"name\":\"Portal Not\u00edcia em Pauta\",\"description\":\"Voc\u00ea bem informado\",\"publisher\":{\"@id\":\"https:\/\/noticiaempauta.com\/portal\/#organization\"},\"potentialAction\":[{\"@type\":\"SearchAction\",\"target\":{\"@type\":\"EntryPoint\",\"urlTemplate\":\"https:\/\/noticiaempauta.com\/portal\/?s={search_term_string}\"},\"query-input\":{\"@type\":\"PropertyValueSpecification\",\"valueRequired\":true,\"valueName\":\"search_term_string\"}}],\"inLanguage\":\"pt-BR\"},{\"@type\":\"Organization\",\"@id\":\"https:\/\/noticiaempauta.com\/portal\/#organization\",\"name\":\"Portal Not\u00edcia em Pauta\",\"url\":\"https:\/\/noticiaempauta.com\/portal\/\",\"logo\":{\"@type\":\"ImageObject\",\"inLanguage\":\"pt-BR\",\"@id\":\"https:\/\/noticiaempauta.com\/portal\/#\/schema\/logo\/image\/\",\"url\":\"https:\/\/noticiaempauta.com\/portal\/wp-content\/uploads\/2022\/08\/logomarca_tema.fw_.png\",\"contentUrl\":\"https:\/\/noticiaempauta.com\/portal\/wp-content\/uploads\/2022\/08\/logomarca_tema.fw_.png\",\"width\":400,\"height\":232,\"caption\":\"Portal Not\u00edcia em Pauta\"},\"image\":{\"@id\":\"https:\/\/noticiaempauta.com\/portal\/#\/schema\/logo\/image\/\"},\"sameAs\":[\"https:\/\/www.facebook.com\/Portal-Notcia-Em-Pauta-102292869264820\/\",\"https:\/\/www.instagram.com\/portalnoticiaempauta\/\"]},{\"@type\":\"Person\",\"@id\":\"https:\/\/noticiaempauta.com\/portal\/#\/schema\/person\/a74af43dd1ab3deca45f988c717d57ac\",\"name\":\"Reda\u00e7\u00e3o\",\"image\":{\"@type\":\"ImageObject\",\"inLanguage\":\"pt-BR\",\"@id\":\"https:\/\/noticiaempauta.com\/portal\/#\/schema\/person\/image\/\",\"url\":\"https:\/\/secure.gravatar.com\/avatar\/03179346ecce6cdfc13361603e8f54242a90e5cde8618fa23c5c00aa2b0aadf3?s=96&d=mm&r=g\",\"contentUrl\":\"https:\/\/secure.gravatar.com\/avatar\/03179346ecce6cdfc13361603e8f54242a90e5cde8618fa23c5c00aa2b0aadf3?s=96&d=mm&r=g\",\"caption\":\"Reda\u00e7\u00e3o\"},\"sameAs\":[\"https:\/\/noticiaempauta.com\/portal\/\"],\"url\":\"https:\/\/noticiaempauta.com\/portal\/author\/fernando\/\"}]}<\/script>\n<!-- \/ Yoast SEO Premium plugin. -->","yoast_head_json":{"title":"Com foco na transpar\u00eancia, CACS-FUNDEB de Aroeiras do Itaim elege nova Mesa Diretora e marca retomada da regularidade institucional - Portal Not\u00edcia em Pauta","robots":{"index":"index","follow":"follow","max-snippet":"max-snippet:-1","max-image-preview":"max-image-preview:large","max-video-preview":"max-video-preview:-1"},"canonical":"https:\/\/noticiaempauta.com\/portal\/com-foco-na-transparencia-cacs-fundeb-de-aroeiras-do-itaim-elege-nova-mesa-diretora-e-marca-retomada-da-regularidade-institucional\/","og_locale":"pt_BR","og_type":"article","og_title":"Com foco na transpar\u00eancia, CACS-FUNDEB de Aroeiras do Itaim elege nova Mesa Diretora e marca retomada da regularidade institucional","og_description":"Aroeiras do Itaim\/PI \u2013 O Conselho Municipal de Acompanhamento e Controle Social do FUNDEB (CACS-FUNDEB) de Aroeiras do Itaim realizou, nesta semana, uma reuni\u00e3o extraordin\u00e1ria decisiva para o fortalecimento da educa\u00e7\u00e3o no munic\u00edpio. Conduzido pelo Procurador Geral do Munic\u00edpio, Dr. Jos\u00e9 Elianderson de Moura Fontes, o encontro consolidou a reestrutura\u00e7\u00e3o do colegiado e garantiu a [&hellip;]","og_url":"https:\/\/noticiaempauta.com\/portal\/com-foco-na-transparencia-cacs-fundeb-de-aroeiras-do-itaim-elege-nova-mesa-diretora-e-marca-retomada-da-regularidade-institucional\/","og_site_name":"Portal Not\u00edcia em Pauta","article_publisher":"https:\/\/www.facebook.com\/Portal-Notcia-Em-Pauta-102292869264820\/","article_published_time":"2025-11-26T17:24:59+00:00","article_modified_time":"2025-11-26T17:25:00+00:00","og_image":[{"width":1280,"height":720,"url":"https:\/\/noticiaempauta.com\/portal\/wp-content\/uploads\/2025\/11\/WhatsApp-Image-2025-11-26-at-11.30.45.jpeg","type":"image\/jpeg"}],"author":"Reda\u00e7\u00e3o","twitter_card":"summary_large_image","twitter_misc":{"Escrito por":"Reda\u00e7\u00e3o","Est. tempo de leitura":"4 minutos"},"schema":{"@context":"https:\/\/schema.org","@graph":[{"@type":"Article","@id":"https:\/\/noticiaempauta.com\/portal\/com-foco-na-transparencia-cacs-fundeb-de-aroeiras-do-itaim-elege-nova-mesa-diretora-e-marca-retomada-da-regularidade-institucional\/#article","isPartOf":{"@id":"https:\/\/noticiaempauta.com\/portal\/com-foco-na-transparencia-cacs-fundeb-de-aroeiras-do-itaim-elege-nova-mesa-diretora-e-marca-retomada-da-regularidade-institucional\/"},"author":{"name":"Reda\u00e7\u00e3o","@id":"https:\/\/noticiaempauta.com\/portal\/#\/schema\/person\/a74af43dd1ab3deca45f988c717d57ac"},"headline":"Com foco na transpar\u00eancia, CACS-FUNDEB de Aroeiras do Itaim elege nova Mesa Diretora e marca retomada da regularidade institucional","datePublished":"2025-11-26T17:24:59+00:00","dateModified":"2025-11-26T17:25:00+00:00","mainEntityOfPage":{"@id":"https:\/\/noticiaempauta.com\/portal\/com-foco-na-transparencia-cacs-fundeb-de-aroeiras-do-itaim-elege-nova-mesa-diretora-e-marca-retomada-da-regularidade-institucional\/"},"wordCount":573,"commentCount":0,"publisher":{"@id":"https:\/\/noticiaempauta.com\/portal\/#organization"},"image":{"@id":"https:\/\/noticiaempauta.com\/portal\/com-foco-na-transparencia-cacs-fundeb-de-aroeiras-do-itaim-elege-nova-mesa-diretora-e-marca-retomada-da-regularidade-institucional\/#primaryimage"},"thumbnailUrl":"https:\/\/noticiaempauta.com\/portal\/wp-content\/uploads\/2025\/11\/WhatsApp-Image-2025-11-26-at-11.30.45.jpeg","articleSection":["Geral","Munic\u00edpios","Todas as Not\u00edcias"],"inLanguage":"pt-BR","potentialAction":[{"@type":"CommentAction","name":"Comment","target":["https:\/\/noticiaempauta.com\/portal\/com-foco-na-transparencia-cacs-fundeb-de-aroeiras-do-itaim-elege-nova-mesa-diretora-e-marca-retomada-da-regularidade-institucional\/#respond"]}]},{"@type":"WebPage","@id":"https:\/\/noticiaempauta.com\/portal\/com-foco-na-transparencia-cacs-fundeb-de-aroeiras-do-itaim-elege-nova-mesa-diretora-e-marca-retomada-da-regularidade-institucional\/","url":"https:\/\/noticiaempauta.com\/portal\/com-foco-na-transparencia-cacs-fundeb-de-aroeiras-do-itaim-elege-nova-mesa-diretora-e-marca-retomada-da-regularidade-institucional\/","name":"Com foco na transpar\u00eancia, CACS-FUNDEB de Aroeiras do Itaim elege nova Mesa Diretora e marca retomada da regularidade institucional - Portal Not\u00edcia em Pauta","isPartOf":{"@id":"https:\/\/noticiaempauta.com\/portal\/#website"},"primaryImageOfPage":{"@id":"https:\/\/noticiaempauta.com\/portal\/com-foco-na-transparencia-cacs-fundeb-de-aroeiras-do-itaim-elege-nova-mesa-diretora-e-marca-retomada-da-regularidade-institucional\/#primaryimage"},"image":{"@id":"https:\/\/noticiaempauta.com\/portal\/com-foco-na-transparencia-cacs-fundeb-de-aroeiras-do-itaim-elege-nova-mesa-diretora-e-marca-retomada-da-regularidade-institucional\/#primaryimage"},"thumbnailUrl":"https:\/\/noticiaempauta.com\/portal\/wp-content\/uploads\/2025\/11\/WhatsApp-Image-2025-11-26-at-11.30.45.jpeg","datePublished":"2025-11-26T17:24:59+00:00","dateModified":"2025-11-26T17:25:00+00:00","breadcrumb":{"@id":"https:\/\/noticiaempauta.com\/portal\/com-foco-na-transparencia-cacs-fundeb-de-aroeiras-do-itaim-elege-nova-mesa-diretora-e-marca-retomada-da-regularidade-institucional\/#breadcrumb"},"inLanguage":"pt-BR","potentialAction":[{"@type":"ReadAction","target":["https:\/\/noticiaempauta.com\/portal\/com-foco-na-transparencia-cacs-fundeb-de-aroeiras-do-itaim-elege-nova-mesa-diretora-e-marca-retomada-da-regularidade-institucional\/"]}]},{"@type":"ImageObject","inLanguage":"pt-BR","@id":"https:\/\/noticiaempauta.com\/portal\/com-foco-na-transparencia-cacs-fundeb-de-aroeiras-do-itaim-elege-nova-mesa-diretora-e-marca-retomada-da-regularidade-institucional\/#primaryimage","url":"https:\/\/noticiaempauta.com\/portal\/wp-content\/uploads\/2025\/11\/WhatsApp-Image-2025-11-26-at-11.30.45.jpeg","contentUrl":"https:\/\/noticiaempauta.com\/portal\/wp-content\/uploads\/2025\/11\/WhatsApp-Image-2025-11-26-at-11.30.45.jpeg","width":1280,"height":720},{"@type":"BreadcrumbList","@id":"https:\/\/noticiaempauta.com\/portal\/com-foco-na-transparencia-cacs-fundeb-de-aroeiras-do-itaim-elege-nova-mesa-diretora-e-marca-retomada-da-regularidade-institucional\/#breadcrumb","itemListElement":[{"@type":"ListItem","position":1,"name":"P\u00e1gina Inicial","item":"https:\/\/noticiaempauta.com\/portal\/"},{"@type":"ListItem","position":2,"name":"Geral","item":"https:\/\/noticiaempauta.com\/portal\/geral\/"},{"@type":"ListItem","position":3,"name":"Com foco na transpar\u00eancia, CACS-FUNDEB de Aroeiras do Itaim elege nova Mesa Diretora e marca retomada da regularidade institucional"}]},{"@type":"WebSite","@id":"https:\/\/noticiaempauta.com\/portal\/#website","url":"https:\/\/noticiaempauta.com\/portal\/","name":"Portal Not\u00edcia em Pauta","description":"Voc\u00ea bem informado","publisher":{"@id":"https:\/\/noticiaempauta.com\/portal\/#organization"},"potentialAction":[{"@type":"SearchAction","target":{"@type":"EntryPoint","urlTemplate":"https:\/\/noticiaempauta.com\/portal\/?s={search_term_string}"},"query-input":{"@type":"PropertyValueSpecification","valueRequired":true,"valueName":"search_term_string"}}],"inLanguage":"pt-BR"},{"@type":"Organization","@id":"https:\/\/noticiaempauta.com\/portal\/#organization","name":"Portal Not\u00edcia em Pauta","url":"https:\/\/noticiaempauta.com\/portal\/","logo":{"@type":"ImageObject","inLanguage":"pt-BR","@id":"https:\/\/noticiaempauta.com\/portal\/#\/schema\/logo\/image\/","url":"https:\/\/noticiaempauta.com\/portal\/wp-content\/uploads\/2022\/08\/logomarca_tema.fw_.png","contentUrl":"https:\/\/noticiaempauta.com\/portal\/wp-content\/uploads\/2022\/08\/logomarca_tema.fw_.png","width":400,"height":232,"caption":"Portal Not\u00edcia em Pauta"},"image":{"@id":"https:\/\/noticiaempauta.com\/portal\/#\/schema\/logo\/image\/"},"sameAs":["https:\/\/www.facebook.com\/Portal-Notcia-Em-Pauta-102292869264820\/","https:\/\/www.instagram.com\/portalnoticiaempauta\/"]},{"@type":"Person","@id":"https:\/\/noticiaempauta.com\/portal\/#\/schema\/person\/a74af43dd1ab3deca45f988c717d57ac","name":"Reda\u00e7\u00e3o","image":{"@type":"ImageObject","inLanguage":"pt-BR","@id":"https:\/\/noticiaempauta.com\/portal\/#\/schema\/person\/image\/","url":"https:\/\/secure.gravatar.com\/avatar\/03179346ecce6cdfc13361603e8f54242a90e5cde8618fa23c5c00aa2b0aadf3?s=96&d=mm&r=g","contentUrl":"https:\/\/secure.gravatar.com\/avatar\/03179346ecce6cdfc13361603e8f54242a90e5cde8618fa23c5c00aa2b0aadf3?s=96&d=mm&r=g","caption":"Reda\u00e7\u00e3o"},"sameAs":["https:\/\/noticiaempauta.com\/portal\/"],"url":"https:\/\/noticiaempauta.com\/portal\/author\/fernando\/"}]}},"_links":{"self":[{"href":"https:\/\/noticiaempauta.com\/portal\/wp-json\/wp\/v2\/posts\/281184","targetHints":{"allow":["GET"]}}],"collection":[{"href":"https:\/\/noticiaempauta.com\/portal\/wp-json\/wp\/v2\/posts"}],"about":[{"href":"https:\/\/noticiaempauta.com\/portal\/wp-json\/wp\/v2\/types\/post"}],"author":[{"embeddable":true,"href":"https:\/\/noticiaempauta.com\/portal\/wp-json\/wp\/v2\/users\/2"}],"replies":[{"embeddable":true,"href":"https:\/\/noticiaempauta.com\/portal\/wp-json\/wp\/v2\/comments?post=281184"}],"version-history":[{"count":1,"href":"https:\/\/noticiaempauta.com\/portal\/wp-json\/wp\/v2\/posts\/281184\/revisions"}],"predecessor-version":[{"id":281189,"href":"https:\/\/noticiaempauta.com\/portal\/wp-json\/wp\/v2\/posts\/281184\/revisions\/281189"}],"wp:featuredmedia":[{"embeddable":true,"href":"https:\/\/noticiaempauta.com\/portal\/wp-json\/wp\/v2\/media\/281187"}],"wp:attachment":[{"href":"https:\/\/noticiaempauta.com\/portal\/wp-json\/wp\/v2\/media?parent=281184"}],"wp:term":[{"taxonomy":"category","embeddable":true,"href":"https:\/\/noticiaempauta.com\/portal\/wp-json\/wp\/v2\/categories?post=281184"},{"taxonomy":"post_tag","embeddable":true,"href":"https:\/\/noticiaempauta.com\/portal\/wp-json\/wp\/v2\/tags?post=281184"}],"curies":[{"name":"wp","href":"https:\/\/api.w.org\/{rel}","templated":true}]}}