{"id":281195,"date":"2025-11-26T14:42:54","date_gmt":"2025-11-26T17:42:54","guid":{"rendered":"https:\/\/noticiaempauta.com\/portal\/?p=281195"},"modified":"2025-11-26T14:42:55","modified_gmt":"2025-11-26T17:42:55","slug":"municipios-do-piaui-podem-perder-recursos-do-icms-ecologico-apos-aumento-de-criterios-diz-presidente-da-appm","status":"publish","type":"post","link":"https:\/\/noticiaempauta.com\/portal\/municipios-do-piaui-podem-perder-recursos-do-icms-ecologico-apos-aumento-de-criterios-diz-presidente-da-appm\/","title":{"rendered":"Munic\u00edpios do Piau\u00ed podem perder recursos do ICMS Ecol\u00f3gico ap\u00f3s aumento de crit\u00e9rios, diz presidente da APPM"},"content":{"rendered":"\n<p>O presidente da Associa\u00e7\u00e3o Piauiense de Munic\u00edpio (APPM), prefeito Admaelton Bezerra (MDB), criticou o aumento dos crit\u00e9rios para a aquisi\u00e7\u00e3o do selo ambiental pelas prefeituras do Piau\u00ed. O selo tamb\u00e9m garante a participa\u00e7\u00e3o nos recursos do ICMS Ecol\u00f3gico.<\/p>\n\n\n\n<p>O mecanismo determina que os munic\u00edpios apresentem a\u00e7\u00f5es de redu\u00e7\u00e3o de desmatamento e investimentos em educa\u00e7\u00e3o ambiental. Quanto maior for o resultado, maior \u00e9 o n\u00edvel do selo que varia entre as letras A e C. Assim, mais recursos do ICMS Ecol\u00f3gico entram para refor\u00e7ar os cofres p\u00fablicos.<\/p>\n\n\n\n<figure class=\"wp-block-image size-large\"><img fetchpriority=\"high\" decoding=\"async\" width=\"1024\" height=\"576\" src=\"https:\/\/noticiaempauta.com\/portal\/wp-content\/uploads\/2025\/11\/Admaelton-Bezerra-1024x576.webp\" alt=\"\" class=\"wp-image-281196\" srcset=\"https:\/\/noticiaempauta.com\/portal\/wp-content\/uploads\/2025\/11\/Admaelton-Bezerra-1024x576.webp 1024w, https:\/\/noticiaempauta.com\/portal\/wp-content\/uploads\/2025\/11\/Admaelton-Bezerra-300x169.webp 300w, https:\/\/noticiaempauta.com\/portal\/wp-content\/uploads\/2025\/11\/Admaelton-Bezerra-768x432.webp 768w, https:\/\/noticiaempauta.com\/portal\/wp-content\/uploads\/2025\/11\/Admaelton-Bezerra-1536x864.webp 1536w, https:\/\/noticiaempauta.com\/portal\/wp-content\/uploads\/2025\/11\/Admaelton-Bezerra.webp 1600w\" sizes=\"(max-width: 1024px) 100vw, 1024px\" \/><figcaption class=\"wp-element-caption\"><em>Admaelton Bezerra (Foto: Jonas Carvalho\/ Portal ClubeNews)<\/em><\/figcaption><\/figure>\n\n\n\n<p>\u201cOs crit\u00e9rios aumentaram muito. Com o aumento dos crit\u00e9rios, poucos munic\u00edpios do Piau\u00ed v\u00e3o conseguir atingir o selo A. Ent\u00e3o, vai ter perda de recursos. As a\u00e7\u00f5es que t\u00eam que ser feitas praticamente dobraram e a gente est\u00e1 querendo discutir isso\u201d, criticou Admaelton Bezerra.<\/p>\n\n\n\n<p>As prefeituras ter\u00e3o de fevereiro a mar\u00e7o para apresentarem requerimentos de postula\u00e7\u00e3o digitais no Sistema Eletr\u00f4nico de Informa\u00e7\u00f5es (SEI), comprovando a\u00e7\u00f5es em \u00e1reas como res\u00edduos s\u00f3lidos, recursos h\u00eddricos e educa\u00e7\u00e3o ambiental.&nbsp;<\/p>\n\n\n\n<p>Na manh\u00e3 desta quarta-feira (26), prefeitos piauienses se reuniram na sede da APPM \u2013 localizada na zona Sul de Teresina \u2013 para discutir a demanda e propor sugest\u00f5es \u00e0 medida.<\/p>\n\n\n\n<p>\u201cEst\u00e3o todos aqui para discutir os decretos do Selo Ambiental. Que a gente possa dar nossas sugest\u00f5es dentro do decreto. Ser\u00e1 importante para que a gente possa fazer as a\u00e7\u00f5es do meio ambiente nos munic\u00edpios\u201d, completou.<\/p>\n\n\n\n<p><strong>Fonte: Portal Clube News<\/strong><\/p>\n","protected":false},"excerpt":{"rendered":"<p>O presidente da Associa\u00e7\u00e3o Piauiense de Munic\u00edpio (APPM), prefeito Admaelton Bezerra (MDB), criticou o aumento dos crit\u00e9rios para a aquisi\u00e7\u00e3o do selo ambiental pelas prefeituras do Piau\u00ed. O selo tamb\u00e9m garante a participa\u00e7\u00e3o nos recursos do ICMS Ecol\u00f3gico. O mecanismo determina que os munic\u00edpios apresentem a\u00e7\u00f5es de redu\u00e7\u00e3o de desmatamento e investimentos em educa\u00e7\u00e3o ambiental. [&hellip;]<\/p>\n","protected":false},"author":2,"featured_media":281196,"comment_status":"open","ping_status":"open","sticky":false,"template":"","format":"standard","meta":{"_mi_skip_tracking":false,"footnotes":""},"categories":[25,1,9,16],"tags":[192],"class_list":["post-281195","post","type-post","status-publish","format-standard","has-post-thumbnail","hentry","category-destaques-site","category-geral","category-municipios","category-todas","tag-destaqueprincipal"],"acf":[],"yoast_head":"<!-- This site is optimized with the Yoast SEO Premium plugin v19.2 (Yoast SEO v26.9) - https:\/\/yoast.com\/product\/yoast-seo-premium-wordpress\/ -->\n<title>Munic\u00edpios do Piau\u00ed podem perder recursos do ICMS Ecol\u00f3gico ap\u00f3s aumento de crit\u00e9rios, diz presidente da APPM - Portal Not\u00edcia em Pauta<\/title>\n<meta name=\"robots\" content=\"index, follow, max-snippet:-1, max-image-preview:large, max-video-preview:-1\" \/>\n<link rel=\"canonical\" href=\"https:\/\/noticiaempauta.com\/portal\/municipios-do-piaui-podem-perder-recursos-do-icms-ecologico-apos-aumento-de-criterios-diz-presidente-da-appm\/\" \/>\n<meta property=\"og:locale\" content=\"pt_BR\" \/>\n<meta property=\"og:type\" content=\"article\" \/>\n<meta property=\"og:title\" content=\"Munic\u00edpios do Piau\u00ed podem perder recursos do ICMS Ecol\u00f3gico ap\u00f3s aumento de crit\u00e9rios, diz presidente da APPM\" \/>\n<meta property=\"og:description\" content=\"O presidente da Associa\u00e7\u00e3o Piauiense de Munic\u00edpio (APPM), prefeito Admaelton Bezerra (MDB), criticou o aumento dos crit\u00e9rios para a aquisi\u00e7\u00e3o do selo ambiental pelas prefeituras do Piau\u00ed. O selo tamb\u00e9m garante a participa\u00e7\u00e3o nos recursos do ICMS Ecol\u00f3gico. O mecanismo determina que os munic\u00edpios apresentem a\u00e7\u00f5es de redu\u00e7\u00e3o de desmatamento e investimentos em educa\u00e7\u00e3o ambiental. [&hellip;]\" \/>\n<meta property=\"og:url\" content=\"https:\/\/noticiaempauta.com\/portal\/municipios-do-piaui-podem-perder-recursos-do-icms-ecologico-apos-aumento-de-criterios-diz-presidente-da-appm\/\" \/>\n<meta property=\"og:site_name\" content=\"Portal Not\u00edcia em Pauta\" \/>\n<meta property=\"article:publisher\" content=\"https:\/\/www.facebook.com\/Portal-Notcia-Em-Pauta-102292869264820\/\" \/>\n<meta property=\"article:published_time\" content=\"2025-11-26T17:42:54+00:00\" \/>\n<meta property=\"article:modified_time\" content=\"2025-11-26T17:42:55+00:00\" \/>\n<meta property=\"og:image\" content=\"https:\/\/noticiaempauta.com\/portal\/wp-content\/uploads\/2025\/11\/Admaelton-Bezerra.webp\" \/>\n\t<meta property=\"og:image:width\" content=\"1600\" \/>\n\t<meta property=\"og:image:height\" content=\"900\" \/>\n\t<meta property=\"og:image:type\" content=\"image\/webp\" \/>\n<meta name=\"author\" content=\"Reda\u00e7\u00e3o\" \/>\n<meta name=\"twitter:card\" content=\"summary_large_image\" \/>\n<meta name=\"twitter:label1\" content=\"Escrito por\" \/>\n\t<meta name=\"twitter:data1\" content=\"Reda\u00e7\u00e3o\" \/>\n\t<meta name=\"twitter:label2\" content=\"Est. tempo de leitura\" \/>\n\t<meta name=\"twitter:data2\" content=\"2 minutos\" \/>\n<script type=\"application\/ld+json\" class=\"yoast-schema-graph\">{\"@context\":\"https:\/\/schema.org\",\"@graph\":[{\"@type\":\"Article\",\"@id\":\"https:\/\/noticiaempauta.com\/portal\/municipios-do-piaui-podem-perder-recursos-do-icms-ecologico-apos-aumento-de-criterios-diz-presidente-da-appm\/#article\",\"isPartOf\":{\"@id\":\"https:\/\/noticiaempauta.com\/portal\/municipios-do-piaui-podem-perder-recursos-do-icms-ecologico-apos-aumento-de-criterios-diz-presidente-da-appm\/\"},\"author\":{\"name\":\"Reda\u00e7\u00e3o\",\"@id\":\"https:\/\/noticiaempauta.com\/portal\/#\/schema\/person\/a74af43dd1ab3deca45f988c717d57ac\"},\"headline\":\"Munic\u00edpios do Piau\u00ed podem perder recursos do ICMS Ecol\u00f3gico ap\u00f3s aumento de crit\u00e9rios, diz presidente da APPM\",\"datePublished\":\"2025-11-26T17:42:54+00:00\",\"dateModified\":\"2025-11-26T17:42:55+00:00\",\"mainEntityOfPage\":{\"@id\":\"https:\/\/noticiaempauta.com\/portal\/municipios-do-piaui-podem-perder-recursos-do-icms-ecologico-apos-aumento-de-criterios-diz-presidente-da-appm\/\"},\"wordCount\":292,\"commentCount\":0,\"publisher\":{\"@id\":\"https:\/\/noticiaempauta.com\/portal\/#organization\"},\"image\":{\"@id\":\"https:\/\/noticiaempauta.com\/portal\/municipios-do-piaui-podem-perder-recursos-do-icms-ecologico-apos-aumento-de-criterios-diz-presidente-da-appm\/#primaryimage\"},\"thumbnailUrl\":\"https:\/\/noticiaempauta.com\/portal\/wp-content\/uploads\/2025\/11\/Admaelton-Bezerra.webp\",\"keywords\":[\"destaqueprincipal\"],\"articleSection\":[\"Destaques\",\"Geral\",\"Munic\u00edpios\",\"Todas as Not\u00edcias\"],\"inLanguage\":\"pt-BR\",\"potentialAction\":[{\"@type\":\"CommentAction\",\"name\":\"Comment\",\"target\":[\"https:\/\/noticiaempauta.com\/portal\/municipios-do-piaui-podem-perder-recursos-do-icms-ecologico-apos-aumento-de-criterios-diz-presidente-da-appm\/#respond\"]}]},{\"@type\":\"WebPage\",\"@id\":\"https:\/\/noticiaempauta.com\/portal\/municipios-do-piaui-podem-perder-recursos-do-icms-ecologico-apos-aumento-de-criterios-diz-presidente-da-appm\/\",\"url\":\"https:\/\/noticiaempauta.com\/portal\/municipios-do-piaui-podem-perder-recursos-do-icms-ecologico-apos-aumento-de-criterios-diz-presidente-da-appm\/\",\"name\":\"Munic\u00edpios do Piau\u00ed podem perder recursos do ICMS Ecol\u00f3gico ap\u00f3s aumento de crit\u00e9rios, diz presidente da APPM - Portal Not\u00edcia em Pauta\",\"isPartOf\":{\"@id\":\"https:\/\/noticiaempauta.com\/portal\/#website\"},\"primaryImageOfPage\":{\"@id\":\"https:\/\/noticiaempauta.com\/portal\/municipios-do-piaui-podem-perder-recursos-do-icms-ecologico-apos-aumento-de-criterios-diz-presidente-da-appm\/#primaryimage\"},\"image\":{\"@id\":\"https:\/\/noticiaempauta.com\/portal\/municipios-do-piaui-podem-perder-recursos-do-icms-ecologico-apos-aumento-de-criterios-diz-presidente-da-appm\/#primaryimage\"},\"thumbnailUrl\":\"https:\/\/noticiaempauta.com\/portal\/wp-content\/uploads\/2025\/11\/Admaelton-Bezerra.webp\",\"datePublished\":\"2025-11-26T17:42:54+00:00\",\"dateModified\":\"2025-11-26T17:42:55+00:00\",\"breadcrumb\":{\"@id\":\"https:\/\/noticiaempauta.com\/portal\/municipios-do-piaui-podem-perder-recursos-do-icms-ecologico-apos-aumento-de-criterios-diz-presidente-da-appm\/#breadcrumb\"},\"inLanguage\":\"pt-BR\",\"potentialAction\":[{\"@type\":\"ReadAction\",\"target\":[\"https:\/\/noticiaempauta.com\/portal\/municipios-do-piaui-podem-perder-recursos-do-icms-ecologico-apos-aumento-de-criterios-diz-presidente-da-appm\/\"]}]},{\"@type\":\"ImageObject\",\"inLanguage\":\"pt-BR\",\"@id\":\"https:\/\/noticiaempauta.com\/portal\/municipios-do-piaui-podem-perder-recursos-do-icms-ecologico-apos-aumento-de-criterios-diz-presidente-da-appm\/#primaryimage\",\"url\":\"https:\/\/noticiaempauta.com\/portal\/wp-content\/uploads\/2025\/11\/Admaelton-Bezerra.webp\",\"contentUrl\":\"https:\/\/noticiaempauta.com\/portal\/wp-content\/uploads\/2025\/11\/Admaelton-Bezerra.webp\",\"width\":1600,\"height\":900},{\"@type\":\"BreadcrumbList\",\"@id\":\"https:\/\/noticiaempauta.com\/portal\/municipios-do-piaui-podem-perder-recursos-do-icms-ecologico-apos-aumento-de-criterios-diz-presidente-da-appm\/#breadcrumb\",\"itemListElement\":[{\"@type\":\"ListItem\",\"position\":1,\"name\":\"P\u00e1gina Inicial\",\"item\":\"https:\/\/noticiaempauta.com\/portal\/\"},{\"@type\":\"ListItem\",\"position\":2,\"name\":\"Destaques\",\"item\":\"https:\/\/noticiaempauta.com\/portal\/destaques-site\/\"},{\"@type\":\"ListItem\",\"position\":3,\"name\":\"Munic\u00edpios do Piau\u00ed podem perder recursos do ICMS Ecol\u00f3gico ap\u00f3s aumento de crit\u00e9rios, diz presidente da APPM\"}]},{\"@type\":\"WebSite\",\"@id\":\"https:\/\/noticiaempauta.com\/portal\/#website\",\"url\":\"https:\/\/noticiaempauta.com\/portal\/\",\"name\":\"Portal Not\u00edcia em Pauta\",\"description\":\"Voc\u00ea bem informado\",\"publisher\":{\"@id\":\"https:\/\/noticiaempauta.com\/portal\/#organization\"},\"potentialAction\":[{\"@type\":\"SearchAction\",\"target\":{\"@type\":\"EntryPoint\",\"urlTemplate\":\"https:\/\/noticiaempauta.com\/portal\/?s={search_term_string}\"},\"query-input\":{\"@type\":\"PropertyValueSpecification\",\"valueRequired\":true,\"valueName\":\"search_term_string\"}}],\"inLanguage\":\"pt-BR\"},{\"@type\":\"Organization\",\"@id\":\"https:\/\/noticiaempauta.com\/portal\/#organization\",\"name\":\"Portal Not\u00edcia em Pauta\",\"url\":\"https:\/\/noticiaempauta.com\/portal\/\",\"logo\":{\"@type\":\"ImageObject\",\"inLanguage\":\"pt-BR\",\"@id\":\"https:\/\/noticiaempauta.com\/portal\/#\/schema\/logo\/image\/\",\"url\":\"https:\/\/noticiaempauta.com\/portal\/wp-content\/uploads\/2022\/08\/logomarca_tema.fw_.png\",\"contentUrl\":\"https:\/\/noticiaempauta.com\/portal\/wp-content\/uploads\/2022\/08\/logomarca_tema.fw_.png\",\"width\":400,\"height\":232,\"caption\":\"Portal Not\u00edcia em Pauta\"},\"image\":{\"@id\":\"https:\/\/noticiaempauta.com\/portal\/#\/schema\/logo\/image\/\"},\"sameAs\":[\"https:\/\/www.facebook.com\/Portal-Notcia-Em-Pauta-102292869264820\/\",\"https:\/\/www.instagram.com\/portalnoticiaempauta\/\"]},{\"@type\":\"Person\",\"@id\":\"https:\/\/noticiaempauta.com\/portal\/#\/schema\/person\/a74af43dd1ab3deca45f988c717d57ac\",\"name\":\"Reda\u00e7\u00e3o\",\"image\":{\"@type\":\"ImageObject\",\"inLanguage\":\"pt-BR\",\"@id\":\"https:\/\/noticiaempauta.com\/portal\/#\/schema\/person\/image\/\",\"url\":\"https:\/\/secure.gravatar.com\/avatar\/03179346ecce6cdfc13361603e8f54242a90e5cde8618fa23c5c00aa2b0aadf3?s=96&d=mm&r=g\",\"contentUrl\":\"https:\/\/secure.gravatar.com\/avatar\/03179346ecce6cdfc13361603e8f54242a90e5cde8618fa23c5c00aa2b0aadf3?s=96&d=mm&r=g\",\"caption\":\"Reda\u00e7\u00e3o\"},\"sameAs\":[\"https:\/\/noticiaempauta.com\/portal\/\"],\"url\":\"https:\/\/noticiaempauta.com\/portal\/author\/fernando\/\"}]}<\/script>\n<!-- \/ Yoast SEO Premium plugin. -->","yoast_head_json":{"title":"Munic\u00edpios do Piau\u00ed podem perder recursos do ICMS Ecol\u00f3gico ap\u00f3s aumento de crit\u00e9rios, diz presidente da APPM - Portal Not\u00edcia em Pauta","robots":{"index":"index","follow":"follow","max-snippet":"max-snippet:-1","max-image-preview":"max-image-preview:large","max-video-preview":"max-video-preview:-1"},"canonical":"https:\/\/noticiaempauta.com\/portal\/municipios-do-piaui-podem-perder-recursos-do-icms-ecologico-apos-aumento-de-criterios-diz-presidente-da-appm\/","og_locale":"pt_BR","og_type":"article","og_title":"Munic\u00edpios do Piau\u00ed podem perder recursos do ICMS Ecol\u00f3gico ap\u00f3s aumento de crit\u00e9rios, diz presidente da APPM","og_description":"O presidente da Associa\u00e7\u00e3o Piauiense de Munic\u00edpio (APPM), prefeito Admaelton Bezerra (MDB), criticou o aumento dos crit\u00e9rios para a aquisi\u00e7\u00e3o do selo ambiental pelas prefeituras do Piau\u00ed. O selo tamb\u00e9m garante a participa\u00e7\u00e3o nos recursos do ICMS Ecol\u00f3gico. O mecanismo determina que os munic\u00edpios apresentem a\u00e7\u00f5es de redu\u00e7\u00e3o de desmatamento e investimentos em educa\u00e7\u00e3o ambiental. [&hellip;]","og_url":"https:\/\/noticiaempauta.com\/portal\/municipios-do-piaui-podem-perder-recursos-do-icms-ecologico-apos-aumento-de-criterios-diz-presidente-da-appm\/","og_site_name":"Portal Not\u00edcia em Pauta","article_publisher":"https:\/\/www.facebook.com\/Portal-Notcia-Em-Pauta-102292869264820\/","article_published_time":"2025-11-26T17:42:54+00:00","article_modified_time":"2025-11-26T17:42:55+00:00","og_image":[{"width":1600,"height":900,"url":"https:\/\/noticiaempauta.com\/portal\/wp-content\/uploads\/2025\/11\/Admaelton-Bezerra.webp","type":"image\/webp"}],"author":"Reda\u00e7\u00e3o","twitter_card":"summary_large_image","twitter_misc":{"Escrito por":"Reda\u00e7\u00e3o","Est. tempo de leitura":"2 minutos"},"schema":{"@context":"https:\/\/schema.org","@graph":[{"@type":"Article","@id":"https:\/\/noticiaempauta.com\/portal\/municipios-do-piaui-podem-perder-recursos-do-icms-ecologico-apos-aumento-de-criterios-diz-presidente-da-appm\/#article","isPartOf":{"@id":"https:\/\/noticiaempauta.com\/portal\/municipios-do-piaui-podem-perder-recursos-do-icms-ecologico-apos-aumento-de-criterios-diz-presidente-da-appm\/"},"author":{"name":"Reda\u00e7\u00e3o","@id":"https:\/\/noticiaempauta.com\/portal\/#\/schema\/person\/a74af43dd1ab3deca45f988c717d57ac"},"headline":"Munic\u00edpios do Piau\u00ed podem perder recursos do ICMS Ecol\u00f3gico ap\u00f3s aumento de crit\u00e9rios, diz presidente da APPM","datePublished":"2025-11-26T17:42:54+00:00","dateModified":"2025-11-26T17:42:55+00:00","mainEntityOfPage":{"@id":"https:\/\/noticiaempauta.com\/portal\/municipios-do-piaui-podem-perder-recursos-do-icms-ecologico-apos-aumento-de-criterios-diz-presidente-da-appm\/"},"wordCount":292,"commentCount":0,"publisher":{"@id":"https:\/\/noticiaempauta.com\/portal\/#organization"},"image":{"@id":"https:\/\/noticiaempauta.com\/portal\/municipios-do-piaui-podem-perder-recursos-do-icms-ecologico-apos-aumento-de-criterios-diz-presidente-da-appm\/#primaryimage"},"thumbnailUrl":"https:\/\/noticiaempauta.com\/portal\/wp-content\/uploads\/2025\/11\/Admaelton-Bezerra.webp","keywords":["destaqueprincipal"],"articleSection":["Destaques","Geral","Munic\u00edpios","Todas as Not\u00edcias"],"inLanguage":"pt-BR","potentialAction":[{"@type":"CommentAction","name":"Comment","target":["https:\/\/noticiaempauta.com\/portal\/municipios-do-piaui-podem-perder-recursos-do-icms-ecologico-apos-aumento-de-criterios-diz-presidente-da-appm\/#respond"]}]},{"@type":"WebPage","@id":"https:\/\/noticiaempauta.com\/portal\/municipios-do-piaui-podem-perder-recursos-do-icms-ecologico-apos-aumento-de-criterios-diz-presidente-da-appm\/","url":"https:\/\/noticiaempauta.com\/portal\/municipios-do-piaui-podem-perder-recursos-do-icms-ecologico-apos-aumento-de-criterios-diz-presidente-da-appm\/","name":"Munic\u00edpios do Piau\u00ed podem perder recursos do ICMS Ecol\u00f3gico ap\u00f3s aumento de crit\u00e9rios, diz presidente da APPM - Portal Not\u00edcia em Pauta","isPartOf":{"@id":"https:\/\/noticiaempauta.com\/portal\/#website"},"primaryImageOfPage":{"@id":"https:\/\/noticiaempauta.com\/portal\/municipios-do-piaui-podem-perder-recursos-do-icms-ecologico-apos-aumento-de-criterios-diz-presidente-da-appm\/#primaryimage"},"image":{"@id":"https:\/\/noticiaempauta.com\/portal\/municipios-do-piaui-podem-perder-recursos-do-icms-ecologico-apos-aumento-de-criterios-diz-presidente-da-appm\/#primaryimage"},"thumbnailUrl":"https:\/\/noticiaempauta.com\/portal\/wp-content\/uploads\/2025\/11\/Admaelton-Bezerra.webp","datePublished":"2025-11-26T17:42:54+00:00","dateModified":"2025-11-26T17:42:55+00:00","breadcrumb":{"@id":"https:\/\/noticiaempauta.com\/portal\/municipios-do-piaui-podem-perder-recursos-do-icms-ecologico-apos-aumento-de-criterios-diz-presidente-da-appm\/#breadcrumb"},"inLanguage":"pt-BR","potentialAction":[{"@type":"ReadAction","target":["https:\/\/noticiaempauta.com\/portal\/municipios-do-piaui-podem-perder-recursos-do-icms-ecologico-apos-aumento-de-criterios-diz-presidente-da-appm\/"]}]},{"@type":"ImageObject","inLanguage":"pt-BR","@id":"https:\/\/noticiaempauta.com\/portal\/municipios-do-piaui-podem-perder-recursos-do-icms-ecologico-apos-aumento-de-criterios-diz-presidente-da-appm\/#primaryimage","url":"https:\/\/noticiaempauta.com\/portal\/wp-content\/uploads\/2025\/11\/Admaelton-Bezerra.webp","contentUrl":"https:\/\/noticiaempauta.com\/portal\/wp-content\/uploads\/2025\/11\/Admaelton-Bezerra.webp","width":1600,"height":900},{"@type":"BreadcrumbList","@id":"https:\/\/noticiaempauta.com\/portal\/municipios-do-piaui-podem-perder-recursos-do-icms-ecologico-apos-aumento-de-criterios-diz-presidente-da-appm\/#breadcrumb","itemListElement":[{"@type":"ListItem","position":1,"name":"P\u00e1gina Inicial","item":"https:\/\/noticiaempauta.com\/portal\/"},{"@type":"ListItem","position":2,"name":"Destaques","item":"https:\/\/noticiaempauta.com\/portal\/destaques-site\/"},{"@type":"ListItem","position":3,"name":"Munic\u00edpios do Piau\u00ed podem perder recursos do ICMS Ecol\u00f3gico ap\u00f3s aumento de crit\u00e9rios, diz presidente da APPM"}]},{"@type":"WebSite","@id":"https:\/\/noticiaempauta.com\/portal\/#website","url":"https:\/\/noticiaempauta.com\/portal\/","name":"Portal Not\u00edcia em Pauta","description":"Voc\u00ea bem informado","publisher":{"@id":"https:\/\/noticiaempauta.com\/portal\/#organization"},"potentialAction":[{"@type":"SearchAction","target":{"@type":"EntryPoint","urlTemplate":"https:\/\/noticiaempauta.com\/portal\/?s={search_term_string}"},"query-input":{"@type":"PropertyValueSpecification","valueRequired":true,"valueName":"search_term_string"}}],"inLanguage":"pt-BR"},{"@type":"Organization","@id":"https:\/\/noticiaempauta.com\/portal\/#organization","name":"Portal Not\u00edcia em Pauta","url":"https:\/\/noticiaempauta.com\/portal\/","logo":{"@type":"ImageObject","inLanguage":"pt-BR","@id":"https:\/\/noticiaempauta.com\/portal\/#\/schema\/logo\/image\/","url":"https:\/\/noticiaempauta.com\/portal\/wp-content\/uploads\/2022\/08\/logomarca_tema.fw_.png","contentUrl":"https:\/\/noticiaempauta.com\/portal\/wp-content\/uploads\/2022\/08\/logomarca_tema.fw_.png","width":400,"height":232,"caption":"Portal Not\u00edcia em Pauta"},"image":{"@id":"https:\/\/noticiaempauta.com\/portal\/#\/schema\/logo\/image\/"},"sameAs":["https:\/\/www.facebook.com\/Portal-Notcia-Em-Pauta-102292869264820\/","https:\/\/www.instagram.com\/portalnoticiaempauta\/"]},{"@type":"Person","@id":"https:\/\/noticiaempauta.com\/portal\/#\/schema\/person\/a74af43dd1ab3deca45f988c717d57ac","name":"Reda\u00e7\u00e3o","image":{"@type":"ImageObject","inLanguage":"pt-BR","@id":"https:\/\/noticiaempauta.com\/portal\/#\/schema\/person\/image\/","url":"https:\/\/secure.gravatar.com\/avatar\/03179346ecce6cdfc13361603e8f54242a90e5cde8618fa23c5c00aa2b0aadf3?s=96&d=mm&r=g","contentUrl":"https:\/\/secure.gravatar.com\/avatar\/03179346ecce6cdfc13361603e8f54242a90e5cde8618fa23c5c00aa2b0aadf3?s=96&d=mm&r=g","caption":"Reda\u00e7\u00e3o"},"sameAs":["https:\/\/noticiaempauta.com\/portal\/"],"url":"https:\/\/noticiaempauta.com\/portal\/author\/fernando\/"}]}},"_links":{"self":[{"href":"https:\/\/noticiaempauta.com\/portal\/wp-json\/wp\/v2\/posts\/281195","targetHints":{"allow":["GET"]}}],"collection":[{"href":"https:\/\/noticiaempauta.com\/portal\/wp-json\/wp\/v2\/posts"}],"about":[{"href":"https:\/\/noticiaempauta.com\/portal\/wp-json\/wp\/v2\/types\/post"}],"author":[{"embeddable":true,"href":"https:\/\/noticiaempauta.com\/portal\/wp-json\/wp\/v2\/users\/2"}],"replies":[{"embeddable":true,"href":"https:\/\/noticiaempauta.com\/portal\/wp-json\/wp\/v2\/comments?post=281195"}],"version-history":[{"count":2,"href":"https:\/\/noticiaempauta.com\/portal\/wp-json\/wp\/v2\/posts\/281195\/revisions"}],"predecessor-version":[{"id":281198,"href":"https:\/\/noticiaempauta.com\/portal\/wp-json\/wp\/v2\/posts\/281195\/revisions\/281198"}],"wp:featuredmedia":[{"embeddable":true,"href":"https:\/\/noticiaempauta.com\/portal\/wp-json\/wp\/v2\/media\/281196"}],"wp:attachment":[{"href":"https:\/\/noticiaempauta.com\/portal\/wp-json\/wp\/v2\/media?parent=281195"}],"wp:term":[{"taxonomy":"category","embeddable":true,"href":"https:\/\/noticiaempauta.com\/portal\/wp-json\/wp\/v2\/categories?post=281195"},{"taxonomy":"post_tag","embeddable":true,"href":"https:\/\/noticiaempauta.com\/portal\/wp-json\/wp\/v2\/tags?post=281195"}],"curies":[{"name":"wp","href":"https:\/\/api.w.org\/{rel}","templated":true}]}}