{"id":283249,"date":"2025-12-29T08:56:37","date_gmt":"2025-12-29T11:56:37","guid":{"rendered":"https:\/\/noticiaempauta.com\/portal\/?p=283249"},"modified":"2025-12-29T08:56:38","modified_gmt":"2025-12-29T11:56:38","slug":"com-alta-demanda-piaui-recebe-recursos-extras-e-amplia-moradias-do-minha-casa-minha-vida","status":"publish","type":"post","link":"https:\/\/noticiaempauta.com\/portal\/com-alta-demanda-piaui-recebe-recursos-extras-e-amplia-moradias-do-minha-casa-minha-vida\/","title":{"rendered":"Com alta demanda, Piau\u00ed recebe recursos extras e amplia moradias do Minha Casa, Minha Vida"},"content":{"rendered":"\n<p>O ano de 2025 foi considerado significativo para o programa Minha Casa, Minha Vida no Piau\u00ed. De acordo com a Caixa Econ\u00f4mica Federal, entre janeiro e setembro de 2025 foram efetivados 8.020 contratos pelo programa, com recursos do FGTS, OGU, FDS e FAR, totalizando um investimento de R$ 1,046 bilh\u00e3o.<\/p>\n\n\n\n<p>Com a alta demanda e a agilidade na apresenta\u00e7\u00e3o de projetos, o estado conseguiu receber recursos que inicialmente seriam destinados a outras unidades da federa\u00e7\u00e3o, ampliando o n\u00famero de contrata\u00e7\u00f5es.<\/p>\n\n\n\n<figure class=\"wp-block-image size-large\"><img fetchpriority=\"high\" decoding=\"async\" width=\"1024\" height=\"636\" src=\"https:\/\/noticiaempauta.com\/portal\/wp-content\/uploads\/2025\/12\/minha_casa_minha_vida-1024x636.jpg\" alt=\"\" class=\"wp-image-283252\" srcset=\"https:\/\/noticiaempauta.com\/portal\/wp-content\/uploads\/2025\/12\/minha_casa_minha_vida-1024x636.jpg 1024w, https:\/\/noticiaempauta.com\/portal\/wp-content\/uploads\/2025\/12\/minha_casa_minha_vida-300x186.jpg 300w, https:\/\/noticiaempauta.com\/portal\/wp-content\/uploads\/2025\/12\/minha_casa_minha_vida-768x477.jpg 768w, https:\/\/noticiaempauta.com\/portal\/wp-content\/uploads\/2025\/12\/minha_casa_minha_vida.jpg 1347w\" sizes=\"(max-width: 1024px) 100vw, 1024px\" \/><figcaption class=\"wp-element-caption\"><em>Foto: Yala Sena\/Cidadeverde.com<\/em><\/figcaption><\/figure>\n\n\n\n<p>\u201cMinha Casa Minha Vida foi um outro ganho significativo.\u00a0A gente contratou mais do que estava previsto, tanto na zona rural, que a habita\u00e7\u00e3o do faixa um, quanto na zona urbana, ultrapassando todos os limites or\u00e7ament\u00e1rio iniciais. Isso muito em fun\u00e7\u00e3o de que a gente tinha um projeto j\u00e1 analisado, um projeto muito bom, com localiza\u00e7\u00e3o excelente e o pr\u00f3prio Minist\u00e9rio das Cidades terminou remanejando recursos de outras unidades da federa\u00e7\u00e3o para o Piau\u00ed para viabilizar a contrata\u00e7\u00e3o desses projetos. Tanto \u00e9 que na zona rural a gente tinha um or\u00e7amento para 855 e passamos de 4 mil unidades contratadas. Ent\u00e3o veja que o privil\u00e9gio de ter projetos bons projetos, j\u00e1 bem elaborados, a gente ganhou na an\u00e1lise e consequentemente viabilizou a contrata\u00e7\u00e3o utilizando recursos de outras unidades da federa\u00e7\u00e3o que n\u00e3o tiveram a mesma velocidade que a nossa. Da mesma forma foi no faixa um a gente contratou mais do que o objetivo inicial\u201d, afirma Francisco Elizomar, superintendente da Caixa no Piau\u00ed.<\/p>\n\n\n\n<p>O programa Minha Casa, Minha Vida foi criado em mar\u00e7o de 2009 com o objetivo de oferecer cr\u00e9dito imobili\u00e1rio a fam\u00edlias de baixa renda. Ap\u00f3s um per\u00edodo de inatividade, a iniciativa foi retomada em 2023, durante o governo Lula. Segundo a vice-presidente de Habita\u00e7\u00e3o da Caixa, In\u00eas Magalh\u00e3es, a retomada do programa tamb\u00e9m proporcionou, nos \u00faltimos anos, a redu\u00e7\u00e3o das taxas de juros nas regi\u00f5es Norte e Nordeste.<\/p>\n\n\n\n<figure class=\"wp-block-image size-large\"><img decoding=\"async\" width=\"1024\" height=\"768\" src=\"https:\/\/noticiaempauta.com\/portal\/wp-content\/uploads\/2025\/12\/WhatsApp_Image_2025-12-11_at_09_50_46_1-1024x768.jpeg\" alt=\"\" class=\"wp-image-283251\" srcset=\"https:\/\/noticiaempauta.com\/portal\/wp-content\/uploads\/2025\/12\/WhatsApp_Image_2025-12-11_at_09_50_46_1-1024x768.jpeg 1024w, https:\/\/noticiaempauta.com\/portal\/wp-content\/uploads\/2025\/12\/WhatsApp_Image_2025-12-11_at_09_50_46_1-300x225.jpeg 300w, https:\/\/noticiaempauta.com\/portal\/wp-content\/uploads\/2025\/12\/WhatsApp_Image_2025-12-11_at_09_50_46_1-768x576.jpeg 768w, https:\/\/noticiaempauta.com\/portal\/wp-content\/uploads\/2025\/12\/WhatsApp_Image_2025-12-11_at_09_50_46_1-1536x1152.jpeg 1536w, https:\/\/noticiaempauta.com\/portal\/wp-content\/uploads\/2025\/12\/WhatsApp_Image_2025-12-11_at_09_50_46_1.jpeg 1600w\" sizes=\"(max-width: 1024px) 100vw, 1024px\" \/><figcaption class=\"wp-element-caption\"><em>Foto: Yala Sena\/Cidadeverde.com<\/em><\/figcaption><\/figure>\n\n\n\n<p>\u201cN\u00f3s retomamos, foi recriado o Minist\u00e9rio das Cidades, e retomamos o Minha casa Minha Vida para faixa um com recursos da Uni\u00e3o que s\u00e3o destinadas \u00e0 fam\u00edlia em situa\u00e7\u00e3o extrema vulnerabilidade, ent\u00e3o isso \u00e9 uma quest\u00e3o muito importante. Mas um tema muito importante tamb\u00e9m foi a atender essas fam\u00edlias no financiamento e para isso aqui na regi\u00e3o Norte e Nordeste n\u00f3s tivemos uma redu\u00e7\u00e3o da taxa de juros, menor do que nos outros estados, tivemos um aumento de subs\u00eddio e tamb\u00e9m a cria\u00e7\u00e3o de um programa que a gente chama de Minha Casa Minha Vida Cidades que \u00e9 a possibilidade dos estados e munic\u00edpios aportarem um recurso que melhore a possibilidade da fam\u00edlia acender a um financiamento&#8221;, explica.<\/p>\n\n\n\n<p>Segundo In\u00eas Magalh\u00e3es, a maior dificuldade das fam\u00edlias \u00e9 ter uma poupan\u00e7a pr\u00e9via para dar entrada na casa.<\/p>\n\n\n\n<figure class=\"wp-block-image size-large\"><img decoding=\"async\" width=\"1024\" height=\"683\" src=\"https:\/\/noticiaempauta.com\/portal\/wp-content\/uploads\/2025\/12\/Ines_Magalhaes-1024x683.jpg\" alt=\"\" class=\"wp-image-283250\" srcset=\"https:\/\/noticiaempauta.com\/portal\/wp-content\/uploads\/2025\/12\/Ines_Magalhaes-1024x683.jpg 1024w, https:\/\/noticiaempauta.com\/portal\/wp-content\/uploads\/2025\/12\/Ines_Magalhaes-300x200.jpg 300w, https:\/\/noticiaempauta.com\/portal\/wp-content\/uploads\/2025\/12\/Ines_Magalhaes-768x512.jpg 768w, https:\/\/noticiaempauta.com\/portal\/wp-content\/uploads\/2025\/12\/Ines_Magalhaes-1536x1024.jpg 1536w, https:\/\/noticiaempauta.com\/portal\/wp-content\/uploads\/2025\/12\/Ines_Magalhaes.jpg 1920w\" sizes=\"(max-width: 1024px) 100vw, 1024px\" \/><figcaption class=\"wp-element-caption\"><em>Foto: Divulga\u00e7\u00e3o \/ FNNIC<\/em><\/figcaption><\/figure>\n\n\n\n<p>&#8220;E esses recursos ajudam que ela consiga dar entrada nessa moradia e depois a presta\u00e7\u00e3o tem uma equival\u00eancia \u00e0s vezes at\u00e9 menor do que a do aluguel que elas hoje pagam. Ent\u00e3o acho que essas s\u00e3o coisas que foram muito significativas. Acho que tem uns aspectos dos projetos deles serem menores e mais pr\u00f3ximos enfim a gente, no relan\u00e7amento, repassou os v\u00e1rios aspectos que o programa tem\u201d, ressalta.<\/p>\n\n\n\n<h2 class=\"wp-block-heading\"><strong>Piau\u00ed tem crescimento na Faixa 1<\/strong><\/h2>\n\n\n\n<p>Um levantamento da Caixa apontou que, no Piau\u00ed,\u00a0a Faixa 1 do programa Minha Casa, Minha Vida\u00a0foi a que mais contemplou fam\u00edlias. Essa faixa \u00e9 destinada \u00e0 popula\u00e7\u00e3o de baixa renda, com o objetivo de facilitar a aquisi\u00e7\u00e3o do primeiro im\u00f3vel por meio de condi\u00e7\u00f5es de financiamento diferenciadas e altos subs\u00eddios do governo federal.<\/p>\n\n\n\n<p>Ao todo, foram 6.634 unidades financiadas, sendo 3.103 com recursos do FGTS e 3.531 com recursos do OGU (Or\u00e7amento Geral da Uni\u00e3o), FDS (Fundo de Desenvolvimento Social) e FAR (Fundo de Arrendamento Residencial). Para a habita\u00e7\u00e3o rural, o programa \u00e9 destinado a fam\u00edlias com renda anual bruta de at\u00e9 R$ 40 mil.<\/p>\n\n\n\n<blockquote class=\"wp-block-quote is-layout-flow wp-block-quote-is-layout-flow\">\n<p>\u201cA pol\u00edtica p\u00fablica de habita\u00e7\u00e3o ela tem o poder de trabalhar duas dimens\u00f5es importantes. Uma \u00e9 a dimens\u00e3o econ\u00f4mica a constru\u00e7\u00e3o civil \u00e9 uma ind\u00fastria que gera muito emprego e responde muito rapidamente ao aporte de recurso. Mas a mais importante \u00e9 porque a habita\u00e7\u00e3o ela \u00e9 uma pol\u00edtica p\u00fablica que propicia uma melhoria em v\u00e1rios aspectos da vida da fam\u00edlia, uma moradia digna ela melhora as quest\u00f5es de sa\u00fade, voc\u00ea diminui as doen\u00e7as de origem h\u00eddrica, a quest\u00e3o respirat\u00f3ria, voc\u00ea melhora a educa\u00e7\u00e3o porque se a fam\u00edlia tem uma moradia adequada a crian\u00e7a tem como estudar. A pandemia foi um momento onde isso ficou muito evidente al\u00e9m de outras quest\u00f5es que tamb\u00e9m tem a influ\u00eancia uma melhora se a crian\u00e7a tem acesso a uma moradia digna. Ent\u00e3o essa \u00e9 uma quest\u00e3o bem importante pra n\u00f3s\u201d, afirma In\u00eas Magalh\u00e3es.<\/p>\n<\/blockquote>\n\n\n\n<h2 class=\"wp-block-heading\"><strong>Proje\u00e7\u00e3o de mais moradias em 2026<\/strong><\/h2>\n\n\n\n<p>O superintendente da Caixa no Piau\u00ed, Francisco Elizomar, avalia que 2026 ser\u00e1 um ano positivo para quem deseja conquistar o sonho da casa pr\u00f3pria. No fim de 2025, foi assinado o projeto\u00a0Minha Casa, Minha Vida FAR, com 192 unidades habitacionais no bairro Angelim. H\u00e1 ainda a proje\u00e7\u00e3o de constru\u00e7\u00f5es no Centro de Teresina, como parte do projeto de revitaliza\u00e7\u00e3o da \u00e1rea central. A expectativa \u00e9 que os investimentos na capital cheguem a R$ 3 bilh\u00f5es.<\/p>\n\n\n\n<p>\u201c2026 vai ser um ano que a gente vai consolidar tudo que vem construindo. N\u00f3s fizemos um levantamento r\u00e1pido com algumas construtoras, escrit\u00f3rios de projeto para Teresina e s\u00f3 Teresina a gente tem uma proje\u00e7\u00e3o de lan\u00e7amentos de empreendimento no ano que vem na casa de R$ 3 bilh\u00f5es, s\u00f3 voltado para habita\u00e7\u00e3o em Teresina. Ent\u00e3o voc\u00ea tem v\u00e1rios empreendimentos zona Norte, zona Leste, zona Sul, zona Sudeste, todas as \u00e1reas, casas, apartamentos, tem empreendimentos no Centro, dentro do projeto de revitaliza\u00e7\u00e3o do Centro,\u00a0empreendimentos tanto do ponto de vista social como tamb\u00e9m do ponto de vista de mercado.<\/p>\n\n\n\n<p>Ele acrescenta que tem valores para todas as faixas de renda.<\/p>\n\n\n\n<blockquote class=\"wp-block-quote is-layout-flow wp-block-quote-is-layout-flow\">\n<p>&#8220;Tem apartamentos, casa de condom\u00ednio de R$ 3 milh\u00f5es, como tamb\u00e9m tem apartamento de R$ 180 mil, casa de R$ 200 mil, R$ 240 mil uma variedade enorme. Ent\u00e3o as pessoas que t\u00eam como objetivo em 2026 conquistar o sonho da casa pr\u00f3pria vai ter uma oportunidade muito grande porque vai ter oferta e isso vai fazer muita diferen\u00e7a. Consequentemente gerando emprego, renda e vai movimentar toda a economia, n\u00e3o s\u00f3 de Teresina, como tamb\u00e9m do estado\u201d, encerra o superintendente.<\/p>\n<\/blockquote>\n\n\n\n<p>Com balan\u00e7o positivo em 2025, a proje\u00e7\u00e3o \u00e9 de que, em 2026, novos desafios se apresentem, especialmente para munic\u00edpios e estados, quanto \u00e0 amplia\u00e7\u00e3o do programa Minha Casa, Minha Vida. Um dos pontos destacados por In\u00eas Magalh\u00e3es diz respeito \u00e0s Zonas Especiais de Interesse Social (Zeis), \u00e1reas definidas pelos Planos Diretores Municipais e destinadas prioritariamente \u00e0 produ\u00e7\u00e3o de Habita\u00e7\u00e3o de Interesse Social (HIS) para a popula\u00e7\u00e3o de baixa renda.<\/p>\n\n\n\n<blockquote class=\"wp-block-quote is-layout-flow wp-block-quote-is-layout-flow\">\n<p>\u201cH\u00e1 um desafio do ponto de vista dos munic\u00edpios que \u00e9 justamente trabalhar essa demanda antes. Ter um planejamento do solo que preveja \u00e1reas de habita\u00e7\u00e3o de interesse social em \u00e1reas apropriadas, ent\u00e3o que a gente tenha o que a gente chama zeis, que s\u00e3o zonas especiais inseridas na \u00e1rea urbana para que a gente consiga fazer a moradia dentro de uma \u00e1rea onde toda a infraestrutura j\u00e1 seja garantida. Do ponto de vista dos construtores, acho que o tema da industrializa\u00e7\u00e3o da melhoria dos projetos \u00e9 um desafio permanente\u201d, finaliza.<\/p>\n<\/blockquote>\n\n\n\n<p>Fonte: Cidade Verde<\/p>\n","protected":false},"excerpt":{"rendered":"<p>O ano de 2025 foi considerado significativo para o programa Minha Casa, Minha Vida no Piau\u00ed. De acordo com a Caixa Econ\u00f4mica Federal, entre janeiro e setembro de 2025 foram efetivados 8.020 contratos pelo programa, com recursos do FGTS, OGU, FDS e FAR, totalizando um investimento de R$ 1,046 bilh\u00e3o. Com a alta demanda e [&hellip;]<\/p>\n","protected":false},"author":2,"featured_media":283252,"comment_status":"open","ping_status":"open","sticky":false,"template":"","format":"standard","meta":{"_mi_skip_tracking":false,"footnotes":""},"categories":[25,1,16],"tags":[192],"class_list":["post-283249","post","type-post","status-publish","format-standard","has-post-thumbnail","hentry","category-destaques-site","category-geral","category-todas","tag-destaqueprincipal"],"acf":[],"yoast_head":"<!-- This site is optimized with the Yoast SEO Premium plugin v19.2 (Yoast SEO v26.9) - https:\/\/yoast.com\/product\/yoast-seo-premium-wordpress\/ -->\n<title>Com alta demanda, Piau\u00ed recebe recursos extras e amplia moradias do Minha Casa, Minha Vida - Portal Not\u00edcia em Pauta<\/title>\n<meta name=\"robots\" content=\"index, follow, max-snippet:-1, max-image-preview:large, max-video-preview:-1\" \/>\n<link rel=\"canonical\" href=\"https:\/\/noticiaempauta.com\/portal\/com-alta-demanda-piaui-recebe-recursos-extras-e-amplia-moradias-do-minha-casa-minha-vida\/\" \/>\n<meta property=\"og:locale\" content=\"pt_BR\" \/>\n<meta property=\"og:type\" content=\"article\" \/>\n<meta property=\"og:title\" content=\"Com alta demanda, Piau\u00ed recebe recursos extras e amplia moradias do Minha Casa, Minha Vida\" \/>\n<meta property=\"og:description\" content=\"O ano de 2025 foi considerado significativo para o programa Minha Casa, Minha Vida no Piau\u00ed. De acordo com a Caixa Econ\u00f4mica Federal, entre janeiro e setembro de 2025 foram efetivados 8.020 contratos pelo programa, com recursos do FGTS, OGU, FDS e FAR, totalizando um investimento de R$ 1,046 bilh\u00e3o. Com a alta demanda e [&hellip;]\" \/>\n<meta property=\"og:url\" content=\"https:\/\/noticiaempauta.com\/portal\/com-alta-demanda-piaui-recebe-recursos-extras-e-amplia-moradias-do-minha-casa-minha-vida\/\" \/>\n<meta property=\"og:site_name\" content=\"Portal Not\u00edcia em Pauta\" \/>\n<meta property=\"article:publisher\" content=\"https:\/\/www.facebook.com\/Portal-Notcia-Em-Pauta-102292869264820\/\" \/>\n<meta property=\"article:published_time\" content=\"2025-12-29T11:56:37+00:00\" \/>\n<meta property=\"article:modified_time\" content=\"2025-12-29T11:56:38+00:00\" \/>\n<meta property=\"og:image\" content=\"https:\/\/noticiaempauta.com\/portal\/wp-content\/uploads\/2025\/12\/minha_casa_minha_vida.jpg\" \/>\n\t<meta property=\"og:image:width\" content=\"1347\" \/>\n\t<meta property=\"og:image:height\" content=\"836\" \/>\n\t<meta property=\"og:image:type\" content=\"image\/jpeg\" \/>\n<meta name=\"author\" content=\"Reda\u00e7\u00e3o\" \/>\n<meta name=\"twitter:card\" content=\"summary_large_image\" \/>\n<meta name=\"twitter:label1\" content=\"Escrito por\" \/>\n\t<meta name=\"twitter:data1\" content=\"Reda\u00e7\u00e3o\" \/>\n\t<meta name=\"twitter:label2\" content=\"Est. tempo de leitura\" \/>\n\t<meta name=\"twitter:data2\" content=\"6 minutos\" \/>\n<script type=\"application\/ld+json\" class=\"yoast-schema-graph\">{\"@context\":\"https:\/\/schema.org\",\"@graph\":[{\"@type\":\"Article\",\"@id\":\"https:\/\/noticiaempauta.com\/portal\/com-alta-demanda-piaui-recebe-recursos-extras-e-amplia-moradias-do-minha-casa-minha-vida\/#article\",\"isPartOf\":{\"@id\":\"https:\/\/noticiaempauta.com\/portal\/com-alta-demanda-piaui-recebe-recursos-extras-e-amplia-moradias-do-minha-casa-minha-vida\/\"},\"author\":{\"name\":\"Reda\u00e7\u00e3o\",\"@id\":\"https:\/\/noticiaempauta.com\/portal\/#\/schema\/person\/a74af43dd1ab3deca45f988c717d57ac\"},\"headline\":\"Com alta demanda, Piau\u00ed recebe recursos extras e amplia moradias do Minha Casa, Minha Vida\",\"datePublished\":\"2025-12-29T11:56:37+00:00\",\"dateModified\":\"2025-12-29T11:56:38+00:00\",\"mainEntityOfPage\":{\"@id\":\"https:\/\/noticiaempauta.com\/portal\/com-alta-demanda-piaui-recebe-recursos-extras-e-amplia-moradias-do-minha-casa-minha-vida\/\"},\"wordCount\":1330,\"commentCount\":0,\"publisher\":{\"@id\":\"https:\/\/noticiaempauta.com\/portal\/#organization\"},\"image\":{\"@id\":\"https:\/\/noticiaempauta.com\/portal\/com-alta-demanda-piaui-recebe-recursos-extras-e-amplia-moradias-do-minha-casa-minha-vida\/#primaryimage\"},\"thumbnailUrl\":\"https:\/\/noticiaempauta.com\/portal\/wp-content\/uploads\/2025\/12\/minha_casa_minha_vida.jpg\",\"keywords\":[\"destaqueprincipal\"],\"articleSection\":[\"Destaques\",\"Geral\",\"Todas as Not\u00edcias\"],\"inLanguage\":\"pt-BR\",\"potentialAction\":[{\"@type\":\"CommentAction\",\"name\":\"Comment\",\"target\":[\"https:\/\/noticiaempauta.com\/portal\/com-alta-demanda-piaui-recebe-recursos-extras-e-amplia-moradias-do-minha-casa-minha-vida\/#respond\"]}]},{\"@type\":\"WebPage\",\"@id\":\"https:\/\/noticiaempauta.com\/portal\/com-alta-demanda-piaui-recebe-recursos-extras-e-amplia-moradias-do-minha-casa-minha-vida\/\",\"url\":\"https:\/\/noticiaempauta.com\/portal\/com-alta-demanda-piaui-recebe-recursos-extras-e-amplia-moradias-do-minha-casa-minha-vida\/\",\"name\":\"Com alta demanda, Piau\u00ed recebe recursos extras e amplia moradias do Minha Casa, Minha Vida - Portal Not\u00edcia em Pauta\",\"isPartOf\":{\"@id\":\"https:\/\/noticiaempauta.com\/portal\/#website\"},\"primaryImageOfPage\":{\"@id\":\"https:\/\/noticiaempauta.com\/portal\/com-alta-demanda-piaui-recebe-recursos-extras-e-amplia-moradias-do-minha-casa-minha-vida\/#primaryimage\"},\"image\":{\"@id\":\"https:\/\/noticiaempauta.com\/portal\/com-alta-demanda-piaui-recebe-recursos-extras-e-amplia-moradias-do-minha-casa-minha-vida\/#primaryimage\"},\"thumbnailUrl\":\"https:\/\/noticiaempauta.com\/portal\/wp-content\/uploads\/2025\/12\/minha_casa_minha_vida.jpg\",\"datePublished\":\"2025-12-29T11:56:37+00:00\",\"dateModified\":\"2025-12-29T11:56:38+00:00\",\"breadcrumb\":{\"@id\":\"https:\/\/noticiaempauta.com\/portal\/com-alta-demanda-piaui-recebe-recursos-extras-e-amplia-moradias-do-minha-casa-minha-vida\/#breadcrumb\"},\"inLanguage\":\"pt-BR\",\"potentialAction\":[{\"@type\":\"ReadAction\",\"target\":[\"https:\/\/noticiaempauta.com\/portal\/com-alta-demanda-piaui-recebe-recursos-extras-e-amplia-moradias-do-minha-casa-minha-vida\/\"]}]},{\"@type\":\"ImageObject\",\"inLanguage\":\"pt-BR\",\"@id\":\"https:\/\/noticiaempauta.com\/portal\/com-alta-demanda-piaui-recebe-recursos-extras-e-amplia-moradias-do-minha-casa-minha-vida\/#primaryimage\",\"url\":\"https:\/\/noticiaempauta.com\/portal\/wp-content\/uploads\/2025\/12\/minha_casa_minha_vida.jpg\",\"contentUrl\":\"https:\/\/noticiaempauta.com\/portal\/wp-content\/uploads\/2025\/12\/minha_casa_minha_vida.jpg\",\"width\":1347,\"height\":836},{\"@type\":\"BreadcrumbList\",\"@id\":\"https:\/\/noticiaempauta.com\/portal\/com-alta-demanda-piaui-recebe-recursos-extras-e-amplia-moradias-do-minha-casa-minha-vida\/#breadcrumb\",\"itemListElement\":[{\"@type\":\"ListItem\",\"position\":1,\"name\":\"P\u00e1gina Inicial\",\"item\":\"https:\/\/noticiaempauta.com\/portal\/\"},{\"@type\":\"ListItem\",\"position\":2,\"name\":\"Destaques\",\"item\":\"https:\/\/noticiaempauta.com\/portal\/destaques-site\/\"},{\"@type\":\"ListItem\",\"position\":3,\"name\":\"Com alta demanda, Piau\u00ed recebe recursos extras e amplia moradias do Minha Casa, Minha Vida\"}]},{\"@type\":\"WebSite\",\"@id\":\"https:\/\/noticiaempauta.com\/portal\/#website\",\"url\":\"https:\/\/noticiaempauta.com\/portal\/\",\"name\":\"Portal Not\u00edcia em Pauta\",\"description\":\"Voc\u00ea bem informado\",\"publisher\":{\"@id\":\"https:\/\/noticiaempauta.com\/portal\/#organization\"},\"potentialAction\":[{\"@type\":\"SearchAction\",\"target\":{\"@type\":\"EntryPoint\",\"urlTemplate\":\"https:\/\/noticiaempauta.com\/portal\/?s={search_term_string}\"},\"query-input\":{\"@type\":\"PropertyValueSpecification\",\"valueRequired\":true,\"valueName\":\"search_term_string\"}}],\"inLanguage\":\"pt-BR\"},{\"@type\":\"Organization\",\"@id\":\"https:\/\/noticiaempauta.com\/portal\/#organization\",\"name\":\"Portal Not\u00edcia em Pauta\",\"url\":\"https:\/\/noticiaempauta.com\/portal\/\",\"logo\":{\"@type\":\"ImageObject\",\"inLanguage\":\"pt-BR\",\"@id\":\"https:\/\/noticiaempauta.com\/portal\/#\/schema\/logo\/image\/\",\"url\":\"https:\/\/noticiaempauta.com\/portal\/wp-content\/uploads\/2022\/08\/logomarca_tema.fw_.png\",\"contentUrl\":\"https:\/\/noticiaempauta.com\/portal\/wp-content\/uploads\/2022\/08\/logomarca_tema.fw_.png\",\"width\":400,\"height\":232,\"caption\":\"Portal Not\u00edcia em Pauta\"},\"image\":{\"@id\":\"https:\/\/noticiaempauta.com\/portal\/#\/schema\/logo\/image\/\"},\"sameAs\":[\"https:\/\/www.facebook.com\/Portal-Notcia-Em-Pauta-102292869264820\/\",\"https:\/\/www.instagram.com\/portalnoticiaempauta\/\"]},{\"@type\":\"Person\",\"@id\":\"https:\/\/noticiaempauta.com\/portal\/#\/schema\/person\/a74af43dd1ab3deca45f988c717d57ac\",\"name\":\"Reda\u00e7\u00e3o\",\"image\":{\"@type\":\"ImageObject\",\"inLanguage\":\"pt-BR\",\"@id\":\"https:\/\/noticiaempauta.com\/portal\/#\/schema\/person\/image\/\",\"url\":\"https:\/\/secure.gravatar.com\/avatar\/03179346ecce6cdfc13361603e8f54242a90e5cde8618fa23c5c00aa2b0aadf3?s=96&d=mm&r=g\",\"contentUrl\":\"https:\/\/secure.gravatar.com\/avatar\/03179346ecce6cdfc13361603e8f54242a90e5cde8618fa23c5c00aa2b0aadf3?s=96&d=mm&r=g\",\"caption\":\"Reda\u00e7\u00e3o\"},\"sameAs\":[\"https:\/\/noticiaempauta.com\/portal\/\"],\"url\":\"https:\/\/noticiaempauta.com\/portal\/author\/fernando\/\"}]}<\/script>\n<!-- \/ Yoast SEO Premium plugin. -->","yoast_head_json":{"title":"Com alta demanda, Piau\u00ed recebe recursos extras e amplia moradias do Minha Casa, Minha Vida - Portal Not\u00edcia em Pauta","robots":{"index":"index","follow":"follow","max-snippet":"max-snippet:-1","max-image-preview":"max-image-preview:large","max-video-preview":"max-video-preview:-1"},"canonical":"https:\/\/noticiaempauta.com\/portal\/com-alta-demanda-piaui-recebe-recursos-extras-e-amplia-moradias-do-minha-casa-minha-vida\/","og_locale":"pt_BR","og_type":"article","og_title":"Com alta demanda, Piau\u00ed recebe recursos extras e amplia moradias do Minha Casa, Minha Vida","og_description":"O ano de 2025 foi considerado significativo para o programa Minha Casa, Minha Vida no Piau\u00ed. De acordo com a Caixa Econ\u00f4mica Federal, entre janeiro e setembro de 2025 foram efetivados 8.020 contratos pelo programa, com recursos do FGTS, OGU, FDS e FAR, totalizando um investimento de R$ 1,046 bilh\u00e3o. Com a alta demanda e [&hellip;]","og_url":"https:\/\/noticiaempauta.com\/portal\/com-alta-demanda-piaui-recebe-recursos-extras-e-amplia-moradias-do-minha-casa-minha-vida\/","og_site_name":"Portal Not\u00edcia em Pauta","article_publisher":"https:\/\/www.facebook.com\/Portal-Notcia-Em-Pauta-102292869264820\/","article_published_time":"2025-12-29T11:56:37+00:00","article_modified_time":"2025-12-29T11:56:38+00:00","og_image":[{"width":1347,"height":836,"url":"https:\/\/noticiaempauta.com\/portal\/wp-content\/uploads\/2025\/12\/minha_casa_minha_vida.jpg","type":"image\/jpeg"}],"author":"Reda\u00e7\u00e3o","twitter_card":"summary_large_image","twitter_misc":{"Escrito por":"Reda\u00e7\u00e3o","Est. tempo de leitura":"6 minutos"},"schema":{"@context":"https:\/\/schema.org","@graph":[{"@type":"Article","@id":"https:\/\/noticiaempauta.com\/portal\/com-alta-demanda-piaui-recebe-recursos-extras-e-amplia-moradias-do-minha-casa-minha-vida\/#article","isPartOf":{"@id":"https:\/\/noticiaempauta.com\/portal\/com-alta-demanda-piaui-recebe-recursos-extras-e-amplia-moradias-do-minha-casa-minha-vida\/"},"author":{"name":"Reda\u00e7\u00e3o","@id":"https:\/\/noticiaempauta.com\/portal\/#\/schema\/person\/a74af43dd1ab3deca45f988c717d57ac"},"headline":"Com alta demanda, Piau\u00ed recebe recursos extras e amplia moradias do Minha Casa, Minha Vida","datePublished":"2025-12-29T11:56:37+00:00","dateModified":"2025-12-29T11:56:38+00:00","mainEntityOfPage":{"@id":"https:\/\/noticiaempauta.com\/portal\/com-alta-demanda-piaui-recebe-recursos-extras-e-amplia-moradias-do-minha-casa-minha-vida\/"},"wordCount":1330,"commentCount":0,"publisher":{"@id":"https:\/\/noticiaempauta.com\/portal\/#organization"},"image":{"@id":"https:\/\/noticiaempauta.com\/portal\/com-alta-demanda-piaui-recebe-recursos-extras-e-amplia-moradias-do-minha-casa-minha-vida\/#primaryimage"},"thumbnailUrl":"https:\/\/noticiaempauta.com\/portal\/wp-content\/uploads\/2025\/12\/minha_casa_minha_vida.jpg","keywords":["destaqueprincipal"],"articleSection":["Destaques","Geral","Todas as Not\u00edcias"],"inLanguage":"pt-BR","potentialAction":[{"@type":"CommentAction","name":"Comment","target":["https:\/\/noticiaempauta.com\/portal\/com-alta-demanda-piaui-recebe-recursos-extras-e-amplia-moradias-do-minha-casa-minha-vida\/#respond"]}]},{"@type":"WebPage","@id":"https:\/\/noticiaempauta.com\/portal\/com-alta-demanda-piaui-recebe-recursos-extras-e-amplia-moradias-do-minha-casa-minha-vida\/","url":"https:\/\/noticiaempauta.com\/portal\/com-alta-demanda-piaui-recebe-recursos-extras-e-amplia-moradias-do-minha-casa-minha-vida\/","name":"Com alta demanda, Piau\u00ed recebe recursos extras e amplia moradias do Minha Casa, Minha Vida - Portal Not\u00edcia em Pauta","isPartOf":{"@id":"https:\/\/noticiaempauta.com\/portal\/#website"},"primaryImageOfPage":{"@id":"https:\/\/noticiaempauta.com\/portal\/com-alta-demanda-piaui-recebe-recursos-extras-e-amplia-moradias-do-minha-casa-minha-vida\/#primaryimage"},"image":{"@id":"https:\/\/noticiaempauta.com\/portal\/com-alta-demanda-piaui-recebe-recursos-extras-e-amplia-moradias-do-minha-casa-minha-vida\/#primaryimage"},"thumbnailUrl":"https:\/\/noticiaempauta.com\/portal\/wp-content\/uploads\/2025\/12\/minha_casa_minha_vida.jpg","datePublished":"2025-12-29T11:56:37+00:00","dateModified":"2025-12-29T11:56:38+00:00","breadcrumb":{"@id":"https:\/\/noticiaempauta.com\/portal\/com-alta-demanda-piaui-recebe-recursos-extras-e-amplia-moradias-do-minha-casa-minha-vida\/#breadcrumb"},"inLanguage":"pt-BR","potentialAction":[{"@type":"ReadAction","target":["https:\/\/noticiaempauta.com\/portal\/com-alta-demanda-piaui-recebe-recursos-extras-e-amplia-moradias-do-minha-casa-minha-vida\/"]}]},{"@type":"ImageObject","inLanguage":"pt-BR","@id":"https:\/\/noticiaempauta.com\/portal\/com-alta-demanda-piaui-recebe-recursos-extras-e-amplia-moradias-do-minha-casa-minha-vida\/#primaryimage","url":"https:\/\/noticiaempauta.com\/portal\/wp-content\/uploads\/2025\/12\/minha_casa_minha_vida.jpg","contentUrl":"https:\/\/noticiaempauta.com\/portal\/wp-content\/uploads\/2025\/12\/minha_casa_minha_vida.jpg","width":1347,"height":836},{"@type":"BreadcrumbList","@id":"https:\/\/noticiaempauta.com\/portal\/com-alta-demanda-piaui-recebe-recursos-extras-e-amplia-moradias-do-minha-casa-minha-vida\/#breadcrumb","itemListElement":[{"@type":"ListItem","position":1,"name":"P\u00e1gina Inicial","item":"https:\/\/noticiaempauta.com\/portal\/"},{"@type":"ListItem","position":2,"name":"Destaques","item":"https:\/\/noticiaempauta.com\/portal\/destaques-site\/"},{"@type":"ListItem","position":3,"name":"Com alta demanda, Piau\u00ed recebe recursos extras e amplia moradias do Minha Casa, Minha Vida"}]},{"@type":"WebSite","@id":"https:\/\/noticiaempauta.com\/portal\/#website","url":"https:\/\/noticiaempauta.com\/portal\/","name":"Portal Not\u00edcia em Pauta","description":"Voc\u00ea bem informado","publisher":{"@id":"https:\/\/noticiaempauta.com\/portal\/#organization"},"potentialAction":[{"@type":"SearchAction","target":{"@type":"EntryPoint","urlTemplate":"https:\/\/noticiaempauta.com\/portal\/?s={search_term_string}"},"query-input":{"@type":"PropertyValueSpecification","valueRequired":true,"valueName":"search_term_string"}}],"inLanguage":"pt-BR"},{"@type":"Organization","@id":"https:\/\/noticiaempauta.com\/portal\/#organization","name":"Portal Not\u00edcia em Pauta","url":"https:\/\/noticiaempauta.com\/portal\/","logo":{"@type":"ImageObject","inLanguage":"pt-BR","@id":"https:\/\/noticiaempauta.com\/portal\/#\/schema\/logo\/image\/","url":"https:\/\/noticiaempauta.com\/portal\/wp-content\/uploads\/2022\/08\/logomarca_tema.fw_.png","contentUrl":"https:\/\/noticiaempauta.com\/portal\/wp-content\/uploads\/2022\/08\/logomarca_tema.fw_.png","width":400,"height":232,"caption":"Portal Not\u00edcia em Pauta"},"image":{"@id":"https:\/\/noticiaempauta.com\/portal\/#\/schema\/logo\/image\/"},"sameAs":["https:\/\/www.facebook.com\/Portal-Notcia-Em-Pauta-102292869264820\/","https:\/\/www.instagram.com\/portalnoticiaempauta\/"]},{"@type":"Person","@id":"https:\/\/noticiaempauta.com\/portal\/#\/schema\/person\/a74af43dd1ab3deca45f988c717d57ac","name":"Reda\u00e7\u00e3o","image":{"@type":"ImageObject","inLanguage":"pt-BR","@id":"https:\/\/noticiaempauta.com\/portal\/#\/schema\/person\/image\/","url":"https:\/\/secure.gravatar.com\/avatar\/03179346ecce6cdfc13361603e8f54242a90e5cde8618fa23c5c00aa2b0aadf3?s=96&d=mm&r=g","contentUrl":"https:\/\/secure.gravatar.com\/avatar\/03179346ecce6cdfc13361603e8f54242a90e5cde8618fa23c5c00aa2b0aadf3?s=96&d=mm&r=g","caption":"Reda\u00e7\u00e3o"},"sameAs":["https:\/\/noticiaempauta.com\/portal\/"],"url":"https:\/\/noticiaempauta.com\/portal\/author\/fernando\/"}]}},"_links":{"self":[{"href":"https:\/\/noticiaempauta.com\/portal\/wp-json\/wp\/v2\/posts\/283249","targetHints":{"allow":["GET"]}}],"collection":[{"href":"https:\/\/noticiaempauta.com\/portal\/wp-json\/wp\/v2\/posts"}],"about":[{"href":"https:\/\/noticiaempauta.com\/portal\/wp-json\/wp\/v2\/types\/post"}],"author":[{"embeddable":true,"href":"https:\/\/noticiaempauta.com\/portal\/wp-json\/wp\/v2\/users\/2"}],"replies":[{"embeddable":true,"href":"https:\/\/noticiaempauta.com\/portal\/wp-json\/wp\/v2\/comments?post=283249"}],"version-history":[{"count":2,"href":"https:\/\/noticiaempauta.com\/portal\/wp-json\/wp\/v2\/posts\/283249\/revisions"}],"predecessor-version":[{"id":283254,"href":"https:\/\/noticiaempauta.com\/portal\/wp-json\/wp\/v2\/posts\/283249\/revisions\/283254"}],"wp:featuredmedia":[{"embeddable":true,"href":"https:\/\/noticiaempauta.com\/portal\/wp-json\/wp\/v2\/media\/283252"}],"wp:attachment":[{"href":"https:\/\/noticiaempauta.com\/portal\/wp-json\/wp\/v2\/media?parent=283249"}],"wp:term":[{"taxonomy":"category","embeddable":true,"href":"https:\/\/noticiaempauta.com\/portal\/wp-json\/wp\/v2\/categories?post=283249"},{"taxonomy":"post_tag","embeddable":true,"href":"https:\/\/noticiaempauta.com\/portal\/wp-json\/wp\/v2\/tags?post=283249"}],"curies":[{"name":"wp","href":"https:\/\/api.w.org\/{rel}","templated":true}]}}