{"id":283255,"date":"2025-12-29T09:00:15","date_gmt":"2025-12-29T12:00:15","guid":{"rendered":"https:\/\/noticiaempauta.com\/portal\/?p=283255"},"modified":"2025-12-29T09:00:16","modified_gmt":"2025-12-29T12:00:16","slug":"fim-de-ano-rotas-alternativas-encurtam-a-viagem-ate-o-litoral-do-piaui-confira","status":"publish","type":"post","link":"https:\/\/noticiaempauta.com\/portal\/fim-de-ano-rotas-alternativas-encurtam-a-viagem-ate-o-litoral-do-piaui-confira\/","title":{"rendered":"Fim de ano: rotas alternativas encurtam a viagem at\u00e9 o litoral do Piau\u00ed; confira"},"content":{"rendered":"\n<p>Com a chegada do fim de ano e o aumento expressivo no fluxo de ve\u00edculos nas rodovias, o litoral do Piau\u00ed volta a ser um dos destinos mais procurados por turistas. Para quem sai de Teresina em dire\u00e7\u00e3o \u00e0s praias, algumas rodovias estaduais se apresentam como alternativas capazes de reduzir tempo de viagem, dist\u00e2ncia percorrida e exposi\u00e7\u00e3o a trechos mais congestionados das rodovias federais.<\/p>\n\n\n\n<figure class=\"wp-block-image size-full\"><img fetchpriority=\"high\" decoding=\"async\" width=\"790\" height=\"441\" src=\"https:\/\/noticiaempauta.com\/portal\/wp-content\/uploads\/2025\/12\/rota-do-norte-pi113-josedefreitas.jpg\" alt=\"\" class=\"wp-image-283256\" srcset=\"https:\/\/noticiaempauta.com\/portal\/wp-content\/uploads\/2025\/12\/rota-do-norte-pi113-josedefreitas.jpg 790w, https:\/\/noticiaempauta.com\/portal\/wp-content\/uploads\/2025\/12\/rota-do-norte-pi113-josedefreitas-300x167.jpg 300w, https:\/\/noticiaempauta.com\/portal\/wp-content\/uploads\/2025\/12\/rota-do-norte-pi113-josedefreitas-768x429.jpg 768w\" sizes=\"(max-width: 790px) 100vw, 790px\" \/><figcaption class=\"wp-element-caption\"><em>Foto: Ascom\/DER-PI<\/em><\/figcaption><\/figure>\n\n\n\n<p>Uma dessas op\u00e7\u00f5es \u00e9 a chamada&nbsp;<strong>Rota do Norte<\/strong>, que parte da capital pela&nbsp;<strong>PI-113<\/strong>, passa por Jos\u00e9 de Freitas, Cabeceiras, Barras e Batalha. A partir da\u00ed, o trajeto segue pela&nbsp;<strong>PI-110<\/strong>&nbsp;at\u00e9 Piracuruca, onde o motorista retorna \u00e0 BR-343. De acordo com o Departamento de Estradas de Rodagem do Piau\u00ed (DER),&nbsp;<strong>o percurso pode encurtar a viagem em at\u00e9 uma hora, dependendo do hor\u00e1rio e do fluxo.<\/strong><\/p>\n\n\n\n<p>O diretor-geral do DER, Leo Sobral, explica que o diferencial da rota est\u00e1 nas condi\u00e7\u00f5es da estrada e no menor volume de ve\u00edculos pesados.<\/p>\n\n\n\n<p>\u201cA Rota do Norte \u00e9 um corredor formado por duas rodovias estaduais e, para quem quer ir ao litoral, \u00e9 uma alternativa ideal porque foi completamente revitalizada, com asfalto novo, sinaliza\u00e7\u00e3o vertical e pintura de pista. \u00c9 um caminho seguro para a popula\u00e7\u00e3o e permite reduzir em at\u00e9 uma hora de viagem, j\u00e1 que, al\u00e9m de estar em boas condi\u00e7\u00f5es, n\u00e3o tem o tr\u00e1fego intenso da BR-343, especialmente o fluxo de caminh\u00f5es\u201d, afirmou.<\/p>\n\n\n\n<p><strong>Caminho mais curto at\u00e9 Barra Grande<\/strong><\/p>\n\n\n\n<p>Outra alternativa destacada pelo DER beneficia quem tem como destino a vila de Barra Grande, em Cajueiro da Praia. O trajeto, que utiliza as&nbsp;<strong>PIs 301 e 309<\/strong>, reduz o percurso em cerca de&nbsp;<strong>50 quil\u00f4metros.<\/strong>&nbsp;A rota come\u00e7a no entroncamento da BR-343, em Cocal, e segue at\u00e9 a BR-402, j\u00e1 no munic\u00edpio de Cajueiro da Praia.<\/p>\n\n\n\n<p>Segundo Leo Sobral, a chamada Rota do Para\u00edso tamb\u00e9m passou por interven\u00e7\u00f5es recentes e ajuda a evitar o tr\u00e1fego urbano de Parna\u00edba, especialmente em per\u00edodos de alta temporada.<\/p>\n\n\n\n<blockquote class=\"wp-block-quote is-layout-flow wp-block-quote-is-layout-flow\">\n<p>\u201cA Rota do Para\u00edso liga a BR-343 a Cocal da Esta\u00e7\u00e3o, que \u00e9 uma cidade bastante grande, e de l\u00e1 voc\u00ea pega a BR-402, j\u00e1 bem pr\u00f3ximo de Cajueiro da Praia e Barra Grande. Por essa rodovia, voc\u00ea economiza mais de 30 quil\u00f4metros. \u00c9 uma estrada que passou por recupera\u00e7\u00e3o neste ano, est\u00e1 toda nova, em boas condi\u00e7\u00f5es, e \u00e9 superindicada para quem deseja ir ao litoral e evitar o centro urbano de Parna\u00edba\u201d, destacou.<\/p>\n<\/blockquote>\n\n\n\n<h2 class=\"wp-block-heading\"><strong>Mapa rodovi\u00e1rio digital<\/strong><\/h2>\n\n\n\n<p>Os motoristas tamb\u00e9m podem consultar os trajetos por meio de um mapa rodovi\u00e1rio digital do Piau\u00ed, ferramenta disponibilizada pelo DER e acess\u00edvel por QR Code. O sistema permite visualizar rodovias pavimentadas, trechos em constru\u00e7\u00e3o e rotas alternativas, com informa\u00e7\u00f5es georreferenciadas.<\/p>\n\n\n\n<p>\u201c\u00c9 o primeiro mapa digital do estado e ele \u00e9 atualizado semanalmente, ou at\u00e9 diariamente, de acordo com as novidades que o DER tem para fornecer \u00e0 popula\u00e7\u00e3o. Basta acessar o Instagram do DER ou o meu Instagram @leosobrals, onde h\u00e1 um QR Code. Com ele, o usu\u00e1rio tem acesso a um mapa bastante completo, com informa\u00e7\u00f5es geolocalizadas de todas as rodovias estaduais, pavimentadas, n\u00e3o pavimentadas e em constru\u00e7\u00e3o, al\u00e9m das rotas com a quilometragem de cada trajeto. \u00c9 uma ferramenta importante para todos os piauienses que circulam pelas rodovias do estado\u201d, explicou.<\/p>\n\n\n\n<h2 class=\"wp-block-heading\"><strong>Novas conex\u00f5es com estados vizinhos<\/strong><\/h2>\n\n\n\n<p>Al\u00e9m das rotas em dire\u00e7\u00e3o ao litoral, o Piau\u00ed ampliou as conex\u00f5es rodovi\u00e1rias com estados vizinhos. Ao todo, cinco novas rodovias estaduais ligam munic\u00edpios piauienses ao Cear\u00e1, Bahia e Pernambuco. Tr\u00eas delas j\u00e1 foram conclu\u00eddas e duas seguem em execu\u00e7\u00e3o.<\/p>\n\n\n\n<ul class=\"wp-block-list\">\n<li><strong>Rodovias conclu\u00eddas:<\/strong><\/li>\n<\/ul>\n\n\n\n<p><strong>PI-258:&nbsp;<\/strong>Domingos Mour\u00e3o \u2013 Divisa Piau\u00ed\/Cear\u00e1<br>Extens\u00e3o: 20,2 km<br>Investimento: R$ 36,3 milh\u00f5es<\/p>\n\n\n\n<p><strong>PI-115:&nbsp;<\/strong>Assun\u00e7\u00e3o do Piau\u00ed \u2013 Divisa Piau\u00ed\/Cear\u00e1<br>Extens\u00e3o: 17,8 km<br>Investimento: R$ 28,2 milh\u00f5es<\/p>\n\n\n\n<p><strong>PI-415:&nbsp;<\/strong>Sebasti\u00e3o Barros \u2013 Divisa Piau\u00ed\/Bahia<br>Extens\u00e3o: 10,9 km<br>Investimento: R$ 20,7 milh\u00f5es<\/p>\n\n\n\n<ul class=\"wp-block-list\">\n<li>Rodovias em andamento:<\/li>\n<\/ul>\n\n\n\n<p><strong>PI-459:<\/strong>&nbsp;Bet\u00e2nia \u2013 Divisa Piau\u00ed\/Pernambuco (20,6 km)<\/p>\n\n\n\n<p><strong>PI-414:&nbsp;<\/strong>Cristal\u00e2ndia \u2013 Divisa Piau\u00ed\/Bahia (27 km)<\/p>\n\n\n\n<p>\u201cS\u00e3o cinco novas rodovias de liga\u00e7\u00e3o com estados vizinhos. Tr\u00eas j\u00e1 foram conclu\u00eddas e restam pouco mais de 15% do cronograma f\u00edsico-financeiro para a conclus\u00e3o da PI-459, que liga Bet\u00e2nia ao Pernambuco. A PI-414, em Cristal\u00e2ndia, na divisa com a Bahia, tamb\u00e9m est\u00e1 em execu\u00e7\u00e3o e deve ser conclu\u00edda no pr\u00f3ximo ano\u201d, informou.<\/p>\n\n\n\n<p><strong>Prepara\u00e7\u00e3o para o per\u00edodo chuvoso<\/strong><\/p>\n\n\n\n<p>O diretor-geral do DER afirmou ainda que o estado chega ao per\u00edodo chuvoso com planejamento refor\u00e7ado, incluindo o uso de tecnologia e intelig\u00eancia artificial para monitoramento das rodovias.<\/p>\n\n\n\n<p>\u201cO per\u00edodo de chuvas sempre exige aten\u00e7\u00e3o especial, mas, em raz\u00e3o do trabalho desenvolvido nos \u00faltimos tr\u00eas anos, estamos bem preparados. Com o uso de informa\u00e7\u00f5es de sistemas de intelig\u00eancia artificial, conseguimos mapear os pontos que realmente precisam de interven\u00e7\u00f5es mais s\u00e9rias. Por isso, as rodovias est\u00e3o em suas melhores condi\u00e7\u00f5es da hist\u00f3ria do Piau\u00ed, resultado de investimentos que ultrapassam R$ 3 milh\u00f5es na conserva\u00e7\u00e3o, manuten\u00e7\u00e3o, corre\u00e7\u00e3o e recupera\u00e7\u00e3o\u201d, afirmou.<\/p>\n\n\n\n<p>Segundo ele, a tecnologia tamb\u00e9m permite conhecer o perfil do tr\u00e1fego em cada rodovia.<\/p>\n\n\n\n<p>\u201cHoje temos com exatid\u00e3o a quantidade de ve\u00edculos que trafegam em cada rodovia, o perfil desses ve\u00edculos, motos, carros, caminh\u00f5es, e o peso transportado diariamente. Com isso, conseguimos adotar a a\u00e7\u00e3o mais adequada para cada trecho, garantindo mais seguran\u00e7a para condutores e motoristas\u201d, concluiu.<\/p>\n\n\n\n<p>Fonte: Cidade Verde<\/p>\n","protected":false},"excerpt":{"rendered":"<p>Com a chegada do fim de ano e o aumento expressivo no fluxo de ve\u00edculos nas rodovias, o litoral do Piau\u00ed volta a ser um dos destinos mais procurados por turistas. Para quem sai de Teresina em dire\u00e7\u00e3o \u00e0s praias, algumas rodovias estaduais se apresentam como alternativas capazes de reduzir tempo de viagem, dist\u00e2ncia percorrida [&hellip;]<\/p>\n","protected":false},"author":2,"featured_media":283256,"comment_status":"open","ping_status":"open","sticky":false,"template":"","format":"standard","meta":{"_mi_skip_tracking":false,"footnotes":""},"categories":[25,1,9,16],"tags":[192],"class_list":["post-283255","post","type-post","status-publish","format-standard","has-post-thumbnail","hentry","category-destaques-site","category-geral","category-municipios","category-todas","tag-destaqueprincipal"],"acf":[],"yoast_head":"<!-- This site is optimized with the Yoast SEO Premium plugin v19.2 (Yoast SEO v26.9) - https:\/\/yoast.com\/product\/yoast-seo-premium-wordpress\/ -->\n<title>Fim de ano: rotas alternativas encurtam a viagem at\u00e9 o litoral do Piau\u00ed; confira - Portal Not\u00edcia em Pauta<\/title>\n<meta name=\"robots\" content=\"index, follow, max-snippet:-1, max-image-preview:large, max-video-preview:-1\" \/>\n<link rel=\"canonical\" href=\"https:\/\/noticiaempauta.com\/portal\/fim-de-ano-rotas-alternativas-encurtam-a-viagem-ate-o-litoral-do-piaui-confira\/\" \/>\n<meta property=\"og:locale\" content=\"pt_BR\" \/>\n<meta property=\"og:type\" content=\"article\" \/>\n<meta property=\"og:title\" content=\"Fim de ano: rotas alternativas encurtam a viagem at\u00e9 o litoral do Piau\u00ed; confira\" \/>\n<meta property=\"og:description\" content=\"Com a chegada do fim de ano e o aumento expressivo no fluxo de ve\u00edculos nas rodovias, o litoral do Piau\u00ed volta a ser um dos destinos mais procurados por turistas. Para quem sai de Teresina em dire\u00e7\u00e3o \u00e0s praias, algumas rodovias estaduais se apresentam como alternativas capazes de reduzir tempo de viagem, dist\u00e2ncia percorrida [&hellip;]\" \/>\n<meta property=\"og:url\" content=\"https:\/\/noticiaempauta.com\/portal\/fim-de-ano-rotas-alternativas-encurtam-a-viagem-ate-o-litoral-do-piaui-confira\/\" \/>\n<meta property=\"og:site_name\" content=\"Portal Not\u00edcia em Pauta\" \/>\n<meta property=\"article:publisher\" content=\"https:\/\/www.facebook.com\/Portal-Notcia-Em-Pauta-102292869264820\/\" \/>\n<meta property=\"article:published_time\" content=\"2025-12-29T12:00:15+00:00\" \/>\n<meta property=\"article:modified_time\" content=\"2025-12-29T12:00:16+00:00\" \/>\n<meta property=\"og:image\" content=\"https:\/\/noticiaempauta.com\/portal\/wp-content\/uploads\/2025\/12\/rota-do-norte-pi113-josedefreitas.jpg\" \/>\n\t<meta property=\"og:image:width\" content=\"790\" \/>\n\t<meta property=\"og:image:height\" content=\"441\" \/>\n\t<meta property=\"og:image:type\" content=\"image\/jpeg\" \/>\n<meta name=\"author\" content=\"Reda\u00e7\u00e3o\" \/>\n<meta name=\"twitter:card\" content=\"summary_large_image\" \/>\n<meta name=\"twitter:label1\" content=\"Escrito por\" \/>\n\t<meta name=\"twitter:data1\" content=\"Reda\u00e7\u00e3o\" \/>\n\t<meta name=\"twitter:label2\" content=\"Est. tempo de leitura\" \/>\n\t<meta name=\"twitter:data2\" content=\"5 minutos\" \/>\n<script type=\"application\/ld+json\" class=\"yoast-schema-graph\">{\"@context\":\"https:\/\/schema.org\",\"@graph\":[{\"@type\":\"Article\",\"@id\":\"https:\/\/noticiaempauta.com\/portal\/fim-de-ano-rotas-alternativas-encurtam-a-viagem-ate-o-litoral-do-piaui-confira\/#article\",\"isPartOf\":{\"@id\":\"https:\/\/noticiaempauta.com\/portal\/fim-de-ano-rotas-alternativas-encurtam-a-viagem-ate-o-litoral-do-piaui-confira\/\"},\"author\":{\"name\":\"Reda\u00e7\u00e3o\",\"@id\":\"https:\/\/noticiaempauta.com\/portal\/#\/schema\/person\/a74af43dd1ab3deca45f988c717d57ac\"},\"headline\":\"Fim de ano: rotas alternativas encurtam a viagem at\u00e9 o litoral do Piau\u00ed; confira\",\"datePublished\":\"2025-12-29T12:00:15+00:00\",\"dateModified\":\"2025-12-29T12:00:16+00:00\",\"mainEntityOfPage\":{\"@id\":\"https:\/\/noticiaempauta.com\/portal\/fim-de-ano-rotas-alternativas-encurtam-a-viagem-ate-o-litoral-do-piaui-confira\/\"},\"wordCount\":957,\"commentCount\":0,\"publisher\":{\"@id\":\"https:\/\/noticiaempauta.com\/portal\/#organization\"},\"image\":{\"@id\":\"https:\/\/noticiaempauta.com\/portal\/fim-de-ano-rotas-alternativas-encurtam-a-viagem-ate-o-litoral-do-piaui-confira\/#primaryimage\"},\"thumbnailUrl\":\"https:\/\/noticiaempauta.com\/portal\/wp-content\/uploads\/2025\/12\/rota-do-norte-pi113-josedefreitas.jpg\",\"keywords\":[\"destaqueprincipal\"],\"articleSection\":[\"Destaques\",\"Geral\",\"Munic\u00edpios\",\"Todas as Not\u00edcias\"],\"inLanguage\":\"pt-BR\",\"potentialAction\":[{\"@type\":\"CommentAction\",\"name\":\"Comment\",\"target\":[\"https:\/\/noticiaempauta.com\/portal\/fim-de-ano-rotas-alternativas-encurtam-a-viagem-ate-o-litoral-do-piaui-confira\/#respond\"]}]},{\"@type\":\"WebPage\",\"@id\":\"https:\/\/noticiaempauta.com\/portal\/fim-de-ano-rotas-alternativas-encurtam-a-viagem-ate-o-litoral-do-piaui-confira\/\",\"url\":\"https:\/\/noticiaempauta.com\/portal\/fim-de-ano-rotas-alternativas-encurtam-a-viagem-ate-o-litoral-do-piaui-confira\/\",\"name\":\"Fim de ano: rotas alternativas encurtam a viagem at\u00e9 o litoral do Piau\u00ed; confira - Portal Not\u00edcia em Pauta\",\"isPartOf\":{\"@id\":\"https:\/\/noticiaempauta.com\/portal\/#website\"},\"primaryImageOfPage\":{\"@id\":\"https:\/\/noticiaempauta.com\/portal\/fim-de-ano-rotas-alternativas-encurtam-a-viagem-ate-o-litoral-do-piaui-confira\/#primaryimage\"},\"image\":{\"@id\":\"https:\/\/noticiaempauta.com\/portal\/fim-de-ano-rotas-alternativas-encurtam-a-viagem-ate-o-litoral-do-piaui-confira\/#primaryimage\"},\"thumbnailUrl\":\"https:\/\/noticiaempauta.com\/portal\/wp-content\/uploads\/2025\/12\/rota-do-norte-pi113-josedefreitas.jpg\",\"datePublished\":\"2025-12-29T12:00:15+00:00\",\"dateModified\":\"2025-12-29T12:00:16+00:00\",\"breadcrumb\":{\"@id\":\"https:\/\/noticiaempauta.com\/portal\/fim-de-ano-rotas-alternativas-encurtam-a-viagem-ate-o-litoral-do-piaui-confira\/#breadcrumb\"},\"inLanguage\":\"pt-BR\",\"potentialAction\":[{\"@type\":\"ReadAction\",\"target\":[\"https:\/\/noticiaempauta.com\/portal\/fim-de-ano-rotas-alternativas-encurtam-a-viagem-ate-o-litoral-do-piaui-confira\/\"]}]},{\"@type\":\"ImageObject\",\"inLanguage\":\"pt-BR\",\"@id\":\"https:\/\/noticiaempauta.com\/portal\/fim-de-ano-rotas-alternativas-encurtam-a-viagem-ate-o-litoral-do-piaui-confira\/#primaryimage\",\"url\":\"https:\/\/noticiaempauta.com\/portal\/wp-content\/uploads\/2025\/12\/rota-do-norte-pi113-josedefreitas.jpg\",\"contentUrl\":\"https:\/\/noticiaempauta.com\/portal\/wp-content\/uploads\/2025\/12\/rota-do-norte-pi113-josedefreitas.jpg\",\"width\":790,\"height\":441},{\"@type\":\"BreadcrumbList\",\"@id\":\"https:\/\/noticiaempauta.com\/portal\/fim-de-ano-rotas-alternativas-encurtam-a-viagem-ate-o-litoral-do-piaui-confira\/#breadcrumb\",\"itemListElement\":[{\"@type\":\"ListItem\",\"position\":1,\"name\":\"P\u00e1gina Inicial\",\"item\":\"https:\/\/noticiaempauta.com\/portal\/\"},{\"@type\":\"ListItem\",\"position\":2,\"name\":\"Destaques\",\"item\":\"https:\/\/noticiaempauta.com\/portal\/destaques-site\/\"},{\"@type\":\"ListItem\",\"position\":3,\"name\":\"Fim de ano: rotas alternativas encurtam a viagem at\u00e9 o litoral do Piau\u00ed; confira\"}]},{\"@type\":\"WebSite\",\"@id\":\"https:\/\/noticiaempauta.com\/portal\/#website\",\"url\":\"https:\/\/noticiaempauta.com\/portal\/\",\"name\":\"Portal Not\u00edcia em Pauta\",\"description\":\"Voc\u00ea bem informado\",\"publisher\":{\"@id\":\"https:\/\/noticiaempauta.com\/portal\/#organization\"},\"potentialAction\":[{\"@type\":\"SearchAction\",\"target\":{\"@type\":\"EntryPoint\",\"urlTemplate\":\"https:\/\/noticiaempauta.com\/portal\/?s={search_term_string}\"},\"query-input\":{\"@type\":\"PropertyValueSpecification\",\"valueRequired\":true,\"valueName\":\"search_term_string\"}}],\"inLanguage\":\"pt-BR\"},{\"@type\":\"Organization\",\"@id\":\"https:\/\/noticiaempauta.com\/portal\/#organization\",\"name\":\"Portal Not\u00edcia em Pauta\",\"url\":\"https:\/\/noticiaempauta.com\/portal\/\",\"logo\":{\"@type\":\"ImageObject\",\"inLanguage\":\"pt-BR\",\"@id\":\"https:\/\/noticiaempauta.com\/portal\/#\/schema\/logo\/image\/\",\"url\":\"https:\/\/noticiaempauta.com\/portal\/wp-content\/uploads\/2022\/08\/logomarca_tema.fw_.png\",\"contentUrl\":\"https:\/\/noticiaempauta.com\/portal\/wp-content\/uploads\/2022\/08\/logomarca_tema.fw_.png\",\"width\":400,\"height\":232,\"caption\":\"Portal Not\u00edcia em Pauta\"},\"image\":{\"@id\":\"https:\/\/noticiaempauta.com\/portal\/#\/schema\/logo\/image\/\"},\"sameAs\":[\"https:\/\/www.facebook.com\/Portal-Notcia-Em-Pauta-102292869264820\/\",\"https:\/\/www.instagram.com\/portalnoticiaempauta\/\"]},{\"@type\":\"Person\",\"@id\":\"https:\/\/noticiaempauta.com\/portal\/#\/schema\/person\/a74af43dd1ab3deca45f988c717d57ac\",\"name\":\"Reda\u00e7\u00e3o\",\"image\":{\"@type\":\"ImageObject\",\"inLanguage\":\"pt-BR\",\"@id\":\"https:\/\/noticiaempauta.com\/portal\/#\/schema\/person\/image\/\",\"url\":\"https:\/\/secure.gravatar.com\/avatar\/03179346ecce6cdfc13361603e8f54242a90e5cde8618fa23c5c00aa2b0aadf3?s=96&d=mm&r=g\",\"contentUrl\":\"https:\/\/secure.gravatar.com\/avatar\/03179346ecce6cdfc13361603e8f54242a90e5cde8618fa23c5c00aa2b0aadf3?s=96&d=mm&r=g\",\"caption\":\"Reda\u00e7\u00e3o\"},\"sameAs\":[\"https:\/\/noticiaempauta.com\/portal\/\"],\"url\":\"https:\/\/noticiaempauta.com\/portal\/author\/fernando\/\"}]}<\/script>\n<!-- \/ Yoast SEO Premium plugin. -->","yoast_head_json":{"title":"Fim de ano: rotas alternativas encurtam a viagem at\u00e9 o litoral do Piau\u00ed; confira - Portal Not\u00edcia em Pauta","robots":{"index":"index","follow":"follow","max-snippet":"max-snippet:-1","max-image-preview":"max-image-preview:large","max-video-preview":"max-video-preview:-1"},"canonical":"https:\/\/noticiaempauta.com\/portal\/fim-de-ano-rotas-alternativas-encurtam-a-viagem-ate-o-litoral-do-piaui-confira\/","og_locale":"pt_BR","og_type":"article","og_title":"Fim de ano: rotas alternativas encurtam a viagem at\u00e9 o litoral do Piau\u00ed; confira","og_description":"Com a chegada do fim de ano e o aumento expressivo no fluxo de ve\u00edculos nas rodovias, o litoral do Piau\u00ed volta a ser um dos destinos mais procurados por turistas. Para quem sai de Teresina em dire\u00e7\u00e3o \u00e0s praias, algumas rodovias estaduais se apresentam como alternativas capazes de reduzir tempo de viagem, dist\u00e2ncia percorrida [&hellip;]","og_url":"https:\/\/noticiaempauta.com\/portal\/fim-de-ano-rotas-alternativas-encurtam-a-viagem-ate-o-litoral-do-piaui-confira\/","og_site_name":"Portal Not\u00edcia em Pauta","article_publisher":"https:\/\/www.facebook.com\/Portal-Notcia-Em-Pauta-102292869264820\/","article_published_time":"2025-12-29T12:00:15+00:00","article_modified_time":"2025-12-29T12:00:16+00:00","og_image":[{"width":790,"height":441,"url":"https:\/\/noticiaempauta.com\/portal\/wp-content\/uploads\/2025\/12\/rota-do-norte-pi113-josedefreitas.jpg","type":"image\/jpeg"}],"author":"Reda\u00e7\u00e3o","twitter_card":"summary_large_image","twitter_misc":{"Escrito por":"Reda\u00e7\u00e3o","Est. tempo de leitura":"5 minutos"},"schema":{"@context":"https:\/\/schema.org","@graph":[{"@type":"Article","@id":"https:\/\/noticiaempauta.com\/portal\/fim-de-ano-rotas-alternativas-encurtam-a-viagem-ate-o-litoral-do-piaui-confira\/#article","isPartOf":{"@id":"https:\/\/noticiaempauta.com\/portal\/fim-de-ano-rotas-alternativas-encurtam-a-viagem-ate-o-litoral-do-piaui-confira\/"},"author":{"name":"Reda\u00e7\u00e3o","@id":"https:\/\/noticiaempauta.com\/portal\/#\/schema\/person\/a74af43dd1ab3deca45f988c717d57ac"},"headline":"Fim de ano: rotas alternativas encurtam a viagem at\u00e9 o litoral do Piau\u00ed; confira","datePublished":"2025-12-29T12:00:15+00:00","dateModified":"2025-12-29T12:00:16+00:00","mainEntityOfPage":{"@id":"https:\/\/noticiaempauta.com\/portal\/fim-de-ano-rotas-alternativas-encurtam-a-viagem-ate-o-litoral-do-piaui-confira\/"},"wordCount":957,"commentCount":0,"publisher":{"@id":"https:\/\/noticiaempauta.com\/portal\/#organization"},"image":{"@id":"https:\/\/noticiaempauta.com\/portal\/fim-de-ano-rotas-alternativas-encurtam-a-viagem-ate-o-litoral-do-piaui-confira\/#primaryimage"},"thumbnailUrl":"https:\/\/noticiaempauta.com\/portal\/wp-content\/uploads\/2025\/12\/rota-do-norte-pi113-josedefreitas.jpg","keywords":["destaqueprincipal"],"articleSection":["Destaques","Geral","Munic\u00edpios","Todas as Not\u00edcias"],"inLanguage":"pt-BR","potentialAction":[{"@type":"CommentAction","name":"Comment","target":["https:\/\/noticiaempauta.com\/portal\/fim-de-ano-rotas-alternativas-encurtam-a-viagem-ate-o-litoral-do-piaui-confira\/#respond"]}]},{"@type":"WebPage","@id":"https:\/\/noticiaempauta.com\/portal\/fim-de-ano-rotas-alternativas-encurtam-a-viagem-ate-o-litoral-do-piaui-confira\/","url":"https:\/\/noticiaempauta.com\/portal\/fim-de-ano-rotas-alternativas-encurtam-a-viagem-ate-o-litoral-do-piaui-confira\/","name":"Fim de ano: rotas alternativas encurtam a viagem at\u00e9 o litoral do Piau\u00ed; confira - Portal Not\u00edcia em Pauta","isPartOf":{"@id":"https:\/\/noticiaempauta.com\/portal\/#website"},"primaryImageOfPage":{"@id":"https:\/\/noticiaempauta.com\/portal\/fim-de-ano-rotas-alternativas-encurtam-a-viagem-ate-o-litoral-do-piaui-confira\/#primaryimage"},"image":{"@id":"https:\/\/noticiaempauta.com\/portal\/fim-de-ano-rotas-alternativas-encurtam-a-viagem-ate-o-litoral-do-piaui-confira\/#primaryimage"},"thumbnailUrl":"https:\/\/noticiaempauta.com\/portal\/wp-content\/uploads\/2025\/12\/rota-do-norte-pi113-josedefreitas.jpg","datePublished":"2025-12-29T12:00:15+00:00","dateModified":"2025-12-29T12:00:16+00:00","breadcrumb":{"@id":"https:\/\/noticiaempauta.com\/portal\/fim-de-ano-rotas-alternativas-encurtam-a-viagem-ate-o-litoral-do-piaui-confira\/#breadcrumb"},"inLanguage":"pt-BR","potentialAction":[{"@type":"ReadAction","target":["https:\/\/noticiaempauta.com\/portal\/fim-de-ano-rotas-alternativas-encurtam-a-viagem-ate-o-litoral-do-piaui-confira\/"]}]},{"@type":"ImageObject","inLanguage":"pt-BR","@id":"https:\/\/noticiaempauta.com\/portal\/fim-de-ano-rotas-alternativas-encurtam-a-viagem-ate-o-litoral-do-piaui-confira\/#primaryimage","url":"https:\/\/noticiaempauta.com\/portal\/wp-content\/uploads\/2025\/12\/rota-do-norte-pi113-josedefreitas.jpg","contentUrl":"https:\/\/noticiaempauta.com\/portal\/wp-content\/uploads\/2025\/12\/rota-do-norte-pi113-josedefreitas.jpg","width":790,"height":441},{"@type":"BreadcrumbList","@id":"https:\/\/noticiaempauta.com\/portal\/fim-de-ano-rotas-alternativas-encurtam-a-viagem-ate-o-litoral-do-piaui-confira\/#breadcrumb","itemListElement":[{"@type":"ListItem","position":1,"name":"P\u00e1gina Inicial","item":"https:\/\/noticiaempauta.com\/portal\/"},{"@type":"ListItem","position":2,"name":"Destaques","item":"https:\/\/noticiaempauta.com\/portal\/destaques-site\/"},{"@type":"ListItem","position":3,"name":"Fim de ano: rotas alternativas encurtam a viagem at\u00e9 o litoral do Piau\u00ed; confira"}]},{"@type":"WebSite","@id":"https:\/\/noticiaempauta.com\/portal\/#website","url":"https:\/\/noticiaempauta.com\/portal\/","name":"Portal Not\u00edcia em Pauta","description":"Voc\u00ea bem informado","publisher":{"@id":"https:\/\/noticiaempauta.com\/portal\/#organization"},"potentialAction":[{"@type":"SearchAction","target":{"@type":"EntryPoint","urlTemplate":"https:\/\/noticiaempauta.com\/portal\/?s={search_term_string}"},"query-input":{"@type":"PropertyValueSpecification","valueRequired":true,"valueName":"search_term_string"}}],"inLanguage":"pt-BR"},{"@type":"Organization","@id":"https:\/\/noticiaempauta.com\/portal\/#organization","name":"Portal Not\u00edcia em Pauta","url":"https:\/\/noticiaempauta.com\/portal\/","logo":{"@type":"ImageObject","inLanguage":"pt-BR","@id":"https:\/\/noticiaempauta.com\/portal\/#\/schema\/logo\/image\/","url":"https:\/\/noticiaempauta.com\/portal\/wp-content\/uploads\/2022\/08\/logomarca_tema.fw_.png","contentUrl":"https:\/\/noticiaempauta.com\/portal\/wp-content\/uploads\/2022\/08\/logomarca_tema.fw_.png","width":400,"height":232,"caption":"Portal Not\u00edcia em Pauta"},"image":{"@id":"https:\/\/noticiaempauta.com\/portal\/#\/schema\/logo\/image\/"},"sameAs":["https:\/\/www.facebook.com\/Portal-Notcia-Em-Pauta-102292869264820\/","https:\/\/www.instagram.com\/portalnoticiaempauta\/"]},{"@type":"Person","@id":"https:\/\/noticiaempauta.com\/portal\/#\/schema\/person\/a74af43dd1ab3deca45f988c717d57ac","name":"Reda\u00e7\u00e3o","image":{"@type":"ImageObject","inLanguage":"pt-BR","@id":"https:\/\/noticiaempauta.com\/portal\/#\/schema\/person\/image\/","url":"https:\/\/secure.gravatar.com\/avatar\/03179346ecce6cdfc13361603e8f54242a90e5cde8618fa23c5c00aa2b0aadf3?s=96&d=mm&r=g","contentUrl":"https:\/\/secure.gravatar.com\/avatar\/03179346ecce6cdfc13361603e8f54242a90e5cde8618fa23c5c00aa2b0aadf3?s=96&d=mm&r=g","caption":"Reda\u00e7\u00e3o"},"sameAs":["https:\/\/noticiaempauta.com\/portal\/"],"url":"https:\/\/noticiaempauta.com\/portal\/author\/fernando\/"}]}},"_links":{"self":[{"href":"https:\/\/noticiaempauta.com\/portal\/wp-json\/wp\/v2\/posts\/283255","targetHints":{"allow":["GET"]}}],"collection":[{"href":"https:\/\/noticiaempauta.com\/portal\/wp-json\/wp\/v2\/posts"}],"about":[{"href":"https:\/\/noticiaempauta.com\/portal\/wp-json\/wp\/v2\/types\/post"}],"author":[{"embeddable":true,"href":"https:\/\/noticiaempauta.com\/portal\/wp-json\/wp\/v2\/users\/2"}],"replies":[{"embeddable":true,"href":"https:\/\/noticiaempauta.com\/portal\/wp-json\/wp\/v2\/comments?post=283255"}],"version-history":[{"count":2,"href":"https:\/\/noticiaempauta.com\/portal\/wp-json\/wp\/v2\/posts\/283255\/revisions"}],"predecessor-version":[{"id":283258,"href":"https:\/\/noticiaempauta.com\/portal\/wp-json\/wp\/v2\/posts\/283255\/revisions\/283258"}],"wp:featuredmedia":[{"embeddable":true,"href":"https:\/\/noticiaempauta.com\/portal\/wp-json\/wp\/v2\/media\/283256"}],"wp:attachment":[{"href":"https:\/\/noticiaempauta.com\/portal\/wp-json\/wp\/v2\/media?parent=283255"}],"wp:term":[{"taxonomy":"category","embeddable":true,"href":"https:\/\/noticiaempauta.com\/portal\/wp-json\/wp\/v2\/categories?post=283255"},{"taxonomy":"post_tag","embeddable":true,"href":"https:\/\/noticiaempauta.com\/portal\/wp-json\/wp\/v2\/tags?post=283255"}],"curies":[{"name":"wp","href":"https:\/\/api.w.org\/{rel}","templated":true}]}}