{"id":283273,"date":"2025-12-29T16:44:36","date_gmt":"2025-12-29T19:44:36","guid":{"rendered":"https:\/\/noticiaempauta.com\/portal\/?p=283273"},"modified":"2025-12-29T16:44:37","modified_gmt":"2025-12-29T19:44:37","slug":"previsao-indica-chuvas-irregulares-no-piaui-entre-janeiro-e-marco-de-2026","status":"publish","type":"post","link":"https:\/\/noticiaempauta.com\/portal\/previsao-indica-chuvas-irregulares-no-piaui-entre-janeiro-e-marco-de-2026\/","title":{"rendered":"Previs\u00e3o indica chuvas irregulares no Piau\u00ed entre janeiro e mar\u00e7o de 2026"},"content":{"rendered":"\n<p>As\u00a0chuvas no primeiro trimestre de 2026 no Piau\u00ed ser\u00e3o irregulares, \u00e9 o que aponta a previs\u00e3o da Sala de Monitoramento da Secretaria do Meio Ambiente e Recursos H\u00eddricos (Semarh). Segundo o \u00f3rg\u00e3o, a tend\u00eancia nesse \u00e9 de acumulados com volumes dentro da m\u00e9dia em algumas regi\u00f5es e abaixo do normal em outras.<\/p>\n\n\n\n<figure class=\"wp-block-image size-large\"><img fetchpriority=\"high\" decoding=\"async\" width=\"1024\" height=\"717\" src=\"https:\/\/noticiaempauta.com\/portal\/wp-content\/uploads\/2025\/12\/chuvas-1024x717.jpg\" alt=\"\" class=\"wp-image-283275\" srcset=\"https:\/\/noticiaempauta.com\/portal\/wp-content\/uploads\/2025\/12\/chuvas-1024x717.jpg 1024w, https:\/\/noticiaempauta.com\/portal\/wp-content\/uploads\/2025\/12\/chuvas-300x210.jpg 300w, https:\/\/noticiaempauta.com\/portal\/wp-content\/uploads\/2025\/12\/chuvas-768x538.jpg 768w, https:\/\/noticiaempauta.com\/portal\/wp-content\/uploads\/2025\/12\/chuvas-1536x1076.jpg 1536w, https:\/\/noticiaempauta.com\/portal\/wp-content\/uploads\/2025\/12\/chuvas.jpg 1560w\" sizes=\"(max-width: 1024px) 100vw, 1024px\" \/><figcaption class=\"wp-element-caption\"><em>(Foto: Reprodu\u00e7\u00e3o)<\/em><\/figcaption><\/figure>\n\n\n\n<p>Na regi\u00e3o Norte e Centro-Norte do Piau\u00ed, al\u00e9m de \u00e1reas do Sudeste, a expectativa \u00e9 de\u00a0chuvas dentro da normal climatol\u00f3gica, com oscila\u00e7\u00f5es pontuais para mais ou para menos. Segundo a Semarh, essa irregularidade em janeiro, fevereiro e mar\u00e7o \u00e9 resultado da influ\u00eancia diretamente das condi\u00e7\u00f5es oce\u00e2nicas no Atl\u00e2ntico tropical.<\/p>\n\n\n\n<p>De acordo com S\u00f4nia Feitosa, meteorologista da Semarh, o volume das chuvas nestas regi\u00f5es estar\u00e1 mais pr\u00f3ximo da m\u00e9dia hist\u00f3rica mesmo com a irregularidade. \u201cAs chuvas podem variar, mas sem grandes desvios daquilo que \u00e9 considerado normal para essas regi\u00f5es\u201d, afirmou.<\/p>\n\n\n\n<p>J\u00e1 no Sul e Sudoeste piauiense, incluindo grande parte do Sudeste, a tend\u00eancia \u00e9 de\u00a0volumes abaixo da m\u00e9dia ao longo do trimestre. A especialista explica que fatores como o aquecimento desigual do Atl\u00e2ntico Norte em rela\u00e7\u00e3o ao Atl\u00e2ntico Sul contribuem para esse comportamento.\u00a0<\/p>\n\n\n\n<p>\u201cA previs\u00e3o aponta chuvas abaixo da normal nessas \u00e1reas, embora isso n\u00e3o signifique aus\u00eancia de precipita\u00e7\u00f5es\u201d, ressaltou S\u00f4nia Feitosa.<\/p>\n\n\n\n<h2 class=\"wp-block-heading\"><strong>Defesa Civil<\/strong><\/h2>\n\n\n\n<p>Mesmo com a previs\u00e3o de chuvas irregulares, a Secretaria de Estado da Defesa Civil do Piau\u00ed (Sedec) refor\u00e7ou junto aos munic\u00edpios a necessidade de a\u00e7\u00f5es preventivas antes da intensifica\u00e7\u00e3o das precipita\u00e7\u00f5es. \u201cNossa maior aten\u00e7\u00e3o \u00e9 com comunidades ribeirinhas, entorno de barragens, \u00e1reas agr\u00edcolas, rodovias e zonas urbanas com problemas de drenagem\u201d, destacou Werton Costa, diretor de Preven\u00e7\u00e3o e Mitiga\u00e7\u00e3o do \u00f3rg\u00e3o.&nbsp;<\/p>\n\n\n\n<p>A Defesa Civil estadual ainda mant\u00e9m o monitoramento hidrol\u00f3gico cont\u00ednuo atrav\u00e9s de plataformas do Servi\u00e7o Geol\u00f3gico do Brasil (SGB), que estabelecem cotas de aten\u00e7\u00e3o, alerta e cota de inunda\u00e7\u00e3o dos rios. Infraestruturas como rodovias, passagens molhadas e barragens, tamb\u00e9m recebem especial aten\u00e7\u00e3o neste per\u00edodo.<\/p>\n\n\n\n<p>Em caso de sinistros ou eventos extremos, a Sedec orienta que cada munic\u00edpio ative seus planos de conting\u00eancia, com base em um checklist t\u00e9cnico j\u00e1 encaminhado \u00e0s defesas civis locais. \u201cA antecipa\u00e7\u00e3o \u00e9 fundamental para proteger vidas, garantir mobilidade e reduzir impactos econ\u00f4micos e sociais durante o per\u00edodo chuvoso\u201d, concluiu Werton Costa.<\/p>\n\n\n\n<p>Fonte: Cidade Verde<\/p>\n","protected":false},"excerpt":{"rendered":"<p>As\u00a0chuvas no primeiro trimestre de 2026 no Piau\u00ed ser\u00e3o irregulares, \u00e9 o que aponta a previs\u00e3o da Sala de Monitoramento da Secretaria do Meio Ambiente e Recursos H\u00eddricos (Semarh). Segundo o \u00f3rg\u00e3o, a tend\u00eancia nesse \u00e9 de acumulados com volumes dentro da m\u00e9dia em algumas regi\u00f5es e abaixo do normal em outras. Na regi\u00e3o Norte [&hellip;]<\/p>\n","protected":false},"author":2,"featured_media":283275,"comment_status":"open","ping_status":"open","sticky":false,"template":"","format":"standard","meta":{"_mi_skip_tracking":false,"footnotes":""},"categories":[25,1,16],"tags":[],"class_list":["post-283273","post","type-post","status-publish","format-standard","has-post-thumbnail","hentry","category-destaques-site","category-geral","category-todas"],"acf":[],"yoast_head":"<!-- This site is optimized with the Yoast SEO Premium plugin v19.2 (Yoast SEO v26.9) - https:\/\/yoast.com\/product\/yoast-seo-premium-wordpress\/ -->\n<title>Previs\u00e3o indica chuvas irregulares no Piau\u00ed entre janeiro e mar\u00e7o de 2026 - Portal Not\u00edcia em Pauta<\/title>\n<meta name=\"robots\" content=\"index, follow, max-snippet:-1, max-image-preview:large, max-video-preview:-1\" \/>\n<link rel=\"canonical\" href=\"https:\/\/noticiaempauta.com\/portal\/previsao-indica-chuvas-irregulares-no-piaui-entre-janeiro-e-marco-de-2026\/\" \/>\n<meta property=\"og:locale\" content=\"pt_BR\" \/>\n<meta property=\"og:type\" content=\"article\" \/>\n<meta property=\"og:title\" content=\"Previs\u00e3o indica chuvas irregulares no Piau\u00ed entre janeiro e mar\u00e7o de 2026\" \/>\n<meta property=\"og:description\" content=\"As\u00a0chuvas no primeiro trimestre de 2026 no Piau\u00ed ser\u00e3o irregulares, \u00e9 o que aponta a previs\u00e3o da Sala de Monitoramento da Secretaria do Meio Ambiente e Recursos H\u00eddricos (Semarh). Segundo o \u00f3rg\u00e3o, a tend\u00eancia nesse \u00e9 de acumulados com volumes dentro da m\u00e9dia em algumas regi\u00f5es e abaixo do normal em outras. Na regi\u00e3o Norte [&hellip;]\" \/>\n<meta property=\"og:url\" content=\"https:\/\/noticiaempauta.com\/portal\/previsao-indica-chuvas-irregulares-no-piaui-entre-janeiro-e-marco-de-2026\/\" \/>\n<meta property=\"og:site_name\" content=\"Portal Not\u00edcia em Pauta\" \/>\n<meta property=\"article:publisher\" content=\"https:\/\/www.facebook.com\/Portal-Notcia-Em-Pauta-102292869264820\/\" \/>\n<meta property=\"article:published_time\" content=\"2025-12-29T19:44:36+00:00\" \/>\n<meta property=\"article:modified_time\" content=\"2025-12-29T19:44:37+00:00\" \/>\n<meta property=\"og:image\" content=\"https:\/\/noticiaempauta.com\/portal\/wp-content\/uploads\/2025\/12\/chuvas.jpg\" \/>\n\t<meta property=\"og:image:width\" content=\"1560\" \/>\n\t<meta property=\"og:image:height\" content=\"1093\" \/>\n\t<meta property=\"og:image:type\" content=\"image\/jpeg\" \/>\n<meta name=\"author\" content=\"Reda\u00e7\u00e3o\" \/>\n<meta name=\"twitter:card\" content=\"summary_large_image\" \/>\n<meta name=\"twitter:label1\" content=\"Escrito por\" \/>\n\t<meta name=\"twitter:data1\" content=\"Reda\u00e7\u00e3o\" \/>\n\t<meta name=\"twitter:label2\" content=\"Est. tempo de leitura\" \/>\n\t<meta name=\"twitter:data2\" content=\"3 minutos\" \/>\n<script type=\"application\/ld+json\" class=\"yoast-schema-graph\">{\"@context\":\"https:\/\/schema.org\",\"@graph\":[{\"@type\":\"Article\",\"@id\":\"https:\/\/noticiaempauta.com\/portal\/previsao-indica-chuvas-irregulares-no-piaui-entre-janeiro-e-marco-de-2026\/#article\",\"isPartOf\":{\"@id\":\"https:\/\/noticiaempauta.com\/portal\/previsao-indica-chuvas-irregulares-no-piaui-entre-janeiro-e-marco-de-2026\/\"},\"author\":{\"name\":\"Reda\u00e7\u00e3o\",\"@id\":\"https:\/\/noticiaempauta.com\/portal\/#\/schema\/person\/a74af43dd1ab3deca45f988c717d57ac\"},\"headline\":\"Previs\u00e3o indica chuvas irregulares no Piau\u00ed entre janeiro e mar\u00e7o de 2026\",\"datePublished\":\"2025-12-29T19:44:36+00:00\",\"dateModified\":\"2025-12-29T19:44:37+00:00\",\"mainEntityOfPage\":{\"@id\":\"https:\/\/noticiaempauta.com\/portal\/previsao-indica-chuvas-irregulares-no-piaui-entre-janeiro-e-marco-de-2026\/\"},\"wordCount\":437,\"commentCount\":0,\"publisher\":{\"@id\":\"https:\/\/noticiaempauta.com\/portal\/#organization\"},\"image\":{\"@id\":\"https:\/\/noticiaempauta.com\/portal\/previsao-indica-chuvas-irregulares-no-piaui-entre-janeiro-e-marco-de-2026\/#primaryimage\"},\"thumbnailUrl\":\"https:\/\/noticiaempauta.com\/portal\/wp-content\/uploads\/2025\/12\/chuvas.jpg\",\"articleSection\":[\"Destaques\",\"Geral\",\"Todas as Not\u00edcias\"],\"inLanguage\":\"pt-BR\",\"potentialAction\":[{\"@type\":\"CommentAction\",\"name\":\"Comment\",\"target\":[\"https:\/\/noticiaempauta.com\/portal\/previsao-indica-chuvas-irregulares-no-piaui-entre-janeiro-e-marco-de-2026\/#respond\"]}]},{\"@type\":\"WebPage\",\"@id\":\"https:\/\/noticiaempauta.com\/portal\/previsao-indica-chuvas-irregulares-no-piaui-entre-janeiro-e-marco-de-2026\/\",\"url\":\"https:\/\/noticiaempauta.com\/portal\/previsao-indica-chuvas-irregulares-no-piaui-entre-janeiro-e-marco-de-2026\/\",\"name\":\"Previs\u00e3o indica chuvas irregulares no Piau\u00ed entre janeiro e mar\u00e7o de 2026 - Portal Not\u00edcia em Pauta\",\"isPartOf\":{\"@id\":\"https:\/\/noticiaempauta.com\/portal\/#website\"},\"primaryImageOfPage\":{\"@id\":\"https:\/\/noticiaempauta.com\/portal\/previsao-indica-chuvas-irregulares-no-piaui-entre-janeiro-e-marco-de-2026\/#primaryimage\"},\"image\":{\"@id\":\"https:\/\/noticiaempauta.com\/portal\/previsao-indica-chuvas-irregulares-no-piaui-entre-janeiro-e-marco-de-2026\/#primaryimage\"},\"thumbnailUrl\":\"https:\/\/noticiaempauta.com\/portal\/wp-content\/uploads\/2025\/12\/chuvas.jpg\",\"datePublished\":\"2025-12-29T19:44:36+00:00\",\"dateModified\":\"2025-12-29T19:44:37+00:00\",\"breadcrumb\":{\"@id\":\"https:\/\/noticiaempauta.com\/portal\/previsao-indica-chuvas-irregulares-no-piaui-entre-janeiro-e-marco-de-2026\/#breadcrumb\"},\"inLanguage\":\"pt-BR\",\"potentialAction\":[{\"@type\":\"ReadAction\",\"target\":[\"https:\/\/noticiaempauta.com\/portal\/previsao-indica-chuvas-irregulares-no-piaui-entre-janeiro-e-marco-de-2026\/\"]}]},{\"@type\":\"ImageObject\",\"inLanguage\":\"pt-BR\",\"@id\":\"https:\/\/noticiaempauta.com\/portal\/previsao-indica-chuvas-irregulares-no-piaui-entre-janeiro-e-marco-de-2026\/#primaryimage\",\"url\":\"https:\/\/noticiaempauta.com\/portal\/wp-content\/uploads\/2025\/12\/chuvas.jpg\",\"contentUrl\":\"https:\/\/noticiaempauta.com\/portal\/wp-content\/uploads\/2025\/12\/chuvas.jpg\",\"width\":1560,\"height\":1093},{\"@type\":\"BreadcrumbList\",\"@id\":\"https:\/\/noticiaempauta.com\/portal\/previsao-indica-chuvas-irregulares-no-piaui-entre-janeiro-e-marco-de-2026\/#breadcrumb\",\"itemListElement\":[{\"@type\":\"ListItem\",\"position\":1,\"name\":\"P\u00e1gina Inicial\",\"item\":\"https:\/\/noticiaempauta.com\/portal\/\"},{\"@type\":\"ListItem\",\"position\":2,\"name\":\"Destaques\",\"item\":\"https:\/\/noticiaempauta.com\/portal\/destaques-site\/\"},{\"@type\":\"ListItem\",\"position\":3,\"name\":\"Previs\u00e3o indica chuvas irregulares no Piau\u00ed entre janeiro e mar\u00e7o de 2026\"}]},{\"@type\":\"WebSite\",\"@id\":\"https:\/\/noticiaempauta.com\/portal\/#website\",\"url\":\"https:\/\/noticiaempauta.com\/portal\/\",\"name\":\"Portal Not\u00edcia em Pauta\",\"description\":\"Voc\u00ea bem informado\",\"publisher\":{\"@id\":\"https:\/\/noticiaempauta.com\/portal\/#organization\"},\"potentialAction\":[{\"@type\":\"SearchAction\",\"target\":{\"@type\":\"EntryPoint\",\"urlTemplate\":\"https:\/\/noticiaempauta.com\/portal\/?s={search_term_string}\"},\"query-input\":{\"@type\":\"PropertyValueSpecification\",\"valueRequired\":true,\"valueName\":\"search_term_string\"}}],\"inLanguage\":\"pt-BR\"},{\"@type\":\"Organization\",\"@id\":\"https:\/\/noticiaempauta.com\/portal\/#organization\",\"name\":\"Portal Not\u00edcia em Pauta\",\"url\":\"https:\/\/noticiaempauta.com\/portal\/\",\"logo\":{\"@type\":\"ImageObject\",\"inLanguage\":\"pt-BR\",\"@id\":\"https:\/\/noticiaempauta.com\/portal\/#\/schema\/logo\/image\/\",\"url\":\"https:\/\/noticiaempauta.com\/portal\/wp-content\/uploads\/2022\/08\/logomarca_tema.fw_.png\",\"contentUrl\":\"https:\/\/noticiaempauta.com\/portal\/wp-content\/uploads\/2022\/08\/logomarca_tema.fw_.png\",\"width\":400,\"height\":232,\"caption\":\"Portal Not\u00edcia em Pauta\"},\"image\":{\"@id\":\"https:\/\/noticiaempauta.com\/portal\/#\/schema\/logo\/image\/\"},\"sameAs\":[\"https:\/\/www.facebook.com\/Portal-Notcia-Em-Pauta-102292869264820\/\",\"https:\/\/www.instagram.com\/portalnoticiaempauta\/\"]},{\"@type\":\"Person\",\"@id\":\"https:\/\/noticiaempauta.com\/portal\/#\/schema\/person\/a74af43dd1ab3deca45f988c717d57ac\",\"name\":\"Reda\u00e7\u00e3o\",\"image\":{\"@type\":\"ImageObject\",\"inLanguage\":\"pt-BR\",\"@id\":\"https:\/\/noticiaempauta.com\/portal\/#\/schema\/person\/image\/\",\"url\":\"https:\/\/secure.gravatar.com\/avatar\/03179346ecce6cdfc13361603e8f54242a90e5cde8618fa23c5c00aa2b0aadf3?s=96&d=mm&r=g\",\"contentUrl\":\"https:\/\/secure.gravatar.com\/avatar\/03179346ecce6cdfc13361603e8f54242a90e5cde8618fa23c5c00aa2b0aadf3?s=96&d=mm&r=g\",\"caption\":\"Reda\u00e7\u00e3o\"},\"sameAs\":[\"https:\/\/noticiaempauta.com\/portal\/\"],\"url\":\"https:\/\/noticiaempauta.com\/portal\/author\/fernando\/\"}]}<\/script>\n<!-- \/ Yoast SEO Premium plugin. -->","yoast_head_json":{"title":"Previs\u00e3o indica chuvas irregulares no Piau\u00ed entre janeiro e mar\u00e7o de 2026 - Portal Not\u00edcia em Pauta","robots":{"index":"index","follow":"follow","max-snippet":"max-snippet:-1","max-image-preview":"max-image-preview:large","max-video-preview":"max-video-preview:-1"},"canonical":"https:\/\/noticiaempauta.com\/portal\/previsao-indica-chuvas-irregulares-no-piaui-entre-janeiro-e-marco-de-2026\/","og_locale":"pt_BR","og_type":"article","og_title":"Previs\u00e3o indica chuvas irregulares no Piau\u00ed entre janeiro e mar\u00e7o de 2026","og_description":"As\u00a0chuvas no primeiro trimestre de 2026 no Piau\u00ed ser\u00e3o irregulares, \u00e9 o que aponta a previs\u00e3o da Sala de Monitoramento da Secretaria do Meio Ambiente e Recursos H\u00eddricos (Semarh). Segundo o \u00f3rg\u00e3o, a tend\u00eancia nesse \u00e9 de acumulados com volumes dentro da m\u00e9dia em algumas regi\u00f5es e abaixo do normal em outras. Na regi\u00e3o Norte [&hellip;]","og_url":"https:\/\/noticiaempauta.com\/portal\/previsao-indica-chuvas-irregulares-no-piaui-entre-janeiro-e-marco-de-2026\/","og_site_name":"Portal Not\u00edcia em Pauta","article_publisher":"https:\/\/www.facebook.com\/Portal-Notcia-Em-Pauta-102292869264820\/","article_published_time":"2025-12-29T19:44:36+00:00","article_modified_time":"2025-12-29T19:44:37+00:00","og_image":[{"width":1560,"height":1093,"url":"https:\/\/noticiaempauta.com\/portal\/wp-content\/uploads\/2025\/12\/chuvas.jpg","type":"image\/jpeg"}],"author":"Reda\u00e7\u00e3o","twitter_card":"summary_large_image","twitter_misc":{"Escrito por":"Reda\u00e7\u00e3o","Est. tempo de leitura":"3 minutos"},"schema":{"@context":"https:\/\/schema.org","@graph":[{"@type":"Article","@id":"https:\/\/noticiaempauta.com\/portal\/previsao-indica-chuvas-irregulares-no-piaui-entre-janeiro-e-marco-de-2026\/#article","isPartOf":{"@id":"https:\/\/noticiaempauta.com\/portal\/previsao-indica-chuvas-irregulares-no-piaui-entre-janeiro-e-marco-de-2026\/"},"author":{"name":"Reda\u00e7\u00e3o","@id":"https:\/\/noticiaempauta.com\/portal\/#\/schema\/person\/a74af43dd1ab3deca45f988c717d57ac"},"headline":"Previs\u00e3o indica chuvas irregulares no Piau\u00ed entre janeiro e mar\u00e7o de 2026","datePublished":"2025-12-29T19:44:36+00:00","dateModified":"2025-12-29T19:44:37+00:00","mainEntityOfPage":{"@id":"https:\/\/noticiaempauta.com\/portal\/previsao-indica-chuvas-irregulares-no-piaui-entre-janeiro-e-marco-de-2026\/"},"wordCount":437,"commentCount":0,"publisher":{"@id":"https:\/\/noticiaempauta.com\/portal\/#organization"},"image":{"@id":"https:\/\/noticiaempauta.com\/portal\/previsao-indica-chuvas-irregulares-no-piaui-entre-janeiro-e-marco-de-2026\/#primaryimage"},"thumbnailUrl":"https:\/\/noticiaempauta.com\/portal\/wp-content\/uploads\/2025\/12\/chuvas.jpg","articleSection":["Destaques","Geral","Todas as Not\u00edcias"],"inLanguage":"pt-BR","potentialAction":[{"@type":"CommentAction","name":"Comment","target":["https:\/\/noticiaempauta.com\/portal\/previsao-indica-chuvas-irregulares-no-piaui-entre-janeiro-e-marco-de-2026\/#respond"]}]},{"@type":"WebPage","@id":"https:\/\/noticiaempauta.com\/portal\/previsao-indica-chuvas-irregulares-no-piaui-entre-janeiro-e-marco-de-2026\/","url":"https:\/\/noticiaempauta.com\/portal\/previsao-indica-chuvas-irregulares-no-piaui-entre-janeiro-e-marco-de-2026\/","name":"Previs\u00e3o indica chuvas irregulares no Piau\u00ed entre janeiro e mar\u00e7o de 2026 - Portal Not\u00edcia em Pauta","isPartOf":{"@id":"https:\/\/noticiaempauta.com\/portal\/#website"},"primaryImageOfPage":{"@id":"https:\/\/noticiaempauta.com\/portal\/previsao-indica-chuvas-irregulares-no-piaui-entre-janeiro-e-marco-de-2026\/#primaryimage"},"image":{"@id":"https:\/\/noticiaempauta.com\/portal\/previsao-indica-chuvas-irregulares-no-piaui-entre-janeiro-e-marco-de-2026\/#primaryimage"},"thumbnailUrl":"https:\/\/noticiaempauta.com\/portal\/wp-content\/uploads\/2025\/12\/chuvas.jpg","datePublished":"2025-12-29T19:44:36+00:00","dateModified":"2025-12-29T19:44:37+00:00","breadcrumb":{"@id":"https:\/\/noticiaempauta.com\/portal\/previsao-indica-chuvas-irregulares-no-piaui-entre-janeiro-e-marco-de-2026\/#breadcrumb"},"inLanguage":"pt-BR","potentialAction":[{"@type":"ReadAction","target":["https:\/\/noticiaempauta.com\/portal\/previsao-indica-chuvas-irregulares-no-piaui-entre-janeiro-e-marco-de-2026\/"]}]},{"@type":"ImageObject","inLanguage":"pt-BR","@id":"https:\/\/noticiaempauta.com\/portal\/previsao-indica-chuvas-irregulares-no-piaui-entre-janeiro-e-marco-de-2026\/#primaryimage","url":"https:\/\/noticiaempauta.com\/portal\/wp-content\/uploads\/2025\/12\/chuvas.jpg","contentUrl":"https:\/\/noticiaempauta.com\/portal\/wp-content\/uploads\/2025\/12\/chuvas.jpg","width":1560,"height":1093},{"@type":"BreadcrumbList","@id":"https:\/\/noticiaempauta.com\/portal\/previsao-indica-chuvas-irregulares-no-piaui-entre-janeiro-e-marco-de-2026\/#breadcrumb","itemListElement":[{"@type":"ListItem","position":1,"name":"P\u00e1gina Inicial","item":"https:\/\/noticiaempauta.com\/portal\/"},{"@type":"ListItem","position":2,"name":"Destaques","item":"https:\/\/noticiaempauta.com\/portal\/destaques-site\/"},{"@type":"ListItem","position":3,"name":"Previs\u00e3o indica chuvas irregulares no Piau\u00ed entre janeiro e mar\u00e7o de 2026"}]},{"@type":"WebSite","@id":"https:\/\/noticiaempauta.com\/portal\/#website","url":"https:\/\/noticiaempauta.com\/portal\/","name":"Portal Not\u00edcia em Pauta","description":"Voc\u00ea bem informado","publisher":{"@id":"https:\/\/noticiaempauta.com\/portal\/#organization"},"potentialAction":[{"@type":"SearchAction","target":{"@type":"EntryPoint","urlTemplate":"https:\/\/noticiaempauta.com\/portal\/?s={search_term_string}"},"query-input":{"@type":"PropertyValueSpecification","valueRequired":true,"valueName":"search_term_string"}}],"inLanguage":"pt-BR"},{"@type":"Organization","@id":"https:\/\/noticiaempauta.com\/portal\/#organization","name":"Portal Not\u00edcia em Pauta","url":"https:\/\/noticiaempauta.com\/portal\/","logo":{"@type":"ImageObject","inLanguage":"pt-BR","@id":"https:\/\/noticiaempauta.com\/portal\/#\/schema\/logo\/image\/","url":"https:\/\/noticiaempauta.com\/portal\/wp-content\/uploads\/2022\/08\/logomarca_tema.fw_.png","contentUrl":"https:\/\/noticiaempauta.com\/portal\/wp-content\/uploads\/2022\/08\/logomarca_tema.fw_.png","width":400,"height":232,"caption":"Portal Not\u00edcia em Pauta"},"image":{"@id":"https:\/\/noticiaempauta.com\/portal\/#\/schema\/logo\/image\/"},"sameAs":["https:\/\/www.facebook.com\/Portal-Notcia-Em-Pauta-102292869264820\/","https:\/\/www.instagram.com\/portalnoticiaempauta\/"]},{"@type":"Person","@id":"https:\/\/noticiaempauta.com\/portal\/#\/schema\/person\/a74af43dd1ab3deca45f988c717d57ac","name":"Reda\u00e7\u00e3o","image":{"@type":"ImageObject","inLanguage":"pt-BR","@id":"https:\/\/noticiaempauta.com\/portal\/#\/schema\/person\/image\/","url":"https:\/\/secure.gravatar.com\/avatar\/03179346ecce6cdfc13361603e8f54242a90e5cde8618fa23c5c00aa2b0aadf3?s=96&d=mm&r=g","contentUrl":"https:\/\/secure.gravatar.com\/avatar\/03179346ecce6cdfc13361603e8f54242a90e5cde8618fa23c5c00aa2b0aadf3?s=96&d=mm&r=g","caption":"Reda\u00e7\u00e3o"},"sameAs":["https:\/\/noticiaempauta.com\/portal\/"],"url":"https:\/\/noticiaempauta.com\/portal\/author\/fernando\/"}]}},"_links":{"self":[{"href":"https:\/\/noticiaempauta.com\/portal\/wp-json\/wp\/v2\/posts\/283273","targetHints":{"allow":["GET"]}}],"collection":[{"href":"https:\/\/noticiaempauta.com\/portal\/wp-json\/wp\/v2\/posts"}],"about":[{"href":"https:\/\/noticiaempauta.com\/portal\/wp-json\/wp\/v2\/types\/post"}],"author":[{"embeddable":true,"href":"https:\/\/noticiaempauta.com\/portal\/wp-json\/wp\/v2\/users\/2"}],"replies":[{"embeddable":true,"href":"https:\/\/noticiaempauta.com\/portal\/wp-json\/wp\/v2\/comments?post=283273"}],"version-history":[{"count":2,"href":"https:\/\/noticiaempauta.com\/portal\/wp-json\/wp\/v2\/posts\/283273\/revisions"}],"predecessor-version":[{"id":283277,"href":"https:\/\/noticiaempauta.com\/portal\/wp-json\/wp\/v2\/posts\/283273\/revisions\/283277"}],"wp:featuredmedia":[{"embeddable":true,"href":"https:\/\/noticiaempauta.com\/portal\/wp-json\/wp\/v2\/media\/283275"}],"wp:attachment":[{"href":"https:\/\/noticiaempauta.com\/portal\/wp-json\/wp\/v2\/media?parent=283273"}],"wp:term":[{"taxonomy":"category","embeddable":true,"href":"https:\/\/noticiaempauta.com\/portal\/wp-json\/wp\/v2\/categories?post=283273"},{"taxonomy":"post_tag","embeddable":true,"href":"https:\/\/noticiaempauta.com\/portal\/wp-json\/wp\/v2\/tags?post=283273"}],"curies":[{"name":"wp","href":"https:\/\/api.w.org\/{rel}","templated":true}]}}