{"id":283278,"date":"2025-12-30T07:14:25","date_gmt":"2025-12-30T10:14:25","guid":{"rendered":"https:\/\/noticiaempauta.com\/portal\/?p=283278"},"modified":"2025-12-30T07:14:26","modified_gmt":"2025-12-30T10:14:26","slug":"feriados-de-2026-calendario-preve-ate-nove-feriadoes-veja-como-aproveitar","status":"publish","type":"post","link":"https:\/\/noticiaempauta.com\/portal\/feriados-de-2026-calendario-preve-ate-nove-feriadoes-veja-como-aproveitar\/","title":{"rendered":"Feriados de 2026: calend\u00e1rio prev\u00ea at\u00e9 nove feriad\u00f5es; veja como aproveitar"},"content":{"rendered":"\n<p>Com a proximidade de 2026 muitos j\u00e1 come\u00e7am a acompanhar o calend\u00e1rio oficial em busca de oportunidades de descanso prolongado. Os feriados de 2026 formam um dos cen\u00e1rios mais favor\u00e1veis dos \u00faltimos anos, com grande parte das datas nacionais caindo em dias \u00fateis e abrindo espa\u00e7o para at\u00e9 nove feriad\u00f5es ao longo do ano.<\/p>\n\n\n\n<figure class=\"wp-block-image size-full\"><img fetchpriority=\"high\" decoding=\"async\" width=\"800\" height=\"600\" src=\"https:\/\/noticiaempauta.com\/portal\/wp-content\/uploads\/2025\/12\/IMG_0274.webp\" alt=\"\" class=\"wp-image-283279\" srcset=\"https:\/\/noticiaempauta.com\/portal\/wp-content\/uploads\/2025\/12\/IMG_0274.webp 800w, https:\/\/noticiaempauta.com\/portal\/wp-content\/uploads\/2025\/12\/IMG_0274-300x225.webp 300w, https:\/\/noticiaempauta.com\/portal\/wp-content\/uploads\/2025\/12\/IMG_0274-768x576.webp 768w\" sizes=\"(max-width: 800px) 100vw, 800px\" \/><\/figure>\n\n\n\n<p>O calend\u00e1rio indica que nove dos dez feriados nacionais ocorrer\u00e3o entre segunda e sexta-feira. Desse total, sete datas caem diretamente em segundas ou sextas-feiras.<\/p>\n\n\n\n<p>Entre os feriados, datas estrat\u00e9gicas como o Dia do Trabalho, em 1\u00ba de maio, e o Natal, em 25 de dezembro, ser\u00e3o celebradas em uma sexta-feira. Outros feriados permitem emenda com apenas um dia de folga adicional. A Independ\u00eancia do Brasil (7 de setembro), o Dia de Nossa Senhora Aparecida (12 de outubro) e o anivers\u00e1rio do Piau\u00ed (19 de outubro) cair\u00e3o em uma segunda-feira, possibilitando folgas prolongadas.<\/p>\n\n\n\n<p>Al\u00e9m dos feriados nacionais, os pontos facultativos podem elevar ainda mais o n\u00famero de pausas ao longo do ano. Carnaval, Corpus Christi e a Quarta-feira de Cinzas tradicionalmente integram o calend\u00e1rio de folgas, embora dependam de confirma\u00e7\u00e3o por portaria oficial do governo federal.<\/p>\n\n\n\n<h2 class=\"wp-block-heading\">Copa do Mundo de 2026 n\u00e3o deve afetar jornada de trabalho<\/h2>\n\n\n\n<p>Em 2026, o Brasil tamb\u00e9m estar\u00e1 atento \u00e0 Copa do Mundo, que ser\u00e1 disputada nos Estados Unidos. A Sele\u00e7\u00e3o Brasileira estreia no dia 13 de junho (s\u00e1bado), contra Marrocos, \u00e0s 19h, em Nova Jersey. Em seguida, enfrenta o Haiti no dia 19 de junho (sexta-feira), \u00e0s 22h, na Filad\u00e9lfia, e encerra a fase de grupos contra a Esc\u00f3cia no dia 24 de junho (quarta-feira), \u00e0s 19h, em Miami.<\/p>\n\n\n\n<p>As partidas ocorrem no per\u00edodo noturno, o que significa que n\u00e3o h\u00e1 impacto direto na jornada de trabalho de quem segue o hor\u00e1rio comercial. Caso avance para as oitavas de final, o Brasil entra em campo no dia 29 de junho (segunda-feira), em Houston ou Monterrey, a depender da classifica\u00e7\u00e3o no grupo.<\/p>\n\n\n\n<h2 class=\"wp-block-heading\">Calend\u00e1rio nacional de feriados de 2026<\/h2>\n\n\n\n<p>Confira abaixo a lista oficial dos feriados de 2026 no Brasil:<\/p>\n\n\n\n<ul class=\"wp-block-list\">\n<li>1\u00ba de janeiro (quinta-feira) \u2013 Confraterniza\u00e7\u00e3o Universal<\/li>\n\n\n\n<li>3 de abril (sexta-feira) \u2013 Paix\u00e3o de Cristo<\/li>\n\n\n\n<li>21 de abril (ter\u00e7a-feira) \u2013 Tiradentes<\/li>\n\n\n\n<li>1\u00ba de maio (sexta-feira) \u2013 Dia do Trabalho<\/li>\n\n\n\n<li>7 de setembro (segunda-feira) \u2013 Independ\u00eancia do Brasil<\/li>\n\n\n\n<li>12 de outubro (segunda-feira) \u2013 Nossa Senhora Aparecida<\/li>\n\n\n\n<li>2 de novembro (segunda-feira) \u2013 Finados<\/li>\n\n\n\n<li>15 de novembro (domingo) \u2013 Proclama\u00e7\u00e3o da Rep\u00fablica<\/li>\n\n\n\n<li>20 de novembro (sexta-feira) \u2013 Dia Nacional de Zumbi e da Consci\u00eancia Negra<\/li>\n\n\n\n<li>25 de dezembro (sexta-feira) \u2013 Natal<\/li>\n<\/ul>\n\n\n\n<p><strong>Pontos facultativos previstos em 2026<\/strong><\/p>\n\n\n\n<ul class=\"wp-block-list\">\n<li>16 de fevereiro (segunda-feira) \u2013 Carnaval<\/li>\n\n\n\n<li>17 de fevereiro (ter\u00e7a-feira) \u2013 Carnaval<\/li>\n\n\n\n<li>18 de fevereiro (quarta-feira) \u2013 Quarta-feira de Cinzas, at\u00e9 14h<\/li>\n\n\n\n<li>4 de junho (quinta-feira) \u2013 Corpus Christi<\/li>\n\n\n\n<li>24 de dezembro (quinta-feira) \u2013 V\u00e9spera de Natal<\/li>\n\n\n\n<li>31 de dezembro (quinta-feira) \u2013 V\u00e9spera do Ano-Novo<\/li>\n<\/ul>\n\n\n\n<p>Fonte: O DIA<\/p>\n\n\n\n<p><\/p>\n","protected":false},"excerpt":{"rendered":"<p>Com a proximidade de 2026 muitos j\u00e1 come\u00e7am a acompanhar o calend\u00e1rio oficial em busca de oportunidades de descanso prolongado. Os feriados de 2026 formam um dos cen\u00e1rios mais favor\u00e1veis dos \u00faltimos anos, com grande parte das datas nacionais caindo em dias \u00fateis e abrindo espa\u00e7o para at\u00e9 nove feriad\u00f5es ao longo do ano. O [&hellip;]<\/p>\n","protected":false},"author":2,"featured_media":283279,"comment_status":"open","ping_status":"open","sticky":false,"template":"","format":"standard","meta":{"_mi_skip_tracking":false,"footnotes":""},"categories":[25,1,16],"tags":[192],"class_list":["post-283278","post","type-post","status-publish","format-standard","has-post-thumbnail","hentry","category-destaques-site","category-geral","category-todas","tag-destaqueprincipal"],"acf":[],"yoast_head":"<!-- This site is optimized with the Yoast SEO Premium plugin v19.2 (Yoast SEO v26.9) - https:\/\/yoast.com\/product\/yoast-seo-premium-wordpress\/ -->\n<title>Feriados de 2026: calend\u00e1rio prev\u00ea at\u00e9 nove feriad\u00f5es; veja como aproveitar - Portal Not\u00edcia em Pauta<\/title>\n<meta name=\"robots\" content=\"index, follow, max-snippet:-1, max-image-preview:large, max-video-preview:-1\" \/>\n<link rel=\"canonical\" href=\"https:\/\/noticiaempauta.com\/portal\/feriados-de-2026-calendario-preve-ate-nove-feriadoes-veja-como-aproveitar\/\" \/>\n<meta property=\"og:locale\" content=\"pt_BR\" \/>\n<meta property=\"og:type\" content=\"article\" \/>\n<meta property=\"og:title\" content=\"Feriados de 2026: calend\u00e1rio prev\u00ea at\u00e9 nove feriad\u00f5es; veja como aproveitar\" \/>\n<meta property=\"og:description\" content=\"Com a proximidade de 2026 muitos j\u00e1 come\u00e7am a acompanhar o calend\u00e1rio oficial em busca de oportunidades de descanso prolongado. Os feriados de 2026 formam um dos cen\u00e1rios mais favor\u00e1veis dos \u00faltimos anos, com grande parte das datas nacionais caindo em dias \u00fateis e abrindo espa\u00e7o para at\u00e9 nove feriad\u00f5es ao longo do ano. O [&hellip;]\" \/>\n<meta property=\"og:url\" content=\"https:\/\/noticiaempauta.com\/portal\/feriados-de-2026-calendario-preve-ate-nove-feriadoes-veja-como-aproveitar\/\" \/>\n<meta property=\"og:site_name\" content=\"Portal Not\u00edcia em Pauta\" \/>\n<meta property=\"article:publisher\" content=\"https:\/\/www.facebook.com\/Portal-Notcia-Em-Pauta-102292869264820\/\" \/>\n<meta property=\"article:published_time\" content=\"2025-12-30T10:14:25+00:00\" \/>\n<meta property=\"article:modified_time\" content=\"2025-12-30T10:14:26+00:00\" \/>\n<meta property=\"og:image\" content=\"https:\/\/noticiaempauta.com\/portal\/wp-content\/uploads\/2025\/12\/IMG_0274.webp\" \/>\n\t<meta property=\"og:image:width\" content=\"800\" \/>\n\t<meta property=\"og:image:height\" content=\"600\" \/>\n\t<meta property=\"og:image:type\" content=\"image\/webp\" \/>\n<meta name=\"author\" content=\"Reda\u00e7\u00e3o\" \/>\n<meta name=\"twitter:card\" content=\"summary_large_image\" \/>\n<meta name=\"twitter:label1\" content=\"Escrito por\" \/>\n\t<meta name=\"twitter:data1\" content=\"Reda\u00e7\u00e3o\" \/>\n\t<meta name=\"twitter:label2\" content=\"Est. tempo de leitura\" \/>\n\t<meta name=\"twitter:data2\" content=\"3 minutos\" \/>\n<script type=\"application\/ld+json\" class=\"yoast-schema-graph\">{\"@context\":\"https:\/\/schema.org\",\"@graph\":[{\"@type\":\"Article\",\"@id\":\"https:\/\/noticiaempauta.com\/portal\/feriados-de-2026-calendario-preve-ate-nove-feriadoes-veja-como-aproveitar\/#article\",\"isPartOf\":{\"@id\":\"https:\/\/noticiaempauta.com\/portal\/feriados-de-2026-calendario-preve-ate-nove-feriadoes-veja-como-aproveitar\/\"},\"author\":{\"name\":\"Reda\u00e7\u00e3o\",\"@id\":\"https:\/\/noticiaempauta.com\/portal\/#\/schema\/person\/a74af43dd1ab3deca45f988c717d57ac\"},\"headline\":\"Feriados de 2026: calend\u00e1rio prev\u00ea at\u00e9 nove feriad\u00f5es; veja como aproveitar\",\"datePublished\":\"2025-12-30T10:14:25+00:00\",\"dateModified\":\"2025-12-30T10:14:26+00:00\",\"mainEntityOfPage\":{\"@id\":\"https:\/\/noticiaempauta.com\/portal\/feriados-de-2026-calendario-preve-ate-nove-feriadoes-veja-como-aproveitar\/\"},\"wordCount\":469,\"commentCount\":0,\"publisher\":{\"@id\":\"https:\/\/noticiaempauta.com\/portal\/#organization\"},\"image\":{\"@id\":\"https:\/\/noticiaempauta.com\/portal\/feriados-de-2026-calendario-preve-ate-nove-feriadoes-veja-como-aproveitar\/#primaryimage\"},\"thumbnailUrl\":\"https:\/\/noticiaempauta.com\/portal\/wp-content\/uploads\/2025\/12\/IMG_0274.webp\",\"keywords\":[\"destaqueprincipal\"],\"articleSection\":[\"Destaques\",\"Geral\",\"Todas as Not\u00edcias\"],\"inLanguage\":\"pt-BR\",\"potentialAction\":[{\"@type\":\"CommentAction\",\"name\":\"Comment\",\"target\":[\"https:\/\/noticiaempauta.com\/portal\/feriados-de-2026-calendario-preve-ate-nove-feriadoes-veja-como-aproveitar\/#respond\"]}]},{\"@type\":\"WebPage\",\"@id\":\"https:\/\/noticiaempauta.com\/portal\/feriados-de-2026-calendario-preve-ate-nove-feriadoes-veja-como-aproveitar\/\",\"url\":\"https:\/\/noticiaempauta.com\/portal\/feriados-de-2026-calendario-preve-ate-nove-feriadoes-veja-como-aproveitar\/\",\"name\":\"Feriados de 2026: calend\u00e1rio prev\u00ea at\u00e9 nove feriad\u00f5es; veja como aproveitar - Portal Not\u00edcia em Pauta\",\"isPartOf\":{\"@id\":\"https:\/\/noticiaempauta.com\/portal\/#website\"},\"primaryImageOfPage\":{\"@id\":\"https:\/\/noticiaempauta.com\/portal\/feriados-de-2026-calendario-preve-ate-nove-feriadoes-veja-como-aproveitar\/#primaryimage\"},\"image\":{\"@id\":\"https:\/\/noticiaempauta.com\/portal\/feriados-de-2026-calendario-preve-ate-nove-feriadoes-veja-como-aproveitar\/#primaryimage\"},\"thumbnailUrl\":\"https:\/\/noticiaempauta.com\/portal\/wp-content\/uploads\/2025\/12\/IMG_0274.webp\",\"datePublished\":\"2025-12-30T10:14:25+00:00\",\"dateModified\":\"2025-12-30T10:14:26+00:00\",\"breadcrumb\":{\"@id\":\"https:\/\/noticiaempauta.com\/portal\/feriados-de-2026-calendario-preve-ate-nove-feriadoes-veja-como-aproveitar\/#breadcrumb\"},\"inLanguage\":\"pt-BR\",\"potentialAction\":[{\"@type\":\"ReadAction\",\"target\":[\"https:\/\/noticiaempauta.com\/portal\/feriados-de-2026-calendario-preve-ate-nove-feriadoes-veja-como-aproveitar\/\"]}]},{\"@type\":\"ImageObject\",\"inLanguage\":\"pt-BR\",\"@id\":\"https:\/\/noticiaempauta.com\/portal\/feriados-de-2026-calendario-preve-ate-nove-feriadoes-veja-como-aproveitar\/#primaryimage\",\"url\":\"https:\/\/noticiaempauta.com\/portal\/wp-content\/uploads\/2025\/12\/IMG_0274.webp\",\"contentUrl\":\"https:\/\/noticiaempauta.com\/portal\/wp-content\/uploads\/2025\/12\/IMG_0274.webp\",\"width\":800,\"height\":600},{\"@type\":\"BreadcrumbList\",\"@id\":\"https:\/\/noticiaempauta.com\/portal\/feriados-de-2026-calendario-preve-ate-nove-feriadoes-veja-como-aproveitar\/#breadcrumb\",\"itemListElement\":[{\"@type\":\"ListItem\",\"position\":1,\"name\":\"P\u00e1gina Inicial\",\"item\":\"https:\/\/noticiaempauta.com\/portal\/\"},{\"@type\":\"ListItem\",\"position\":2,\"name\":\"Destaques\",\"item\":\"https:\/\/noticiaempauta.com\/portal\/destaques-site\/\"},{\"@type\":\"ListItem\",\"position\":3,\"name\":\"Feriados de 2026: calend\u00e1rio prev\u00ea at\u00e9 nove feriad\u00f5es; veja como aproveitar\"}]},{\"@type\":\"WebSite\",\"@id\":\"https:\/\/noticiaempauta.com\/portal\/#website\",\"url\":\"https:\/\/noticiaempauta.com\/portal\/\",\"name\":\"Portal Not\u00edcia em Pauta\",\"description\":\"Voc\u00ea bem informado\",\"publisher\":{\"@id\":\"https:\/\/noticiaempauta.com\/portal\/#organization\"},\"potentialAction\":[{\"@type\":\"SearchAction\",\"target\":{\"@type\":\"EntryPoint\",\"urlTemplate\":\"https:\/\/noticiaempauta.com\/portal\/?s={search_term_string}\"},\"query-input\":{\"@type\":\"PropertyValueSpecification\",\"valueRequired\":true,\"valueName\":\"search_term_string\"}}],\"inLanguage\":\"pt-BR\"},{\"@type\":\"Organization\",\"@id\":\"https:\/\/noticiaempauta.com\/portal\/#organization\",\"name\":\"Portal Not\u00edcia em Pauta\",\"url\":\"https:\/\/noticiaempauta.com\/portal\/\",\"logo\":{\"@type\":\"ImageObject\",\"inLanguage\":\"pt-BR\",\"@id\":\"https:\/\/noticiaempauta.com\/portal\/#\/schema\/logo\/image\/\",\"url\":\"https:\/\/noticiaempauta.com\/portal\/wp-content\/uploads\/2022\/08\/logomarca_tema.fw_.png\",\"contentUrl\":\"https:\/\/noticiaempauta.com\/portal\/wp-content\/uploads\/2022\/08\/logomarca_tema.fw_.png\",\"width\":400,\"height\":232,\"caption\":\"Portal Not\u00edcia em Pauta\"},\"image\":{\"@id\":\"https:\/\/noticiaempauta.com\/portal\/#\/schema\/logo\/image\/\"},\"sameAs\":[\"https:\/\/www.facebook.com\/Portal-Notcia-Em-Pauta-102292869264820\/\",\"https:\/\/www.instagram.com\/portalnoticiaempauta\/\"]},{\"@type\":\"Person\",\"@id\":\"https:\/\/noticiaempauta.com\/portal\/#\/schema\/person\/a74af43dd1ab3deca45f988c717d57ac\",\"name\":\"Reda\u00e7\u00e3o\",\"image\":{\"@type\":\"ImageObject\",\"inLanguage\":\"pt-BR\",\"@id\":\"https:\/\/noticiaempauta.com\/portal\/#\/schema\/person\/image\/\",\"url\":\"https:\/\/secure.gravatar.com\/avatar\/03179346ecce6cdfc13361603e8f54242a90e5cde8618fa23c5c00aa2b0aadf3?s=96&d=mm&r=g\",\"contentUrl\":\"https:\/\/secure.gravatar.com\/avatar\/03179346ecce6cdfc13361603e8f54242a90e5cde8618fa23c5c00aa2b0aadf3?s=96&d=mm&r=g\",\"caption\":\"Reda\u00e7\u00e3o\"},\"sameAs\":[\"https:\/\/noticiaempauta.com\/portal\/\"],\"url\":\"https:\/\/noticiaempauta.com\/portal\/author\/fernando\/\"}]}<\/script>\n<!-- \/ Yoast SEO Premium plugin. -->","yoast_head_json":{"title":"Feriados de 2026: calend\u00e1rio prev\u00ea at\u00e9 nove feriad\u00f5es; veja como aproveitar - Portal Not\u00edcia em Pauta","robots":{"index":"index","follow":"follow","max-snippet":"max-snippet:-1","max-image-preview":"max-image-preview:large","max-video-preview":"max-video-preview:-1"},"canonical":"https:\/\/noticiaempauta.com\/portal\/feriados-de-2026-calendario-preve-ate-nove-feriadoes-veja-como-aproveitar\/","og_locale":"pt_BR","og_type":"article","og_title":"Feriados de 2026: calend\u00e1rio prev\u00ea at\u00e9 nove feriad\u00f5es; veja como aproveitar","og_description":"Com a proximidade de 2026 muitos j\u00e1 come\u00e7am a acompanhar o calend\u00e1rio oficial em busca de oportunidades de descanso prolongado. Os feriados de 2026 formam um dos cen\u00e1rios mais favor\u00e1veis dos \u00faltimos anos, com grande parte das datas nacionais caindo em dias \u00fateis e abrindo espa\u00e7o para at\u00e9 nove feriad\u00f5es ao longo do ano. O [&hellip;]","og_url":"https:\/\/noticiaempauta.com\/portal\/feriados-de-2026-calendario-preve-ate-nove-feriadoes-veja-como-aproveitar\/","og_site_name":"Portal Not\u00edcia em Pauta","article_publisher":"https:\/\/www.facebook.com\/Portal-Notcia-Em-Pauta-102292869264820\/","article_published_time":"2025-12-30T10:14:25+00:00","article_modified_time":"2025-12-30T10:14:26+00:00","og_image":[{"width":800,"height":600,"url":"https:\/\/noticiaempauta.com\/portal\/wp-content\/uploads\/2025\/12\/IMG_0274.webp","type":"image\/webp"}],"author":"Reda\u00e7\u00e3o","twitter_card":"summary_large_image","twitter_misc":{"Escrito por":"Reda\u00e7\u00e3o","Est. tempo de leitura":"3 minutos"},"schema":{"@context":"https:\/\/schema.org","@graph":[{"@type":"Article","@id":"https:\/\/noticiaempauta.com\/portal\/feriados-de-2026-calendario-preve-ate-nove-feriadoes-veja-como-aproveitar\/#article","isPartOf":{"@id":"https:\/\/noticiaempauta.com\/portal\/feriados-de-2026-calendario-preve-ate-nove-feriadoes-veja-como-aproveitar\/"},"author":{"name":"Reda\u00e7\u00e3o","@id":"https:\/\/noticiaempauta.com\/portal\/#\/schema\/person\/a74af43dd1ab3deca45f988c717d57ac"},"headline":"Feriados de 2026: calend\u00e1rio prev\u00ea at\u00e9 nove feriad\u00f5es; veja como aproveitar","datePublished":"2025-12-30T10:14:25+00:00","dateModified":"2025-12-30T10:14:26+00:00","mainEntityOfPage":{"@id":"https:\/\/noticiaempauta.com\/portal\/feriados-de-2026-calendario-preve-ate-nove-feriadoes-veja-como-aproveitar\/"},"wordCount":469,"commentCount":0,"publisher":{"@id":"https:\/\/noticiaempauta.com\/portal\/#organization"},"image":{"@id":"https:\/\/noticiaempauta.com\/portal\/feriados-de-2026-calendario-preve-ate-nove-feriadoes-veja-como-aproveitar\/#primaryimage"},"thumbnailUrl":"https:\/\/noticiaempauta.com\/portal\/wp-content\/uploads\/2025\/12\/IMG_0274.webp","keywords":["destaqueprincipal"],"articleSection":["Destaques","Geral","Todas as Not\u00edcias"],"inLanguage":"pt-BR","potentialAction":[{"@type":"CommentAction","name":"Comment","target":["https:\/\/noticiaempauta.com\/portal\/feriados-de-2026-calendario-preve-ate-nove-feriadoes-veja-como-aproveitar\/#respond"]}]},{"@type":"WebPage","@id":"https:\/\/noticiaempauta.com\/portal\/feriados-de-2026-calendario-preve-ate-nove-feriadoes-veja-como-aproveitar\/","url":"https:\/\/noticiaempauta.com\/portal\/feriados-de-2026-calendario-preve-ate-nove-feriadoes-veja-como-aproveitar\/","name":"Feriados de 2026: calend\u00e1rio prev\u00ea at\u00e9 nove feriad\u00f5es; veja como aproveitar - Portal Not\u00edcia em Pauta","isPartOf":{"@id":"https:\/\/noticiaempauta.com\/portal\/#website"},"primaryImageOfPage":{"@id":"https:\/\/noticiaempauta.com\/portal\/feriados-de-2026-calendario-preve-ate-nove-feriadoes-veja-como-aproveitar\/#primaryimage"},"image":{"@id":"https:\/\/noticiaempauta.com\/portal\/feriados-de-2026-calendario-preve-ate-nove-feriadoes-veja-como-aproveitar\/#primaryimage"},"thumbnailUrl":"https:\/\/noticiaempauta.com\/portal\/wp-content\/uploads\/2025\/12\/IMG_0274.webp","datePublished":"2025-12-30T10:14:25+00:00","dateModified":"2025-12-30T10:14:26+00:00","breadcrumb":{"@id":"https:\/\/noticiaempauta.com\/portal\/feriados-de-2026-calendario-preve-ate-nove-feriadoes-veja-como-aproveitar\/#breadcrumb"},"inLanguage":"pt-BR","potentialAction":[{"@type":"ReadAction","target":["https:\/\/noticiaempauta.com\/portal\/feriados-de-2026-calendario-preve-ate-nove-feriadoes-veja-como-aproveitar\/"]}]},{"@type":"ImageObject","inLanguage":"pt-BR","@id":"https:\/\/noticiaempauta.com\/portal\/feriados-de-2026-calendario-preve-ate-nove-feriadoes-veja-como-aproveitar\/#primaryimage","url":"https:\/\/noticiaempauta.com\/portal\/wp-content\/uploads\/2025\/12\/IMG_0274.webp","contentUrl":"https:\/\/noticiaempauta.com\/portal\/wp-content\/uploads\/2025\/12\/IMG_0274.webp","width":800,"height":600},{"@type":"BreadcrumbList","@id":"https:\/\/noticiaempauta.com\/portal\/feriados-de-2026-calendario-preve-ate-nove-feriadoes-veja-como-aproveitar\/#breadcrumb","itemListElement":[{"@type":"ListItem","position":1,"name":"P\u00e1gina Inicial","item":"https:\/\/noticiaempauta.com\/portal\/"},{"@type":"ListItem","position":2,"name":"Destaques","item":"https:\/\/noticiaempauta.com\/portal\/destaques-site\/"},{"@type":"ListItem","position":3,"name":"Feriados de 2026: calend\u00e1rio prev\u00ea at\u00e9 nove feriad\u00f5es; veja como aproveitar"}]},{"@type":"WebSite","@id":"https:\/\/noticiaempauta.com\/portal\/#website","url":"https:\/\/noticiaempauta.com\/portal\/","name":"Portal Not\u00edcia em Pauta","description":"Voc\u00ea bem informado","publisher":{"@id":"https:\/\/noticiaempauta.com\/portal\/#organization"},"potentialAction":[{"@type":"SearchAction","target":{"@type":"EntryPoint","urlTemplate":"https:\/\/noticiaempauta.com\/portal\/?s={search_term_string}"},"query-input":{"@type":"PropertyValueSpecification","valueRequired":true,"valueName":"search_term_string"}}],"inLanguage":"pt-BR"},{"@type":"Organization","@id":"https:\/\/noticiaempauta.com\/portal\/#organization","name":"Portal Not\u00edcia em Pauta","url":"https:\/\/noticiaempauta.com\/portal\/","logo":{"@type":"ImageObject","inLanguage":"pt-BR","@id":"https:\/\/noticiaempauta.com\/portal\/#\/schema\/logo\/image\/","url":"https:\/\/noticiaempauta.com\/portal\/wp-content\/uploads\/2022\/08\/logomarca_tema.fw_.png","contentUrl":"https:\/\/noticiaempauta.com\/portal\/wp-content\/uploads\/2022\/08\/logomarca_tema.fw_.png","width":400,"height":232,"caption":"Portal Not\u00edcia em Pauta"},"image":{"@id":"https:\/\/noticiaempauta.com\/portal\/#\/schema\/logo\/image\/"},"sameAs":["https:\/\/www.facebook.com\/Portal-Notcia-Em-Pauta-102292869264820\/","https:\/\/www.instagram.com\/portalnoticiaempauta\/"]},{"@type":"Person","@id":"https:\/\/noticiaempauta.com\/portal\/#\/schema\/person\/a74af43dd1ab3deca45f988c717d57ac","name":"Reda\u00e7\u00e3o","image":{"@type":"ImageObject","inLanguage":"pt-BR","@id":"https:\/\/noticiaempauta.com\/portal\/#\/schema\/person\/image\/","url":"https:\/\/secure.gravatar.com\/avatar\/03179346ecce6cdfc13361603e8f54242a90e5cde8618fa23c5c00aa2b0aadf3?s=96&d=mm&r=g","contentUrl":"https:\/\/secure.gravatar.com\/avatar\/03179346ecce6cdfc13361603e8f54242a90e5cde8618fa23c5c00aa2b0aadf3?s=96&d=mm&r=g","caption":"Reda\u00e7\u00e3o"},"sameAs":["https:\/\/noticiaempauta.com\/portal\/"],"url":"https:\/\/noticiaempauta.com\/portal\/author\/fernando\/"}]}},"_links":{"self":[{"href":"https:\/\/noticiaempauta.com\/portal\/wp-json\/wp\/v2\/posts\/283278","targetHints":{"allow":["GET"]}}],"collection":[{"href":"https:\/\/noticiaempauta.com\/portal\/wp-json\/wp\/v2\/posts"}],"about":[{"href":"https:\/\/noticiaempauta.com\/portal\/wp-json\/wp\/v2\/types\/post"}],"author":[{"embeddable":true,"href":"https:\/\/noticiaempauta.com\/portal\/wp-json\/wp\/v2\/users\/2"}],"replies":[{"embeddable":true,"href":"https:\/\/noticiaempauta.com\/portal\/wp-json\/wp\/v2\/comments?post=283278"}],"version-history":[{"count":2,"href":"https:\/\/noticiaempauta.com\/portal\/wp-json\/wp\/v2\/posts\/283278\/revisions"}],"predecessor-version":[{"id":283281,"href":"https:\/\/noticiaempauta.com\/portal\/wp-json\/wp\/v2\/posts\/283278\/revisions\/283281"}],"wp:featuredmedia":[{"embeddable":true,"href":"https:\/\/noticiaempauta.com\/portal\/wp-json\/wp\/v2\/media\/283279"}],"wp:attachment":[{"href":"https:\/\/noticiaempauta.com\/portal\/wp-json\/wp\/v2\/media?parent=283278"}],"wp:term":[{"taxonomy":"category","embeddable":true,"href":"https:\/\/noticiaempauta.com\/portal\/wp-json\/wp\/v2\/categories?post=283278"},{"taxonomy":"post_tag","embeddable":true,"href":"https:\/\/noticiaempauta.com\/portal\/wp-json\/wp\/v2\/tags?post=283278"}],"curies":[{"name":"wp","href":"https:\/\/api.w.org\/{rel}","templated":true}]}}