{"id":283289,"date":"2025-12-30T15:55:21","date_gmt":"2025-12-30T18:55:21","guid":{"rendered":"https:\/\/noticiaempauta.com\/portal\/?p=283289"},"modified":"2025-12-30T15:55:22","modified_gmt":"2025-12-30T18:55:22","slug":"aroeiras-do-itaim-cumpre-metas-do-selo-unicef-e-marca-avanco-historico-no-primeiro-ano-da-gestao-marciano-macedo","status":"publish","type":"post","link":"https:\/\/noticiaempauta.com\/portal\/aroeiras-do-itaim-cumpre-metas-do-selo-unicef-e-marca-avanco-historico-no-primeiro-ano-da-gestao-marciano-macedo\/","title":{"rendered":"Aroeiras do Itaim cumpre metas do Selo UNICEF e marca avan\u00e7o hist\u00f3rico no primeiro ano da gest\u00e3o Marciano Mac\u00eado"},"content":{"rendered":"\n<p>O munic\u00edpio de Aroeiras do Itaim, sob a gest\u00e3o do prefeito Marciano Mac\u00eado, alcan\u00e7ou um importante marco institucional ao cumprir todas as metas pactuadas do Selo UNICEF, consolidando um grande avan\u00e7o nas pol\u00edticas p\u00fablicas voltadas \u00e0 inf\u00e2ncia e \u00e0 adolesc\u00eancia j\u00e1 no primeiro ano da gest\u00e3o \u201cUm Novo Tempo, Uma Nova Hist\u00f3ria\u201d.<\/p>\n\n\n\n<figure class=\"wp-block-image size-large\"><img fetchpriority=\"high\" decoding=\"async\" width=\"1024\" height=\"683\" src=\"https:\/\/noticiaempauta.com\/portal\/wp-content\/uploads\/2025\/12\/marcianosdd-1024x683.jpg\" alt=\"\" class=\"wp-image-283290\" srcset=\"https:\/\/noticiaempauta.com\/portal\/wp-content\/uploads\/2025\/12\/marcianosdd-1024x683.jpg 1024w, https:\/\/noticiaempauta.com\/portal\/wp-content\/uploads\/2025\/12\/marcianosdd-300x200.jpg 300w, https:\/\/noticiaempauta.com\/portal\/wp-content\/uploads\/2025\/12\/marcianosdd-768x512.jpg 768w, https:\/\/noticiaempauta.com\/portal\/wp-content\/uploads\/2025\/12\/marcianosdd.jpg 1200w\" sizes=\"(max-width: 1024px) 100vw, 1024px\" \/><\/figure>\n\n\n\n<p>As a\u00e7\u00f5es desenvolvidas ao longo de 2025 envolveram diretamente as \u00e1reas da educa\u00e7\u00e3o, assist\u00eancia social, sa\u00fade e garantia de direitos, com resultados concretos como a realiza\u00e7\u00e3o de f\u00f3rum comunit\u00e1rio, capacita\u00e7\u00f5es t\u00e9cnicas, fortalecimento dos conselhos, elabora\u00e7\u00e3o e publica\u00e7\u00e3o de instrumentos de planejamento e a amplia\u00e7\u00e3o do acesso \u00e0 internet em 100% das escolas do munic\u00edpio.<\/p>\n\n\n\n<figure class=\"wp-block-image size-large\"><img decoding=\"async\" width=\"1024\" height=\"683\" src=\"https:\/\/noticiaempauta.com\/portal\/wp-content\/uploads\/2025\/12\/IMG_2793.jpg-1024x683.webp\" alt=\"\" class=\"wp-image-283293\" srcset=\"https:\/\/noticiaempauta.com\/portal\/wp-content\/uploads\/2025\/12\/IMG_2793.jpg-1024x683.webp 1024w, https:\/\/noticiaempauta.com\/portal\/wp-content\/uploads\/2025\/12\/IMG_2793.jpg-300x200.webp 300w, https:\/\/noticiaempauta.com\/portal\/wp-content\/uploads\/2025\/12\/IMG_2793.jpg-768x512.webp 768w, https:\/\/noticiaempauta.com\/portal\/wp-content\/uploads\/2025\/12\/IMG_2793.jpg.webp 1200w\" sizes=\"(max-width: 1024px) 100vw, 1024px\" \/><\/figure>\n\n\n\n<p>Para o articulador do Selo UNICEF, professor Ronaldo, o cumprimento das metas demonstra o comprometimento coletivo da gest\u00e3o e das equipes t\u00e9cnicas.<\/p>\n\n\n\n<figure class=\"wp-block-image size-large\"><img decoding=\"async\" width=\"1024\" height=\"683\" src=\"https:\/\/noticiaempauta.com\/portal\/wp-content\/uploads\/2025\/12\/IMG_2741-1024x683.jpg\" alt=\"\" class=\"wp-image-283292\" srcset=\"https:\/\/noticiaempauta.com\/portal\/wp-content\/uploads\/2025\/12\/IMG_2741-1024x683.jpg 1024w, https:\/\/noticiaempauta.com\/portal\/wp-content\/uploads\/2025\/12\/IMG_2741-300x200.jpg 300w, https:\/\/noticiaempauta.com\/portal\/wp-content\/uploads\/2025\/12\/IMG_2741-768x512.jpg 768w, https:\/\/noticiaempauta.com\/portal\/wp-content\/uploads\/2025\/12\/IMG_2741.jpg 1200w\" sizes=\"(max-width: 1024px) 100vw, 1024px\" \/><\/figure>\n\n\n\n<p>\u201cEsse resultado \u00e9 fruto de muito trabalho, di\u00e1logo e responsabilidade. O Selo UNICEF exige planejamento, execu\u00e7\u00e3o e acompanhamento permanente. Aroeiras do Itaim mostrou que \u00e9 poss\u00edvel avan\u00e7ar quando h\u00e1 uni\u00e3o entre gest\u00e3o, profissionais e comunidade, sempre colocando nossas crian\u00e7as e adolescentes como prioridade absoluta.\u201d<\/p>\n\n\n\n<p>A secret\u00e1ria municipal de Administra\u00e7\u00e3o e Finan\u00e7as, Dra. Marli Macedo, destacou que a conquista representa organiza\u00e7\u00e3o administrativa, compromisso com o planejamento e uso respons\u00e1vel dos recursos p\u00fablicos.<\/p>\n\n\n\n<figure class=\"wp-block-image size-large\"><img loading=\"lazy\" decoding=\"async\" width=\"1024\" height=\"683\" src=\"https:\/\/noticiaempauta.com\/portal\/wp-content\/uploads\/2025\/12\/IMG_2520.jpg-1024x683.webp\" alt=\"\" class=\"wp-image-283295\" srcset=\"https:\/\/noticiaempauta.com\/portal\/wp-content\/uploads\/2025\/12\/IMG_2520.jpg-1024x683.webp 1024w, https:\/\/noticiaempauta.com\/portal\/wp-content\/uploads\/2025\/12\/IMG_2520.jpg-300x200.webp 300w, https:\/\/noticiaempauta.com\/portal\/wp-content\/uploads\/2025\/12\/IMG_2520.jpg-768x512.webp 768w, https:\/\/noticiaempauta.com\/portal\/wp-content\/uploads\/2025\/12\/IMG_2520.jpg.webp 1200w\" sizes=\"(max-width: 1024px) 100vw, 1024px\" \/><\/figure>\n\n\n\n<p>\u201cCumprir as metas do Selo UNICEF logo no primeiro ano de gest\u00e3o reafirma que estamos trilhando o caminho certo. \u00c9 um trabalho que envolve responsabilidade fiscal, planejamento estrat\u00e9gico e, acima de tudo, sensibilidade social. Investir na inf\u00e2ncia e na adolesc\u00eancia \u00e9 investir no futuro do munic\u00edpio.\u201d<\/p>\n\n\n\n<p>O cumprimento das metas do Selo UNICEF refor\u00e7a o compromisso da gest\u00e3o municipal com pol\u00edticas p\u00fablicas eficientes, participativas e voltadas para o desenvolvimento humano, consolidando Aroeiras do Itaim como refer\u00eancia regional no cuidado com crian\u00e7as e adolescentes.<\/p>\n\n\n\n<figure class=\"wp-block-image size-large\"><img loading=\"lazy\" decoding=\"async\" width=\"819\" height=\"1024\" src=\"https:\/\/noticiaempauta.com\/portal\/wp-content\/uploads\/2025\/12\/WhatsApp-Image-2025-12-30-at-15.34.44-819x1024.jpeg\" alt=\"\" class=\"wp-image-283294\" srcset=\"https:\/\/noticiaempauta.com\/portal\/wp-content\/uploads\/2025\/12\/WhatsApp-Image-2025-12-30-at-15.34.44-819x1024.jpeg 819w, https:\/\/noticiaempauta.com\/portal\/wp-content\/uploads\/2025\/12\/WhatsApp-Image-2025-12-30-at-15.34.44-240x300.jpeg 240w, https:\/\/noticiaempauta.com\/portal\/wp-content\/uploads\/2025\/12\/WhatsApp-Image-2025-12-30-at-15.34.44-768x960.jpeg 768w, https:\/\/noticiaempauta.com\/portal\/wp-content\/uploads\/2025\/12\/WhatsApp-Image-2025-12-30-at-15.34.44.jpeg 1024w\" sizes=\"(max-width: 819px) 100vw, 819px\" \/><\/figure>\n\n\n\n<p>Com esse resultado, o munic\u00edpio encerra o calend\u00e1rio de entregas de 2025 reafirmando que vive, de fato, um novo tempo e uma nova hist\u00f3ria, pautados no planejamento, na responsabilidade social e na constru\u00e7\u00e3o de um futuro mais digno e pr\u00f3spero para todos.<\/p>\n","protected":false},"excerpt":{"rendered":"<p>O munic\u00edpio de Aroeiras do Itaim, sob a gest\u00e3o do prefeito Marciano Mac\u00eado, alcan\u00e7ou um importante marco institucional ao cumprir todas as metas pactuadas do Selo UNICEF, consolidando um grande avan\u00e7o nas pol\u00edticas p\u00fablicas voltadas \u00e0 inf\u00e2ncia e \u00e0 adolesc\u00eancia j\u00e1 no primeiro ano da gest\u00e3o \u201cUm Novo Tempo, Uma Nova Hist\u00f3ria\u201d. As a\u00e7\u00f5es desenvolvidas [&hellip;]<\/p>\n","protected":false},"author":2,"featured_media":283290,"comment_status":"open","ping_status":"open","sticky":false,"template":"","format":"standard","meta":{"_mi_skip_tracking":false,"footnotes":""},"categories":[25,1,9,16],"tags":[],"class_list":["post-283289","post","type-post","status-publish","format-standard","has-post-thumbnail","hentry","category-destaques-site","category-geral","category-municipios","category-todas"],"acf":[],"yoast_head":"<!-- This site is optimized with the Yoast SEO Premium plugin v19.2 (Yoast SEO v26.9) - https:\/\/yoast.com\/product\/yoast-seo-premium-wordpress\/ -->\n<title>Aroeiras do Itaim cumpre metas do Selo UNICEF e marca avan\u00e7o hist\u00f3rico no primeiro ano da gest\u00e3o Marciano Mac\u00eado - Portal Not\u00edcia em Pauta<\/title>\n<meta name=\"robots\" content=\"index, follow, max-snippet:-1, max-image-preview:large, max-video-preview:-1\" \/>\n<link rel=\"canonical\" href=\"https:\/\/noticiaempauta.com\/portal\/aroeiras-do-itaim-cumpre-metas-do-selo-unicef-e-marca-avanco-historico-no-primeiro-ano-da-gestao-marciano-macedo\/\" \/>\n<meta property=\"og:locale\" content=\"pt_BR\" \/>\n<meta property=\"og:type\" content=\"article\" \/>\n<meta property=\"og:title\" content=\"Aroeiras do Itaim cumpre metas do Selo UNICEF e marca avan\u00e7o hist\u00f3rico no primeiro ano da gest\u00e3o Marciano Mac\u00eado\" \/>\n<meta property=\"og:description\" content=\"O munic\u00edpio de Aroeiras do Itaim, sob a gest\u00e3o do prefeito Marciano Mac\u00eado, alcan\u00e7ou um importante marco institucional ao cumprir todas as metas pactuadas do Selo UNICEF, consolidando um grande avan\u00e7o nas pol\u00edticas p\u00fablicas voltadas \u00e0 inf\u00e2ncia e \u00e0 adolesc\u00eancia j\u00e1 no primeiro ano da gest\u00e3o \u201cUm Novo Tempo, Uma Nova Hist\u00f3ria\u201d. As a\u00e7\u00f5es desenvolvidas [&hellip;]\" \/>\n<meta property=\"og:url\" content=\"https:\/\/noticiaempauta.com\/portal\/aroeiras-do-itaim-cumpre-metas-do-selo-unicef-e-marca-avanco-historico-no-primeiro-ano-da-gestao-marciano-macedo\/\" \/>\n<meta property=\"og:site_name\" content=\"Portal Not\u00edcia em Pauta\" \/>\n<meta property=\"article:publisher\" content=\"https:\/\/www.facebook.com\/Portal-Notcia-Em-Pauta-102292869264820\/\" \/>\n<meta property=\"article:published_time\" content=\"2025-12-30T18:55:21+00:00\" \/>\n<meta property=\"article:modified_time\" content=\"2025-12-30T18:55:22+00:00\" \/>\n<meta property=\"og:image\" content=\"https:\/\/noticiaempauta.com\/portal\/wp-content\/uploads\/2025\/12\/marcianosdd.jpg\" \/>\n\t<meta property=\"og:image:width\" content=\"1200\" \/>\n\t<meta property=\"og:image:height\" content=\"800\" \/>\n\t<meta property=\"og:image:type\" content=\"image\/jpeg\" \/>\n<meta name=\"author\" content=\"Reda\u00e7\u00e3o\" \/>\n<meta name=\"twitter:card\" content=\"summary_large_image\" \/>\n<meta name=\"twitter:label1\" content=\"Escrito por\" \/>\n\t<meta name=\"twitter:data1\" content=\"Reda\u00e7\u00e3o\" \/>\n\t<meta name=\"twitter:label2\" content=\"Est. tempo de leitura\" \/>\n\t<meta name=\"twitter:data2\" content=\"3 minutos\" \/>\n<script type=\"application\/ld+json\" class=\"yoast-schema-graph\">{\"@context\":\"https:\/\/schema.org\",\"@graph\":[{\"@type\":\"Article\",\"@id\":\"https:\/\/noticiaempauta.com\/portal\/aroeiras-do-itaim-cumpre-metas-do-selo-unicef-e-marca-avanco-historico-no-primeiro-ano-da-gestao-marciano-macedo\/#article\",\"isPartOf\":{\"@id\":\"https:\/\/noticiaempauta.com\/portal\/aroeiras-do-itaim-cumpre-metas-do-selo-unicef-e-marca-avanco-historico-no-primeiro-ano-da-gestao-marciano-macedo\/\"},\"author\":{\"name\":\"Reda\u00e7\u00e3o\",\"@id\":\"https:\/\/noticiaempauta.com\/portal\/#\/schema\/person\/a74af43dd1ab3deca45f988c717d57ac\"},\"headline\":\"Aroeiras do Itaim cumpre metas do Selo UNICEF e marca avan\u00e7o hist\u00f3rico no primeiro ano da gest\u00e3o Marciano Mac\u00eado\",\"datePublished\":\"2025-12-30T18:55:21+00:00\",\"dateModified\":\"2025-12-30T18:55:22+00:00\",\"mainEntityOfPage\":{\"@id\":\"https:\/\/noticiaempauta.com\/portal\/aroeiras-do-itaim-cumpre-metas-do-selo-unicef-e-marca-avanco-historico-no-primeiro-ano-da-gestao-marciano-macedo\/\"},\"wordCount\":392,\"commentCount\":0,\"publisher\":{\"@id\":\"https:\/\/noticiaempauta.com\/portal\/#organization\"},\"image\":{\"@id\":\"https:\/\/noticiaempauta.com\/portal\/aroeiras-do-itaim-cumpre-metas-do-selo-unicef-e-marca-avanco-historico-no-primeiro-ano-da-gestao-marciano-macedo\/#primaryimage\"},\"thumbnailUrl\":\"https:\/\/noticiaempauta.com\/portal\/wp-content\/uploads\/2025\/12\/marcianosdd.jpg\",\"articleSection\":[\"Destaques\",\"Geral\",\"Munic\u00edpios\",\"Todas as Not\u00edcias\"],\"inLanguage\":\"pt-BR\",\"potentialAction\":[{\"@type\":\"CommentAction\",\"name\":\"Comment\",\"target\":[\"https:\/\/noticiaempauta.com\/portal\/aroeiras-do-itaim-cumpre-metas-do-selo-unicef-e-marca-avanco-historico-no-primeiro-ano-da-gestao-marciano-macedo\/#respond\"]}]},{\"@type\":\"WebPage\",\"@id\":\"https:\/\/noticiaempauta.com\/portal\/aroeiras-do-itaim-cumpre-metas-do-selo-unicef-e-marca-avanco-historico-no-primeiro-ano-da-gestao-marciano-macedo\/\",\"url\":\"https:\/\/noticiaempauta.com\/portal\/aroeiras-do-itaim-cumpre-metas-do-selo-unicef-e-marca-avanco-historico-no-primeiro-ano-da-gestao-marciano-macedo\/\",\"name\":\"Aroeiras do Itaim cumpre metas do Selo UNICEF e marca avan\u00e7o hist\u00f3rico no primeiro ano da gest\u00e3o Marciano Mac\u00eado - Portal Not\u00edcia em Pauta\",\"isPartOf\":{\"@id\":\"https:\/\/noticiaempauta.com\/portal\/#website\"},\"primaryImageOfPage\":{\"@id\":\"https:\/\/noticiaempauta.com\/portal\/aroeiras-do-itaim-cumpre-metas-do-selo-unicef-e-marca-avanco-historico-no-primeiro-ano-da-gestao-marciano-macedo\/#primaryimage\"},\"image\":{\"@id\":\"https:\/\/noticiaempauta.com\/portal\/aroeiras-do-itaim-cumpre-metas-do-selo-unicef-e-marca-avanco-historico-no-primeiro-ano-da-gestao-marciano-macedo\/#primaryimage\"},\"thumbnailUrl\":\"https:\/\/noticiaempauta.com\/portal\/wp-content\/uploads\/2025\/12\/marcianosdd.jpg\",\"datePublished\":\"2025-12-30T18:55:21+00:00\",\"dateModified\":\"2025-12-30T18:55:22+00:00\",\"breadcrumb\":{\"@id\":\"https:\/\/noticiaempauta.com\/portal\/aroeiras-do-itaim-cumpre-metas-do-selo-unicef-e-marca-avanco-historico-no-primeiro-ano-da-gestao-marciano-macedo\/#breadcrumb\"},\"inLanguage\":\"pt-BR\",\"potentialAction\":[{\"@type\":\"ReadAction\",\"target\":[\"https:\/\/noticiaempauta.com\/portal\/aroeiras-do-itaim-cumpre-metas-do-selo-unicef-e-marca-avanco-historico-no-primeiro-ano-da-gestao-marciano-macedo\/\"]}]},{\"@type\":\"ImageObject\",\"inLanguage\":\"pt-BR\",\"@id\":\"https:\/\/noticiaempauta.com\/portal\/aroeiras-do-itaim-cumpre-metas-do-selo-unicef-e-marca-avanco-historico-no-primeiro-ano-da-gestao-marciano-macedo\/#primaryimage\",\"url\":\"https:\/\/noticiaempauta.com\/portal\/wp-content\/uploads\/2025\/12\/marcianosdd.jpg\",\"contentUrl\":\"https:\/\/noticiaempauta.com\/portal\/wp-content\/uploads\/2025\/12\/marcianosdd.jpg\",\"width\":1200,\"height\":800},{\"@type\":\"BreadcrumbList\",\"@id\":\"https:\/\/noticiaempauta.com\/portal\/aroeiras-do-itaim-cumpre-metas-do-selo-unicef-e-marca-avanco-historico-no-primeiro-ano-da-gestao-marciano-macedo\/#breadcrumb\",\"itemListElement\":[{\"@type\":\"ListItem\",\"position\":1,\"name\":\"P\u00e1gina Inicial\",\"item\":\"https:\/\/noticiaempauta.com\/portal\/\"},{\"@type\":\"ListItem\",\"position\":2,\"name\":\"Destaques\",\"item\":\"https:\/\/noticiaempauta.com\/portal\/destaques-site\/\"},{\"@type\":\"ListItem\",\"position\":3,\"name\":\"Aroeiras do Itaim cumpre metas do Selo UNICEF e marca avan\u00e7o hist\u00f3rico no primeiro ano da gest\u00e3o Marciano Mac\u00eado\"}]},{\"@type\":\"WebSite\",\"@id\":\"https:\/\/noticiaempauta.com\/portal\/#website\",\"url\":\"https:\/\/noticiaempauta.com\/portal\/\",\"name\":\"Portal Not\u00edcia em Pauta\",\"description\":\"Voc\u00ea bem informado\",\"publisher\":{\"@id\":\"https:\/\/noticiaempauta.com\/portal\/#organization\"},\"potentialAction\":[{\"@type\":\"SearchAction\",\"target\":{\"@type\":\"EntryPoint\",\"urlTemplate\":\"https:\/\/noticiaempauta.com\/portal\/?s={search_term_string}\"},\"query-input\":{\"@type\":\"PropertyValueSpecification\",\"valueRequired\":true,\"valueName\":\"search_term_string\"}}],\"inLanguage\":\"pt-BR\"},{\"@type\":\"Organization\",\"@id\":\"https:\/\/noticiaempauta.com\/portal\/#organization\",\"name\":\"Portal Not\u00edcia em Pauta\",\"url\":\"https:\/\/noticiaempauta.com\/portal\/\",\"logo\":{\"@type\":\"ImageObject\",\"inLanguage\":\"pt-BR\",\"@id\":\"https:\/\/noticiaempauta.com\/portal\/#\/schema\/logo\/image\/\",\"url\":\"https:\/\/noticiaempauta.com\/portal\/wp-content\/uploads\/2022\/08\/logomarca_tema.fw_.png\",\"contentUrl\":\"https:\/\/noticiaempauta.com\/portal\/wp-content\/uploads\/2022\/08\/logomarca_tema.fw_.png\",\"width\":400,\"height\":232,\"caption\":\"Portal Not\u00edcia em Pauta\"},\"image\":{\"@id\":\"https:\/\/noticiaempauta.com\/portal\/#\/schema\/logo\/image\/\"},\"sameAs\":[\"https:\/\/www.facebook.com\/Portal-Notcia-Em-Pauta-102292869264820\/\",\"https:\/\/www.instagram.com\/portalnoticiaempauta\/\"]},{\"@type\":\"Person\",\"@id\":\"https:\/\/noticiaempauta.com\/portal\/#\/schema\/person\/a74af43dd1ab3deca45f988c717d57ac\",\"name\":\"Reda\u00e7\u00e3o\",\"image\":{\"@type\":\"ImageObject\",\"inLanguage\":\"pt-BR\",\"@id\":\"https:\/\/noticiaempauta.com\/portal\/#\/schema\/person\/image\/\",\"url\":\"https:\/\/secure.gravatar.com\/avatar\/03179346ecce6cdfc13361603e8f54242a90e5cde8618fa23c5c00aa2b0aadf3?s=96&d=mm&r=g\",\"contentUrl\":\"https:\/\/secure.gravatar.com\/avatar\/03179346ecce6cdfc13361603e8f54242a90e5cde8618fa23c5c00aa2b0aadf3?s=96&d=mm&r=g\",\"caption\":\"Reda\u00e7\u00e3o\"},\"sameAs\":[\"https:\/\/noticiaempauta.com\/portal\/\"],\"url\":\"https:\/\/noticiaempauta.com\/portal\/author\/fernando\/\"}]}<\/script>\n<!-- \/ Yoast SEO Premium plugin. -->","yoast_head_json":{"title":"Aroeiras do Itaim cumpre metas do Selo UNICEF e marca avan\u00e7o hist\u00f3rico no primeiro ano da gest\u00e3o Marciano Mac\u00eado - Portal Not\u00edcia em Pauta","robots":{"index":"index","follow":"follow","max-snippet":"max-snippet:-1","max-image-preview":"max-image-preview:large","max-video-preview":"max-video-preview:-1"},"canonical":"https:\/\/noticiaempauta.com\/portal\/aroeiras-do-itaim-cumpre-metas-do-selo-unicef-e-marca-avanco-historico-no-primeiro-ano-da-gestao-marciano-macedo\/","og_locale":"pt_BR","og_type":"article","og_title":"Aroeiras do Itaim cumpre metas do Selo UNICEF e marca avan\u00e7o hist\u00f3rico no primeiro ano da gest\u00e3o Marciano Mac\u00eado","og_description":"O munic\u00edpio de Aroeiras do Itaim, sob a gest\u00e3o do prefeito Marciano Mac\u00eado, alcan\u00e7ou um importante marco institucional ao cumprir todas as metas pactuadas do Selo UNICEF, consolidando um grande avan\u00e7o nas pol\u00edticas p\u00fablicas voltadas \u00e0 inf\u00e2ncia e \u00e0 adolesc\u00eancia j\u00e1 no primeiro ano da gest\u00e3o \u201cUm Novo Tempo, Uma Nova Hist\u00f3ria\u201d. As a\u00e7\u00f5es desenvolvidas [&hellip;]","og_url":"https:\/\/noticiaempauta.com\/portal\/aroeiras-do-itaim-cumpre-metas-do-selo-unicef-e-marca-avanco-historico-no-primeiro-ano-da-gestao-marciano-macedo\/","og_site_name":"Portal Not\u00edcia em Pauta","article_publisher":"https:\/\/www.facebook.com\/Portal-Notcia-Em-Pauta-102292869264820\/","article_published_time":"2025-12-30T18:55:21+00:00","article_modified_time":"2025-12-30T18:55:22+00:00","og_image":[{"width":1200,"height":800,"url":"https:\/\/noticiaempauta.com\/portal\/wp-content\/uploads\/2025\/12\/marcianosdd.jpg","type":"image\/jpeg"}],"author":"Reda\u00e7\u00e3o","twitter_card":"summary_large_image","twitter_misc":{"Escrito por":"Reda\u00e7\u00e3o","Est. tempo de leitura":"3 minutos"},"schema":{"@context":"https:\/\/schema.org","@graph":[{"@type":"Article","@id":"https:\/\/noticiaempauta.com\/portal\/aroeiras-do-itaim-cumpre-metas-do-selo-unicef-e-marca-avanco-historico-no-primeiro-ano-da-gestao-marciano-macedo\/#article","isPartOf":{"@id":"https:\/\/noticiaempauta.com\/portal\/aroeiras-do-itaim-cumpre-metas-do-selo-unicef-e-marca-avanco-historico-no-primeiro-ano-da-gestao-marciano-macedo\/"},"author":{"name":"Reda\u00e7\u00e3o","@id":"https:\/\/noticiaempauta.com\/portal\/#\/schema\/person\/a74af43dd1ab3deca45f988c717d57ac"},"headline":"Aroeiras do Itaim cumpre metas do Selo UNICEF e marca avan\u00e7o hist\u00f3rico no primeiro ano da gest\u00e3o Marciano Mac\u00eado","datePublished":"2025-12-30T18:55:21+00:00","dateModified":"2025-12-30T18:55:22+00:00","mainEntityOfPage":{"@id":"https:\/\/noticiaempauta.com\/portal\/aroeiras-do-itaim-cumpre-metas-do-selo-unicef-e-marca-avanco-historico-no-primeiro-ano-da-gestao-marciano-macedo\/"},"wordCount":392,"commentCount":0,"publisher":{"@id":"https:\/\/noticiaempauta.com\/portal\/#organization"},"image":{"@id":"https:\/\/noticiaempauta.com\/portal\/aroeiras-do-itaim-cumpre-metas-do-selo-unicef-e-marca-avanco-historico-no-primeiro-ano-da-gestao-marciano-macedo\/#primaryimage"},"thumbnailUrl":"https:\/\/noticiaempauta.com\/portal\/wp-content\/uploads\/2025\/12\/marcianosdd.jpg","articleSection":["Destaques","Geral","Munic\u00edpios","Todas as Not\u00edcias"],"inLanguage":"pt-BR","potentialAction":[{"@type":"CommentAction","name":"Comment","target":["https:\/\/noticiaempauta.com\/portal\/aroeiras-do-itaim-cumpre-metas-do-selo-unicef-e-marca-avanco-historico-no-primeiro-ano-da-gestao-marciano-macedo\/#respond"]}]},{"@type":"WebPage","@id":"https:\/\/noticiaempauta.com\/portal\/aroeiras-do-itaim-cumpre-metas-do-selo-unicef-e-marca-avanco-historico-no-primeiro-ano-da-gestao-marciano-macedo\/","url":"https:\/\/noticiaempauta.com\/portal\/aroeiras-do-itaim-cumpre-metas-do-selo-unicef-e-marca-avanco-historico-no-primeiro-ano-da-gestao-marciano-macedo\/","name":"Aroeiras do Itaim cumpre metas do Selo UNICEF e marca avan\u00e7o hist\u00f3rico no primeiro ano da gest\u00e3o Marciano Mac\u00eado - Portal Not\u00edcia em Pauta","isPartOf":{"@id":"https:\/\/noticiaempauta.com\/portal\/#website"},"primaryImageOfPage":{"@id":"https:\/\/noticiaempauta.com\/portal\/aroeiras-do-itaim-cumpre-metas-do-selo-unicef-e-marca-avanco-historico-no-primeiro-ano-da-gestao-marciano-macedo\/#primaryimage"},"image":{"@id":"https:\/\/noticiaempauta.com\/portal\/aroeiras-do-itaim-cumpre-metas-do-selo-unicef-e-marca-avanco-historico-no-primeiro-ano-da-gestao-marciano-macedo\/#primaryimage"},"thumbnailUrl":"https:\/\/noticiaempauta.com\/portal\/wp-content\/uploads\/2025\/12\/marcianosdd.jpg","datePublished":"2025-12-30T18:55:21+00:00","dateModified":"2025-12-30T18:55:22+00:00","breadcrumb":{"@id":"https:\/\/noticiaempauta.com\/portal\/aroeiras-do-itaim-cumpre-metas-do-selo-unicef-e-marca-avanco-historico-no-primeiro-ano-da-gestao-marciano-macedo\/#breadcrumb"},"inLanguage":"pt-BR","potentialAction":[{"@type":"ReadAction","target":["https:\/\/noticiaempauta.com\/portal\/aroeiras-do-itaim-cumpre-metas-do-selo-unicef-e-marca-avanco-historico-no-primeiro-ano-da-gestao-marciano-macedo\/"]}]},{"@type":"ImageObject","inLanguage":"pt-BR","@id":"https:\/\/noticiaempauta.com\/portal\/aroeiras-do-itaim-cumpre-metas-do-selo-unicef-e-marca-avanco-historico-no-primeiro-ano-da-gestao-marciano-macedo\/#primaryimage","url":"https:\/\/noticiaempauta.com\/portal\/wp-content\/uploads\/2025\/12\/marcianosdd.jpg","contentUrl":"https:\/\/noticiaempauta.com\/portal\/wp-content\/uploads\/2025\/12\/marcianosdd.jpg","width":1200,"height":800},{"@type":"BreadcrumbList","@id":"https:\/\/noticiaempauta.com\/portal\/aroeiras-do-itaim-cumpre-metas-do-selo-unicef-e-marca-avanco-historico-no-primeiro-ano-da-gestao-marciano-macedo\/#breadcrumb","itemListElement":[{"@type":"ListItem","position":1,"name":"P\u00e1gina Inicial","item":"https:\/\/noticiaempauta.com\/portal\/"},{"@type":"ListItem","position":2,"name":"Destaques","item":"https:\/\/noticiaempauta.com\/portal\/destaques-site\/"},{"@type":"ListItem","position":3,"name":"Aroeiras do Itaim cumpre metas do Selo UNICEF e marca avan\u00e7o hist\u00f3rico no primeiro ano da gest\u00e3o Marciano Mac\u00eado"}]},{"@type":"WebSite","@id":"https:\/\/noticiaempauta.com\/portal\/#website","url":"https:\/\/noticiaempauta.com\/portal\/","name":"Portal Not\u00edcia em Pauta","description":"Voc\u00ea bem informado","publisher":{"@id":"https:\/\/noticiaempauta.com\/portal\/#organization"},"potentialAction":[{"@type":"SearchAction","target":{"@type":"EntryPoint","urlTemplate":"https:\/\/noticiaempauta.com\/portal\/?s={search_term_string}"},"query-input":{"@type":"PropertyValueSpecification","valueRequired":true,"valueName":"search_term_string"}}],"inLanguage":"pt-BR"},{"@type":"Organization","@id":"https:\/\/noticiaempauta.com\/portal\/#organization","name":"Portal Not\u00edcia em Pauta","url":"https:\/\/noticiaempauta.com\/portal\/","logo":{"@type":"ImageObject","inLanguage":"pt-BR","@id":"https:\/\/noticiaempauta.com\/portal\/#\/schema\/logo\/image\/","url":"https:\/\/noticiaempauta.com\/portal\/wp-content\/uploads\/2022\/08\/logomarca_tema.fw_.png","contentUrl":"https:\/\/noticiaempauta.com\/portal\/wp-content\/uploads\/2022\/08\/logomarca_tema.fw_.png","width":400,"height":232,"caption":"Portal Not\u00edcia em Pauta"},"image":{"@id":"https:\/\/noticiaempauta.com\/portal\/#\/schema\/logo\/image\/"},"sameAs":["https:\/\/www.facebook.com\/Portal-Notcia-Em-Pauta-102292869264820\/","https:\/\/www.instagram.com\/portalnoticiaempauta\/"]},{"@type":"Person","@id":"https:\/\/noticiaempauta.com\/portal\/#\/schema\/person\/a74af43dd1ab3deca45f988c717d57ac","name":"Reda\u00e7\u00e3o","image":{"@type":"ImageObject","inLanguage":"pt-BR","@id":"https:\/\/noticiaempauta.com\/portal\/#\/schema\/person\/image\/","url":"https:\/\/secure.gravatar.com\/avatar\/03179346ecce6cdfc13361603e8f54242a90e5cde8618fa23c5c00aa2b0aadf3?s=96&d=mm&r=g","contentUrl":"https:\/\/secure.gravatar.com\/avatar\/03179346ecce6cdfc13361603e8f54242a90e5cde8618fa23c5c00aa2b0aadf3?s=96&d=mm&r=g","caption":"Reda\u00e7\u00e3o"},"sameAs":["https:\/\/noticiaempauta.com\/portal\/"],"url":"https:\/\/noticiaempauta.com\/portal\/author\/fernando\/"}]}},"_links":{"self":[{"href":"https:\/\/noticiaempauta.com\/portal\/wp-json\/wp\/v2\/posts\/283289","targetHints":{"allow":["GET"]}}],"collection":[{"href":"https:\/\/noticiaempauta.com\/portal\/wp-json\/wp\/v2\/posts"}],"about":[{"href":"https:\/\/noticiaempauta.com\/portal\/wp-json\/wp\/v2\/types\/post"}],"author":[{"embeddable":true,"href":"https:\/\/noticiaempauta.com\/portal\/wp-json\/wp\/v2\/users\/2"}],"replies":[{"embeddable":true,"href":"https:\/\/noticiaempauta.com\/portal\/wp-json\/wp\/v2\/comments?post=283289"}],"version-history":[{"count":2,"href":"https:\/\/noticiaempauta.com\/portal\/wp-json\/wp\/v2\/posts\/283289\/revisions"}],"predecessor-version":[{"id":283297,"href":"https:\/\/noticiaempauta.com\/portal\/wp-json\/wp\/v2\/posts\/283289\/revisions\/283297"}],"wp:featuredmedia":[{"embeddable":true,"href":"https:\/\/noticiaempauta.com\/portal\/wp-json\/wp\/v2\/media\/283290"}],"wp:attachment":[{"href":"https:\/\/noticiaempauta.com\/portal\/wp-json\/wp\/v2\/media?parent=283289"}],"wp:term":[{"taxonomy":"category","embeddable":true,"href":"https:\/\/noticiaempauta.com\/portal\/wp-json\/wp\/v2\/categories?post=283289"},{"taxonomy":"post_tag","embeddable":true,"href":"https:\/\/noticiaempauta.com\/portal\/wp-json\/wp\/v2\/tags?post=283289"}],"curies":[{"name":"wp","href":"https:\/\/api.w.org\/{rel}","templated":true}]}}