{"id":283672,"date":"2026-01-05T10:07:41","date_gmt":"2026-01-05T13:07:41","guid":{"rendered":"https:\/\/noticiaempauta.com\/portal\/?p=283672"},"modified":"2026-01-05T10:07:42","modified_gmt":"2026-01-05T13:07:42","slug":"governo-reforca-efetivo-da-policia-penal-do-piaui-com-207-novos-agentes-empossados-e-214-em-formacao","status":"publish","type":"post","link":"https:\/\/noticiaempauta.com\/portal\/governo-reforca-efetivo-da-policia-penal-do-piaui-com-207-novos-agentes-empossados-e-214-em-formacao\/","title":{"rendered":"Governo refor\u00e7a efetivo da Pol\u00edcia Penal do Piau\u00ed com 207 novos agentes empossados e 214 em forma\u00e7\u00e3o"},"content":{"rendered":"\n<p>A Secretaria da Justi\u00e7a do Piau\u00ed (Sejus) est\u00e1 promovendo o maior refor\u00e7o de efetivo j\u00e1 realizado na hist\u00f3ria da Pol\u00edcia Penal do Estado. Pela primeira vez, o Piau\u00ed recebe um aumento t\u00e3o expressivo no quadro de policiais penais, resultado direto do maior concurso p\u00fablico j\u00e1 lan\u00e7ado pela institui\u00e7\u00e3o. Com a conclus\u00e3o da primeira turma, que formou 207 novos policiais penais, e o in\u00edcio de um novo curso de forma\u00e7\u00e3o com 214 alunos, o estado vive uma fase decisiva de moderniza\u00e7\u00e3o e fortalecimento da seguran\u00e7a penitenci\u00e1ria.<\/p>\n\n\n\n<figure class=\"wp-block-image size-large\"><img fetchpriority=\"high\" decoding=\"async\" width=\"1024\" height=\"682\" src=\"https:\/\/noticiaempauta.com\/portal\/wp-content\/uploads\/2026\/01\/2-2-1024x682.webp\" alt=\"\" class=\"wp-image-283673\" srcset=\"https:\/\/noticiaempauta.com\/portal\/wp-content\/uploads\/2026\/01\/2-2-1024x682.webp 1024w, https:\/\/noticiaempauta.com\/portal\/wp-content\/uploads\/2026\/01\/2-2-300x200.webp 300w, https:\/\/noticiaempauta.com\/portal\/wp-content\/uploads\/2026\/01\/2-2-768x512.webp 768w, https:\/\/noticiaempauta.com\/portal\/wp-content\/uploads\/2026\/01\/2-2-1536x1024.webp 1536w, https:\/\/noticiaempauta.com\/portal\/wp-content\/uploads\/2026\/01\/2-2-2048x1365.webp 2048w\" sizes=\"(max-width: 1024px) 100vw, 1024px\" \/><figcaption class=\"wp-element-caption\"><em>Foto: Ascom Sejus<\/em><\/figcaption><\/figure>\n\n\n\n<p>A primeira etapa do concurso culminou na posse de 207 policiais penais em abril de 2025, que agora comp\u00f5em o efetivo da Sejus em diversas unidades prisionais da capital e do interior. Esta \u00e9 a maior turma de formandos da hist\u00f3ria da Pol\u00edcia Penal do Piau\u00ed, e marca um avan\u00e7o significativo na reestrutura\u00e7\u00e3o do sistema penitenci\u00e1rio.<\/p>\n\n\n\n<p>Os novos policiais est\u00e3o atuando em diversas \u00e1reas, como vigil\u00e2ncia interna e externa das unidades, controle de acesso, escoltas, opera\u00e7\u00f5es t\u00e1ticas, fiscaliza\u00e7\u00e3o de monitoramento eletr\u00f4nico, a\u00e7\u00f5es integradas com outras for\u00e7as de seguran\u00e7a. De acordo com o secret\u00e1rio da Justi\u00e7a, a mudan\u00e7a refor\u00e7a o compromisso do Governo do Estado em garantir mais seguran\u00e7a, profissionalismo e organiza\u00e7\u00e3o ao sistema penitenci\u00e1rio piauiense.<\/p>\n\n\n\n<p>\u201cEste aumento hist\u00f3rico do efetivo da Pol\u00edcia Penal s\u00f3 foi poss\u00edvel gra\u00e7as ao compromisso do governador Rafael Fonteles, que tem dado total apoio \u00e0 moderniza\u00e7\u00e3o do nosso sistema penitenci\u00e1rio. Com mais profissionais e mais estrutura, fortalecemos as unidades prisionais, ampliamos as opera\u00e7\u00f5es e garantimos um sistema mais eficiente e humano. Agrade\u00e7o ao governador pelo empenho e por acreditar neste projeto\u201d, exalta o secret\u00e1rio da Justi\u00e7a, Coronel Carlos Augusto.<\/p>\n\n\n\n<figure class=\"wp-block-image size-large\"><img decoding=\"async\" width=\"1024\" height=\"683\" src=\"https:\/\/noticiaempauta.com\/portal\/wp-content\/uploads\/2026\/01\/1-1-1024x683.webp\" alt=\"\" class=\"wp-image-283674\" srcset=\"https:\/\/noticiaempauta.com\/portal\/wp-content\/uploads\/2026\/01\/1-1-1024x683.webp 1024w, https:\/\/noticiaempauta.com\/portal\/wp-content\/uploads\/2026\/01\/1-1-300x200.webp 300w, https:\/\/noticiaempauta.com\/portal\/wp-content\/uploads\/2026\/01\/1-1-768x512.webp 768w, https:\/\/noticiaempauta.com\/portal\/wp-content\/uploads\/2026\/01\/1-1.webp 1536w\" sizes=\"(max-width: 1024px) 100vw, 1024px\" \/><figcaption class=\"wp-element-caption\"><em>Foto: Ascom Sejus<\/em><\/figcaption><\/figure>\n\n\n\n<p>Em dezembro de 2025 a Secretaria da Justi\u00e7a do Piau\u00ed iniciou um novo ciclo de capacita\u00e7\u00e3o com 214 alunos no curso de forma\u00e7\u00e3o da Pol\u00edcia Penal com posse prevista para abril de 2026.<\/p>\n\n\n\n<p>Durante o curso, os alunos recebem forma\u00e7\u00e3o t\u00e9cnica e pr\u00e1tica em legisla\u00e7\u00e3o penal e de execu\u00e7\u00e3o penal, armamento e tiro, t\u00e9cnicas de interven\u00e7\u00e3o prisional, gerenciamento de crises, escoltas de alto risco, atua\u00e7\u00e3o t\u00e1tica, direitos humanos, intelig\u00eancia penitenci\u00e1ria e monitoramento eletr\u00f4nico.<\/p>\n\n\n\n<p>A Sejus destaca que o aumento do efetivo j\u00e1 produz reflexos imediatos e positivos em todo o sistema penitenci\u00e1rio e enfatiza que, com mais policiais penais em atua\u00e7\u00e3o, h\u00e1 um crescimento significativo na seguran\u00e7a das unidades prisionais, garantindo maior controle interno, melhor organiza\u00e7\u00e3o das escalas e mais agilidade no atendimento das demandas di\u00e1rias.<\/p>\n\n\n\n<p>Esse refor\u00e7o tamb\u00e9m se reflete nas opera\u00e7\u00f5es externas e na fiscaliza\u00e7\u00e3o do monitoramento eletr\u00f4nico, ampliando a capacidade de acompanhamento de tornozeleiras, rondas e a\u00e7\u00f5es preventivas nas ruas. Al\u00e9m disso, as for\u00e7as especializadas, como o Grupo T\u00e1tico Prisional (GTP) e o Comando de Opera\u00e7\u00f5es Prisionais (COP), recebem suporte adicional para atuar em situa\u00e7\u00f5es de maior complexidade e risco.<\/p>\n\n\n\n<p>Para a Sejus, o conjunto de avan\u00e7os contribui diretamente para a moderniza\u00e7\u00e3o da execu\u00e7\u00e3o penal, permitindo expandir projetos de ressocializa\u00e7\u00e3o, fortalecer o atendimento social e integrar, de forma mais eficiente, as a\u00e7\u00f5es conjuntas com o Poder Judici\u00e1rio. A amplia\u00e7\u00e3o do efetivo fortalece n\u00e3o apenas a seguran\u00e7a interna das unidades, mas tamb\u00e9m toda a estrutura de intelig\u00eancia, monitoramento, opera\u00e7\u00f5es e fiscaliza\u00e7\u00e3o da Pol\u00edcia Penal.<\/p>\n\n\n\n<p>Fonte: Governo do Piau\u00ed<\/p>\n","protected":false},"excerpt":{"rendered":"<p>A Secretaria da Justi\u00e7a do Piau\u00ed (Sejus) est\u00e1 promovendo o maior refor\u00e7o de efetivo j\u00e1 realizado na hist\u00f3ria da Pol\u00edcia Penal do Estado. Pela primeira vez, o Piau\u00ed recebe um aumento t\u00e3o expressivo no quadro de policiais penais, resultado direto do maior concurso p\u00fablico j\u00e1 lan\u00e7ado pela institui\u00e7\u00e3o. Com a conclus\u00e3o da primeira turma, que [&hellip;]<\/p>\n","protected":false},"author":2,"featured_media":283673,"comment_status":"closed","ping_status":"closed","sticky":false,"template":"","format":"standard","meta":{"_mi_skip_tracking":false,"footnotes":""},"categories":[25,1,137,16],"tags":[192],"class_list":["post-283672","post","type-post","status-publish","format-standard","has-post-thumbnail","hentry","category-destaques-site","category-geral","category-policia","category-todas","tag-destaqueprincipal"],"acf":[],"yoast_head":"<!-- This site is optimized with the Yoast SEO Premium plugin v19.2 (Yoast SEO v26.9) - https:\/\/yoast.com\/product\/yoast-seo-premium-wordpress\/ -->\n<title>Governo refor\u00e7a efetivo da Pol\u00edcia Penal do Piau\u00ed com 207 novos agentes empossados e 214 em forma\u00e7\u00e3o - Portal Not\u00edcia em Pauta<\/title>\n<meta name=\"robots\" content=\"index, follow, max-snippet:-1, max-image-preview:large, max-video-preview:-1\" \/>\n<link rel=\"canonical\" href=\"https:\/\/noticiaempauta.com\/portal\/governo-reforca-efetivo-da-policia-penal-do-piaui-com-207-novos-agentes-empossados-e-214-em-formacao\/\" \/>\n<meta property=\"og:locale\" content=\"pt_BR\" \/>\n<meta property=\"og:type\" content=\"article\" \/>\n<meta property=\"og:title\" content=\"Governo refor\u00e7a efetivo da Pol\u00edcia Penal do Piau\u00ed com 207 novos agentes empossados e 214 em forma\u00e7\u00e3o\" \/>\n<meta property=\"og:description\" content=\"A Secretaria da Justi\u00e7a do Piau\u00ed (Sejus) est\u00e1 promovendo o maior refor\u00e7o de efetivo j\u00e1 realizado na hist\u00f3ria da Pol\u00edcia Penal do Estado. Pela primeira vez, o Piau\u00ed recebe um aumento t\u00e3o expressivo no quadro de policiais penais, resultado direto do maior concurso p\u00fablico j\u00e1 lan\u00e7ado pela institui\u00e7\u00e3o. Com a conclus\u00e3o da primeira turma, que [&hellip;]\" \/>\n<meta property=\"og:url\" content=\"https:\/\/noticiaempauta.com\/portal\/governo-reforca-efetivo-da-policia-penal-do-piaui-com-207-novos-agentes-empossados-e-214-em-formacao\/\" \/>\n<meta property=\"og:site_name\" content=\"Portal Not\u00edcia em Pauta\" \/>\n<meta property=\"article:publisher\" content=\"https:\/\/www.facebook.com\/Portal-Notcia-Em-Pauta-102292869264820\/\" \/>\n<meta property=\"article:published_time\" content=\"2026-01-05T13:07:41+00:00\" \/>\n<meta property=\"article:modified_time\" content=\"2026-01-05T13:07:42+00:00\" \/>\n<meta property=\"og:image\" content=\"https:\/\/noticiaempauta.com\/portal\/wp-content\/uploads\/2026\/01\/2-2.webp\" \/>\n\t<meta property=\"og:image:width\" content=\"2560\" \/>\n\t<meta property=\"og:image:height\" content=\"1706\" \/>\n\t<meta property=\"og:image:type\" content=\"image\/webp\" \/>\n<meta name=\"author\" content=\"Reda\u00e7\u00e3o\" \/>\n<meta name=\"twitter:card\" content=\"summary_large_image\" \/>\n<meta name=\"twitter:label1\" content=\"Escrito por\" \/>\n\t<meta name=\"twitter:data1\" content=\"Reda\u00e7\u00e3o\" \/>\n\t<meta name=\"twitter:label2\" content=\"Est. tempo de leitura\" \/>\n\t<meta name=\"twitter:data2\" content=\"4 minutos\" \/>\n<script type=\"application\/ld+json\" class=\"yoast-schema-graph\">{\"@context\":\"https:\/\/schema.org\",\"@graph\":[{\"@type\":\"Article\",\"@id\":\"https:\/\/noticiaempauta.com\/portal\/governo-reforca-efetivo-da-policia-penal-do-piaui-com-207-novos-agentes-empossados-e-214-em-formacao\/#article\",\"isPartOf\":{\"@id\":\"https:\/\/noticiaempauta.com\/portal\/governo-reforca-efetivo-da-policia-penal-do-piaui-com-207-novos-agentes-empossados-e-214-em-formacao\/\"},\"author\":{\"name\":\"Reda\u00e7\u00e3o\",\"@id\":\"https:\/\/noticiaempauta.com\/portal\/#\/schema\/person\/a74af43dd1ab3deca45f988c717d57ac\"},\"headline\":\"Governo refor\u00e7a efetivo da Pol\u00edcia Penal do Piau\u00ed com 207 novos agentes empossados e 214 em forma\u00e7\u00e3o\",\"datePublished\":\"2026-01-05T13:07:41+00:00\",\"dateModified\":\"2026-01-05T13:07:42+00:00\",\"mainEntityOfPage\":{\"@id\":\"https:\/\/noticiaempauta.com\/portal\/governo-reforca-efetivo-da-policia-penal-do-piaui-com-207-novos-agentes-empossados-e-214-em-formacao\/\"},\"wordCount\":625,\"publisher\":{\"@id\":\"https:\/\/noticiaempauta.com\/portal\/#organization\"},\"image\":{\"@id\":\"https:\/\/noticiaempauta.com\/portal\/governo-reforca-efetivo-da-policia-penal-do-piaui-com-207-novos-agentes-empossados-e-214-em-formacao\/#primaryimage\"},\"thumbnailUrl\":\"https:\/\/noticiaempauta.com\/portal\/wp-content\/uploads\/2026\/01\/2-2.webp\",\"keywords\":[\"destaqueprincipal\"],\"articleSection\":[\"Destaques\",\"Geral\",\"Pol\u00edcia\",\"Todas as Not\u00edcias\"],\"inLanguage\":\"pt-BR\"},{\"@type\":\"WebPage\",\"@id\":\"https:\/\/noticiaempauta.com\/portal\/governo-reforca-efetivo-da-policia-penal-do-piaui-com-207-novos-agentes-empossados-e-214-em-formacao\/\",\"url\":\"https:\/\/noticiaempauta.com\/portal\/governo-reforca-efetivo-da-policia-penal-do-piaui-com-207-novos-agentes-empossados-e-214-em-formacao\/\",\"name\":\"Governo refor\u00e7a efetivo da Pol\u00edcia Penal do Piau\u00ed com 207 novos agentes empossados e 214 em forma\u00e7\u00e3o - Portal Not\u00edcia em Pauta\",\"isPartOf\":{\"@id\":\"https:\/\/noticiaempauta.com\/portal\/#website\"},\"primaryImageOfPage\":{\"@id\":\"https:\/\/noticiaempauta.com\/portal\/governo-reforca-efetivo-da-policia-penal-do-piaui-com-207-novos-agentes-empossados-e-214-em-formacao\/#primaryimage\"},\"image\":{\"@id\":\"https:\/\/noticiaempauta.com\/portal\/governo-reforca-efetivo-da-policia-penal-do-piaui-com-207-novos-agentes-empossados-e-214-em-formacao\/#primaryimage\"},\"thumbnailUrl\":\"https:\/\/noticiaempauta.com\/portal\/wp-content\/uploads\/2026\/01\/2-2.webp\",\"datePublished\":\"2026-01-05T13:07:41+00:00\",\"dateModified\":\"2026-01-05T13:07:42+00:00\",\"breadcrumb\":{\"@id\":\"https:\/\/noticiaempauta.com\/portal\/governo-reforca-efetivo-da-policia-penal-do-piaui-com-207-novos-agentes-empossados-e-214-em-formacao\/#breadcrumb\"},\"inLanguage\":\"pt-BR\",\"potentialAction\":[{\"@type\":\"ReadAction\",\"target\":[\"https:\/\/noticiaempauta.com\/portal\/governo-reforca-efetivo-da-policia-penal-do-piaui-com-207-novos-agentes-empossados-e-214-em-formacao\/\"]}]},{\"@type\":\"ImageObject\",\"inLanguage\":\"pt-BR\",\"@id\":\"https:\/\/noticiaempauta.com\/portal\/governo-reforca-efetivo-da-policia-penal-do-piaui-com-207-novos-agentes-empossados-e-214-em-formacao\/#primaryimage\",\"url\":\"https:\/\/noticiaempauta.com\/portal\/wp-content\/uploads\/2026\/01\/2-2.webp\",\"contentUrl\":\"https:\/\/noticiaempauta.com\/portal\/wp-content\/uploads\/2026\/01\/2-2.webp\",\"width\":2560,\"height\":1706},{\"@type\":\"BreadcrumbList\",\"@id\":\"https:\/\/noticiaempauta.com\/portal\/governo-reforca-efetivo-da-policia-penal-do-piaui-com-207-novos-agentes-empossados-e-214-em-formacao\/#breadcrumb\",\"itemListElement\":[{\"@type\":\"ListItem\",\"position\":1,\"name\":\"P\u00e1gina Inicial\",\"item\":\"https:\/\/noticiaempauta.com\/portal\/\"},{\"@type\":\"ListItem\",\"position\":2,\"name\":\"Destaques\",\"item\":\"https:\/\/noticiaempauta.com\/portal\/destaques-site\/\"},{\"@type\":\"ListItem\",\"position\":3,\"name\":\"Governo refor\u00e7a efetivo da Pol\u00edcia Penal do Piau\u00ed com 207 novos agentes empossados e 214 em forma\u00e7\u00e3o\"}]},{\"@type\":\"WebSite\",\"@id\":\"https:\/\/noticiaempauta.com\/portal\/#website\",\"url\":\"https:\/\/noticiaempauta.com\/portal\/\",\"name\":\"Portal Not\u00edcia em Pauta\",\"description\":\"Voc\u00ea bem informado\",\"publisher\":{\"@id\":\"https:\/\/noticiaempauta.com\/portal\/#organization\"},\"potentialAction\":[{\"@type\":\"SearchAction\",\"target\":{\"@type\":\"EntryPoint\",\"urlTemplate\":\"https:\/\/noticiaempauta.com\/portal\/?s={search_term_string}\"},\"query-input\":{\"@type\":\"PropertyValueSpecification\",\"valueRequired\":true,\"valueName\":\"search_term_string\"}}],\"inLanguage\":\"pt-BR\"},{\"@type\":\"Organization\",\"@id\":\"https:\/\/noticiaempauta.com\/portal\/#organization\",\"name\":\"Portal Not\u00edcia em Pauta\",\"url\":\"https:\/\/noticiaempauta.com\/portal\/\",\"logo\":{\"@type\":\"ImageObject\",\"inLanguage\":\"pt-BR\",\"@id\":\"https:\/\/noticiaempauta.com\/portal\/#\/schema\/logo\/image\/\",\"url\":\"https:\/\/noticiaempauta.com\/portal\/wp-content\/uploads\/2022\/08\/logomarca_tema.fw_.png\",\"contentUrl\":\"https:\/\/noticiaempauta.com\/portal\/wp-content\/uploads\/2022\/08\/logomarca_tema.fw_.png\",\"width\":400,\"height\":232,\"caption\":\"Portal Not\u00edcia em Pauta\"},\"image\":{\"@id\":\"https:\/\/noticiaempauta.com\/portal\/#\/schema\/logo\/image\/\"},\"sameAs\":[\"https:\/\/www.facebook.com\/Portal-Notcia-Em-Pauta-102292869264820\/\",\"https:\/\/www.instagram.com\/portalnoticiaempauta\/\"]},{\"@type\":\"Person\",\"@id\":\"https:\/\/noticiaempauta.com\/portal\/#\/schema\/person\/a74af43dd1ab3deca45f988c717d57ac\",\"name\":\"Reda\u00e7\u00e3o\",\"image\":{\"@type\":\"ImageObject\",\"inLanguage\":\"pt-BR\",\"@id\":\"https:\/\/noticiaempauta.com\/portal\/#\/schema\/person\/image\/\",\"url\":\"https:\/\/secure.gravatar.com\/avatar\/03179346ecce6cdfc13361603e8f54242a90e5cde8618fa23c5c00aa2b0aadf3?s=96&d=mm&r=g\",\"contentUrl\":\"https:\/\/secure.gravatar.com\/avatar\/03179346ecce6cdfc13361603e8f54242a90e5cde8618fa23c5c00aa2b0aadf3?s=96&d=mm&r=g\",\"caption\":\"Reda\u00e7\u00e3o\"},\"sameAs\":[\"https:\/\/noticiaempauta.com\/portal\/\"],\"url\":\"https:\/\/noticiaempauta.com\/portal\/author\/fernando\/\"}]}<\/script>\n<!-- \/ Yoast SEO Premium plugin. -->","yoast_head_json":{"title":"Governo refor\u00e7a efetivo da Pol\u00edcia Penal do Piau\u00ed com 207 novos agentes empossados e 214 em forma\u00e7\u00e3o - Portal Not\u00edcia em Pauta","robots":{"index":"index","follow":"follow","max-snippet":"max-snippet:-1","max-image-preview":"max-image-preview:large","max-video-preview":"max-video-preview:-1"},"canonical":"https:\/\/noticiaempauta.com\/portal\/governo-reforca-efetivo-da-policia-penal-do-piaui-com-207-novos-agentes-empossados-e-214-em-formacao\/","og_locale":"pt_BR","og_type":"article","og_title":"Governo refor\u00e7a efetivo da Pol\u00edcia Penal do Piau\u00ed com 207 novos agentes empossados e 214 em forma\u00e7\u00e3o","og_description":"A Secretaria da Justi\u00e7a do Piau\u00ed (Sejus) est\u00e1 promovendo o maior refor\u00e7o de efetivo j\u00e1 realizado na hist\u00f3ria da Pol\u00edcia Penal do Estado. Pela primeira vez, o Piau\u00ed recebe um aumento t\u00e3o expressivo no quadro de policiais penais, resultado direto do maior concurso p\u00fablico j\u00e1 lan\u00e7ado pela institui\u00e7\u00e3o. Com a conclus\u00e3o da primeira turma, que [&hellip;]","og_url":"https:\/\/noticiaempauta.com\/portal\/governo-reforca-efetivo-da-policia-penal-do-piaui-com-207-novos-agentes-empossados-e-214-em-formacao\/","og_site_name":"Portal Not\u00edcia em Pauta","article_publisher":"https:\/\/www.facebook.com\/Portal-Notcia-Em-Pauta-102292869264820\/","article_published_time":"2026-01-05T13:07:41+00:00","article_modified_time":"2026-01-05T13:07:42+00:00","og_image":[{"width":2560,"height":1706,"url":"https:\/\/noticiaempauta.com\/portal\/wp-content\/uploads\/2026\/01\/2-2.webp","type":"image\/webp"}],"author":"Reda\u00e7\u00e3o","twitter_card":"summary_large_image","twitter_misc":{"Escrito por":"Reda\u00e7\u00e3o","Est. tempo de leitura":"4 minutos"},"schema":{"@context":"https:\/\/schema.org","@graph":[{"@type":"Article","@id":"https:\/\/noticiaempauta.com\/portal\/governo-reforca-efetivo-da-policia-penal-do-piaui-com-207-novos-agentes-empossados-e-214-em-formacao\/#article","isPartOf":{"@id":"https:\/\/noticiaempauta.com\/portal\/governo-reforca-efetivo-da-policia-penal-do-piaui-com-207-novos-agentes-empossados-e-214-em-formacao\/"},"author":{"name":"Reda\u00e7\u00e3o","@id":"https:\/\/noticiaempauta.com\/portal\/#\/schema\/person\/a74af43dd1ab3deca45f988c717d57ac"},"headline":"Governo refor\u00e7a efetivo da Pol\u00edcia Penal do Piau\u00ed com 207 novos agentes empossados e 214 em forma\u00e7\u00e3o","datePublished":"2026-01-05T13:07:41+00:00","dateModified":"2026-01-05T13:07:42+00:00","mainEntityOfPage":{"@id":"https:\/\/noticiaempauta.com\/portal\/governo-reforca-efetivo-da-policia-penal-do-piaui-com-207-novos-agentes-empossados-e-214-em-formacao\/"},"wordCount":625,"publisher":{"@id":"https:\/\/noticiaempauta.com\/portal\/#organization"},"image":{"@id":"https:\/\/noticiaempauta.com\/portal\/governo-reforca-efetivo-da-policia-penal-do-piaui-com-207-novos-agentes-empossados-e-214-em-formacao\/#primaryimage"},"thumbnailUrl":"https:\/\/noticiaempauta.com\/portal\/wp-content\/uploads\/2026\/01\/2-2.webp","keywords":["destaqueprincipal"],"articleSection":["Destaques","Geral","Pol\u00edcia","Todas as Not\u00edcias"],"inLanguage":"pt-BR"},{"@type":"WebPage","@id":"https:\/\/noticiaempauta.com\/portal\/governo-reforca-efetivo-da-policia-penal-do-piaui-com-207-novos-agentes-empossados-e-214-em-formacao\/","url":"https:\/\/noticiaempauta.com\/portal\/governo-reforca-efetivo-da-policia-penal-do-piaui-com-207-novos-agentes-empossados-e-214-em-formacao\/","name":"Governo refor\u00e7a efetivo da Pol\u00edcia Penal do Piau\u00ed com 207 novos agentes empossados e 214 em forma\u00e7\u00e3o - Portal Not\u00edcia em Pauta","isPartOf":{"@id":"https:\/\/noticiaempauta.com\/portal\/#website"},"primaryImageOfPage":{"@id":"https:\/\/noticiaempauta.com\/portal\/governo-reforca-efetivo-da-policia-penal-do-piaui-com-207-novos-agentes-empossados-e-214-em-formacao\/#primaryimage"},"image":{"@id":"https:\/\/noticiaempauta.com\/portal\/governo-reforca-efetivo-da-policia-penal-do-piaui-com-207-novos-agentes-empossados-e-214-em-formacao\/#primaryimage"},"thumbnailUrl":"https:\/\/noticiaempauta.com\/portal\/wp-content\/uploads\/2026\/01\/2-2.webp","datePublished":"2026-01-05T13:07:41+00:00","dateModified":"2026-01-05T13:07:42+00:00","breadcrumb":{"@id":"https:\/\/noticiaempauta.com\/portal\/governo-reforca-efetivo-da-policia-penal-do-piaui-com-207-novos-agentes-empossados-e-214-em-formacao\/#breadcrumb"},"inLanguage":"pt-BR","potentialAction":[{"@type":"ReadAction","target":["https:\/\/noticiaempauta.com\/portal\/governo-reforca-efetivo-da-policia-penal-do-piaui-com-207-novos-agentes-empossados-e-214-em-formacao\/"]}]},{"@type":"ImageObject","inLanguage":"pt-BR","@id":"https:\/\/noticiaempauta.com\/portal\/governo-reforca-efetivo-da-policia-penal-do-piaui-com-207-novos-agentes-empossados-e-214-em-formacao\/#primaryimage","url":"https:\/\/noticiaempauta.com\/portal\/wp-content\/uploads\/2026\/01\/2-2.webp","contentUrl":"https:\/\/noticiaempauta.com\/portal\/wp-content\/uploads\/2026\/01\/2-2.webp","width":2560,"height":1706},{"@type":"BreadcrumbList","@id":"https:\/\/noticiaempauta.com\/portal\/governo-reforca-efetivo-da-policia-penal-do-piaui-com-207-novos-agentes-empossados-e-214-em-formacao\/#breadcrumb","itemListElement":[{"@type":"ListItem","position":1,"name":"P\u00e1gina Inicial","item":"https:\/\/noticiaempauta.com\/portal\/"},{"@type":"ListItem","position":2,"name":"Destaques","item":"https:\/\/noticiaempauta.com\/portal\/destaques-site\/"},{"@type":"ListItem","position":3,"name":"Governo refor\u00e7a efetivo da Pol\u00edcia Penal do Piau\u00ed com 207 novos agentes empossados e 214 em forma\u00e7\u00e3o"}]},{"@type":"WebSite","@id":"https:\/\/noticiaempauta.com\/portal\/#website","url":"https:\/\/noticiaempauta.com\/portal\/","name":"Portal Not\u00edcia em Pauta","description":"Voc\u00ea bem informado","publisher":{"@id":"https:\/\/noticiaempauta.com\/portal\/#organization"},"potentialAction":[{"@type":"SearchAction","target":{"@type":"EntryPoint","urlTemplate":"https:\/\/noticiaempauta.com\/portal\/?s={search_term_string}"},"query-input":{"@type":"PropertyValueSpecification","valueRequired":true,"valueName":"search_term_string"}}],"inLanguage":"pt-BR"},{"@type":"Organization","@id":"https:\/\/noticiaempauta.com\/portal\/#organization","name":"Portal Not\u00edcia em Pauta","url":"https:\/\/noticiaempauta.com\/portal\/","logo":{"@type":"ImageObject","inLanguage":"pt-BR","@id":"https:\/\/noticiaempauta.com\/portal\/#\/schema\/logo\/image\/","url":"https:\/\/noticiaempauta.com\/portal\/wp-content\/uploads\/2022\/08\/logomarca_tema.fw_.png","contentUrl":"https:\/\/noticiaempauta.com\/portal\/wp-content\/uploads\/2022\/08\/logomarca_tema.fw_.png","width":400,"height":232,"caption":"Portal Not\u00edcia em Pauta"},"image":{"@id":"https:\/\/noticiaempauta.com\/portal\/#\/schema\/logo\/image\/"},"sameAs":["https:\/\/www.facebook.com\/Portal-Notcia-Em-Pauta-102292869264820\/","https:\/\/www.instagram.com\/portalnoticiaempauta\/"]},{"@type":"Person","@id":"https:\/\/noticiaempauta.com\/portal\/#\/schema\/person\/a74af43dd1ab3deca45f988c717d57ac","name":"Reda\u00e7\u00e3o","image":{"@type":"ImageObject","inLanguage":"pt-BR","@id":"https:\/\/noticiaempauta.com\/portal\/#\/schema\/person\/image\/","url":"https:\/\/secure.gravatar.com\/avatar\/03179346ecce6cdfc13361603e8f54242a90e5cde8618fa23c5c00aa2b0aadf3?s=96&d=mm&r=g","contentUrl":"https:\/\/secure.gravatar.com\/avatar\/03179346ecce6cdfc13361603e8f54242a90e5cde8618fa23c5c00aa2b0aadf3?s=96&d=mm&r=g","caption":"Reda\u00e7\u00e3o"},"sameAs":["https:\/\/noticiaempauta.com\/portal\/"],"url":"https:\/\/noticiaempauta.com\/portal\/author\/fernando\/"}]}},"_links":{"self":[{"href":"https:\/\/noticiaempauta.com\/portal\/wp-json\/wp\/v2\/posts\/283672","targetHints":{"allow":["GET"]}}],"collection":[{"href":"https:\/\/noticiaempauta.com\/portal\/wp-json\/wp\/v2\/posts"}],"about":[{"href":"https:\/\/noticiaempauta.com\/portal\/wp-json\/wp\/v2\/types\/post"}],"author":[{"embeddable":true,"href":"https:\/\/noticiaempauta.com\/portal\/wp-json\/wp\/v2\/users\/2"}],"replies":[{"embeddable":true,"href":"https:\/\/noticiaempauta.com\/portal\/wp-json\/wp\/v2\/comments?post=283672"}],"version-history":[{"count":2,"href":"https:\/\/noticiaempauta.com\/portal\/wp-json\/wp\/v2\/posts\/283672\/revisions"}],"predecessor-version":[{"id":283676,"href":"https:\/\/noticiaempauta.com\/portal\/wp-json\/wp\/v2\/posts\/283672\/revisions\/283676"}],"wp:featuredmedia":[{"embeddable":true,"href":"https:\/\/noticiaempauta.com\/portal\/wp-json\/wp\/v2\/media\/283673"}],"wp:attachment":[{"href":"https:\/\/noticiaempauta.com\/portal\/wp-json\/wp\/v2\/media?parent=283672"}],"wp:term":[{"taxonomy":"category","embeddable":true,"href":"https:\/\/noticiaempauta.com\/portal\/wp-json\/wp\/v2\/categories?post=283672"},{"taxonomy":"post_tag","embeddable":true,"href":"https:\/\/noticiaempauta.com\/portal\/wp-json\/wp\/v2\/tags?post=283672"}],"curies":[{"name":"wp","href":"https:\/\/api.w.org\/{rel}","templated":true}]}}