{"id":283677,"date":"2026-01-05T10:27:15","date_gmt":"2026-01-05T13:27:15","guid":{"rendered":"https:\/\/noticiaempauta.com\/portal\/?p=283677"},"modified":"2026-01-05T10:27:17","modified_gmt":"2026-01-05T13:27:17","slug":"ipva-2026-confira-o-calendario-de-pagamento-e-onde-emitir-o-boleto","status":"publish","type":"post","link":"https:\/\/noticiaempauta.com\/portal\/ipva-2026-confira-o-calendario-de-pagamento-e-onde-emitir-o-boleto\/","title":{"rendered":"IPVA 2026: confira o calend\u00e1rio de pagamento e onde emitir o boleto"},"content":{"rendered":"\n<p>O Governo do Piau\u00ed divulgou nesta segunda-feira (05) o calend\u00e1rio de pagamento do IPVA 2026. Os propriet\u00e1rios de ve\u00edculos que pagam o imposto j\u00e1 podem acessar o site da Secretaria de Fazenda (Sefaz-PI) e emitir o boleto. Para quem puder pagar em cota \u00fanica, os descontos chegam a 15% no valor total do IPVA, mas h\u00e1 tamb\u00e9m a op\u00e7\u00e3o de parcelar o pagamento.<\/p>\n\n\n\n<figure class=\"wp-block-image size-full\"><img fetchpriority=\"high\" decoding=\"async\" width=\"870\" height=\"450\" src=\"https:\/\/noticiaempauta.com\/portal\/wp-content\/uploads\/2023\/01\/cota-a-nica-de-desconto-do-ipva-tem-desconto-de-15-ata-dia-31-de-janeiro-6cd28870-36f9-4d02-b77b-3188a9bbb2c9.webp\" alt=\"\" class=\"wp-image-243216\" srcset=\"https:\/\/noticiaempauta.com\/portal\/wp-content\/uploads\/2023\/01\/cota-a-nica-de-desconto-do-ipva-tem-desconto-de-15-ata-dia-31-de-janeiro-6cd28870-36f9-4d02-b77b-3188a9bbb2c9.webp 870w, https:\/\/noticiaempauta.com\/portal\/wp-content\/uploads\/2023\/01\/cota-a-nica-de-desconto-do-ipva-tem-desconto-de-15-ata-dia-31-de-janeiro-6cd28870-36f9-4d02-b77b-3188a9bbb2c9-300x155.webp 300w, https:\/\/noticiaempauta.com\/portal\/wp-content\/uploads\/2023\/01\/cota-a-nica-de-desconto-do-ipva-tem-desconto-de-15-ata-dia-31-de-janeiro-6cd28870-36f9-4d02-b77b-3188a9bbb2c9-768x397.webp 768w\" sizes=\"(max-width: 870px) 100vw, 870px\" \/><figcaption class=\"wp-element-caption\"><em>(Foto: Divulga\u00e7\u00e3o)<\/em><\/figcaption><\/figure>\n\n\n\n<p>Quem explica \u00e9 a superintendente da Receita Estadual do Piau\u00ed, Gra\u00e7a Ramos. \u201cO pagamento da cota \u00fanica \u00e9 at\u00e9 o dia 30 de janeiro e quem optar por pagar o valor inteiro at\u00e9 esta data tem 15% de desconto. Em fevereiro, o desconto ser\u00e1 de 10% para quem pagar a cota \u00fanica. Quem pagar a cota \u00fanica em mar\u00e7o j\u00e1 n\u00e3o ter\u00e1 desconto\u201d, diz.<\/p>\n\n\n\n<p>Para aqueles que optarem por parcela o IPVA 2026, h\u00e1 a possibilidade de pagar a primeira cota em janeiro, a segunda em fevereiro e a terceira em mar\u00e7o, contanto que o valor integral seja quitado at\u00e9 no m\u00e1ximo 31 de mar\u00e7o. Esses prazos tamb\u00e9m valem para a taxa de licenciamento do ve\u00edculo, sem a qual o propriet\u00e1rio fica impedido de circular regularmente por todos o pa\u00eds.<\/p>\n\n\n\n<p>No Piau\u00ed, pelo menos 450 mil ve\u00edculos s\u00e3o obrigados a pagar o IPVA. Mas h\u00e1 aqueles que s\u00e3o isentos. S\u00e3o eles: motos de at\u00e9 170 cilindradas, ve\u00edculos com mais de 15 anos de fabrica\u00e7\u00e3o, ve\u00edculos de pessoas com defici\u00eancia e ve\u00edculos de socorro como ambul\u00e2ncias e carros de combate a inc\u00eandio. As motocicletas s\u00e3o a grande maioria dos ve\u00edculos isentos de pagar o IPVA.<\/p>\n\n\n\n<p>\u201cS\u00f3 de motos isentas no Piau\u00ed temos cerca de 828 mil por conta das cilindradas. Mas mesmo com estas isen\u00e7\u00f5es, a expectativa \u00e9 que o Estado arrecade algo em torno de R$ 650 milh\u00f5es s\u00f3 com o IPVA 2026\u201d, informa Gra\u00e7a Ramos. O valor do imposto, ela diz, ser\u00e1 destinado ao custeio das despesas estaduais e acabar\u00e1 retornando ao contribuinte por meio de melhorias p\u00fablicas.<\/p>\n\n\n\n<p>O boleto de pagamento do IPVA 2026 pode ser emitido no site da Sefaz, na aba IPVA.&nbsp;<a href=\"https:\/\/webas.sefaz.pi.gov.br\/darweb\/\" rel=\"noreferrer noopener\" target=\"_blank\"><strong>Acesse aqui<\/strong><\/a>.<\/p>\n\n\n\n<p>Fonte: O DIA<\/p>\n","protected":false},"excerpt":{"rendered":"<p>O Governo do Piau\u00ed divulgou nesta segunda-feira (05) o calend\u00e1rio de pagamento do IPVA 2026. Os propriet\u00e1rios de ve\u00edculos que pagam o imposto j\u00e1 podem acessar o site da Secretaria de Fazenda (Sefaz-PI) e emitir o boleto. Para quem puder pagar em cota \u00fanica, os descontos chegam a 15% no valor total do IPVA, mas [&hellip;]<\/p>\n","protected":false},"author":2,"featured_media":243216,"comment_status":"closed","ping_status":"closed","sticky":false,"template":"","format":"standard","meta":{"_mi_skip_tracking":false,"footnotes":""},"categories":[25,1,16],"tags":[],"class_list":["post-283677","post","type-post","status-publish","format-standard","has-post-thumbnail","hentry","category-destaques-site","category-geral","category-todas"],"acf":[],"yoast_head":"<!-- This site is optimized with the Yoast SEO Premium plugin v19.2 (Yoast SEO v26.9) - https:\/\/yoast.com\/product\/yoast-seo-premium-wordpress\/ -->\n<title>IPVA 2026: confira o calend\u00e1rio de pagamento e onde emitir o boleto - Portal Not\u00edcia em Pauta<\/title>\n<meta name=\"robots\" content=\"index, follow, max-snippet:-1, max-image-preview:large, max-video-preview:-1\" \/>\n<link rel=\"canonical\" href=\"https:\/\/noticiaempauta.com\/portal\/ipva-2026-confira-o-calendario-de-pagamento-e-onde-emitir-o-boleto\/\" \/>\n<meta property=\"og:locale\" content=\"pt_BR\" \/>\n<meta property=\"og:type\" content=\"article\" \/>\n<meta property=\"og:title\" content=\"IPVA 2026: confira o calend\u00e1rio de pagamento e onde emitir o boleto\" \/>\n<meta property=\"og:description\" content=\"O Governo do Piau\u00ed divulgou nesta segunda-feira (05) o calend\u00e1rio de pagamento do IPVA 2026. Os propriet\u00e1rios de ve\u00edculos que pagam o imposto j\u00e1 podem acessar o site da Secretaria de Fazenda (Sefaz-PI) e emitir o boleto. Para quem puder pagar em cota \u00fanica, os descontos chegam a 15% no valor total do IPVA, mas [&hellip;]\" \/>\n<meta property=\"og:url\" content=\"https:\/\/noticiaempauta.com\/portal\/ipva-2026-confira-o-calendario-de-pagamento-e-onde-emitir-o-boleto\/\" \/>\n<meta property=\"og:site_name\" content=\"Portal Not\u00edcia em Pauta\" \/>\n<meta property=\"article:publisher\" content=\"https:\/\/www.facebook.com\/Portal-Notcia-Em-Pauta-102292869264820\/\" \/>\n<meta property=\"article:published_time\" content=\"2026-01-05T13:27:15+00:00\" \/>\n<meta property=\"article:modified_time\" content=\"2026-01-05T13:27:17+00:00\" \/>\n<meta property=\"og:image\" content=\"https:\/\/noticiaempauta.com\/portal\/wp-content\/uploads\/2023\/01\/cota-a-nica-de-desconto-do-ipva-tem-desconto-de-15-ata-dia-31-de-janeiro-6cd28870-36f9-4d02-b77b-3188a9bbb2c9.webp\" \/>\n\t<meta property=\"og:image:width\" content=\"870\" \/>\n\t<meta property=\"og:image:height\" content=\"450\" \/>\n\t<meta property=\"og:image:type\" content=\"image\/webp\" \/>\n<meta name=\"author\" content=\"Reda\u00e7\u00e3o\" \/>\n<meta name=\"twitter:card\" content=\"summary_large_image\" \/>\n<meta name=\"twitter:label1\" content=\"Escrito por\" \/>\n\t<meta name=\"twitter:data1\" content=\"Reda\u00e7\u00e3o\" \/>\n\t<meta name=\"twitter:label2\" content=\"Est. tempo de leitura\" \/>\n\t<meta name=\"twitter:data2\" content=\"3 minutos\" \/>\n<script type=\"application\/ld+json\" class=\"yoast-schema-graph\">{\"@context\":\"https:\/\/schema.org\",\"@graph\":[{\"@type\":\"Article\",\"@id\":\"https:\/\/noticiaempauta.com\/portal\/ipva-2026-confira-o-calendario-de-pagamento-e-onde-emitir-o-boleto\/#article\",\"isPartOf\":{\"@id\":\"https:\/\/noticiaempauta.com\/portal\/ipva-2026-confira-o-calendario-de-pagamento-e-onde-emitir-o-boleto\/\"},\"author\":{\"name\":\"Reda\u00e7\u00e3o\",\"@id\":\"https:\/\/noticiaempauta.com\/portal\/#\/schema\/person\/a74af43dd1ab3deca45f988c717d57ac\"},\"headline\":\"IPVA 2026: confira o calend\u00e1rio de pagamento e onde emitir o boleto\",\"datePublished\":\"2026-01-05T13:27:15+00:00\",\"dateModified\":\"2026-01-05T13:27:17+00:00\",\"mainEntityOfPage\":{\"@id\":\"https:\/\/noticiaempauta.com\/portal\/ipva-2026-confira-o-calendario-de-pagamento-e-onde-emitir-o-boleto\/\"},\"wordCount\":374,\"publisher\":{\"@id\":\"https:\/\/noticiaempauta.com\/portal\/#organization\"},\"image\":{\"@id\":\"https:\/\/noticiaempauta.com\/portal\/ipva-2026-confira-o-calendario-de-pagamento-e-onde-emitir-o-boleto\/#primaryimage\"},\"thumbnailUrl\":\"https:\/\/noticiaempauta.com\/portal\/wp-content\/uploads\/2023\/01\/cota-a-nica-de-desconto-do-ipva-tem-desconto-de-15-ata-dia-31-de-janeiro-6cd28870-36f9-4d02-b77b-3188a9bbb2c9.webp\",\"articleSection\":[\"Destaques\",\"Geral\",\"Todas as Not\u00edcias\"],\"inLanguage\":\"pt-BR\"},{\"@type\":\"WebPage\",\"@id\":\"https:\/\/noticiaempauta.com\/portal\/ipva-2026-confira-o-calendario-de-pagamento-e-onde-emitir-o-boleto\/\",\"url\":\"https:\/\/noticiaempauta.com\/portal\/ipva-2026-confira-o-calendario-de-pagamento-e-onde-emitir-o-boleto\/\",\"name\":\"IPVA 2026: confira o calend\u00e1rio de pagamento e onde emitir o boleto - Portal Not\u00edcia em Pauta\",\"isPartOf\":{\"@id\":\"https:\/\/noticiaempauta.com\/portal\/#website\"},\"primaryImageOfPage\":{\"@id\":\"https:\/\/noticiaempauta.com\/portal\/ipva-2026-confira-o-calendario-de-pagamento-e-onde-emitir-o-boleto\/#primaryimage\"},\"image\":{\"@id\":\"https:\/\/noticiaempauta.com\/portal\/ipva-2026-confira-o-calendario-de-pagamento-e-onde-emitir-o-boleto\/#primaryimage\"},\"thumbnailUrl\":\"https:\/\/noticiaempauta.com\/portal\/wp-content\/uploads\/2023\/01\/cota-a-nica-de-desconto-do-ipva-tem-desconto-de-15-ata-dia-31-de-janeiro-6cd28870-36f9-4d02-b77b-3188a9bbb2c9.webp\",\"datePublished\":\"2026-01-05T13:27:15+00:00\",\"dateModified\":\"2026-01-05T13:27:17+00:00\",\"breadcrumb\":{\"@id\":\"https:\/\/noticiaempauta.com\/portal\/ipva-2026-confira-o-calendario-de-pagamento-e-onde-emitir-o-boleto\/#breadcrumb\"},\"inLanguage\":\"pt-BR\",\"potentialAction\":[{\"@type\":\"ReadAction\",\"target\":[\"https:\/\/noticiaempauta.com\/portal\/ipva-2026-confira-o-calendario-de-pagamento-e-onde-emitir-o-boleto\/\"]}]},{\"@type\":\"ImageObject\",\"inLanguage\":\"pt-BR\",\"@id\":\"https:\/\/noticiaempauta.com\/portal\/ipva-2026-confira-o-calendario-de-pagamento-e-onde-emitir-o-boleto\/#primaryimage\",\"url\":\"https:\/\/noticiaempauta.com\/portal\/wp-content\/uploads\/2023\/01\/cota-a-nica-de-desconto-do-ipva-tem-desconto-de-15-ata-dia-31-de-janeiro-6cd28870-36f9-4d02-b77b-3188a9bbb2c9.webp\",\"contentUrl\":\"https:\/\/noticiaempauta.com\/portal\/wp-content\/uploads\/2023\/01\/cota-a-nica-de-desconto-do-ipva-tem-desconto-de-15-ata-dia-31-de-janeiro-6cd28870-36f9-4d02-b77b-3188a9bbb2c9.webp\",\"width\":870,\"height\":450,\"caption\":\"Foto: Divulga\u00e7\u00e3o\"},{\"@type\":\"BreadcrumbList\",\"@id\":\"https:\/\/noticiaempauta.com\/portal\/ipva-2026-confira-o-calendario-de-pagamento-e-onde-emitir-o-boleto\/#breadcrumb\",\"itemListElement\":[{\"@type\":\"ListItem\",\"position\":1,\"name\":\"P\u00e1gina Inicial\",\"item\":\"https:\/\/noticiaempauta.com\/portal\/\"},{\"@type\":\"ListItem\",\"position\":2,\"name\":\"Destaques\",\"item\":\"https:\/\/noticiaempauta.com\/portal\/destaques-site\/\"},{\"@type\":\"ListItem\",\"position\":3,\"name\":\"IPVA 2026: confira o calend\u00e1rio de pagamento e onde emitir o boleto\"}]},{\"@type\":\"WebSite\",\"@id\":\"https:\/\/noticiaempauta.com\/portal\/#website\",\"url\":\"https:\/\/noticiaempauta.com\/portal\/\",\"name\":\"Portal Not\u00edcia em Pauta\",\"description\":\"Voc\u00ea bem informado\",\"publisher\":{\"@id\":\"https:\/\/noticiaempauta.com\/portal\/#organization\"},\"potentialAction\":[{\"@type\":\"SearchAction\",\"target\":{\"@type\":\"EntryPoint\",\"urlTemplate\":\"https:\/\/noticiaempauta.com\/portal\/?s={search_term_string}\"},\"query-input\":{\"@type\":\"PropertyValueSpecification\",\"valueRequired\":true,\"valueName\":\"search_term_string\"}}],\"inLanguage\":\"pt-BR\"},{\"@type\":\"Organization\",\"@id\":\"https:\/\/noticiaempauta.com\/portal\/#organization\",\"name\":\"Portal Not\u00edcia em Pauta\",\"url\":\"https:\/\/noticiaempauta.com\/portal\/\",\"logo\":{\"@type\":\"ImageObject\",\"inLanguage\":\"pt-BR\",\"@id\":\"https:\/\/noticiaempauta.com\/portal\/#\/schema\/logo\/image\/\",\"url\":\"https:\/\/noticiaempauta.com\/portal\/wp-content\/uploads\/2022\/08\/logomarca_tema.fw_.png\",\"contentUrl\":\"https:\/\/noticiaempauta.com\/portal\/wp-content\/uploads\/2022\/08\/logomarca_tema.fw_.png\",\"width\":400,\"height\":232,\"caption\":\"Portal Not\u00edcia em Pauta\"},\"image\":{\"@id\":\"https:\/\/noticiaempauta.com\/portal\/#\/schema\/logo\/image\/\"},\"sameAs\":[\"https:\/\/www.facebook.com\/Portal-Notcia-Em-Pauta-102292869264820\/\",\"https:\/\/www.instagram.com\/portalnoticiaempauta\/\"]},{\"@type\":\"Person\",\"@id\":\"https:\/\/noticiaempauta.com\/portal\/#\/schema\/person\/a74af43dd1ab3deca45f988c717d57ac\",\"name\":\"Reda\u00e7\u00e3o\",\"image\":{\"@type\":\"ImageObject\",\"inLanguage\":\"pt-BR\",\"@id\":\"https:\/\/noticiaempauta.com\/portal\/#\/schema\/person\/image\/\",\"url\":\"https:\/\/secure.gravatar.com\/avatar\/03179346ecce6cdfc13361603e8f54242a90e5cde8618fa23c5c00aa2b0aadf3?s=96&d=mm&r=g\",\"contentUrl\":\"https:\/\/secure.gravatar.com\/avatar\/03179346ecce6cdfc13361603e8f54242a90e5cde8618fa23c5c00aa2b0aadf3?s=96&d=mm&r=g\",\"caption\":\"Reda\u00e7\u00e3o\"},\"sameAs\":[\"https:\/\/noticiaempauta.com\/portal\/\"],\"url\":\"https:\/\/noticiaempauta.com\/portal\/author\/fernando\/\"}]}<\/script>\n<!-- \/ Yoast SEO Premium plugin. -->","yoast_head_json":{"title":"IPVA 2026: confira o calend\u00e1rio de pagamento e onde emitir o boleto - Portal Not\u00edcia em Pauta","robots":{"index":"index","follow":"follow","max-snippet":"max-snippet:-1","max-image-preview":"max-image-preview:large","max-video-preview":"max-video-preview:-1"},"canonical":"https:\/\/noticiaempauta.com\/portal\/ipva-2026-confira-o-calendario-de-pagamento-e-onde-emitir-o-boleto\/","og_locale":"pt_BR","og_type":"article","og_title":"IPVA 2026: confira o calend\u00e1rio de pagamento e onde emitir o boleto","og_description":"O Governo do Piau\u00ed divulgou nesta segunda-feira (05) o calend\u00e1rio de pagamento do IPVA 2026. Os propriet\u00e1rios de ve\u00edculos que pagam o imposto j\u00e1 podem acessar o site da Secretaria de Fazenda (Sefaz-PI) e emitir o boleto. Para quem puder pagar em cota \u00fanica, os descontos chegam a 15% no valor total do IPVA, mas [&hellip;]","og_url":"https:\/\/noticiaempauta.com\/portal\/ipva-2026-confira-o-calendario-de-pagamento-e-onde-emitir-o-boleto\/","og_site_name":"Portal Not\u00edcia em Pauta","article_publisher":"https:\/\/www.facebook.com\/Portal-Notcia-Em-Pauta-102292869264820\/","article_published_time":"2026-01-05T13:27:15+00:00","article_modified_time":"2026-01-05T13:27:17+00:00","og_image":[{"width":870,"height":450,"url":"https:\/\/noticiaempauta.com\/portal\/wp-content\/uploads\/2023\/01\/cota-a-nica-de-desconto-do-ipva-tem-desconto-de-15-ata-dia-31-de-janeiro-6cd28870-36f9-4d02-b77b-3188a9bbb2c9.webp","type":"image\/webp"}],"author":"Reda\u00e7\u00e3o","twitter_card":"summary_large_image","twitter_misc":{"Escrito por":"Reda\u00e7\u00e3o","Est. tempo de leitura":"3 minutos"},"schema":{"@context":"https:\/\/schema.org","@graph":[{"@type":"Article","@id":"https:\/\/noticiaempauta.com\/portal\/ipva-2026-confira-o-calendario-de-pagamento-e-onde-emitir-o-boleto\/#article","isPartOf":{"@id":"https:\/\/noticiaempauta.com\/portal\/ipva-2026-confira-o-calendario-de-pagamento-e-onde-emitir-o-boleto\/"},"author":{"name":"Reda\u00e7\u00e3o","@id":"https:\/\/noticiaempauta.com\/portal\/#\/schema\/person\/a74af43dd1ab3deca45f988c717d57ac"},"headline":"IPVA 2026: confira o calend\u00e1rio de pagamento e onde emitir o boleto","datePublished":"2026-01-05T13:27:15+00:00","dateModified":"2026-01-05T13:27:17+00:00","mainEntityOfPage":{"@id":"https:\/\/noticiaempauta.com\/portal\/ipva-2026-confira-o-calendario-de-pagamento-e-onde-emitir-o-boleto\/"},"wordCount":374,"publisher":{"@id":"https:\/\/noticiaempauta.com\/portal\/#organization"},"image":{"@id":"https:\/\/noticiaempauta.com\/portal\/ipva-2026-confira-o-calendario-de-pagamento-e-onde-emitir-o-boleto\/#primaryimage"},"thumbnailUrl":"https:\/\/noticiaempauta.com\/portal\/wp-content\/uploads\/2023\/01\/cota-a-nica-de-desconto-do-ipva-tem-desconto-de-15-ata-dia-31-de-janeiro-6cd28870-36f9-4d02-b77b-3188a9bbb2c9.webp","articleSection":["Destaques","Geral","Todas as Not\u00edcias"],"inLanguage":"pt-BR"},{"@type":"WebPage","@id":"https:\/\/noticiaempauta.com\/portal\/ipva-2026-confira-o-calendario-de-pagamento-e-onde-emitir-o-boleto\/","url":"https:\/\/noticiaempauta.com\/portal\/ipva-2026-confira-o-calendario-de-pagamento-e-onde-emitir-o-boleto\/","name":"IPVA 2026: confira o calend\u00e1rio de pagamento e onde emitir o boleto - Portal Not\u00edcia em Pauta","isPartOf":{"@id":"https:\/\/noticiaempauta.com\/portal\/#website"},"primaryImageOfPage":{"@id":"https:\/\/noticiaempauta.com\/portal\/ipva-2026-confira-o-calendario-de-pagamento-e-onde-emitir-o-boleto\/#primaryimage"},"image":{"@id":"https:\/\/noticiaempauta.com\/portal\/ipva-2026-confira-o-calendario-de-pagamento-e-onde-emitir-o-boleto\/#primaryimage"},"thumbnailUrl":"https:\/\/noticiaempauta.com\/portal\/wp-content\/uploads\/2023\/01\/cota-a-nica-de-desconto-do-ipva-tem-desconto-de-15-ata-dia-31-de-janeiro-6cd28870-36f9-4d02-b77b-3188a9bbb2c9.webp","datePublished":"2026-01-05T13:27:15+00:00","dateModified":"2026-01-05T13:27:17+00:00","breadcrumb":{"@id":"https:\/\/noticiaempauta.com\/portal\/ipva-2026-confira-o-calendario-de-pagamento-e-onde-emitir-o-boleto\/#breadcrumb"},"inLanguage":"pt-BR","potentialAction":[{"@type":"ReadAction","target":["https:\/\/noticiaempauta.com\/portal\/ipva-2026-confira-o-calendario-de-pagamento-e-onde-emitir-o-boleto\/"]}]},{"@type":"ImageObject","inLanguage":"pt-BR","@id":"https:\/\/noticiaempauta.com\/portal\/ipva-2026-confira-o-calendario-de-pagamento-e-onde-emitir-o-boleto\/#primaryimage","url":"https:\/\/noticiaempauta.com\/portal\/wp-content\/uploads\/2023\/01\/cota-a-nica-de-desconto-do-ipva-tem-desconto-de-15-ata-dia-31-de-janeiro-6cd28870-36f9-4d02-b77b-3188a9bbb2c9.webp","contentUrl":"https:\/\/noticiaempauta.com\/portal\/wp-content\/uploads\/2023\/01\/cota-a-nica-de-desconto-do-ipva-tem-desconto-de-15-ata-dia-31-de-janeiro-6cd28870-36f9-4d02-b77b-3188a9bbb2c9.webp","width":870,"height":450,"caption":"Foto: Divulga\u00e7\u00e3o"},{"@type":"BreadcrumbList","@id":"https:\/\/noticiaempauta.com\/portal\/ipva-2026-confira-o-calendario-de-pagamento-e-onde-emitir-o-boleto\/#breadcrumb","itemListElement":[{"@type":"ListItem","position":1,"name":"P\u00e1gina Inicial","item":"https:\/\/noticiaempauta.com\/portal\/"},{"@type":"ListItem","position":2,"name":"Destaques","item":"https:\/\/noticiaempauta.com\/portal\/destaques-site\/"},{"@type":"ListItem","position":3,"name":"IPVA 2026: confira o calend\u00e1rio de pagamento e onde emitir o boleto"}]},{"@type":"WebSite","@id":"https:\/\/noticiaempauta.com\/portal\/#website","url":"https:\/\/noticiaempauta.com\/portal\/","name":"Portal Not\u00edcia em Pauta","description":"Voc\u00ea bem informado","publisher":{"@id":"https:\/\/noticiaempauta.com\/portal\/#organization"},"potentialAction":[{"@type":"SearchAction","target":{"@type":"EntryPoint","urlTemplate":"https:\/\/noticiaempauta.com\/portal\/?s={search_term_string}"},"query-input":{"@type":"PropertyValueSpecification","valueRequired":true,"valueName":"search_term_string"}}],"inLanguage":"pt-BR"},{"@type":"Organization","@id":"https:\/\/noticiaempauta.com\/portal\/#organization","name":"Portal Not\u00edcia em Pauta","url":"https:\/\/noticiaempauta.com\/portal\/","logo":{"@type":"ImageObject","inLanguage":"pt-BR","@id":"https:\/\/noticiaempauta.com\/portal\/#\/schema\/logo\/image\/","url":"https:\/\/noticiaempauta.com\/portal\/wp-content\/uploads\/2022\/08\/logomarca_tema.fw_.png","contentUrl":"https:\/\/noticiaempauta.com\/portal\/wp-content\/uploads\/2022\/08\/logomarca_tema.fw_.png","width":400,"height":232,"caption":"Portal Not\u00edcia em Pauta"},"image":{"@id":"https:\/\/noticiaempauta.com\/portal\/#\/schema\/logo\/image\/"},"sameAs":["https:\/\/www.facebook.com\/Portal-Notcia-Em-Pauta-102292869264820\/","https:\/\/www.instagram.com\/portalnoticiaempauta\/"]},{"@type":"Person","@id":"https:\/\/noticiaempauta.com\/portal\/#\/schema\/person\/a74af43dd1ab3deca45f988c717d57ac","name":"Reda\u00e7\u00e3o","image":{"@type":"ImageObject","inLanguage":"pt-BR","@id":"https:\/\/noticiaempauta.com\/portal\/#\/schema\/person\/image\/","url":"https:\/\/secure.gravatar.com\/avatar\/03179346ecce6cdfc13361603e8f54242a90e5cde8618fa23c5c00aa2b0aadf3?s=96&d=mm&r=g","contentUrl":"https:\/\/secure.gravatar.com\/avatar\/03179346ecce6cdfc13361603e8f54242a90e5cde8618fa23c5c00aa2b0aadf3?s=96&d=mm&r=g","caption":"Reda\u00e7\u00e3o"},"sameAs":["https:\/\/noticiaempauta.com\/portal\/"],"url":"https:\/\/noticiaempauta.com\/portal\/author\/fernando\/"}]}},"_links":{"self":[{"href":"https:\/\/noticiaempauta.com\/portal\/wp-json\/wp\/v2\/posts\/283677","targetHints":{"allow":["GET"]}}],"collection":[{"href":"https:\/\/noticiaempauta.com\/portal\/wp-json\/wp\/v2\/posts"}],"about":[{"href":"https:\/\/noticiaempauta.com\/portal\/wp-json\/wp\/v2\/types\/post"}],"author":[{"embeddable":true,"href":"https:\/\/noticiaempauta.com\/portal\/wp-json\/wp\/v2\/users\/2"}],"replies":[{"embeddable":true,"href":"https:\/\/noticiaempauta.com\/portal\/wp-json\/wp\/v2\/comments?post=283677"}],"version-history":[{"count":2,"href":"https:\/\/noticiaempauta.com\/portal\/wp-json\/wp\/v2\/posts\/283677\/revisions"}],"predecessor-version":[{"id":283679,"href":"https:\/\/noticiaempauta.com\/portal\/wp-json\/wp\/v2\/posts\/283677\/revisions\/283679"}],"wp:featuredmedia":[{"embeddable":true,"href":"https:\/\/noticiaempauta.com\/portal\/wp-json\/wp\/v2\/media\/243216"}],"wp:attachment":[{"href":"https:\/\/noticiaempauta.com\/portal\/wp-json\/wp\/v2\/media?parent=283677"}],"wp:term":[{"taxonomy":"category","embeddable":true,"href":"https:\/\/noticiaempauta.com\/portal\/wp-json\/wp\/v2\/categories?post=283677"},{"taxonomy":"post_tag","embeddable":true,"href":"https:\/\/noticiaempauta.com\/portal\/wp-json\/wp\/v2\/tags?post=283677"}],"curies":[{"name":"wp","href":"https:\/\/api.w.org\/{rel}","templated":true}]}}