{"id":283681,"date":"2026-01-05T15:04:29","date_gmt":"2026-01-05T18:04:29","guid":{"rendered":"https:\/\/noticiaempauta.com\/portal\/?p=283681"},"modified":"2026-01-05T15:04:30","modified_gmt":"2026-01-05T18:04:30","slug":"prefeito-pompilio-evaristo-e-empossado-na-presidencia-da-appm","status":"publish","type":"post","link":"https:\/\/noticiaempauta.com\/portal\/prefeito-pompilio-evaristo-e-empossado-na-presidencia-da-appm\/","title":{"rendered":"Prefeito Pomp\u00edlio Evaristo \u00e9 empossado na presid\u00eancia da APPM"},"content":{"rendered":"\n<p>O prefeito de S\u00e3o Miguel do Tapuio (PI), Pomp\u00edlio Evaristo (PSD), tomou posse como o novo presidente da Associa\u00e7\u00e3o Piauiense de Munic\u00edpios (APPM), na manh\u00e3 desta segunda-feira (5). A posse contou com a presen\u00e7a do governador Rafael Fonteles (PT-PI) e do ministro do Desenvolvimento Social, Wellington Dias.<\/p>\n\n\n\n<figure class=\"wp-block-image size-large\"><img fetchpriority=\"high\" decoding=\"async\" width=\"1024\" height=\"576\" src=\"https:\/\/noticiaempauta.com\/portal\/wp-content\/uploads\/2026\/01\/Solenidade-na-APPM-1024x576.webp\" alt=\"\" class=\"wp-image-283682\" srcset=\"https:\/\/noticiaempauta.com\/portal\/wp-content\/uploads\/2026\/01\/Solenidade-na-APPM-1024x576.webp 1024w, https:\/\/noticiaempauta.com\/portal\/wp-content\/uploads\/2026\/01\/Solenidade-na-APPM-300x169.webp 300w, https:\/\/noticiaempauta.com\/portal\/wp-content\/uploads\/2026\/01\/Solenidade-na-APPM-768x432.webp 768w, https:\/\/noticiaempauta.com\/portal\/wp-content\/uploads\/2026\/01\/Solenidade-na-APPM.webp 1280w\" sizes=\"(max-width: 1024px) 100vw, 1024px\" \/><figcaption class=\"wp-element-caption\"><em>(Foto: Jonas Carvalho\/ Portal ClubeNews)<\/em><\/figcaption><\/figure>\n\n\n\n<p>Pomp\u00edlio Evaristo pautou o fim dos lix\u00f5es nos munic\u00edpios e a compensa\u00e7\u00e3o das perdas provocadas pela isen\u00e7\u00e3o do Imposto de Renda para quem ganha at\u00e9 R$ 5 mil como pontos priorit\u00e1rios a serem debatidos em 2026.<\/p>\n\n\n\n<p>\u201cMuitos munic\u00edpios n\u00e3o t\u00eam condi\u00e7\u00f5es de manter seus pr\u00f3prios aterros sanit\u00e1rios e a APPM precisa dialogar. Temos que fortalecer o nosso movimento, estar presente nos munic\u00edpios, abrir a APPM para trazer os prefeitos e queremos deixar um legado\u201d, disse.<\/p>\n\n\n\n<p>O ent\u00e3o presidente da institui\u00e7\u00e3o, Admaelton Bezerra (MDB), pediu licen\u00e7a do mandato por tempo indeterminado, alegando quest\u00f5es pessoais. Segundo Admaelton, apesar do afastamento, o objetivo \u00e9 permanecer na defesa dos interesses dos munic\u00edpios.<\/p>\n\n\n\n<p>\u201cVou me licenciar para resolver alguns problemas particulares e o presidente Pomp\u00edlio vai assumir essa miss\u00e3o, para que eu possa ficar um pouco ausente. Eu tenho certeza que ele vai dar continuidade ao trabalho que vem sendo feito. Estou me afastando da presid\u00eancia e n\u00e3o da APPM\u201d, garantiu.<\/p>\n\n\n\n<p>Fonte: Portal Clube News<\/p>\n","protected":false},"excerpt":{"rendered":"<p>O prefeito de S\u00e3o Miguel do Tapuio (PI), Pomp\u00edlio Evaristo (PSD), tomou posse como o novo presidente da Associa\u00e7\u00e3o Piauiense de Munic\u00edpios (APPM), na manh\u00e3 desta segunda-feira (5). A posse contou com a presen\u00e7a do governador Rafael Fonteles (PT-PI) e do ministro do Desenvolvimento Social, Wellington Dias. Pomp\u00edlio Evaristo pautou o fim dos lix\u00f5es nos [&hellip;]<\/p>\n","protected":false},"author":2,"featured_media":283682,"comment_status":"closed","ping_status":"closed","sticky":false,"template":"","format":"standard","meta":{"_mi_skip_tracking":false,"footnotes":""},"categories":[25,1,9,16],"tags":[192],"class_list":["post-283681","post","type-post","status-publish","format-standard","has-post-thumbnail","hentry","category-destaques-site","category-geral","category-municipios","category-todas","tag-destaqueprincipal"],"acf":[],"yoast_head":"<!-- This site is optimized with the Yoast SEO Premium plugin v19.2 (Yoast SEO v26.9) - https:\/\/yoast.com\/product\/yoast-seo-premium-wordpress\/ -->\n<title>Prefeito Pomp\u00edlio Evaristo \u00e9 empossado na presid\u00eancia da APPM - Portal Not\u00edcia em Pauta<\/title>\n<meta name=\"robots\" content=\"index, follow, max-snippet:-1, max-image-preview:large, max-video-preview:-1\" \/>\n<link rel=\"canonical\" href=\"https:\/\/noticiaempauta.com\/portal\/prefeito-pompilio-evaristo-e-empossado-na-presidencia-da-appm\/\" \/>\n<meta property=\"og:locale\" content=\"pt_BR\" \/>\n<meta property=\"og:type\" content=\"article\" \/>\n<meta property=\"og:title\" content=\"Prefeito Pomp\u00edlio Evaristo \u00e9 empossado na presid\u00eancia da APPM\" \/>\n<meta property=\"og:description\" content=\"O prefeito de S\u00e3o Miguel do Tapuio (PI), Pomp\u00edlio Evaristo (PSD), tomou posse como o novo presidente da Associa\u00e7\u00e3o Piauiense de Munic\u00edpios (APPM), na manh\u00e3 desta segunda-feira (5). A posse contou com a presen\u00e7a do governador Rafael Fonteles (PT-PI) e do ministro do Desenvolvimento Social, Wellington Dias. Pomp\u00edlio Evaristo pautou o fim dos lix\u00f5es nos [&hellip;]\" \/>\n<meta property=\"og:url\" content=\"https:\/\/noticiaempauta.com\/portal\/prefeito-pompilio-evaristo-e-empossado-na-presidencia-da-appm\/\" \/>\n<meta property=\"og:site_name\" content=\"Portal Not\u00edcia em Pauta\" \/>\n<meta property=\"article:publisher\" content=\"https:\/\/www.facebook.com\/Portal-Notcia-Em-Pauta-102292869264820\/\" \/>\n<meta property=\"article:published_time\" content=\"2026-01-05T18:04:29+00:00\" \/>\n<meta property=\"article:modified_time\" content=\"2026-01-05T18:04:30+00:00\" \/>\n<meta property=\"og:image\" content=\"https:\/\/noticiaempauta.com\/portal\/wp-content\/uploads\/2026\/01\/Solenidade-na-APPM.webp\" \/>\n\t<meta property=\"og:image:width\" content=\"1280\" \/>\n\t<meta property=\"og:image:height\" content=\"720\" \/>\n\t<meta property=\"og:image:type\" content=\"image\/webp\" \/>\n<meta name=\"author\" content=\"Reda\u00e7\u00e3o\" \/>\n<meta name=\"twitter:card\" content=\"summary_large_image\" \/>\n<meta name=\"twitter:label1\" content=\"Escrito por\" \/>\n\t<meta name=\"twitter:data1\" content=\"Reda\u00e7\u00e3o\" \/>\n\t<meta name=\"twitter:label2\" content=\"Est. tempo de leitura\" \/>\n\t<meta name=\"twitter:data2\" content=\"2 minutos\" \/>\n<script type=\"application\/ld+json\" class=\"yoast-schema-graph\">{\"@context\":\"https:\/\/schema.org\",\"@graph\":[{\"@type\":\"Article\",\"@id\":\"https:\/\/noticiaempauta.com\/portal\/prefeito-pompilio-evaristo-e-empossado-na-presidencia-da-appm\/#article\",\"isPartOf\":{\"@id\":\"https:\/\/noticiaempauta.com\/portal\/prefeito-pompilio-evaristo-e-empossado-na-presidencia-da-appm\/\"},\"author\":{\"name\":\"Reda\u00e7\u00e3o\",\"@id\":\"https:\/\/noticiaempauta.com\/portal\/#\/schema\/person\/a74af43dd1ab3deca45f988c717d57ac\"},\"headline\":\"Prefeito Pomp\u00edlio Evaristo \u00e9 empossado na presid\u00eancia da APPM\",\"datePublished\":\"2026-01-05T18:04:29+00:00\",\"dateModified\":\"2026-01-05T18:04:30+00:00\",\"mainEntityOfPage\":{\"@id\":\"https:\/\/noticiaempauta.com\/portal\/prefeito-pompilio-evaristo-e-empossado-na-presidencia-da-appm\/\"},\"wordCount\":245,\"publisher\":{\"@id\":\"https:\/\/noticiaempauta.com\/portal\/#organization\"},\"image\":{\"@id\":\"https:\/\/noticiaempauta.com\/portal\/prefeito-pompilio-evaristo-e-empossado-na-presidencia-da-appm\/#primaryimage\"},\"thumbnailUrl\":\"https:\/\/noticiaempauta.com\/portal\/wp-content\/uploads\/2026\/01\/Solenidade-na-APPM.webp\",\"keywords\":[\"destaqueprincipal\"],\"articleSection\":[\"Destaques\",\"Geral\",\"Munic\u00edpios\",\"Todas as Not\u00edcias\"],\"inLanguage\":\"pt-BR\"},{\"@type\":\"WebPage\",\"@id\":\"https:\/\/noticiaempauta.com\/portal\/prefeito-pompilio-evaristo-e-empossado-na-presidencia-da-appm\/\",\"url\":\"https:\/\/noticiaempauta.com\/portal\/prefeito-pompilio-evaristo-e-empossado-na-presidencia-da-appm\/\",\"name\":\"Prefeito Pomp\u00edlio Evaristo \u00e9 empossado na presid\u00eancia da APPM - Portal Not\u00edcia em Pauta\",\"isPartOf\":{\"@id\":\"https:\/\/noticiaempauta.com\/portal\/#website\"},\"primaryImageOfPage\":{\"@id\":\"https:\/\/noticiaempauta.com\/portal\/prefeito-pompilio-evaristo-e-empossado-na-presidencia-da-appm\/#primaryimage\"},\"image\":{\"@id\":\"https:\/\/noticiaempauta.com\/portal\/prefeito-pompilio-evaristo-e-empossado-na-presidencia-da-appm\/#primaryimage\"},\"thumbnailUrl\":\"https:\/\/noticiaempauta.com\/portal\/wp-content\/uploads\/2026\/01\/Solenidade-na-APPM.webp\",\"datePublished\":\"2026-01-05T18:04:29+00:00\",\"dateModified\":\"2026-01-05T18:04:30+00:00\",\"breadcrumb\":{\"@id\":\"https:\/\/noticiaempauta.com\/portal\/prefeito-pompilio-evaristo-e-empossado-na-presidencia-da-appm\/#breadcrumb\"},\"inLanguage\":\"pt-BR\",\"potentialAction\":[{\"@type\":\"ReadAction\",\"target\":[\"https:\/\/noticiaempauta.com\/portal\/prefeito-pompilio-evaristo-e-empossado-na-presidencia-da-appm\/\"]}]},{\"@type\":\"ImageObject\",\"inLanguage\":\"pt-BR\",\"@id\":\"https:\/\/noticiaempauta.com\/portal\/prefeito-pompilio-evaristo-e-empossado-na-presidencia-da-appm\/#primaryimage\",\"url\":\"https:\/\/noticiaempauta.com\/portal\/wp-content\/uploads\/2026\/01\/Solenidade-na-APPM.webp\",\"contentUrl\":\"https:\/\/noticiaempauta.com\/portal\/wp-content\/uploads\/2026\/01\/Solenidade-na-APPM.webp\",\"width\":1280,\"height\":720},{\"@type\":\"BreadcrumbList\",\"@id\":\"https:\/\/noticiaempauta.com\/portal\/prefeito-pompilio-evaristo-e-empossado-na-presidencia-da-appm\/#breadcrumb\",\"itemListElement\":[{\"@type\":\"ListItem\",\"position\":1,\"name\":\"P\u00e1gina Inicial\",\"item\":\"https:\/\/noticiaempauta.com\/portal\/\"},{\"@type\":\"ListItem\",\"position\":2,\"name\":\"Destaques\",\"item\":\"https:\/\/noticiaempauta.com\/portal\/destaques-site\/\"},{\"@type\":\"ListItem\",\"position\":3,\"name\":\"Prefeito Pomp\u00edlio Evaristo \u00e9 empossado na presid\u00eancia da APPM\"}]},{\"@type\":\"WebSite\",\"@id\":\"https:\/\/noticiaempauta.com\/portal\/#website\",\"url\":\"https:\/\/noticiaempauta.com\/portal\/\",\"name\":\"Portal Not\u00edcia em Pauta\",\"description\":\"Voc\u00ea bem informado\",\"publisher\":{\"@id\":\"https:\/\/noticiaempauta.com\/portal\/#organization\"},\"potentialAction\":[{\"@type\":\"SearchAction\",\"target\":{\"@type\":\"EntryPoint\",\"urlTemplate\":\"https:\/\/noticiaempauta.com\/portal\/?s={search_term_string}\"},\"query-input\":{\"@type\":\"PropertyValueSpecification\",\"valueRequired\":true,\"valueName\":\"search_term_string\"}}],\"inLanguage\":\"pt-BR\"},{\"@type\":\"Organization\",\"@id\":\"https:\/\/noticiaempauta.com\/portal\/#organization\",\"name\":\"Portal Not\u00edcia em Pauta\",\"url\":\"https:\/\/noticiaempauta.com\/portal\/\",\"logo\":{\"@type\":\"ImageObject\",\"inLanguage\":\"pt-BR\",\"@id\":\"https:\/\/noticiaempauta.com\/portal\/#\/schema\/logo\/image\/\",\"url\":\"https:\/\/noticiaempauta.com\/portal\/wp-content\/uploads\/2022\/08\/logomarca_tema.fw_.png\",\"contentUrl\":\"https:\/\/noticiaempauta.com\/portal\/wp-content\/uploads\/2022\/08\/logomarca_tema.fw_.png\",\"width\":400,\"height\":232,\"caption\":\"Portal Not\u00edcia em Pauta\"},\"image\":{\"@id\":\"https:\/\/noticiaempauta.com\/portal\/#\/schema\/logo\/image\/\"},\"sameAs\":[\"https:\/\/www.facebook.com\/Portal-Notcia-Em-Pauta-102292869264820\/\",\"https:\/\/www.instagram.com\/portalnoticiaempauta\/\"]},{\"@type\":\"Person\",\"@id\":\"https:\/\/noticiaempauta.com\/portal\/#\/schema\/person\/a74af43dd1ab3deca45f988c717d57ac\",\"name\":\"Reda\u00e7\u00e3o\",\"image\":{\"@type\":\"ImageObject\",\"inLanguage\":\"pt-BR\",\"@id\":\"https:\/\/noticiaempauta.com\/portal\/#\/schema\/person\/image\/\",\"url\":\"https:\/\/secure.gravatar.com\/avatar\/03179346ecce6cdfc13361603e8f54242a90e5cde8618fa23c5c00aa2b0aadf3?s=96&d=mm&r=g\",\"contentUrl\":\"https:\/\/secure.gravatar.com\/avatar\/03179346ecce6cdfc13361603e8f54242a90e5cde8618fa23c5c00aa2b0aadf3?s=96&d=mm&r=g\",\"caption\":\"Reda\u00e7\u00e3o\"},\"sameAs\":[\"https:\/\/noticiaempauta.com\/portal\/\"],\"url\":\"https:\/\/noticiaempauta.com\/portal\/author\/fernando\/\"}]}<\/script>\n<!-- \/ Yoast SEO Premium plugin. -->","yoast_head_json":{"title":"Prefeito Pomp\u00edlio Evaristo \u00e9 empossado na presid\u00eancia da APPM - Portal Not\u00edcia em Pauta","robots":{"index":"index","follow":"follow","max-snippet":"max-snippet:-1","max-image-preview":"max-image-preview:large","max-video-preview":"max-video-preview:-1"},"canonical":"https:\/\/noticiaempauta.com\/portal\/prefeito-pompilio-evaristo-e-empossado-na-presidencia-da-appm\/","og_locale":"pt_BR","og_type":"article","og_title":"Prefeito Pomp\u00edlio Evaristo \u00e9 empossado na presid\u00eancia da APPM","og_description":"O prefeito de S\u00e3o Miguel do Tapuio (PI), Pomp\u00edlio Evaristo (PSD), tomou posse como o novo presidente da Associa\u00e7\u00e3o Piauiense de Munic\u00edpios (APPM), na manh\u00e3 desta segunda-feira (5). A posse contou com a presen\u00e7a do governador Rafael Fonteles (PT-PI) e do ministro do Desenvolvimento Social, Wellington Dias. Pomp\u00edlio Evaristo pautou o fim dos lix\u00f5es nos [&hellip;]","og_url":"https:\/\/noticiaempauta.com\/portal\/prefeito-pompilio-evaristo-e-empossado-na-presidencia-da-appm\/","og_site_name":"Portal Not\u00edcia em Pauta","article_publisher":"https:\/\/www.facebook.com\/Portal-Notcia-Em-Pauta-102292869264820\/","article_published_time":"2026-01-05T18:04:29+00:00","article_modified_time":"2026-01-05T18:04:30+00:00","og_image":[{"width":1280,"height":720,"url":"https:\/\/noticiaempauta.com\/portal\/wp-content\/uploads\/2026\/01\/Solenidade-na-APPM.webp","type":"image\/webp"}],"author":"Reda\u00e7\u00e3o","twitter_card":"summary_large_image","twitter_misc":{"Escrito por":"Reda\u00e7\u00e3o","Est. tempo de leitura":"2 minutos"},"schema":{"@context":"https:\/\/schema.org","@graph":[{"@type":"Article","@id":"https:\/\/noticiaempauta.com\/portal\/prefeito-pompilio-evaristo-e-empossado-na-presidencia-da-appm\/#article","isPartOf":{"@id":"https:\/\/noticiaempauta.com\/portal\/prefeito-pompilio-evaristo-e-empossado-na-presidencia-da-appm\/"},"author":{"name":"Reda\u00e7\u00e3o","@id":"https:\/\/noticiaempauta.com\/portal\/#\/schema\/person\/a74af43dd1ab3deca45f988c717d57ac"},"headline":"Prefeito Pomp\u00edlio Evaristo \u00e9 empossado na presid\u00eancia da APPM","datePublished":"2026-01-05T18:04:29+00:00","dateModified":"2026-01-05T18:04:30+00:00","mainEntityOfPage":{"@id":"https:\/\/noticiaempauta.com\/portal\/prefeito-pompilio-evaristo-e-empossado-na-presidencia-da-appm\/"},"wordCount":245,"publisher":{"@id":"https:\/\/noticiaempauta.com\/portal\/#organization"},"image":{"@id":"https:\/\/noticiaempauta.com\/portal\/prefeito-pompilio-evaristo-e-empossado-na-presidencia-da-appm\/#primaryimage"},"thumbnailUrl":"https:\/\/noticiaempauta.com\/portal\/wp-content\/uploads\/2026\/01\/Solenidade-na-APPM.webp","keywords":["destaqueprincipal"],"articleSection":["Destaques","Geral","Munic\u00edpios","Todas as Not\u00edcias"],"inLanguage":"pt-BR"},{"@type":"WebPage","@id":"https:\/\/noticiaempauta.com\/portal\/prefeito-pompilio-evaristo-e-empossado-na-presidencia-da-appm\/","url":"https:\/\/noticiaempauta.com\/portal\/prefeito-pompilio-evaristo-e-empossado-na-presidencia-da-appm\/","name":"Prefeito Pomp\u00edlio Evaristo \u00e9 empossado na presid\u00eancia da APPM - Portal Not\u00edcia em Pauta","isPartOf":{"@id":"https:\/\/noticiaempauta.com\/portal\/#website"},"primaryImageOfPage":{"@id":"https:\/\/noticiaempauta.com\/portal\/prefeito-pompilio-evaristo-e-empossado-na-presidencia-da-appm\/#primaryimage"},"image":{"@id":"https:\/\/noticiaempauta.com\/portal\/prefeito-pompilio-evaristo-e-empossado-na-presidencia-da-appm\/#primaryimage"},"thumbnailUrl":"https:\/\/noticiaempauta.com\/portal\/wp-content\/uploads\/2026\/01\/Solenidade-na-APPM.webp","datePublished":"2026-01-05T18:04:29+00:00","dateModified":"2026-01-05T18:04:30+00:00","breadcrumb":{"@id":"https:\/\/noticiaempauta.com\/portal\/prefeito-pompilio-evaristo-e-empossado-na-presidencia-da-appm\/#breadcrumb"},"inLanguage":"pt-BR","potentialAction":[{"@type":"ReadAction","target":["https:\/\/noticiaempauta.com\/portal\/prefeito-pompilio-evaristo-e-empossado-na-presidencia-da-appm\/"]}]},{"@type":"ImageObject","inLanguage":"pt-BR","@id":"https:\/\/noticiaempauta.com\/portal\/prefeito-pompilio-evaristo-e-empossado-na-presidencia-da-appm\/#primaryimage","url":"https:\/\/noticiaempauta.com\/portal\/wp-content\/uploads\/2026\/01\/Solenidade-na-APPM.webp","contentUrl":"https:\/\/noticiaempauta.com\/portal\/wp-content\/uploads\/2026\/01\/Solenidade-na-APPM.webp","width":1280,"height":720},{"@type":"BreadcrumbList","@id":"https:\/\/noticiaempauta.com\/portal\/prefeito-pompilio-evaristo-e-empossado-na-presidencia-da-appm\/#breadcrumb","itemListElement":[{"@type":"ListItem","position":1,"name":"P\u00e1gina Inicial","item":"https:\/\/noticiaempauta.com\/portal\/"},{"@type":"ListItem","position":2,"name":"Destaques","item":"https:\/\/noticiaempauta.com\/portal\/destaques-site\/"},{"@type":"ListItem","position":3,"name":"Prefeito Pomp\u00edlio Evaristo \u00e9 empossado na presid\u00eancia da APPM"}]},{"@type":"WebSite","@id":"https:\/\/noticiaempauta.com\/portal\/#website","url":"https:\/\/noticiaempauta.com\/portal\/","name":"Portal Not\u00edcia em Pauta","description":"Voc\u00ea bem informado","publisher":{"@id":"https:\/\/noticiaempauta.com\/portal\/#organization"},"potentialAction":[{"@type":"SearchAction","target":{"@type":"EntryPoint","urlTemplate":"https:\/\/noticiaempauta.com\/portal\/?s={search_term_string}"},"query-input":{"@type":"PropertyValueSpecification","valueRequired":true,"valueName":"search_term_string"}}],"inLanguage":"pt-BR"},{"@type":"Organization","@id":"https:\/\/noticiaempauta.com\/portal\/#organization","name":"Portal Not\u00edcia em Pauta","url":"https:\/\/noticiaempauta.com\/portal\/","logo":{"@type":"ImageObject","inLanguage":"pt-BR","@id":"https:\/\/noticiaempauta.com\/portal\/#\/schema\/logo\/image\/","url":"https:\/\/noticiaempauta.com\/portal\/wp-content\/uploads\/2022\/08\/logomarca_tema.fw_.png","contentUrl":"https:\/\/noticiaempauta.com\/portal\/wp-content\/uploads\/2022\/08\/logomarca_tema.fw_.png","width":400,"height":232,"caption":"Portal Not\u00edcia em Pauta"},"image":{"@id":"https:\/\/noticiaempauta.com\/portal\/#\/schema\/logo\/image\/"},"sameAs":["https:\/\/www.facebook.com\/Portal-Notcia-Em-Pauta-102292869264820\/","https:\/\/www.instagram.com\/portalnoticiaempauta\/"]},{"@type":"Person","@id":"https:\/\/noticiaempauta.com\/portal\/#\/schema\/person\/a74af43dd1ab3deca45f988c717d57ac","name":"Reda\u00e7\u00e3o","image":{"@type":"ImageObject","inLanguage":"pt-BR","@id":"https:\/\/noticiaempauta.com\/portal\/#\/schema\/person\/image\/","url":"https:\/\/secure.gravatar.com\/avatar\/03179346ecce6cdfc13361603e8f54242a90e5cde8618fa23c5c00aa2b0aadf3?s=96&d=mm&r=g","contentUrl":"https:\/\/secure.gravatar.com\/avatar\/03179346ecce6cdfc13361603e8f54242a90e5cde8618fa23c5c00aa2b0aadf3?s=96&d=mm&r=g","caption":"Reda\u00e7\u00e3o"},"sameAs":["https:\/\/noticiaempauta.com\/portal\/"],"url":"https:\/\/noticiaempauta.com\/portal\/author\/fernando\/"}]}},"_links":{"self":[{"href":"https:\/\/noticiaempauta.com\/portal\/wp-json\/wp\/v2\/posts\/283681","targetHints":{"allow":["GET"]}}],"collection":[{"href":"https:\/\/noticiaempauta.com\/portal\/wp-json\/wp\/v2\/posts"}],"about":[{"href":"https:\/\/noticiaempauta.com\/portal\/wp-json\/wp\/v2\/types\/post"}],"author":[{"embeddable":true,"href":"https:\/\/noticiaempauta.com\/portal\/wp-json\/wp\/v2\/users\/2"}],"replies":[{"embeddable":true,"href":"https:\/\/noticiaempauta.com\/portal\/wp-json\/wp\/v2\/comments?post=283681"}],"version-history":[{"count":2,"href":"https:\/\/noticiaempauta.com\/portal\/wp-json\/wp\/v2\/posts\/283681\/revisions"}],"predecessor-version":[{"id":283684,"href":"https:\/\/noticiaempauta.com\/portal\/wp-json\/wp\/v2\/posts\/283681\/revisions\/283684"}],"wp:featuredmedia":[{"embeddable":true,"href":"https:\/\/noticiaempauta.com\/portal\/wp-json\/wp\/v2\/media\/283682"}],"wp:attachment":[{"href":"https:\/\/noticiaempauta.com\/portal\/wp-json\/wp\/v2\/media?parent=283681"}],"wp:term":[{"taxonomy":"category","embeddable":true,"href":"https:\/\/noticiaempauta.com\/portal\/wp-json\/wp\/v2\/categories?post=283681"},{"taxonomy":"post_tag","embeddable":true,"href":"https:\/\/noticiaempauta.com\/portal\/wp-json\/wp\/v2\/tags?post=283681"}],"curies":[{"name":"wp","href":"https:\/\/api.w.org\/{rel}","templated":true}]}}