{"id":283708,"date":"2026-01-06T07:29:58","date_gmt":"2026-01-06T10:29:58","guid":{"rendered":"https:\/\/noticiaempauta.com\/portal\/?p=283708"},"modified":"2026-01-06T07:29:59","modified_gmt":"2026-01-06T10:29:59","slug":"acao-integrada-das-policias-militar-e-civil-prende-suspeito-de-homicidio-no-centro-de-picos","status":"publish","type":"post","link":"https:\/\/noticiaempauta.com\/portal\/acao-integrada-das-policias-militar-e-civil-prende-suspeito-de-homicidio-no-centro-de-picos\/","title":{"rendered":"A\u00e7\u00e3o integrada das pol\u00edcias Militar e Civil prende suspeito de homic\u00eddio no centro de Picos"},"content":{"rendered":"\n<p>Uma a\u00e7\u00e3o das for\u00e7as policiais em Picos resultou na pris\u00e3o de um homem suspeito de homic\u00eddio doloso, praticado na tarde do \u00faltimo domingo, no centro de Picos. <\/p>\n\n\n\n<figure class=\"wp-block-image size-large\"><img fetchpriority=\"high\" decoding=\"async\" width=\"1024\" height=\"913\" src=\"https:\/\/noticiaempauta.com\/portal\/wp-content\/uploads\/2026\/01\/IMG_0684-1024x913.webp\" alt=\"\" class=\"wp-image-283709\" srcset=\"https:\/\/noticiaempauta.com\/portal\/wp-content\/uploads\/2026\/01\/IMG_0684-1024x913.webp 1024w, https:\/\/noticiaempauta.com\/portal\/wp-content\/uploads\/2026\/01\/IMG_0684-300x267.webp 300w, https:\/\/noticiaempauta.com\/portal\/wp-content\/uploads\/2026\/01\/IMG_0684-768x685.webp 768w, https:\/\/noticiaempauta.com\/portal\/wp-content\/uploads\/2026\/01\/IMG_0684.webp 1169w\" sizes=\"(max-width: 1024px) 100vw, 1024px\" \/><\/figure>\n\n\n\n<p>Logo ap\u00f3s o crime as for\u00e7as policiais iniciaram intensas buscas continuadas a fim de localizarem o autor da morte do Sr. Ant\u00f4nio da Silva, conhecido como&nbsp;Ant\u00f4nio Cach\u00f4pa.<\/p>\n\n\n\n<figure class=\"wp-block-image size-full\"><img decoding=\"async\" width=\"785\" height=\"435\" src=\"https:\/\/noticiaempauta.com\/portal\/wp-content\/uploads\/2026\/01\/vitima-morta-dentro-de-oficina-0401503074d6b782.webp\" alt=\"\" class=\"wp-image-283666\" srcset=\"https:\/\/noticiaempauta.com\/portal\/wp-content\/uploads\/2026\/01\/vitima-morta-dentro-de-oficina-0401503074d6b782.webp 785w, https:\/\/noticiaempauta.com\/portal\/wp-content\/uploads\/2026\/01\/vitima-morta-dentro-de-oficina-0401503074d6b782-300x166.webp 300w, https:\/\/noticiaempauta.com\/portal\/wp-content\/uploads\/2026\/01\/vitima-morta-dentro-de-oficina-0401503074d6b782-768x426.webp 768w\" sizes=\"(max-width: 785px) 100vw, 785px\" \/><figcaption class=\"wp-element-caption\">V\u00edtima do homic\u00eddio no \u00faltimo domingo 04.<\/figcaption><\/figure>\n\n\n\n<p>A guarni\u00e7\u00e3o da For\u00e7a T\u00e1tica do 4\u2070 BPM realizava buscas cont\u00ednuas quando recebeu informa\u00e7\u00f5es repassadas pela Delegacia de Homic\u00eddios, Tr\u00e1fico de Drogas e Latroc\u00ednios (DHTL) de Picos, em conjunto com o N\u00facleo de Intelig\u00eancia do 4\u00ba BPM, indicando o poss\u00edvel paradeiro do autor do crime. <\/p>\n\n\n\n<figure class=\"wp-block-image size-large\"><img decoding=\"async\" width=\"610\" height=\"1024\" src=\"https:\/\/noticiaempauta.com\/portal\/wp-content\/uploads\/2026\/01\/IMG_0686-610x1024.webp\" alt=\"\" class=\"wp-image-283710\" srcset=\"https:\/\/noticiaempauta.com\/portal\/wp-content\/uploads\/2026\/01\/IMG_0686-610x1024.webp 610w, https:\/\/noticiaempauta.com\/portal\/wp-content\/uploads\/2026\/01\/IMG_0686-179x300.webp 179w, https:\/\/noticiaempauta.com\/portal\/wp-content\/uploads\/2026\/01\/IMG_0686-768x1290.webp 768w, https:\/\/noticiaempauta.com\/portal\/wp-content\/uploads\/2026\/01\/IMG_0686-914x1536.webp 914w, https:\/\/noticiaempauta.com\/portal\/wp-content\/uploads\/2026\/01\/IMG_0686.webp 1168w\" sizes=\"(max-width: 610px) 100vw, 610px\" \/><\/figure>\n\n\n\n<p>O suspeito, identificado pelas iniciais J.L. dos S., estaria escondido em um terreno baldio nas proximidades do local do homic\u00eddio.<\/p>\n\n\n\n<figure class=\"wp-block-image size-large\"><img loading=\"lazy\" decoding=\"async\" width=\"886\" height=\"1024\" src=\"https:\/\/noticiaempauta.com\/portal\/wp-content\/uploads\/2026\/01\/IMG_0685-886x1024.webp\" alt=\"\" class=\"wp-image-283711\" srcset=\"https:\/\/noticiaempauta.com\/portal\/wp-content\/uploads\/2026\/01\/IMG_0685-886x1024.webp 886w, https:\/\/noticiaempauta.com\/portal\/wp-content\/uploads\/2026\/01\/IMG_0685-260x300.webp 260w, https:\/\/noticiaempauta.com\/portal\/wp-content\/uploads\/2026\/01\/IMG_0685-768x888.webp 768w, https:\/\/noticiaempauta.com\/portal\/wp-content\/uploads\/2026\/01\/IMG_0685.webp 1168w\" sizes=\"(max-width: 886px) 100vw, 886px\" \/><\/figure>\n\n\n\n<p>Com base nas informa\u00e7\u00f5es, os policiais deslocaram-se at\u00e9 o endere\u00e7o indicado e lograram \u00eaxito na localiza\u00e7\u00e3o do indiv\u00edduo, que se encontrava acompanhado de sua companheira. A abordagem foi realizada sem intercorr\u00eancias, sendo o suspeito detido no local.<\/p>\n\n\n\n<p>Ap\u00f3s a pris\u00e3o, J.L. dos S. foi conduzido \u00e0 Central de Flagrantes, onde foram adotados os procedimentos legais cab\u00edveis. O caso permanece sob investiga\u00e7\u00e3o das autoridades competentes, ficando o suspeito \u00e0 disposi\u00e7\u00e3o da Justi\u00e7a.<\/p>\n\n\n\n<p>&#8220;Logo que tivemos a informa\u00e7\u00e3o do crime, somamos esfor\u00e7os ininterruptos com os colegas da DFHT de Picos no sentido de ajudarmos na localiza\u00e7\u00e3o do(s) eventual(ais) suspeito(s) deste crime t\u00e3o b\u00e1rbaro e que chocou a comunidade, j\u00e1 que o senhor Ant\u00f4nio Cachopa era um cidad\u00e3o bem quisto na cidade&#8221;, disse o Tenente &#8211; Coronel Felipe, Comandante do 4\u00ba Batalh\u00e3o da PM de Picos.<\/p>\n\n\n\n<p>Fonte: 4\u00ba BPM<br><\/p>\n\n\n\n<p><\/p>\n","protected":false},"excerpt":{"rendered":"<p>Uma a\u00e7\u00e3o das for\u00e7as policiais em Picos resultou na pris\u00e3o de um homem suspeito de homic\u00eddio doloso, praticado na tarde do \u00faltimo domingo, no centro de Picos. Logo ap\u00f3s o crime as for\u00e7as policiais iniciaram intensas buscas continuadas a fim de localizarem o autor da morte do Sr. Ant\u00f4nio da Silva, conhecido como&nbsp;Ant\u00f4nio Cach\u00f4pa. A [&hellip;]<\/p>\n","protected":false},"author":2,"featured_media":283709,"comment_status":"closed","ping_status":"closed","sticky":false,"template":"","format":"standard","meta":{"_mi_skip_tracking":false,"footnotes":""},"categories":[25,1,137,16],"tags":[192],"class_list":["post-283708","post","type-post","status-publish","format-standard","has-post-thumbnail","hentry","category-destaques-site","category-geral","category-policia","category-todas","tag-destaqueprincipal"],"acf":[],"yoast_head":"<!-- This site is optimized with the Yoast SEO Premium plugin v19.2 (Yoast SEO v26.9) - https:\/\/yoast.com\/product\/yoast-seo-premium-wordpress\/ -->\n<title>A\u00e7\u00e3o integrada das pol\u00edcias Militar e Civil prende suspeito de homic\u00eddio no centro de Picos - Portal Not\u00edcia em Pauta<\/title>\n<meta name=\"robots\" content=\"index, follow, max-snippet:-1, max-image-preview:large, max-video-preview:-1\" \/>\n<link rel=\"canonical\" href=\"https:\/\/noticiaempauta.com\/portal\/acao-integrada-das-policias-militar-e-civil-prende-suspeito-de-homicidio-no-centro-de-picos\/\" \/>\n<meta property=\"og:locale\" content=\"pt_BR\" \/>\n<meta property=\"og:type\" content=\"article\" \/>\n<meta property=\"og:title\" content=\"A\u00e7\u00e3o integrada das pol\u00edcias Militar e Civil prende suspeito de homic\u00eddio no centro de Picos\" \/>\n<meta property=\"og:description\" content=\"Uma a\u00e7\u00e3o das for\u00e7as policiais em Picos resultou na pris\u00e3o de um homem suspeito de homic\u00eddio doloso, praticado na tarde do \u00faltimo domingo, no centro de Picos. Logo ap\u00f3s o crime as for\u00e7as policiais iniciaram intensas buscas continuadas a fim de localizarem o autor da morte do Sr. Ant\u00f4nio da Silva, conhecido como&nbsp;Ant\u00f4nio Cach\u00f4pa. A [&hellip;]\" \/>\n<meta property=\"og:url\" content=\"https:\/\/noticiaempauta.com\/portal\/acao-integrada-das-policias-militar-e-civil-prende-suspeito-de-homicidio-no-centro-de-picos\/\" \/>\n<meta property=\"og:site_name\" content=\"Portal Not\u00edcia em Pauta\" \/>\n<meta property=\"article:publisher\" content=\"https:\/\/www.facebook.com\/Portal-Notcia-Em-Pauta-102292869264820\/\" \/>\n<meta property=\"article:published_time\" content=\"2026-01-06T10:29:58+00:00\" \/>\n<meta property=\"article:modified_time\" content=\"2026-01-06T10:29:59+00:00\" \/>\n<meta property=\"og:image\" content=\"https:\/\/noticiaempauta.com\/portal\/wp-content\/uploads\/2026\/01\/IMG_0684.webp\" \/>\n\t<meta property=\"og:image:width\" content=\"1169\" \/>\n\t<meta property=\"og:image:height\" content=\"1042\" \/>\n\t<meta property=\"og:image:type\" content=\"image\/webp\" \/>\n<meta name=\"author\" content=\"Reda\u00e7\u00e3o\" \/>\n<meta name=\"twitter:card\" content=\"summary_large_image\" \/>\n<meta name=\"twitter:label1\" content=\"Escrito por\" \/>\n\t<meta name=\"twitter:data1\" content=\"Reda\u00e7\u00e3o\" \/>\n\t<meta name=\"twitter:label2\" content=\"Est. tempo de leitura\" \/>\n\t<meta name=\"twitter:data2\" content=\"3 minutos\" \/>\n<script type=\"application\/ld+json\" class=\"yoast-schema-graph\">{\"@context\":\"https:\/\/schema.org\",\"@graph\":[{\"@type\":\"Article\",\"@id\":\"https:\/\/noticiaempauta.com\/portal\/acao-integrada-das-policias-militar-e-civil-prende-suspeito-de-homicidio-no-centro-de-picos\/#article\",\"isPartOf\":{\"@id\":\"https:\/\/noticiaempauta.com\/portal\/acao-integrada-das-policias-militar-e-civil-prende-suspeito-de-homicidio-no-centro-de-picos\/\"},\"author\":{\"name\":\"Reda\u00e7\u00e3o\",\"@id\":\"https:\/\/noticiaempauta.com\/portal\/#\/schema\/person\/a74af43dd1ab3deca45f988c717d57ac\"},\"headline\":\"A\u00e7\u00e3o integrada das pol\u00edcias Militar e Civil prende suspeito de homic\u00eddio no centro de Picos\",\"datePublished\":\"2026-01-06T10:29:58+00:00\",\"dateModified\":\"2026-01-06T10:29:59+00:00\",\"mainEntityOfPage\":{\"@id\":\"https:\/\/noticiaempauta.com\/portal\/acao-integrada-das-policias-militar-e-civil-prende-suspeito-de-homicidio-no-centro-de-picos\/\"},\"wordCount\":322,\"publisher\":{\"@id\":\"https:\/\/noticiaempauta.com\/portal\/#organization\"},\"image\":{\"@id\":\"https:\/\/noticiaempauta.com\/portal\/acao-integrada-das-policias-militar-e-civil-prende-suspeito-de-homicidio-no-centro-de-picos\/#primaryimage\"},\"thumbnailUrl\":\"https:\/\/noticiaempauta.com\/portal\/wp-content\/uploads\/2026\/01\/IMG_0684.webp\",\"keywords\":[\"destaqueprincipal\"],\"articleSection\":[\"Destaques\",\"Geral\",\"Pol\u00edcia\",\"Todas as Not\u00edcias\"],\"inLanguage\":\"pt-BR\"},{\"@type\":\"WebPage\",\"@id\":\"https:\/\/noticiaempauta.com\/portal\/acao-integrada-das-policias-militar-e-civil-prende-suspeito-de-homicidio-no-centro-de-picos\/\",\"url\":\"https:\/\/noticiaempauta.com\/portal\/acao-integrada-das-policias-militar-e-civil-prende-suspeito-de-homicidio-no-centro-de-picos\/\",\"name\":\"A\u00e7\u00e3o integrada das pol\u00edcias Militar e Civil prende suspeito de homic\u00eddio no centro de Picos - Portal Not\u00edcia em Pauta\",\"isPartOf\":{\"@id\":\"https:\/\/noticiaempauta.com\/portal\/#website\"},\"primaryImageOfPage\":{\"@id\":\"https:\/\/noticiaempauta.com\/portal\/acao-integrada-das-policias-militar-e-civil-prende-suspeito-de-homicidio-no-centro-de-picos\/#primaryimage\"},\"image\":{\"@id\":\"https:\/\/noticiaempauta.com\/portal\/acao-integrada-das-policias-militar-e-civil-prende-suspeito-de-homicidio-no-centro-de-picos\/#primaryimage\"},\"thumbnailUrl\":\"https:\/\/noticiaempauta.com\/portal\/wp-content\/uploads\/2026\/01\/IMG_0684.webp\",\"datePublished\":\"2026-01-06T10:29:58+00:00\",\"dateModified\":\"2026-01-06T10:29:59+00:00\",\"breadcrumb\":{\"@id\":\"https:\/\/noticiaempauta.com\/portal\/acao-integrada-das-policias-militar-e-civil-prende-suspeito-de-homicidio-no-centro-de-picos\/#breadcrumb\"},\"inLanguage\":\"pt-BR\",\"potentialAction\":[{\"@type\":\"ReadAction\",\"target\":[\"https:\/\/noticiaempauta.com\/portal\/acao-integrada-das-policias-militar-e-civil-prende-suspeito-de-homicidio-no-centro-de-picos\/\"]}]},{\"@type\":\"ImageObject\",\"inLanguage\":\"pt-BR\",\"@id\":\"https:\/\/noticiaempauta.com\/portal\/acao-integrada-das-policias-militar-e-civil-prende-suspeito-de-homicidio-no-centro-de-picos\/#primaryimage\",\"url\":\"https:\/\/noticiaempauta.com\/portal\/wp-content\/uploads\/2026\/01\/IMG_0684.webp\",\"contentUrl\":\"https:\/\/noticiaempauta.com\/portal\/wp-content\/uploads\/2026\/01\/IMG_0684.webp\",\"width\":1169,\"height\":1042},{\"@type\":\"BreadcrumbList\",\"@id\":\"https:\/\/noticiaempauta.com\/portal\/acao-integrada-das-policias-militar-e-civil-prende-suspeito-de-homicidio-no-centro-de-picos\/#breadcrumb\",\"itemListElement\":[{\"@type\":\"ListItem\",\"position\":1,\"name\":\"P\u00e1gina Inicial\",\"item\":\"https:\/\/noticiaempauta.com\/portal\/\"},{\"@type\":\"ListItem\",\"position\":2,\"name\":\"Geral\",\"item\":\"https:\/\/noticiaempauta.com\/portal\/geral\/\"},{\"@type\":\"ListItem\",\"position\":3,\"name\":\"A\u00e7\u00e3o integrada das pol\u00edcias Militar e Civil prende suspeito de homic\u00eddio no centro de Picos\"}]},{\"@type\":\"WebSite\",\"@id\":\"https:\/\/noticiaempauta.com\/portal\/#website\",\"url\":\"https:\/\/noticiaempauta.com\/portal\/\",\"name\":\"Portal Not\u00edcia em Pauta\",\"description\":\"Voc\u00ea bem informado\",\"publisher\":{\"@id\":\"https:\/\/noticiaempauta.com\/portal\/#organization\"},\"potentialAction\":[{\"@type\":\"SearchAction\",\"target\":{\"@type\":\"EntryPoint\",\"urlTemplate\":\"https:\/\/noticiaempauta.com\/portal\/?s={search_term_string}\"},\"query-input\":{\"@type\":\"PropertyValueSpecification\",\"valueRequired\":true,\"valueName\":\"search_term_string\"}}],\"inLanguage\":\"pt-BR\"},{\"@type\":\"Organization\",\"@id\":\"https:\/\/noticiaempauta.com\/portal\/#organization\",\"name\":\"Portal Not\u00edcia em Pauta\",\"url\":\"https:\/\/noticiaempauta.com\/portal\/\",\"logo\":{\"@type\":\"ImageObject\",\"inLanguage\":\"pt-BR\",\"@id\":\"https:\/\/noticiaempauta.com\/portal\/#\/schema\/logo\/image\/\",\"url\":\"https:\/\/noticiaempauta.com\/portal\/wp-content\/uploads\/2022\/08\/logomarca_tema.fw_.png\",\"contentUrl\":\"https:\/\/noticiaempauta.com\/portal\/wp-content\/uploads\/2022\/08\/logomarca_tema.fw_.png\",\"width\":400,\"height\":232,\"caption\":\"Portal Not\u00edcia em Pauta\"},\"image\":{\"@id\":\"https:\/\/noticiaempauta.com\/portal\/#\/schema\/logo\/image\/\"},\"sameAs\":[\"https:\/\/www.facebook.com\/Portal-Notcia-Em-Pauta-102292869264820\/\",\"https:\/\/www.instagram.com\/portalnoticiaempauta\/\"]},{\"@type\":\"Person\",\"@id\":\"https:\/\/noticiaempauta.com\/portal\/#\/schema\/person\/a74af43dd1ab3deca45f988c717d57ac\",\"name\":\"Reda\u00e7\u00e3o\",\"image\":{\"@type\":\"ImageObject\",\"inLanguage\":\"pt-BR\",\"@id\":\"https:\/\/noticiaempauta.com\/portal\/#\/schema\/person\/image\/\",\"url\":\"https:\/\/secure.gravatar.com\/avatar\/03179346ecce6cdfc13361603e8f54242a90e5cde8618fa23c5c00aa2b0aadf3?s=96&d=mm&r=g\",\"contentUrl\":\"https:\/\/secure.gravatar.com\/avatar\/03179346ecce6cdfc13361603e8f54242a90e5cde8618fa23c5c00aa2b0aadf3?s=96&d=mm&r=g\",\"caption\":\"Reda\u00e7\u00e3o\"},\"sameAs\":[\"https:\/\/noticiaempauta.com\/portal\/\"],\"url\":\"https:\/\/noticiaempauta.com\/portal\/author\/fernando\/\"}]}<\/script>\n<!-- \/ Yoast SEO Premium plugin. -->","yoast_head_json":{"title":"A\u00e7\u00e3o integrada das pol\u00edcias Militar e Civil prende suspeito de homic\u00eddio no centro de Picos - Portal Not\u00edcia em Pauta","robots":{"index":"index","follow":"follow","max-snippet":"max-snippet:-1","max-image-preview":"max-image-preview:large","max-video-preview":"max-video-preview:-1"},"canonical":"https:\/\/noticiaempauta.com\/portal\/acao-integrada-das-policias-militar-e-civil-prende-suspeito-de-homicidio-no-centro-de-picos\/","og_locale":"pt_BR","og_type":"article","og_title":"A\u00e7\u00e3o integrada das pol\u00edcias Militar e Civil prende suspeito de homic\u00eddio no centro de Picos","og_description":"Uma a\u00e7\u00e3o das for\u00e7as policiais em Picos resultou na pris\u00e3o de um homem suspeito de homic\u00eddio doloso, praticado na tarde do \u00faltimo domingo, no centro de Picos. Logo ap\u00f3s o crime as for\u00e7as policiais iniciaram intensas buscas continuadas a fim de localizarem o autor da morte do Sr. Ant\u00f4nio da Silva, conhecido como&nbsp;Ant\u00f4nio Cach\u00f4pa. A [&hellip;]","og_url":"https:\/\/noticiaempauta.com\/portal\/acao-integrada-das-policias-militar-e-civil-prende-suspeito-de-homicidio-no-centro-de-picos\/","og_site_name":"Portal Not\u00edcia em Pauta","article_publisher":"https:\/\/www.facebook.com\/Portal-Notcia-Em-Pauta-102292869264820\/","article_published_time":"2026-01-06T10:29:58+00:00","article_modified_time":"2026-01-06T10:29:59+00:00","og_image":[{"width":1169,"height":1042,"url":"https:\/\/noticiaempauta.com\/portal\/wp-content\/uploads\/2026\/01\/IMG_0684.webp","type":"image\/webp"}],"author":"Reda\u00e7\u00e3o","twitter_card":"summary_large_image","twitter_misc":{"Escrito por":"Reda\u00e7\u00e3o","Est. tempo de leitura":"3 minutos"},"schema":{"@context":"https:\/\/schema.org","@graph":[{"@type":"Article","@id":"https:\/\/noticiaempauta.com\/portal\/acao-integrada-das-policias-militar-e-civil-prende-suspeito-de-homicidio-no-centro-de-picos\/#article","isPartOf":{"@id":"https:\/\/noticiaempauta.com\/portal\/acao-integrada-das-policias-militar-e-civil-prende-suspeito-de-homicidio-no-centro-de-picos\/"},"author":{"name":"Reda\u00e7\u00e3o","@id":"https:\/\/noticiaempauta.com\/portal\/#\/schema\/person\/a74af43dd1ab3deca45f988c717d57ac"},"headline":"A\u00e7\u00e3o integrada das pol\u00edcias Militar e Civil prende suspeito de homic\u00eddio no centro de Picos","datePublished":"2026-01-06T10:29:58+00:00","dateModified":"2026-01-06T10:29:59+00:00","mainEntityOfPage":{"@id":"https:\/\/noticiaempauta.com\/portal\/acao-integrada-das-policias-militar-e-civil-prende-suspeito-de-homicidio-no-centro-de-picos\/"},"wordCount":322,"publisher":{"@id":"https:\/\/noticiaempauta.com\/portal\/#organization"},"image":{"@id":"https:\/\/noticiaempauta.com\/portal\/acao-integrada-das-policias-militar-e-civil-prende-suspeito-de-homicidio-no-centro-de-picos\/#primaryimage"},"thumbnailUrl":"https:\/\/noticiaempauta.com\/portal\/wp-content\/uploads\/2026\/01\/IMG_0684.webp","keywords":["destaqueprincipal"],"articleSection":["Destaques","Geral","Pol\u00edcia","Todas as Not\u00edcias"],"inLanguage":"pt-BR"},{"@type":"WebPage","@id":"https:\/\/noticiaempauta.com\/portal\/acao-integrada-das-policias-militar-e-civil-prende-suspeito-de-homicidio-no-centro-de-picos\/","url":"https:\/\/noticiaempauta.com\/portal\/acao-integrada-das-policias-militar-e-civil-prende-suspeito-de-homicidio-no-centro-de-picos\/","name":"A\u00e7\u00e3o integrada das pol\u00edcias Militar e Civil prende suspeito de homic\u00eddio no centro de Picos - Portal Not\u00edcia em Pauta","isPartOf":{"@id":"https:\/\/noticiaempauta.com\/portal\/#website"},"primaryImageOfPage":{"@id":"https:\/\/noticiaempauta.com\/portal\/acao-integrada-das-policias-militar-e-civil-prende-suspeito-de-homicidio-no-centro-de-picos\/#primaryimage"},"image":{"@id":"https:\/\/noticiaempauta.com\/portal\/acao-integrada-das-policias-militar-e-civil-prende-suspeito-de-homicidio-no-centro-de-picos\/#primaryimage"},"thumbnailUrl":"https:\/\/noticiaempauta.com\/portal\/wp-content\/uploads\/2026\/01\/IMG_0684.webp","datePublished":"2026-01-06T10:29:58+00:00","dateModified":"2026-01-06T10:29:59+00:00","breadcrumb":{"@id":"https:\/\/noticiaempauta.com\/portal\/acao-integrada-das-policias-militar-e-civil-prende-suspeito-de-homicidio-no-centro-de-picos\/#breadcrumb"},"inLanguage":"pt-BR","potentialAction":[{"@type":"ReadAction","target":["https:\/\/noticiaempauta.com\/portal\/acao-integrada-das-policias-militar-e-civil-prende-suspeito-de-homicidio-no-centro-de-picos\/"]}]},{"@type":"ImageObject","inLanguage":"pt-BR","@id":"https:\/\/noticiaempauta.com\/portal\/acao-integrada-das-policias-militar-e-civil-prende-suspeito-de-homicidio-no-centro-de-picos\/#primaryimage","url":"https:\/\/noticiaempauta.com\/portal\/wp-content\/uploads\/2026\/01\/IMG_0684.webp","contentUrl":"https:\/\/noticiaempauta.com\/portal\/wp-content\/uploads\/2026\/01\/IMG_0684.webp","width":1169,"height":1042},{"@type":"BreadcrumbList","@id":"https:\/\/noticiaempauta.com\/portal\/acao-integrada-das-policias-militar-e-civil-prende-suspeito-de-homicidio-no-centro-de-picos\/#breadcrumb","itemListElement":[{"@type":"ListItem","position":1,"name":"P\u00e1gina Inicial","item":"https:\/\/noticiaempauta.com\/portal\/"},{"@type":"ListItem","position":2,"name":"Geral","item":"https:\/\/noticiaempauta.com\/portal\/geral\/"},{"@type":"ListItem","position":3,"name":"A\u00e7\u00e3o integrada das pol\u00edcias Militar e Civil prende suspeito de homic\u00eddio no centro de Picos"}]},{"@type":"WebSite","@id":"https:\/\/noticiaempauta.com\/portal\/#website","url":"https:\/\/noticiaempauta.com\/portal\/","name":"Portal Not\u00edcia em Pauta","description":"Voc\u00ea bem informado","publisher":{"@id":"https:\/\/noticiaempauta.com\/portal\/#organization"},"potentialAction":[{"@type":"SearchAction","target":{"@type":"EntryPoint","urlTemplate":"https:\/\/noticiaempauta.com\/portal\/?s={search_term_string}"},"query-input":{"@type":"PropertyValueSpecification","valueRequired":true,"valueName":"search_term_string"}}],"inLanguage":"pt-BR"},{"@type":"Organization","@id":"https:\/\/noticiaempauta.com\/portal\/#organization","name":"Portal Not\u00edcia em Pauta","url":"https:\/\/noticiaempauta.com\/portal\/","logo":{"@type":"ImageObject","inLanguage":"pt-BR","@id":"https:\/\/noticiaempauta.com\/portal\/#\/schema\/logo\/image\/","url":"https:\/\/noticiaempauta.com\/portal\/wp-content\/uploads\/2022\/08\/logomarca_tema.fw_.png","contentUrl":"https:\/\/noticiaempauta.com\/portal\/wp-content\/uploads\/2022\/08\/logomarca_tema.fw_.png","width":400,"height":232,"caption":"Portal Not\u00edcia em Pauta"},"image":{"@id":"https:\/\/noticiaempauta.com\/portal\/#\/schema\/logo\/image\/"},"sameAs":["https:\/\/www.facebook.com\/Portal-Notcia-Em-Pauta-102292869264820\/","https:\/\/www.instagram.com\/portalnoticiaempauta\/"]},{"@type":"Person","@id":"https:\/\/noticiaempauta.com\/portal\/#\/schema\/person\/a74af43dd1ab3deca45f988c717d57ac","name":"Reda\u00e7\u00e3o","image":{"@type":"ImageObject","inLanguage":"pt-BR","@id":"https:\/\/noticiaempauta.com\/portal\/#\/schema\/person\/image\/","url":"https:\/\/secure.gravatar.com\/avatar\/03179346ecce6cdfc13361603e8f54242a90e5cde8618fa23c5c00aa2b0aadf3?s=96&d=mm&r=g","contentUrl":"https:\/\/secure.gravatar.com\/avatar\/03179346ecce6cdfc13361603e8f54242a90e5cde8618fa23c5c00aa2b0aadf3?s=96&d=mm&r=g","caption":"Reda\u00e7\u00e3o"},"sameAs":["https:\/\/noticiaempauta.com\/portal\/"],"url":"https:\/\/noticiaempauta.com\/portal\/author\/fernando\/"}]}},"_links":{"self":[{"href":"https:\/\/noticiaempauta.com\/portal\/wp-json\/wp\/v2\/posts\/283708","targetHints":{"allow":["GET"]}}],"collection":[{"href":"https:\/\/noticiaempauta.com\/portal\/wp-json\/wp\/v2\/posts"}],"about":[{"href":"https:\/\/noticiaempauta.com\/portal\/wp-json\/wp\/v2\/types\/post"}],"author":[{"embeddable":true,"href":"https:\/\/noticiaempauta.com\/portal\/wp-json\/wp\/v2\/users\/2"}],"replies":[{"embeddable":true,"href":"https:\/\/noticiaempauta.com\/portal\/wp-json\/wp\/v2\/comments?post=283708"}],"version-history":[{"count":2,"href":"https:\/\/noticiaempauta.com\/portal\/wp-json\/wp\/v2\/posts\/283708\/revisions"}],"predecessor-version":[{"id":283713,"href":"https:\/\/noticiaempauta.com\/portal\/wp-json\/wp\/v2\/posts\/283708\/revisions\/283713"}],"wp:featuredmedia":[{"embeddable":true,"href":"https:\/\/noticiaempauta.com\/portal\/wp-json\/wp\/v2\/media\/283709"}],"wp:attachment":[{"href":"https:\/\/noticiaempauta.com\/portal\/wp-json\/wp\/v2\/media?parent=283708"}],"wp:term":[{"taxonomy":"category","embeddable":true,"href":"https:\/\/noticiaempauta.com\/portal\/wp-json\/wp\/v2\/categories?post=283708"},{"taxonomy":"post_tag","embeddable":true,"href":"https:\/\/noticiaempauta.com\/portal\/wp-json\/wp\/v2\/tags?post=283708"}],"curies":[{"name":"wp","href":"https:\/\/api.w.org\/{rel}","templated":true}]}}