{"id":283729,"date":"2026-01-06T15:50:21","date_gmt":"2026-01-06T18:50:21","guid":{"rendered":"https:\/\/noticiaempauta.com\/portal\/?p=283729"},"modified":"2026-01-06T15:50:22","modified_gmt":"2026-01-06T18:50:22","slug":"picos-moradores-do-bairro-aerolandia-protestam-por-falta-de-agua","status":"publish","type":"post","link":"https:\/\/noticiaempauta.com\/portal\/picos-moradores-do-bairro-aerolandia-protestam-por-falta-de-agua\/","title":{"rendered":"Picos: Moradores do bairro Aerol\u00e2ndia protestam por falta de \u00e1gua"},"content":{"rendered":"\n<p>Moradores dos bairros Aerol\u00e2ndia e Bela Vista, em Picos, realizaram um protesto em frente ao reservat\u00f3rio da \u00c1guas do Piau\u00ed situado no bairro Aerol\u00e2ndia, na manh\u00e3 desta ter\u00e7a-feira (6). A reivindica\u00e7\u00e3o \u00e9 pela normaliza\u00e7\u00e3o do servi\u00e7o de abastecimento, que estaria prejudicado h\u00e1 pelo menos seis meses.<\/p>\n\n\n\n<figure class=\"wp-block-image size-large\"><img fetchpriority=\"high\" decoding=\"async\" width=\"1024\" height=\"768\" src=\"https:\/\/noticiaempauta.com\/portal\/wp-content\/uploads\/2026\/01\/WhatsApp-Image-2026-01-06-at-08.21.18-1024x768.webp\" alt=\"\" class=\"wp-image-283730\" srcset=\"https:\/\/noticiaempauta.com\/portal\/wp-content\/uploads\/2026\/01\/WhatsApp-Image-2026-01-06-at-08.21.18-1024x768.webp 1024w, https:\/\/noticiaempauta.com\/portal\/wp-content\/uploads\/2026\/01\/WhatsApp-Image-2026-01-06-at-08.21.18-300x225.webp 300w, https:\/\/noticiaempauta.com\/portal\/wp-content\/uploads\/2026\/01\/WhatsApp-Image-2026-01-06-at-08.21.18-768x576.webp 768w, https:\/\/noticiaempauta.com\/portal\/wp-content\/uploads\/2026\/01\/WhatsApp-Image-2026-01-06-at-08.21.18.webp 1280w\" sizes=\"(max-width: 1024px) 100vw, 1024px\" \/><figcaption class=\"wp-element-caption\"><em>(Foto: Carmo Neto\/ Rede Clube)<\/em><\/figcaption><\/figure>\n\n\n\n<p>O mestre de obras Francisco das Chagas denunciou estar h\u00e1 mais de um m\u00eas totalmente sem \u00e1gua em casa, mesmo pagando a conta.<\/p>\n\n\n\n<p>\u201cA situa\u00e7\u00e3o \u00e9 triste. Como que a gente paga um tal\u00e3o e n\u00e3o temos \u00e1gua h\u00e1 mais de 30 dias? H\u00e1 seis meses o abastecimento vem sendo prejudicado. A \u00e1gua chegava \u00e0 noite, consum\u00edamos um pouco ao dia e meio-dia acabava. A partir da virada do ano para c\u00e1, piorou\u201d, comentou.<\/p>\n\n\n\n<p>Com o abastecimento prejudicado, Francisco das Chagas relatou que tem uma crian\u00e7a de quatro meses em casa e n\u00e3o tem \u00e1gua para tomar banho ou fazer as necessidades b\u00e1sicas.<\/p>\n\n\n\n<p>\u201cN\u00e3o \u00e9 justo voc\u00ea pagar um tal\u00e3o e chegar em sua casa, abrir uma torneira e n\u00e3o ter \u00e1gua para tomar banho.<strong>&nbsp;<\/strong>Estamos tendo que fazer as necessidades em cima do morro. N\u00f3s queremos provid\u00eancias da \u00c1guas do Piau\u00ed\u201d, disse.<\/p>\n\n\n\n<p>Os moradores formalizaram uma den\u00fancia ao Minist\u00e9rio P\u00fablico do Piau\u00ed. O Programa de Prote\u00e7\u00e3o e Defesa do Consumidor (Procon) esteve no local e contou que ir\u00e1 marcar uma reuni\u00e3o com a concession\u00e1ria \u00c1guas do Piau\u00ed, na quarta-feira (7), para resolver o problema.<\/p>\n\n\n\n<p><strong>O QUE DIZ A \u00c1GUAS DO PIAU\u00cd<\/strong><\/p>\n\n\n\n<p><em>A \u00c1guas do Piau\u00ed informa que constatou uma perda de aproximadamente de 20% da vaz\u00e3o do po\u00e7o que atende o bairro Aerol\u00e2ndia, no munic\u00edpio de Picos, em decorr\u00eancia do longo per\u00edodo de estiagem, somada ao crescimento populacional da regi\u00e3o e ao aumento da demanda por consumo de \u00e1gua. Diante desse cen\u00e1rio, equipes t\u00e9cnicas seguem realizando an\u00e1lises e interven\u00e7\u00f5es em todo o sistema de abastecimento do bairro.<\/em><\/p>\n\n\n\n<p><em>Entre as a\u00e7\u00f5es j\u00e1 executadas est\u00e3o a setoriza\u00e7\u00e3o da rede, a substitui\u00e7\u00e3o da bomba do po\u00e7o principal e a inje\u00e7\u00e3o direta de \u00e1gua na rede de distribui\u00e7\u00e3o da comunidade. A concession\u00e1ria tamb\u00e9m iniciou uma s\u00e9rie de medidas para a reestrutura\u00e7\u00e3o do sistema, como a instala\u00e7\u00e3o de registros e de novos pontos de inje\u00e7\u00e3o, a interliga\u00e7\u00e3o de redes, al\u00e9m de reparos nos componentes do po\u00e7o, com o objetivo de melhorar o ciclo de distribui\u00e7\u00e3o de \u00e1gua.<\/em><\/p>\n\n\n\n<p><em>A empresa informa ainda que as ruas Sobradinhos I e II j\u00e1 apresentam retorno gradativo do abastecimento ap\u00f3s as interven\u00e7\u00f5es realizadas. As equipes permanecem atuando no bairro para dar continuidade \u00e0s a\u00e7\u00f5es mapeadas, visando \u00e0 regulariza\u00e7\u00e3o do fornecimento de \u00e1gua no menor tempo poss\u00edvel.<\/em><\/p>\n\n\n\n<p><em>A \u00c1guas do Piau\u00ed refor\u00e7a que segue trabalhando para a normaliza\u00e7\u00e3o do abastecimento no bairro Aerol\u00e2ndia e orienta que, em casos de desabastecimento ou necessidade de carros-pipa, a popula\u00e7\u00e3o entre em contato pelo n\u00famero 0800 223 2000 (liga\u00e7\u00f5es e WhatsApp) ou pelo aplicativo \u00c1guas App.<\/em><\/p>\n\n\n\n<p>Fonte: Portal Clube News<\/p>\n","protected":false},"excerpt":{"rendered":"<p>Moradores dos bairros Aerol\u00e2ndia e Bela Vista, em Picos, realizaram um protesto em frente ao reservat\u00f3rio da \u00c1guas do Piau\u00ed situado no bairro Aerol\u00e2ndia, na manh\u00e3 desta ter\u00e7a-feira (6). A reivindica\u00e7\u00e3o \u00e9 pela normaliza\u00e7\u00e3o do servi\u00e7o de abastecimento, que estaria prejudicado h\u00e1 pelo menos seis meses. O mestre de obras Francisco das Chagas denunciou estar [&hellip;]<\/p>\n","protected":false},"author":2,"featured_media":283730,"comment_status":"closed","ping_status":"closed","sticky":false,"template":"","format":"standard","meta":{"_mi_skip_tracking":false,"footnotes":""},"categories":[25,1,16],"tags":[],"class_list":["post-283729","post","type-post","status-publish","format-standard","has-post-thumbnail","hentry","category-destaques-site","category-geral","category-todas"],"acf":[],"yoast_head":"<!-- This site is optimized with the Yoast SEO Premium plugin v19.2 (Yoast SEO v26.9) - https:\/\/yoast.com\/product\/yoast-seo-premium-wordpress\/ -->\n<title>Picos: Moradores do bairro Aerol\u00e2ndia protestam por falta de \u00e1gua - Portal Not\u00edcia em Pauta<\/title>\n<meta name=\"robots\" content=\"index, follow, max-snippet:-1, max-image-preview:large, max-video-preview:-1\" \/>\n<link rel=\"canonical\" href=\"https:\/\/noticiaempauta.com\/portal\/picos-moradores-do-bairro-aerolandia-protestam-por-falta-de-agua\/\" \/>\n<meta property=\"og:locale\" content=\"pt_BR\" \/>\n<meta property=\"og:type\" content=\"article\" \/>\n<meta property=\"og:title\" content=\"Picos: Moradores do bairro Aerol\u00e2ndia protestam por falta de \u00e1gua\" \/>\n<meta property=\"og:description\" content=\"Moradores dos bairros Aerol\u00e2ndia e Bela Vista, em Picos, realizaram um protesto em frente ao reservat\u00f3rio da \u00c1guas do Piau\u00ed situado no bairro Aerol\u00e2ndia, na manh\u00e3 desta ter\u00e7a-feira (6). A reivindica\u00e7\u00e3o \u00e9 pela normaliza\u00e7\u00e3o do servi\u00e7o de abastecimento, que estaria prejudicado h\u00e1 pelo menos seis meses. O mestre de obras Francisco das Chagas denunciou estar [&hellip;]\" \/>\n<meta property=\"og:url\" content=\"https:\/\/noticiaempauta.com\/portal\/picos-moradores-do-bairro-aerolandia-protestam-por-falta-de-agua\/\" \/>\n<meta property=\"og:site_name\" content=\"Portal Not\u00edcia em Pauta\" \/>\n<meta property=\"article:publisher\" content=\"https:\/\/www.facebook.com\/Portal-Notcia-Em-Pauta-102292869264820\/\" \/>\n<meta property=\"article:published_time\" content=\"2026-01-06T18:50:21+00:00\" \/>\n<meta property=\"article:modified_time\" content=\"2026-01-06T18:50:22+00:00\" \/>\n<meta property=\"og:image\" content=\"https:\/\/noticiaempauta.com\/portal\/wp-content\/uploads\/2026\/01\/WhatsApp-Image-2026-01-06-at-08.21.18.webp\" \/>\n\t<meta property=\"og:image:width\" content=\"1280\" \/>\n\t<meta property=\"og:image:height\" content=\"960\" \/>\n\t<meta property=\"og:image:type\" content=\"image\/webp\" \/>\n<meta name=\"author\" content=\"Reda\u00e7\u00e3o\" \/>\n<meta name=\"twitter:card\" content=\"summary_large_image\" \/>\n<meta name=\"twitter:label1\" content=\"Escrito por\" \/>\n\t<meta name=\"twitter:data1\" content=\"Reda\u00e7\u00e3o\" \/>\n\t<meta name=\"twitter:label2\" content=\"Est. tempo de leitura\" \/>\n\t<meta name=\"twitter:data2\" content=\"4 minutos\" \/>\n<script type=\"application\/ld+json\" class=\"yoast-schema-graph\">{\"@context\":\"https:\/\/schema.org\",\"@graph\":[{\"@type\":\"Article\",\"@id\":\"https:\/\/noticiaempauta.com\/portal\/picos-moradores-do-bairro-aerolandia-protestam-por-falta-de-agua\/#article\",\"isPartOf\":{\"@id\":\"https:\/\/noticiaempauta.com\/portal\/picos-moradores-do-bairro-aerolandia-protestam-por-falta-de-agua\/\"},\"author\":{\"name\":\"Reda\u00e7\u00e3o\",\"@id\":\"https:\/\/noticiaempauta.com\/portal\/#\/schema\/person\/a74af43dd1ab3deca45f988c717d57ac\"},\"headline\":\"Picos: Moradores do bairro Aerol\u00e2ndia protestam por falta de \u00e1gua\",\"datePublished\":\"2026-01-06T18:50:21+00:00\",\"dateModified\":\"2026-01-06T18:50:22+00:00\",\"mainEntityOfPage\":{\"@id\":\"https:\/\/noticiaempauta.com\/portal\/picos-moradores-do-bairro-aerolandia-protestam-por-falta-de-agua\/\"},\"wordCount\":542,\"publisher\":{\"@id\":\"https:\/\/noticiaempauta.com\/portal\/#organization\"},\"image\":{\"@id\":\"https:\/\/noticiaempauta.com\/portal\/picos-moradores-do-bairro-aerolandia-protestam-por-falta-de-agua\/#primaryimage\"},\"thumbnailUrl\":\"https:\/\/noticiaempauta.com\/portal\/wp-content\/uploads\/2026\/01\/WhatsApp-Image-2026-01-06-at-08.21.18.webp\",\"articleSection\":[\"Destaques\",\"Geral\",\"Todas as Not\u00edcias\"],\"inLanguage\":\"pt-BR\"},{\"@type\":\"WebPage\",\"@id\":\"https:\/\/noticiaempauta.com\/portal\/picos-moradores-do-bairro-aerolandia-protestam-por-falta-de-agua\/\",\"url\":\"https:\/\/noticiaempauta.com\/portal\/picos-moradores-do-bairro-aerolandia-protestam-por-falta-de-agua\/\",\"name\":\"Picos: Moradores do bairro Aerol\u00e2ndia protestam por falta de \u00e1gua - Portal Not\u00edcia em Pauta\",\"isPartOf\":{\"@id\":\"https:\/\/noticiaempauta.com\/portal\/#website\"},\"primaryImageOfPage\":{\"@id\":\"https:\/\/noticiaempauta.com\/portal\/picos-moradores-do-bairro-aerolandia-protestam-por-falta-de-agua\/#primaryimage\"},\"image\":{\"@id\":\"https:\/\/noticiaempauta.com\/portal\/picos-moradores-do-bairro-aerolandia-protestam-por-falta-de-agua\/#primaryimage\"},\"thumbnailUrl\":\"https:\/\/noticiaempauta.com\/portal\/wp-content\/uploads\/2026\/01\/WhatsApp-Image-2026-01-06-at-08.21.18.webp\",\"datePublished\":\"2026-01-06T18:50:21+00:00\",\"dateModified\":\"2026-01-06T18:50:22+00:00\",\"breadcrumb\":{\"@id\":\"https:\/\/noticiaempauta.com\/portal\/picos-moradores-do-bairro-aerolandia-protestam-por-falta-de-agua\/#breadcrumb\"},\"inLanguage\":\"pt-BR\",\"potentialAction\":[{\"@type\":\"ReadAction\",\"target\":[\"https:\/\/noticiaempauta.com\/portal\/picos-moradores-do-bairro-aerolandia-protestam-por-falta-de-agua\/\"]}]},{\"@type\":\"ImageObject\",\"inLanguage\":\"pt-BR\",\"@id\":\"https:\/\/noticiaempauta.com\/portal\/picos-moradores-do-bairro-aerolandia-protestam-por-falta-de-agua\/#primaryimage\",\"url\":\"https:\/\/noticiaempauta.com\/portal\/wp-content\/uploads\/2026\/01\/WhatsApp-Image-2026-01-06-at-08.21.18.webp\",\"contentUrl\":\"https:\/\/noticiaempauta.com\/portal\/wp-content\/uploads\/2026\/01\/WhatsApp-Image-2026-01-06-at-08.21.18.webp\",\"width\":1280,\"height\":960},{\"@type\":\"BreadcrumbList\",\"@id\":\"https:\/\/noticiaempauta.com\/portal\/picos-moradores-do-bairro-aerolandia-protestam-por-falta-de-agua\/#breadcrumb\",\"itemListElement\":[{\"@type\":\"ListItem\",\"position\":1,\"name\":\"P\u00e1gina Inicial\",\"item\":\"https:\/\/noticiaempauta.com\/portal\/\"},{\"@type\":\"ListItem\",\"position\":2,\"name\":\"Destaques\",\"item\":\"https:\/\/noticiaempauta.com\/portal\/destaques-site\/\"},{\"@type\":\"ListItem\",\"position\":3,\"name\":\"Picos: Moradores do bairro Aerol\u00e2ndia protestam por falta de \u00e1gua\"}]},{\"@type\":\"WebSite\",\"@id\":\"https:\/\/noticiaempauta.com\/portal\/#website\",\"url\":\"https:\/\/noticiaempauta.com\/portal\/\",\"name\":\"Portal Not\u00edcia em Pauta\",\"description\":\"Voc\u00ea bem informado\",\"publisher\":{\"@id\":\"https:\/\/noticiaempauta.com\/portal\/#organization\"},\"potentialAction\":[{\"@type\":\"SearchAction\",\"target\":{\"@type\":\"EntryPoint\",\"urlTemplate\":\"https:\/\/noticiaempauta.com\/portal\/?s={search_term_string}\"},\"query-input\":{\"@type\":\"PropertyValueSpecification\",\"valueRequired\":true,\"valueName\":\"search_term_string\"}}],\"inLanguage\":\"pt-BR\"},{\"@type\":\"Organization\",\"@id\":\"https:\/\/noticiaempauta.com\/portal\/#organization\",\"name\":\"Portal Not\u00edcia em Pauta\",\"url\":\"https:\/\/noticiaempauta.com\/portal\/\",\"logo\":{\"@type\":\"ImageObject\",\"inLanguage\":\"pt-BR\",\"@id\":\"https:\/\/noticiaempauta.com\/portal\/#\/schema\/logo\/image\/\",\"url\":\"https:\/\/noticiaempauta.com\/portal\/wp-content\/uploads\/2022\/08\/logomarca_tema.fw_.png\",\"contentUrl\":\"https:\/\/noticiaempauta.com\/portal\/wp-content\/uploads\/2022\/08\/logomarca_tema.fw_.png\",\"width\":400,\"height\":232,\"caption\":\"Portal Not\u00edcia em Pauta\"},\"image\":{\"@id\":\"https:\/\/noticiaempauta.com\/portal\/#\/schema\/logo\/image\/\"},\"sameAs\":[\"https:\/\/www.facebook.com\/Portal-Notcia-Em-Pauta-102292869264820\/\",\"https:\/\/www.instagram.com\/portalnoticiaempauta\/\"]},{\"@type\":\"Person\",\"@id\":\"https:\/\/noticiaempauta.com\/portal\/#\/schema\/person\/a74af43dd1ab3deca45f988c717d57ac\",\"name\":\"Reda\u00e7\u00e3o\",\"image\":{\"@type\":\"ImageObject\",\"inLanguage\":\"pt-BR\",\"@id\":\"https:\/\/noticiaempauta.com\/portal\/#\/schema\/person\/image\/\",\"url\":\"https:\/\/secure.gravatar.com\/avatar\/03179346ecce6cdfc13361603e8f54242a90e5cde8618fa23c5c00aa2b0aadf3?s=96&d=mm&r=g\",\"contentUrl\":\"https:\/\/secure.gravatar.com\/avatar\/03179346ecce6cdfc13361603e8f54242a90e5cde8618fa23c5c00aa2b0aadf3?s=96&d=mm&r=g\",\"caption\":\"Reda\u00e7\u00e3o\"},\"sameAs\":[\"https:\/\/noticiaempauta.com\/portal\/\"],\"url\":\"https:\/\/noticiaempauta.com\/portal\/author\/fernando\/\"}]}<\/script>\n<!-- \/ Yoast SEO Premium plugin. -->","yoast_head_json":{"title":"Picos: Moradores do bairro Aerol\u00e2ndia protestam por falta de \u00e1gua - Portal Not\u00edcia em Pauta","robots":{"index":"index","follow":"follow","max-snippet":"max-snippet:-1","max-image-preview":"max-image-preview:large","max-video-preview":"max-video-preview:-1"},"canonical":"https:\/\/noticiaempauta.com\/portal\/picos-moradores-do-bairro-aerolandia-protestam-por-falta-de-agua\/","og_locale":"pt_BR","og_type":"article","og_title":"Picos: Moradores do bairro Aerol\u00e2ndia protestam por falta de \u00e1gua","og_description":"Moradores dos bairros Aerol\u00e2ndia e Bela Vista, em Picos, realizaram um protesto em frente ao reservat\u00f3rio da \u00c1guas do Piau\u00ed situado no bairro Aerol\u00e2ndia, na manh\u00e3 desta ter\u00e7a-feira (6). A reivindica\u00e7\u00e3o \u00e9 pela normaliza\u00e7\u00e3o do servi\u00e7o de abastecimento, que estaria prejudicado h\u00e1 pelo menos seis meses. O mestre de obras Francisco das Chagas denunciou estar [&hellip;]","og_url":"https:\/\/noticiaempauta.com\/portal\/picos-moradores-do-bairro-aerolandia-protestam-por-falta-de-agua\/","og_site_name":"Portal Not\u00edcia em Pauta","article_publisher":"https:\/\/www.facebook.com\/Portal-Notcia-Em-Pauta-102292869264820\/","article_published_time":"2026-01-06T18:50:21+00:00","article_modified_time":"2026-01-06T18:50:22+00:00","og_image":[{"width":1280,"height":960,"url":"https:\/\/noticiaempauta.com\/portal\/wp-content\/uploads\/2026\/01\/WhatsApp-Image-2026-01-06-at-08.21.18.webp","type":"image\/webp"}],"author":"Reda\u00e7\u00e3o","twitter_card":"summary_large_image","twitter_misc":{"Escrito por":"Reda\u00e7\u00e3o","Est. tempo de leitura":"4 minutos"},"schema":{"@context":"https:\/\/schema.org","@graph":[{"@type":"Article","@id":"https:\/\/noticiaempauta.com\/portal\/picos-moradores-do-bairro-aerolandia-protestam-por-falta-de-agua\/#article","isPartOf":{"@id":"https:\/\/noticiaempauta.com\/portal\/picos-moradores-do-bairro-aerolandia-protestam-por-falta-de-agua\/"},"author":{"name":"Reda\u00e7\u00e3o","@id":"https:\/\/noticiaempauta.com\/portal\/#\/schema\/person\/a74af43dd1ab3deca45f988c717d57ac"},"headline":"Picos: Moradores do bairro Aerol\u00e2ndia protestam por falta de \u00e1gua","datePublished":"2026-01-06T18:50:21+00:00","dateModified":"2026-01-06T18:50:22+00:00","mainEntityOfPage":{"@id":"https:\/\/noticiaempauta.com\/portal\/picos-moradores-do-bairro-aerolandia-protestam-por-falta-de-agua\/"},"wordCount":542,"publisher":{"@id":"https:\/\/noticiaempauta.com\/portal\/#organization"},"image":{"@id":"https:\/\/noticiaempauta.com\/portal\/picos-moradores-do-bairro-aerolandia-protestam-por-falta-de-agua\/#primaryimage"},"thumbnailUrl":"https:\/\/noticiaempauta.com\/portal\/wp-content\/uploads\/2026\/01\/WhatsApp-Image-2026-01-06-at-08.21.18.webp","articleSection":["Destaques","Geral","Todas as Not\u00edcias"],"inLanguage":"pt-BR"},{"@type":"WebPage","@id":"https:\/\/noticiaempauta.com\/portal\/picos-moradores-do-bairro-aerolandia-protestam-por-falta-de-agua\/","url":"https:\/\/noticiaempauta.com\/portal\/picos-moradores-do-bairro-aerolandia-protestam-por-falta-de-agua\/","name":"Picos: Moradores do bairro Aerol\u00e2ndia protestam por falta de \u00e1gua - Portal Not\u00edcia em Pauta","isPartOf":{"@id":"https:\/\/noticiaempauta.com\/portal\/#website"},"primaryImageOfPage":{"@id":"https:\/\/noticiaempauta.com\/portal\/picos-moradores-do-bairro-aerolandia-protestam-por-falta-de-agua\/#primaryimage"},"image":{"@id":"https:\/\/noticiaempauta.com\/portal\/picos-moradores-do-bairro-aerolandia-protestam-por-falta-de-agua\/#primaryimage"},"thumbnailUrl":"https:\/\/noticiaempauta.com\/portal\/wp-content\/uploads\/2026\/01\/WhatsApp-Image-2026-01-06-at-08.21.18.webp","datePublished":"2026-01-06T18:50:21+00:00","dateModified":"2026-01-06T18:50:22+00:00","breadcrumb":{"@id":"https:\/\/noticiaempauta.com\/portal\/picos-moradores-do-bairro-aerolandia-protestam-por-falta-de-agua\/#breadcrumb"},"inLanguage":"pt-BR","potentialAction":[{"@type":"ReadAction","target":["https:\/\/noticiaempauta.com\/portal\/picos-moradores-do-bairro-aerolandia-protestam-por-falta-de-agua\/"]}]},{"@type":"ImageObject","inLanguage":"pt-BR","@id":"https:\/\/noticiaempauta.com\/portal\/picos-moradores-do-bairro-aerolandia-protestam-por-falta-de-agua\/#primaryimage","url":"https:\/\/noticiaempauta.com\/portal\/wp-content\/uploads\/2026\/01\/WhatsApp-Image-2026-01-06-at-08.21.18.webp","contentUrl":"https:\/\/noticiaempauta.com\/portal\/wp-content\/uploads\/2026\/01\/WhatsApp-Image-2026-01-06-at-08.21.18.webp","width":1280,"height":960},{"@type":"BreadcrumbList","@id":"https:\/\/noticiaempauta.com\/portal\/picos-moradores-do-bairro-aerolandia-protestam-por-falta-de-agua\/#breadcrumb","itemListElement":[{"@type":"ListItem","position":1,"name":"P\u00e1gina Inicial","item":"https:\/\/noticiaempauta.com\/portal\/"},{"@type":"ListItem","position":2,"name":"Destaques","item":"https:\/\/noticiaempauta.com\/portal\/destaques-site\/"},{"@type":"ListItem","position":3,"name":"Picos: Moradores do bairro Aerol\u00e2ndia protestam por falta de \u00e1gua"}]},{"@type":"WebSite","@id":"https:\/\/noticiaempauta.com\/portal\/#website","url":"https:\/\/noticiaempauta.com\/portal\/","name":"Portal Not\u00edcia em Pauta","description":"Voc\u00ea bem informado","publisher":{"@id":"https:\/\/noticiaempauta.com\/portal\/#organization"},"potentialAction":[{"@type":"SearchAction","target":{"@type":"EntryPoint","urlTemplate":"https:\/\/noticiaempauta.com\/portal\/?s={search_term_string}"},"query-input":{"@type":"PropertyValueSpecification","valueRequired":true,"valueName":"search_term_string"}}],"inLanguage":"pt-BR"},{"@type":"Organization","@id":"https:\/\/noticiaempauta.com\/portal\/#organization","name":"Portal Not\u00edcia em Pauta","url":"https:\/\/noticiaempauta.com\/portal\/","logo":{"@type":"ImageObject","inLanguage":"pt-BR","@id":"https:\/\/noticiaempauta.com\/portal\/#\/schema\/logo\/image\/","url":"https:\/\/noticiaempauta.com\/portal\/wp-content\/uploads\/2022\/08\/logomarca_tema.fw_.png","contentUrl":"https:\/\/noticiaempauta.com\/portal\/wp-content\/uploads\/2022\/08\/logomarca_tema.fw_.png","width":400,"height":232,"caption":"Portal Not\u00edcia em Pauta"},"image":{"@id":"https:\/\/noticiaempauta.com\/portal\/#\/schema\/logo\/image\/"},"sameAs":["https:\/\/www.facebook.com\/Portal-Notcia-Em-Pauta-102292869264820\/","https:\/\/www.instagram.com\/portalnoticiaempauta\/"]},{"@type":"Person","@id":"https:\/\/noticiaempauta.com\/portal\/#\/schema\/person\/a74af43dd1ab3deca45f988c717d57ac","name":"Reda\u00e7\u00e3o","image":{"@type":"ImageObject","inLanguage":"pt-BR","@id":"https:\/\/noticiaempauta.com\/portal\/#\/schema\/person\/image\/","url":"https:\/\/secure.gravatar.com\/avatar\/03179346ecce6cdfc13361603e8f54242a90e5cde8618fa23c5c00aa2b0aadf3?s=96&d=mm&r=g","contentUrl":"https:\/\/secure.gravatar.com\/avatar\/03179346ecce6cdfc13361603e8f54242a90e5cde8618fa23c5c00aa2b0aadf3?s=96&d=mm&r=g","caption":"Reda\u00e7\u00e3o"},"sameAs":["https:\/\/noticiaempauta.com\/portal\/"],"url":"https:\/\/noticiaempauta.com\/portal\/author\/fernando\/"}]}},"_links":{"self":[{"href":"https:\/\/noticiaempauta.com\/portal\/wp-json\/wp\/v2\/posts\/283729","targetHints":{"allow":["GET"]}}],"collection":[{"href":"https:\/\/noticiaempauta.com\/portal\/wp-json\/wp\/v2\/posts"}],"about":[{"href":"https:\/\/noticiaempauta.com\/portal\/wp-json\/wp\/v2\/types\/post"}],"author":[{"embeddable":true,"href":"https:\/\/noticiaempauta.com\/portal\/wp-json\/wp\/v2\/users\/2"}],"replies":[{"embeddable":true,"href":"https:\/\/noticiaempauta.com\/portal\/wp-json\/wp\/v2\/comments?post=283729"}],"version-history":[{"count":2,"href":"https:\/\/noticiaempauta.com\/portal\/wp-json\/wp\/v2\/posts\/283729\/revisions"}],"predecessor-version":[{"id":283732,"href":"https:\/\/noticiaempauta.com\/portal\/wp-json\/wp\/v2\/posts\/283729\/revisions\/283732"}],"wp:featuredmedia":[{"embeddable":true,"href":"https:\/\/noticiaempauta.com\/portal\/wp-json\/wp\/v2\/media\/283730"}],"wp:attachment":[{"href":"https:\/\/noticiaempauta.com\/portal\/wp-json\/wp\/v2\/media?parent=283729"}],"wp:term":[{"taxonomy":"category","embeddable":true,"href":"https:\/\/noticiaempauta.com\/portal\/wp-json\/wp\/v2\/categories?post=283729"},{"taxonomy":"post_tag","embeddable":true,"href":"https:\/\/noticiaempauta.com\/portal\/wp-json\/wp\/v2\/tags?post=283729"}],"curies":[{"name":"wp","href":"https:\/\/api.w.org\/{rel}","templated":true}]}}