{"id":283733,"date":"2026-01-06T19:21:31","date_gmt":"2026-01-06T22:21:31","guid":{"rendered":"https:\/\/noticiaempauta.com\/portal\/?p=283733"},"modified":"2026-01-06T19:21:32","modified_gmt":"2026-01-06T22:21:32","slug":"legislativo-comemora-resultados-do-avanca-alepi-em-2025","status":"publish","type":"post","link":"https:\/\/noticiaempauta.com\/portal\/legislativo-comemora-resultados-do-avanca-alepi-em-2025\/","title":{"rendered":"Legislativo comemora resultados do \u201cAvan\u00e7a Alepi\u201d em 2025"},"content":{"rendered":"\n<p>Com menos de um ano de implanta\u00e7\u00e3o, o programa Avan\u00e7a Alepi apresenta resultados concretos, como a amplia\u00e7\u00e3o da transpar\u00eancia e da presen\u00e7a institucional do Legislativo nas principais regi\u00f5es do Piau\u00ed, fortalecimento da rela\u00e7\u00e3o entre parlamentares e sociedade, aumento expressivo do n\u00famero de capacita\u00e7\u00f5es e melhoria do fluxo administrativo interno.<\/p>\n\n\n\n<figure class=\"wp-block-image size-full\"><img fetchpriority=\"high\" decoding=\"async\" width=\"600\" height=\"400\" src=\"https:\/\/noticiaempauta.com\/portal\/wp-content\/uploads\/2026\/01\/IMG_0745.webp\" alt=\"\" class=\"wp-image-283734\" srcset=\"https:\/\/noticiaempauta.com\/portal\/wp-content\/uploads\/2026\/01\/IMG_0745.webp 600w, https:\/\/noticiaempauta.com\/portal\/wp-content\/uploads\/2026\/01\/IMG_0745-300x200.webp 300w\" sizes=\"(max-width: 600px) 100vw, 600px\" \/><\/figure>\n\n\n\n<p>Lan\u00e7ado oficialmente em mar\u00e7o deste ano, na gest\u00e3o do presidente Severo Eul\u00e1lio (MDB), o Avan\u00e7a Alepi consiste em um programa de a\u00e7\u00f5es estrat\u00e9gicas para o bi\u00eanio 2025\/2026, voltadas \u00e0 gest\u00e3o interna, transpar\u00eancia, qualifica\u00e7\u00e3o de servidores e aproxima\u00e7\u00e3o entre o Legislativo e a popula\u00e7\u00e3o.<\/p>\n\n\n\n<p>\u201cNos \u00faltimos meses, instalamos o Legislativo em oito munic\u00edpios-polo, para captar in loco as demandas de cada uma dessas regi\u00f5es, levando conhecimento e tamb\u00e9m um pouco da hist\u00f3ria da Casa, por meio da exposi\u00e7\u00e3o fotogr\u00e1fica em comemora\u00e7\u00e3o aos 190 anos da Assembleia\u201d, afirma o presidente Severo.<\/p>\n\n\n\n<p>A descentraliza\u00e7\u00e3o das a\u00e7\u00f5es do Legislativo \u00e9 um dos principais pilares do programa, a fim de permitir a amplia\u00e7\u00e3o do acesso da popula\u00e7\u00e3o \u00e0s decis\u00f5es pol\u00edticas, para que os piauienses do interior do estado participem de forma mais ativa das discuss\u00f5es, refor\u00e7ando o compromisso da atual gest\u00e3o com a promo\u00e7\u00e3o da participa\u00e7\u00e3o popular.<\/p>\n\n\n\n<p><strong>Interioriza\u00e7\u00e3o e Capacita\u00e7\u00e3o<\/strong><\/p>\n\n\n\n<p>A Escola Professor Wilson Brand\u00e3o assumiu papel central no eixo de forma\u00e7\u00e3o. A institui\u00e7\u00e3o foi respons\u00e1vel por levar cursos voltados a servidores, gestores p\u00fablicos e cidad\u00e3os para os munic\u00edpios de Picos, Oeiras, Esperantina, S\u00e3o Raimundo Nonato, Parna\u00edba, Floriano, Pedro II e Bom Jesus, onde o Legislativo foi instalado oficialmente.<\/p>\n\n\n\n<p>Foram abordados temas essenciais para a gest\u00e3o p\u00fablica, como planejamento, finan\u00e7as e uso respons\u00e1vel de recursos. As capacita\u00e7\u00f5es versaram sobre presta\u00e7\u00e3o de contas, reforma tribut\u00e1ria, leis or\u00e7ament\u00e1rias, processo e t\u00e9cnica legislativa municipal, tr\u00e2mite processual legislativo e intelig\u00eancia artificial, orat\u00f3ria e comunica\u00e7\u00e3o e engajamento digital.<\/p>\n\n\n\n<p>\u201cOs cursos levados ao interior superaram todas as nossas expectativas, reunindo centenas de participantes e fortalecendo a qualifica\u00e7\u00e3o de gestores p\u00fablicos. Em Pedro II, por exemplo, tivemos quase 500 inscritos, o que \u00e9 motivo de orgulho para n\u00f3s\u201d, destaca o diretor da Escola, Walber Coelho.<\/p>\n\n\n\n<p><strong>Digitaliza\u00e7\u00e3o e moderniza\u00e7\u00e3o administrativa<\/strong><\/p>\n\n\n\n<p>Uma das primeiras medidas implementadas no \u00e2mbito do Avan\u00e7a Alepi foi a integra\u00e7\u00e3o das diretorias e a reestrutura\u00e7\u00e3o de processos internos, com a ado\u00e7\u00e3o do Sistema Eletr\u00f4nico de Informa\u00e7\u00f5es (SEI). A iniciativa visava acelerar o fluxo administrativo, reduzir o uso de papel e tornar as rotinas mais seguras e transparentes.<\/p>\n\n\n\n<p>O arquivista Igor Lima, que integra a Comiss\u00e3o de Implanta\u00e7\u00e3o do SEI, informa que o trabalho est\u00e1 na fase final. \u201cAtualmente, o Arquivo Geral realiza a gest\u00e3o dos documentos f\u00edsicos da Assembleia. Com o SEI, essa rotina ser\u00e1 transformada. Passaremos a atuar em um ambiente eletr\u00f4nico, o que vai facilitar significativamente o trabalho dos servidores e gerar economia com custos de armazenamento\u201d, explica.<\/p>\n\n\n\n<p>Recentemente, foram reunidas as equipes de or\u00e7amento, contabilidade, recursos humanos e gest\u00e3o financeira, que passaram a alinhar pr\u00e1ticas e metas conjuntas dentro da pol\u00edtica de moderniza\u00e7\u00e3o da Casa. \u201cEstamos trabalhando por um Legislativo cada vez mais \u00e1gil, sustent\u00e1vel e eficiente\u201d, conclui o presidente Severo.<\/p>\n\n\n\n<p>Fonte: Alepi<\/p>\n\n\n\n<p><\/p>\n","protected":false},"excerpt":{"rendered":"<p>Com menos de um ano de implanta\u00e7\u00e3o, o programa Avan\u00e7a Alepi apresenta resultados concretos, como a amplia\u00e7\u00e3o da transpar\u00eancia e da presen\u00e7a institucional do Legislativo nas principais regi\u00f5es do Piau\u00ed, fortalecimento da rela\u00e7\u00e3o entre parlamentares e sociedade, aumento expressivo do n\u00famero de capacita\u00e7\u00f5es e melhoria do fluxo administrativo interno. Lan\u00e7ado oficialmente em mar\u00e7o deste ano, [&hellip;]<\/p>\n","protected":false},"author":2,"featured_media":283734,"comment_status":"closed","ping_status":"closed","sticky":false,"template":"","format":"standard","meta":{"_mi_skip_tracking":false,"footnotes":""},"categories":[25,1,16],"tags":[192],"class_list":["post-283733","post","type-post","status-publish","format-standard","has-post-thumbnail","hentry","category-destaques-site","category-geral","category-todas","tag-destaqueprincipal"],"acf":[],"yoast_head":"<!-- This site is optimized with the Yoast SEO Premium plugin v19.2 (Yoast SEO v26.9) - https:\/\/yoast.com\/product\/yoast-seo-premium-wordpress\/ -->\n<title>Legislativo comemora resultados do \u201cAvan\u00e7a Alepi\u201d em 2025 - Portal Not\u00edcia em Pauta<\/title>\n<meta name=\"robots\" content=\"index, follow, max-snippet:-1, max-image-preview:large, max-video-preview:-1\" \/>\n<link rel=\"canonical\" href=\"https:\/\/noticiaempauta.com\/portal\/legislativo-comemora-resultados-do-avanca-alepi-em-2025\/\" \/>\n<meta property=\"og:locale\" content=\"pt_BR\" \/>\n<meta property=\"og:type\" content=\"article\" \/>\n<meta property=\"og:title\" content=\"Legislativo comemora resultados do \u201cAvan\u00e7a Alepi\u201d em 2025\" \/>\n<meta property=\"og:description\" content=\"Com menos de um ano de implanta\u00e7\u00e3o, o programa Avan\u00e7a Alepi apresenta resultados concretos, como a amplia\u00e7\u00e3o da transpar\u00eancia e da presen\u00e7a institucional do Legislativo nas principais regi\u00f5es do Piau\u00ed, fortalecimento da rela\u00e7\u00e3o entre parlamentares e sociedade, aumento expressivo do n\u00famero de capacita\u00e7\u00f5es e melhoria do fluxo administrativo interno. Lan\u00e7ado oficialmente em mar\u00e7o deste ano, [&hellip;]\" \/>\n<meta property=\"og:url\" content=\"https:\/\/noticiaempauta.com\/portal\/legislativo-comemora-resultados-do-avanca-alepi-em-2025\/\" \/>\n<meta property=\"og:site_name\" content=\"Portal Not\u00edcia em Pauta\" \/>\n<meta property=\"article:publisher\" content=\"https:\/\/www.facebook.com\/Portal-Notcia-Em-Pauta-102292869264820\/\" \/>\n<meta property=\"article:published_time\" content=\"2026-01-06T22:21:31+00:00\" \/>\n<meta property=\"article:modified_time\" content=\"2026-01-06T22:21:32+00:00\" \/>\n<meta property=\"og:image\" content=\"https:\/\/noticiaempauta.com\/portal\/wp-content\/uploads\/2026\/01\/IMG_0745.webp\" \/>\n\t<meta property=\"og:image:width\" content=\"600\" \/>\n\t<meta property=\"og:image:height\" content=\"400\" \/>\n\t<meta property=\"og:image:type\" content=\"image\/webp\" \/>\n<meta name=\"author\" content=\"Reda\u00e7\u00e3o\" \/>\n<meta name=\"twitter:card\" content=\"summary_large_image\" \/>\n<meta name=\"twitter:label1\" content=\"Escrito por\" \/>\n\t<meta name=\"twitter:data1\" content=\"Reda\u00e7\u00e3o\" \/>\n\t<meta name=\"twitter:label2\" content=\"Est. tempo de leitura\" \/>\n\t<meta name=\"twitter:data2\" content=\"4 minutos\" \/>\n<script type=\"application\/ld+json\" class=\"yoast-schema-graph\">{\"@context\":\"https:\/\/schema.org\",\"@graph\":[{\"@type\":\"Article\",\"@id\":\"https:\/\/noticiaempauta.com\/portal\/legislativo-comemora-resultados-do-avanca-alepi-em-2025\/#article\",\"isPartOf\":{\"@id\":\"https:\/\/noticiaempauta.com\/portal\/legislativo-comemora-resultados-do-avanca-alepi-em-2025\/\"},\"author\":{\"name\":\"Reda\u00e7\u00e3o\",\"@id\":\"https:\/\/noticiaempauta.com\/portal\/#\/schema\/person\/a74af43dd1ab3deca45f988c717d57ac\"},\"headline\":\"Legislativo comemora resultados do \u201cAvan\u00e7a Alepi\u201d em 2025\",\"datePublished\":\"2026-01-06T22:21:31+00:00\",\"dateModified\":\"2026-01-06T22:21:32+00:00\",\"mainEntityOfPage\":{\"@id\":\"https:\/\/noticiaempauta.com\/portal\/legislativo-comemora-resultados-do-avanca-alepi-em-2025\/\"},\"wordCount\":584,\"publisher\":{\"@id\":\"https:\/\/noticiaempauta.com\/portal\/#organization\"},\"image\":{\"@id\":\"https:\/\/noticiaempauta.com\/portal\/legislativo-comemora-resultados-do-avanca-alepi-em-2025\/#primaryimage\"},\"thumbnailUrl\":\"https:\/\/noticiaempauta.com\/portal\/wp-content\/uploads\/2026\/01\/IMG_0745.webp\",\"keywords\":[\"destaqueprincipal\"],\"articleSection\":[\"Destaques\",\"Geral\",\"Todas as Not\u00edcias\"],\"inLanguage\":\"pt-BR\"},{\"@type\":\"WebPage\",\"@id\":\"https:\/\/noticiaempauta.com\/portal\/legislativo-comemora-resultados-do-avanca-alepi-em-2025\/\",\"url\":\"https:\/\/noticiaempauta.com\/portal\/legislativo-comemora-resultados-do-avanca-alepi-em-2025\/\",\"name\":\"Legislativo comemora resultados do \u201cAvan\u00e7a Alepi\u201d em 2025 - Portal Not\u00edcia em Pauta\",\"isPartOf\":{\"@id\":\"https:\/\/noticiaempauta.com\/portal\/#website\"},\"primaryImageOfPage\":{\"@id\":\"https:\/\/noticiaempauta.com\/portal\/legislativo-comemora-resultados-do-avanca-alepi-em-2025\/#primaryimage\"},\"image\":{\"@id\":\"https:\/\/noticiaempauta.com\/portal\/legislativo-comemora-resultados-do-avanca-alepi-em-2025\/#primaryimage\"},\"thumbnailUrl\":\"https:\/\/noticiaempauta.com\/portal\/wp-content\/uploads\/2026\/01\/IMG_0745.webp\",\"datePublished\":\"2026-01-06T22:21:31+00:00\",\"dateModified\":\"2026-01-06T22:21:32+00:00\",\"breadcrumb\":{\"@id\":\"https:\/\/noticiaempauta.com\/portal\/legislativo-comemora-resultados-do-avanca-alepi-em-2025\/#breadcrumb\"},\"inLanguage\":\"pt-BR\",\"potentialAction\":[{\"@type\":\"ReadAction\",\"target\":[\"https:\/\/noticiaempauta.com\/portal\/legislativo-comemora-resultados-do-avanca-alepi-em-2025\/\"]}]},{\"@type\":\"ImageObject\",\"inLanguage\":\"pt-BR\",\"@id\":\"https:\/\/noticiaempauta.com\/portal\/legislativo-comemora-resultados-do-avanca-alepi-em-2025\/#primaryimage\",\"url\":\"https:\/\/noticiaempauta.com\/portal\/wp-content\/uploads\/2026\/01\/IMG_0745.webp\",\"contentUrl\":\"https:\/\/noticiaempauta.com\/portal\/wp-content\/uploads\/2026\/01\/IMG_0745.webp\",\"width\":600,\"height\":400},{\"@type\":\"BreadcrumbList\",\"@id\":\"https:\/\/noticiaempauta.com\/portal\/legislativo-comemora-resultados-do-avanca-alepi-em-2025\/#breadcrumb\",\"itemListElement\":[{\"@type\":\"ListItem\",\"position\":1,\"name\":\"P\u00e1gina Inicial\",\"item\":\"https:\/\/noticiaempauta.com\/portal\/\"},{\"@type\":\"ListItem\",\"position\":2,\"name\":\"Destaques\",\"item\":\"https:\/\/noticiaempauta.com\/portal\/destaques-site\/\"},{\"@type\":\"ListItem\",\"position\":3,\"name\":\"Legislativo comemora resultados do \u201cAvan\u00e7a Alepi\u201d em 2025\"}]},{\"@type\":\"WebSite\",\"@id\":\"https:\/\/noticiaempauta.com\/portal\/#website\",\"url\":\"https:\/\/noticiaempauta.com\/portal\/\",\"name\":\"Portal Not\u00edcia em Pauta\",\"description\":\"Voc\u00ea bem informado\",\"publisher\":{\"@id\":\"https:\/\/noticiaempauta.com\/portal\/#organization\"},\"potentialAction\":[{\"@type\":\"SearchAction\",\"target\":{\"@type\":\"EntryPoint\",\"urlTemplate\":\"https:\/\/noticiaempauta.com\/portal\/?s={search_term_string}\"},\"query-input\":{\"@type\":\"PropertyValueSpecification\",\"valueRequired\":true,\"valueName\":\"search_term_string\"}}],\"inLanguage\":\"pt-BR\"},{\"@type\":\"Organization\",\"@id\":\"https:\/\/noticiaempauta.com\/portal\/#organization\",\"name\":\"Portal Not\u00edcia em Pauta\",\"url\":\"https:\/\/noticiaempauta.com\/portal\/\",\"logo\":{\"@type\":\"ImageObject\",\"inLanguage\":\"pt-BR\",\"@id\":\"https:\/\/noticiaempauta.com\/portal\/#\/schema\/logo\/image\/\",\"url\":\"https:\/\/noticiaempauta.com\/portal\/wp-content\/uploads\/2022\/08\/logomarca_tema.fw_.png\",\"contentUrl\":\"https:\/\/noticiaempauta.com\/portal\/wp-content\/uploads\/2022\/08\/logomarca_tema.fw_.png\",\"width\":400,\"height\":232,\"caption\":\"Portal Not\u00edcia em Pauta\"},\"image\":{\"@id\":\"https:\/\/noticiaempauta.com\/portal\/#\/schema\/logo\/image\/\"},\"sameAs\":[\"https:\/\/www.facebook.com\/Portal-Notcia-Em-Pauta-102292869264820\/\",\"https:\/\/www.instagram.com\/portalnoticiaempauta\/\"]},{\"@type\":\"Person\",\"@id\":\"https:\/\/noticiaempauta.com\/portal\/#\/schema\/person\/a74af43dd1ab3deca45f988c717d57ac\",\"name\":\"Reda\u00e7\u00e3o\",\"image\":{\"@type\":\"ImageObject\",\"inLanguage\":\"pt-BR\",\"@id\":\"https:\/\/noticiaempauta.com\/portal\/#\/schema\/person\/image\/\",\"url\":\"https:\/\/secure.gravatar.com\/avatar\/03179346ecce6cdfc13361603e8f54242a90e5cde8618fa23c5c00aa2b0aadf3?s=96&d=mm&r=g\",\"contentUrl\":\"https:\/\/secure.gravatar.com\/avatar\/03179346ecce6cdfc13361603e8f54242a90e5cde8618fa23c5c00aa2b0aadf3?s=96&d=mm&r=g\",\"caption\":\"Reda\u00e7\u00e3o\"},\"sameAs\":[\"https:\/\/noticiaempauta.com\/portal\/\"],\"url\":\"https:\/\/noticiaempauta.com\/portal\/author\/fernando\/\"}]}<\/script>\n<!-- \/ Yoast SEO Premium plugin. -->","yoast_head_json":{"title":"Legislativo comemora resultados do \u201cAvan\u00e7a Alepi\u201d em 2025 - Portal Not\u00edcia em Pauta","robots":{"index":"index","follow":"follow","max-snippet":"max-snippet:-1","max-image-preview":"max-image-preview:large","max-video-preview":"max-video-preview:-1"},"canonical":"https:\/\/noticiaempauta.com\/portal\/legislativo-comemora-resultados-do-avanca-alepi-em-2025\/","og_locale":"pt_BR","og_type":"article","og_title":"Legislativo comemora resultados do \u201cAvan\u00e7a Alepi\u201d em 2025","og_description":"Com menos de um ano de implanta\u00e7\u00e3o, o programa Avan\u00e7a Alepi apresenta resultados concretos, como a amplia\u00e7\u00e3o da transpar\u00eancia e da presen\u00e7a institucional do Legislativo nas principais regi\u00f5es do Piau\u00ed, fortalecimento da rela\u00e7\u00e3o entre parlamentares e sociedade, aumento expressivo do n\u00famero de capacita\u00e7\u00f5es e melhoria do fluxo administrativo interno. Lan\u00e7ado oficialmente em mar\u00e7o deste ano, [&hellip;]","og_url":"https:\/\/noticiaempauta.com\/portal\/legislativo-comemora-resultados-do-avanca-alepi-em-2025\/","og_site_name":"Portal Not\u00edcia em Pauta","article_publisher":"https:\/\/www.facebook.com\/Portal-Notcia-Em-Pauta-102292869264820\/","article_published_time":"2026-01-06T22:21:31+00:00","article_modified_time":"2026-01-06T22:21:32+00:00","og_image":[{"width":600,"height":400,"url":"https:\/\/noticiaempauta.com\/portal\/wp-content\/uploads\/2026\/01\/IMG_0745.webp","type":"image\/webp"}],"author":"Reda\u00e7\u00e3o","twitter_card":"summary_large_image","twitter_misc":{"Escrito por":"Reda\u00e7\u00e3o","Est. tempo de leitura":"4 minutos"},"schema":{"@context":"https:\/\/schema.org","@graph":[{"@type":"Article","@id":"https:\/\/noticiaempauta.com\/portal\/legislativo-comemora-resultados-do-avanca-alepi-em-2025\/#article","isPartOf":{"@id":"https:\/\/noticiaempauta.com\/portal\/legislativo-comemora-resultados-do-avanca-alepi-em-2025\/"},"author":{"name":"Reda\u00e7\u00e3o","@id":"https:\/\/noticiaempauta.com\/portal\/#\/schema\/person\/a74af43dd1ab3deca45f988c717d57ac"},"headline":"Legislativo comemora resultados do \u201cAvan\u00e7a Alepi\u201d em 2025","datePublished":"2026-01-06T22:21:31+00:00","dateModified":"2026-01-06T22:21:32+00:00","mainEntityOfPage":{"@id":"https:\/\/noticiaempauta.com\/portal\/legislativo-comemora-resultados-do-avanca-alepi-em-2025\/"},"wordCount":584,"publisher":{"@id":"https:\/\/noticiaempauta.com\/portal\/#organization"},"image":{"@id":"https:\/\/noticiaempauta.com\/portal\/legislativo-comemora-resultados-do-avanca-alepi-em-2025\/#primaryimage"},"thumbnailUrl":"https:\/\/noticiaempauta.com\/portal\/wp-content\/uploads\/2026\/01\/IMG_0745.webp","keywords":["destaqueprincipal"],"articleSection":["Destaques","Geral","Todas as Not\u00edcias"],"inLanguage":"pt-BR"},{"@type":"WebPage","@id":"https:\/\/noticiaempauta.com\/portal\/legislativo-comemora-resultados-do-avanca-alepi-em-2025\/","url":"https:\/\/noticiaempauta.com\/portal\/legislativo-comemora-resultados-do-avanca-alepi-em-2025\/","name":"Legislativo comemora resultados do \u201cAvan\u00e7a Alepi\u201d em 2025 - Portal Not\u00edcia em Pauta","isPartOf":{"@id":"https:\/\/noticiaempauta.com\/portal\/#website"},"primaryImageOfPage":{"@id":"https:\/\/noticiaempauta.com\/portal\/legislativo-comemora-resultados-do-avanca-alepi-em-2025\/#primaryimage"},"image":{"@id":"https:\/\/noticiaempauta.com\/portal\/legislativo-comemora-resultados-do-avanca-alepi-em-2025\/#primaryimage"},"thumbnailUrl":"https:\/\/noticiaempauta.com\/portal\/wp-content\/uploads\/2026\/01\/IMG_0745.webp","datePublished":"2026-01-06T22:21:31+00:00","dateModified":"2026-01-06T22:21:32+00:00","breadcrumb":{"@id":"https:\/\/noticiaempauta.com\/portal\/legislativo-comemora-resultados-do-avanca-alepi-em-2025\/#breadcrumb"},"inLanguage":"pt-BR","potentialAction":[{"@type":"ReadAction","target":["https:\/\/noticiaempauta.com\/portal\/legislativo-comemora-resultados-do-avanca-alepi-em-2025\/"]}]},{"@type":"ImageObject","inLanguage":"pt-BR","@id":"https:\/\/noticiaempauta.com\/portal\/legislativo-comemora-resultados-do-avanca-alepi-em-2025\/#primaryimage","url":"https:\/\/noticiaempauta.com\/portal\/wp-content\/uploads\/2026\/01\/IMG_0745.webp","contentUrl":"https:\/\/noticiaempauta.com\/portal\/wp-content\/uploads\/2026\/01\/IMG_0745.webp","width":600,"height":400},{"@type":"BreadcrumbList","@id":"https:\/\/noticiaempauta.com\/portal\/legislativo-comemora-resultados-do-avanca-alepi-em-2025\/#breadcrumb","itemListElement":[{"@type":"ListItem","position":1,"name":"P\u00e1gina Inicial","item":"https:\/\/noticiaempauta.com\/portal\/"},{"@type":"ListItem","position":2,"name":"Destaques","item":"https:\/\/noticiaempauta.com\/portal\/destaques-site\/"},{"@type":"ListItem","position":3,"name":"Legislativo comemora resultados do \u201cAvan\u00e7a Alepi\u201d em 2025"}]},{"@type":"WebSite","@id":"https:\/\/noticiaempauta.com\/portal\/#website","url":"https:\/\/noticiaempauta.com\/portal\/","name":"Portal Not\u00edcia em Pauta","description":"Voc\u00ea bem informado","publisher":{"@id":"https:\/\/noticiaempauta.com\/portal\/#organization"},"potentialAction":[{"@type":"SearchAction","target":{"@type":"EntryPoint","urlTemplate":"https:\/\/noticiaempauta.com\/portal\/?s={search_term_string}"},"query-input":{"@type":"PropertyValueSpecification","valueRequired":true,"valueName":"search_term_string"}}],"inLanguage":"pt-BR"},{"@type":"Organization","@id":"https:\/\/noticiaempauta.com\/portal\/#organization","name":"Portal Not\u00edcia em Pauta","url":"https:\/\/noticiaempauta.com\/portal\/","logo":{"@type":"ImageObject","inLanguage":"pt-BR","@id":"https:\/\/noticiaempauta.com\/portal\/#\/schema\/logo\/image\/","url":"https:\/\/noticiaempauta.com\/portal\/wp-content\/uploads\/2022\/08\/logomarca_tema.fw_.png","contentUrl":"https:\/\/noticiaempauta.com\/portal\/wp-content\/uploads\/2022\/08\/logomarca_tema.fw_.png","width":400,"height":232,"caption":"Portal Not\u00edcia em Pauta"},"image":{"@id":"https:\/\/noticiaempauta.com\/portal\/#\/schema\/logo\/image\/"},"sameAs":["https:\/\/www.facebook.com\/Portal-Notcia-Em-Pauta-102292869264820\/","https:\/\/www.instagram.com\/portalnoticiaempauta\/"]},{"@type":"Person","@id":"https:\/\/noticiaempauta.com\/portal\/#\/schema\/person\/a74af43dd1ab3deca45f988c717d57ac","name":"Reda\u00e7\u00e3o","image":{"@type":"ImageObject","inLanguage":"pt-BR","@id":"https:\/\/noticiaempauta.com\/portal\/#\/schema\/person\/image\/","url":"https:\/\/secure.gravatar.com\/avatar\/03179346ecce6cdfc13361603e8f54242a90e5cde8618fa23c5c00aa2b0aadf3?s=96&d=mm&r=g","contentUrl":"https:\/\/secure.gravatar.com\/avatar\/03179346ecce6cdfc13361603e8f54242a90e5cde8618fa23c5c00aa2b0aadf3?s=96&d=mm&r=g","caption":"Reda\u00e7\u00e3o"},"sameAs":["https:\/\/noticiaempauta.com\/portal\/"],"url":"https:\/\/noticiaempauta.com\/portal\/author\/fernando\/"}]}},"_links":{"self":[{"href":"https:\/\/noticiaempauta.com\/portal\/wp-json\/wp\/v2\/posts\/283733","targetHints":{"allow":["GET"]}}],"collection":[{"href":"https:\/\/noticiaempauta.com\/portal\/wp-json\/wp\/v2\/posts"}],"about":[{"href":"https:\/\/noticiaempauta.com\/portal\/wp-json\/wp\/v2\/types\/post"}],"author":[{"embeddable":true,"href":"https:\/\/noticiaempauta.com\/portal\/wp-json\/wp\/v2\/users\/2"}],"replies":[{"embeddable":true,"href":"https:\/\/noticiaempauta.com\/portal\/wp-json\/wp\/v2\/comments?post=283733"}],"version-history":[{"count":2,"href":"https:\/\/noticiaempauta.com\/portal\/wp-json\/wp\/v2\/posts\/283733\/revisions"}],"predecessor-version":[{"id":283736,"href":"https:\/\/noticiaempauta.com\/portal\/wp-json\/wp\/v2\/posts\/283733\/revisions\/283736"}],"wp:featuredmedia":[{"embeddable":true,"href":"https:\/\/noticiaempauta.com\/portal\/wp-json\/wp\/v2\/media\/283734"}],"wp:attachment":[{"href":"https:\/\/noticiaempauta.com\/portal\/wp-json\/wp\/v2\/media?parent=283733"}],"wp:term":[{"taxonomy":"category","embeddable":true,"href":"https:\/\/noticiaempauta.com\/portal\/wp-json\/wp\/v2\/categories?post=283733"},{"taxonomy":"post_tag","embeddable":true,"href":"https:\/\/noticiaempauta.com\/portal\/wp-json\/wp\/v2\/tags?post=283733"}],"curies":[{"name":"wp","href":"https:\/\/api.w.org\/{rel}","templated":true}]}}