{"id":283755,"date":"2026-01-07T11:06:25","date_gmt":"2026-01-07T14:06:25","guid":{"rendered":"https:\/\/noticiaempauta.com\/portal\/?p=283755"},"modified":"2026-01-07T11:06:27","modified_gmt":"2026-01-07T14:06:27","slug":"copa-leonardo-7-sera-retomada-nesta-quinta-feira-08-com-primeira-partida-da-oitavas-de-final","status":"publish","type":"post","link":"https:\/\/noticiaempauta.com\/portal\/copa-leonardo-7-sera-retomada-nesta-quinta-feira-08-com-primeira-partida-da-oitavas-de-final\/","title":{"rendered":"Copa Leonardo 7 ser\u00e1 retomada nesta quinta-feira (08) com primeira partida da oitavas de final"},"content":{"rendered":"\n<p>Como 19 equipes se inscreveram para participar da Copa Leonardo 7 de Futebol Amador, e devido a competi\u00e7\u00e3o ser disputada no sistema mata-mata, foi necess\u00e1rio que a Equipe T\u00e9cnica da SEMEL (Secretaria Municipal de Esportes e Lazer), da Prefeitura de Picos, respons\u00e1vel pela organiza\u00e7\u00e3o do certame, realizasse uma 1\u00aa fase, Pr\u00e9-oitavas de final, com tr\u00eas partidas, tudo definido atrav\u00e9s de sorteio.<\/p>\n\n\n\n<figure class=\"wp-block-image size-full\"><img fetchpriority=\"high\" decoding=\"async\" width=\"640\" height=\"421\" src=\"https:\/\/noticiaempauta.com\/portal\/wp-content\/uploads\/2026\/01\/capa.webp\" alt=\"\" class=\"wp-image-283756\" srcset=\"https:\/\/noticiaempauta.com\/portal\/wp-content\/uploads\/2026\/01\/capa.webp 640w, https:\/\/noticiaempauta.com\/portal\/wp-content\/uploads\/2026\/01\/capa-300x197.webp 300w\" sizes=\"(max-width: 640px) 100vw, 640px\" \/><\/figure>\n\n\n\n<p>As partidas da Pr\u00e9-oitavas de final terminaram com os seguintes placares: Galaticos 0 x 5 CRB, Pantanal 4 x 1 Pedrinhas e Morro Grande 0 x 3 Ajax Morro da AABB.<\/p>\n\n\n\n<p>Agora com 16 equipes participantes ter\u00e3o in\u00edcio as oitavas de final da Copa Leonardo 7.<\/p>\n\n\n\n<figure class=\"wp-block-image size-full\"><img decoding=\"async\" width=\"640\" height=\"411\" src=\"https:\/\/noticiaempauta.com\/portal\/wp-content\/uploads\/2026\/01\/b470887f-bb23-4963-b251-7e0d15cfc284.webp\" alt=\"\" class=\"wp-image-283757\" srcset=\"https:\/\/noticiaempauta.com\/portal\/wp-content\/uploads\/2026\/01\/b470887f-bb23-4963-b251-7e0d15cfc284.webp 640w, https:\/\/noticiaempauta.com\/portal\/wp-content\/uploads\/2026\/01\/b470887f-bb23-4963-b251-7e0d15cfc284-300x193.webp 300w\" sizes=\"(max-width: 640px) 100vw, 640px\" \/><\/figure>\n\n\n\n<p>A primeira partida acontecer\u00e1 na pr\u00f3xima quinta-feira (08), no Est\u00e1dio Municipal Helv\u00eddio Nunes de Barros, o \u201cGigant\u00e3o da Malva\u201d, a partir das 19h00min.<\/p>\n\n\n\n<figure class=\"wp-block-image size-full\"><img decoding=\"async\" width=\"637\" height=\"480\" src=\"https:\/\/noticiaempauta.com\/portal\/wp-content\/uploads\/2026\/01\/05b05fe7-d790-4511-ba95-ad6aa51a61c5.webp\" alt=\"\" class=\"wp-image-283758\" srcset=\"https:\/\/noticiaempauta.com\/portal\/wp-content\/uploads\/2026\/01\/05b05fe7-d790-4511-ba95-ad6aa51a61c5.webp 637w, https:\/\/noticiaempauta.com\/portal\/wp-content\/uploads\/2026\/01\/05b05fe7-d790-4511-ba95-ad6aa51a61c5-300x226.webp 300w\" sizes=\"(max-width: 637px) 100vw, 637px\" \/><\/figure>\n\n\n\n<p>O primeiro confronto das oitavas de final ser\u00e1 entre Bonde de Deus e Crici\u00fama.<\/p>\n\n\n\n<figure class=\"wp-block-image size-full\"><img loading=\"lazy\" decoding=\"async\" width=\"637\" height=\"480\" src=\"https:\/\/noticiaempauta.com\/portal\/wp-content\/uploads\/2026\/01\/b763f3cf-f695-4cd5-a914-c6c6a48fc7de.webp\" alt=\"\" class=\"wp-image-283759\" srcset=\"https:\/\/noticiaempauta.com\/portal\/wp-content\/uploads\/2026\/01\/b763f3cf-f695-4cd5-a914-c6c6a48fc7de.webp 637w, https:\/\/noticiaempauta.com\/portal\/wp-content\/uploads\/2026\/01\/b763f3cf-f695-4cd5-a914-c6c6a48fc7de-300x226.webp 300w\" sizes=\"(max-width: 637px) 100vw, 637px\" \/><\/figure>\n\n\n\n<p>A equipe vencedora desse jogo ser\u00e1 a primeira classificada para as quartas de final da Copa Leonardo 7.<\/p>\n\n\n\n<figure class=\"wp-block-image size-full\"><img loading=\"lazy\" decoding=\"async\" width=\"637\" height=\"480\" src=\"https:\/\/noticiaempauta.com\/portal\/wp-content\/uploads\/2026\/01\/84e88f0c-117d-4901-8c5d-97797027710a.webp\" alt=\"\" class=\"wp-image-283760\" srcset=\"https:\/\/noticiaempauta.com\/portal\/wp-content\/uploads\/2026\/01\/84e88f0c-117d-4901-8c5d-97797027710a.webp 637w, https:\/\/noticiaempauta.com\/portal\/wp-content\/uploads\/2026\/01\/84e88f0c-117d-4901-8c5d-97797027710a-300x226.webp 300w\" sizes=\"(max-width: 637px) 100vw, 637px\" \/><\/figure>\n\n\n\n<p><strong>Oitavas de final<\/strong><\/p>\n\n\n\n<p>Os demais confrontos das oitavas de final da Copa Leonardo 7 s\u00e3o: Uni\u00e3o Torr\u00f5es X Falc\u00e3o; Cohab X Malva; Centro X Juventus; Botafogo X Carna\u00edbas; Umari x Transilv\u00e2nia; Anti\u00e1lcool x CRB e Ajax X Pantanal.<\/p>\n\n\n\n<p>SECOM<\/p>\n","protected":false},"excerpt":{"rendered":"<p>Como 19 equipes se inscreveram para participar da Copa Leonardo 7 de Futebol Amador, e devido a competi\u00e7\u00e3o ser disputada no sistema mata-mata, foi necess\u00e1rio que a Equipe T\u00e9cnica da SEMEL (Secretaria Municipal de Esportes e Lazer), da Prefeitura de Picos, respons\u00e1vel pela organiza\u00e7\u00e3o do certame, realizasse uma 1\u00aa fase, Pr\u00e9-oitavas de final, com tr\u00eas [&hellip;]<\/p>\n","protected":false},"author":2,"featured_media":283756,"comment_status":"closed","ping_status":"closed","sticky":false,"template":"","format":"standard","meta":{"_mi_skip_tracking":false,"footnotes":""},"categories":[25,26,1,16],"tags":[192],"class_list":["post-283755","post","type-post","status-publish","format-standard","has-post-thumbnail","hentry","category-destaques-site","category-esporte","category-geral","category-todas","tag-destaqueprincipal"],"acf":[],"yoast_head":"<!-- This site is optimized with the Yoast SEO Premium plugin v19.2 (Yoast SEO v26.9) - https:\/\/yoast.com\/product\/yoast-seo-premium-wordpress\/ -->\n<title>Copa Leonardo 7 ser\u00e1 retomada nesta quinta-feira (08) com primeira partida da oitavas de final - Portal Not\u00edcia em Pauta<\/title>\n<meta name=\"robots\" content=\"index, follow, max-snippet:-1, max-image-preview:large, max-video-preview:-1\" \/>\n<link rel=\"canonical\" href=\"https:\/\/noticiaempauta.com\/portal\/copa-leonardo-7-sera-retomada-nesta-quinta-feira-08-com-primeira-partida-da-oitavas-de-final\/\" \/>\n<meta property=\"og:locale\" content=\"pt_BR\" \/>\n<meta property=\"og:type\" content=\"article\" \/>\n<meta property=\"og:title\" content=\"Copa Leonardo 7 ser\u00e1 retomada nesta quinta-feira (08) com primeira partida da oitavas de final\" \/>\n<meta property=\"og:description\" content=\"Como 19 equipes se inscreveram para participar da Copa Leonardo 7 de Futebol Amador, e devido a competi\u00e7\u00e3o ser disputada no sistema mata-mata, foi necess\u00e1rio que a Equipe T\u00e9cnica da SEMEL (Secretaria Municipal de Esportes e Lazer), da Prefeitura de Picos, respons\u00e1vel pela organiza\u00e7\u00e3o do certame, realizasse uma 1\u00aa fase, Pr\u00e9-oitavas de final, com tr\u00eas [&hellip;]\" \/>\n<meta property=\"og:url\" content=\"https:\/\/noticiaempauta.com\/portal\/copa-leonardo-7-sera-retomada-nesta-quinta-feira-08-com-primeira-partida-da-oitavas-de-final\/\" \/>\n<meta property=\"og:site_name\" content=\"Portal Not\u00edcia em Pauta\" \/>\n<meta property=\"article:publisher\" content=\"https:\/\/www.facebook.com\/Portal-Notcia-Em-Pauta-102292869264820\/\" \/>\n<meta property=\"article:published_time\" content=\"2026-01-07T14:06:25+00:00\" \/>\n<meta property=\"article:modified_time\" content=\"2026-01-07T14:06:27+00:00\" \/>\n<meta property=\"og:image\" content=\"https:\/\/noticiaempauta.com\/portal\/wp-content\/uploads\/2026\/01\/capa.webp\" \/>\n\t<meta property=\"og:image:width\" content=\"640\" \/>\n\t<meta property=\"og:image:height\" content=\"421\" \/>\n\t<meta property=\"og:image:type\" content=\"image\/webp\" \/>\n<meta name=\"author\" content=\"Reda\u00e7\u00e3o\" \/>\n<meta name=\"twitter:card\" content=\"summary_large_image\" \/>\n<meta name=\"twitter:label1\" content=\"Escrito por\" \/>\n\t<meta name=\"twitter:data1\" content=\"Reda\u00e7\u00e3o\" \/>\n\t<meta name=\"twitter:label2\" content=\"Est. tempo de leitura\" \/>\n\t<meta name=\"twitter:data2\" content=\"3 minutos\" \/>\n<script type=\"application\/ld+json\" class=\"yoast-schema-graph\">{\"@context\":\"https:\/\/schema.org\",\"@graph\":[{\"@type\":\"Article\",\"@id\":\"https:\/\/noticiaempauta.com\/portal\/copa-leonardo-7-sera-retomada-nesta-quinta-feira-08-com-primeira-partida-da-oitavas-de-final\/#article\",\"isPartOf\":{\"@id\":\"https:\/\/noticiaempauta.com\/portal\/copa-leonardo-7-sera-retomada-nesta-quinta-feira-08-com-primeira-partida-da-oitavas-de-final\/\"},\"author\":{\"name\":\"Reda\u00e7\u00e3o\",\"@id\":\"https:\/\/noticiaempauta.com\/portal\/#\/schema\/person\/a74af43dd1ab3deca45f988c717d57ac\"},\"headline\":\"Copa Leonardo 7 ser\u00e1 retomada nesta quinta-feira (08) com primeira partida da oitavas de final\",\"datePublished\":\"2026-01-07T14:06:25+00:00\",\"dateModified\":\"2026-01-07T14:06:27+00:00\",\"mainEntityOfPage\":{\"@id\":\"https:\/\/noticiaempauta.com\/portal\/copa-leonardo-7-sera-retomada-nesta-quinta-feira-08-com-primeira-partida-da-oitavas-de-final\/\"},\"wordCount\":224,\"publisher\":{\"@id\":\"https:\/\/noticiaempauta.com\/portal\/#organization\"},\"image\":{\"@id\":\"https:\/\/noticiaempauta.com\/portal\/copa-leonardo-7-sera-retomada-nesta-quinta-feira-08-com-primeira-partida-da-oitavas-de-final\/#primaryimage\"},\"thumbnailUrl\":\"https:\/\/noticiaempauta.com\/portal\/wp-content\/uploads\/2026\/01\/capa.webp\",\"keywords\":[\"destaqueprincipal\"],\"articleSection\":[\"Destaques\",\"Esporte\",\"Geral\",\"Todas as Not\u00edcias\"],\"inLanguage\":\"pt-BR\"},{\"@type\":\"WebPage\",\"@id\":\"https:\/\/noticiaempauta.com\/portal\/copa-leonardo-7-sera-retomada-nesta-quinta-feira-08-com-primeira-partida-da-oitavas-de-final\/\",\"url\":\"https:\/\/noticiaempauta.com\/portal\/copa-leonardo-7-sera-retomada-nesta-quinta-feira-08-com-primeira-partida-da-oitavas-de-final\/\",\"name\":\"Copa Leonardo 7 ser\u00e1 retomada nesta quinta-feira (08) com primeira partida da oitavas de final - Portal Not\u00edcia em Pauta\",\"isPartOf\":{\"@id\":\"https:\/\/noticiaempauta.com\/portal\/#website\"},\"primaryImageOfPage\":{\"@id\":\"https:\/\/noticiaempauta.com\/portal\/copa-leonardo-7-sera-retomada-nesta-quinta-feira-08-com-primeira-partida-da-oitavas-de-final\/#primaryimage\"},\"image\":{\"@id\":\"https:\/\/noticiaempauta.com\/portal\/copa-leonardo-7-sera-retomada-nesta-quinta-feira-08-com-primeira-partida-da-oitavas-de-final\/#primaryimage\"},\"thumbnailUrl\":\"https:\/\/noticiaempauta.com\/portal\/wp-content\/uploads\/2026\/01\/capa.webp\",\"datePublished\":\"2026-01-07T14:06:25+00:00\",\"dateModified\":\"2026-01-07T14:06:27+00:00\",\"breadcrumb\":{\"@id\":\"https:\/\/noticiaempauta.com\/portal\/copa-leonardo-7-sera-retomada-nesta-quinta-feira-08-com-primeira-partida-da-oitavas-de-final\/#breadcrumb\"},\"inLanguage\":\"pt-BR\",\"potentialAction\":[{\"@type\":\"ReadAction\",\"target\":[\"https:\/\/noticiaempauta.com\/portal\/copa-leonardo-7-sera-retomada-nesta-quinta-feira-08-com-primeira-partida-da-oitavas-de-final\/\"]}]},{\"@type\":\"ImageObject\",\"inLanguage\":\"pt-BR\",\"@id\":\"https:\/\/noticiaempauta.com\/portal\/copa-leonardo-7-sera-retomada-nesta-quinta-feira-08-com-primeira-partida-da-oitavas-de-final\/#primaryimage\",\"url\":\"https:\/\/noticiaempauta.com\/portal\/wp-content\/uploads\/2026\/01\/capa.webp\",\"contentUrl\":\"https:\/\/noticiaempauta.com\/portal\/wp-content\/uploads\/2026\/01\/capa.webp\",\"width\":640,\"height\":421},{\"@type\":\"BreadcrumbList\",\"@id\":\"https:\/\/noticiaempauta.com\/portal\/copa-leonardo-7-sera-retomada-nesta-quinta-feira-08-com-primeira-partida-da-oitavas-de-final\/#breadcrumb\",\"itemListElement\":[{\"@type\":\"ListItem\",\"position\":1,\"name\":\"P\u00e1gina Inicial\",\"item\":\"https:\/\/noticiaempauta.com\/portal\/\"},{\"@type\":\"ListItem\",\"position\":2,\"name\":\"Destaques\",\"item\":\"https:\/\/noticiaempauta.com\/portal\/destaques-site\/\"},{\"@type\":\"ListItem\",\"position\":3,\"name\":\"Copa Leonardo 7 ser\u00e1 retomada nesta quinta-feira (08) com primeira partida da oitavas de final\"}]},{\"@type\":\"WebSite\",\"@id\":\"https:\/\/noticiaempauta.com\/portal\/#website\",\"url\":\"https:\/\/noticiaempauta.com\/portal\/\",\"name\":\"Portal Not\u00edcia em Pauta\",\"description\":\"Voc\u00ea bem informado\",\"publisher\":{\"@id\":\"https:\/\/noticiaempauta.com\/portal\/#organization\"},\"potentialAction\":[{\"@type\":\"SearchAction\",\"target\":{\"@type\":\"EntryPoint\",\"urlTemplate\":\"https:\/\/noticiaempauta.com\/portal\/?s={search_term_string}\"},\"query-input\":{\"@type\":\"PropertyValueSpecification\",\"valueRequired\":true,\"valueName\":\"search_term_string\"}}],\"inLanguage\":\"pt-BR\"},{\"@type\":\"Organization\",\"@id\":\"https:\/\/noticiaempauta.com\/portal\/#organization\",\"name\":\"Portal Not\u00edcia em Pauta\",\"url\":\"https:\/\/noticiaempauta.com\/portal\/\",\"logo\":{\"@type\":\"ImageObject\",\"inLanguage\":\"pt-BR\",\"@id\":\"https:\/\/noticiaempauta.com\/portal\/#\/schema\/logo\/image\/\",\"url\":\"https:\/\/noticiaempauta.com\/portal\/wp-content\/uploads\/2022\/08\/logomarca_tema.fw_.png\",\"contentUrl\":\"https:\/\/noticiaempauta.com\/portal\/wp-content\/uploads\/2022\/08\/logomarca_tema.fw_.png\",\"width\":400,\"height\":232,\"caption\":\"Portal Not\u00edcia em Pauta\"},\"image\":{\"@id\":\"https:\/\/noticiaempauta.com\/portal\/#\/schema\/logo\/image\/\"},\"sameAs\":[\"https:\/\/www.facebook.com\/Portal-Notcia-Em-Pauta-102292869264820\/\",\"https:\/\/www.instagram.com\/portalnoticiaempauta\/\"]},{\"@type\":\"Person\",\"@id\":\"https:\/\/noticiaempauta.com\/portal\/#\/schema\/person\/a74af43dd1ab3deca45f988c717d57ac\",\"name\":\"Reda\u00e7\u00e3o\",\"image\":{\"@type\":\"ImageObject\",\"inLanguage\":\"pt-BR\",\"@id\":\"https:\/\/noticiaempauta.com\/portal\/#\/schema\/person\/image\/\",\"url\":\"https:\/\/secure.gravatar.com\/avatar\/03179346ecce6cdfc13361603e8f54242a90e5cde8618fa23c5c00aa2b0aadf3?s=96&d=mm&r=g\",\"contentUrl\":\"https:\/\/secure.gravatar.com\/avatar\/03179346ecce6cdfc13361603e8f54242a90e5cde8618fa23c5c00aa2b0aadf3?s=96&d=mm&r=g\",\"caption\":\"Reda\u00e7\u00e3o\"},\"sameAs\":[\"https:\/\/noticiaempauta.com\/portal\/\"],\"url\":\"https:\/\/noticiaempauta.com\/portal\/author\/fernando\/\"}]}<\/script>\n<!-- \/ Yoast SEO Premium plugin. -->","yoast_head_json":{"title":"Copa Leonardo 7 ser\u00e1 retomada nesta quinta-feira (08) com primeira partida da oitavas de final - Portal Not\u00edcia em Pauta","robots":{"index":"index","follow":"follow","max-snippet":"max-snippet:-1","max-image-preview":"max-image-preview:large","max-video-preview":"max-video-preview:-1"},"canonical":"https:\/\/noticiaempauta.com\/portal\/copa-leonardo-7-sera-retomada-nesta-quinta-feira-08-com-primeira-partida-da-oitavas-de-final\/","og_locale":"pt_BR","og_type":"article","og_title":"Copa Leonardo 7 ser\u00e1 retomada nesta quinta-feira (08) com primeira partida da oitavas de final","og_description":"Como 19 equipes se inscreveram para participar da Copa Leonardo 7 de Futebol Amador, e devido a competi\u00e7\u00e3o ser disputada no sistema mata-mata, foi necess\u00e1rio que a Equipe T\u00e9cnica da SEMEL (Secretaria Municipal de Esportes e Lazer), da Prefeitura de Picos, respons\u00e1vel pela organiza\u00e7\u00e3o do certame, realizasse uma 1\u00aa fase, Pr\u00e9-oitavas de final, com tr\u00eas [&hellip;]","og_url":"https:\/\/noticiaempauta.com\/portal\/copa-leonardo-7-sera-retomada-nesta-quinta-feira-08-com-primeira-partida-da-oitavas-de-final\/","og_site_name":"Portal Not\u00edcia em Pauta","article_publisher":"https:\/\/www.facebook.com\/Portal-Notcia-Em-Pauta-102292869264820\/","article_published_time":"2026-01-07T14:06:25+00:00","article_modified_time":"2026-01-07T14:06:27+00:00","og_image":[{"width":640,"height":421,"url":"https:\/\/noticiaempauta.com\/portal\/wp-content\/uploads\/2026\/01\/capa.webp","type":"image\/webp"}],"author":"Reda\u00e7\u00e3o","twitter_card":"summary_large_image","twitter_misc":{"Escrito por":"Reda\u00e7\u00e3o","Est. tempo de leitura":"3 minutos"},"schema":{"@context":"https:\/\/schema.org","@graph":[{"@type":"Article","@id":"https:\/\/noticiaempauta.com\/portal\/copa-leonardo-7-sera-retomada-nesta-quinta-feira-08-com-primeira-partida-da-oitavas-de-final\/#article","isPartOf":{"@id":"https:\/\/noticiaempauta.com\/portal\/copa-leonardo-7-sera-retomada-nesta-quinta-feira-08-com-primeira-partida-da-oitavas-de-final\/"},"author":{"name":"Reda\u00e7\u00e3o","@id":"https:\/\/noticiaempauta.com\/portal\/#\/schema\/person\/a74af43dd1ab3deca45f988c717d57ac"},"headline":"Copa Leonardo 7 ser\u00e1 retomada nesta quinta-feira (08) com primeira partida da oitavas de final","datePublished":"2026-01-07T14:06:25+00:00","dateModified":"2026-01-07T14:06:27+00:00","mainEntityOfPage":{"@id":"https:\/\/noticiaempauta.com\/portal\/copa-leonardo-7-sera-retomada-nesta-quinta-feira-08-com-primeira-partida-da-oitavas-de-final\/"},"wordCount":224,"publisher":{"@id":"https:\/\/noticiaempauta.com\/portal\/#organization"},"image":{"@id":"https:\/\/noticiaempauta.com\/portal\/copa-leonardo-7-sera-retomada-nesta-quinta-feira-08-com-primeira-partida-da-oitavas-de-final\/#primaryimage"},"thumbnailUrl":"https:\/\/noticiaempauta.com\/portal\/wp-content\/uploads\/2026\/01\/capa.webp","keywords":["destaqueprincipal"],"articleSection":["Destaques","Esporte","Geral","Todas as Not\u00edcias"],"inLanguage":"pt-BR"},{"@type":"WebPage","@id":"https:\/\/noticiaempauta.com\/portal\/copa-leonardo-7-sera-retomada-nesta-quinta-feira-08-com-primeira-partida-da-oitavas-de-final\/","url":"https:\/\/noticiaempauta.com\/portal\/copa-leonardo-7-sera-retomada-nesta-quinta-feira-08-com-primeira-partida-da-oitavas-de-final\/","name":"Copa Leonardo 7 ser\u00e1 retomada nesta quinta-feira (08) com primeira partida da oitavas de final - Portal Not\u00edcia em Pauta","isPartOf":{"@id":"https:\/\/noticiaempauta.com\/portal\/#website"},"primaryImageOfPage":{"@id":"https:\/\/noticiaempauta.com\/portal\/copa-leonardo-7-sera-retomada-nesta-quinta-feira-08-com-primeira-partida-da-oitavas-de-final\/#primaryimage"},"image":{"@id":"https:\/\/noticiaempauta.com\/portal\/copa-leonardo-7-sera-retomada-nesta-quinta-feira-08-com-primeira-partida-da-oitavas-de-final\/#primaryimage"},"thumbnailUrl":"https:\/\/noticiaempauta.com\/portal\/wp-content\/uploads\/2026\/01\/capa.webp","datePublished":"2026-01-07T14:06:25+00:00","dateModified":"2026-01-07T14:06:27+00:00","breadcrumb":{"@id":"https:\/\/noticiaempauta.com\/portal\/copa-leonardo-7-sera-retomada-nesta-quinta-feira-08-com-primeira-partida-da-oitavas-de-final\/#breadcrumb"},"inLanguage":"pt-BR","potentialAction":[{"@type":"ReadAction","target":["https:\/\/noticiaempauta.com\/portal\/copa-leonardo-7-sera-retomada-nesta-quinta-feira-08-com-primeira-partida-da-oitavas-de-final\/"]}]},{"@type":"ImageObject","inLanguage":"pt-BR","@id":"https:\/\/noticiaempauta.com\/portal\/copa-leonardo-7-sera-retomada-nesta-quinta-feira-08-com-primeira-partida-da-oitavas-de-final\/#primaryimage","url":"https:\/\/noticiaempauta.com\/portal\/wp-content\/uploads\/2026\/01\/capa.webp","contentUrl":"https:\/\/noticiaempauta.com\/portal\/wp-content\/uploads\/2026\/01\/capa.webp","width":640,"height":421},{"@type":"BreadcrumbList","@id":"https:\/\/noticiaempauta.com\/portal\/copa-leonardo-7-sera-retomada-nesta-quinta-feira-08-com-primeira-partida-da-oitavas-de-final\/#breadcrumb","itemListElement":[{"@type":"ListItem","position":1,"name":"P\u00e1gina Inicial","item":"https:\/\/noticiaempauta.com\/portal\/"},{"@type":"ListItem","position":2,"name":"Destaques","item":"https:\/\/noticiaempauta.com\/portal\/destaques-site\/"},{"@type":"ListItem","position":3,"name":"Copa Leonardo 7 ser\u00e1 retomada nesta quinta-feira (08) com primeira partida da oitavas de final"}]},{"@type":"WebSite","@id":"https:\/\/noticiaempauta.com\/portal\/#website","url":"https:\/\/noticiaempauta.com\/portal\/","name":"Portal Not\u00edcia em Pauta","description":"Voc\u00ea bem informado","publisher":{"@id":"https:\/\/noticiaempauta.com\/portal\/#organization"},"potentialAction":[{"@type":"SearchAction","target":{"@type":"EntryPoint","urlTemplate":"https:\/\/noticiaempauta.com\/portal\/?s={search_term_string}"},"query-input":{"@type":"PropertyValueSpecification","valueRequired":true,"valueName":"search_term_string"}}],"inLanguage":"pt-BR"},{"@type":"Organization","@id":"https:\/\/noticiaempauta.com\/portal\/#organization","name":"Portal Not\u00edcia em Pauta","url":"https:\/\/noticiaempauta.com\/portal\/","logo":{"@type":"ImageObject","inLanguage":"pt-BR","@id":"https:\/\/noticiaempauta.com\/portal\/#\/schema\/logo\/image\/","url":"https:\/\/noticiaempauta.com\/portal\/wp-content\/uploads\/2022\/08\/logomarca_tema.fw_.png","contentUrl":"https:\/\/noticiaempauta.com\/portal\/wp-content\/uploads\/2022\/08\/logomarca_tema.fw_.png","width":400,"height":232,"caption":"Portal Not\u00edcia em Pauta"},"image":{"@id":"https:\/\/noticiaempauta.com\/portal\/#\/schema\/logo\/image\/"},"sameAs":["https:\/\/www.facebook.com\/Portal-Notcia-Em-Pauta-102292869264820\/","https:\/\/www.instagram.com\/portalnoticiaempauta\/"]},{"@type":"Person","@id":"https:\/\/noticiaempauta.com\/portal\/#\/schema\/person\/a74af43dd1ab3deca45f988c717d57ac","name":"Reda\u00e7\u00e3o","image":{"@type":"ImageObject","inLanguage":"pt-BR","@id":"https:\/\/noticiaempauta.com\/portal\/#\/schema\/person\/image\/","url":"https:\/\/secure.gravatar.com\/avatar\/03179346ecce6cdfc13361603e8f54242a90e5cde8618fa23c5c00aa2b0aadf3?s=96&d=mm&r=g","contentUrl":"https:\/\/secure.gravatar.com\/avatar\/03179346ecce6cdfc13361603e8f54242a90e5cde8618fa23c5c00aa2b0aadf3?s=96&d=mm&r=g","caption":"Reda\u00e7\u00e3o"},"sameAs":["https:\/\/noticiaempauta.com\/portal\/"],"url":"https:\/\/noticiaempauta.com\/portal\/author\/fernando\/"}]}},"_links":{"self":[{"href":"https:\/\/noticiaempauta.com\/portal\/wp-json\/wp\/v2\/posts\/283755","targetHints":{"allow":["GET"]}}],"collection":[{"href":"https:\/\/noticiaempauta.com\/portal\/wp-json\/wp\/v2\/posts"}],"about":[{"href":"https:\/\/noticiaempauta.com\/portal\/wp-json\/wp\/v2\/types\/post"}],"author":[{"embeddable":true,"href":"https:\/\/noticiaempauta.com\/portal\/wp-json\/wp\/v2\/users\/2"}],"replies":[{"embeddable":true,"href":"https:\/\/noticiaempauta.com\/portal\/wp-json\/wp\/v2\/comments?post=283755"}],"version-history":[{"count":2,"href":"https:\/\/noticiaempauta.com\/portal\/wp-json\/wp\/v2\/posts\/283755\/revisions"}],"predecessor-version":[{"id":283762,"href":"https:\/\/noticiaempauta.com\/portal\/wp-json\/wp\/v2\/posts\/283755\/revisions\/283762"}],"wp:featuredmedia":[{"embeddable":true,"href":"https:\/\/noticiaempauta.com\/portal\/wp-json\/wp\/v2\/media\/283756"}],"wp:attachment":[{"href":"https:\/\/noticiaempauta.com\/portal\/wp-json\/wp\/v2\/media?parent=283755"}],"wp:term":[{"taxonomy":"category","embeddable":true,"href":"https:\/\/noticiaempauta.com\/portal\/wp-json\/wp\/v2\/categories?post=283755"},{"taxonomy":"post_tag","embeddable":true,"href":"https:\/\/noticiaempauta.com\/portal\/wp-json\/wp\/v2\/tags?post=283755"}],"curies":[{"name":"wp","href":"https:\/\/api.w.org\/{rel}","templated":true}]}}