{"id":283769,"date":"2026-01-07T15:17:53","date_gmt":"2026-01-07T18:17:53","guid":{"rendered":"https:\/\/noticiaempauta.com\/portal\/?p=283769"},"modified":"2026-01-07T15:17:54","modified_gmt":"2026-01-07T18:17:54","slug":"secretaria-municipal-de-financas-emite-comunicado-sobre-mudancas-na-emissao-da-nota-fiscal-de-servicos-nfs-e","status":"publish","type":"post","link":"https:\/\/noticiaempauta.com\/portal\/secretaria-municipal-de-financas-emite-comunicado-sobre-mudancas-na-emissao-da-nota-fiscal-de-servicos-nfs-e\/","title":{"rendered":"Secretaria Municipal de Finan\u00e7as emite Comunicado sobre mudan\u00e7as na emiss\u00e3o da Nota Fiscal de Servi\u00e7os (NFS-e)"},"content":{"rendered":"\n<p>A SEFIN (Secretaria Municipal de Finan\u00e7as), de Picos, emitiu nesta quarta-feira (07), um Comunicado com orienta\u00e7\u00f5es a respeito da emiss\u00e3o da Nota Fiscal de Servi\u00e7os (NFS-e).<\/p>\n\n\n\n<p>Conforme o Comunicado, a partir de janeiro de 2026 a Nota Fiscal de Servi\u00e7os \u2013 NFS-e do munic\u00edpio ter\u00e1 que obedecer ao padr\u00e3o de notas nacional, n\u00e3o podendo incluir mais de um item de servi\u00e7o por nota.<\/p>\n\n\n\n<figure class=\"wp-block-image size-full\"><img fetchpriority=\"high\" decoding=\"async\" width=\"640\" height=\"427\" src=\"https:\/\/noticiaempauta.com\/portal\/wp-content\/uploads\/2026\/01\/59c2911c-9fb5-4a22-9e6d-d564804a6cf1.webp\" alt=\"\" class=\"wp-image-283770\" srcset=\"https:\/\/noticiaempauta.com\/portal\/wp-content\/uploads\/2026\/01\/59c2911c-9fb5-4a22-9e6d-d564804a6cf1.webp 640w, https:\/\/noticiaempauta.com\/portal\/wp-content\/uploads\/2026\/01\/59c2911c-9fb5-4a22-9e6d-d564804a6cf1-300x200.webp 300w\" sizes=\"(max-width: 640px) 100vw, 640px\" \/><\/figure>\n\n\n\n<p>\u201cMas para que n\u00e3o seja necess\u00e1rio emitir uma nota para cada servi\u00e7o, \u00e9 poss\u00edvel dentro do mesmo item lan\u00e7ar todos os servi\u00e7os com os respectivos valores e no final somar e dar o valor total da nota\u201d, esclarece a SEFIN no Comunicado.<\/p>\n\n\n\n<p>A Secretaria de Finan\u00e7as explica ainda que todas as empresas que optaram pelo Simples Nacional ou deixaram de ser optantes no m\u00eas de dezembro \/ 2025 ou janeiro \/ 2026 devem comunicar \u00e0 Secretaria de Finan\u00e7as para atualiza\u00e7\u00e3o do cadastro, a fim de que n\u00e3o emitam notas com o regime de tributa\u00e7\u00e3o errado e gere imposto indevido.<\/p>\n\n\n\n<p><strong>Confira o Comunicado da SEFIN:<\/strong><\/p>\n\n\n\n<p><strong>Normas para Emiss\u00e3o da NFS-e<\/strong><\/p>\n\n\n\n<p>\u2981 A partir de janeiro de 2026 a Nota Fiscal de Servi\u00e7os \u2013 NFS-e do munic\u00edpio ter\u00e1 que obedecer ao padr\u00e3o de notas nacional, n\u00e3o podendo incluir mais de um item de servi\u00e7o por nota. Mas para que n\u00e3o seja necess\u00e1rio emitir uma nota para cada servi\u00e7o, \u00e9 poss\u00edvel dentro do mesmo item lan\u00e7ar todos os servi\u00e7os com os respectivos valores e no final somar e dar o valor total da nota;<\/p>\n\n\n\n<p>\u2981 Todas as empresas que optaram pelo Simples Nacional ou deixaram de ser optantes no m\u00eas de dezembro \/ 2025 ou janeiro \/ 2026 devem comunicar \u00e0 Secretaria de Finan\u00e7as para atualiza\u00e7\u00e3o do cadastro, a fim de que n\u00e3o emitam notas com o regime de tributa\u00e7\u00e3o errado e gere imposto indevido;<\/p>\n\n\n\n<p>\u2981 Para os optantes do Simples Nacional, aparecer\u00e1 uma pergunta ao emitir a primeira nota do ano 2026, voc\u00ea dever\u00e1 responder op\u00e7\u00e3o 1, 2 ou 3, conforme as instru\u00e7\u00f5es a seguir:<\/p>\n\n\n\n<p><strong>1) Regime de apura\u00e7\u00e3o dos tributos federais e municipais pelo Simples Nacional<\/strong><\/p>\n\n\n\n<p>\u2981 Essa \u00e9 a op\u00e7\u00e3o correta na imensa maioria dos casos.<br>\u2981 A empresa \u00e9 optante pelo Simples Nacional.<br>\u2981 ISS est\u00e1 inclu\u00eddo no DAS.<br>\u2981 A NFS-e \u00e9 apenas declarat\u00f3ria, sem gerar ISS fora do Simples.<\/p>\n\n\n\n<p><strong>2) Tributos federais pelo Simples Nacional e ISSQN pela NFS-e conforme legisla\u00e7\u00e3o municipal<\/strong><\/p>\n\n\n\n<p>\u2981 Essa op\u00e7\u00e3o \u00e9 excepcional.<br>\u2981 Os tributos federais continuam no DAS.<br>\u2981 O ISS \u00e9 apurado fora do Simples, conforme regra do munic\u00edpio.<\/p>\n\n\n\n<p><strong>3) Tributos federais e municipais pela NFS-e (fora do Simples Nacional)<\/strong><\/p>\n\n\n\n<p>\u2981 Essa op\u00e7\u00e3o N\u00c3O \u00e9 para optante do Simples.<br>\u2981 Empresa tributos federais e ISS fora do DAS.<br>\u2981 Apura\u00e7\u00e3o ocorre pela legisla\u00e7\u00e3o normal (Lucro Presumido ou Real).<\/p>\n\n\n\n<p>SECOM<\/p>\n","protected":false},"excerpt":{"rendered":"<p>A SEFIN (Secretaria Municipal de Finan\u00e7as), de Picos, emitiu nesta quarta-feira (07), um Comunicado com orienta\u00e7\u00f5es a respeito da emiss\u00e3o da Nota Fiscal de Servi\u00e7os (NFS-e). Conforme o Comunicado, a partir de janeiro de 2026 a Nota Fiscal de Servi\u00e7os \u2013 NFS-e do munic\u00edpio ter\u00e1 que obedecer ao padr\u00e3o de notas nacional, n\u00e3o podendo incluir [&hellip;]<\/p>\n","protected":false},"author":2,"featured_media":283770,"comment_status":"closed","ping_status":"closed","sticky":false,"template":"","format":"standard","meta":{"_mi_skip_tracking":false,"footnotes":""},"categories":[25,1,16],"tags":[192],"class_list":["post-283769","post","type-post","status-publish","format-standard","has-post-thumbnail","hentry","category-destaques-site","category-geral","category-todas","tag-destaqueprincipal"],"acf":[],"yoast_head":"<!-- This site is optimized with the Yoast SEO Premium plugin v19.2 (Yoast SEO v26.9) - https:\/\/yoast.com\/product\/yoast-seo-premium-wordpress\/ -->\n<title>Secretaria Municipal de Finan\u00e7as emite Comunicado sobre mudan\u00e7as na emiss\u00e3o da Nota Fiscal de Servi\u00e7os (NFS-e) - Portal Not\u00edcia em Pauta<\/title>\n<meta name=\"robots\" content=\"index, follow, max-snippet:-1, max-image-preview:large, max-video-preview:-1\" \/>\n<link rel=\"canonical\" href=\"https:\/\/noticiaempauta.com\/portal\/secretaria-municipal-de-financas-emite-comunicado-sobre-mudancas-na-emissao-da-nota-fiscal-de-servicos-nfs-e\/\" \/>\n<meta property=\"og:locale\" content=\"pt_BR\" \/>\n<meta property=\"og:type\" content=\"article\" \/>\n<meta property=\"og:title\" content=\"Secretaria Municipal de Finan\u00e7as emite Comunicado sobre mudan\u00e7as na emiss\u00e3o da Nota Fiscal de Servi\u00e7os (NFS-e)\" \/>\n<meta property=\"og:description\" content=\"A SEFIN (Secretaria Municipal de Finan\u00e7as), de Picos, emitiu nesta quarta-feira (07), um Comunicado com orienta\u00e7\u00f5es a respeito da emiss\u00e3o da Nota Fiscal de Servi\u00e7os (NFS-e). Conforme o Comunicado, a partir de janeiro de 2026 a Nota Fiscal de Servi\u00e7os \u2013 NFS-e do munic\u00edpio ter\u00e1 que obedecer ao padr\u00e3o de notas nacional, n\u00e3o podendo incluir [&hellip;]\" \/>\n<meta property=\"og:url\" content=\"https:\/\/noticiaempauta.com\/portal\/secretaria-municipal-de-financas-emite-comunicado-sobre-mudancas-na-emissao-da-nota-fiscal-de-servicos-nfs-e\/\" \/>\n<meta property=\"og:site_name\" content=\"Portal Not\u00edcia em Pauta\" \/>\n<meta property=\"article:publisher\" content=\"https:\/\/www.facebook.com\/Portal-Notcia-Em-Pauta-102292869264820\/\" \/>\n<meta property=\"article:published_time\" content=\"2026-01-07T18:17:53+00:00\" \/>\n<meta property=\"article:modified_time\" content=\"2026-01-07T18:17:54+00:00\" \/>\n<meta property=\"og:image\" content=\"https:\/\/noticiaempauta.com\/portal\/wp-content\/uploads\/2026\/01\/59c2911c-9fb5-4a22-9e6d-d564804a6cf1.webp\" \/>\n\t<meta property=\"og:image:width\" content=\"640\" \/>\n\t<meta property=\"og:image:height\" content=\"427\" \/>\n\t<meta property=\"og:image:type\" content=\"image\/webp\" \/>\n<meta name=\"author\" content=\"Reda\u00e7\u00e3o\" \/>\n<meta name=\"twitter:card\" content=\"summary_large_image\" \/>\n<meta name=\"twitter:label1\" content=\"Escrito por\" \/>\n\t<meta name=\"twitter:data1\" content=\"Reda\u00e7\u00e3o\" \/>\n\t<meta name=\"twitter:label2\" content=\"Est. tempo de leitura\" \/>\n\t<meta name=\"twitter:data2\" content=\"3 minutos\" \/>\n<script type=\"application\/ld+json\" class=\"yoast-schema-graph\">{\"@context\":\"https:\/\/schema.org\",\"@graph\":[{\"@type\":\"Article\",\"@id\":\"https:\/\/noticiaempauta.com\/portal\/secretaria-municipal-de-financas-emite-comunicado-sobre-mudancas-na-emissao-da-nota-fiscal-de-servicos-nfs-e\/#article\",\"isPartOf\":{\"@id\":\"https:\/\/noticiaempauta.com\/portal\/secretaria-municipal-de-financas-emite-comunicado-sobre-mudancas-na-emissao-da-nota-fiscal-de-servicos-nfs-e\/\"},\"author\":{\"name\":\"Reda\u00e7\u00e3o\",\"@id\":\"https:\/\/noticiaempauta.com\/portal\/#\/schema\/person\/a74af43dd1ab3deca45f988c717d57ac\"},\"headline\":\"Secretaria Municipal de Finan\u00e7as emite Comunicado sobre mudan\u00e7as na emiss\u00e3o da Nota Fiscal de Servi\u00e7os (NFS-e)\",\"datePublished\":\"2026-01-07T18:17:53+00:00\",\"dateModified\":\"2026-01-07T18:17:54+00:00\",\"mainEntityOfPage\":{\"@id\":\"https:\/\/noticiaempauta.com\/portal\/secretaria-municipal-de-financas-emite-comunicado-sobre-mudancas-na-emissao-da-nota-fiscal-de-servicos-nfs-e\/\"},\"wordCount\":480,\"publisher\":{\"@id\":\"https:\/\/noticiaempauta.com\/portal\/#organization\"},\"image\":{\"@id\":\"https:\/\/noticiaempauta.com\/portal\/secretaria-municipal-de-financas-emite-comunicado-sobre-mudancas-na-emissao-da-nota-fiscal-de-servicos-nfs-e\/#primaryimage\"},\"thumbnailUrl\":\"https:\/\/noticiaempauta.com\/portal\/wp-content\/uploads\/2026\/01\/59c2911c-9fb5-4a22-9e6d-d564804a6cf1.webp\",\"keywords\":[\"destaqueprincipal\"],\"articleSection\":[\"Destaques\",\"Geral\",\"Todas as Not\u00edcias\"],\"inLanguage\":\"pt-BR\"},{\"@type\":\"WebPage\",\"@id\":\"https:\/\/noticiaempauta.com\/portal\/secretaria-municipal-de-financas-emite-comunicado-sobre-mudancas-na-emissao-da-nota-fiscal-de-servicos-nfs-e\/\",\"url\":\"https:\/\/noticiaempauta.com\/portal\/secretaria-municipal-de-financas-emite-comunicado-sobre-mudancas-na-emissao-da-nota-fiscal-de-servicos-nfs-e\/\",\"name\":\"Secretaria Municipal de Finan\u00e7as emite Comunicado sobre mudan\u00e7as na emiss\u00e3o da Nota Fiscal de Servi\u00e7os (NFS-e) - Portal Not\u00edcia em Pauta\",\"isPartOf\":{\"@id\":\"https:\/\/noticiaempauta.com\/portal\/#website\"},\"primaryImageOfPage\":{\"@id\":\"https:\/\/noticiaempauta.com\/portal\/secretaria-municipal-de-financas-emite-comunicado-sobre-mudancas-na-emissao-da-nota-fiscal-de-servicos-nfs-e\/#primaryimage\"},\"image\":{\"@id\":\"https:\/\/noticiaempauta.com\/portal\/secretaria-municipal-de-financas-emite-comunicado-sobre-mudancas-na-emissao-da-nota-fiscal-de-servicos-nfs-e\/#primaryimage\"},\"thumbnailUrl\":\"https:\/\/noticiaempauta.com\/portal\/wp-content\/uploads\/2026\/01\/59c2911c-9fb5-4a22-9e6d-d564804a6cf1.webp\",\"datePublished\":\"2026-01-07T18:17:53+00:00\",\"dateModified\":\"2026-01-07T18:17:54+00:00\",\"breadcrumb\":{\"@id\":\"https:\/\/noticiaempauta.com\/portal\/secretaria-municipal-de-financas-emite-comunicado-sobre-mudancas-na-emissao-da-nota-fiscal-de-servicos-nfs-e\/#breadcrumb\"},\"inLanguage\":\"pt-BR\",\"potentialAction\":[{\"@type\":\"ReadAction\",\"target\":[\"https:\/\/noticiaempauta.com\/portal\/secretaria-municipal-de-financas-emite-comunicado-sobre-mudancas-na-emissao-da-nota-fiscal-de-servicos-nfs-e\/\"]}]},{\"@type\":\"ImageObject\",\"inLanguage\":\"pt-BR\",\"@id\":\"https:\/\/noticiaempauta.com\/portal\/secretaria-municipal-de-financas-emite-comunicado-sobre-mudancas-na-emissao-da-nota-fiscal-de-servicos-nfs-e\/#primaryimage\",\"url\":\"https:\/\/noticiaempauta.com\/portal\/wp-content\/uploads\/2026\/01\/59c2911c-9fb5-4a22-9e6d-d564804a6cf1.webp\",\"contentUrl\":\"https:\/\/noticiaempauta.com\/portal\/wp-content\/uploads\/2026\/01\/59c2911c-9fb5-4a22-9e6d-d564804a6cf1.webp\",\"width\":640,\"height\":427},{\"@type\":\"BreadcrumbList\",\"@id\":\"https:\/\/noticiaempauta.com\/portal\/secretaria-municipal-de-financas-emite-comunicado-sobre-mudancas-na-emissao-da-nota-fiscal-de-servicos-nfs-e\/#breadcrumb\",\"itemListElement\":[{\"@type\":\"ListItem\",\"position\":1,\"name\":\"P\u00e1gina Inicial\",\"item\":\"https:\/\/noticiaempauta.com\/portal\/\"},{\"@type\":\"ListItem\",\"position\":2,\"name\":\"Destaques\",\"item\":\"https:\/\/noticiaempauta.com\/portal\/destaques-site\/\"},{\"@type\":\"ListItem\",\"position\":3,\"name\":\"Secretaria Municipal de Finan\u00e7as emite Comunicado sobre mudan\u00e7as na emiss\u00e3o da Nota Fiscal de Servi\u00e7os (NFS-e)\"}]},{\"@type\":\"WebSite\",\"@id\":\"https:\/\/noticiaempauta.com\/portal\/#website\",\"url\":\"https:\/\/noticiaempauta.com\/portal\/\",\"name\":\"Portal Not\u00edcia em Pauta\",\"description\":\"Voc\u00ea bem informado\",\"publisher\":{\"@id\":\"https:\/\/noticiaempauta.com\/portal\/#organization\"},\"potentialAction\":[{\"@type\":\"SearchAction\",\"target\":{\"@type\":\"EntryPoint\",\"urlTemplate\":\"https:\/\/noticiaempauta.com\/portal\/?s={search_term_string}\"},\"query-input\":{\"@type\":\"PropertyValueSpecification\",\"valueRequired\":true,\"valueName\":\"search_term_string\"}}],\"inLanguage\":\"pt-BR\"},{\"@type\":\"Organization\",\"@id\":\"https:\/\/noticiaempauta.com\/portal\/#organization\",\"name\":\"Portal Not\u00edcia em Pauta\",\"url\":\"https:\/\/noticiaempauta.com\/portal\/\",\"logo\":{\"@type\":\"ImageObject\",\"inLanguage\":\"pt-BR\",\"@id\":\"https:\/\/noticiaempauta.com\/portal\/#\/schema\/logo\/image\/\",\"url\":\"https:\/\/noticiaempauta.com\/portal\/wp-content\/uploads\/2022\/08\/logomarca_tema.fw_.png\",\"contentUrl\":\"https:\/\/noticiaempauta.com\/portal\/wp-content\/uploads\/2022\/08\/logomarca_tema.fw_.png\",\"width\":400,\"height\":232,\"caption\":\"Portal Not\u00edcia em Pauta\"},\"image\":{\"@id\":\"https:\/\/noticiaempauta.com\/portal\/#\/schema\/logo\/image\/\"},\"sameAs\":[\"https:\/\/www.facebook.com\/Portal-Notcia-Em-Pauta-102292869264820\/\",\"https:\/\/www.instagram.com\/portalnoticiaempauta\/\"]},{\"@type\":\"Person\",\"@id\":\"https:\/\/noticiaempauta.com\/portal\/#\/schema\/person\/a74af43dd1ab3deca45f988c717d57ac\",\"name\":\"Reda\u00e7\u00e3o\",\"image\":{\"@type\":\"ImageObject\",\"inLanguage\":\"pt-BR\",\"@id\":\"https:\/\/noticiaempauta.com\/portal\/#\/schema\/person\/image\/\",\"url\":\"https:\/\/secure.gravatar.com\/avatar\/03179346ecce6cdfc13361603e8f54242a90e5cde8618fa23c5c00aa2b0aadf3?s=96&d=mm&r=g\",\"contentUrl\":\"https:\/\/secure.gravatar.com\/avatar\/03179346ecce6cdfc13361603e8f54242a90e5cde8618fa23c5c00aa2b0aadf3?s=96&d=mm&r=g\",\"caption\":\"Reda\u00e7\u00e3o\"},\"sameAs\":[\"https:\/\/noticiaempauta.com\/portal\/\"],\"url\":\"https:\/\/noticiaempauta.com\/portal\/author\/fernando\/\"}]}<\/script>\n<!-- \/ Yoast SEO Premium plugin. -->","yoast_head_json":{"title":"Secretaria Municipal de Finan\u00e7as emite Comunicado sobre mudan\u00e7as na emiss\u00e3o da Nota Fiscal de Servi\u00e7os (NFS-e) - Portal Not\u00edcia em Pauta","robots":{"index":"index","follow":"follow","max-snippet":"max-snippet:-1","max-image-preview":"max-image-preview:large","max-video-preview":"max-video-preview:-1"},"canonical":"https:\/\/noticiaempauta.com\/portal\/secretaria-municipal-de-financas-emite-comunicado-sobre-mudancas-na-emissao-da-nota-fiscal-de-servicos-nfs-e\/","og_locale":"pt_BR","og_type":"article","og_title":"Secretaria Municipal de Finan\u00e7as emite Comunicado sobre mudan\u00e7as na emiss\u00e3o da Nota Fiscal de Servi\u00e7os (NFS-e)","og_description":"A SEFIN (Secretaria Municipal de Finan\u00e7as), de Picos, emitiu nesta quarta-feira (07), um Comunicado com orienta\u00e7\u00f5es a respeito da emiss\u00e3o da Nota Fiscal de Servi\u00e7os (NFS-e). Conforme o Comunicado, a partir de janeiro de 2026 a Nota Fiscal de Servi\u00e7os \u2013 NFS-e do munic\u00edpio ter\u00e1 que obedecer ao padr\u00e3o de notas nacional, n\u00e3o podendo incluir [&hellip;]","og_url":"https:\/\/noticiaempauta.com\/portal\/secretaria-municipal-de-financas-emite-comunicado-sobre-mudancas-na-emissao-da-nota-fiscal-de-servicos-nfs-e\/","og_site_name":"Portal Not\u00edcia em Pauta","article_publisher":"https:\/\/www.facebook.com\/Portal-Notcia-Em-Pauta-102292869264820\/","article_published_time":"2026-01-07T18:17:53+00:00","article_modified_time":"2026-01-07T18:17:54+00:00","og_image":[{"width":640,"height":427,"url":"https:\/\/noticiaempauta.com\/portal\/wp-content\/uploads\/2026\/01\/59c2911c-9fb5-4a22-9e6d-d564804a6cf1.webp","type":"image\/webp"}],"author":"Reda\u00e7\u00e3o","twitter_card":"summary_large_image","twitter_misc":{"Escrito por":"Reda\u00e7\u00e3o","Est. tempo de leitura":"3 minutos"},"schema":{"@context":"https:\/\/schema.org","@graph":[{"@type":"Article","@id":"https:\/\/noticiaempauta.com\/portal\/secretaria-municipal-de-financas-emite-comunicado-sobre-mudancas-na-emissao-da-nota-fiscal-de-servicos-nfs-e\/#article","isPartOf":{"@id":"https:\/\/noticiaempauta.com\/portal\/secretaria-municipal-de-financas-emite-comunicado-sobre-mudancas-na-emissao-da-nota-fiscal-de-servicos-nfs-e\/"},"author":{"name":"Reda\u00e7\u00e3o","@id":"https:\/\/noticiaempauta.com\/portal\/#\/schema\/person\/a74af43dd1ab3deca45f988c717d57ac"},"headline":"Secretaria Municipal de Finan\u00e7as emite Comunicado sobre mudan\u00e7as na emiss\u00e3o da Nota Fiscal de Servi\u00e7os (NFS-e)","datePublished":"2026-01-07T18:17:53+00:00","dateModified":"2026-01-07T18:17:54+00:00","mainEntityOfPage":{"@id":"https:\/\/noticiaempauta.com\/portal\/secretaria-municipal-de-financas-emite-comunicado-sobre-mudancas-na-emissao-da-nota-fiscal-de-servicos-nfs-e\/"},"wordCount":480,"publisher":{"@id":"https:\/\/noticiaempauta.com\/portal\/#organization"},"image":{"@id":"https:\/\/noticiaempauta.com\/portal\/secretaria-municipal-de-financas-emite-comunicado-sobre-mudancas-na-emissao-da-nota-fiscal-de-servicos-nfs-e\/#primaryimage"},"thumbnailUrl":"https:\/\/noticiaempauta.com\/portal\/wp-content\/uploads\/2026\/01\/59c2911c-9fb5-4a22-9e6d-d564804a6cf1.webp","keywords":["destaqueprincipal"],"articleSection":["Destaques","Geral","Todas as Not\u00edcias"],"inLanguage":"pt-BR"},{"@type":"WebPage","@id":"https:\/\/noticiaempauta.com\/portal\/secretaria-municipal-de-financas-emite-comunicado-sobre-mudancas-na-emissao-da-nota-fiscal-de-servicos-nfs-e\/","url":"https:\/\/noticiaempauta.com\/portal\/secretaria-municipal-de-financas-emite-comunicado-sobre-mudancas-na-emissao-da-nota-fiscal-de-servicos-nfs-e\/","name":"Secretaria Municipal de Finan\u00e7as emite Comunicado sobre mudan\u00e7as na emiss\u00e3o da Nota Fiscal de Servi\u00e7os (NFS-e) - Portal Not\u00edcia em Pauta","isPartOf":{"@id":"https:\/\/noticiaempauta.com\/portal\/#website"},"primaryImageOfPage":{"@id":"https:\/\/noticiaempauta.com\/portal\/secretaria-municipal-de-financas-emite-comunicado-sobre-mudancas-na-emissao-da-nota-fiscal-de-servicos-nfs-e\/#primaryimage"},"image":{"@id":"https:\/\/noticiaempauta.com\/portal\/secretaria-municipal-de-financas-emite-comunicado-sobre-mudancas-na-emissao-da-nota-fiscal-de-servicos-nfs-e\/#primaryimage"},"thumbnailUrl":"https:\/\/noticiaempauta.com\/portal\/wp-content\/uploads\/2026\/01\/59c2911c-9fb5-4a22-9e6d-d564804a6cf1.webp","datePublished":"2026-01-07T18:17:53+00:00","dateModified":"2026-01-07T18:17:54+00:00","breadcrumb":{"@id":"https:\/\/noticiaempauta.com\/portal\/secretaria-municipal-de-financas-emite-comunicado-sobre-mudancas-na-emissao-da-nota-fiscal-de-servicos-nfs-e\/#breadcrumb"},"inLanguage":"pt-BR","potentialAction":[{"@type":"ReadAction","target":["https:\/\/noticiaempauta.com\/portal\/secretaria-municipal-de-financas-emite-comunicado-sobre-mudancas-na-emissao-da-nota-fiscal-de-servicos-nfs-e\/"]}]},{"@type":"ImageObject","inLanguage":"pt-BR","@id":"https:\/\/noticiaempauta.com\/portal\/secretaria-municipal-de-financas-emite-comunicado-sobre-mudancas-na-emissao-da-nota-fiscal-de-servicos-nfs-e\/#primaryimage","url":"https:\/\/noticiaempauta.com\/portal\/wp-content\/uploads\/2026\/01\/59c2911c-9fb5-4a22-9e6d-d564804a6cf1.webp","contentUrl":"https:\/\/noticiaempauta.com\/portal\/wp-content\/uploads\/2026\/01\/59c2911c-9fb5-4a22-9e6d-d564804a6cf1.webp","width":640,"height":427},{"@type":"BreadcrumbList","@id":"https:\/\/noticiaempauta.com\/portal\/secretaria-municipal-de-financas-emite-comunicado-sobre-mudancas-na-emissao-da-nota-fiscal-de-servicos-nfs-e\/#breadcrumb","itemListElement":[{"@type":"ListItem","position":1,"name":"P\u00e1gina Inicial","item":"https:\/\/noticiaempauta.com\/portal\/"},{"@type":"ListItem","position":2,"name":"Destaques","item":"https:\/\/noticiaempauta.com\/portal\/destaques-site\/"},{"@type":"ListItem","position":3,"name":"Secretaria Municipal de Finan\u00e7as emite Comunicado sobre mudan\u00e7as na emiss\u00e3o da Nota Fiscal de Servi\u00e7os (NFS-e)"}]},{"@type":"WebSite","@id":"https:\/\/noticiaempauta.com\/portal\/#website","url":"https:\/\/noticiaempauta.com\/portal\/","name":"Portal Not\u00edcia em Pauta","description":"Voc\u00ea bem informado","publisher":{"@id":"https:\/\/noticiaempauta.com\/portal\/#organization"},"potentialAction":[{"@type":"SearchAction","target":{"@type":"EntryPoint","urlTemplate":"https:\/\/noticiaempauta.com\/portal\/?s={search_term_string}"},"query-input":{"@type":"PropertyValueSpecification","valueRequired":true,"valueName":"search_term_string"}}],"inLanguage":"pt-BR"},{"@type":"Organization","@id":"https:\/\/noticiaempauta.com\/portal\/#organization","name":"Portal Not\u00edcia em Pauta","url":"https:\/\/noticiaempauta.com\/portal\/","logo":{"@type":"ImageObject","inLanguage":"pt-BR","@id":"https:\/\/noticiaempauta.com\/portal\/#\/schema\/logo\/image\/","url":"https:\/\/noticiaempauta.com\/portal\/wp-content\/uploads\/2022\/08\/logomarca_tema.fw_.png","contentUrl":"https:\/\/noticiaempauta.com\/portal\/wp-content\/uploads\/2022\/08\/logomarca_tema.fw_.png","width":400,"height":232,"caption":"Portal Not\u00edcia em Pauta"},"image":{"@id":"https:\/\/noticiaempauta.com\/portal\/#\/schema\/logo\/image\/"},"sameAs":["https:\/\/www.facebook.com\/Portal-Notcia-Em-Pauta-102292869264820\/","https:\/\/www.instagram.com\/portalnoticiaempauta\/"]},{"@type":"Person","@id":"https:\/\/noticiaempauta.com\/portal\/#\/schema\/person\/a74af43dd1ab3deca45f988c717d57ac","name":"Reda\u00e7\u00e3o","image":{"@type":"ImageObject","inLanguage":"pt-BR","@id":"https:\/\/noticiaempauta.com\/portal\/#\/schema\/person\/image\/","url":"https:\/\/secure.gravatar.com\/avatar\/03179346ecce6cdfc13361603e8f54242a90e5cde8618fa23c5c00aa2b0aadf3?s=96&d=mm&r=g","contentUrl":"https:\/\/secure.gravatar.com\/avatar\/03179346ecce6cdfc13361603e8f54242a90e5cde8618fa23c5c00aa2b0aadf3?s=96&d=mm&r=g","caption":"Reda\u00e7\u00e3o"},"sameAs":["https:\/\/noticiaempauta.com\/portal\/"],"url":"https:\/\/noticiaempauta.com\/portal\/author\/fernando\/"}]}},"_links":{"self":[{"href":"https:\/\/noticiaempauta.com\/portal\/wp-json\/wp\/v2\/posts\/283769","targetHints":{"allow":["GET"]}}],"collection":[{"href":"https:\/\/noticiaempauta.com\/portal\/wp-json\/wp\/v2\/posts"}],"about":[{"href":"https:\/\/noticiaempauta.com\/portal\/wp-json\/wp\/v2\/types\/post"}],"author":[{"embeddable":true,"href":"https:\/\/noticiaempauta.com\/portal\/wp-json\/wp\/v2\/users\/2"}],"replies":[{"embeddable":true,"href":"https:\/\/noticiaempauta.com\/portal\/wp-json\/wp\/v2\/comments?post=283769"}],"version-history":[{"count":2,"href":"https:\/\/noticiaempauta.com\/portal\/wp-json\/wp\/v2\/posts\/283769\/revisions"}],"predecessor-version":[{"id":283772,"href":"https:\/\/noticiaempauta.com\/portal\/wp-json\/wp\/v2\/posts\/283769\/revisions\/283772"}],"wp:featuredmedia":[{"embeddable":true,"href":"https:\/\/noticiaempauta.com\/portal\/wp-json\/wp\/v2\/media\/283770"}],"wp:attachment":[{"href":"https:\/\/noticiaempauta.com\/portal\/wp-json\/wp\/v2\/media?parent=283769"}],"wp:term":[{"taxonomy":"category","embeddable":true,"href":"https:\/\/noticiaempauta.com\/portal\/wp-json\/wp\/v2\/categories?post=283769"},{"taxonomy":"post_tag","embeddable":true,"href":"https:\/\/noticiaempauta.com\/portal\/wp-json\/wp\/v2\/tags?post=283769"}],"curies":[{"name":"wp","href":"https:\/\/api.w.org\/{rel}","templated":true}]}}