{"id":283774,"date":"2026-01-08T11:06:57","date_gmt":"2026-01-08T14:06:57","guid":{"rendered":"https:\/\/noticiaempauta.com\/portal\/?p=283774"},"modified":"2026-01-08T11:06:58","modified_gmt":"2026-01-08T14:06:58","slug":"filho-de-piauienses-desaparece-apos-se-alistar-no-exercito-da-russia","status":"publish","type":"post","link":"https:\/\/noticiaempauta.com\/portal\/filho-de-piauienses-desaparece-apos-se-alistar-no-exercito-da-russia\/","title":{"rendered":"Filho de piauienses desaparece ap\u00f3s se alistar no Ex\u00e9rcito da R\u00fassia"},"content":{"rendered":"\n<p>O jovem Chairon Vitor Sep\u00falveda, natural de Diadema, em S\u00e3o Paulo, e filho de um casal com ra\u00edzes no munic\u00edpio de Oeiras, no Piau\u00ed, est\u00e1 desaparecido desde julho de 2025 ap\u00f3s se alistar no Ex\u00e9rcito da R\u00fassia.<\/p>\n\n\n\n<figure class=\"wp-block-image size-large\"><img fetchpriority=\"high\" decoding=\"async\" width=\"759\" height=\"1024\" src=\"https:\/\/noticiaempauta.com\/portal\/wp-content\/uploads\/2026\/01\/a83e8474-e65c-4a9d-8bd7-5f65397ff878-759x1024.webp\" alt=\"\" class=\"wp-image-283775\" srcset=\"https:\/\/noticiaempauta.com\/portal\/wp-content\/uploads\/2026\/01\/a83e8474-e65c-4a9d-8bd7-5f65397ff878-759x1024.webp 759w, https:\/\/noticiaempauta.com\/portal\/wp-content\/uploads\/2026\/01\/a83e8474-e65c-4a9d-8bd7-5f65397ff878-222x300.webp 222w, https:\/\/noticiaempauta.com\/portal\/wp-content\/uploads\/2026\/01\/a83e8474-e65c-4a9d-8bd7-5f65397ff878-768x1036.webp 768w, https:\/\/noticiaempauta.com\/portal\/wp-content\/uploads\/2026\/01\/a83e8474-e65c-4a9d-8bd7-5f65397ff878.webp 949w\" sizes=\"(max-width: 759px) 100vw, 759px\" \/><figcaption class=\"wp-element-caption\"><em>Foto: Reprodu\u00e7\u00e3o\/WhatsApp<\/em><\/figcaption><\/figure>\n\n\n\n<p>Chairon ingressou nas for\u00e7as armadas russas para atuar no conflito militar do pa\u00eds contra a Ucr\u00e2nia. Segundo familiares, o contato com o jovem foi mantido regularmente at\u00e9 o dia 15 de julho de 2025. Desde ent\u00e3o, ele n\u00e3o deu mais not\u00edcias, o que gerou apreens\u00e3o e ang\u00fastia entre parentes e amigos.<\/p>\n\n\n\n<p>Em busca de informa\u00e7\u00f5es oficiais sobre o paradeiro do filho, os pais acionaram o Minist\u00e9rio das Rela\u00e7\u00f5es Exteriores do Brasil. De acordo com dados repassados pelo governo russo, o brasileiro ainda consta como vinculado a uma unidade militar, por\u00e9m aparece no sistema como ausente, sem localiza\u00e7\u00e3o confirmada at\u00e9 o momento.<\/p>\n\n\n\n<figure class=\"wp-block-image size-full\"><img decoding=\"async\" width=\"779\" height=\"721\" src=\"https:\/\/noticiaempauta.com\/portal\/wp-content\/uploads\/2026\/01\/f3edc803-a0dc-44ce-8ed9-93108b6cff44.webp\" alt=\"\" class=\"wp-image-283776\" srcset=\"https:\/\/noticiaempauta.com\/portal\/wp-content\/uploads\/2026\/01\/f3edc803-a0dc-44ce-8ed9-93108b6cff44.webp 779w, https:\/\/noticiaempauta.com\/portal\/wp-content\/uploads\/2026\/01\/f3edc803-a0dc-44ce-8ed9-93108b6cff44-300x278.webp 300w, https:\/\/noticiaempauta.com\/portal\/wp-content\/uploads\/2026\/01\/f3edc803-a0dc-44ce-8ed9-93108b6cff44-768x711.webp 768w\" sizes=\"(max-width: 779px) 100vw, 779px\" \/><\/figure>\n\n\n\n<p>A situa\u00e7\u00e3o se agravou em dezembro, quando a fam\u00edlia&nbsp;<strong>recebeu uma informa\u00e7\u00e3o extraoficial de que o nome de Chairon constaria em uma lista de soldados mortos no conflito<\/strong>. Desde ent\u00e3o, os familiares tentam esclarecer o que de fato aconteceu com o jovem.<\/p>\n\n\n\n<p>A m\u00e3e de Chairon, Charlaenne Sep\u00falveda, relatou o momento em que recebeu a informa\u00e7\u00e3o n\u00e3o oficial.<\/p>\n\n\n\n<p>\u201cQuando foi agora em dezembro, um soldado entrou em contato por meio da minha irm\u00e3 informando que o nome do meu filho estaria em uma lista de mortos.\u201d<\/p>\n\n\n\n<p>A fam\u00edlia segue aguardando esclarecimentos oficiais e pede apoio das autoridades brasileiras para obter informa\u00e7\u00f5es concretas sobre o paradeiro de Chairon Vitor Sep\u00falveda.<\/p>\n\n\n\n<p>Fonte: Paula Monize\/Cidade Verde<\/p>\n","protected":false},"excerpt":{"rendered":"<p>O jovem Chairon Vitor Sep\u00falveda, natural de Diadema, em S\u00e3o Paulo, e filho de um casal com ra\u00edzes no munic\u00edpio de Oeiras, no Piau\u00ed, est\u00e1 desaparecido desde julho de 2025 ap\u00f3s se alistar no Ex\u00e9rcito da R\u00fassia. Chairon ingressou nas for\u00e7as armadas russas para atuar no conflito militar do pa\u00eds contra a Ucr\u00e2nia. Segundo familiares, [&hellip;]<\/p>\n","protected":false},"author":2,"featured_media":283777,"comment_status":"closed","ping_status":"closed","sticky":false,"template":"","format":"standard","meta":{"_mi_skip_tracking":false,"footnotes":""},"categories":[25,1,16],"tags":[192],"class_list":["post-283774","post","type-post","status-publish","format-standard","has-post-thumbnail","hentry","category-destaques-site","category-geral","category-todas","tag-destaqueprincipal"],"acf":[],"yoast_head":"<!-- This site is optimized with the Yoast SEO Premium plugin v19.2 (Yoast SEO v26.9) - https:\/\/yoast.com\/product\/yoast-seo-premium-wordpress\/ -->\n<title>Filho de piauienses desaparece ap\u00f3s se alistar no Ex\u00e9rcito da R\u00fassia - Portal Not\u00edcia em Pauta<\/title>\n<meta name=\"robots\" content=\"index, follow, max-snippet:-1, max-image-preview:large, max-video-preview:-1\" \/>\n<link rel=\"canonical\" href=\"https:\/\/noticiaempauta.com\/portal\/filho-de-piauienses-desaparece-apos-se-alistar-no-exercito-da-russia\/\" \/>\n<meta property=\"og:locale\" content=\"pt_BR\" \/>\n<meta property=\"og:type\" content=\"article\" \/>\n<meta property=\"og:title\" content=\"Filho de piauienses desaparece ap\u00f3s se alistar no Ex\u00e9rcito da R\u00fassia\" \/>\n<meta property=\"og:description\" content=\"O jovem Chairon Vitor Sep\u00falveda, natural de Diadema, em S\u00e3o Paulo, e filho de um casal com ra\u00edzes no munic\u00edpio de Oeiras, no Piau\u00ed, est\u00e1 desaparecido desde julho de 2025 ap\u00f3s se alistar no Ex\u00e9rcito da R\u00fassia. Chairon ingressou nas for\u00e7as armadas russas para atuar no conflito militar do pa\u00eds contra a Ucr\u00e2nia. Segundo familiares, [&hellip;]\" \/>\n<meta property=\"og:url\" content=\"https:\/\/noticiaempauta.com\/portal\/filho-de-piauienses-desaparece-apos-se-alistar-no-exercito-da-russia\/\" \/>\n<meta property=\"og:site_name\" content=\"Portal Not\u00edcia em Pauta\" \/>\n<meta property=\"article:publisher\" content=\"https:\/\/www.facebook.com\/Portal-Notcia-Em-Pauta-102292869264820\/\" \/>\n<meta property=\"article:published_time\" content=\"2026-01-08T14:06:57+00:00\" \/>\n<meta property=\"article:modified_time\" content=\"2026-01-08T14:06:58+00:00\" \/>\n<meta property=\"og:image\" content=\"https:\/\/noticiaempauta.com\/portal\/wp-content\/uploads\/2026\/01\/a83e8474-e65c-4a9d-8bd7-5f65397ff878-1.webp\" \/>\n\t<meta property=\"og:image:width\" content=\"949\" \/>\n\t<meta property=\"og:image:height\" content=\"924\" \/>\n\t<meta property=\"og:image:type\" content=\"image\/webp\" \/>\n<meta name=\"author\" content=\"Reda\u00e7\u00e3o\" \/>\n<meta name=\"twitter:card\" content=\"summary_large_image\" \/>\n<meta name=\"twitter:label1\" content=\"Escrito por\" \/>\n\t<meta name=\"twitter:data1\" content=\"Reda\u00e7\u00e3o\" \/>\n\t<meta name=\"twitter:label2\" content=\"Est. tempo de leitura\" \/>\n\t<meta name=\"twitter:data2\" content=\"2 minutos\" \/>\n<script type=\"application\/ld+json\" class=\"yoast-schema-graph\">{\"@context\":\"https:\/\/schema.org\",\"@graph\":[{\"@type\":\"Article\",\"@id\":\"https:\/\/noticiaempauta.com\/portal\/filho-de-piauienses-desaparece-apos-se-alistar-no-exercito-da-russia\/#article\",\"isPartOf\":{\"@id\":\"https:\/\/noticiaempauta.com\/portal\/filho-de-piauienses-desaparece-apos-se-alistar-no-exercito-da-russia\/\"},\"author\":{\"name\":\"Reda\u00e7\u00e3o\",\"@id\":\"https:\/\/noticiaempauta.com\/portal\/#\/schema\/person\/a74af43dd1ab3deca45f988c717d57ac\"},\"headline\":\"Filho de piauienses desaparece ap\u00f3s se alistar no Ex\u00e9rcito da R\u00fassia\",\"datePublished\":\"2026-01-08T14:06:57+00:00\",\"dateModified\":\"2026-01-08T14:06:58+00:00\",\"mainEntityOfPage\":{\"@id\":\"https:\/\/noticiaempauta.com\/portal\/filho-de-piauienses-desaparece-apos-se-alistar-no-exercito-da-russia\/\"},\"wordCount\":299,\"publisher\":{\"@id\":\"https:\/\/noticiaempauta.com\/portal\/#organization\"},\"image\":{\"@id\":\"https:\/\/noticiaempauta.com\/portal\/filho-de-piauienses-desaparece-apos-se-alistar-no-exercito-da-russia\/#primaryimage\"},\"thumbnailUrl\":\"https:\/\/noticiaempauta.com\/portal\/wp-content\/uploads\/2026\/01\/a83e8474-e65c-4a9d-8bd7-5f65397ff878-1.webp\",\"keywords\":[\"destaqueprincipal\"],\"articleSection\":[\"Destaques\",\"Geral\",\"Todas as Not\u00edcias\"],\"inLanguage\":\"pt-BR\"},{\"@type\":\"WebPage\",\"@id\":\"https:\/\/noticiaempauta.com\/portal\/filho-de-piauienses-desaparece-apos-se-alistar-no-exercito-da-russia\/\",\"url\":\"https:\/\/noticiaempauta.com\/portal\/filho-de-piauienses-desaparece-apos-se-alistar-no-exercito-da-russia\/\",\"name\":\"Filho de piauienses desaparece ap\u00f3s se alistar no Ex\u00e9rcito da R\u00fassia - Portal Not\u00edcia em Pauta\",\"isPartOf\":{\"@id\":\"https:\/\/noticiaempauta.com\/portal\/#website\"},\"primaryImageOfPage\":{\"@id\":\"https:\/\/noticiaempauta.com\/portal\/filho-de-piauienses-desaparece-apos-se-alistar-no-exercito-da-russia\/#primaryimage\"},\"image\":{\"@id\":\"https:\/\/noticiaempauta.com\/portal\/filho-de-piauienses-desaparece-apos-se-alistar-no-exercito-da-russia\/#primaryimage\"},\"thumbnailUrl\":\"https:\/\/noticiaempauta.com\/portal\/wp-content\/uploads\/2026\/01\/a83e8474-e65c-4a9d-8bd7-5f65397ff878-1.webp\",\"datePublished\":\"2026-01-08T14:06:57+00:00\",\"dateModified\":\"2026-01-08T14:06:58+00:00\",\"breadcrumb\":{\"@id\":\"https:\/\/noticiaempauta.com\/portal\/filho-de-piauienses-desaparece-apos-se-alistar-no-exercito-da-russia\/#breadcrumb\"},\"inLanguage\":\"pt-BR\",\"potentialAction\":[{\"@type\":\"ReadAction\",\"target\":[\"https:\/\/noticiaempauta.com\/portal\/filho-de-piauienses-desaparece-apos-se-alistar-no-exercito-da-russia\/\"]}]},{\"@type\":\"ImageObject\",\"inLanguage\":\"pt-BR\",\"@id\":\"https:\/\/noticiaempauta.com\/portal\/filho-de-piauienses-desaparece-apos-se-alistar-no-exercito-da-russia\/#primaryimage\",\"url\":\"https:\/\/noticiaempauta.com\/portal\/wp-content\/uploads\/2026\/01\/a83e8474-e65c-4a9d-8bd7-5f65397ff878-1.webp\",\"contentUrl\":\"https:\/\/noticiaempauta.com\/portal\/wp-content\/uploads\/2026\/01\/a83e8474-e65c-4a9d-8bd7-5f65397ff878-1.webp\",\"width\":949,\"height\":924},{\"@type\":\"BreadcrumbList\",\"@id\":\"https:\/\/noticiaempauta.com\/portal\/filho-de-piauienses-desaparece-apos-se-alistar-no-exercito-da-russia\/#breadcrumb\",\"itemListElement\":[{\"@type\":\"ListItem\",\"position\":1,\"name\":\"P\u00e1gina Inicial\",\"item\":\"https:\/\/noticiaempauta.com\/portal\/\"},{\"@type\":\"ListItem\",\"position\":2,\"name\":\"Destaques\",\"item\":\"https:\/\/noticiaempauta.com\/portal\/destaques-site\/\"},{\"@type\":\"ListItem\",\"position\":3,\"name\":\"Filho de piauienses desaparece ap\u00f3s se alistar no Ex\u00e9rcito da R\u00fassia\"}]},{\"@type\":\"WebSite\",\"@id\":\"https:\/\/noticiaempauta.com\/portal\/#website\",\"url\":\"https:\/\/noticiaempauta.com\/portal\/\",\"name\":\"Portal Not\u00edcia em Pauta\",\"description\":\"Voc\u00ea bem informado\",\"publisher\":{\"@id\":\"https:\/\/noticiaempauta.com\/portal\/#organization\"},\"potentialAction\":[{\"@type\":\"SearchAction\",\"target\":{\"@type\":\"EntryPoint\",\"urlTemplate\":\"https:\/\/noticiaempauta.com\/portal\/?s={search_term_string}\"},\"query-input\":{\"@type\":\"PropertyValueSpecification\",\"valueRequired\":true,\"valueName\":\"search_term_string\"}}],\"inLanguage\":\"pt-BR\"},{\"@type\":\"Organization\",\"@id\":\"https:\/\/noticiaempauta.com\/portal\/#organization\",\"name\":\"Portal Not\u00edcia em Pauta\",\"url\":\"https:\/\/noticiaempauta.com\/portal\/\",\"logo\":{\"@type\":\"ImageObject\",\"inLanguage\":\"pt-BR\",\"@id\":\"https:\/\/noticiaempauta.com\/portal\/#\/schema\/logo\/image\/\",\"url\":\"https:\/\/noticiaempauta.com\/portal\/wp-content\/uploads\/2022\/08\/logomarca_tema.fw_.png\",\"contentUrl\":\"https:\/\/noticiaempauta.com\/portal\/wp-content\/uploads\/2022\/08\/logomarca_tema.fw_.png\",\"width\":400,\"height\":232,\"caption\":\"Portal Not\u00edcia em Pauta\"},\"image\":{\"@id\":\"https:\/\/noticiaempauta.com\/portal\/#\/schema\/logo\/image\/\"},\"sameAs\":[\"https:\/\/www.facebook.com\/Portal-Notcia-Em-Pauta-102292869264820\/\",\"https:\/\/www.instagram.com\/portalnoticiaempauta\/\"]},{\"@type\":\"Person\",\"@id\":\"https:\/\/noticiaempauta.com\/portal\/#\/schema\/person\/a74af43dd1ab3deca45f988c717d57ac\",\"name\":\"Reda\u00e7\u00e3o\",\"image\":{\"@type\":\"ImageObject\",\"inLanguage\":\"pt-BR\",\"@id\":\"https:\/\/noticiaempauta.com\/portal\/#\/schema\/person\/image\/\",\"url\":\"https:\/\/secure.gravatar.com\/avatar\/03179346ecce6cdfc13361603e8f54242a90e5cde8618fa23c5c00aa2b0aadf3?s=96&d=mm&r=g\",\"contentUrl\":\"https:\/\/secure.gravatar.com\/avatar\/03179346ecce6cdfc13361603e8f54242a90e5cde8618fa23c5c00aa2b0aadf3?s=96&d=mm&r=g\",\"caption\":\"Reda\u00e7\u00e3o\"},\"sameAs\":[\"https:\/\/noticiaempauta.com\/portal\/\"],\"url\":\"https:\/\/noticiaempauta.com\/portal\/author\/fernando\/\"}]}<\/script>\n<!-- \/ Yoast SEO Premium plugin. -->","yoast_head_json":{"title":"Filho de piauienses desaparece ap\u00f3s se alistar no Ex\u00e9rcito da R\u00fassia - Portal Not\u00edcia em Pauta","robots":{"index":"index","follow":"follow","max-snippet":"max-snippet:-1","max-image-preview":"max-image-preview:large","max-video-preview":"max-video-preview:-1"},"canonical":"https:\/\/noticiaempauta.com\/portal\/filho-de-piauienses-desaparece-apos-se-alistar-no-exercito-da-russia\/","og_locale":"pt_BR","og_type":"article","og_title":"Filho de piauienses desaparece ap\u00f3s se alistar no Ex\u00e9rcito da R\u00fassia","og_description":"O jovem Chairon Vitor Sep\u00falveda, natural de Diadema, em S\u00e3o Paulo, e filho de um casal com ra\u00edzes no munic\u00edpio de Oeiras, no Piau\u00ed, est\u00e1 desaparecido desde julho de 2025 ap\u00f3s se alistar no Ex\u00e9rcito da R\u00fassia. Chairon ingressou nas for\u00e7as armadas russas para atuar no conflito militar do pa\u00eds contra a Ucr\u00e2nia. Segundo familiares, [&hellip;]","og_url":"https:\/\/noticiaempauta.com\/portal\/filho-de-piauienses-desaparece-apos-se-alistar-no-exercito-da-russia\/","og_site_name":"Portal Not\u00edcia em Pauta","article_publisher":"https:\/\/www.facebook.com\/Portal-Notcia-Em-Pauta-102292869264820\/","article_published_time":"2026-01-08T14:06:57+00:00","article_modified_time":"2026-01-08T14:06:58+00:00","og_image":[{"width":949,"height":924,"url":"https:\/\/noticiaempauta.com\/portal\/wp-content\/uploads\/2026\/01\/a83e8474-e65c-4a9d-8bd7-5f65397ff878-1.webp","type":"image\/webp"}],"author":"Reda\u00e7\u00e3o","twitter_card":"summary_large_image","twitter_misc":{"Escrito por":"Reda\u00e7\u00e3o","Est. tempo de leitura":"2 minutos"},"schema":{"@context":"https:\/\/schema.org","@graph":[{"@type":"Article","@id":"https:\/\/noticiaempauta.com\/portal\/filho-de-piauienses-desaparece-apos-se-alistar-no-exercito-da-russia\/#article","isPartOf":{"@id":"https:\/\/noticiaempauta.com\/portal\/filho-de-piauienses-desaparece-apos-se-alistar-no-exercito-da-russia\/"},"author":{"name":"Reda\u00e7\u00e3o","@id":"https:\/\/noticiaempauta.com\/portal\/#\/schema\/person\/a74af43dd1ab3deca45f988c717d57ac"},"headline":"Filho de piauienses desaparece ap\u00f3s se alistar no Ex\u00e9rcito da R\u00fassia","datePublished":"2026-01-08T14:06:57+00:00","dateModified":"2026-01-08T14:06:58+00:00","mainEntityOfPage":{"@id":"https:\/\/noticiaempauta.com\/portal\/filho-de-piauienses-desaparece-apos-se-alistar-no-exercito-da-russia\/"},"wordCount":299,"publisher":{"@id":"https:\/\/noticiaempauta.com\/portal\/#organization"},"image":{"@id":"https:\/\/noticiaempauta.com\/portal\/filho-de-piauienses-desaparece-apos-se-alistar-no-exercito-da-russia\/#primaryimage"},"thumbnailUrl":"https:\/\/noticiaempauta.com\/portal\/wp-content\/uploads\/2026\/01\/a83e8474-e65c-4a9d-8bd7-5f65397ff878-1.webp","keywords":["destaqueprincipal"],"articleSection":["Destaques","Geral","Todas as Not\u00edcias"],"inLanguage":"pt-BR"},{"@type":"WebPage","@id":"https:\/\/noticiaempauta.com\/portal\/filho-de-piauienses-desaparece-apos-se-alistar-no-exercito-da-russia\/","url":"https:\/\/noticiaempauta.com\/portal\/filho-de-piauienses-desaparece-apos-se-alistar-no-exercito-da-russia\/","name":"Filho de piauienses desaparece ap\u00f3s se alistar no Ex\u00e9rcito da R\u00fassia - Portal Not\u00edcia em Pauta","isPartOf":{"@id":"https:\/\/noticiaempauta.com\/portal\/#website"},"primaryImageOfPage":{"@id":"https:\/\/noticiaempauta.com\/portal\/filho-de-piauienses-desaparece-apos-se-alistar-no-exercito-da-russia\/#primaryimage"},"image":{"@id":"https:\/\/noticiaempauta.com\/portal\/filho-de-piauienses-desaparece-apos-se-alistar-no-exercito-da-russia\/#primaryimage"},"thumbnailUrl":"https:\/\/noticiaempauta.com\/portal\/wp-content\/uploads\/2026\/01\/a83e8474-e65c-4a9d-8bd7-5f65397ff878-1.webp","datePublished":"2026-01-08T14:06:57+00:00","dateModified":"2026-01-08T14:06:58+00:00","breadcrumb":{"@id":"https:\/\/noticiaempauta.com\/portal\/filho-de-piauienses-desaparece-apos-se-alistar-no-exercito-da-russia\/#breadcrumb"},"inLanguage":"pt-BR","potentialAction":[{"@type":"ReadAction","target":["https:\/\/noticiaempauta.com\/portal\/filho-de-piauienses-desaparece-apos-se-alistar-no-exercito-da-russia\/"]}]},{"@type":"ImageObject","inLanguage":"pt-BR","@id":"https:\/\/noticiaempauta.com\/portal\/filho-de-piauienses-desaparece-apos-se-alistar-no-exercito-da-russia\/#primaryimage","url":"https:\/\/noticiaempauta.com\/portal\/wp-content\/uploads\/2026\/01\/a83e8474-e65c-4a9d-8bd7-5f65397ff878-1.webp","contentUrl":"https:\/\/noticiaempauta.com\/portal\/wp-content\/uploads\/2026\/01\/a83e8474-e65c-4a9d-8bd7-5f65397ff878-1.webp","width":949,"height":924},{"@type":"BreadcrumbList","@id":"https:\/\/noticiaempauta.com\/portal\/filho-de-piauienses-desaparece-apos-se-alistar-no-exercito-da-russia\/#breadcrumb","itemListElement":[{"@type":"ListItem","position":1,"name":"P\u00e1gina Inicial","item":"https:\/\/noticiaempauta.com\/portal\/"},{"@type":"ListItem","position":2,"name":"Destaques","item":"https:\/\/noticiaempauta.com\/portal\/destaques-site\/"},{"@type":"ListItem","position":3,"name":"Filho de piauienses desaparece ap\u00f3s se alistar no Ex\u00e9rcito da R\u00fassia"}]},{"@type":"WebSite","@id":"https:\/\/noticiaempauta.com\/portal\/#website","url":"https:\/\/noticiaempauta.com\/portal\/","name":"Portal Not\u00edcia em Pauta","description":"Voc\u00ea bem informado","publisher":{"@id":"https:\/\/noticiaempauta.com\/portal\/#organization"},"potentialAction":[{"@type":"SearchAction","target":{"@type":"EntryPoint","urlTemplate":"https:\/\/noticiaempauta.com\/portal\/?s={search_term_string}"},"query-input":{"@type":"PropertyValueSpecification","valueRequired":true,"valueName":"search_term_string"}}],"inLanguage":"pt-BR"},{"@type":"Organization","@id":"https:\/\/noticiaempauta.com\/portal\/#organization","name":"Portal Not\u00edcia em Pauta","url":"https:\/\/noticiaempauta.com\/portal\/","logo":{"@type":"ImageObject","inLanguage":"pt-BR","@id":"https:\/\/noticiaempauta.com\/portal\/#\/schema\/logo\/image\/","url":"https:\/\/noticiaempauta.com\/portal\/wp-content\/uploads\/2022\/08\/logomarca_tema.fw_.png","contentUrl":"https:\/\/noticiaempauta.com\/portal\/wp-content\/uploads\/2022\/08\/logomarca_tema.fw_.png","width":400,"height":232,"caption":"Portal Not\u00edcia em Pauta"},"image":{"@id":"https:\/\/noticiaempauta.com\/portal\/#\/schema\/logo\/image\/"},"sameAs":["https:\/\/www.facebook.com\/Portal-Notcia-Em-Pauta-102292869264820\/","https:\/\/www.instagram.com\/portalnoticiaempauta\/"]},{"@type":"Person","@id":"https:\/\/noticiaempauta.com\/portal\/#\/schema\/person\/a74af43dd1ab3deca45f988c717d57ac","name":"Reda\u00e7\u00e3o","image":{"@type":"ImageObject","inLanguage":"pt-BR","@id":"https:\/\/noticiaempauta.com\/portal\/#\/schema\/person\/image\/","url":"https:\/\/secure.gravatar.com\/avatar\/03179346ecce6cdfc13361603e8f54242a90e5cde8618fa23c5c00aa2b0aadf3?s=96&d=mm&r=g","contentUrl":"https:\/\/secure.gravatar.com\/avatar\/03179346ecce6cdfc13361603e8f54242a90e5cde8618fa23c5c00aa2b0aadf3?s=96&d=mm&r=g","caption":"Reda\u00e7\u00e3o"},"sameAs":["https:\/\/noticiaempauta.com\/portal\/"],"url":"https:\/\/noticiaempauta.com\/portal\/author\/fernando\/"}]}},"_links":{"self":[{"href":"https:\/\/noticiaempauta.com\/portal\/wp-json\/wp\/v2\/posts\/283774","targetHints":{"allow":["GET"]}}],"collection":[{"href":"https:\/\/noticiaempauta.com\/portal\/wp-json\/wp\/v2\/posts"}],"about":[{"href":"https:\/\/noticiaempauta.com\/portal\/wp-json\/wp\/v2\/types\/post"}],"author":[{"embeddable":true,"href":"https:\/\/noticiaempauta.com\/portal\/wp-json\/wp\/v2\/users\/2"}],"replies":[{"embeddable":true,"href":"https:\/\/noticiaempauta.com\/portal\/wp-json\/wp\/v2\/comments?post=283774"}],"version-history":[{"count":2,"href":"https:\/\/noticiaempauta.com\/portal\/wp-json\/wp\/v2\/posts\/283774\/revisions"}],"predecessor-version":[{"id":283779,"href":"https:\/\/noticiaempauta.com\/portal\/wp-json\/wp\/v2\/posts\/283774\/revisions\/283779"}],"wp:featuredmedia":[{"embeddable":true,"href":"https:\/\/noticiaempauta.com\/portal\/wp-json\/wp\/v2\/media\/283777"}],"wp:attachment":[{"href":"https:\/\/noticiaempauta.com\/portal\/wp-json\/wp\/v2\/media?parent=283774"}],"wp:term":[{"taxonomy":"category","embeddable":true,"href":"https:\/\/noticiaempauta.com\/portal\/wp-json\/wp\/v2\/categories?post=283774"},{"taxonomy":"post_tag","embeddable":true,"href":"https:\/\/noticiaempauta.com\/portal\/wp-json\/wp\/v2\/tags?post=283774"}],"curies":[{"name":"wp","href":"https:\/\/api.w.org\/{rel}","templated":true}]}}