{"id":283780,"date":"2026-01-08T11:28:16","date_gmt":"2026-01-08T14:28:16","guid":{"rendered":"https:\/\/noticiaempauta.com\/portal\/?p=283780"},"modified":"2026-01-08T11:28:17","modified_gmt":"2026-01-08T14:28:17","slug":"chuvas-devem-atingir-todo-o-piaui-a-partir-do-dia-20-veja-regioes-monitoradas","status":"publish","type":"post","link":"https:\/\/noticiaempauta.com\/portal\/chuvas-devem-atingir-todo-o-piaui-a-partir-do-dia-20-veja-regioes-monitoradas\/","title":{"rendered":"Chuvas devem atingir todo o Piau\u00ed a partir do dia 20; veja regi\u00f5es monitoradas"},"content":{"rendered":"\n<p>O&nbsp;Piau\u00ed&nbsp;deve registrar o retorno das chuvas de forma mais abrangente a&nbsp;partir do dia 20 de janeiro. A previs\u00e3o tem como base mapas e modelos do&nbsp;Centro de Previs\u00e3o de Tempo e Estudos Clim\u00e1ticos&nbsp;(CPTEC), utilizados no monitoramento da&nbsp;Defesa Civil do Piau\u00ed.<\/p>\n\n\n\n<figure class=\"wp-block-image size-full\"><img fetchpriority=\"high\" decoding=\"async\" width=\"600\" height=\"400\" src=\"https:\/\/noticiaempauta.com\/portal\/wp-content\/uploads\/2023\/03\/chuva-teresina.jpg\" alt=\"\" class=\"wp-image-245062\" srcset=\"https:\/\/noticiaempauta.com\/portal\/wp-content\/uploads\/2023\/03\/chuva-teresina.jpg 600w, https:\/\/noticiaempauta.com\/portal\/wp-content\/uploads\/2023\/03\/chuva-teresina-300x200.jpg 300w\" sizes=\"(max-width: 600px) 100vw, 600px\" \/><figcaption class=\"wp-element-caption\"><em>(Foto: Reprodu\u00e7\u00e3o)<\/em><\/figcaption><\/figure>\n\n\n\n<p>Segundo o diretor de Preven\u00e7\u00e3o e Mitiga\u00e7\u00e3o da Defesa Civil,&nbsp;Werton Costa, j\u00e1 h\u00e1 uma mudan\u00e7a clara no cen\u00e1rio meteorol\u00f3gico.<\/p>\n\n\n\n<p>\u201cO monitoramento detectou uma sens\u00edvel mudan\u00e7a no comportamento t\u00e9cnico do Atl\u00e2ntico Tropical, que come\u00e7a lentamente a aquecer. Isso \u00e9 um excelente sinal e j\u00e1 repercute nos modelos de previs\u00e3o de chuva\u201d, afirmou.<\/p>\n\n\n\n<p>De acordo com ele, os dados do CPTEC indicam que as precipita\u00e7\u00f5es devem ganhar for\u00e7a em todo o estado. \u201cO CPTEC j\u00e1 confirma o retorno das chuvas em todo o Piau\u00ed&nbsp;com muito vigor&nbsp;a partir do dia 20\u201d, destacou.<\/p>\n\n\n\n<h2 class=\"wp-block-heading\"><strong>Chuvas ser\u00e3o irregulares, mas mais distribu\u00eddas<\/strong><\/h2>\n\n\n\n<p>Werton Costa refor\u00e7ou que o&nbsp;per\u00edodo chuvoso no Piau\u00ed n\u00e3o ser\u00e1 cont\u00ednuo e deve apresentar oscila\u00e7\u00f5es. \u201cO per\u00edodo chuvoso vai ser oscilante. Ele vai contemplar v\u00e1rias pausas, o que caracteriza uma condi\u00e7\u00e3o irregular\u201d, disse.<\/p>\n\n\n\n<p>Ele citou que, enquanto algumas cidades seguem com tempo seco, outras j\u00e1 registraram volumes expressivos de chuva.<\/p>\n\n\n\n<p>\u201cNo Vale do Sambito, tivemos grande volume de chuva em Valen\u00e7a e at\u00e9 chuva de granizo em Concei\u00e7\u00e3o do Canind\u00e9. Ao mesmo tempo, a capital e Parna\u00edba seguem com sol\u201d, exemplificou.<\/p>\n\n\n\n<p>A tend\u00eancia, segundo ele, \u00e9 de que ap\u00f3s o dia 20 as chuvas passem a alcan\u00e7ar a maior parte do estado. \u201cO importante \u00e9 que, depois desse per\u00edodo,&nbsp;a chuva vai se espalhar por todo o Piau\u00ed, com a maioria dos munic\u00edpios registrando precipita\u00e7\u00f5es\u201d, afirmou.<\/p>\n\n\n\n<figure class=\"wp-block-image size-full\"><img decoding=\"async\" width=\"750\" height=\"500\" src=\"https:\/\/noticiaempauta.com\/portal\/wp-content\/uploads\/2026\/01\/fotos_CV_5.webp\" alt=\"\" class=\"wp-image-283781\" srcset=\"https:\/\/noticiaempauta.com\/portal\/wp-content\/uploads\/2026\/01\/fotos_CV_5.webp 750w, https:\/\/noticiaempauta.com\/portal\/wp-content\/uploads\/2026\/01\/fotos_CV_5-300x200.webp 300w\" sizes=\"(max-width: 750px) 100vw, 750px\" \/><figcaption class=\"wp-element-caption\"><em>Foto: Reprodu\u00e7\u00e3o: Centro de Previs\u00e3o de Tempo e Estudos Clim\u00e1ticos<\/em><\/figcaption><\/figure>\n\n\n\n<h2 class=\"wp-block-heading\"><strong>Cidades em monitoramento<\/strong><\/h2>\n\n\n\n<p>A&nbsp;Defesa Civil&nbsp;informou que mant\u00e9m aten\u00e7\u00e3o especial para cidades ribeirinhas e \u00e1reas mais vulner\u00e1veis. \u201cTemos uma preocupa\u00e7\u00e3o muito especial com munic\u00edpios como&nbsp;Picos,&nbsp;Floriano,&nbsp;Uru\u00e7u\u00ed,&nbsp;Teresina,&nbsp;S\u00e3o Raimundo Nonato e Oeiras. Essas cidades est\u00e3o no nosso radar\u201d, concluiu.<\/p>\n\n\n\n<h2 class=\"wp-block-heading\"><strong>Atl\u00e2ntico aquecido e canal de umidade favorecem chuvas<\/strong><\/h2>\n\n\n\n<p>Al\u00e9m do aquecimento do Atl\u00e2ntico Tropical, outro fator importante \u00e9 a aproxima\u00e7\u00e3o de um canal de umidade vindo do Norte do pa\u00eds, associado \u00e0 lenta aproxima\u00e7\u00e3o da Zona de Converg\u00eancia Intertropical (ZCIT).<\/p>\n\n\n\n<p>\u201cTamb\u00e9m rastreamos a aproxima\u00e7\u00e3o do canal de umidade Norte e da Zona de Converg\u00eancia Intertropical, o que pode beneficiar diretamente os munic\u00edpios do Norte do estado, que ainda registram pouca chuva\u201d, explicou o professor.<\/p>\n\n\n\n<h2 class=\"wp-block-heading\"><strong>VCAN explica calor e tempo firme no momento<\/strong><\/h2>\n\n\n\n<p>Apesar da expectativa de aumento das chuvas, o&nbsp;Piau\u00ed ainda enfrenta dias de tempo firme e temperaturas elevadas&nbsp;por causa da atua\u00e7\u00e3o de um&nbsp;v\u00f3rtice cicl\u00f4nico de altos n\u00edveis&nbsp;(VCAN).<\/p>\n\n\n\n<p>\u201cPor enquanto, estamos sob atua\u00e7\u00e3o de um VCAN, que \u00e9 um sistema de baixa press\u00e3o que atua na alta atmosfera. Ele provoca uma redistribui\u00e7\u00e3o da umidade sobre o Nordeste, geralmente causando veranicos e tempo firme nos munic\u00edpios que est\u00e3o sob o seu centro\u201d, explicou Werton Costa.<\/p>\n\n\n\n<p>Segundo o diretor, nas \u00e1reas que ficam nas bordas do sistema, o efeito pode ser diferente. \u201cNas bordas do VCAN, ele pode provocar chuva r\u00e1pida, pancadas com rajadas de vento e at\u00e9 queda de granizo\u201d, completou.<\/p>\n\n\n\n<p>Fonte: Cidade Verde<\/p>\n","protected":false},"excerpt":{"rendered":"<p>O&nbsp;Piau\u00ed&nbsp;deve registrar o retorno das chuvas de forma mais abrangente a&nbsp;partir do dia 20 de janeiro. A previs\u00e3o tem como base mapas e modelos do&nbsp;Centro de Previs\u00e3o de Tempo e Estudos Clim\u00e1ticos&nbsp;(CPTEC), utilizados no monitoramento da&nbsp;Defesa Civil do Piau\u00ed. Segundo o diretor de Preven\u00e7\u00e3o e Mitiga\u00e7\u00e3o da Defesa Civil,&nbsp;Werton Costa, j\u00e1 h\u00e1 uma mudan\u00e7a clara [&hellip;]<\/p>\n","protected":false},"author":2,"featured_media":245062,"comment_status":"closed","ping_status":"closed","sticky":false,"template":"","format":"standard","meta":{"_mi_skip_tracking":false,"footnotes":""},"categories":[25,1,9,16],"tags":[192],"class_list":["post-283780","post","type-post","status-publish","format-standard","has-post-thumbnail","hentry","category-destaques-site","category-geral","category-municipios","category-todas","tag-destaqueprincipal"],"acf":[],"yoast_head":"<!-- This site is optimized with the Yoast SEO Premium plugin v19.2 (Yoast SEO v26.9) - https:\/\/yoast.com\/product\/yoast-seo-premium-wordpress\/ -->\n<title>Chuvas devem atingir todo o Piau\u00ed a partir do dia 20; veja regi\u00f5es monitoradas - Portal Not\u00edcia em Pauta<\/title>\n<meta name=\"robots\" content=\"index, follow, max-snippet:-1, max-image-preview:large, max-video-preview:-1\" \/>\n<link rel=\"canonical\" href=\"https:\/\/noticiaempauta.com\/portal\/chuvas-devem-atingir-todo-o-piaui-a-partir-do-dia-20-veja-regioes-monitoradas\/\" \/>\n<meta property=\"og:locale\" content=\"pt_BR\" \/>\n<meta property=\"og:type\" content=\"article\" \/>\n<meta property=\"og:title\" content=\"Chuvas devem atingir todo o Piau\u00ed a partir do dia 20; veja regi\u00f5es monitoradas\" \/>\n<meta property=\"og:description\" content=\"O&nbsp;Piau\u00ed&nbsp;deve registrar o retorno das chuvas de forma mais abrangente a&nbsp;partir do dia 20 de janeiro. A previs\u00e3o tem como base mapas e modelos do&nbsp;Centro de Previs\u00e3o de Tempo e Estudos Clim\u00e1ticos&nbsp;(CPTEC), utilizados no monitoramento da&nbsp;Defesa Civil do Piau\u00ed. Segundo o diretor de Preven\u00e7\u00e3o e Mitiga\u00e7\u00e3o da Defesa Civil,&nbsp;Werton Costa, j\u00e1 h\u00e1 uma mudan\u00e7a clara [&hellip;]\" \/>\n<meta property=\"og:url\" content=\"https:\/\/noticiaempauta.com\/portal\/chuvas-devem-atingir-todo-o-piaui-a-partir-do-dia-20-veja-regioes-monitoradas\/\" \/>\n<meta property=\"og:site_name\" content=\"Portal Not\u00edcia em Pauta\" \/>\n<meta property=\"article:publisher\" content=\"https:\/\/www.facebook.com\/Portal-Notcia-Em-Pauta-102292869264820\/\" \/>\n<meta property=\"article:published_time\" content=\"2026-01-08T14:28:16+00:00\" \/>\n<meta property=\"article:modified_time\" content=\"2026-01-08T14:28:17+00:00\" \/>\n<meta property=\"og:image\" content=\"https:\/\/noticiaempauta.com\/portal\/wp-content\/uploads\/2023\/03\/chuva-teresina.jpg\" \/>\n\t<meta property=\"og:image:width\" content=\"600\" \/>\n\t<meta property=\"og:image:height\" content=\"400\" \/>\n\t<meta property=\"og:image:type\" content=\"image\/jpeg\" \/>\n<meta name=\"author\" content=\"Reda\u00e7\u00e3o\" \/>\n<meta name=\"twitter:card\" content=\"summary_large_image\" \/>\n<meta name=\"twitter:label1\" content=\"Escrito por\" \/>\n\t<meta name=\"twitter:data1\" content=\"Reda\u00e7\u00e3o\" \/>\n\t<meta name=\"twitter:label2\" content=\"Est. tempo de leitura\" \/>\n\t<meta name=\"twitter:data2\" content=\"4 minutos\" \/>\n<script type=\"application\/ld+json\" class=\"yoast-schema-graph\">{\"@context\":\"https:\/\/schema.org\",\"@graph\":[{\"@type\":\"Article\",\"@id\":\"https:\/\/noticiaempauta.com\/portal\/chuvas-devem-atingir-todo-o-piaui-a-partir-do-dia-20-veja-regioes-monitoradas\/#article\",\"isPartOf\":{\"@id\":\"https:\/\/noticiaempauta.com\/portal\/chuvas-devem-atingir-todo-o-piaui-a-partir-do-dia-20-veja-regioes-monitoradas\/\"},\"author\":{\"name\":\"Reda\u00e7\u00e3o\",\"@id\":\"https:\/\/noticiaempauta.com\/portal\/#\/schema\/person\/a74af43dd1ab3deca45f988c717d57ac\"},\"headline\":\"Chuvas devem atingir todo o Piau\u00ed a partir do dia 20; veja regi\u00f5es monitoradas\",\"datePublished\":\"2026-01-08T14:28:16+00:00\",\"dateModified\":\"2026-01-08T14:28:17+00:00\",\"mainEntityOfPage\":{\"@id\":\"https:\/\/noticiaempauta.com\/portal\/chuvas-devem-atingir-todo-o-piaui-a-partir-do-dia-20-veja-regioes-monitoradas\/\"},\"wordCount\":616,\"publisher\":{\"@id\":\"https:\/\/noticiaempauta.com\/portal\/#organization\"},\"image\":{\"@id\":\"https:\/\/noticiaempauta.com\/portal\/chuvas-devem-atingir-todo-o-piaui-a-partir-do-dia-20-veja-regioes-monitoradas\/#primaryimage\"},\"thumbnailUrl\":\"https:\/\/noticiaempauta.com\/portal\/wp-content\/uploads\/2023\/03\/chuva-teresina.jpg\",\"keywords\":[\"destaqueprincipal\"],\"articleSection\":[\"Destaques\",\"Geral\",\"Munic\u00edpios\",\"Todas as Not\u00edcias\"],\"inLanguage\":\"pt-BR\"},{\"@type\":\"WebPage\",\"@id\":\"https:\/\/noticiaempauta.com\/portal\/chuvas-devem-atingir-todo-o-piaui-a-partir-do-dia-20-veja-regioes-monitoradas\/\",\"url\":\"https:\/\/noticiaempauta.com\/portal\/chuvas-devem-atingir-todo-o-piaui-a-partir-do-dia-20-veja-regioes-monitoradas\/\",\"name\":\"Chuvas devem atingir todo o Piau\u00ed a partir do dia 20; veja regi\u00f5es monitoradas - Portal Not\u00edcia em Pauta\",\"isPartOf\":{\"@id\":\"https:\/\/noticiaempauta.com\/portal\/#website\"},\"primaryImageOfPage\":{\"@id\":\"https:\/\/noticiaempauta.com\/portal\/chuvas-devem-atingir-todo-o-piaui-a-partir-do-dia-20-veja-regioes-monitoradas\/#primaryimage\"},\"image\":{\"@id\":\"https:\/\/noticiaempauta.com\/portal\/chuvas-devem-atingir-todo-o-piaui-a-partir-do-dia-20-veja-regioes-monitoradas\/#primaryimage\"},\"thumbnailUrl\":\"https:\/\/noticiaempauta.com\/portal\/wp-content\/uploads\/2023\/03\/chuva-teresina.jpg\",\"datePublished\":\"2026-01-08T14:28:16+00:00\",\"dateModified\":\"2026-01-08T14:28:17+00:00\",\"breadcrumb\":{\"@id\":\"https:\/\/noticiaempauta.com\/portal\/chuvas-devem-atingir-todo-o-piaui-a-partir-do-dia-20-veja-regioes-monitoradas\/#breadcrumb\"},\"inLanguage\":\"pt-BR\",\"potentialAction\":[{\"@type\":\"ReadAction\",\"target\":[\"https:\/\/noticiaempauta.com\/portal\/chuvas-devem-atingir-todo-o-piaui-a-partir-do-dia-20-veja-regioes-monitoradas\/\"]}]},{\"@type\":\"ImageObject\",\"inLanguage\":\"pt-BR\",\"@id\":\"https:\/\/noticiaempauta.com\/portal\/chuvas-devem-atingir-todo-o-piaui-a-partir-do-dia-20-veja-regioes-monitoradas\/#primaryimage\",\"url\":\"https:\/\/noticiaempauta.com\/portal\/wp-content\/uploads\/2023\/03\/chuva-teresina.jpg\",\"contentUrl\":\"https:\/\/noticiaempauta.com\/portal\/wp-content\/uploads\/2023\/03\/chuva-teresina.jpg\",\"width\":600,\"height\":400,\"caption\":\"Foto: Reprodu\u00e7\u00e3o\"},{\"@type\":\"BreadcrumbList\",\"@id\":\"https:\/\/noticiaempauta.com\/portal\/chuvas-devem-atingir-todo-o-piaui-a-partir-do-dia-20-veja-regioes-monitoradas\/#breadcrumb\",\"itemListElement\":[{\"@type\":\"ListItem\",\"position\":1,\"name\":\"P\u00e1gina Inicial\",\"item\":\"https:\/\/noticiaempauta.com\/portal\/\"},{\"@type\":\"ListItem\",\"position\":2,\"name\":\"Destaques\",\"item\":\"https:\/\/noticiaempauta.com\/portal\/destaques-site\/\"},{\"@type\":\"ListItem\",\"position\":3,\"name\":\"Chuvas devem atingir todo o Piau\u00ed a partir do dia 20; veja regi\u00f5es monitoradas\"}]},{\"@type\":\"WebSite\",\"@id\":\"https:\/\/noticiaempauta.com\/portal\/#website\",\"url\":\"https:\/\/noticiaempauta.com\/portal\/\",\"name\":\"Portal Not\u00edcia em Pauta\",\"description\":\"Voc\u00ea bem informado\",\"publisher\":{\"@id\":\"https:\/\/noticiaempauta.com\/portal\/#organization\"},\"potentialAction\":[{\"@type\":\"SearchAction\",\"target\":{\"@type\":\"EntryPoint\",\"urlTemplate\":\"https:\/\/noticiaempauta.com\/portal\/?s={search_term_string}\"},\"query-input\":{\"@type\":\"PropertyValueSpecification\",\"valueRequired\":true,\"valueName\":\"search_term_string\"}}],\"inLanguage\":\"pt-BR\"},{\"@type\":\"Organization\",\"@id\":\"https:\/\/noticiaempauta.com\/portal\/#organization\",\"name\":\"Portal Not\u00edcia em Pauta\",\"url\":\"https:\/\/noticiaempauta.com\/portal\/\",\"logo\":{\"@type\":\"ImageObject\",\"inLanguage\":\"pt-BR\",\"@id\":\"https:\/\/noticiaempauta.com\/portal\/#\/schema\/logo\/image\/\",\"url\":\"https:\/\/noticiaempauta.com\/portal\/wp-content\/uploads\/2022\/08\/logomarca_tema.fw_.png\",\"contentUrl\":\"https:\/\/noticiaempauta.com\/portal\/wp-content\/uploads\/2022\/08\/logomarca_tema.fw_.png\",\"width\":400,\"height\":232,\"caption\":\"Portal Not\u00edcia em Pauta\"},\"image\":{\"@id\":\"https:\/\/noticiaempauta.com\/portal\/#\/schema\/logo\/image\/\"},\"sameAs\":[\"https:\/\/www.facebook.com\/Portal-Notcia-Em-Pauta-102292869264820\/\",\"https:\/\/www.instagram.com\/portalnoticiaempauta\/\"]},{\"@type\":\"Person\",\"@id\":\"https:\/\/noticiaempauta.com\/portal\/#\/schema\/person\/a74af43dd1ab3deca45f988c717d57ac\",\"name\":\"Reda\u00e7\u00e3o\",\"image\":{\"@type\":\"ImageObject\",\"inLanguage\":\"pt-BR\",\"@id\":\"https:\/\/noticiaempauta.com\/portal\/#\/schema\/person\/image\/\",\"url\":\"https:\/\/secure.gravatar.com\/avatar\/03179346ecce6cdfc13361603e8f54242a90e5cde8618fa23c5c00aa2b0aadf3?s=96&d=mm&r=g\",\"contentUrl\":\"https:\/\/secure.gravatar.com\/avatar\/03179346ecce6cdfc13361603e8f54242a90e5cde8618fa23c5c00aa2b0aadf3?s=96&d=mm&r=g\",\"caption\":\"Reda\u00e7\u00e3o\"},\"sameAs\":[\"https:\/\/noticiaempauta.com\/portal\/\"],\"url\":\"https:\/\/noticiaempauta.com\/portal\/author\/fernando\/\"}]}<\/script>\n<!-- \/ Yoast SEO Premium plugin. -->","yoast_head_json":{"title":"Chuvas devem atingir todo o Piau\u00ed a partir do dia 20; veja regi\u00f5es monitoradas - Portal Not\u00edcia em Pauta","robots":{"index":"index","follow":"follow","max-snippet":"max-snippet:-1","max-image-preview":"max-image-preview:large","max-video-preview":"max-video-preview:-1"},"canonical":"https:\/\/noticiaempauta.com\/portal\/chuvas-devem-atingir-todo-o-piaui-a-partir-do-dia-20-veja-regioes-monitoradas\/","og_locale":"pt_BR","og_type":"article","og_title":"Chuvas devem atingir todo o Piau\u00ed a partir do dia 20; veja regi\u00f5es monitoradas","og_description":"O&nbsp;Piau\u00ed&nbsp;deve registrar o retorno das chuvas de forma mais abrangente a&nbsp;partir do dia 20 de janeiro. A previs\u00e3o tem como base mapas e modelos do&nbsp;Centro de Previs\u00e3o de Tempo e Estudos Clim\u00e1ticos&nbsp;(CPTEC), utilizados no monitoramento da&nbsp;Defesa Civil do Piau\u00ed. Segundo o diretor de Preven\u00e7\u00e3o e Mitiga\u00e7\u00e3o da Defesa Civil,&nbsp;Werton Costa, j\u00e1 h\u00e1 uma mudan\u00e7a clara [&hellip;]","og_url":"https:\/\/noticiaempauta.com\/portal\/chuvas-devem-atingir-todo-o-piaui-a-partir-do-dia-20-veja-regioes-monitoradas\/","og_site_name":"Portal Not\u00edcia em Pauta","article_publisher":"https:\/\/www.facebook.com\/Portal-Notcia-Em-Pauta-102292869264820\/","article_published_time":"2026-01-08T14:28:16+00:00","article_modified_time":"2026-01-08T14:28:17+00:00","og_image":[{"width":600,"height":400,"url":"https:\/\/noticiaempauta.com\/portal\/wp-content\/uploads\/2023\/03\/chuva-teresina.jpg","type":"image\/jpeg"}],"author":"Reda\u00e7\u00e3o","twitter_card":"summary_large_image","twitter_misc":{"Escrito por":"Reda\u00e7\u00e3o","Est. tempo de leitura":"4 minutos"},"schema":{"@context":"https:\/\/schema.org","@graph":[{"@type":"Article","@id":"https:\/\/noticiaempauta.com\/portal\/chuvas-devem-atingir-todo-o-piaui-a-partir-do-dia-20-veja-regioes-monitoradas\/#article","isPartOf":{"@id":"https:\/\/noticiaempauta.com\/portal\/chuvas-devem-atingir-todo-o-piaui-a-partir-do-dia-20-veja-regioes-monitoradas\/"},"author":{"name":"Reda\u00e7\u00e3o","@id":"https:\/\/noticiaempauta.com\/portal\/#\/schema\/person\/a74af43dd1ab3deca45f988c717d57ac"},"headline":"Chuvas devem atingir todo o Piau\u00ed a partir do dia 20; veja regi\u00f5es monitoradas","datePublished":"2026-01-08T14:28:16+00:00","dateModified":"2026-01-08T14:28:17+00:00","mainEntityOfPage":{"@id":"https:\/\/noticiaempauta.com\/portal\/chuvas-devem-atingir-todo-o-piaui-a-partir-do-dia-20-veja-regioes-monitoradas\/"},"wordCount":616,"publisher":{"@id":"https:\/\/noticiaempauta.com\/portal\/#organization"},"image":{"@id":"https:\/\/noticiaempauta.com\/portal\/chuvas-devem-atingir-todo-o-piaui-a-partir-do-dia-20-veja-regioes-monitoradas\/#primaryimage"},"thumbnailUrl":"https:\/\/noticiaempauta.com\/portal\/wp-content\/uploads\/2023\/03\/chuva-teresina.jpg","keywords":["destaqueprincipal"],"articleSection":["Destaques","Geral","Munic\u00edpios","Todas as Not\u00edcias"],"inLanguage":"pt-BR"},{"@type":"WebPage","@id":"https:\/\/noticiaempauta.com\/portal\/chuvas-devem-atingir-todo-o-piaui-a-partir-do-dia-20-veja-regioes-monitoradas\/","url":"https:\/\/noticiaempauta.com\/portal\/chuvas-devem-atingir-todo-o-piaui-a-partir-do-dia-20-veja-regioes-monitoradas\/","name":"Chuvas devem atingir todo o Piau\u00ed a partir do dia 20; veja regi\u00f5es monitoradas - Portal Not\u00edcia em Pauta","isPartOf":{"@id":"https:\/\/noticiaempauta.com\/portal\/#website"},"primaryImageOfPage":{"@id":"https:\/\/noticiaempauta.com\/portal\/chuvas-devem-atingir-todo-o-piaui-a-partir-do-dia-20-veja-regioes-monitoradas\/#primaryimage"},"image":{"@id":"https:\/\/noticiaempauta.com\/portal\/chuvas-devem-atingir-todo-o-piaui-a-partir-do-dia-20-veja-regioes-monitoradas\/#primaryimage"},"thumbnailUrl":"https:\/\/noticiaempauta.com\/portal\/wp-content\/uploads\/2023\/03\/chuva-teresina.jpg","datePublished":"2026-01-08T14:28:16+00:00","dateModified":"2026-01-08T14:28:17+00:00","breadcrumb":{"@id":"https:\/\/noticiaempauta.com\/portal\/chuvas-devem-atingir-todo-o-piaui-a-partir-do-dia-20-veja-regioes-monitoradas\/#breadcrumb"},"inLanguage":"pt-BR","potentialAction":[{"@type":"ReadAction","target":["https:\/\/noticiaempauta.com\/portal\/chuvas-devem-atingir-todo-o-piaui-a-partir-do-dia-20-veja-regioes-monitoradas\/"]}]},{"@type":"ImageObject","inLanguage":"pt-BR","@id":"https:\/\/noticiaempauta.com\/portal\/chuvas-devem-atingir-todo-o-piaui-a-partir-do-dia-20-veja-regioes-monitoradas\/#primaryimage","url":"https:\/\/noticiaempauta.com\/portal\/wp-content\/uploads\/2023\/03\/chuva-teresina.jpg","contentUrl":"https:\/\/noticiaempauta.com\/portal\/wp-content\/uploads\/2023\/03\/chuva-teresina.jpg","width":600,"height":400,"caption":"Foto: Reprodu\u00e7\u00e3o"},{"@type":"BreadcrumbList","@id":"https:\/\/noticiaempauta.com\/portal\/chuvas-devem-atingir-todo-o-piaui-a-partir-do-dia-20-veja-regioes-monitoradas\/#breadcrumb","itemListElement":[{"@type":"ListItem","position":1,"name":"P\u00e1gina Inicial","item":"https:\/\/noticiaempauta.com\/portal\/"},{"@type":"ListItem","position":2,"name":"Destaques","item":"https:\/\/noticiaempauta.com\/portal\/destaques-site\/"},{"@type":"ListItem","position":3,"name":"Chuvas devem atingir todo o Piau\u00ed a partir do dia 20; veja regi\u00f5es monitoradas"}]},{"@type":"WebSite","@id":"https:\/\/noticiaempauta.com\/portal\/#website","url":"https:\/\/noticiaempauta.com\/portal\/","name":"Portal Not\u00edcia em Pauta","description":"Voc\u00ea bem informado","publisher":{"@id":"https:\/\/noticiaempauta.com\/portal\/#organization"},"potentialAction":[{"@type":"SearchAction","target":{"@type":"EntryPoint","urlTemplate":"https:\/\/noticiaempauta.com\/portal\/?s={search_term_string}"},"query-input":{"@type":"PropertyValueSpecification","valueRequired":true,"valueName":"search_term_string"}}],"inLanguage":"pt-BR"},{"@type":"Organization","@id":"https:\/\/noticiaempauta.com\/portal\/#organization","name":"Portal Not\u00edcia em Pauta","url":"https:\/\/noticiaempauta.com\/portal\/","logo":{"@type":"ImageObject","inLanguage":"pt-BR","@id":"https:\/\/noticiaempauta.com\/portal\/#\/schema\/logo\/image\/","url":"https:\/\/noticiaempauta.com\/portal\/wp-content\/uploads\/2022\/08\/logomarca_tema.fw_.png","contentUrl":"https:\/\/noticiaempauta.com\/portal\/wp-content\/uploads\/2022\/08\/logomarca_tema.fw_.png","width":400,"height":232,"caption":"Portal Not\u00edcia em Pauta"},"image":{"@id":"https:\/\/noticiaempauta.com\/portal\/#\/schema\/logo\/image\/"},"sameAs":["https:\/\/www.facebook.com\/Portal-Notcia-Em-Pauta-102292869264820\/","https:\/\/www.instagram.com\/portalnoticiaempauta\/"]},{"@type":"Person","@id":"https:\/\/noticiaempauta.com\/portal\/#\/schema\/person\/a74af43dd1ab3deca45f988c717d57ac","name":"Reda\u00e7\u00e3o","image":{"@type":"ImageObject","inLanguage":"pt-BR","@id":"https:\/\/noticiaempauta.com\/portal\/#\/schema\/person\/image\/","url":"https:\/\/secure.gravatar.com\/avatar\/03179346ecce6cdfc13361603e8f54242a90e5cde8618fa23c5c00aa2b0aadf3?s=96&d=mm&r=g","contentUrl":"https:\/\/secure.gravatar.com\/avatar\/03179346ecce6cdfc13361603e8f54242a90e5cde8618fa23c5c00aa2b0aadf3?s=96&d=mm&r=g","caption":"Reda\u00e7\u00e3o"},"sameAs":["https:\/\/noticiaempauta.com\/portal\/"],"url":"https:\/\/noticiaempauta.com\/portal\/author\/fernando\/"}]}},"_links":{"self":[{"href":"https:\/\/noticiaempauta.com\/portal\/wp-json\/wp\/v2\/posts\/283780","targetHints":{"allow":["GET"]}}],"collection":[{"href":"https:\/\/noticiaempauta.com\/portal\/wp-json\/wp\/v2\/posts"}],"about":[{"href":"https:\/\/noticiaempauta.com\/portal\/wp-json\/wp\/v2\/types\/post"}],"author":[{"embeddable":true,"href":"https:\/\/noticiaempauta.com\/portal\/wp-json\/wp\/v2\/users\/2"}],"replies":[{"embeddable":true,"href":"https:\/\/noticiaempauta.com\/portal\/wp-json\/wp\/v2\/comments?post=283780"}],"version-history":[{"count":2,"href":"https:\/\/noticiaempauta.com\/portal\/wp-json\/wp\/v2\/posts\/283780\/revisions"}],"predecessor-version":[{"id":283783,"href":"https:\/\/noticiaempauta.com\/portal\/wp-json\/wp\/v2\/posts\/283780\/revisions\/283783"}],"wp:featuredmedia":[{"embeddable":true,"href":"https:\/\/noticiaempauta.com\/portal\/wp-json\/wp\/v2\/media\/245062"}],"wp:attachment":[{"href":"https:\/\/noticiaempauta.com\/portal\/wp-json\/wp\/v2\/media?parent=283780"}],"wp:term":[{"taxonomy":"category","embeddable":true,"href":"https:\/\/noticiaempauta.com\/portal\/wp-json\/wp\/v2\/categories?post=283780"},{"taxonomy":"post_tag","embeddable":true,"href":"https:\/\/noticiaempauta.com\/portal\/wp-json\/wp\/v2\/tags?post=283780"}],"curies":[{"name":"wp","href":"https:\/\/api.w.org\/{rel}","templated":true}]}}