{"id":283784,"date":"2026-01-08T15:17:59","date_gmt":"2026-01-08T18:17:59","guid":{"rendered":"https:\/\/noticiaempauta.com\/portal\/?p=283784"},"modified":"2026-01-08T15:18:00","modified_gmt":"2026-01-08T18:18:00","slug":"acusado-de-19-homicidios-no-piaui-e-preso-no-rj-se-passando-por-pipoqueiro","status":"publish","type":"post","link":"https:\/\/noticiaempauta.com\/portal\/acusado-de-19-homicidios-no-piaui-e-preso-no-rj-se-passando-por-pipoqueiro\/","title":{"rendered":"Acusado de 19 homic\u00eddios no Piau\u00ed \u00e9 preso no RJ se passando por pipoqueiro"},"content":{"rendered":"\n<p>Um\u00a0fugitivo da Penitenci\u00e1ria Major C\u00e9sar,\u00a0acusado de pelo menos 19 homic\u00eddios no Piau\u00ed, foi preso no Rio de Janeiro\u00a0ap\u00f3s uma a\u00e7\u00e3o integrada entre as for\u00e7as de seguran\u00e7a dos dois estados. O foragido, identificado como\u00a0Samuel Leal, de 30 anos, conhecido como \u201cGordinho\u201d, foi localizado no bairro da Tijuca, na zona norte da capital fluminense, onde se passava por vendedor de pipoca.<\/p>\n\n\n\n<figure class=\"wp-block-image size-full\"><img fetchpriority=\"high\" decoding=\"async\" width=\"206\" height=\"360\" src=\"https:\/\/noticiaempauta.com\/portal\/wp-content\/uploads\/2026\/01\/samuel_leal.webp\" alt=\"\" class=\"wp-image-283785\" srcset=\"https:\/\/noticiaempauta.com\/portal\/wp-content\/uploads\/2026\/01\/samuel_leal.webp 206w, https:\/\/noticiaempauta.com\/portal\/wp-content\/uploads\/2026\/01\/samuel_leal-172x300.webp 172w\" sizes=\"(max-width: 206px) 100vw, 206px\" \/><figcaption class=\"wp-element-caption\"><em>(Foto: Reprodu\u00e7\u00e3o)<\/em><\/figcaption><\/figure>\n\n\n\n<p>De acordo com a Pol\u00edcia Civil do Piau\u00ed (PC-PI), Samuel possui uma extensa ficha criminal, com registros por\u00a0homic\u00eddios, inclusive duplos homic\u00eddios em alguns casos, tr\u00e1fico de drogas e porte ilegal de arma de fogo. Por conta disso, foi classificado como um dos principais alvos de monitoramento da intelig\u00eancia policial, que conseguiu rastrear a\u00e7\u00f5es suspeitas para chegar at\u00e9 sua localiza\u00e7\u00e3o.\u00a0<\/p>\n\n\n\n<p>Em entrevista ao Jornal do Piau\u00ed nesta quinta-feira (8), o\u00a0delegado Yan Brayner, diretor de Intelig\u00eancia da PC-PI, explicou que uma tentativa de arquivamento de um processo criminal sob a alega\u00e7\u00e3o de que Samuel estaria morto. \u201cIsso chamou nossa aten\u00e7\u00e3o porque n\u00e3o foi apresentada certid\u00e3o de \u00f3bito, documento essencial nesses casos. A partir da\u00ed, intensificamos o monitoramento\u201d, explicou.<\/p>\n\n\n\n<p>Ainda conforme a autoridade policial, o acompanhamento revelou uma rotina quase di\u00e1ria do suspeito em uma regi\u00e3o da Tijuca, sempre em hor\u00e1rio comercial. \u201cVerificamos que ele frequentava constantemente aquela \u00e1rea. Compartilhamos essas informa\u00e7\u00f5es com a Pol\u00edcia Civil e a Pol\u00edcia Militar do Rio de Janeiro, e a PM conseguiu efetuar a pris\u00e3o\u201d, afirmou.<\/p>\n\n\n\n<p>No momento da abordagem,\u00a0na \u00faltima segunda-feira (5), Samuel\u00a0tentou enganar os agentes apresentando um documento falso. \u201cEle cometeu o crime de falsa identidade, mas os policiais j\u00e1 sabiam de quem se tratava e confirmaram a falsidade do documento junto \u00e0 pol\u00edcia do Rio\u201d, relatou o delegado.<\/p>\n\n\n\n<p>Brayner informou que Samuel possu\u00eda registros criminais no Rio de Janeiro, mas ressaltou que apesar de tentar levar uma vida aparentemente comum, \u00e9 considerado extremamente perigoso.<\/p>\n\n\n\n<p>\u201cEle se passava por vendedor de pipoca, mas \u00e9 um indiv\u00edduo de extrema periculosidade, envolvido com organiza\u00e7\u00e3o criminosa, inclusive com v\u00ednculo a fac\u00e7\u00e3o sediada no estado do Rio de Janeiro\u201d, disse.<\/p>\n\n\n\n<p>Ap\u00f3s a pris\u00e3o do fugitivo, o Judici\u00e1rio do Piau\u00ed foi comunicado e Samuel dever\u00e1 ser citado em processos em andamento, incluindo uma audi\u00eancia de instru\u00e7\u00e3o e julgamento marcada para fevereiro. H\u00e1 expectativa de que ele seja recambiado para o Piau\u00ed e que novos mandados de pris\u00e3o preventiva sejam expedidos.<\/p>\n\n\n\n<p>Por fim, o delegado Yan Brayner enfatizou a import\u00e2ncia do trabalho de intelig\u00eancia. \u201cN\u00f3s monitoramos indiv\u00edduos que cometem crimes de forma reiterada. Esse trabalho silencioso e cont\u00ednuo tem contribu\u00eddo diretamente para a redu\u00e7\u00e3o dos \u00edndices de criminalidade no Piau\u00ed\u201d, ressaltou.<\/p>\n\n\n\n<p>Fonte: Cidade Verde<\/p>\n","protected":false},"excerpt":{"rendered":"<p>Um\u00a0fugitivo da Penitenci\u00e1ria Major C\u00e9sar,\u00a0acusado de pelo menos 19 homic\u00eddios no Piau\u00ed, foi preso no Rio de Janeiro\u00a0ap\u00f3s uma a\u00e7\u00e3o integrada entre as for\u00e7as de seguran\u00e7a dos dois estados. O foragido, identificado como\u00a0Samuel Leal, de 30 anos, conhecido como \u201cGordinho\u201d, foi localizado no bairro da Tijuca, na zona norte da capital fluminense, onde se passava [&hellip;]<\/p>\n","protected":false},"author":2,"featured_media":283786,"comment_status":"closed","ping_status":"closed","sticky":false,"template":"","format":"standard","meta":{"_mi_skip_tracking":false,"footnotes":""},"categories":[25,1,137,16],"tags":[192],"class_list":["post-283784","post","type-post","status-publish","format-standard","has-post-thumbnail","hentry","category-destaques-site","category-geral","category-policia","category-todas","tag-destaqueprincipal"],"acf":[],"yoast_head":"<!-- This site is optimized with the Yoast SEO Premium plugin v19.2 (Yoast SEO v26.9) - https:\/\/yoast.com\/product\/yoast-seo-premium-wordpress\/ -->\n<title>Acusado de 19 homic\u00eddios no Piau\u00ed \u00e9 preso no RJ se passando por pipoqueiro - Portal Not\u00edcia em Pauta<\/title>\n<meta name=\"robots\" content=\"index, follow, max-snippet:-1, max-image-preview:large, max-video-preview:-1\" \/>\n<link rel=\"canonical\" href=\"https:\/\/noticiaempauta.com\/portal\/acusado-de-19-homicidios-no-piaui-e-preso-no-rj-se-passando-por-pipoqueiro\/\" \/>\n<meta property=\"og:locale\" content=\"pt_BR\" \/>\n<meta property=\"og:type\" content=\"article\" \/>\n<meta property=\"og:title\" content=\"Acusado de 19 homic\u00eddios no Piau\u00ed \u00e9 preso no RJ se passando por pipoqueiro\" \/>\n<meta property=\"og:description\" content=\"Um\u00a0fugitivo da Penitenci\u00e1ria Major C\u00e9sar,\u00a0acusado de pelo menos 19 homic\u00eddios no Piau\u00ed, foi preso no Rio de Janeiro\u00a0ap\u00f3s uma a\u00e7\u00e3o integrada entre as for\u00e7as de seguran\u00e7a dos dois estados. O foragido, identificado como\u00a0Samuel Leal, de 30 anos, conhecido como \u201cGordinho\u201d, foi localizado no bairro da Tijuca, na zona norte da capital fluminense, onde se passava [&hellip;]\" \/>\n<meta property=\"og:url\" content=\"https:\/\/noticiaempauta.com\/portal\/acusado-de-19-homicidios-no-piaui-e-preso-no-rj-se-passando-por-pipoqueiro\/\" \/>\n<meta property=\"og:site_name\" content=\"Portal Not\u00edcia em Pauta\" \/>\n<meta property=\"article:publisher\" content=\"https:\/\/www.facebook.com\/Portal-Notcia-Em-Pauta-102292869264820\/\" \/>\n<meta property=\"article:published_time\" content=\"2026-01-08T18:17:59+00:00\" \/>\n<meta property=\"article:modified_time\" content=\"2026-01-08T18:18:00+00:00\" \/>\n<meta property=\"og:image\" content=\"https:\/\/noticiaempauta.com\/portal\/wp-content\/uploads\/2026\/01\/algemasss.webp\" \/>\n\t<meta property=\"og:image:width\" content=\"612\" \/>\n\t<meta property=\"og:image:height\" content=\"306\" \/>\n\t<meta property=\"og:image:type\" content=\"image\/webp\" \/>\n<meta name=\"author\" content=\"Reda\u00e7\u00e3o\" \/>\n<meta name=\"twitter:card\" content=\"summary_large_image\" \/>\n<meta name=\"twitter:label1\" content=\"Escrito por\" \/>\n\t<meta name=\"twitter:data1\" content=\"Reda\u00e7\u00e3o\" \/>\n\t<meta name=\"twitter:label2\" content=\"Est. tempo de leitura\" \/>\n\t<meta name=\"twitter:data2\" content=\"3 minutos\" \/>\n<script type=\"application\/ld+json\" class=\"yoast-schema-graph\">{\"@context\":\"https:\/\/schema.org\",\"@graph\":[{\"@type\":\"Article\",\"@id\":\"https:\/\/noticiaempauta.com\/portal\/acusado-de-19-homicidios-no-piaui-e-preso-no-rj-se-passando-por-pipoqueiro\/#article\",\"isPartOf\":{\"@id\":\"https:\/\/noticiaempauta.com\/portal\/acusado-de-19-homicidios-no-piaui-e-preso-no-rj-se-passando-por-pipoqueiro\/\"},\"author\":{\"name\":\"Reda\u00e7\u00e3o\",\"@id\":\"https:\/\/noticiaempauta.com\/portal\/#\/schema\/person\/a74af43dd1ab3deca45f988c717d57ac\"},\"headline\":\"Acusado de 19 homic\u00eddios no Piau\u00ed \u00e9 preso no RJ se passando por pipoqueiro\",\"datePublished\":\"2026-01-08T18:17:59+00:00\",\"dateModified\":\"2026-01-08T18:18:00+00:00\",\"mainEntityOfPage\":{\"@id\":\"https:\/\/noticiaempauta.com\/portal\/acusado-de-19-homicidios-no-piaui-e-preso-no-rj-se-passando-por-pipoqueiro\/\"},\"wordCount\":484,\"publisher\":{\"@id\":\"https:\/\/noticiaempauta.com\/portal\/#organization\"},\"image\":{\"@id\":\"https:\/\/noticiaempauta.com\/portal\/acusado-de-19-homicidios-no-piaui-e-preso-no-rj-se-passando-por-pipoqueiro\/#primaryimage\"},\"thumbnailUrl\":\"https:\/\/noticiaempauta.com\/portal\/wp-content\/uploads\/2026\/01\/algemasss.webp\",\"keywords\":[\"destaqueprincipal\"],\"articleSection\":[\"Destaques\",\"Geral\",\"Pol\u00edcia\",\"Todas as Not\u00edcias\"],\"inLanguage\":\"pt-BR\"},{\"@type\":\"WebPage\",\"@id\":\"https:\/\/noticiaempauta.com\/portal\/acusado-de-19-homicidios-no-piaui-e-preso-no-rj-se-passando-por-pipoqueiro\/\",\"url\":\"https:\/\/noticiaempauta.com\/portal\/acusado-de-19-homicidios-no-piaui-e-preso-no-rj-se-passando-por-pipoqueiro\/\",\"name\":\"Acusado de 19 homic\u00eddios no Piau\u00ed \u00e9 preso no RJ se passando por pipoqueiro - Portal Not\u00edcia em Pauta\",\"isPartOf\":{\"@id\":\"https:\/\/noticiaempauta.com\/portal\/#website\"},\"primaryImageOfPage\":{\"@id\":\"https:\/\/noticiaempauta.com\/portal\/acusado-de-19-homicidios-no-piaui-e-preso-no-rj-se-passando-por-pipoqueiro\/#primaryimage\"},\"image\":{\"@id\":\"https:\/\/noticiaempauta.com\/portal\/acusado-de-19-homicidios-no-piaui-e-preso-no-rj-se-passando-por-pipoqueiro\/#primaryimage\"},\"thumbnailUrl\":\"https:\/\/noticiaempauta.com\/portal\/wp-content\/uploads\/2026\/01\/algemasss.webp\",\"datePublished\":\"2026-01-08T18:17:59+00:00\",\"dateModified\":\"2026-01-08T18:18:00+00:00\",\"breadcrumb\":{\"@id\":\"https:\/\/noticiaempauta.com\/portal\/acusado-de-19-homicidios-no-piaui-e-preso-no-rj-se-passando-por-pipoqueiro\/#breadcrumb\"},\"inLanguage\":\"pt-BR\",\"potentialAction\":[{\"@type\":\"ReadAction\",\"target\":[\"https:\/\/noticiaempauta.com\/portal\/acusado-de-19-homicidios-no-piaui-e-preso-no-rj-se-passando-por-pipoqueiro\/\"]}]},{\"@type\":\"ImageObject\",\"inLanguage\":\"pt-BR\",\"@id\":\"https:\/\/noticiaempauta.com\/portal\/acusado-de-19-homicidios-no-piaui-e-preso-no-rj-se-passando-por-pipoqueiro\/#primaryimage\",\"url\":\"https:\/\/noticiaempauta.com\/portal\/wp-content\/uploads\/2026\/01\/algemasss.webp\",\"contentUrl\":\"https:\/\/noticiaempauta.com\/portal\/wp-content\/uploads\/2026\/01\/algemasss.webp\",\"width\":612,\"height\":306},{\"@type\":\"BreadcrumbList\",\"@id\":\"https:\/\/noticiaempauta.com\/portal\/acusado-de-19-homicidios-no-piaui-e-preso-no-rj-se-passando-por-pipoqueiro\/#breadcrumb\",\"itemListElement\":[{\"@type\":\"ListItem\",\"position\":1,\"name\":\"P\u00e1gina Inicial\",\"item\":\"https:\/\/noticiaempauta.com\/portal\/\"},{\"@type\":\"ListItem\",\"position\":2,\"name\":\"Destaques\",\"item\":\"https:\/\/noticiaempauta.com\/portal\/destaques-site\/\"},{\"@type\":\"ListItem\",\"position\":3,\"name\":\"Acusado de 19 homic\u00eddios no Piau\u00ed \u00e9 preso no RJ se passando por pipoqueiro\"}]},{\"@type\":\"WebSite\",\"@id\":\"https:\/\/noticiaempauta.com\/portal\/#website\",\"url\":\"https:\/\/noticiaempauta.com\/portal\/\",\"name\":\"Portal Not\u00edcia em Pauta\",\"description\":\"Voc\u00ea bem informado\",\"publisher\":{\"@id\":\"https:\/\/noticiaempauta.com\/portal\/#organization\"},\"potentialAction\":[{\"@type\":\"SearchAction\",\"target\":{\"@type\":\"EntryPoint\",\"urlTemplate\":\"https:\/\/noticiaempauta.com\/portal\/?s={search_term_string}\"},\"query-input\":{\"@type\":\"PropertyValueSpecification\",\"valueRequired\":true,\"valueName\":\"search_term_string\"}}],\"inLanguage\":\"pt-BR\"},{\"@type\":\"Organization\",\"@id\":\"https:\/\/noticiaempauta.com\/portal\/#organization\",\"name\":\"Portal Not\u00edcia em Pauta\",\"url\":\"https:\/\/noticiaempauta.com\/portal\/\",\"logo\":{\"@type\":\"ImageObject\",\"inLanguage\":\"pt-BR\",\"@id\":\"https:\/\/noticiaempauta.com\/portal\/#\/schema\/logo\/image\/\",\"url\":\"https:\/\/noticiaempauta.com\/portal\/wp-content\/uploads\/2022\/08\/logomarca_tema.fw_.png\",\"contentUrl\":\"https:\/\/noticiaempauta.com\/portal\/wp-content\/uploads\/2022\/08\/logomarca_tema.fw_.png\",\"width\":400,\"height\":232,\"caption\":\"Portal Not\u00edcia em Pauta\"},\"image\":{\"@id\":\"https:\/\/noticiaempauta.com\/portal\/#\/schema\/logo\/image\/\"},\"sameAs\":[\"https:\/\/www.facebook.com\/Portal-Notcia-Em-Pauta-102292869264820\/\",\"https:\/\/www.instagram.com\/portalnoticiaempauta\/\"]},{\"@type\":\"Person\",\"@id\":\"https:\/\/noticiaempauta.com\/portal\/#\/schema\/person\/a74af43dd1ab3deca45f988c717d57ac\",\"name\":\"Reda\u00e7\u00e3o\",\"image\":{\"@type\":\"ImageObject\",\"inLanguage\":\"pt-BR\",\"@id\":\"https:\/\/noticiaempauta.com\/portal\/#\/schema\/person\/image\/\",\"url\":\"https:\/\/secure.gravatar.com\/avatar\/03179346ecce6cdfc13361603e8f54242a90e5cde8618fa23c5c00aa2b0aadf3?s=96&d=mm&r=g\",\"contentUrl\":\"https:\/\/secure.gravatar.com\/avatar\/03179346ecce6cdfc13361603e8f54242a90e5cde8618fa23c5c00aa2b0aadf3?s=96&d=mm&r=g\",\"caption\":\"Reda\u00e7\u00e3o\"},\"sameAs\":[\"https:\/\/noticiaempauta.com\/portal\/\"],\"url\":\"https:\/\/noticiaempauta.com\/portal\/author\/fernando\/\"}]}<\/script>\n<!-- \/ Yoast SEO Premium plugin. -->","yoast_head_json":{"title":"Acusado de 19 homic\u00eddios no Piau\u00ed \u00e9 preso no RJ se passando por pipoqueiro - Portal Not\u00edcia em Pauta","robots":{"index":"index","follow":"follow","max-snippet":"max-snippet:-1","max-image-preview":"max-image-preview:large","max-video-preview":"max-video-preview:-1"},"canonical":"https:\/\/noticiaempauta.com\/portal\/acusado-de-19-homicidios-no-piaui-e-preso-no-rj-se-passando-por-pipoqueiro\/","og_locale":"pt_BR","og_type":"article","og_title":"Acusado de 19 homic\u00eddios no Piau\u00ed \u00e9 preso no RJ se passando por pipoqueiro","og_description":"Um\u00a0fugitivo da Penitenci\u00e1ria Major C\u00e9sar,\u00a0acusado de pelo menos 19 homic\u00eddios no Piau\u00ed, foi preso no Rio de Janeiro\u00a0ap\u00f3s uma a\u00e7\u00e3o integrada entre as for\u00e7as de seguran\u00e7a dos dois estados. O foragido, identificado como\u00a0Samuel Leal, de 30 anos, conhecido como \u201cGordinho\u201d, foi localizado no bairro da Tijuca, na zona norte da capital fluminense, onde se passava [&hellip;]","og_url":"https:\/\/noticiaempauta.com\/portal\/acusado-de-19-homicidios-no-piaui-e-preso-no-rj-se-passando-por-pipoqueiro\/","og_site_name":"Portal Not\u00edcia em Pauta","article_publisher":"https:\/\/www.facebook.com\/Portal-Notcia-Em-Pauta-102292869264820\/","article_published_time":"2026-01-08T18:17:59+00:00","article_modified_time":"2026-01-08T18:18:00+00:00","og_image":[{"width":612,"height":306,"url":"https:\/\/noticiaempauta.com\/portal\/wp-content\/uploads\/2026\/01\/algemasss.webp","type":"image\/webp"}],"author":"Reda\u00e7\u00e3o","twitter_card":"summary_large_image","twitter_misc":{"Escrito por":"Reda\u00e7\u00e3o","Est. tempo de leitura":"3 minutos"},"schema":{"@context":"https:\/\/schema.org","@graph":[{"@type":"Article","@id":"https:\/\/noticiaempauta.com\/portal\/acusado-de-19-homicidios-no-piaui-e-preso-no-rj-se-passando-por-pipoqueiro\/#article","isPartOf":{"@id":"https:\/\/noticiaempauta.com\/portal\/acusado-de-19-homicidios-no-piaui-e-preso-no-rj-se-passando-por-pipoqueiro\/"},"author":{"name":"Reda\u00e7\u00e3o","@id":"https:\/\/noticiaempauta.com\/portal\/#\/schema\/person\/a74af43dd1ab3deca45f988c717d57ac"},"headline":"Acusado de 19 homic\u00eddios no Piau\u00ed \u00e9 preso no RJ se passando por pipoqueiro","datePublished":"2026-01-08T18:17:59+00:00","dateModified":"2026-01-08T18:18:00+00:00","mainEntityOfPage":{"@id":"https:\/\/noticiaempauta.com\/portal\/acusado-de-19-homicidios-no-piaui-e-preso-no-rj-se-passando-por-pipoqueiro\/"},"wordCount":484,"publisher":{"@id":"https:\/\/noticiaempauta.com\/portal\/#organization"},"image":{"@id":"https:\/\/noticiaempauta.com\/portal\/acusado-de-19-homicidios-no-piaui-e-preso-no-rj-se-passando-por-pipoqueiro\/#primaryimage"},"thumbnailUrl":"https:\/\/noticiaempauta.com\/portal\/wp-content\/uploads\/2026\/01\/algemasss.webp","keywords":["destaqueprincipal"],"articleSection":["Destaques","Geral","Pol\u00edcia","Todas as Not\u00edcias"],"inLanguage":"pt-BR"},{"@type":"WebPage","@id":"https:\/\/noticiaempauta.com\/portal\/acusado-de-19-homicidios-no-piaui-e-preso-no-rj-se-passando-por-pipoqueiro\/","url":"https:\/\/noticiaempauta.com\/portal\/acusado-de-19-homicidios-no-piaui-e-preso-no-rj-se-passando-por-pipoqueiro\/","name":"Acusado de 19 homic\u00eddios no Piau\u00ed \u00e9 preso no RJ se passando por pipoqueiro - Portal Not\u00edcia em Pauta","isPartOf":{"@id":"https:\/\/noticiaempauta.com\/portal\/#website"},"primaryImageOfPage":{"@id":"https:\/\/noticiaempauta.com\/portal\/acusado-de-19-homicidios-no-piaui-e-preso-no-rj-se-passando-por-pipoqueiro\/#primaryimage"},"image":{"@id":"https:\/\/noticiaempauta.com\/portal\/acusado-de-19-homicidios-no-piaui-e-preso-no-rj-se-passando-por-pipoqueiro\/#primaryimage"},"thumbnailUrl":"https:\/\/noticiaempauta.com\/portal\/wp-content\/uploads\/2026\/01\/algemasss.webp","datePublished":"2026-01-08T18:17:59+00:00","dateModified":"2026-01-08T18:18:00+00:00","breadcrumb":{"@id":"https:\/\/noticiaempauta.com\/portal\/acusado-de-19-homicidios-no-piaui-e-preso-no-rj-se-passando-por-pipoqueiro\/#breadcrumb"},"inLanguage":"pt-BR","potentialAction":[{"@type":"ReadAction","target":["https:\/\/noticiaempauta.com\/portal\/acusado-de-19-homicidios-no-piaui-e-preso-no-rj-se-passando-por-pipoqueiro\/"]}]},{"@type":"ImageObject","inLanguage":"pt-BR","@id":"https:\/\/noticiaempauta.com\/portal\/acusado-de-19-homicidios-no-piaui-e-preso-no-rj-se-passando-por-pipoqueiro\/#primaryimage","url":"https:\/\/noticiaempauta.com\/portal\/wp-content\/uploads\/2026\/01\/algemasss.webp","contentUrl":"https:\/\/noticiaempauta.com\/portal\/wp-content\/uploads\/2026\/01\/algemasss.webp","width":612,"height":306},{"@type":"BreadcrumbList","@id":"https:\/\/noticiaempauta.com\/portal\/acusado-de-19-homicidios-no-piaui-e-preso-no-rj-se-passando-por-pipoqueiro\/#breadcrumb","itemListElement":[{"@type":"ListItem","position":1,"name":"P\u00e1gina Inicial","item":"https:\/\/noticiaempauta.com\/portal\/"},{"@type":"ListItem","position":2,"name":"Destaques","item":"https:\/\/noticiaempauta.com\/portal\/destaques-site\/"},{"@type":"ListItem","position":3,"name":"Acusado de 19 homic\u00eddios no Piau\u00ed \u00e9 preso no RJ se passando por pipoqueiro"}]},{"@type":"WebSite","@id":"https:\/\/noticiaempauta.com\/portal\/#website","url":"https:\/\/noticiaempauta.com\/portal\/","name":"Portal Not\u00edcia em Pauta","description":"Voc\u00ea bem informado","publisher":{"@id":"https:\/\/noticiaempauta.com\/portal\/#organization"},"potentialAction":[{"@type":"SearchAction","target":{"@type":"EntryPoint","urlTemplate":"https:\/\/noticiaempauta.com\/portal\/?s={search_term_string}"},"query-input":{"@type":"PropertyValueSpecification","valueRequired":true,"valueName":"search_term_string"}}],"inLanguage":"pt-BR"},{"@type":"Organization","@id":"https:\/\/noticiaempauta.com\/portal\/#organization","name":"Portal Not\u00edcia em Pauta","url":"https:\/\/noticiaempauta.com\/portal\/","logo":{"@type":"ImageObject","inLanguage":"pt-BR","@id":"https:\/\/noticiaempauta.com\/portal\/#\/schema\/logo\/image\/","url":"https:\/\/noticiaempauta.com\/portal\/wp-content\/uploads\/2022\/08\/logomarca_tema.fw_.png","contentUrl":"https:\/\/noticiaempauta.com\/portal\/wp-content\/uploads\/2022\/08\/logomarca_tema.fw_.png","width":400,"height":232,"caption":"Portal Not\u00edcia em Pauta"},"image":{"@id":"https:\/\/noticiaempauta.com\/portal\/#\/schema\/logo\/image\/"},"sameAs":["https:\/\/www.facebook.com\/Portal-Notcia-Em-Pauta-102292869264820\/","https:\/\/www.instagram.com\/portalnoticiaempauta\/"]},{"@type":"Person","@id":"https:\/\/noticiaempauta.com\/portal\/#\/schema\/person\/a74af43dd1ab3deca45f988c717d57ac","name":"Reda\u00e7\u00e3o","image":{"@type":"ImageObject","inLanguage":"pt-BR","@id":"https:\/\/noticiaempauta.com\/portal\/#\/schema\/person\/image\/","url":"https:\/\/secure.gravatar.com\/avatar\/03179346ecce6cdfc13361603e8f54242a90e5cde8618fa23c5c00aa2b0aadf3?s=96&d=mm&r=g","contentUrl":"https:\/\/secure.gravatar.com\/avatar\/03179346ecce6cdfc13361603e8f54242a90e5cde8618fa23c5c00aa2b0aadf3?s=96&d=mm&r=g","caption":"Reda\u00e7\u00e3o"},"sameAs":["https:\/\/noticiaempauta.com\/portal\/"],"url":"https:\/\/noticiaempauta.com\/portal\/author\/fernando\/"}]}},"_links":{"self":[{"href":"https:\/\/noticiaempauta.com\/portal\/wp-json\/wp\/v2\/posts\/283784","targetHints":{"allow":["GET"]}}],"collection":[{"href":"https:\/\/noticiaempauta.com\/portal\/wp-json\/wp\/v2\/posts"}],"about":[{"href":"https:\/\/noticiaempauta.com\/portal\/wp-json\/wp\/v2\/types\/post"}],"author":[{"embeddable":true,"href":"https:\/\/noticiaempauta.com\/portal\/wp-json\/wp\/v2\/users\/2"}],"replies":[{"embeddable":true,"href":"https:\/\/noticiaempauta.com\/portal\/wp-json\/wp\/v2\/comments?post=283784"}],"version-history":[{"count":2,"href":"https:\/\/noticiaempauta.com\/portal\/wp-json\/wp\/v2\/posts\/283784\/revisions"}],"predecessor-version":[{"id":283788,"href":"https:\/\/noticiaempauta.com\/portal\/wp-json\/wp\/v2\/posts\/283784\/revisions\/283788"}],"wp:featuredmedia":[{"embeddable":true,"href":"https:\/\/noticiaempauta.com\/portal\/wp-json\/wp\/v2\/media\/283786"}],"wp:attachment":[{"href":"https:\/\/noticiaempauta.com\/portal\/wp-json\/wp\/v2\/media?parent=283784"}],"wp:term":[{"taxonomy":"category","embeddable":true,"href":"https:\/\/noticiaempauta.com\/portal\/wp-json\/wp\/v2\/categories?post=283784"},{"taxonomy":"post_tag","embeddable":true,"href":"https:\/\/noticiaempauta.com\/portal\/wp-json\/wp\/v2\/tags?post=283784"}],"curies":[{"name":"wp","href":"https:\/\/api.w.org\/{rel}","templated":true}]}}