{"id":283791,"date":"2026-01-08T15:33:59","date_gmt":"2026-01-08T18:33:59","guid":{"rendered":"https:\/\/noticiaempauta.com\/portal\/?p=283791"},"modified":"2026-01-08T15:34:00","modified_gmt":"2026-01-08T18:34:00","slug":"picos-sao-raimundo-nonato-floriano-corrente-urucui-e-campo-maior-ganharao-centros-especializados-em-reabilitacao","status":"publish","type":"post","link":"https:\/\/noticiaempauta.com\/portal\/picos-sao-raimundo-nonato-floriano-corrente-urucui-e-campo-maior-ganharao-centros-especializados-em-reabilitacao\/","title":{"rendered":"Picos, S\u00e3o Raimundo Nonato, Floriano, Corrente, Uru\u00e7u\u00ed e Campo Maior ganhar\u00e3o Centros Especializados em Reabilita\u00e7\u00e3o"},"content":{"rendered":"\n<p>O Piau\u00ed vai ganhar novos Centros Especializados em Reabilita\u00e7\u00e3o (CERs) com o objetivo de descentralizar os servi\u00e7os de sa\u00fade do estado e levar mais qualidade de vida para as pessoas com defici\u00eancia. At\u00e9 o final do ano, devem ser entregues as obras do CER II de S\u00e3o Raimundo Nonato, CER IV de Floriano, CER II de Corrente, CER II de Uru\u00e7u\u00ed, CER IV de Campo Maior e CER IV de Picos.<\/p>\n\n\n\n<figure class=\"wp-block-image size-large\"><img fetchpriority=\"high\" decoding=\"async\" width=\"1024\" height=\"681\" src=\"https:\/\/noticiaempauta.com\/portal\/wp-content\/uploads\/2026\/01\/DSC_0017-2048x1362-1-1024x681.webp\" alt=\"\" class=\"wp-image-283792\" srcset=\"https:\/\/noticiaempauta.com\/portal\/wp-content\/uploads\/2026\/01\/DSC_0017-2048x1362-1-1024x681.webp 1024w, https:\/\/noticiaempauta.com\/portal\/wp-content\/uploads\/2026\/01\/DSC_0017-2048x1362-1-300x200.webp 300w, https:\/\/noticiaempauta.com\/portal\/wp-content\/uploads\/2026\/01\/DSC_0017-2048x1362-1-768x511.webp 768w, https:\/\/noticiaempauta.com\/portal\/wp-content\/uploads\/2026\/01\/DSC_0017-2048x1362-1-1536x1022.webp 1536w, https:\/\/noticiaempauta.com\/portal\/wp-content\/uploads\/2026\/01\/DSC_0017-2048x1362-1.webp 2048w\" sizes=\"(max-width: 1024px) 100vw, 1024px\" \/><figcaption class=\"wp-element-caption\"><em>(Foto: Ascom Seid)<\/em><\/figcaption><\/figure>\n\n\n\n<p>A Secretaria para Inclus\u00e3o da Pessoa com Defici\u00eancia (Seid) \u00e9 respons\u00e1vel por acompanhar e realizar o monitoramento da constru\u00e7\u00e3o e funcionamento dos centros no estado. \u201cA popula\u00e7\u00e3o dos munic\u00edpios do interior agora v\u00e3o ter como fazer esse tratamento de reabilita\u00e7\u00e3o mais pr\u00f3ximo de suas resid\u00eancias, sem precisar se deslocar para Teresina, gerando mais conforto. Ent\u00e3o, n\u00f3s estamos fazendo esse acompanhamento para que os novos Centros comecem a funcionar o mais r\u00e1pido poss\u00edvel\u201d, afirma o secret\u00e1rio Mauro Eduardo.<\/p>\n\n\n\n<figure class=\"wp-block-image size-large\"><img decoding=\"async\" width=\"1024\" height=\"681\" src=\"https:\/\/noticiaempauta.com\/portal\/wp-content\/uploads\/2026\/01\/CER-PHB-2048x1362-1-1024x681.webp\" alt=\"\" class=\"wp-image-283793\" srcset=\"https:\/\/noticiaempauta.com\/portal\/wp-content\/uploads\/2026\/01\/CER-PHB-2048x1362-1-1024x681.webp 1024w, https:\/\/noticiaempauta.com\/portal\/wp-content\/uploads\/2026\/01\/CER-PHB-2048x1362-1-300x200.webp 300w, https:\/\/noticiaempauta.com\/portal\/wp-content\/uploads\/2026\/01\/CER-PHB-2048x1362-1-768x511.webp 768w, https:\/\/noticiaempauta.com\/portal\/wp-content\/uploads\/2026\/01\/CER-PHB-2048x1362-1-1536x1022.webp 1536w, https:\/\/noticiaempauta.com\/portal\/wp-content\/uploads\/2026\/01\/CER-PHB-2048x1362-1.webp 2048w\" sizes=\"(max-width: 1024px) 100vw, 1024px\" \/><figcaption class=\"wp-element-caption\"><em>CER IV de Parna\u00edba. (Foto: Ascom Seid)<\/em><\/figcaption><\/figure>\n\n\n\n<p>Os recursos s\u00e3o do Governo Federal, por meio do Novo PAC e do Novo Viver sem Limite, que transfere as verbas diretamente para as prefeituras das cidades. A mesma estrutura de Centro j\u00e1 existe nos munic\u00edpios de Parna\u00edba (CER IV) e S\u00e3o Jo\u00e3o do Piau\u00ed (CER II).<\/p>\n\n\n\n<p>De acordo com o Minist\u00e9rio da Sa\u00fade, os Centros Especializados em Reabilita\u00e7\u00e3o s\u00e3o pontos da aten\u00e7\u00e3o ambulatorial especializada que realizam diagn\u00f3stico, tratamento, reabilita\u00e7\u00e3o, habilita\u00e7\u00e3o, concess\u00e3o, adapta\u00e7\u00e3o e manuten\u00e7\u00e3o de tecnologia assistiva.<\/p>\n\n\n\n<figure class=\"wp-block-image size-large\"><img decoding=\"async\" width=\"1024\" height=\"681\" src=\"https:\/\/noticiaempauta.com\/portal\/wp-content\/uploads\/2026\/01\/DSC_0036-2048x1362-1-1024x681.webp\" alt=\"\" class=\"wp-image-283794\" srcset=\"https:\/\/noticiaempauta.com\/portal\/wp-content\/uploads\/2026\/01\/DSC_0036-2048x1362-1-1024x681.webp 1024w, https:\/\/noticiaempauta.com\/portal\/wp-content\/uploads\/2026\/01\/DSC_0036-2048x1362-1-300x200.webp 300w, https:\/\/noticiaempauta.com\/portal\/wp-content\/uploads\/2026\/01\/DSC_0036-2048x1362-1-768x511.webp 768w, https:\/\/noticiaempauta.com\/portal\/wp-content\/uploads\/2026\/01\/DSC_0036-2048x1362-1-1536x1022.webp 1536w, https:\/\/noticiaempauta.com\/portal\/wp-content\/uploads\/2026\/01\/DSC_0036-2048x1362-1.webp 2048w\" sizes=\"(max-width: 1024px) 100vw, 1024px\" \/><figcaption class=\"wp-element-caption\"><em>CER II de S\u00e3o Jo\u00e3o do Piau\u00ed. (Foto: Ascom Seid)<\/em><\/figcaption><\/figure>\n\n\n\n<p>Um CER atende regionalmente e \u00e9 classificado a partir do n\u00famero de modalidades de reabilita\u00e7\u00e3o que oferece, sendo categorizado em: CER II (duas modalidades), CER III (tr\u00eas modalidades) e CER IV (quatro modalidades), focando nas \u00e1reas f\u00edsica, auditiva, intelectual e visual, e integrando a Rede de Aten\u00e7\u00e3o \u00e0 Sa\u00fade.<\/p>\n\n\n\n<p>Fonte: Governo do Piau\u00ed<\/p>\n","protected":false},"excerpt":{"rendered":"<p>O Piau\u00ed vai ganhar novos Centros Especializados em Reabilita\u00e7\u00e3o (CERs) com o objetivo de descentralizar os servi\u00e7os de sa\u00fade do estado e levar mais qualidade de vida para as pessoas com defici\u00eancia. At\u00e9 o final do ano, devem ser entregues as obras do CER II de S\u00e3o Raimundo Nonato, CER IV de Floriano, CER II [&hellip;]<\/p>\n","protected":false},"author":2,"featured_media":283792,"comment_status":"closed","ping_status":"closed","sticky":false,"template":"","format":"standard","meta":{"_mi_skip_tracking":false,"footnotes":""},"categories":[25,1,16],"tags":[192],"class_list":["post-283791","post","type-post","status-publish","format-standard","has-post-thumbnail","hentry","category-destaques-site","category-geral","category-todas","tag-destaqueprincipal"],"acf":[],"yoast_head":"<!-- This site is optimized with the Yoast SEO Premium plugin v19.2 (Yoast SEO v26.9) - https:\/\/yoast.com\/product\/yoast-seo-premium-wordpress\/ -->\n<title>Picos, S\u00e3o Raimundo Nonato, Floriano, Corrente, Uru\u00e7u\u00ed e Campo Maior ganhar\u00e3o Centros Especializados em Reabilita\u00e7\u00e3o - Portal Not\u00edcia em Pauta<\/title>\n<meta name=\"robots\" content=\"index, follow, max-snippet:-1, max-image-preview:large, max-video-preview:-1\" \/>\n<link rel=\"canonical\" href=\"https:\/\/noticiaempauta.com\/portal\/picos-sao-raimundo-nonato-floriano-corrente-urucui-e-campo-maior-ganharao-centros-especializados-em-reabilitacao\/\" \/>\n<meta property=\"og:locale\" content=\"pt_BR\" \/>\n<meta property=\"og:type\" content=\"article\" \/>\n<meta property=\"og:title\" content=\"Picos, S\u00e3o Raimundo Nonato, Floriano, Corrente, Uru\u00e7u\u00ed e Campo Maior ganhar\u00e3o Centros Especializados em Reabilita\u00e7\u00e3o\" \/>\n<meta property=\"og:description\" content=\"O Piau\u00ed vai ganhar novos Centros Especializados em Reabilita\u00e7\u00e3o (CERs) com o objetivo de descentralizar os servi\u00e7os de sa\u00fade do estado e levar mais qualidade de vida para as pessoas com defici\u00eancia. At\u00e9 o final do ano, devem ser entregues as obras do CER II de S\u00e3o Raimundo Nonato, CER IV de Floriano, CER II [&hellip;]\" \/>\n<meta property=\"og:url\" content=\"https:\/\/noticiaempauta.com\/portal\/picos-sao-raimundo-nonato-floriano-corrente-urucui-e-campo-maior-ganharao-centros-especializados-em-reabilitacao\/\" \/>\n<meta property=\"og:site_name\" content=\"Portal Not\u00edcia em Pauta\" \/>\n<meta property=\"article:publisher\" content=\"https:\/\/www.facebook.com\/Portal-Notcia-Em-Pauta-102292869264820\/\" \/>\n<meta property=\"article:published_time\" content=\"2026-01-08T18:33:59+00:00\" \/>\n<meta property=\"article:modified_time\" content=\"2026-01-08T18:34:00+00:00\" \/>\n<meta property=\"og:image\" content=\"https:\/\/noticiaempauta.com\/portal\/wp-content\/uploads\/2026\/01\/DSC_0017-2048x1362-1.webp\" \/>\n\t<meta property=\"og:image:width\" content=\"2048\" \/>\n\t<meta property=\"og:image:height\" content=\"1362\" \/>\n\t<meta property=\"og:image:type\" content=\"image\/webp\" \/>\n<meta name=\"author\" content=\"Reda\u00e7\u00e3o\" \/>\n<meta name=\"twitter:card\" content=\"summary_large_image\" \/>\n<meta name=\"twitter:label1\" content=\"Escrito por\" \/>\n\t<meta name=\"twitter:data1\" content=\"Reda\u00e7\u00e3o\" \/>\n\t<meta name=\"twitter:label2\" content=\"Est. tempo de leitura\" \/>\n\t<meta name=\"twitter:data2\" content=\"3 minutos\" \/>\n<script type=\"application\/ld+json\" class=\"yoast-schema-graph\">{\"@context\":\"https:\/\/schema.org\",\"@graph\":[{\"@type\":\"Article\",\"@id\":\"https:\/\/noticiaempauta.com\/portal\/picos-sao-raimundo-nonato-floriano-corrente-urucui-e-campo-maior-ganharao-centros-especializados-em-reabilitacao\/#article\",\"isPartOf\":{\"@id\":\"https:\/\/noticiaempauta.com\/portal\/picos-sao-raimundo-nonato-floriano-corrente-urucui-e-campo-maior-ganharao-centros-especializados-em-reabilitacao\/\"},\"author\":{\"name\":\"Reda\u00e7\u00e3o\",\"@id\":\"https:\/\/noticiaempauta.com\/portal\/#\/schema\/person\/a74af43dd1ab3deca45f988c717d57ac\"},\"headline\":\"Picos, S\u00e3o Raimundo Nonato, Floriano, Corrente, Uru\u00e7u\u00ed e Campo Maior ganhar\u00e3o Centros Especializados em Reabilita\u00e7\u00e3o\",\"datePublished\":\"2026-01-08T18:33:59+00:00\",\"dateModified\":\"2026-01-08T18:34:00+00:00\",\"mainEntityOfPage\":{\"@id\":\"https:\/\/noticiaempauta.com\/portal\/picos-sao-raimundo-nonato-floriano-corrente-urucui-e-campo-maior-ganharao-centros-especializados-em-reabilitacao\/\"},\"wordCount\":361,\"publisher\":{\"@id\":\"https:\/\/noticiaempauta.com\/portal\/#organization\"},\"image\":{\"@id\":\"https:\/\/noticiaempauta.com\/portal\/picos-sao-raimundo-nonato-floriano-corrente-urucui-e-campo-maior-ganharao-centros-especializados-em-reabilitacao\/#primaryimage\"},\"thumbnailUrl\":\"https:\/\/noticiaempauta.com\/portal\/wp-content\/uploads\/2026\/01\/DSC_0017-2048x1362-1.webp\",\"keywords\":[\"destaqueprincipal\"],\"articleSection\":[\"Destaques\",\"Geral\",\"Todas as Not\u00edcias\"],\"inLanguage\":\"pt-BR\"},{\"@type\":\"WebPage\",\"@id\":\"https:\/\/noticiaempauta.com\/portal\/picos-sao-raimundo-nonato-floriano-corrente-urucui-e-campo-maior-ganharao-centros-especializados-em-reabilitacao\/\",\"url\":\"https:\/\/noticiaempauta.com\/portal\/picos-sao-raimundo-nonato-floriano-corrente-urucui-e-campo-maior-ganharao-centros-especializados-em-reabilitacao\/\",\"name\":\"Picos, S\u00e3o Raimundo Nonato, Floriano, Corrente, Uru\u00e7u\u00ed e Campo Maior ganhar\u00e3o Centros Especializados em Reabilita\u00e7\u00e3o - Portal Not\u00edcia em Pauta\",\"isPartOf\":{\"@id\":\"https:\/\/noticiaempauta.com\/portal\/#website\"},\"primaryImageOfPage\":{\"@id\":\"https:\/\/noticiaempauta.com\/portal\/picos-sao-raimundo-nonato-floriano-corrente-urucui-e-campo-maior-ganharao-centros-especializados-em-reabilitacao\/#primaryimage\"},\"image\":{\"@id\":\"https:\/\/noticiaempauta.com\/portal\/picos-sao-raimundo-nonato-floriano-corrente-urucui-e-campo-maior-ganharao-centros-especializados-em-reabilitacao\/#primaryimage\"},\"thumbnailUrl\":\"https:\/\/noticiaempauta.com\/portal\/wp-content\/uploads\/2026\/01\/DSC_0017-2048x1362-1.webp\",\"datePublished\":\"2026-01-08T18:33:59+00:00\",\"dateModified\":\"2026-01-08T18:34:00+00:00\",\"breadcrumb\":{\"@id\":\"https:\/\/noticiaempauta.com\/portal\/picos-sao-raimundo-nonato-floriano-corrente-urucui-e-campo-maior-ganharao-centros-especializados-em-reabilitacao\/#breadcrumb\"},\"inLanguage\":\"pt-BR\",\"potentialAction\":[{\"@type\":\"ReadAction\",\"target\":[\"https:\/\/noticiaempauta.com\/portal\/picos-sao-raimundo-nonato-floriano-corrente-urucui-e-campo-maior-ganharao-centros-especializados-em-reabilitacao\/\"]}]},{\"@type\":\"ImageObject\",\"inLanguage\":\"pt-BR\",\"@id\":\"https:\/\/noticiaempauta.com\/portal\/picos-sao-raimundo-nonato-floriano-corrente-urucui-e-campo-maior-ganharao-centros-especializados-em-reabilitacao\/#primaryimage\",\"url\":\"https:\/\/noticiaempauta.com\/portal\/wp-content\/uploads\/2026\/01\/DSC_0017-2048x1362-1.webp\",\"contentUrl\":\"https:\/\/noticiaempauta.com\/portal\/wp-content\/uploads\/2026\/01\/DSC_0017-2048x1362-1.webp\",\"width\":2048,\"height\":1362},{\"@type\":\"BreadcrumbList\",\"@id\":\"https:\/\/noticiaempauta.com\/portal\/picos-sao-raimundo-nonato-floriano-corrente-urucui-e-campo-maior-ganharao-centros-especializados-em-reabilitacao\/#breadcrumb\",\"itemListElement\":[{\"@type\":\"ListItem\",\"position\":1,\"name\":\"P\u00e1gina Inicial\",\"item\":\"https:\/\/noticiaempauta.com\/portal\/\"},{\"@type\":\"ListItem\",\"position\":2,\"name\":\"Destaques\",\"item\":\"https:\/\/noticiaempauta.com\/portal\/destaques-site\/\"},{\"@type\":\"ListItem\",\"position\":3,\"name\":\"Picos, S\u00e3o Raimundo Nonato, Floriano, Corrente, Uru\u00e7u\u00ed e Campo Maior ganhar\u00e3o Centros Especializados em Reabilita\u00e7\u00e3o\"}]},{\"@type\":\"WebSite\",\"@id\":\"https:\/\/noticiaempauta.com\/portal\/#website\",\"url\":\"https:\/\/noticiaempauta.com\/portal\/\",\"name\":\"Portal Not\u00edcia em Pauta\",\"description\":\"Voc\u00ea bem informado\",\"publisher\":{\"@id\":\"https:\/\/noticiaempauta.com\/portal\/#organization\"},\"potentialAction\":[{\"@type\":\"SearchAction\",\"target\":{\"@type\":\"EntryPoint\",\"urlTemplate\":\"https:\/\/noticiaempauta.com\/portal\/?s={search_term_string}\"},\"query-input\":{\"@type\":\"PropertyValueSpecification\",\"valueRequired\":true,\"valueName\":\"search_term_string\"}}],\"inLanguage\":\"pt-BR\"},{\"@type\":\"Organization\",\"@id\":\"https:\/\/noticiaempauta.com\/portal\/#organization\",\"name\":\"Portal Not\u00edcia em Pauta\",\"url\":\"https:\/\/noticiaempauta.com\/portal\/\",\"logo\":{\"@type\":\"ImageObject\",\"inLanguage\":\"pt-BR\",\"@id\":\"https:\/\/noticiaempauta.com\/portal\/#\/schema\/logo\/image\/\",\"url\":\"https:\/\/noticiaempauta.com\/portal\/wp-content\/uploads\/2022\/08\/logomarca_tema.fw_.png\",\"contentUrl\":\"https:\/\/noticiaempauta.com\/portal\/wp-content\/uploads\/2022\/08\/logomarca_tema.fw_.png\",\"width\":400,\"height\":232,\"caption\":\"Portal Not\u00edcia em Pauta\"},\"image\":{\"@id\":\"https:\/\/noticiaempauta.com\/portal\/#\/schema\/logo\/image\/\"},\"sameAs\":[\"https:\/\/www.facebook.com\/Portal-Notcia-Em-Pauta-102292869264820\/\",\"https:\/\/www.instagram.com\/portalnoticiaempauta\/\"]},{\"@type\":\"Person\",\"@id\":\"https:\/\/noticiaempauta.com\/portal\/#\/schema\/person\/a74af43dd1ab3deca45f988c717d57ac\",\"name\":\"Reda\u00e7\u00e3o\",\"image\":{\"@type\":\"ImageObject\",\"inLanguage\":\"pt-BR\",\"@id\":\"https:\/\/noticiaempauta.com\/portal\/#\/schema\/person\/image\/\",\"url\":\"https:\/\/secure.gravatar.com\/avatar\/03179346ecce6cdfc13361603e8f54242a90e5cde8618fa23c5c00aa2b0aadf3?s=96&d=mm&r=g\",\"contentUrl\":\"https:\/\/secure.gravatar.com\/avatar\/03179346ecce6cdfc13361603e8f54242a90e5cde8618fa23c5c00aa2b0aadf3?s=96&d=mm&r=g\",\"caption\":\"Reda\u00e7\u00e3o\"},\"sameAs\":[\"https:\/\/noticiaempauta.com\/portal\/\"],\"url\":\"https:\/\/noticiaempauta.com\/portal\/author\/fernando\/\"}]}<\/script>\n<!-- \/ Yoast SEO Premium plugin. -->","yoast_head_json":{"title":"Picos, S\u00e3o Raimundo Nonato, Floriano, Corrente, Uru\u00e7u\u00ed e Campo Maior ganhar\u00e3o Centros Especializados em Reabilita\u00e7\u00e3o - Portal Not\u00edcia em Pauta","robots":{"index":"index","follow":"follow","max-snippet":"max-snippet:-1","max-image-preview":"max-image-preview:large","max-video-preview":"max-video-preview:-1"},"canonical":"https:\/\/noticiaempauta.com\/portal\/picos-sao-raimundo-nonato-floriano-corrente-urucui-e-campo-maior-ganharao-centros-especializados-em-reabilitacao\/","og_locale":"pt_BR","og_type":"article","og_title":"Picos, S\u00e3o Raimundo Nonato, Floriano, Corrente, Uru\u00e7u\u00ed e Campo Maior ganhar\u00e3o Centros Especializados em Reabilita\u00e7\u00e3o","og_description":"O Piau\u00ed vai ganhar novos Centros Especializados em Reabilita\u00e7\u00e3o (CERs) com o objetivo de descentralizar os servi\u00e7os de sa\u00fade do estado e levar mais qualidade de vida para as pessoas com defici\u00eancia. At\u00e9 o final do ano, devem ser entregues as obras do CER II de S\u00e3o Raimundo Nonato, CER IV de Floriano, CER II [&hellip;]","og_url":"https:\/\/noticiaempauta.com\/portal\/picos-sao-raimundo-nonato-floriano-corrente-urucui-e-campo-maior-ganharao-centros-especializados-em-reabilitacao\/","og_site_name":"Portal Not\u00edcia em Pauta","article_publisher":"https:\/\/www.facebook.com\/Portal-Notcia-Em-Pauta-102292869264820\/","article_published_time":"2026-01-08T18:33:59+00:00","article_modified_time":"2026-01-08T18:34:00+00:00","og_image":[{"width":2048,"height":1362,"url":"https:\/\/noticiaempauta.com\/portal\/wp-content\/uploads\/2026\/01\/DSC_0017-2048x1362-1.webp","type":"image\/webp"}],"author":"Reda\u00e7\u00e3o","twitter_card":"summary_large_image","twitter_misc":{"Escrito por":"Reda\u00e7\u00e3o","Est. tempo de leitura":"3 minutos"},"schema":{"@context":"https:\/\/schema.org","@graph":[{"@type":"Article","@id":"https:\/\/noticiaempauta.com\/portal\/picos-sao-raimundo-nonato-floriano-corrente-urucui-e-campo-maior-ganharao-centros-especializados-em-reabilitacao\/#article","isPartOf":{"@id":"https:\/\/noticiaempauta.com\/portal\/picos-sao-raimundo-nonato-floriano-corrente-urucui-e-campo-maior-ganharao-centros-especializados-em-reabilitacao\/"},"author":{"name":"Reda\u00e7\u00e3o","@id":"https:\/\/noticiaempauta.com\/portal\/#\/schema\/person\/a74af43dd1ab3deca45f988c717d57ac"},"headline":"Picos, S\u00e3o Raimundo Nonato, Floriano, Corrente, Uru\u00e7u\u00ed e Campo Maior ganhar\u00e3o Centros Especializados em Reabilita\u00e7\u00e3o","datePublished":"2026-01-08T18:33:59+00:00","dateModified":"2026-01-08T18:34:00+00:00","mainEntityOfPage":{"@id":"https:\/\/noticiaempauta.com\/portal\/picos-sao-raimundo-nonato-floriano-corrente-urucui-e-campo-maior-ganharao-centros-especializados-em-reabilitacao\/"},"wordCount":361,"publisher":{"@id":"https:\/\/noticiaempauta.com\/portal\/#organization"},"image":{"@id":"https:\/\/noticiaempauta.com\/portal\/picos-sao-raimundo-nonato-floriano-corrente-urucui-e-campo-maior-ganharao-centros-especializados-em-reabilitacao\/#primaryimage"},"thumbnailUrl":"https:\/\/noticiaempauta.com\/portal\/wp-content\/uploads\/2026\/01\/DSC_0017-2048x1362-1.webp","keywords":["destaqueprincipal"],"articleSection":["Destaques","Geral","Todas as Not\u00edcias"],"inLanguage":"pt-BR"},{"@type":"WebPage","@id":"https:\/\/noticiaempauta.com\/portal\/picos-sao-raimundo-nonato-floriano-corrente-urucui-e-campo-maior-ganharao-centros-especializados-em-reabilitacao\/","url":"https:\/\/noticiaempauta.com\/portal\/picos-sao-raimundo-nonato-floriano-corrente-urucui-e-campo-maior-ganharao-centros-especializados-em-reabilitacao\/","name":"Picos, S\u00e3o Raimundo Nonato, Floriano, Corrente, Uru\u00e7u\u00ed e Campo Maior ganhar\u00e3o Centros Especializados em Reabilita\u00e7\u00e3o - Portal Not\u00edcia em Pauta","isPartOf":{"@id":"https:\/\/noticiaempauta.com\/portal\/#website"},"primaryImageOfPage":{"@id":"https:\/\/noticiaempauta.com\/portal\/picos-sao-raimundo-nonato-floriano-corrente-urucui-e-campo-maior-ganharao-centros-especializados-em-reabilitacao\/#primaryimage"},"image":{"@id":"https:\/\/noticiaempauta.com\/portal\/picos-sao-raimundo-nonato-floriano-corrente-urucui-e-campo-maior-ganharao-centros-especializados-em-reabilitacao\/#primaryimage"},"thumbnailUrl":"https:\/\/noticiaempauta.com\/portal\/wp-content\/uploads\/2026\/01\/DSC_0017-2048x1362-1.webp","datePublished":"2026-01-08T18:33:59+00:00","dateModified":"2026-01-08T18:34:00+00:00","breadcrumb":{"@id":"https:\/\/noticiaempauta.com\/portal\/picos-sao-raimundo-nonato-floriano-corrente-urucui-e-campo-maior-ganharao-centros-especializados-em-reabilitacao\/#breadcrumb"},"inLanguage":"pt-BR","potentialAction":[{"@type":"ReadAction","target":["https:\/\/noticiaempauta.com\/portal\/picos-sao-raimundo-nonato-floriano-corrente-urucui-e-campo-maior-ganharao-centros-especializados-em-reabilitacao\/"]}]},{"@type":"ImageObject","inLanguage":"pt-BR","@id":"https:\/\/noticiaempauta.com\/portal\/picos-sao-raimundo-nonato-floriano-corrente-urucui-e-campo-maior-ganharao-centros-especializados-em-reabilitacao\/#primaryimage","url":"https:\/\/noticiaempauta.com\/portal\/wp-content\/uploads\/2026\/01\/DSC_0017-2048x1362-1.webp","contentUrl":"https:\/\/noticiaempauta.com\/portal\/wp-content\/uploads\/2026\/01\/DSC_0017-2048x1362-1.webp","width":2048,"height":1362},{"@type":"BreadcrumbList","@id":"https:\/\/noticiaempauta.com\/portal\/picos-sao-raimundo-nonato-floriano-corrente-urucui-e-campo-maior-ganharao-centros-especializados-em-reabilitacao\/#breadcrumb","itemListElement":[{"@type":"ListItem","position":1,"name":"P\u00e1gina Inicial","item":"https:\/\/noticiaempauta.com\/portal\/"},{"@type":"ListItem","position":2,"name":"Destaques","item":"https:\/\/noticiaempauta.com\/portal\/destaques-site\/"},{"@type":"ListItem","position":3,"name":"Picos, S\u00e3o Raimundo Nonato, Floriano, Corrente, Uru\u00e7u\u00ed e Campo Maior ganhar\u00e3o Centros Especializados em Reabilita\u00e7\u00e3o"}]},{"@type":"WebSite","@id":"https:\/\/noticiaempauta.com\/portal\/#website","url":"https:\/\/noticiaempauta.com\/portal\/","name":"Portal Not\u00edcia em Pauta","description":"Voc\u00ea bem informado","publisher":{"@id":"https:\/\/noticiaempauta.com\/portal\/#organization"},"potentialAction":[{"@type":"SearchAction","target":{"@type":"EntryPoint","urlTemplate":"https:\/\/noticiaempauta.com\/portal\/?s={search_term_string}"},"query-input":{"@type":"PropertyValueSpecification","valueRequired":true,"valueName":"search_term_string"}}],"inLanguage":"pt-BR"},{"@type":"Organization","@id":"https:\/\/noticiaempauta.com\/portal\/#organization","name":"Portal Not\u00edcia em Pauta","url":"https:\/\/noticiaempauta.com\/portal\/","logo":{"@type":"ImageObject","inLanguage":"pt-BR","@id":"https:\/\/noticiaempauta.com\/portal\/#\/schema\/logo\/image\/","url":"https:\/\/noticiaempauta.com\/portal\/wp-content\/uploads\/2022\/08\/logomarca_tema.fw_.png","contentUrl":"https:\/\/noticiaempauta.com\/portal\/wp-content\/uploads\/2022\/08\/logomarca_tema.fw_.png","width":400,"height":232,"caption":"Portal Not\u00edcia em Pauta"},"image":{"@id":"https:\/\/noticiaempauta.com\/portal\/#\/schema\/logo\/image\/"},"sameAs":["https:\/\/www.facebook.com\/Portal-Notcia-Em-Pauta-102292869264820\/","https:\/\/www.instagram.com\/portalnoticiaempauta\/"]},{"@type":"Person","@id":"https:\/\/noticiaempauta.com\/portal\/#\/schema\/person\/a74af43dd1ab3deca45f988c717d57ac","name":"Reda\u00e7\u00e3o","image":{"@type":"ImageObject","inLanguage":"pt-BR","@id":"https:\/\/noticiaempauta.com\/portal\/#\/schema\/person\/image\/","url":"https:\/\/secure.gravatar.com\/avatar\/03179346ecce6cdfc13361603e8f54242a90e5cde8618fa23c5c00aa2b0aadf3?s=96&d=mm&r=g","contentUrl":"https:\/\/secure.gravatar.com\/avatar\/03179346ecce6cdfc13361603e8f54242a90e5cde8618fa23c5c00aa2b0aadf3?s=96&d=mm&r=g","caption":"Reda\u00e7\u00e3o"},"sameAs":["https:\/\/noticiaempauta.com\/portal\/"],"url":"https:\/\/noticiaempauta.com\/portal\/author\/fernando\/"}]}},"_links":{"self":[{"href":"https:\/\/noticiaempauta.com\/portal\/wp-json\/wp\/v2\/posts\/283791","targetHints":{"allow":["GET"]}}],"collection":[{"href":"https:\/\/noticiaempauta.com\/portal\/wp-json\/wp\/v2\/posts"}],"about":[{"href":"https:\/\/noticiaempauta.com\/portal\/wp-json\/wp\/v2\/types\/post"}],"author":[{"embeddable":true,"href":"https:\/\/noticiaempauta.com\/portal\/wp-json\/wp\/v2\/users\/2"}],"replies":[{"embeddable":true,"href":"https:\/\/noticiaempauta.com\/portal\/wp-json\/wp\/v2\/comments?post=283791"}],"version-history":[{"count":2,"href":"https:\/\/noticiaempauta.com\/portal\/wp-json\/wp\/v2\/posts\/283791\/revisions"}],"predecessor-version":[{"id":283796,"href":"https:\/\/noticiaempauta.com\/portal\/wp-json\/wp\/v2\/posts\/283791\/revisions\/283796"}],"wp:featuredmedia":[{"embeddable":true,"href":"https:\/\/noticiaempauta.com\/portal\/wp-json\/wp\/v2\/media\/283792"}],"wp:attachment":[{"href":"https:\/\/noticiaempauta.com\/portal\/wp-json\/wp\/v2\/media?parent=283791"}],"wp:term":[{"taxonomy":"category","embeddable":true,"href":"https:\/\/noticiaempauta.com\/portal\/wp-json\/wp\/v2\/categories?post=283791"},{"taxonomy":"post_tag","embeddable":true,"href":"https:\/\/noticiaempauta.com\/portal\/wp-json\/wp\/v2\/tags?post=283791"}],"curies":[{"name":"wp","href":"https:\/\/api.w.org\/{rel}","templated":true}]}}