{"id":283797,"date":"2026-01-08T15:53:04","date_gmt":"2026-01-08T18:53:04","guid":{"rendered":"https:\/\/noticiaempauta.com\/portal\/?p=283797"},"modified":"2026-01-08T15:53:05","modified_gmt":"2026-01-08T18:53:05","slug":"desembargador-agrimar-rodrigues-assume-interinamente-a-presidencia-do-tj-pi","status":"publish","type":"post","link":"https:\/\/noticiaempauta.com\/portal\/desembargador-agrimar-rodrigues-assume-interinamente-a-presidencia-do-tj-pi\/","title":{"rendered":"Desembargador Agrimar Rodrigues assume interinamente a presid\u00eancia do TJ-PI"},"content":{"rendered":"\n<p>Nesta quinta-feira (08), o presidente do Tribunal de Justi\u00e7a do Piau\u00ed (TJPI), desembargador Aderson Nogueira, assume o cargo de governador em exerc\u00edcio do Estado do Piau\u00ed, at\u00e9 o dia 19 de janeiro. Durante o per\u00edodo, o vice-presidente do TJPI, desembargador Agrimar Rodrigues, passa a atuar como presidente em exerc\u00edcio do Judici\u00e1rio piauiense.<\/p>\n\n\n\n<figure class=\"wp-block-image size-large\"><img fetchpriority=\"high\" decoding=\"async\" width=\"1024\" height=\"683\" src=\"https:\/\/noticiaempauta.com\/portal\/wp-content\/uploads\/2026\/01\/WhatsApp-Image-2026-01-07-at-14.14.48-1-1024x683.webp\" alt=\"\" class=\"wp-image-283800\" srcset=\"https:\/\/noticiaempauta.com\/portal\/wp-content\/uploads\/2026\/01\/WhatsApp-Image-2026-01-07-at-14.14.48-1-1024x683.webp 1024w, https:\/\/noticiaempauta.com\/portal\/wp-content\/uploads\/2026\/01\/WhatsApp-Image-2026-01-07-at-14.14.48-1-300x200.webp 300w, https:\/\/noticiaempauta.com\/portal\/wp-content\/uploads\/2026\/01\/WhatsApp-Image-2026-01-07-at-14.14.48-1-768x512.webp 768w, https:\/\/noticiaempauta.com\/portal\/wp-content\/uploads\/2026\/01\/WhatsApp-Image-2026-01-07-at-14.14.48-1.webp 1280w\" sizes=\"(max-width: 1024px) 100vw, 1024px\" \/><\/figure>\n\n\n\n<p>A transmiss\u00e3o do cargo de governador em exerc\u00edcio ocorreu na manh\u00e3 desta quarta-feira (07), no Pal\u00e1cio de Karnak, em virtude das f\u00e9rias do governador Rafael Fonteles, do vice-governador Them\u00edstocles Filho e do presidente da Assembleia Legislativa do Piau\u00ed (Alepi), deputado Severo Eul\u00e1lio, que, pela linha sucess\u00f3ria, antecedem o chefe do Judici\u00e1rio estadual.<\/p>\n\n\n\n<figure class=\"wp-block-image size-large\"><img decoding=\"async\" width=\"1024\" height=\"682\" src=\"https:\/\/noticiaempauta.com\/portal\/wp-content\/uploads\/2026\/01\/WhatsApp-Image-2026-01-07-at-14.33.00-1536x1023-1-1024x682.webp\" alt=\"\" class=\"wp-image-283801\" srcset=\"https:\/\/noticiaempauta.com\/portal\/wp-content\/uploads\/2026\/01\/WhatsApp-Image-2026-01-07-at-14.33.00-1536x1023-1-1024x682.webp 1024w, https:\/\/noticiaempauta.com\/portal\/wp-content\/uploads\/2026\/01\/WhatsApp-Image-2026-01-07-at-14.33.00-1536x1023-1-300x200.webp 300w, https:\/\/noticiaempauta.com\/portal\/wp-content\/uploads\/2026\/01\/WhatsApp-Image-2026-01-07-at-14.33.00-1536x1023-1-768x512.webp 768w, https:\/\/noticiaempauta.com\/portal\/wp-content\/uploads\/2026\/01\/WhatsApp-Image-2026-01-07-at-14.33.00-1536x1023-1.webp 1536w\" sizes=\"(max-width: 1024px) 100vw, 1024px\" \/><\/figure>\n\n\n\n<p>Ao assumir a chefia do Executivo estadual de forma interina, o desembargador Aderson Nogueira destacou o car\u00e1ter institucional do momento. \u201cAssumo essa miss\u00e3o com elevado senso de responsabilidade, ciente da import\u00e2ncia da harmonia e da coopera\u00e7\u00e3o entre os Poderes para a continuidade das a\u00e7\u00f5es administrativas e para a estabilidade do Estado\u201d, afirmou.<\/p>\n\n\n\n<p>Com o afastamento tempor\u00e1rio do presidente do TJPI, o desembargador Agrimar Rodrigues assume a Presid\u00eancia em exerc\u00edcio do Tribunal, garantindo a regularidade dos trabalhos jurisdicionais e administrativos.<\/p>\n\n\n\n<figure class=\"wp-block-image size-large\"><img decoding=\"async\" width=\"1024\" height=\"683\" src=\"https:\/\/noticiaempauta.com\/portal\/wp-content\/uploads\/2026\/01\/AMRL9634-1536x1024-1-1024x683.webp\" alt=\"\" class=\"wp-image-283799\" srcset=\"https:\/\/noticiaempauta.com\/portal\/wp-content\/uploads\/2026\/01\/AMRL9634-1536x1024-1-1024x683.webp 1024w, https:\/\/noticiaempauta.com\/portal\/wp-content\/uploads\/2026\/01\/AMRL9634-1536x1024-1-300x200.webp 300w, https:\/\/noticiaempauta.com\/portal\/wp-content\/uploads\/2026\/01\/AMRL9634-1536x1024-1-768x512.webp 768w, https:\/\/noticiaempauta.com\/portal\/wp-content\/uploads\/2026\/01\/AMRL9634-1536x1024-1.webp 1536w\" sizes=\"(max-width: 1024px) 100vw, 1024px\" \/><\/figure>\n\n\n\n<p>\u201cDaremos continuidade \u00e0s atividades do Judici\u00e1rio piauiense com serenidade, compromisso institucional e aten\u00e7\u00e3o \u00e0s demandas da magistratura, dos servidores e da sociedade\u201d, concluiu o desembargador Agrimar Rodrigues.<\/p>\n\n\n\n<p>Fonte: Tribunal de Justi\u00e7a do Piau\u00ed<\/p>\n","protected":false},"excerpt":{"rendered":"<p>Nesta quinta-feira (08), o presidente do Tribunal de Justi\u00e7a do Piau\u00ed (TJPI), desembargador Aderson Nogueira, assume o cargo de governador em exerc\u00edcio do Estado do Piau\u00ed, at\u00e9 o dia 19 de janeiro. Durante o per\u00edodo, o vice-presidente do TJPI, desembargador Agrimar Rodrigues, passa a atuar como presidente em exerc\u00edcio do Judici\u00e1rio piauiense. A transmiss\u00e3o do [&hellip;]<\/p>\n","protected":false},"author":2,"featured_media":283799,"comment_status":"closed","ping_status":"closed","sticky":false,"template":"","format":"standard","meta":{"_mi_skip_tracking":false,"footnotes":""},"categories":[25,1,16],"tags":[],"class_list":["post-283797","post","type-post","status-publish","format-standard","has-post-thumbnail","hentry","category-destaques-site","category-geral","category-todas"],"acf":[],"yoast_head":"<!-- This site is optimized with the Yoast SEO Premium plugin v19.2 (Yoast SEO v26.9) - https:\/\/yoast.com\/product\/yoast-seo-premium-wordpress\/ -->\n<title>Desembargador Agrimar Rodrigues assume interinamente a presid\u00eancia do TJ-PI - Portal Not\u00edcia em Pauta<\/title>\n<meta name=\"robots\" content=\"index, follow, max-snippet:-1, max-image-preview:large, max-video-preview:-1\" \/>\n<link rel=\"canonical\" href=\"https:\/\/noticiaempauta.com\/portal\/desembargador-agrimar-rodrigues-assume-interinamente-a-presidencia-do-tj-pi\/\" \/>\n<meta property=\"og:locale\" content=\"pt_BR\" \/>\n<meta property=\"og:type\" content=\"article\" \/>\n<meta property=\"og:title\" content=\"Desembargador Agrimar Rodrigues assume interinamente a presid\u00eancia do TJ-PI\" \/>\n<meta property=\"og:description\" content=\"Nesta quinta-feira (08), o presidente do Tribunal de Justi\u00e7a do Piau\u00ed (TJPI), desembargador Aderson Nogueira, assume o cargo de governador em exerc\u00edcio do Estado do Piau\u00ed, at\u00e9 o dia 19 de janeiro. Durante o per\u00edodo, o vice-presidente do TJPI, desembargador Agrimar Rodrigues, passa a atuar como presidente em exerc\u00edcio do Judici\u00e1rio piauiense. A transmiss\u00e3o do [&hellip;]\" \/>\n<meta property=\"og:url\" content=\"https:\/\/noticiaempauta.com\/portal\/desembargador-agrimar-rodrigues-assume-interinamente-a-presidencia-do-tj-pi\/\" \/>\n<meta property=\"og:site_name\" content=\"Portal Not\u00edcia em Pauta\" \/>\n<meta property=\"article:publisher\" content=\"https:\/\/www.facebook.com\/Portal-Notcia-Em-Pauta-102292869264820\/\" \/>\n<meta property=\"article:published_time\" content=\"2026-01-08T18:53:04+00:00\" \/>\n<meta property=\"article:modified_time\" content=\"2026-01-08T18:53:05+00:00\" \/>\n<meta property=\"og:image\" content=\"https:\/\/noticiaempauta.com\/portal\/wp-content\/uploads\/2026\/01\/AMRL9634-1536x1024-1.webp\" \/>\n\t<meta property=\"og:image:width\" content=\"1536\" \/>\n\t<meta property=\"og:image:height\" content=\"1024\" \/>\n\t<meta property=\"og:image:type\" content=\"image\/webp\" \/>\n<meta name=\"author\" content=\"Reda\u00e7\u00e3o\" \/>\n<meta name=\"twitter:card\" content=\"summary_large_image\" \/>\n<meta name=\"twitter:label1\" content=\"Escrito por\" \/>\n\t<meta name=\"twitter:data1\" content=\"Reda\u00e7\u00e3o\" \/>\n\t<meta name=\"twitter:label2\" content=\"Est. tempo de leitura\" \/>\n\t<meta name=\"twitter:data2\" content=\"2 minutos\" \/>\n<script type=\"application\/ld+json\" class=\"yoast-schema-graph\">{\"@context\":\"https:\/\/schema.org\",\"@graph\":[{\"@type\":\"Article\",\"@id\":\"https:\/\/noticiaempauta.com\/portal\/desembargador-agrimar-rodrigues-assume-interinamente-a-presidencia-do-tj-pi\/#article\",\"isPartOf\":{\"@id\":\"https:\/\/noticiaempauta.com\/portal\/desembargador-agrimar-rodrigues-assume-interinamente-a-presidencia-do-tj-pi\/\"},\"author\":{\"name\":\"Reda\u00e7\u00e3o\",\"@id\":\"https:\/\/noticiaempauta.com\/portal\/#\/schema\/person\/a74af43dd1ab3deca45f988c717d57ac\"},\"headline\":\"Desembargador Agrimar Rodrigues assume interinamente a presid\u00eancia do TJ-PI\",\"datePublished\":\"2026-01-08T18:53:04+00:00\",\"dateModified\":\"2026-01-08T18:53:05+00:00\",\"mainEntityOfPage\":{\"@id\":\"https:\/\/noticiaempauta.com\/portal\/desembargador-agrimar-rodrigues-assume-interinamente-a-presidencia-do-tj-pi\/\"},\"wordCount\":247,\"publisher\":{\"@id\":\"https:\/\/noticiaempauta.com\/portal\/#organization\"},\"image\":{\"@id\":\"https:\/\/noticiaempauta.com\/portal\/desembargador-agrimar-rodrigues-assume-interinamente-a-presidencia-do-tj-pi\/#primaryimage\"},\"thumbnailUrl\":\"https:\/\/noticiaempauta.com\/portal\/wp-content\/uploads\/2026\/01\/AMRL9634-1536x1024-1.webp\",\"articleSection\":[\"Destaques\",\"Geral\",\"Todas as Not\u00edcias\"],\"inLanguage\":\"pt-BR\"},{\"@type\":\"WebPage\",\"@id\":\"https:\/\/noticiaempauta.com\/portal\/desembargador-agrimar-rodrigues-assume-interinamente-a-presidencia-do-tj-pi\/\",\"url\":\"https:\/\/noticiaempauta.com\/portal\/desembargador-agrimar-rodrigues-assume-interinamente-a-presidencia-do-tj-pi\/\",\"name\":\"Desembargador Agrimar Rodrigues assume interinamente a presid\u00eancia do TJ-PI - Portal Not\u00edcia em Pauta\",\"isPartOf\":{\"@id\":\"https:\/\/noticiaempauta.com\/portal\/#website\"},\"primaryImageOfPage\":{\"@id\":\"https:\/\/noticiaempauta.com\/portal\/desembargador-agrimar-rodrigues-assume-interinamente-a-presidencia-do-tj-pi\/#primaryimage\"},\"image\":{\"@id\":\"https:\/\/noticiaempauta.com\/portal\/desembargador-agrimar-rodrigues-assume-interinamente-a-presidencia-do-tj-pi\/#primaryimage\"},\"thumbnailUrl\":\"https:\/\/noticiaempauta.com\/portal\/wp-content\/uploads\/2026\/01\/AMRL9634-1536x1024-1.webp\",\"datePublished\":\"2026-01-08T18:53:04+00:00\",\"dateModified\":\"2026-01-08T18:53:05+00:00\",\"breadcrumb\":{\"@id\":\"https:\/\/noticiaempauta.com\/portal\/desembargador-agrimar-rodrigues-assume-interinamente-a-presidencia-do-tj-pi\/#breadcrumb\"},\"inLanguage\":\"pt-BR\",\"potentialAction\":[{\"@type\":\"ReadAction\",\"target\":[\"https:\/\/noticiaempauta.com\/portal\/desembargador-agrimar-rodrigues-assume-interinamente-a-presidencia-do-tj-pi\/\"]}]},{\"@type\":\"ImageObject\",\"inLanguage\":\"pt-BR\",\"@id\":\"https:\/\/noticiaempauta.com\/portal\/desembargador-agrimar-rodrigues-assume-interinamente-a-presidencia-do-tj-pi\/#primaryimage\",\"url\":\"https:\/\/noticiaempauta.com\/portal\/wp-content\/uploads\/2026\/01\/AMRL9634-1536x1024-1.webp\",\"contentUrl\":\"https:\/\/noticiaempauta.com\/portal\/wp-content\/uploads\/2026\/01\/AMRL9634-1536x1024-1.webp\",\"width\":1536,\"height\":1024},{\"@type\":\"BreadcrumbList\",\"@id\":\"https:\/\/noticiaempauta.com\/portal\/desembargador-agrimar-rodrigues-assume-interinamente-a-presidencia-do-tj-pi\/#breadcrumb\",\"itemListElement\":[{\"@type\":\"ListItem\",\"position\":1,\"name\":\"P\u00e1gina Inicial\",\"item\":\"https:\/\/noticiaempauta.com\/portal\/\"},{\"@type\":\"ListItem\",\"position\":2,\"name\":\"Destaques\",\"item\":\"https:\/\/noticiaempauta.com\/portal\/destaques-site\/\"},{\"@type\":\"ListItem\",\"position\":3,\"name\":\"Desembargador Agrimar Rodrigues assume interinamente a presid\u00eancia do TJ-PI\"}]},{\"@type\":\"WebSite\",\"@id\":\"https:\/\/noticiaempauta.com\/portal\/#website\",\"url\":\"https:\/\/noticiaempauta.com\/portal\/\",\"name\":\"Portal Not\u00edcia em Pauta\",\"description\":\"Voc\u00ea bem informado\",\"publisher\":{\"@id\":\"https:\/\/noticiaempauta.com\/portal\/#organization\"},\"potentialAction\":[{\"@type\":\"SearchAction\",\"target\":{\"@type\":\"EntryPoint\",\"urlTemplate\":\"https:\/\/noticiaempauta.com\/portal\/?s={search_term_string}\"},\"query-input\":{\"@type\":\"PropertyValueSpecification\",\"valueRequired\":true,\"valueName\":\"search_term_string\"}}],\"inLanguage\":\"pt-BR\"},{\"@type\":\"Organization\",\"@id\":\"https:\/\/noticiaempauta.com\/portal\/#organization\",\"name\":\"Portal Not\u00edcia em Pauta\",\"url\":\"https:\/\/noticiaempauta.com\/portal\/\",\"logo\":{\"@type\":\"ImageObject\",\"inLanguage\":\"pt-BR\",\"@id\":\"https:\/\/noticiaempauta.com\/portal\/#\/schema\/logo\/image\/\",\"url\":\"https:\/\/noticiaempauta.com\/portal\/wp-content\/uploads\/2022\/08\/logomarca_tema.fw_.png\",\"contentUrl\":\"https:\/\/noticiaempauta.com\/portal\/wp-content\/uploads\/2022\/08\/logomarca_tema.fw_.png\",\"width\":400,\"height\":232,\"caption\":\"Portal Not\u00edcia em Pauta\"},\"image\":{\"@id\":\"https:\/\/noticiaempauta.com\/portal\/#\/schema\/logo\/image\/\"},\"sameAs\":[\"https:\/\/www.facebook.com\/Portal-Notcia-Em-Pauta-102292869264820\/\",\"https:\/\/www.instagram.com\/portalnoticiaempauta\/\"]},{\"@type\":\"Person\",\"@id\":\"https:\/\/noticiaempauta.com\/portal\/#\/schema\/person\/a74af43dd1ab3deca45f988c717d57ac\",\"name\":\"Reda\u00e7\u00e3o\",\"image\":{\"@type\":\"ImageObject\",\"inLanguage\":\"pt-BR\",\"@id\":\"https:\/\/noticiaempauta.com\/portal\/#\/schema\/person\/image\/\",\"url\":\"https:\/\/secure.gravatar.com\/avatar\/03179346ecce6cdfc13361603e8f54242a90e5cde8618fa23c5c00aa2b0aadf3?s=96&d=mm&r=g\",\"contentUrl\":\"https:\/\/secure.gravatar.com\/avatar\/03179346ecce6cdfc13361603e8f54242a90e5cde8618fa23c5c00aa2b0aadf3?s=96&d=mm&r=g\",\"caption\":\"Reda\u00e7\u00e3o\"},\"sameAs\":[\"https:\/\/noticiaempauta.com\/portal\/\"],\"url\":\"https:\/\/noticiaempauta.com\/portal\/author\/fernando\/\"}]}<\/script>\n<!-- \/ Yoast SEO Premium plugin. -->","yoast_head_json":{"title":"Desembargador Agrimar Rodrigues assume interinamente a presid\u00eancia do TJ-PI - Portal Not\u00edcia em Pauta","robots":{"index":"index","follow":"follow","max-snippet":"max-snippet:-1","max-image-preview":"max-image-preview:large","max-video-preview":"max-video-preview:-1"},"canonical":"https:\/\/noticiaempauta.com\/portal\/desembargador-agrimar-rodrigues-assume-interinamente-a-presidencia-do-tj-pi\/","og_locale":"pt_BR","og_type":"article","og_title":"Desembargador Agrimar Rodrigues assume interinamente a presid\u00eancia do TJ-PI","og_description":"Nesta quinta-feira (08), o presidente do Tribunal de Justi\u00e7a do Piau\u00ed (TJPI), desembargador Aderson Nogueira, assume o cargo de governador em exerc\u00edcio do Estado do Piau\u00ed, at\u00e9 o dia 19 de janeiro. Durante o per\u00edodo, o vice-presidente do TJPI, desembargador Agrimar Rodrigues, passa a atuar como presidente em exerc\u00edcio do Judici\u00e1rio piauiense. A transmiss\u00e3o do [&hellip;]","og_url":"https:\/\/noticiaempauta.com\/portal\/desembargador-agrimar-rodrigues-assume-interinamente-a-presidencia-do-tj-pi\/","og_site_name":"Portal Not\u00edcia em Pauta","article_publisher":"https:\/\/www.facebook.com\/Portal-Notcia-Em-Pauta-102292869264820\/","article_published_time":"2026-01-08T18:53:04+00:00","article_modified_time":"2026-01-08T18:53:05+00:00","og_image":[{"width":1536,"height":1024,"url":"https:\/\/noticiaempauta.com\/portal\/wp-content\/uploads\/2026\/01\/AMRL9634-1536x1024-1.webp","type":"image\/webp"}],"author":"Reda\u00e7\u00e3o","twitter_card":"summary_large_image","twitter_misc":{"Escrito por":"Reda\u00e7\u00e3o","Est. tempo de leitura":"2 minutos"},"schema":{"@context":"https:\/\/schema.org","@graph":[{"@type":"Article","@id":"https:\/\/noticiaempauta.com\/portal\/desembargador-agrimar-rodrigues-assume-interinamente-a-presidencia-do-tj-pi\/#article","isPartOf":{"@id":"https:\/\/noticiaempauta.com\/portal\/desembargador-agrimar-rodrigues-assume-interinamente-a-presidencia-do-tj-pi\/"},"author":{"name":"Reda\u00e7\u00e3o","@id":"https:\/\/noticiaempauta.com\/portal\/#\/schema\/person\/a74af43dd1ab3deca45f988c717d57ac"},"headline":"Desembargador Agrimar Rodrigues assume interinamente a presid\u00eancia do TJ-PI","datePublished":"2026-01-08T18:53:04+00:00","dateModified":"2026-01-08T18:53:05+00:00","mainEntityOfPage":{"@id":"https:\/\/noticiaempauta.com\/portal\/desembargador-agrimar-rodrigues-assume-interinamente-a-presidencia-do-tj-pi\/"},"wordCount":247,"publisher":{"@id":"https:\/\/noticiaempauta.com\/portal\/#organization"},"image":{"@id":"https:\/\/noticiaempauta.com\/portal\/desembargador-agrimar-rodrigues-assume-interinamente-a-presidencia-do-tj-pi\/#primaryimage"},"thumbnailUrl":"https:\/\/noticiaempauta.com\/portal\/wp-content\/uploads\/2026\/01\/AMRL9634-1536x1024-1.webp","articleSection":["Destaques","Geral","Todas as Not\u00edcias"],"inLanguage":"pt-BR"},{"@type":"WebPage","@id":"https:\/\/noticiaempauta.com\/portal\/desembargador-agrimar-rodrigues-assume-interinamente-a-presidencia-do-tj-pi\/","url":"https:\/\/noticiaempauta.com\/portal\/desembargador-agrimar-rodrigues-assume-interinamente-a-presidencia-do-tj-pi\/","name":"Desembargador Agrimar Rodrigues assume interinamente a presid\u00eancia do TJ-PI - Portal Not\u00edcia em Pauta","isPartOf":{"@id":"https:\/\/noticiaempauta.com\/portal\/#website"},"primaryImageOfPage":{"@id":"https:\/\/noticiaempauta.com\/portal\/desembargador-agrimar-rodrigues-assume-interinamente-a-presidencia-do-tj-pi\/#primaryimage"},"image":{"@id":"https:\/\/noticiaempauta.com\/portal\/desembargador-agrimar-rodrigues-assume-interinamente-a-presidencia-do-tj-pi\/#primaryimage"},"thumbnailUrl":"https:\/\/noticiaempauta.com\/portal\/wp-content\/uploads\/2026\/01\/AMRL9634-1536x1024-1.webp","datePublished":"2026-01-08T18:53:04+00:00","dateModified":"2026-01-08T18:53:05+00:00","breadcrumb":{"@id":"https:\/\/noticiaempauta.com\/portal\/desembargador-agrimar-rodrigues-assume-interinamente-a-presidencia-do-tj-pi\/#breadcrumb"},"inLanguage":"pt-BR","potentialAction":[{"@type":"ReadAction","target":["https:\/\/noticiaempauta.com\/portal\/desembargador-agrimar-rodrigues-assume-interinamente-a-presidencia-do-tj-pi\/"]}]},{"@type":"ImageObject","inLanguage":"pt-BR","@id":"https:\/\/noticiaempauta.com\/portal\/desembargador-agrimar-rodrigues-assume-interinamente-a-presidencia-do-tj-pi\/#primaryimage","url":"https:\/\/noticiaempauta.com\/portal\/wp-content\/uploads\/2026\/01\/AMRL9634-1536x1024-1.webp","contentUrl":"https:\/\/noticiaempauta.com\/portal\/wp-content\/uploads\/2026\/01\/AMRL9634-1536x1024-1.webp","width":1536,"height":1024},{"@type":"BreadcrumbList","@id":"https:\/\/noticiaempauta.com\/portal\/desembargador-agrimar-rodrigues-assume-interinamente-a-presidencia-do-tj-pi\/#breadcrumb","itemListElement":[{"@type":"ListItem","position":1,"name":"P\u00e1gina Inicial","item":"https:\/\/noticiaempauta.com\/portal\/"},{"@type":"ListItem","position":2,"name":"Destaques","item":"https:\/\/noticiaempauta.com\/portal\/destaques-site\/"},{"@type":"ListItem","position":3,"name":"Desembargador Agrimar Rodrigues assume interinamente a presid\u00eancia do TJ-PI"}]},{"@type":"WebSite","@id":"https:\/\/noticiaempauta.com\/portal\/#website","url":"https:\/\/noticiaempauta.com\/portal\/","name":"Portal Not\u00edcia em Pauta","description":"Voc\u00ea bem informado","publisher":{"@id":"https:\/\/noticiaempauta.com\/portal\/#organization"},"potentialAction":[{"@type":"SearchAction","target":{"@type":"EntryPoint","urlTemplate":"https:\/\/noticiaempauta.com\/portal\/?s={search_term_string}"},"query-input":{"@type":"PropertyValueSpecification","valueRequired":true,"valueName":"search_term_string"}}],"inLanguage":"pt-BR"},{"@type":"Organization","@id":"https:\/\/noticiaempauta.com\/portal\/#organization","name":"Portal Not\u00edcia em Pauta","url":"https:\/\/noticiaempauta.com\/portal\/","logo":{"@type":"ImageObject","inLanguage":"pt-BR","@id":"https:\/\/noticiaempauta.com\/portal\/#\/schema\/logo\/image\/","url":"https:\/\/noticiaempauta.com\/portal\/wp-content\/uploads\/2022\/08\/logomarca_tema.fw_.png","contentUrl":"https:\/\/noticiaempauta.com\/portal\/wp-content\/uploads\/2022\/08\/logomarca_tema.fw_.png","width":400,"height":232,"caption":"Portal Not\u00edcia em Pauta"},"image":{"@id":"https:\/\/noticiaempauta.com\/portal\/#\/schema\/logo\/image\/"},"sameAs":["https:\/\/www.facebook.com\/Portal-Notcia-Em-Pauta-102292869264820\/","https:\/\/www.instagram.com\/portalnoticiaempauta\/"]},{"@type":"Person","@id":"https:\/\/noticiaempauta.com\/portal\/#\/schema\/person\/a74af43dd1ab3deca45f988c717d57ac","name":"Reda\u00e7\u00e3o","image":{"@type":"ImageObject","inLanguage":"pt-BR","@id":"https:\/\/noticiaempauta.com\/portal\/#\/schema\/person\/image\/","url":"https:\/\/secure.gravatar.com\/avatar\/03179346ecce6cdfc13361603e8f54242a90e5cde8618fa23c5c00aa2b0aadf3?s=96&d=mm&r=g","contentUrl":"https:\/\/secure.gravatar.com\/avatar\/03179346ecce6cdfc13361603e8f54242a90e5cde8618fa23c5c00aa2b0aadf3?s=96&d=mm&r=g","caption":"Reda\u00e7\u00e3o"},"sameAs":["https:\/\/noticiaempauta.com\/portal\/"],"url":"https:\/\/noticiaempauta.com\/portal\/author\/fernando\/"}]}},"_links":{"self":[{"href":"https:\/\/noticiaempauta.com\/portal\/wp-json\/wp\/v2\/posts\/283797","targetHints":{"allow":["GET"]}}],"collection":[{"href":"https:\/\/noticiaempauta.com\/portal\/wp-json\/wp\/v2\/posts"}],"about":[{"href":"https:\/\/noticiaempauta.com\/portal\/wp-json\/wp\/v2\/types\/post"}],"author":[{"embeddable":true,"href":"https:\/\/noticiaempauta.com\/portal\/wp-json\/wp\/v2\/users\/2"}],"replies":[{"embeddable":true,"href":"https:\/\/noticiaempauta.com\/portal\/wp-json\/wp\/v2\/comments?post=283797"}],"version-history":[{"count":2,"href":"https:\/\/noticiaempauta.com\/portal\/wp-json\/wp\/v2\/posts\/283797\/revisions"}],"predecessor-version":[{"id":283803,"href":"https:\/\/noticiaempauta.com\/portal\/wp-json\/wp\/v2\/posts\/283797\/revisions\/283803"}],"wp:featuredmedia":[{"embeddable":true,"href":"https:\/\/noticiaempauta.com\/portal\/wp-json\/wp\/v2\/media\/283799"}],"wp:attachment":[{"href":"https:\/\/noticiaempauta.com\/portal\/wp-json\/wp\/v2\/media?parent=283797"}],"wp:term":[{"taxonomy":"category","embeddable":true,"href":"https:\/\/noticiaempauta.com\/portal\/wp-json\/wp\/v2\/categories?post=283797"},{"taxonomy":"post_tag","embeddable":true,"href":"https:\/\/noticiaempauta.com\/portal\/wp-json\/wp\/v2\/tags?post=283797"}],"curies":[{"name":"wp","href":"https:\/\/api.w.org\/{rel}","templated":true}]}}