{"id":283820,"date":"2026-01-09T09:10:18","date_gmt":"2026-01-09T12:10:18","guid":{"rendered":"https:\/\/noticiaempauta.com\/portal\/?p=283820"},"modified":"2026-01-09T09:10:18","modified_gmt":"2026-01-09T12:10:18","slug":"homem-morre-em-confronto-com-a-policia-apos-denuncia-de-violencia-domestica-em-sao-joao-da-canabrava","status":"publish","type":"post","link":"https:\/\/noticiaempauta.com\/portal\/homem-morre-em-confronto-com-a-policia-apos-denuncia-de-violencia-domestica-em-sao-joao-da-canabrava\/","title":{"rendered":"Homem morre em confronto com a pol\u00edcia ap\u00f3s den\u00fancia de viol\u00eancia dom\u00e9stica em S\u00e3o Jo\u00e3o da Canabrava"},"content":{"rendered":"\n<p>Um homem identificado como&nbsp;<strong>Jonis Welson de Sousa<\/strong>&nbsp;morreu ap\u00f3s entrar em confronto com policiais militares na tarde desta quinta-feira (08), no munic\u00edpio de&nbsp;<strong>S\u00e3o Jo\u00e3o da Canabrava<\/strong>, a 39 km de Picos. A ocorr\u00eancia foi registrada durante o atendimento a uma den\u00fancia de viol\u00eancia dom\u00e9stica, considerada de alta complexidade pela Pol\u00edcia Militar.<\/p>\n\n\n\n<figure class=\"wp-block-image size-full\"><img fetchpriority=\"high\" decoding=\"async\" width=\"750\" height=\"500\" src=\"https:\/\/noticiaempauta.com\/portal\/wp-content\/uploads\/2026\/01\/fotos_CV_6.webp\" alt=\"\" class=\"wp-image-283821\" srcset=\"https:\/\/noticiaempauta.com\/portal\/wp-content\/uploads\/2026\/01\/fotos_CV_6.webp 750w, https:\/\/noticiaempauta.com\/portal\/wp-content\/uploads\/2026\/01\/fotos_CV_6-300x200.webp 300w\" sizes=\"(max-width: 750px) 100vw, 750px\" \/><figcaption class=\"wp-element-caption\"><em>(Foto: Reprodu\u00e7\u00e3o \/ PMPI)<\/em><\/figcaption><\/figure>\n\n\n\n<p>De acordo com o comandante do Grupamento da Pol\u00edcia Militar (GPM) do munic\u00edpio,&nbsp;<strong>sargento Franco<\/strong>, a pol\u00edcia foi acionada pela companheira da v\u00edtima, que relatou estar&nbsp;<strong>sendo amea\u00e7ada e temia ser morta.<\/strong>&nbsp;A mulher conseguiu manter contato com o comandante da unidade, detalhando o risco iminente \u00e0 sua vida. Diante da gravidade da situa\u00e7\u00e3o, foi solicitado apoio da&nbsp;<strong>3\u00aa Companhia do Batalh\u00e3o Especializado de Policiamento do Interior (BEPI)<\/strong>.<\/p>\n\n\n\n<p>A a\u00e7\u00e3o ocorreu por volta das&nbsp;<strong>14h<\/strong>, no&nbsp;<strong>povoado Torr\u00f5es<\/strong>, zona rural do munic\u00edpio, e envolvia ainda suspeita de&nbsp;<strong>tentativa de feminic\u00eddio e c\u00e1rcere privado<\/strong>, segundo a Pol\u00edcia Militar.<\/p>\n\n\n\n<p>Ao chegarem ao local, os policiais constataram que Jonis possu\u00eda&nbsp;<strong>mandado de pris\u00e3o em aberto<\/strong>, era&nbsp;<strong>foragido da Penitenci\u00e1ria Irm\u00e3o Guido<\/strong>&nbsp;e respondia por crimes como&nbsp;<strong>tr\u00e1fico de drogas, porte ilegal de arma de fogo e amea\u00e7a<\/strong>, al\u00e9m de ser citado em investiga\u00e7\u00f5es relacionadas a um homic\u00eddio e suspeito de envolvimento em outros crimes, incluindo pistolagem.<\/p>\n\n\n\n<p>No momento em que a equipe tentou cumprir o mandado, o suspeito teria reagido, efetuando&nbsp;<strong>tr\u00eas disparos com um rev\u00f3lver calibre .38<\/strong>&nbsp;contra os policiais.<\/p>\n\n\n\n<figure class=\"wp-block-image size-large\"><img decoding=\"async\" width=\"768\" height=\"1024\" src=\"https:\/\/noticiaempauta.com\/portal\/wp-content\/uploads\/2026\/01\/WhatsApp-Image-2026-01-08-at-21.28.53-1-768x1024.webp\" alt=\"\" class=\"wp-image-283823\" srcset=\"https:\/\/noticiaempauta.com\/portal\/wp-content\/uploads\/2026\/01\/WhatsApp-Image-2026-01-08-at-21.28.53-1-768x1024.webp 768w, https:\/\/noticiaempauta.com\/portal\/wp-content\/uploads\/2026\/01\/WhatsApp-Image-2026-01-08-at-21.28.53-1-225x300.webp 225w, https:\/\/noticiaempauta.com\/portal\/wp-content\/uploads\/2026\/01\/WhatsApp-Image-2026-01-08-at-21.28.53-1.webp 960w\" sizes=\"(max-width: 768px) 100vw, 768px\" \/><\/figure>\n\n\n\n<p>Diante da a\u00e7\u00e3o, os militares reagiram, iniciando o confronto. Jonis foi atingido pelos disparos. Ele chegou a ser socorrido pelos pr\u00f3prios policiais e levado inicialmente para uma unidade de sa\u00fade no munic\u00edpio de&nbsp;<strong>Bocaina<\/strong>, sendo posteriormente encaminhado para&nbsp;<strong>Picos<\/strong>, onde deu entrada j\u00e1 sem vida.<\/p>\n\n\n\n<p>A arma utilizada pelo suspeito&nbsp;foi apreendida e apresentada \u00e0 autoridade policial competente.<\/p>\n\n\n\n<figure class=\"wp-block-image size-full\"><img decoding=\"async\" width=\"684\" height=\"976\" src=\"https:\/\/noticiaempauta.com\/portal\/wp-content\/uploads\/2026\/01\/WhatsApp-Image-2026-01-08-at-21.28.53.webp\" alt=\"\" class=\"wp-image-283822\" srcset=\"https:\/\/noticiaempauta.com\/portal\/wp-content\/uploads\/2026\/01\/WhatsApp-Image-2026-01-08-at-21.28.53.webp 684w, https:\/\/noticiaempauta.com\/portal\/wp-content\/uploads\/2026\/01\/WhatsApp-Image-2026-01-08-at-21.28.53-210x300.webp 210w\" sizes=\"(max-width: 684px) 100vw, 684px\" \/><\/figure>\n\n\n\n<p>Segundo informa\u00e7\u00f5es repassadas pela pol\u00edcia, Jonis Welson residia em S\u00e3o Jo\u00e3o da Canabrava h\u00e1 cerca de um ano e mantinha um relacionamento com a atual companheira, natural do munic\u00edpio. A v\u00edtima foi conduzida \u00e0 Delegacia de Pol\u00edcia para os procedimentos legais.<\/p>\n\n\n\n<p>O caso dever\u00e1 ser investigado pelas autoridades competentes.<\/p>\n\n\n\n<p>Fonte: Cidade Verde<\/p>\n","protected":false},"excerpt":{"rendered":"<p>Um homem identificado como&nbsp;Jonis Welson de Sousa&nbsp;morreu ap\u00f3s entrar em confronto com policiais militares na tarde desta quinta-feira (08), no munic\u00edpio de&nbsp;S\u00e3o Jo\u00e3o da Canabrava, a 39 km de Picos. A ocorr\u00eancia foi registrada durante o atendimento a uma den\u00fancia de viol\u00eancia dom\u00e9stica, considerada de alta complexidade pela Pol\u00edcia Militar. De acordo com o comandante [&hellip;]<\/p>\n","protected":false},"author":2,"featured_media":283821,"comment_status":"closed","ping_status":"closed","sticky":false,"template":"","format":"standard","meta":{"_mi_skip_tracking":false,"footnotes":""},"categories":[25,1,16],"tags":[192],"class_list":["post-283820","post","type-post","status-publish","format-standard","has-post-thumbnail","hentry","category-destaques-site","category-geral","category-todas","tag-destaqueprincipal"],"acf":[],"yoast_head":"<!-- This site is optimized with the Yoast SEO Premium plugin v19.2 (Yoast SEO v26.9) - https:\/\/yoast.com\/product\/yoast-seo-premium-wordpress\/ -->\n<title>Homem morre em confronto com a pol\u00edcia ap\u00f3s den\u00fancia de viol\u00eancia dom\u00e9stica em S\u00e3o Jo\u00e3o da Canabrava - Portal Not\u00edcia em Pauta<\/title>\n<meta name=\"robots\" content=\"index, follow, max-snippet:-1, max-image-preview:large, max-video-preview:-1\" \/>\n<link rel=\"canonical\" href=\"https:\/\/noticiaempauta.com\/portal\/homem-morre-em-confronto-com-a-policia-apos-denuncia-de-violencia-domestica-em-sao-joao-da-canabrava\/\" \/>\n<meta property=\"og:locale\" content=\"pt_BR\" \/>\n<meta property=\"og:type\" content=\"article\" \/>\n<meta property=\"og:title\" content=\"Homem morre em confronto com a pol\u00edcia ap\u00f3s den\u00fancia de viol\u00eancia dom\u00e9stica em S\u00e3o Jo\u00e3o da Canabrava\" \/>\n<meta property=\"og:description\" content=\"Um homem identificado como&nbsp;Jonis Welson de Sousa&nbsp;morreu ap\u00f3s entrar em confronto com policiais militares na tarde desta quinta-feira (08), no munic\u00edpio de&nbsp;S\u00e3o Jo\u00e3o da Canabrava, a 39 km de Picos. A ocorr\u00eancia foi registrada durante o atendimento a uma den\u00fancia de viol\u00eancia dom\u00e9stica, considerada de alta complexidade pela Pol\u00edcia Militar. De acordo com o comandante [&hellip;]\" \/>\n<meta property=\"og:url\" content=\"https:\/\/noticiaempauta.com\/portal\/homem-morre-em-confronto-com-a-policia-apos-denuncia-de-violencia-domestica-em-sao-joao-da-canabrava\/\" \/>\n<meta property=\"og:site_name\" content=\"Portal Not\u00edcia em Pauta\" \/>\n<meta property=\"article:publisher\" content=\"https:\/\/www.facebook.com\/Portal-Notcia-Em-Pauta-102292869264820\/\" \/>\n<meta property=\"article:published_time\" content=\"2026-01-09T12:10:18+00:00\" \/>\n<meta property=\"og:image\" content=\"https:\/\/noticiaempauta.com\/portal\/wp-content\/uploads\/2026\/01\/fotos_CV_6.webp\" \/>\n\t<meta property=\"og:image:width\" content=\"750\" \/>\n\t<meta property=\"og:image:height\" content=\"500\" \/>\n\t<meta property=\"og:image:type\" content=\"image\/webp\" \/>\n<meta name=\"author\" content=\"Reda\u00e7\u00e3o\" \/>\n<meta name=\"twitter:card\" content=\"summary_large_image\" \/>\n<meta name=\"twitter:label1\" content=\"Escrito por\" \/>\n\t<meta name=\"twitter:data1\" content=\"Reda\u00e7\u00e3o\" \/>\n\t<meta name=\"twitter:label2\" content=\"Est. tempo de leitura\" \/>\n\t<meta name=\"twitter:data2\" content=\"3 minutos\" \/>\n<script type=\"application\/ld+json\" class=\"yoast-schema-graph\">{\"@context\":\"https:\/\/schema.org\",\"@graph\":[{\"@type\":\"Article\",\"@id\":\"https:\/\/noticiaempauta.com\/portal\/homem-morre-em-confronto-com-a-policia-apos-denuncia-de-violencia-domestica-em-sao-joao-da-canabrava\/#article\",\"isPartOf\":{\"@id\":\"https:\/\/noticiaempauta.com\/portal\/homem-morre-em-confronto-com-a-policia-apos-denuncia-de-violencia-domestica-em-sao-joao-da-canabrava\/\"},\"author\":{\"name\":\"Reda\u00e7\u00e3o\",\"@id\":\"https:\/\/noticiaempauta.com\/portal\/#\/schema\/person\/a74af43dd1ab3deca45f988c717d57ac\"},\"headline\":\"Homem morre em confronto com a pol\u00edcia ap\u00f3s den\u00fancia de viol\u00eancia dom\u00e9stica em S\u00e3o Jo\u00e3o da Canabrava\",\"datePublished\":\"2026-01-09T12:10:18+00:00\",\"mainEntityOfPage\":{\"@id\":\"https:\/\/noticiaempauta.com\/portal\/homem-morre-em-confronto-com-a-policia-apos-denuncia-de-violencia-domestica-em-sao-joao-da-canabrava\/\"},\"wordCount\":425,\"publisher\":{\"@id\":\"https:\/\/noticiaempauta.com\/portal\/#organization\"},\"image\":{\"@id\":\"https:\/\/noticiaempauta.com\/portal\/homem-morre-em-confronto-com-a-policia-apos-denuncia-de-violencia-domestica-em-sao-joao-da-canabrava\/#primaryimage\"},\"thumbnailUrl\":\"https:\/\/noticiaempauta.com\/portal\/wp-content\/uploads\/2026\/01\/fotos_CV_6.webp\",\"keywords\":[\"destaqueprincipal\"],\"articleSection\":[\"Destaques\",\"Geral\",\"Todas as Not\u00edcias\"],\"inLanguage\":\"pt-BR\"},{\"@type\":\"WebPage\",\"@id\":\"https:\/\/noticiaempauta.com\/portal\/homem-morre-em-confronto-com-a-policia-apos-denuncia-de-violencia-domestica-em-sao-joao-da-canabrava\/\",\"url\":\"https:\/\/noticiaempauta.com\/portal\/homem-morre-em-confronto-com-a-policia-apos-denuncia-de-violencia-domestica-em-sao-joao-da-canabrava\/\",\"name\":\"Homem morre em confronto com a pol\u00edcia ap\u00f3s den\u00fancia de viol\u00eancia dom\u00e9stica em S\u00e3o Jo\u00e3o da Canabrava - Portal Not\u00edcia em Pauta\",\"isPartOf\":{\"@id\":\"https:\/\/noticiaempauta.com\/portal\/#website\"},\"primaryImageOfPage\":{\"@id\":\"https:\/\/noticiaempauta.com\/portal\/homem-morre-em-confronto-com-a-policia-apos-denuncia-de-violencia-domestica-em-sao-joao-da-canabrava\/#primaryimage\"},\"image\":{\"@id\":\"https:\/\/noticiaempauta.com\/portal\/homem-morre-em-confronto-com-a-policia-apos-denuncia-de-violencia-domestica-em-sao-joao-da-canabrava\/#primaryimage\"},\"thumbnailUrl\":\"https:\/\/noticiaempauta.com\/portal\/wp-content\/uploads\/2026\/01\/fotos_CV_6.webp\",\"datePublished\":\"2026-01-09T12:10:18+00:00\",\"breadcrumb\":{\"@id\":\"https:\/\/noticiaempauta.com\/portal\/homem-morre-em-confronto-com-a-policia-apos-denuncia-de-violencia-domestica-em-sao-joao-da-canabrava\/#breadcrumb\"},\"inLanguage\":\"pt-BR\",\"potentialAction\":[{\"@type\":\"ReadAction\",\"target\":[\"https:\/\/noticiaempauta.com\/portal\/homem-morre-em-confronto-com-a-policia-apos-denuncia-de-violencia-domestica-em-sao-joao-da-canabrava\/\"]}]},{\"@type\":\"ImageObject\",\"inLanguage\":\"pt-BR\",\"@id\":\"https:\/\/noticiaempauta.com\/portal\/homem-morre-em-confronto-com-a-policia-apos-denuncia-de-violencia-domestica-em-sao-joao-da-canabrava\/#primaryimage\",\"url\":\"https:\/\/noticiaempauta.com\/portal\/wp-content\/uploads\/2026\/01\/fotos_CV_6.webp\",\"contentUrl\":\"https:\/\/noticiaempauta.com\/portal\/wp-content\/uploads\/2026\/01\/fotos_CV_6.webp\",\"width\":750,\"height\":500},{\"@type\":\"BreadcrumbList\",\"@id\":\"https:\/\/noticiaempauta.com\/portal\/homem-morre-em-confronto-com-a-policia-apos-denuncia-de-violencia-domestica-em-sao-joao-da-canabrava\/#breadcrumb\",\"itemListElement\":[{\"@type\":\"ListItem\",\"position\":1,\"name\":\"P\u00e1gina Inicial\",\"item\":\"https:\/\/noticiaempauta.com\/portal\/\"},{\"@type\":\"ListItem\",\"position\":2,\"name\":\"Destaques\",\"item\":\"https:\/\/noticiaempauta.com\/portal\/destaques-site\/\"},{\"@type\":\"ListItem\",\"position\":3,\"name\":\"Homem morre em confronto com a pol\u00edcia ap\u00f3s den\u00fancia de viol\u00eancia dom\u00e9stica em S\u00e3o Jo\u00e3o da Canabrava\"}]},{\"@type\":\"WebSite\",\"@id\":\"https:\/\/noticiaempauta.com\/portal\/#website\",\"url\":\"https:\/\/noticiaempauta.com\/portal\/\",\"name\":\"Portal Not\u00edcia em Pauta\",\"description\":\"Voc\u00ea bem informado\",\"publisher\":{\"@id\":\"https:\/\/noticiaempauta.com\/portal\/#organization\"},\"potentialAction\":[{\"@type\":\"SearchAction\",\"target\":{\"@type\":\"EntryPoint\",\"urlTemplate\":\"https:\/\/noticiaempauta.com\/portal\/?s={search_term_string}\"},\"query-input\":{\"@type\":\"PropertyValueSpecification\",\"valueRequired\":true,\"valueName\":\"search_term_string\"}}],\"inLanguage\":\"pt-BR\"},{\"@type\":\"Organization\",\"@id\":\"https:\/\/noticiaempauta.com\/portal\/#organization\",\"name\":\"Portal Not\u00edcia em Pauta\",\"url\":\"https:\/\/noticiaempauta.com\/portal\/\",\"logo\":{\"@type\":\"ImageObject\",\"inLanguage\":\"pt-BR\",\"@id\":\"https:\/\/noticiaempauta.com\/portal\/#\/schema\/logo\/image\/\",\"url\":\"https:\/\/noticiaempauta.com\/portal\/wp-content\/uploads\/2022\/08\/logomarca_tema.fw_.png\",\"contentUrl\":\"https:\/\/noticiaempauta.com\/portal\/wp-content\/uploads\/2022\/08\/logomarca_tema.fw_.png\",\"width\":400,\"height\":232,\"caption\":\"Portal Not\u00edcia em Pauta\"},\"image\":{\"@id\":\"https:\/\/noticiaempauta.com\/portal\/#\/schema\/logo\/image\/\"},\"sameAs\":[\"https:\/\/www.facebook.com\/Portal-Notcia-Em-Pauta-102292869264820\/\",\"https:\/\/www.instagram.com\/portalnoticiaempauta\/\"]},{\"@type\":\"Person\",\"@id\":\"https:\/\/noticiaempauta.com\/portal\/#\/schema\/person\/a74af43dd1ab3deca45f988c717d57ac\",\"name\":\"Reda\u00e7\u00e3o\",\"image\":{\"@type\":\"ImageObject\",\"inLanguage\":\"pt-BR\",\"@id\":\"https:\/\/noticiaempauta.com\/portal\/#\/schema\/person\/image\/\",\"url\":\"https:\/\/secure.gravatar.com\/avatar\/03179346ecce6cdfc13361603e8f54242a90e5cde8618fa23c5c00aa2b0aadf3?s=96&d=mm&r=g\",\"contentUrl\":\"https:\/\/secure.gravatar.com\/avatar\/03179346ecce6cdfc13361603e8f54242a90e5cde8618fa23c5c00aa2b0aadf3?s=96&d=mm&r=g\",\"caption\":\"Reda\u00e7\u00e3o\"},\"sameAs\":[\"https:\/\/noticiaempauta.com\/portal\/\"],\"url\":\"https:\/\/noticiaempauta.com\/portal\/author\/fernando\/\"}]}<\/script>\n<!-- \/ Yoast SEO Premium plugin. -->","yoast_head_json":{"title":"Homem morre em confronto com a pol\u00edcia ap\u00f3s den\u00fancia de viol\u00eancia dom\u00e9stica em S\u00e3o Jo\u00e3o da Canabrava - Portal Not\u00edcia em Pauta","robots":{"index":"index","follow":"follow","max-snippet":"max-snippet:-1","max-image-preview":"max-image-preview:large","max-video-preview":"max-video-preview:-1"},"canonical":"https:\/\/noticiaempauta.com\/portal\/homem-morre-em-confronto-com-a-policia-apos-denuncia-de-violencia-domestica-em-sao-joao-da-canabrava\/","og_locale":"pt_BR","og_type":"article","og_title":"Homem morre em confronto com a pol\u00edcia ap\u00f3s den\u00fancia de viol\u00eancia dom\u00e9stica em S\u00e3o Jo\u00e3o da Canabrava","og_description":"Um homem identificado como&nbsp;Jonis Welson de Sousa&nbsp;morreu ap\u00f3s entrar em confronto com policiais militares na tarde desta quinta-feira (08), no munic\u00edpio de&nbsp;S\u00e3o Jo\u00e3o da Canabrava, a 39 km de Picos. A ocorr\u00eancia foi registrada durante o atendimento a uma den\u00fancia de viol\u00eancia dom\u00e9stica, considerada de alta complexidade pela Pol\u00edcia Militar. De acordo com o comandante [&hellip;]","og_url":"https:\/\/noticiaempauta.com\/portal\/homem-morre-em-confronto-com-a-policia-apos-denuncia-de-violencia-domestica-em-sao-joao-da-canabrava\/","og_site_name":"Portal Not\u00edcia em Pauta","article_publisher":"https:\/\/www.facebook.com\/Portal-Notcia-Em-Pauta-102292869264820\/","article_published_time":"2026-01-09T12:10:18+00:00","og_image":[{"width":750,"height":500,"url":"https:\/\/noticiaempauta.com\/portal\/wp-content\/uploads\/2026\/01\/fotos_CV_6.webp","type":"image\/webp"}],"author":"Reda\u00e7\u00e3o","twitter_card":"summary_large_image","twitter_misc":{"Escrito por":"Reda\u00e7\u00e3o","Est. tempo de leitura":"3 minutos"},"schema":{"@context":"https:\/\/schema.org","@graph":[{"@type":"Article","@id":"https:\/\/noticiaempauta.com\/portal\/homem-morre-em-confronto-com-a-policia-apos-denuncia-de-violencia-domestica-em-sao-joao-da-canabrava\/#article","isPartOf":{"@id":"https:\/\/noticiaempauta.com\/portal\/homem-morre-em-confronto-com-a-policia-apos-denuncia-de-violencia-domestica-em-sao-joao-da-canabrava\/"},"author":{"name":"Reda\u00e7\u00e3o","@id":"https:\/\/noticiaempauta.com\/portal\/#\/schema\/person\/a74af43dd1ab3deca45f988c717d57ac"},"headline":"Homem morre em confronto com a pol\u00edcia ap\u00f3s den\u00fancia de viol\u00eancia dom\u00e9stica em S\u00e3o Jo\u00e3o da Canabrava","datePublished":"2026-01-09T12:10:18+00:00","mainEntityOfPage":{"@id":"https:\/\/noticiaempauta.com\/portal\/homem-morre-em-confronto-com-a-policia-apos-denuncia-de-violencia-domestica-em-sao-joao-da-canabrava\/"},"wordCount":425,"publisher":{"@id":"https:\/\/noticiaempauta.com\/portal\/#organization"},"image":{"@id":"https:\/\/noticiaempauta.com\/portal\/homem-morre-em-confronto-com-a-policia-apos-denuncia-de-violencia-domestica-em-sao-joao-da-canabrava\/#primaryimage"},"thumbnailUrl":"https:\/\/noticiaempauta.com\/portal\/wp-content\/uploads\/2026\/01\/fotos_CV_6.webp","keywords":["destaqueprincipal"],"articleSection":["Destaques","Geral","Todas as Not\u00edcias"],"inLanguage":"pt-BR"},{"@type":"WebPage","@id":"https:\/\/noticiaempauta.com\/portal\/homem-morre-em-confronto-com-a-policia-apos-denuncia-de-violencia-domestica-em-sao-joao-da-canabrava\/","url":"https:\/\/noticiaempauta.com\/portal\/homem-morre-em-confronto-com-a-policia-apos-denuncia-de-violencia-domestica-em-sao-joao-da-canabrava\/","name":"Homem morre em confronto com a pol\u00edcia ap\u00f3s den\u00fancia de viol\u00eancia dom\u00e9stica em S\u00e3o Jo\u00e3o da Canabrava - Portal Not\u00edcia em Pauta","isPartOf":{"@id":"https:\/\/noticiaempauta.com\/portal\/#website"},"primaryImageOfPage":{"@id":"https:\/\/noticiaempauta.com\/portal\/homem-morre-em-confronto-com-a-policia-apos-denuncia-de-violencia-domestica-em-sao-joao-da-canabrava\/#primaryimage"},"image":{"@id":"https:\/\/noticiaempauta.com\/portal\/homem-morre-em-confronto-com-a-policia-apos-denuncia-de-violencia-domestica-em-sao-joao-da-canabrava\/#primaryimage"},"thumbnailUrl":"https:\/\/noticiaempauta.com\/portal\/wp-content\/uploads\/2026\/01\/fotos_CV_6.webp","datePublished":"2026-01-09T12:10:18+00:00","breadcrumb":{"@id":"https:\/\/noticiaempauta.com\/portal\/homem-morre-em-confronto-com-a-policia-apos-denuncia-de-violencia-domestica-em-sao-joao-da-canabrava\/#breadcrumb"},"inLanguage":"pt-BR","potentialAction":[{"@type":"ReadAction","target":["https:\/\/noticiaempauta.com\/portal\/homem-morre-em-confronto-com-a-policia-apos-denuncia-de-violencia-domestica-em-sao-joao-da-canabrava\/"]}]},{"@type":"ImageObject","inLanguage":"pt-BR","@id":"https:\/\/noticiaempauta.com\/portal\/homem-morre-em-confronto-com-a-policia-apos-denuncia-de-violencia-domestica-em-sao-joao-da-canabrava\/#primaryimage","url":"https:\/\/noticiaempauta.com\/portal\/wp-content\/uploads\/2026\/01\/fotos_CV_6.webp","contentUrl":"https:\/\/noticiaempauta.com\/portal\/wp-content\/uploads\/2026\/01\/fotos_CV_6.webp","width":750,"height":500},{"@type":"BreadcrumbList","@id":"https:\/\/noticiaempauta.com\/portal\/homem-morre-em-confronto-com-a-policia-apos-denuncia-de-violencia-domestica-em-sao-joao-da-canabrava\/#breadcrumb","itemListElement":[{"@type":"ListItem","position":1,"name":"P\u00e1gina Inicial","item":"https:\/\/noticiaempauta.com\/portal\/"},{"@type":"ListItem","position":2,"name":"Destaques","item":"https:\/\/noticiaempauta.com\/portal\/destaques-site\/"},{"@type":"ListItem","position":3,"name":"Homem morre em confronto com a pol\u00edcia ap\u00f3s den\u00fancia de viol\u00eancia dom\u00e9stica em S\u00e3o Jo\u00e3o da Canabrava"}]},{"@type":"WebSite","@id":"https:\/\/noticiaempauta.com\/portal\/#website","url":"https:\/\/noticiaempauta.com\/portal\/","name":"Portal Not\u00edcia em Pauta","description":"Voc\u00ea bem informado","publisher":{"@id":"https:\/\/noticiaempauta.com\/portal\/#organization"},"potentialAction":[{"@type":"SearchAction","target":{"@type":"EntryPoint","urlTemplate":"https:\/\/noticiaempauta.com\/portal\/?s={search_term_string}"},"query-input":{"@type":"PropertyValueSpecification","valueRequired":true,"valueName":"search_term_string"}}],"inLanguage":"pt-BR"},{"@type":"Organization","@id":"https:\/\/noticiaempauta.com\/portal\/#organization","name":"Portal Not\u00edcia em Pauta","url":"https:\/\/noticiaempauta.com\/portal\/","logo":{"@type":"ImageObject","inLanguage":"pt-BR","@id":"https:\/\/noticiaempauta.com\/portal\/#\/schema\/logo\/image\/","url":"https:\/\/noticiaempauta.com\/portal\/wp-content\/uploads\/2022\/08\/logomarca_tema.fw_.png","contentUrl":"https:\/\/noticiaempauta.com\/portal\/wp-content\/uploads\/2022\/08\/logomarca_tema.fw_.png","width":400,"height":232,"caption":"Portal Not\u00edcia em Pauta"},"image":{"@id":"https:\/\/noticiaempauta.com\/portal\/#\/schema\/logo\/image\/"},"sameAs":["https:\/\/www.facebook.com\/Portal-Notcia-Em-Pauta-102292869264820\/","https:\/\/www.instagram.com\/portalnoticiaempauta\/"]},{"@type":"Person","@id":"https:\/\/noticiaempauta.com\/portal\/#\/schema\/person\/a74af43dd1ab3deca45f988c717d57ac","name":"Reda\u00e7\u00e3o","image":{"@type":"ImageObject","inLanguage":"pt-BR","@id":"https:\/\/noticiaempauta.com\/portal\/#\/schema\/person\/image\/","url":"https:\/\/secure.gravatar.com\/avatar\/03179346ecce6cdfc13361603e8f54242a90e5cde8618fa23c5c00aa2b0aadf3?s=96&d=mm&r=g","contentUrl":"https:\/\/secure.gravatar.com\/avatar\/03179346ecce6cdfc13361603e8f54242a90e5cde8618fa23c5c00aa2b0aadf3?s=96&d=mm&r=g","caption":"Reda\u00e7\u00e3o"},"sameAs":["https:\/\/noticiaempauta.com\/portal\/"],"url":"https:\/\/noticiaempauta.com\/portal\/author\/fernando\/"}]}},"_links":{"self":[{"href":"https:\/\/noticiaempauta.com\/portal\/wp-json\/wp\/v2\/posts\/283820","targetHints":{"allow":["GET"]}}],"collection":[{"href":"https:\/\/noticiaempauta.com\/portal\/wp-json\/wp\/v2\/posts"}],"about":[{"href":"https:\/\/noticiaempauta.com\/portal\/wp-json\/wp\/v2\/types\/post"}],"author":[{"embeddable":true,"href":"https:\/\/noticiaempauta.com\/portal\/wp-json\/wp\/v2\/users\/2"}],"replies":[{"embeddable":true,"href":"https:\/\/noticiaempauta.com\/portal\/wp-json\/wp\/v2\/comments?post=283820"}],"version-history":[{"count":2,"href":"https:\/\/noticiaempauta.com\/portal\/wp-json\/wp\/v2\/posts\/283820\/revisions"}],"predecessor-version":[{"id":283825,"href":"https:\/\/noticiaempauta.com\/portal\/wp-json\/wp\/v2\/posts\/283820\/revisions\/283825"}],"wp:featuredmedia":[{"embeddable":true,"href":"https:\/\/noticiaempauta.com\/portal\/wp-json\/wp\/v2\/media\/283821"}],"wp:attachment":[{"href":"https:\/\/noticiaempauta.com\/portal\/wp-json\/wp\/v2\/media?parent=283820"}],"wp:term":[{"taxonomy":"category","embeddable":true,"href":"https:\/\/noticiaempauta.com\/portal\/wp-json\/wp\/v2\/categories?post=283820"},{"taxonomy":"post_tag","embeddable":true,"href":"https:\/\/noticiaempauta.com\/portal\/wp-json\/wp\/v2\/tags?post=283820"}],"curies":[{"name":"wp","href":"https:\/\/api.w.org\/{rel}","templated":true}]}}