{"id":283826,"date":"2026-01-09T09:18:58","date_gmt":"2026-01-09T12:18:58","guid":{"rendered":"https:\/\/noticiaempauta.com\/portal\/?p=283826"},"modified":"2026-01-09T09:18:59","modified_gmt":"2026-01-09T12:18:59","slug":"maior-seca-dos-ultimos-sete-anos-pautou-debates-na-alepi-em-2025","status":"publish","type":"post","link":"https:\/\/noticiaempauta.com\/portal\/maior-seca-dos-ultimos-sete-anos-pautou-debates-na-alepi-em-2025\/","title":{"rendered":"Maior seca dos \u00faltimos sete anos pautou debates na Alepi em 2025"},"content":{"rendered":"\n<p>Em visita a Morro Cabe\u00e7a no Tempo, 800 km ao sul de Teresina, o vice-presidente da Assembleia Legislativa do Piau\u00ed (Alepi), deputado Francisco Limma (PT), p\u00f4de sentir um pouco do drama vivido pelos piauienses que est\u00e3o convivendo com a pior seca dos \u00faltimos sete anos. \u201cEu ouvi o testemunho de Dona Francisca, que precisava pagar toda semana R$&nbsp;200 por um tonel de 200L de \u00e1gua, ou seja, R$ 1 por litro de \u00e1gua porque ela n\u00e3o tinha \u00e1gua pot\u00e1vel\u201d, lamentou o parlamentar.<\/p>\n\n\n\n<p>Dados de outubro de 2025 do Monitor das Secas da Secretaria de Estado do Meio Ambiente e Recursos H\u00eddricos mostram que 115 munic\u00edpios, cerca da metade do Piau\u00ed, tinham \u00e1reas em situa\u00e7\u00e3o de seca extrema, quando h\u00e1 grandes perdas de culturas e pastagem; escassez ou restri\u00e7\u00f5es de \u00e1gua generalizada. Nas visitas \u00e0s cidades de todo o estado, os deputados puderam ouvir a popula\u00e7\u00e3o e buscaram solu\u00e7\u00f5es para o momento de emerg\u00eancia, mas tamb\u00e9m impulsionaram solu\u00e7\u00f5es definitivas.<\/p>\n\n\n\n<p><strong>Audi\u00eancias p\u00fablicas na Alepi marcaram debate sobre a seca<\/strong><\/p>\n\n\n\n<p>O per\u00edodo chuvoso ainda terminava na maior parte do estado e a baixa precipita\u00e7\u00e3o indicava que a seca seria grave, quando os deputados Dr. Gil Carlos (PT) e Francisco Limma provocaram a primeira audi\u00eancia p\u00fablica sobre o tema. No dia 12 de maio, a Comiss\u00e3o de Defesa do Consumidor, Meio Ambiente e Acompanhamento dos Fen\u00f4menos da Natureza da Alepi recebeu quatro secret\u00e1rios de estado, entidades da sociedade civil e APPM (Associa\u00e7\u00e3o Piauiense de Munic\u00edpios) para apontar solu\u00e7\u00f5es.<\/p>\n\n\n\n<p>A necessidade de maior atua\u00e7\u00e3o das secretarias de Defesa Civil das prefeituras, a atualiza\u00e7\u00e3o dos planos de manejo h\u00eddricos e a conscientiza\u00e7\u00e3o de que os piauienses j\u00e1 vivem sob os efeitos das mudan\u00e7as clim\u00e1ticas foram pauta da reuni\u00e3o. Em 22 de setembro, uma nova audi\u00eancia p\u00fablica foi realizada, por proposi\u00e7\u00e3o do presidente Severo Eul\u00e1lio (MDB). Nesta, os participantes puderam ouvir o diretor-presidente da \u00c1guas do Piau\u00ed, Guilherme Dias.<\/p>\n\n\n\n<p>\u201cEste ano, v\u00e1rios parlamentares, inclusive n\u00f3s, realizamos aqui uma audi\u00eancia p\u00fablica junto com Secretarias de Estado, \u00c1guas do Piau\u00ed, Equatorial e diversos atores necess\u00e1rios para tentar amenizar o problema grav\u00edssimo que estamos enfrentando de estiagem. [&#8230;] O Governo do Estado tem, atrav\u00e9s dos carros-pipas, feito esse paliativo, e trabalhou a quest\u00e3o da constru\u00e7\u00e3o de alguns barreiros e po\u00e7os tubulares. Com a concess\u00e3o para a \u00c1guas do Piau\u00ed, ela agora tem a obriga\u00e7\u00e3o de levar \u00e1gua para o povo piauiense\u201d, resumiu Severo Eul\u00e1lio.<\/p>\n\n\n\n<p>Os deputados tamb\u00e9m contribu\u00edram com recursos para reduzir os efeitos da seca. \u201cN\u00f3s tivemos a\u00e7\u00f5es de cotas governamentais destinadas para os parlamentares indicarem nas a\u00e7\u00f5es de montagem de distribui\u00e7\u00e3o de \u00e1gua. Se n\u00f3s levantarmos, s\u00f3 da parte da distribui\u00e7\u00e3o de \u00e1gua, n\u00f3s temos mais de R$&nbsp;80 milh\u00f5es destinados pelos deputados para a\u00e7\u00f5es diretas no combate \u00e0 escassez de \u00e1gua. Em nenhum momento houve freio nas a\u00e7\u00f5es. Desde 2023, at\u00e9 agora temos um investimento maci\u00e7o em rede de distribui\u00e7\u00e3o e, neste ano, a\u00e7\u00f5es emergenciais que somam mais de R$&nbsp;30 milh\u00f5es\u201d, detalhou o l\u00edder da bancada do Governo, Dr. Vin\u00edcius (PT).<\/p>\n\n\n\n<p><strong>Transposi\u00e7\u00e3o do Rio S\u00e3o Francisco para o Piau\u00ed avan\u00e7ou com mobiliza\u00e7\u00e3o pol\u00edtica<\/strong><\/p>\n\n\n\n<p><br>Em agosto de 2025, a Alepi realizou uma audi\u00eancia p\u00fablica com representantes do Minist\u00e9rio da Integra\u00e7\u00e3o e Desenvolvimento Regional, a obra foi inclu\u00edda pelo Governo Federal no Novo PAC e iniciou o Estudo de Viabilidade T\u00e9cnica.<\/p>\n\n\n\n<p>Franz\u00e9 Silva j\u00e1 vislumbra o in\u00edcio das obras: \u201cAp\u00f3s a finaliza\u00e7\u00e3o do Estudo de Viabilidade T\u00e9cnica, que a previs\u00e3o \u00e9 para ser no final de outubro [de 2026], n\u00f3s j\u00e1 devemos ter o in\u00edcio do Projeto Executivo, tamb\u00e9m no PAC, para que, em 2027, a gente possa ver o in\u00edcio das obras\u201d.<\/p>\n\n\n\n<p>O deputado tem realizado audi\u00eancias p\u00fablicas nas cidades que ser\u00e3o beneficiadas com a obra e v\u00ea a receptividade dos moradores. \u201cA coisa positiva \u00e9 a expectativa e a esperan\u00e7a. As pessoas visualizam o que aconteceu nos outros estados e querem ver essa realidade chegar ao Piau\u00ed. O que ainda gera d\u00favidas \u00e9 o trajeto do canal. Muitos munic\u00edpios querem ser contemplados diretamente, porque existe o canal e os ramais. O canal passa e a partir dele s\u00e3o feitos ramais para munic\u00edpios que n\u00e3o recebem diretamente a \u00e1gua atrav\u00e9s do eixo principal. Muitos munic\u00edpios querem o canal passando pelo seu munic\u00edpio e isso est\u00e1 sendo discutido com a equipe t\u00e9cnica do Minist\u00e9rio da Integra\u00e7\u00e3o\u201d, explicou o deputado.<\/p>\n\n\n\n<p>Severo Eul\u00e1lio tamb\u00e9m \u00e9 esperan\u00e7oso no avan\u00e7o da transposi\u00e7\u00e3o, que se soma \u00e0 Adutora do Sert\u00e3o, que vai captar \u00e1gua da Barragem do Jenipapo, em S\u00e3o Jo\u00e3o do Piau\u00ed. \u201cEla vai amenizar muito aquela regi\u00e3o. Eu acho que com essa adutora, que tem um custo mais barato do que a transposi\u00e7\u00e3o, e, se no futuro n\u00f3s iniciarmos e dermos sequ\u00eancia \u00e0 transposi\u00e7\u00e3o, que tem valores realmente muito elevados, a\u00ed sim n\u00f3s conseguiremos resolver de vez esse problema de crise h\u00eddrica no Piau\u00ed\u201d, defendeu o presidente da Casa.<\/p>\n\n\n\n<p><strong><br>Deputados se mobilizam contra a cobran\u00e7a de taxa pelo uso da \u00e1gua subterr\u00e2nea<\/strong><\/p>\n\n\n\n<p>Em meio ao cen\u00e1rio de seca, foi iniciada a cobran\u00e7a, por parte do Governo do Estado, da taxa de uso pela \u00e1gua subterr\u00e2nea. O Executivo alega que est\u00e1 se adequando a uma legisla\u00e7\u00e3o federal, no entanto, os parlamentares, a partir da escuta a produtores de grande, m\u00e9dio e pequeno porte, afirmam que n\u00e3o \u00e9 o momento ideal para come\u00e7ar a cobrar a taxa.<\/p>\n\n\n\n<p>O deputado Gustavo Neiva j\u00e1 apresentou requerimento exigindo a suspens\u00e3o do in\u00edcio da cobran\u00e7a. \u201cDiante da situa\u00e7\u00e3o que n\u00f3s estamos atravessando, de extrema seca, n\u00e3o \u00e9 justific\u00e1vel cobrar taxa dos po\u00e7os. N\u00f3s estamos ao lado do produtor, n\u00f3s estamos ao lado das pessoas que produzem e essa taxa vai encarecer ainda mais a produ\u00e7\u00e3o e, no final das contas, quem vai pagar mais essa taxa \u00e9 o consumidor que vai l\u00e1 no mercadinho, que vai no supermercado comprar um feij\u00e3o, arroz, uma carne\u201d, critica o parlamentar.<\/p>\n\n\n\n<p>Propositor de uma audi\u00eancia p\u00fablica realizada em agosto de 2025 sobre o tema, o l\u00edder do MDB, deputado Jo\u00e3o M\u00e1dison, tamb\u00e9m apresentou projeto de lei que isenta os produtores da cobran\u00e7a e a mat\u00e9ria j\u00e1 passou na Comiss\u00e3o de Constitui\u00e7\u00e3o e Justi\u00e7a com parecer positivo do vice-l\u00edder do Governo, Evaldo Gomes (Solidariedade). O parlamentar emedebista acredita que haver\u00e1 um consenso entre Executivo e setor produtivo acerca do tema.<\/p>\n\n\n\n<p>\u201cO governador est\u00e1 sendo sens\u00edvel. Temos que observar que isso n\u00e3o \u00e9 o governo, \u00e9 uma lei federal. Mas as pessoas t\u00eam que entender que n\u00e3o s\u00e3o os pequenos que ir\u00e3o pagar, e sim as grandes empresas. Mesmo assim, temos que ter cuidado, porque essas empresas geram emprego e renda. N\u00f3s n\u00e3o podemos colocar uma sobrecarga a mais no custo da empresa\u201d, defende Jo\u00e3o M\u00e1dison.<\/p>\n\n\n\n<p>Fonte: Alepi<\/p>\n","protected":false},"excerpt":{"rendered":"<p>Em visita a Morro Cabe\u00e7a no Tempo, 800 km ao sul de Teresina, o vice-presidente da Assembleia Legislativa do Piau\u00ed (Alepi), deputado Francisco Limma (PT), p\u00f4de sentir um pouco do drama vivido pelos piauienses que est\u00e3o convivendo com a pior seca dos \u00faltimos sete anos. \u201cEu ouvi o testemunho de Dona Francisca, que precisava pagar [&hellip;]<\/p>\n","protected":false},"author":2,"featured_media":283827,"comment_status":"closed","ping_status":"closed","sticky":false,"template":"","format":"standard","meta":{"_mi_skip_tracking":false,"footnotes":""},"categories":[25,1,16],"tags":[],"class_list":["post-283826","post","type-post","status-publish","format-standard","has-post-thumbnail","hentry","category-destaques-site","category-geral","category-todas"],"acf":[],"yoast_head":"<!-- This site is optimized with the Yoast SEO Premium plugin v19.2 (Yoast SEO v26.9) - https:\/\/yoast.com\/product\/yoast-seo-premium-wordpress\/ -->\n<title>Maior seca dos \u00faltimos sete anos pautou debates na Alepi em 2025 - Portal Not\u00edcia em Pauta<\/title>\n<meta name=\"robots\" content=\"index, follow, max-snippet:-1, max-image-preview:large, max-video-preview:-1\" \/>\n<link rel=\"canonical\" href=\"https:\/\/noticiaempauta.com\/portal\/maior-seca-dos-ultimos-sete-anos-pautou-debates-na-alepi-em-2025\/\" \/>\n<meta property=\"og:locale\" content=\"pt_BR\" \/>\n<meta property=\"og:type\" content=\"article\" \/>\n<meta property=\"og:title\" content=\"Maior seca dos \u00faltimos sete anos pautou debates na Alepi em 2025\" \/>\n<meta property=\"og:description\" content=\"Em visita a Morro Cabe\u00e7a no Tempo, 800 km ao sul de Teresina, o vice-presidente da Assembleia Legislativa do Piau\u00ed (Alepi), deputado Francisco Limma (PT), p\u00f4de sentir um pouco do drama vivido pelos piauienses que est\u00e3o convivendo com a pior seca dos \u00faltimos sete anos. \u201cEu ouvi o testemunho de Dona Francisca, que precisava pagar [&hellip;]\" \/>\n<meta property=\"og:url\" content=\"https:\/\/noticiaempauta.com\/portal\/maior-seca-dos-ultimos-sete-anos-pautou-debates-na-alepi-em-2025\/\" \/>\n<meta property=\"og:site_name\" content=\"Portal Not\u00edcia em Pauta\" \/>\n<meta property=\"article:publisher\" content=\"https:\/\/www.facebook.com\/Portal-Notcia-Em-Pauta-102292869264820\/\" \/>\n<meta property=\"article:published_time\" content=\"2026-01-09T12:18:58+00:00\" \/>\n<meta property=\"article:modified_time\" content=\"2026-01-09T12:18:59+00:00\" \/>\n<meta property=\"og:image\" content=\"https:\/\/noticiaempauta.com\/portal\/wp-content\/uploads\/2026\/01\/image_assessoria-24.webp\" \/>\n\t<meta property=\"og:image:width\" content=\"600\" \/>\n\t<meta property=\"og:image:height\" content=\"400\" \/>\n\t<meta property=\"og:image:type\" content=\"image\/webp\" \/>\n<meta name=\"author\" content=\"Reda\u00e7\u00e3o\" \/>\n<meta name=\"twitter:card\" content=\"summary_large_image\" \/>\n<meta name=\"twitter:label1\" content=\"Escrito por\" \/>\n\t<meta name=\"twitter:data1\" content=\"Reda\u00e7\u00e3o\" \/>\n\t<meta name=\"twitter:label2\" content=\"Est. tempo de leitura\" \/>\n\t<meta name=\"twitter:data2\" content=\"7 minutos\" \/>\n<script type=\"application\/ld+json\" class=\"yoast-schema-graph\">{\"@context\":\"https:\/\/schema.org\",\"@graph\":[{\"@type\":\"Article\",\"@id\":\"https:\/\/noticiaempauta.com\/portal\/maior-seca-dos-ultimos-sete-anos-pautou-debates-na-alepi-em-2025\/#article\",\"isPartOf\":{\"@id\":\"https:\/\/noticiaempauta.com\/portal\/maior-seca-dos-ultimos-sete-anos-pautou-debates-na-alepi-em-2025\/\"},\"author\":{\"name\":\"Reda\u00e7\u00e3o\",\"@id\":\"https:\/\/noticiaempauta.com\/portal\/#\/schema\/person\/a74af43dd1ab3deca45f988c717d57ac\"},\"headline\":\"Maior seca dos \u00faltimos sete anos pautou debates na Alepi em 2025\",\"datePublished\":\"2026-01-09T12:18:58+00:00\",\"dateModified\":\"2026-01-09T12:18:59+00:00\",\"mainEntityOfPage\":{\"@id\":\"https:\/\/noticiaempauta.com\/portal\/maior-seca-dos-ultimos-sete-anos-pautou-debates-na-alepi-em-2025\/\"},\"wordCount\":1244,\"publisher\":{\"@id\":\"https:\/\/noticiaempauta.com\/portal\/#organization\"},\"image\":{\"@id\":\"https:\/\/noticiaempauta.com\/portal\/maior-seca-dos-ultimos-sete-anos-pautou-debates-na-alepi-em-2025\/#primaryimage\"},\"thumbnailUrl\":\"https:\/\/noticiaempauta.com\/portal\/wp-content\/uploads\/2026\/01\/image_assessoria-24.webp\",\"articleSection\":[\"Destaques\",\"Geral\",\"Todas as Not\u00edcias\"],\"inLanguage\":\"pt-BR\"},{\"@type\":\"WebPage\",\"@id\":\"https:\/\/noticiaempauta.com\/portal\/maior-seca-dos-ultimos-sete-anos-pautou-debates-na-alepi-em-2025\/\",\"url\":\"https:\/\/noticiaempauta.com\/portal\/maior-seca-dos-ultimos-sete-anos-pautou-debates-na-alepi-em-2025\/\",\"name\":\"Maior seca dos \u00faltimos sete anos pautou debates na Alepi em 2025 - Portal Not\u00edcia em Pauta\",\"isPartOf\":{\"@id\":\"https:\/\/noticiaempauta.com\/portal\/#website\"},\"primaryImageOfPage\":{\"@id\":\"https:\/\/noticiaempauta.com\/portal\/maior-seca-dos-ultimos-sete-anos-pautou-debates-na-alepi-em-2025\/#primaryimage\"},\"image\":{\"@id\":\"https:\/\/noticiaempauta.com\/portal\/maior-seca-dos-ultimos-sete-anos-pautou-debates-na-alepi-em-2025\/#primaryimage\"},\"thumbnailUrl\":\"https:\/\/noticiaempauta.com\/portal\/wp-content\/uploads\/2026\/01\/image_assessoria-24.webp\",\"datePublished\":\"2026-01-09T12:18:58+00:00\",\"dateModified\":\"2026-01-09T12:18:59+00:00\",\"breadcrumb\":{\"@id\":\"https:\/\/noticiaempauta.com\/portal\/maior-seca-dos-ultimos-sete-anos-pautou-debates-na-alepi-em-2025\/#breadcrumb\"},\"inLanguage\":\"pt-BR\",\"potentialAction\":[{\"@type\":\"ReadAction\",\"target\":[\"https:\/\/noticiaempauta.com\/portal\/maior-seca-dos-ultimos-sete-anos-pautou-debates-na-alepi-em-2025\/\"]}]},{\"@type\":\"ImageObject\",\"inLanguage\":\"pt-BR\",\"@id\":\"https:\/\/noticiaempauta.com\/portal\/maior-seca-dos-ultimos-sete-anos-pautou-debates-na-alepi-em-2025\/#primaryimage\",\"url\":\"https:\/\/noticiaempauta.com\/portal\/wp-content\/uploads\/2026\/01\/image_assessoria-24.webp\",\"contentUrl\":\"https:\/\/noticiaempauta.com\/portal\/wp-content\/uploads\/2026\/01\/image_assessoria-24.webp\",\"width\":600,\"height\":400},{\"@type\":\"BreadcrumbList\",\"@id\":\"https:\/\/noticiaempauta.com\/portal\/maior-seca-dos-ultimos-sete-anos-pautou-debates-na-alepi-em-2025\/#breadcrumb\",\"itemListElement\":[{\"@type\":\"ListItem\",\"position\":1,\"name\":\"P\u00e1gina Inicial\",\"item\":\"https:\/\/noticiaempauta.com\/portal\/\"},{\"@type\":\"ListItem\",\"position\":2,\"name\":\"Destaques\",\"item\":\"https:\/\/noticiaempauta.com\/portal\/destaques-site\/\"},{\"@type\":\"ListItem\",\"position\":3,\"name\":\"Maior seca dos \u00faltimos sete anos pautou debates na Alepi em 2025\"}]},{\"@type\":\"WebSite\",\"@id\":\"https:\/\/noticiaempauta.com\/portal\/#website\",\"url\":\"https:\/\/noticiaempauta.com\/portal\/\",\"name\":\"Portal Not\u00edcia em Pauta\",\"description\":\"Voc\u00ea bem informado\",\"publisher\":{\"@id\":\"https:\/\/noticiaempauta.com\/portal\/#organization\"},\"potentialAction\":[{\"@type\":\"SearchAction\",\"target\":{\"@type\":\"EntryPoint\",\"urlTemplate\":\"https:\/\/noticiaempauta.com\/portal\/?s={search_term_string}\"},\"query-input\":{\"@type\":\"PropertyValueSpecification\",\"valueRequired\":true,\"valueName\":\"search_term_string\"}}],\"inLanguage\":\"pt-BR\"},{\"@type\":\"Organization\",\"@id\":\"https:\/\/noticiaempauta.com\/portal\/#organization\",\"name\":\"Portal Not\u00edcia em Pauta\",\"url\":\"https:\/\/noticiaempauta.com\/portal\/\",\"logo\":{\"@type\":\"ImageObject\",\"inLanguage\":\"pt-BR\",\"@id\":\"https:\/\/noticiaempauta.com\/portal\/#\/schema\/logo\/image\/\",\"url\":\"https:\/\/noticiaempauta.com\/portal\/wp-content\/uploads\/2022\/08\/logomarca_tema.fw_.png\",\"contentUrl\":\"https:\/\/noticiaempauta.com\/portal\/wp-content\/uploads\/2022\/08\/logomarca_tema.fw_.png\",\"width\":400,\"height\":232,\"caption\":\"Portal Not\u00edcia em Pauta\"},\"image\":{\"@id\":\"https:\/\/noticiaempauta.com\/portal\/#\/schema\/logo\/image\/\"},\"sameAs\":[\"https:\/\/www.facebook.com\/Portal-Notcia-Em-Pauta-102292869264820\/\",\"https:\/\/www.instagram.com\/portalnoticiaempauta\/\"]},{\"@type\":\"Person\",\"@id\":\"https:\/\/noticiaempauta.com\/portal\/#\/schema\/person\/a74af43dd1ab3deca45f988c717d57ac\",\"name\":\"Reda\u00e7\u00e3o\",\"image\":{\"@type\":\"ImageObject\",\"inLanguage\":\"pt-BR\",\"@id\":\"https:\/\/noticiaempauta.com\/portal\/#\/schema\/person\/image\/\",\"url\":\"https:\/\/secure.gravatar.com\/avatar\/03179346ecce6cdfc13361603e8f54242a90e5cde8618fa23c5c00aa2b0aadf3?s=96&d=mm&r=g\",\"contentUrl\":\"https:\/\/secure.gravatar.com\/avatar\/03179346ecce6cdfc13361603e8f54242a90e5cde8618fa23c5c00aa2b0aadf3?s=96&d=mm&r=g\",\"caption\":\"Reda\u00e7\u00e3o\"},\"sameAs\":[\"https:\/\/noticiaempauta.com\/portal\/\"],\"url\":\"https:\/\/noticiaempauta.com\/portal\/author\/fernando\/\"}]}<\/script>\n<!-- \/ Yoast SEO Premium plugin. -->","yoast_head_json":{"title":"Maior seca dos \u00faltimos sete anos pautou debates na Alepi em 2025 - Portal Not\u00edcia em Pauta","robots":{"index":"index","follow":"follow","max-snippet":"max-snippet:-1","max-image-preview":"max-image-preview:large","max-video-preview":"max-video-preview:-1"},"canonical":"https:\/\/noticiaempauta.com\/portal\/maior-seca-dos-ultimos-sete-anos-pautou-debates-na-alepi-em-2025\/","og_locale":"pt_BR","og_type":"article","og_title":"Maior seca dos \u00faltimos sete anos pautou debates na Alepi em 2025","og_description":"Em visita a Morro Cabe\u00e7a no Tempo, 800 km ao sul de Teresina, o vice-presidente da Assembleia Legislativa do Piau\u00ed (Alepi), deputado Francisco Limma (PT), p\u00f4de sentir um pouco do drama vivido pelos piauienses que est\u00e3o convivendo com a pior seca dos \u00faltimos sete anos. \u201cEu ouvi o testemunho de Dona Francisca, que precisava pagar [&hellip;]","og_url":"https:\/\/noticiaempauta.com\/portal\/maior-seca-dos-ultimos-sete-anos-pautou-debates-na-alepi-em-2025\/","og_site_name":"Portal Not\u00edcia em Pauta","article_publisher":"https:\/\/www.facebook.com\/Portal-Notcia-Em-Pauta-102292869264820\/","article_published_time":"2026-01-09T12:18:58+00:00","article_modified_time":"2026-01-09T12:18:59+00:00","og_image":[{"width":600,"height":400,"url":"https:\/\/noticiaempauta.com\/portal\/wp-content\/uploads\/2026\/01\/image_assessoria-24.webp","type":"image\/webp"}],"author":"Reda\u00e7\u00e3o","twitter_card":"summary_large_image","twitter_misc":{"Escrito por":"Reda\u00e7\u00e3o","Est. tempo de leitura":"7 minutos"},"schema":{"@context":"https:\/\/schema.org","@graph":[{"@type":"Article","@id":"https:\/\/noticiaempauta.com\/portal\/maior-seca-dos-ultimos-sete-anos-pautou-debates-na-alepi-em-2025\/#article","isPartOf":{"@id":"https:\/\/noticiaempauta.com\/portal\/maior-seca-dos-ultimos-sete-anos-pautou-debates-na-alepi-em-2025\/"},"author":{"name":"Reda\u00e7\u00e3o","@id":"https:\/\/noticiaempauta.com\/portal\/#\/schema\/person\/a74af43dd1ab3deca45f988c717d57ac"},"headline":"Maior seca dos \u00faltimos sete anos pautou debates na Alepi em 2025","datePublished":"2026-01-09T12:18:58+00:00","dateModified":"2026-01-09T12:18:59+00:00","mainEntityOfPage":{"@id":"https:\/\/noticiaempauta.com\/portal\/maior-seca-dos-ultimos-sete-anos-pautou-debates-na-alepi-em-2025\/"},"wordCount":1244,"publisher":{"@id":"https:\/\/noticiaempauta.com\/portal\/#organization"},"image":{"@id":"https:\/\/noticiaempauta.com\/portal\/maior-seca-dos-ultimos-sete-anos-pautou-debates-na-alepi-em-2025\/#primaryimage"},"thumbnailUrl":"https:\/\/noticiaempauta.com\/portal\/wp-content\/uploads\/2026\/01\/image_assessoria-24.webp","articleSection":["Destaques","Geral","Todas as Not\u00edcias"],"inLanguage":"pt-BR"},{"@type":"WebPage","@id":"https:\/\/noticiaempauta.com\/portal\/maior-seca-dos-ultimos-sete-anos-pautou-debates-na-alepi-em-2025\/","url":"https:\/\/noticiaempauta.com\/portal\/maior-seca-dos-ultimos-sete-anos-pautou-debates-na-alepi-em-2025\/","name":"Maior seca dos \u00faltimos sete anos pautou debates na Alepi em 2025 - Portal Not\u00edcia em Pauta","isPartOf":{"@id":"https:\/\/noticiaempauta.com\/portal\/#website"},"primaryImageOfPage":{"@id":"https:\/\/noticiaempauta.com\/portal\/maior-seca-dos-ultimos-sete-anos-pautou-debates-na-alepi-em-2025\/#primaryimage"},"image":{"@id":"https:\/\/noticiaempauta.com\/portal\/maior-seca-dos-ultimos-sete-anos-pautou-debates-na-alepi-em-2025\/#primaryimage"},"thumbnailUrl":"https:\/\/noticiaempauta.com\/portal\/wp-content\/uploads\/2026\/01\/image_assessoria-24.webp","datePublished":"2026-01-09T12:18:58+00:00","dateModified":"2026-01-09T12:18:59+00:00","breadcrumb":{"@id":"https:\/\/noticiaempauta.com\/portal\/maior-seca-dos-ultimos-sete-anos-pautou-debates-na-alepi-em-2025\/#breadcrumb"},"inLanguage":"pt-BR","potentialAction":[{"@type":"ReadAction","target":["https:\/\/noticiaempauta.com\/portal\/maior-seca-dos-ultimos-sete-anos-pautou-debates-na-alepi-em-2025\/"]}]},{"@type":"ImageObject","inLanguage":"pt-BR","@id":"https:\/\/noticiaempauta.com\/portal\/maior-seca-dos-ultimos-sete-anos-pautou-debates-na-alepi-em-2025\/#primaryimage","url":"https:\/\/noticiaempauta.com\/portal\/wp-content\/uploads\/2026\/01\/image_assessoria-24.webp","contentUrl":"https:\/\/noticiaempauta.com\/portal\/wp-content\/uploads\/2026\/01\/image_assessoria-24.webp","width":600,"height":400},{"@type":"BreadcrumbList","@id":"https:\/\/noticiaempauta.com\/portal\/maior-seca-dos-ultimos-sete-anos-pautou-debates-na-alepi-em-2025\/#breadcrumb","itemListElement":[{"@type":"ListItem","position":1,"name":"P\u00e1gina Inicial","item":"https:\/\/noticiaempauta.com\/portal\/"},{"@type":"ListItem","position":2,"name":"Destaques","item":"https:\/\/noticiaempauta.com\/portal\/destaques-site\/"},{"@type":"ListItem","position":3,"name":"Maior seca dos \u00faltimos sete anos pautou debates na Alepi em 2025"}]},{"@type":"WebSite","@id":"https:\/\/noticiaempauta.com\/portal\/#website","url":"https:\/\/noticiaempauta.com\/portal\/","name":"Portal Not\u00edcia em Pauta","description":"Voc\u00ea bem informado","publisher":{"@id":"https:\/\/noticiaempauta.com\/portal\/#organization"},"potentialAction":[{"@type":"SearchAction","target":{"@type":"EntryPoint","urlTemplate":"https:\/\/noticiaempauta.com\/portal\/?s={search_term_string}"},"query-input":{"@type":"PropertyValueSpecification","valueRequired":true,"valueName":"search_term_string"}}],"inLanguage":"pt-BR"},{"@type":"Organization","@id":"https:\/\/noticiaempauta.com\/portal\/#organization","name":"Portal Not\u00edcia em Pauta","url":"https:\/\/noticiaempauta.com\/portal\/","logo":{"@type":"ImageObject","inLanguage":"pt-BR","@id":"https:\/\/noticiaempauta.com\/portal\/#\/schema\/logo\/image\/","url":"https:\/\/noticiaempauta.com\/portal\/wp-content\/uploads\/2022\/08\/logomarca_tema.fw_.png","contentUrl":"https:\/\/noticiaempauta.com\/portal\/wp-content\/uploads\/2022\/08\/logomarca_tema.fw_.png","width":400,"height":232,"caption":"Portal Not\u00edcia em Pauta"},"image":{"@id":"https:\/\/noticiaempauta.com\/portal\/#\/schema\/logo\/image\/"},"sameAs":["https:\/\/www.facebook.com\/Portal-Notcia-Em-Pauta-102292869264820\/","https:\/\/www.instagram.com\/portalnoticiaempauta\/"]},{"@type":"Person","@id":"https:\/\/noticiaempauta.com\/portal\/#\/schema\/person\/a74af43dd1ab3deca45f988c717d57ac","name":"Reda\u00e7\u00e3o","image":{"@type":"ImageObject","inLanguage":"pt-BR","@id":"https:\/\/noticiaempauta.com\/portal\/#\/schema\/person\/image\/","url":"https:\/\/secure.gravatar.com\/avatar\/03179346ecce6cdfc13361603e8f54242a90e5cde8618fa23c5c00aa2b0aadf3?s=96&d=mm&r=g","contentUrl":"https:\/\/secure.gravatar.com\/avatar\/03179346ecce6cdfc13361603e8f54242a90e5cde8618fa23c5c00aa2b0aadf3?s=96&d=mm&r=g","caption":"Reda\u00e7\u00e3o"},"sameAs":["https:\/\/noticiaempauta.com\/portal\/"],"url":"https:\/\/noticiaempauta.com\/portal\/author\/fernando\/"}]}},"_links":{"self":[{"href":"https:\/\/noticiaempauta.com\/portal\/wp-json\/wp\/v2\/posts\/283826","targetHints":{"allow":["GET"]}}],"collection":[{"href":"https:\/\/noticiaempauta.com\/portal\/wp-json\/wp\/v2\/posts"}],"about":[{"href":"https:\/\/noticiaempauta.com\/portal\/wp-json\/wp\/v2\/types\/post"}],"author":[{"embeddable":true,"href":"https:\/\/noticiaempauta.com\/portal\/wp-json\/wp\/v2\/users\/2"}],"replies":[{"embeddable":true,"href":"https:\/\/noticiaempauta.com\/portal\/wp-json\/wp\/v2\/comments?post=283826"}],"version-history":[{"count":2,"href":"https:\/\/noticiaempauta.com\/portal\/wp-json\/wp\/v2\/posts\/283826\/revisions"}],"predecessor-version":[{"id":283829,"href":"https:\/\/noticiaempauta.com\/portal\/wp-json\/wp\/v2\/posts\/283826\/revisions\/283829"}],"wp:featuredmedia":[{"embeddable":true,"href":"https:\/\/noticiaempauta.com\/portal\/wp-json\/wp\/v2\/media\/283827"}],"wp:attachment":[{"href":"https:\/\/noticiaempauta.com\/portal\/wp-json\/wp\/v2\/media?parent=283826"}],"wp:term":[{"taxonomy":"category","embeddable":true,"href":"https:\/\/noticiaempauta.com\/portal\/wp-json\/wp\/v2\/categories?post=283826"},{"taxonomy":"post_tag","embeddable":true,"href":"https:\/\/noticiaempauta.com\/portal\/wp-json\/wp\/v2\/tags?post=283826"}],"curies":[{"name":"wp","href":"https:\/\/api.w.org\/{rel}","templated":true}]}}