{"id":283830,"date":"2026-01-09T16:28:36","date_gmt":"2026-01-09T19:28:36","guid":{"rendered":"https:\/\/noticiaempauta.com\/portal\/?p=283830"},"modified":"2026-01-09T16:45:04","modified_gmt":"2026-01-09T19:45:04","slug":"prefeitura-anuncia-vi-festa-do-vaqueiro-em-comemoracao-aos-32o-aniversario-de-paqueta-do-piaui","status":"publish","type":"post","link":"https:\/\/noticiaempauta.com\/portal\/prefeitura-anuncia-vi-festa-do-vaqueiro-em-comemoracao-aos-32o-aniversario-de-paqueta-do-piaui\/","title":{"rendered":"Prefeitura anuncia VI Festa do Vaqueiro em comemora\u00e7\u00e3o ao 32\u00ba anivers\u00e1rio de Paquet\u00e1 do Piau\u00ed"},"content":{"rendered":"\n<p>O munic\u00edpio de Paquet\u00e1 do Piau\u00ed se prepara para celebrar em grande estilo seu 32\u00b0 anivers\u00e1rio de emancipa\u00e7\u00e3o pol\u00edtica e administrativa. A programa\u00e7\u00e3o especial, que promete agitar a cidade e regi\u00e3o est\u00e1 marcada para acontecer de 30 de janeiro a 1\u00ba de fevereiro, com shows e a tradicional Festa do Vaqueiro.<\/p>\n\n\n\n<p>As comemora\u00e7\u00f5es ter\u00e3o in\u00edcio na sexta-feira, 30 de janeiro, com a festa oficial de anivers\u00e1rio e shows de Artur Piseiro, Rey Vaqueiro e Isa\u00edas Forrozeiro.<\/p>\n\n\n\n<figure class=\"wp-block-image size-large\"><img fetchpriority=\"high\" decoding=\"async\" width=\"763\" height=\"1024\" src=\"https:\/\/noticiaempauta.com\/portal\/wp-content\/uploads\/2026\/01\/WhatsApp-Image-2026-01-09-at-15.54.42-763x1024.webp\" alt=\"\" class=\"wp-image-283834\" srcset=\"https:\/\/noticiaempauta.com\/portal\/wp-content\/uploads\/2026\/01\/WhatsApp-Image-2026-01-09-at-15.54.42-763x1024.webp 763w, https:\/\/noticiaempauta.com\/portal\/wp-content\/uploads\/2026\/01\/WhatsApp-Image-2026-01-09-at-15.54.42-224x300.webp 224w, https:\/\/noticiaempauta.com\/portal\/wp-content\/uploads\/2026\/01\/WhatsApp-Image-2026-01-09-at-15.54.42-768x1030.webp 768w, https:\/\/noticiaempauta.com\/portal\/wp-content\/uploads\/2026\/01\/WhatsApp-Image-2026-01-09-at-15.54.42.webp 954w\" sizes=\"(max-width: 763px) 100vw, 763px\" \/><\/figure>\n\n\n\n<p>O encerramento das festividades acontece no domingo, 1\u00ba de fevereiro, no Haras Tamarindo, a partir das 13h, com a tradicional VI Festa do Vaqueiro, que nesta edi\u00e7\u00e3o traz uma premia\u00e7\u00e3o total de R$ 24 mil reais, disputada pelos competidores das corridas em suas categorias. <\/p>\n\n\n\n<figure class=\"wp-block-image size-large\"><img decoding=\"async\" width=\"763\" height=\"1024\" src=\"https:\/\/noticiaempauta.com\/portal\/wp-content\/uploads\/2026\/01\/WhatsApp-Image-2026-01-09-at-15.54.42-1-763x1024.webp\" alt=\"\" class=\"wp-image-283835\" srcset=\"https:\/\/noticiaempauta.com\/portal\/wp-content\/uploads\/2026\/01\/WhatsApp-Image-2026-01-09-at-15.54.42-1-763x1024.webp 763w, https:\/\/noticiaempauta.com\/portal\/wp-content\/uploads\/2026\/01\/WhatsApp-Image-2026-01-09-at-15.54.42-1-224x300.webp 224w, https:\/\/noticiaempauta.com\/portal\/wp-content\/uploads\/2026\/01\/WhatsApp-Image-2026-01-09-at-15.54.42-1-768x1030.webp 768w, https:\/\/noticiaempauta.com\/portal\/wp-content\/uploads\/2026\/01\/WhatsApp-Image-2026-01-09-at-15.54.42-1-1145x1536.webp 1145w, https:\/\/noticiaempauta.com\/portal\/wp-content\/uploads\/2026\/01\/WhatsApp-Image-2026-01-09-at-15.54.42-1-1527x2048.webp 1527w, https:\/\/noticiaempauta.com\/portal\/wp-content\/uploads\/2026\/01\/WhatsApp-Image-2026-01-09-at-15.54.42-1-scaled.webp 1908w\" sizes=\"(max-width: 763px) 100vw, 763px\" \/><\/figure>\n\n\n\n<p>A programa\u00e7\u00e3o do dia tamb\u00e9m inclui a escolha da Rainha do Vaqueiro, um momento de grande beleza e representatividade da cultura local, e encerramento com chave de ouro ao som do cantor Edson Sanfoneiro.<\/p>\n\n\n\n<figure class=\"wp-block-image size-full\"><img decoding=\"async\" width=\"910\" height=\"703\" src=\"https:\/\/noticiaempauta.com\/portal\/wp-content\/uploads\/2026\/01\/claytonbarros.webp\" alt=\"\" class=\"wp-image-283832\" srcset=\"https:\/\/noticiaempauta.com\/portal\/wp-content\/uploads\/2026\/01\/claytonbarros.webp 910w, https:\/\/noticiaempauta.com\/portal\/wp-content\/uploads\/2026\/01\/claytonbarros-300x232.webp 300w, https:\/\/noticiaempauta.com\/portal\/wp-content\/uploads\/2026\/01\/claytonbarros-768x593.webp 768w\" sizes=\"(max-width: 910px) 100vw, 910px\" \/><\/figure>\n\n\n\n<p>Em entrevista, o prefeito Dr. Clayton Barros expressou sua expectativa para mais um anivers\u00e1rio do munic\u00edpio. &#8220;\u00c9 um momento de grande alegria e orgulho para nosso povo de Paquet\u00e1. Preparamos uma programa\u00e7\u00e3o que valoriza nossa cultura, nossa m\u00fasica e nossas tradi\u00e7\u00f5es, reunindo fam\u00edlias e visitantes para celebrar juntos o progresso e a hist\u00f3ria do nosso munic\u00edpio&#8221;, declarou o gestor.<\/p>\n\n\n\n<p>As festividades contam com o apoio do deputado estadual Dr. Thales Coelho, deputados federais J\u00falio Arcoverde e Florentino Neto, senadores Ciro Nogueira e Marcelo Castro e Governo do Piau\u00ed.<\/p>\n\n\n\n<figure class=\"wp-block-image size-large\"><img loading=\"lazy\" decoding=\"async\" width=\"765\" height=\"1024\" src=\"https:\/\/noticiaempauta.com\/portal\/wp-content\/uploads\/2026\/01\/WhatsApp-Image-2026-01-08-at-14.07.00-765x1024.webp\" alt=\"\" class=\"wp-image-283833\" srcset=\"https:\/\/noticiaempauta.com\/portal\/wp-content\/uploads\/2026\/01\/WhatsApp-Image-2026-01-08-at-14.07.00-765x1024.webp 765w, https:\/\/noticiaempauta.com\/portal\/wp-content\/uploads\/2026\/01\/WhatsApp-Image-2026-01-08-at-14.07.00-224x300.webp 224w, https:\/\/noticiaempauta.com\/portal\/wp-content\/uploads\/2026\/01\/WhatsApp-Image-2026-01-08-at-14.07.00-768x1028.webp 768w, https:\/\/noticiaempauta.com\/portal\/wp-content\/uploads\/2026\/01\/WhatsApp-Image-2026-01-08-at-14.07.00.webp 956w\" sizes=\"(max-width: 765px) 100vw, 765px\" \/><\/figure>\n\n\n\n<p><\/p>\n","protected":false},"excerpt":{"rendered":"<p>O munic\u00edpio de Paquet\u00e1 do Piau\u00ed se prepara para celebrar em grande estilo seu 32\u00b0 anivers\u00e1rio de emancipa\u00e7\u00e3o pol\u00edtica e administrativa. A programa\u00e7\u00e3o especial, que promete agitar a cidade e regi\u00e3o est\u00e1 marcada para acontecer de 30 de janeiro a 1\u00ba de fevereiro, com shows e a tradicional Festa do Vaqueiro. As comemora\u00e7\u00f5es ter\u00e3o in\u00edcio [&hellip;]<\/p>\n","protected":false},"author":2,"featured_media":283836,"comment_status":"closed","ping_status":"closed","sticky":false,"template":"","format":"standard","meta":{"_mi_skip_tracking":false,"footnotes":""},"categories":[167,25,1,9,16],"tags":[192],"class_list":["post-283830","post","type-post","status-publish","format-standard","has-post-thumbnail","hentry","category-cultura","category-destaques-site","category-geral","category-municipios","category-todas","tag-destaqueprincipal"],"acf":[],"yoast_head":"<!-- This site is optimized with the Yoast SEO Premium plugin v19.2 (Yoast SEO v26.9) - https:\/\/yoast.com\/product\/yoast-seo-premium-wordpress\/ -->\n<title>Prefeitura anuncia VI Festa do Vaqueiro em comemora\u00e7\u00e3o ao 32\u00ba anivers\u00e1rio de Paquet\u00e1 do Piau\u00ed - Portal Not\u00edcia em Pauta<\/title>\n<meta name=\"robots\" content=\"index, follow, max-snippet:-1, max-image-preview:large, max-video-preview:-1\" \/>\n<link rel=\"canonical\" href=\"https:\/\/noticiaempauta.com\/portal\/prefeitura-anuncia-vi-festa-do-vaqueiro-em-comemoracao-aos-32o-aniversario-de-paqueta-do-piaui\/\" \/>\n<meta property=\"og:locale\" content=\"pt_BR\" \/>\n<meta property=\"og:type\" content=\"article\" \/>\n<meta property=\"og:title\" content=\"Prefeitura anuncia VI Festa do Vaqueiro em comemora\u00e7\u00e3o ao 32\u00ba anivers\u00e1rio de Paquet\u00e1 do Piau\u00ed\" \/>\n<meta property=\"og:description\" content=\"O munic\u00edpio de Paquet\u00e1 do Piau\u00ed se prepara para celebrar em grande estilo seu 32\u00b0 anivers\u00e1rio de emancipa\u00e7\u00e3o pol\u00edtica e administrativa. A programa\u00e7\u00e3o especial, que promete agitar a cidade e regi\u00e3o est\u00e1 marcada para acontecer de 30 de janeiro a 1\u00ba de fevereiro, com shows e a tradicional Festa do Vaqueiro. As comemora\u00e7\u00f5es ter\u00e3o in\u00edcio [&hellip;]\" \/>\n<meta property=\"og:url\" content=\"https:\/\/noticiaempauta.com\/portal\/prefeitura-anuncia-vi-festa-do-vaqueiro-em-comemoracao-aos-32o-aniversario-de-paqueta-do-piaui\/\" \/>\n<meta property=\"og:site_name\" content=\"Portal Not\u00edcia em Pauta\" \/>\n<meta property=\"article:publisher\" content=\"https:\/\/www.facebook.com\/Portal-Notcia-Em-Pauta-102292869264820\/\" \/>\n<meta property=\"article:published_time\" content=\"2026-01-09T19:28:36+00:00\" \/>\n<meta property=\"article:modified_time\" content=\"2026-01-09T19:45:04+00:00\" \/>\n<meta property=\"og:image\" content=\"https:\/\/noticiaempauta.com\/portal\/wp-content\/uploads\/2026\/01\/WhatsApp-Image-2026-01-09-at-15.54.42-2.webp\" \/>\n\t<meta property=\"og:image:width\" content=\"954\" \/>\n\t<meta property=\"og:image:height\" content=\"856\" \/>\n\t<meta property=\"og:image:type\" content=\"image\/webp\" \/>\n<meta name=\"author\" content=\"Reda\u00e7\u00e3o\" \/>\n<meta name=\"twitter:card\" content=\"summary_large_image\" \/>\n<meta name=\"twitter:label1\" content=\"Escrito por\" \/>\n\t<meta name=\"twitter:data1\" content=\"Reda\u00e7\u00e3o\" \/>\n\t<meta name=\"twitter:label2\" content=\"Est. tempo de leitura\" \/>\n\t<meta name=\"twitter:data2\" content=\"3 minutos\" \/>\n<script type=\"application\/ld+json\" class=\"yoast-schema-graph\">{\"@context\":\"https:\/\/schema.org\",\"@graph\":[{\"@type\":\"Article\",\"@id\":\"https:\/\/noticiaempauta.com\/portal\/prefeitura-anuncia-vi-festa-do-vaqueiro-em-comemoracao-aos-32o-aniversario-de-paqueta-do-piaui\/#article\",\"isPartOf\":{\"@id\":\"https:\/\/noticiaempauta.com\/portal\/prefeitura-anuncia-vi-festa-do-vaqueiro-em-comemoracao-aos-32o-aniversario-de-paqueta-do-piaui\/\"},\"author\":{\"name\":\"Reda\u00e7\u00e3o\",\"@id\":\"https:\/\/noticiaempauta.com\/portal\/#\/schema\/person\/a74af43dd1ab3deca45f988c717d57ac\"},\"headline\":\"Prefeitura anuncia VI Festa do Vaqueiro em comemora\u00e7\u00e3o ao 32\u00ba anivers\u00e1rio de Paquet\u00e1 do Piau\u00ed\",\"datePublished\":\"2026-01-09T19:28:36+00:00\",\"dateModified\":\"2026-01-09T19:45:04+00:00\",\"mainEntityOfPage\":{\"@id\":\"https:\/\/noticiaempauta.com\/portal\/prefeitura-anuncia-vi-festa-do-vaqueiro-em-comemoracao-aos-32o-aniversario-de-paqueta-do-piaui\/\"},\"wordCount\":275,\"publisher\":{\"@id\":\"https:\/\/noticiaempauta.com\/portal\/#organization\"},\"image\":{\"@id\":\"https:\/\/noticiaempauta.com\/portal\/prefeitura-anuncia-vi-festa-do-vaqueiro-em-comemoracao-aos-32o-aniversario-de-paqueta-do-piaui\/#primaryimage\"},\"thumbnailUrl\":\"https:\/\/noticiaempauta.com\/portal\/wp-content\/uploads\/2026\/01\/WhatsApp-Image-2026-01-09-at-15.54.42-2.webp\",\"keywords\":[\"destaqueprincipal\"],\"articleSection\":[\"Cultura\",\"Destaques\",\"Geral\",\"Munic\u00edpios\",\"Todas as Not\u00edcias\"],\"inLanguage\":\"pt-BR\"},{\"@type\":\"WebPage\",\"@id\":\"https:\/\/noticiaempauta.com\/portal\/prefeitura-anuncia-vi-festa-do-vaqueiro-em-comemoracao-aos-32o-aniversario-de-paqueta-do-piaui\/\",\"url\":\"https:\/\/noticiaempauta.com\/portal\/prefeitura-anuncia-vi-festa-do-vaqueiro-em-comemoracao-aos-32o-aniversario-de-paqueta-do-piaui\/\",\"name\":\"Prefeitura anuncia VI Festa do Vaqueiro em comemora\u00e7\u00e3o ao 32\u00ba anivers\u00e1rio de Paquet\u00e1 do Piau\u00ed - Portal Not\u00edcia em Pauta\",\"isPartOf\":{\"@id\":\"https:\/\/noticiaempauta.com\/portal\/#website\"},\"primaryImageOfPage\":{\"@id\":\"https:\/\/noticiaempauta.com\/portal\/prefeitura-anuncia-vi-festa-do-vaqueiro-em-comemoracao-aos-32o-aniversario-de-paqueta-do-piaui\/#primaryimage\"},\"image\":{\"@id\":\"https:\/\/noticiaempauta.com\/portal\/prefeitura-anuncia-vi-festa-do-vaqueiro-em-comemoracao-aos-32o-aniversario-de-paqueta-do-piaui\/#primaryimage\"},\"thumbnailUrl\":\"https:\/\/noticiaempauta.com\/portal\/wp-content\/uploads\/2026\/01\/WhatsApp-Image-2026-01-09-at-15.54.42-2.webp\",\"datePublished\":\"2026-01-09T19:28:36+00:00\",\"dateModified\":\"2026-01-09T19:45:04+00:00\",\"breadcrumb\":{\"@id\":\"https:\/\/noticiaempauta.com\/portal\/prefeitura-anuncia-vi-festa-do-vaqueiro-em-comemoracao-aos-32o-aniversario-de-paqueta-do-piaui\/#breadcrumb\"},\"inLanguage\":\"pt-BR\",\"potentialAction\":[{\"@type\":\"ReadAction\",\"target\":[\"https:\/\/noticiaempauta.com\/portal\/prefeitura-anuncia-vi-festa-do-vaqueiro-em-comemoracao-aos-32o-aniversario-de-paqueta-do-piaui\/\"]}]},{\"@type\":\"ImageObject\",\"inLanguage\":\"pt-BR\",\"@id\":\"https:\/\/noticiaempauta.com\/portal\/prefeitura-anuncia-vi-festa-do-vaqueiro-em-comemoracao-aos-32o-aniversario-de-paqueta-do-piaui\/#primaryimage\",\"url\":\"https:\/\/noticiaempauta.com\/portal\/wp-content\/uploads\/2026\/01\/WhatsApp-Image-2026-01-09-at-15.54.42-2.webp\",\"contentUrl\":\"https:\/\/noticiaempauta.com\/portal\/wp-content\/uploads\/2026\/01\/WhatsApp-Image-2026-01-09-at-15.54.42-2.webp\",\"width\":954,\"height\":856},{\"@type\":\"BreadcrumbList\",\"@id\":\"https:\/\/noticiaempauta.com\/portal\/prefeitura-anuncia-vi-festa-do-vaqueiro-em-comemoracao-aos-32o-aniversario-de-paqueta-do-piaui\/#breadcrumb\",\"itemListElement\":[{\"@type\":\"ListItem\",\"position\":1,\"name\":\"P\u00e1gina Inicial\",\"item\":\"https:\/\/noticiaempauta.com\/portal\/\"},{\"@type\":\"ListItem\",\"position\":2,\"name\":\"Destaques\",\"item\":\"https:\/\/noticiaempauta.com\/portal\/destaques-site\/\"},{\"@type\":\"ListItem\",\"position\":3,\"name\":\"Prefeitura anuncia VI Festa do Vaqueiro em comemora\u00e7\u00e3o ao 32\u00ba anivers\u00e1rio de Paquet\u00e1 do Piau\u00ed\"}]},{\"@type\":\"WebSite\",\"@id\":\"https:\/\/noticiaempauta.com\/portal\/#website\",\"url\":\"https:\/\/noticiaempauta.com\/portal\/\",\"name\":\"Portal Not\u00edcia em Pauta\",\"description\":\"Voc\u00ea bem informado\",\"publisher\":{\"@id\":\"https:\/\/noticiaempauta.com\/portal\/#organization\"},\"potentialAction\":[{\"@type\":\"SearchAction\",\"target\":{\"@type\":\"EntryPoint\",\"urlTemplate\":\"https:\/\/noticiaempauta.com\/portal\/?s={search_term_string}\"},\"query-input\":{\"@type\":\"PropertyValueSpecification\",\"valueRequired\":true,\"valueName\":\"search_term_string\"}}],\"inLanguage\":\"pt-BR\"},{\"@type\":\"Organization\",\"@id\":\"https:\/\/noticiaempauta.com\/portal\/#organization\",\"name\":\"Portal Not\u00edcia em Pauta\",\"url\":\"https:\/\/noticiaempauta.com\/portal\/\",\"logo\":{\"@type\":\"ImageObject\",\"inLanguage\":\"pt-BR\",\"@id\":\"https:\/\/noticiaempauta.com\/portal\/#\/schema\/logo\/image\/\",\"url\":\"https:\/\/noticiaempauta.com\/portal\/wp-content\/uploads\/2022\/08\/logomarca_tema.fw_.png\",\"contentUrl\":\"https:\/\/noticiaempauta.com\/portal\/wp-content\/uploads\/2022\/08\/logomarca_tema.fw_.png\",\"width\":400,\"height\":232,\"caption\":\"Portal Not\u00edcia em Pauta\"},\"image\":{\"@id\":\"https:\/\/noticiaempauta.com\/portal\/#\/schema\/logo\/image\/\"},\"sameAs\":[\"https:\/\/www.facebook.com\/Portal-Notcia-Em-Pauta-102292869264820\/\",\"https:\/\/www.instagram.com\/portalnoticiaempauta\/\"]},{\"@type\":\"Person\",\"@id\":\"https:\/\/noticiaempauta.com\/portal\/#\/schema\/person\/a74af43dd1ab3deca45f988c717d57ac\",\"name\":\"Reda\u00e7\u00e3o\",\"image\":{\"@type\":\"ImageObject\",\"inLanguage\":\"pt-BR\",\"@id\":\"https:\/\/noticiaempauta.com\/portal\/#\/schema\/person\/image\/\",\"url\":\"https:\/\/secure.gravatar.com\/avatar\/03179346ecce6cdfc13361603e8f54242a90e5cde8618fa23c5c00aa2b0aadf3?s=96&d=mm&r=g\",\"contentUrl\":\"https:\/\/secure.gravatar.com\/avatar\/03179346ecce6cdfc13361603e8f54242a90e5cde8618fa23c5c00aa2b0aadf3?s=96&d=mm&r=g\",\"caption\":\"Reda\u00e7\u00e3o\"},\"sameAs\":[\"https:\/\/noticiaempauta.com\/portal\/\"],\"url\":\"https:\/\/noticiaempauta.com\/portal\/author\/fernando\/\"}]}<\/script>\n<!-- \/ Yoast SEO Premium plugin. -->","yoast_head_json":{"title":"Prefeitura anuncia VI Festa do Vaqueiro em comemora\u00e7\u00e3o ao 32\u00ba anivers\u00e1rio de Paquet\u00e1 do Piau\u00ed - Portal Not\u00edcia em Pauta","robots":{"index":"index","follow":"follow","max-snippet":"max-snippet:-1","max-image-preview":"max-image-preview:large","max-video-preview":"max-video-preview:-1"},"canonical":"https:\/\/noticiaempauta.com\/portal\/prefeitura-anuncia-vi-festa-do-vaqueiro-em-comemoracao-aos-32o-aniversario-de-paqueta-do-piaui\/","og_locale":"pt_BR","og_type":"article","og_title":"Prefeitura anuncia VI Festa do Vaqueiro em comemora\u00e7\u00e3o ao 32\u00ba anivers\u00e1rio de Paquet\u00e1 do Piau\u00ed","og_description":"O munic\u00edpio de Paquet\u00e1 do Piau\u00ed se prepara para celebrar em grande estilo seu 32\u00b0 anivers\u00e1rio de emancipa\u00e7\u00e3o pol\u00edtica e administrativa. A programa\u00e7\u00e3o especial, que promete agitar a cidade e regi\u00e3o est\u00e1 marcada para acontecer de 30 de janeiro a 1\u00ba de fevereiro, com shows e a tradicional Festa do Vaqueiro. As comemora\u00e7\u00f5es ter\u00e3o in\u00edcio [&hellip;]","og_url":"https:\/\/noticiaempauta.com\/portal\/prefeitura-anuncia-vi-festa-do-vaqueiro-em-comemoracao-aos-32o-aniversario-de-paqueta-do-piaui\/","og_site_name":"Portal Not\u00edcia em Pauta","article_publisher":"https:\/\/www.facebook.com\/Portal-Notcia-Em-Pauta-102292869264820\/","article_published_time":"2026-01-09T19:28:36+00:00","article_modified_time":"2026-01-09T19:45:04+00:00","og_image":[{"width":954,"height":856,"url":"https:\/\/noticiaempauta.com\/portal\/wp-content\/uploads\/2026\/01\/WhatsApp-Image-2026-01-09-at-15.54.42-2.webp","type":"image\/webp"}],"author":"Reda\u00e7\u00e3o","twitter_card":"summary_large_image","twitter_misc":{"Escrito por":"Reda\u00e7\u00e3o","Est. tempo de leitura":"3 minutos"},"schema":{"@context":"https:\/\/schema.org","@graph":[{"@type":"Article","@id":"https:\/\/noticiaempauta.com\/portal\/prefeitura-anuncia-vi-festa-do-vaqueiro-em-comemoracao-aos-32o-aniversario-de-paqueta-do-piaui\/#article","isPartOf":{"@id":"https:\/\/noticiaempauta.com\/portal\/prefeitura-anuncia-vi-festa-do-vaqueiro-em-comemoracao-aos-32o-aniversario-de-paqueta-do-piaui\/"},"author":{"name":"Reda\u00e7\u00e3o","@id":"https:\/\/noticiaempauta.com\/portal\/#\/schema\/person\/a74af43dd1ab3deca45f988c717d57ac"},"headline":"Prefeitura anuncia VI Festa do Vaqueiro em comemora\u00e7\u00e3o ao 32\u00ba anivers\u00e1rio de Paquet\u00e1 do Piau\u00ed","datePublished":"2026-01-09T19:28:36+00:00","dateModified":"2026-01-09T19:45:04+00:00","mainEntityOfPage":{"@id":"https:\/\/noticiaempauta.com\/portal\/prefeitura-anuncia-vi-festa-do-vaqueiro-em-comemoracao-aos-32o-aniversario-de-paqueta-do-piaui\/"},"wordCount":275,"publisher":{"@id":"https:\/\/noticiaempauta.com\/portal\/#organization"},"image":{"@id":"https:\/\/noticiaempauta.com\/portal\/prefeitura-anuncia-vi-festa-do-vaqueiro-em-comemoracao-aos-32o-aniversario-de-paqueta-do-piaui\/#primaryimage"},"thumbnailUrl":"https:\/\/noticiaempauta.com\/portal\/wp-content\/uploads\/2026\/01\/WhatsApp-Image-2026-01-09-at-15.54.42-2.webp","keywords":["destaqueprincipal"],"articleSection":["Cultura","Destaques","Geral","Munic\u00edpios","Todas as Not\u00edcias"],"inLanguage":"pt-BR"},{"@type":"WebPage","@id":"https:\/\/noticiaempauta.com\/portal\/prefeitura-anuncia-vi-festa-do-vaqueiro-em-comemoracao-aos-32o-aniversario-de-paqueta-do-piaui\/","url":"https:\/\/noticiaempauta.com\/portal\/prefeitura-anuncia-vi-festa-do-vaqueiro-em-comemoracao-aos-32o-aniversario-de-paqueta-do-piaui\/","name":"Prefeitura anuncia VI Festa do Vaqueiro em comemora\u00e7\u00e3o ao 32\u00ba anivers\u00e1rio de Paquet\u00e1 do Piau\u00ed - Portal Not\u00edcia em Pauta","isPartOf":{"@id":"https:\/\/noticiaempauta.com\/portal\/#website"},"primaryImageOfPage":{"@id":"https:\/\/noticiaempauta.com\/portal\/prefeitura-anuncia-vi-festa-do-vaqueiro-em-comemoracao-aos-32o-aniversario-de-paqueta-do-piaui\/#primaryimage"},"image":{"@id":"https:\/\/noticiaempauta.com\/portal\/prefeitura-anuncia-vi-festa-do-vaqueiro-em-comemoracao-aos-32o-aniversario-de-paqueta-do-piaui\/#primaryimage"},"thumbnailUrl":"https:\/\/noticiaempauta.com\/portal\/wp-content\/uploads\/2026\/01\/WhatsApp-Image-2026-01-09-at-15.54.42-2.webp","datePublished":"2026-01-09T19:28:36+00:00","dateModified":"2026-01-09T19:45:04+00:00","breadcrumb":{"@id":"https:\/\/noticiaempauta.com\/portal\/prefeitura-anuncia-vi-festa-do-vaqueiro-em-comemoracao-aos-32o-aniversario-de-paqueta-do-piaui\/#breadcrumb"},"inLanguage":"pt-BR","potentialAction":[{"@type":"ReadAction","target":["https:\/\/noticiaempauta.com\/portal\/prefeitura-anuncia-vi-festa-do-vaqueiro-em-comemoracao-aos-32o-aniversario-de-paqueta-do-piaui\/"]}]},{"@type":"ImageObject","inLanguage":"pt-BR","@id":"https:\/\/noticiaempauta.com\/portal\/prefeitura-anuncia-vi-festa-do-vaqueiro-em-comemoracao-aos-32o-aniversario-de-paqueta-do-piaui\/#primaryimage","url":"https:\/\/noticiaempauta.com\/portal\/wp-content\/uploads\/2026\/01\/WhatsApp-Image-2026-01-09-at-15.54.42-2.webp","contentUrl":"https:\/\/noticiaempauta.com\/portal\/wp-content\/uploads\/2026\/01\/WhatsApp-Image-2026-01-09-at-15.54.42-2.webp","width":954,"height":856},{"@type":"BreadcrumbList","@id":"https:\/\/noticiaempauta.com\/portal\/prefeitura-anuncia-vi-festa-do-vaqueiro-em-comemoracao-aos-32o-aniversario-de-paqueta-do-piaui\/#breadcrumb","itemListElement":[{"@type":"ListItem","position":1,"name":"P\u00e1gina Inicial","item":"https:\/\/noticiaempauta.com\/portal\/"},{"@type":"ListItem","position":2,"name":"Destaques","item":"https:\/\/noticiaempauta.com\/portal\/destaques-site\/"},{"@type":"ListItem","position":3,"name":"Prefeitura anuncia VI Festa do Vaqueiro em comemora\u00e7\u00e3o ao 32\u00ba anivers\u00e1rio de Paquet\u00e1 do Piau\u00ed"}]},{"@type":"WebSite","@id":"https:\/\/noticiaempauta.com\/portal\/#website","url":"https:\/\/noticiaempauta.com\/portal\/","name":"Portal Not\u00edcia em Pauta","description":"Voc\u00ea bem informado","publisher":{"@id":"https:\/\/noticiaempauta.com\/portal\/#organization"},"potentialAction":[{"@type":"SearchAction","target":{"@type":"EntryPoint","urlTemplate":"https:\/\/noticiaempauta.com\/portal\/?s={search_term_string}"},"query-input":{"@type":"PropertyValueSpecification","valueRequired":true,"valueName":"search_term_string"}}],"inLanguage":"pt-BR"},{"@type":"Organization","@id":"https:\/\/noticiaempauta.com\/portal\/#organization","name":"Portal Not\u00edcia em Pauta","url":"https:\/\/noticiaempauta.com\/portal\/","logo":{"@type":"ImageObject","inLanguage":"pt-BR","@id":"https:\/\/noticiaempauta.com\/portal\/#\/schema\/logo\/image\/","url":"https:\/\/noticiaempauta.com\/portal\/wp-content\/uploads\/2022\/08\/logomarca_tema.fw_.png","contentUrl":"https:\/\/noticiaempauta.com\/portal\/wp-content\/uploads\/2022\/08\/logomarca_tema.fw_.png","width":400,"height":232,"caption":"Portal Not\u00edcia em Pauta"},"image":{"@id":"https:\/\/noticiaempauta.com\/portal\/#\/schema\/logo\/image\/"},"sameAs":["https:\/\/www.facebook.com\/Portal-Notcia-Em-Pauta-102292869264820\/","https:\/\/www.instagram.com\/portalnoticiaempauta\/"]},{"@type":"Person","@id":"https:\/\/noticiaempauta.com\/portal\/#\/schema\/person\/a74af43dd1ab3deca45f988c717d57ac","name":"Reda\u00e7\u00e3o","image":{"@type":"ImageObject","inLanguage":"pt-BR","@id":"https:\/\/noticiaempauta.com\/portal\/#\/schema\/person\/image\/","url":"https:\/\/secure.gravatar.com\/avatar\/03179346ecce6cdfc13361603e8f54242a90e5cde8618fa23c5c00aa2b0aadf3?s=96&d=mm&r=g","contentUrl":"https:\/\/secure.gravatar.com\/avatar\/03179346ecce6cdfc13361603e8f54242a90e5cde8618fa23c5c00aa2b0aadf3?s=96&d=mm&r=g","caption":"Reda\u00e7\u00e3o"},"sameAs":["https:\/\/noticiaempauta.com\/portal\/"],"url":"https:\/\/noticiaempauta.com\/portal\/author\/fernando\/"}]}},"_links":{"self":[{"href":"https:\/\/noticiaempauta.com\/portal\/wp-json\/wp\/v2\/posts\/283830","targetHints":{"allow":["GET"]}}],"collection":[{"href":"https:\/\/noticiaempauta.com\/portal\/wp-json\/wp\/v2\/posts"}],"about":[{"href":"https:\/\/noticiaempauta.com\/portal\/wp-json\/wp\/v2\/types\/post"}],"author":[{"embeddable":true,"href":"https:\/\/noticiaempauta.com\/portal\/wp-json\/wp\/v2\/users\/2"}],"replies":[{"embeddable":true,"href":"https:\/\/noticiaempauta.com\/portal\/wp-json\/wp\/v2\/comments?post=283830"}],"version-history":[{"count":5,"href":"https:\/\/noticiaempauta.com\/portal\/wp-json\/wp\/v2\/posts\/283830\/revisions"}],"predecessor-version":[{"id":283841,"href":"https:\/\/noticiaempauta.com\/portal\/wp-json\/wp\/v2\/posts\/283830\/revisions\/283841"}],"wp:featuredmedia":[{"embeddable":true,"href":"https:\/\/noticiaempauta.com\/portal\/wp-json\/wp\/v2\/media\/283836"}],"wp:attachment":[{"href":"https:\/\/noticiaempauta.com\/portal\/wp-json\/wp\/v2\/media?parent=283830"}],"wp:term":[{"taxonomy":"category","embeddable":true,"href":"https:\/\/noticiaempauta.com\/portal\/wp-json\/wp\/v2\/categories?post=283830"},{"taxonomy":"post_tag","embeddable":true,"href":"https:\/\/noticiaempauta.com\/portal\/wp-json\/wp\/v2\/tags?post=283830"}],"curies":[{"name":"wp","href":"https:\/\/api.w.org\/{rel}","templated":true}]}}