{"id":283842,"date":"2026-01-09T16:48:01","date_gmt":"2026-01-09T19:48:01","guid":{"rendered":"https:\/\/noticiaempauta.com\/portal\/?p=283842"},"modified":"2026-01-09T16:53:01","modified_gmt":"2026-01-09T19:53:01","slug":"familiares-de-antonio-cachopa-protestam-contra-soltura-de-suspeito-de-homicidio","status":"publish","type":"post","link":"https:\/\/noticiaempauta.com\/portal\/familiares-de-antonio-cachopa-protestam-contra-soltura-de-suspeito-de-homicidio\/","title":{"rendered":"Familiares de Ant\u00f4nio Cach\u00f4pa protestam contra soltura de suspeito de homic\u00eddio"},"content":{"rendered":"\n<p>Na manh\u00e3 desta sexta-feira (09), familiares e amigos de Ant\u00f4nio da Silva, conhecido como Ant\u00f4nio Cach\u00f4pa, realizaram uma manifesta\u00e7\u00e3o silenciosa em frente \u00e0 oficina onde o idoso foi assassinado no \u00faltimo domingo (04). O ato teve como objetivo protestar contra a liberdade concedida ao principal suspeito do crime, que havia sido preso preventivamente pela Pol\u00edcia Civil, mas foi solto ap\u00f3s audi\u00eancia de cust\u00f3dia.<\/p>\n\n\n\n<figure class=\"wp-block-image size-large\"><img fetchpriority=\"high\" decoding=\"async\" width=\"1024\" height=\"683\" src=\"https:\/\/noticiaempauta.com\/portal\/wp-content\/uploads\/2026\/01\/38e2db9cd02d20597f7cc57b208533bd-rhenhuhne3ryv4zzuy04g36vo0wxi4d3qpmm69egcg-1024x683.webp\" alt=\"\" class=\"wp-image-283843\" srcset=\"https:\/\/noticiaempauta.com\/portal\/wp-content\/uploads\/2026\/01\/38e2db9cd02d20597f7cc57b208533bd-rhenhuhne3ryv4zzuy04g36vo0wxi4d3qpmm69egcg-1024x683.webp 1024w, https:\/\/noticiaempauta.com\/portal\/wp-content\/uploads\/2026\/01\/38e2db9cd02d20597f7cc57b208533bd-rhenhuhne3ryv4zzuy04g36vo0wxi4d3qpmm69egcg-300x200.webp 300w, https:\/\/noticiaempauta.com\/portal\/wp-content\/uploads\/2026\/01\/38e2db9cd02d20597f7cc57b208533bd-rhenhuhne3ryv4zzuy04g36vo0wxi4d3qpmm69egcg-768x512.webp 768w, https:\/\/noticiaempauta.com\/portal\/wp-content\/uploads\/2026\/01\/38e2db9cd02d20597f7cc57b208533bd-rhenhuhne3ryv4zzuy04g36vo0wxi4d3qpmm69egcg.webp 1200w\" sizes=\"(max-width: 1024px) 100vw, 1024px\" \/><figcaption class=\"wp-element-caption\"><em>Foto: Assis Santos<\/em><\/figcaption><\/figure>\n\n\n\n<p>Durante a mobiliza\u00e7\u00e3o, Janildo Ara\u00fajo, filho da v\u00edtima, destacou a indigna\u00e7\u00e3o da fam\u00edlia diante da decis\u00e3o judicial.&nbsp;<\/p>\n\n\n\n<figure class=\"wp-block-image size-full\"><img decoding=\"async\" width=\"1000\" height=\"562\" src=\"https:\/\/noticiaempauta.com\/portal\/wp-content\/uploads\/2026\/01\/2bda92697cc9873592c083187288c49e.webp\" alt=\"\" class=\"wp-image-283844\" srcset=\"https:\/\/noticiaempauta.com\/portal\/wp-content\/uploads\/2026\/01\/2bda92697cc9873592c083187288c49e.webp 1000w, https:\/\/noticiaempauta.com\/portal\/wp-content\/uploads\/2026\/01\/2bda92697cc9873592c083187288c49e-300x169.webp 300w, https:\/\/noticiaempauta.com\/portal\/wp-content\/uploads\/2026\/01\/2bda92697cc9873592c083187288c49e-768x432.webp 768w\" sizes=\"(max-width: 1000px) 100vw, 1000px\" \/><\/figure>\n\n\n\n<p>\u201cResolvemos mobilizar nossos familiares e amigos para fazer um protesto silencioso, para saber da justi\u00e7a o porqu\u00ea da soltura desse elemento. A pol\u00edcia civil conseguiu lograr \u00eaxito na captura dele e n\u00e3o entendemos o motivo da r\u00e1pida soltura. Essa indigna\u00e7\u00e3o nossa precisa alcan\u00e7ar o m\u00e1ximo de pessoas poss\u00edveis, porque o \u00fanico sentimento que queremos \u00e9 justi\u00e7a\u201d, afirmou.<\/p>\n\n\n\n<p>Janildo tamb\u00e9m ressaltou que a fam\u00edlia n\u00e3o recebeu explica\u00e7\u00f5es claras sobre a decis\u00e3o.<\/p>\n\n\n\n<p>\u201cAcredito que tenha sido por falta da arma do crime, que pode ter sido jogada no rio pr\u00f3ximo daqui. Mas confio que a pol\u00edcia n\u00e3o prendeu esse elemento em v\u00e3o, ela tinha evid\u00eancias cab\u00edveis. Receber essa not\u00edcia de soltura \u00e9 como se matassem nosso pai novamente\u201d, desabafou.<\/p>\n\n\n\n<p>J\u00e1 J\u00falio Ara\u00fajo, tamb\u00e9m filho de Ant\u00f4nio, refor\u00e7ou o sentimento de revolta.\u00a0<\/p>\n\n\n\n<p>\u201cEssa manifesta\u00e7\u00e3o foi para mostrar nossa indigna\u00e7\u00e3o diante da decis\u00e3o do Judici\u00e1rio. A pol\u00edcia fez seu trabalho, apontou os ind\u00edcios, e o suspeito foi preso. Ontem fomos pegos de surpresa quando soubemos que o juiz concedeu o alvar\u00e1 de soltura alegando falta de evid\u00eancias concretas. N\u00e3o sei que tipo de evid\u00eancia ainda esperam, mas confio que a pris\u00e3o dele vai acontecer\u201d, disse.<\/p>\n\n\n\n<p>Julio alertou ainda para os riscos que a liberdade do suspeito pode trazer \u00e0s investiga\u00e7\u00f5es.<\/p>\n\n\n\n<p>\u201cImagin\u00e1vamos que ele ficaria preso at\u00e9 a conclus\u00e3o do inqu\u00e9rito, para n\u00e3o atrapalhar o trabalho da pol\u00edcia. Ele convive com uma das principais testemunhas e pode amea\u00e7\u00e1-la. Qualquer coisa que aconte\u00e7a com essa pessoa ser\u00e1 responsabilidade do juiz que concedeu a soltura\u201d, afirmou.<\/p>\n\n\n\n<p><strong>Entenda o crime<\/strong><\/p>\n\n\n\n<p>Ant\u00f4nio da Silva, de 75 anos, conhecido popularmente como Ant\u00f4nio Cachopa, foi encontrado morto na tarde de domingo (04), dentro da pr\u00f3pria oficina de lanternagem. O corpo apresentava diversas marcas de agress\u00f5es no rosto, indicando que o idoso foi violentamente atacado.<\/p>\n\n\n\n<p>Segundo familiares, a oficina j\u00e1 havia sido alvo de furtos em outras ocasi\u00f5es, o que levou Ant\u00f4nio a permanecer mais tempo no local como forma de vigil\u00e2ncia. A principal suspeita \u00e9 de que o autor tenha entrado com inten\u00e7\u00e3o de roubo e, ao se deparar com a v\u00edtima, houve um desentendimento que terminou em homic\u00eddio.<\/p>\n\n\n\n<p><strong><em>Fonte: Portal Grande Picos<\/em><\/strong><\/p>\n","protected":false},"excerpt":{"rendered":"<p>Na manh\u00e3 desta sexta-feira (09), familiares e amigos de Ant\u00f4nio da Silva, conhecido como Ant\u00f4nio Cach\u00f4pa, realizaram uma manifesta\u00e7\u00e3o silenciosa em frente \u00e0 oficina onde o idoso foi assassinado no \u00faltimo domingo (04). O ato teve como objetivo protestar contra a liberdade concedida ao principal suspeito do crime, que havia sido preso preventivamente pela Pol\u00edcia [&hellip;]<\/p>\n","protected":false},"author":2,"featured_media":283843,"comment_status":"closed","ping_status":"closed","sticky":false,"template":"","format":"standard","meta":{"_mi_skip_tracking":false,"footnotes":""},"categories":[25,1,16],"tags":[],"class_list":["post-283842","post","type-post","status-publish","format-standard","has-post-thumbnail","hentry","category-destaques-site","category-geral","category-todas"],"acf":[],"yoast_head":"<!-- This site is optimized with the Yoast SEO Premium plugin v19.2 (Yoast SEO v26.9) - https:\/\/yoast.com\/product\/yoast-seo-premium-wordpress\/ -->\n<title>Familiares de Ant\u00f4nio Cach\u00f4pa protestam contra soltura de suspeito de homic\u00eddio - Portal Not\u00edcia em Pauta<\/title>\n<meta name=\"robots\" content=\"index, follow, max-snippet:-1, max-image-preview:large, max-video-preview:-1\" \/>\n<link rel=\"canonical\" href=\"https:\/\/noticiaempauta.com\/portal\/familiares-de-antonio-cachopa-protestam-contra-soltura-de-suspeito-de-homicidio\/\" \/>\n<meta property=\"og:locale\" content=\"pt_BR\" \/>\n<meta property=\"og:type\" content=\"article\" \/>\n<meta property=\"og:title\" content=\"Familiares de Ant\u00f4nio Cach\u00f4pa protestam contra soltura de suspeito de homic\u00eddio\" \/>\n<meta property=\"og:description\" content=\"Na manh\u00e3 desta sexta-feira (09), familiares e amigos de Ant\u00f4nio da Silva, conhecido como Ant\u00f4nio Cach\u00f4pa, realizaram uma manifesta\u00e7\u00e3o silenciosa em frente \u00e0 oficina onde o idoso foi assassinado no \u00faltimo domingo (04). O ato teve como objetivo protestar contra a liberdade concedida ao principal suspeito do crime, que havia sido preso preventivamente pela Pol\u00edcia [&hellip;]\" \/>\n<meta property=\"og:url\" content=\"https:\/\/noticiaempauta.com\/portal\/familiares-de-antonio-cachopa-protestam-contra-soltura-de-suspeito-de-homicidio\/\" \/>\n<meta property=\"og:site_name\" content=\"Portal Not\u00edcia em Pauta\" \/>\n<meta property=\"article:publisher\" content=\"https:\/\/www.facebook.com\/Portal-Notcia-Em-Pauta-102292869264820\/\" \/>\n<meta property=\"article:published_time\" content=\"2026-01-09T19:48:01+00:00\" \/>\n<meta property=\"article:modified_time\" content=\"2026-01-09T19:53:01+00:00\" \/>\n<meta property=\"og:image\" content=\"https:\/\/noticiaempauta.com\/portal\/wp-content\/uploads\/2026\/01\/38e2db9cd02d20597f7cc57b208533bd-rhenhuhne3ryv4zzuy04g36vo0wxi4d3qpmm69egcg.webp\" \/>\n\t<meta property=\"og:image:width\" content=\"1200\" \/>\n\t<meta property=\"og:image:height\" content=\"800\" \/>\n\t<meta property=\"og:image:type\" content=\"image\/webp\" \/>\n<meta name=\"author\" content=\"Reda\u00e7\u00e3o\" \/>\n<meta name=\"twitter:card\" content=\"summary_large_image\" \/>\n<meta name=\"twitter:label1\" content=\"Escrito por\" \/>\n\t<meta name=\"twitter:data1\" content=\"Reda\u00e7\u00e3o\" \/>\n\t<meta name=\"twitter:label2\" content=\"Est. tempo de leitura\" \/>\n\t<meta name=\"twitter:data2\" content=\"4 minutos\" \/>\n<script type=\"application\/ld+json\" class=\"yoast-schema-graph\">{\"@context\":\"https:\/\/schema.org\",\"@graph\":[{\"@type\":\"Article\",\"@id\":\"https:\/\/noticiaempauta.com\/portal\/familiares-de-antonio-cachopa-protestam-contra-soltura-de-suspeito-de-homicidio\/#article\",\"isPartOf\":{\"@id\":\"https:\/\/noticiaempauta.com\/portal\/familiares-de-antonio-cachopa-protestam-contra-soltura-de-suspeito-de-homicidio\/\"},\"author\":{\"name\":\"Reda\u00e7\u00e3o\",\"@id\":\"https:\/\/noticiaempauta.com\/portal\/#\/schema\/person\/a74af43dd1ab3deca45f988c717d57ac\"},\"headline\":\"Familiares de Ant\u00f4nio Cach\u00f4pa protestam contra soltura de suspeito de homic\u00eddio\",\"datePublished\":\"2026-01-09T19:48:01+00:00\",\"dateModified\":\"2026-01-09T19:53:01+00:00\",\"mainEntityOfPage\":{\"@id\":\"https:\/\/noticiaempauta.com\/portal\/familiares-de-antonio-cachopa-protestam-contra-soltura-de-suspeito-de-homicidio\/\"},\"wordCount\":510,\"publisher\":{\"@id\":\"https:\/\/noticiaempauta.com\/portal\/#organization\"},\"image\":{\"@id\":\"https:\/\/noticiaempauta.com\/portal\/familiares-de-antonio-cachopa-protestam-contra-soltura-de-suspeito-de-homicidio\/#primaryimage\"},\"thumbnailUrl\":\"https:\/\/noticiaempauta.com\/portal\/wp-content\/uploads\/2026\/01\/38e2db9cd02d20597f7cc57b208533bd-rhenhuhne3ryv4zzuy04g36vo0wxi4d3qpmm69egcg.webp\",\"articleSection\":[\"Destaques\",\"Geral\",\"Todas as Not\u00edcias\"],\"inLanguage\":\"pt-BR\"},{\"@type\":\"WebPage\",\"@id\":\"https:\/\/noticiaempauta.com\/portal\/familiares-de-antonio-cachopa-protestam-contra-soltura-de-suspeito-de-homicidio\/\",\"url\":\"https:\/\/noticiaempauta.com\/portal\/familiares-de-antonio-cachopa-protestam-contra-soltura-de-suspeito-de-homicidio\/\",\"name\":\"Familiares de Ant\u00f4nio Cach\u00f4pa protestam contra soltura de suspeito de homic\u00eddio - Portal Not\u00edcia em Pauta\",\"isPartOf\":{\"@id\":\"https:\/\/noticiaempauta.com\/portal\/#website\"},\"primaryImageOfPage\":{\"@id\":\"https:\/\/noticiaempauta.com\/portal\/familiares-de-antonio-cachopa-protestam-contra-soltura-de-suspeito-de-homicidio\/#primaryimage\"},\"image\":{\"@id\":\"https:\/\/noticiaempauta.com\/portal\/familiares-de-antonio-cachopa-protestam-contra-soltura-de-suspeito-de-homicidio\/#primaryimage\"},\"thumbnailUrl\":\"https:\/\/noticiaempauta.com\/portal\/wp-content\/uploads\/2026\/01\/38e2db9cd02d20597f7cc57b208533bd-rhenhuhne3ryv4zzuy04g36vo0wxi4d3qpmm69egcg.webp\",\"datePublished\":\"2026-01-09T19:48:01+00:00\",\"dateModified\":\"2026-01-09T19:53:01+00:00\",\"breadcrumb\":{\"@id\":\"https:\/\/noticiaempauta.com\/portal\/familiares-de-antonio-cachopa-protestam-contra-soltura-de-suspeito-de-homicidio\/#breadcrumb\"},\"inLanguage\":\"pt-BR\",\"potentialAction\":[{\"@type\":\"ReadAction\",\"target\":[\"https:\/\/noticiaempauta.com\/portal\/familiares-de-antonio-cachopa-protestam-contra-soltura-de-suspeito-de-homicidio\/\"]}]},{\"@type\":\"ImageObject\",\"inLanguage\":\"pt-BR\",\"@id\":\"https:\/\/noticiaempauta.com\/portal\/familiares-de-antonio-cachopa-protestam-contra-soltura-de-suspeito-de-homicidio\/#primaryimage\",\"url\":\"https:\/\/noticiaempauta.com\/portal\/wp-content\/uploads\/2026\/01\/38e2db9cd02d20597f7cc57b208533bd-rhenhuhne3ryv4zzuy04g36vo0wxi4d3qpmm69egcg.webp\",\"contentUrl\":\"https:\/\/noticiaempauta.com\/portal\/wp-content\/uploads\/2026\/01\/38e2db9cd02d20597f7cc57b208533bd-rhenhuhne3ryv4zzuy04g36vo0wxi4d3qpmm69egcg.webp\",\"width\":1200,\"height\":800},{\"@type\":\"BreadcrumbList\",\"@id\":\"https:\/\/noticiaempauta.com\/portal\/familiares-de-antonio-cachopa-protestam-contra-soltura-de-suspeito-de-homicidio\/#breadcrumb\",\"itemListElement\":[{\"@type\":\"ListItem\",\"position\":1,\"name\":\"P\u00e1gina Inicial\",\"item\":\"https:\/\/noticiaempauta.com\/portal\/\"},{\"@type\":\"ListItem\",\"position\":2,\"name\":\"Destaques\",\"item\":\"https:\/\/noticiaempauta.com\/portal\/destaques-site\/\"},{\"@type\":\"ListItem\",\"position\":3,\"name\":\"Familiares de Ant\u00f4nio Cach\u00f4pa protestam contra soltura de suspeito de homic\u00eddio\"}]},{\"@type\":\"WebSite\",\"@id\":\"https:\/\/noticiaempauta.com\/portal\/#website\",\"url\":\"https:\/\/noticiaempauta.com\/portal\/\",\"name\":\"Portal Not\u00edcia em Pauta\",\"description\":\"Voc\u00ea bem informado\",\"publisher\":{\"@id\":\"https:\/\/noticiaempauta.com\/portal\/#organization\"},\"potentialAction\":[{\"@type\":\"SearchAction\",\"target\":{\"@type\":\"EntryPoint\",\"urlTemplate\":\"https:\/\/noticiaempauta.com\/portal\/?s={search_term_string}\"},\"query-input\":{\"@type\":\"PropertyValueSpecification\",\"valueRequired\":true,\"valueName\":\"search_term_string\"}}],\"inLanguage\":\"pt-BR\"},{\"@type\":\"Organization\",\"@id\":\"https:\/\/noticiaempauta.com\/portal\/#organization\",\"name\":\"Portal Not\u00edcia em Pauta\",\"url\":\"https:\/\/noticiaempauta.com\/portal\/\",\"logo\":{\"@type\":\"ImageObject\",\"inLanguage\":\"pt-BR\",\"@id\":\"https:\/\/noticiaempauta.com\/portal\/#\/schema\/logo\/image\/\",\"url\":\"https:\/\/noticiaempauta.com\/portal\/wp-content\/uploads\/2022\/08\/logomarca_tema.fw_.png\",\"contentUrl\":\"https:\/\/noticiaempauta.com\/portal\/wp-content\/uploads\/2022\/08\/logomarca_tema.fw_.png\",\"width\":400,\"height\":232,\"caption\":\"Portal Not\u00edcia em Pauta\"},\"image\":{\"@id\":\"https:\/\/noticiaempauta.com\/portal\/#\/schema\/logo\/image\/\"},\"sameAs\":[\"https:\/\/www.facebook.com\/Portal-Notcia-Em-Pauta-102292869264820\/\",\"https:\/\/www.instagram.com\/portalnoticiaempauta\/\"]},{\"@type\":\"Person\",\"@id\":\"https:\/\/noticiaempauta.com\/portal\/#\/schema\/person\/a74af43dd1ab3deca45f988c717d57ac\",\"name\":\"Reda\u00e7\u00e3o\",\"image\":{\"@type\":\"ImageObject\",\"inLanguage\":\"pt-BR\",\"@id\":\"https:\/\/noticiaempauta.com\/portal\/#\/schema\/person\/image\/\",\"url\":\"https:\/\/secure.gravatar.com\/avatar\/03179346ecce6cdfc13361603e8f54242a90e5cde8618fa23c5c00aa2b0aadf3?s=96&d=mm&r=g\",\"contentUrl\":\"https:\/\/secure.gravatar.com\/avatar\/03179346ecce6cdfc13361603e8f54242a90e5cde8618fa23c5c00aa2b0aadf3?s=96&d=mm&r=g\",\"caption\":\"Reda\u00e7\u00e3o\"},\"sameAs\":[\"https:\/\/noticiaempauta.com\/portal\/\"],\"url\":\"https:\/\/noticiaempauta.com\/portal\/author\/fernando\/\"}]}<\/script>\n<!-- \/ Yoast SEO Premium plugin. -->","yoast_head_json":{"title":"Familiares de Ant\u00f4nio Cach\u00f4pa protestam contra soltura de suspeito de homic\u00eddio - Portal Not\u00edcia em Pauta","robots":{"index":"index","follow":"follow","max-snippet":"max-snippet:-1","max-image-preview":"max-image-preview:large","max-video-preview":"max-video-preview:-1"},"canonical":"https:\/\/noticiaempauta.com\/portal\/familiares-de-antonio-cachopa-protestam-contra-soltura-de-suspeito-de-homicidio\/","og_locale":"pt_BR","og_type":"article","og_title":"Familiares de Ant\u00f4nio Cach\u00f4pa protestam contra soltura de suspeito de homic\u00eddio","og_description":"Na manh\u00e3 desta sexta-feira (09), familiares e amigos de Ant\u00f4nio da Silva, conhecido como Ant\u00f4nio Cach\u00f4pa, realizaram uma manifesta\u00e7\u00e3o silenciosa em frente \u00e0 oficina onde o idoso foi assassinado no \u00faltimo domingo (04). O ato teve como objetivo protestar contra a liberdade concedida ao principal suspeito do crime, que havia sido preso preventivamente pela Pol\u00edcia [&hellip;]","og_url":"https:\/\/noticiaempauta.com\/portal\/familiares-de-antonio-cachopa-protestam-contra-soltura-de-suspeito-de-homicidio\/","og_site_name":"Portal Not\u00edcia em Pauta","article_publisher":"https:\/\/www.facebook.com\/Portal-Notcia-Em-Pauta-102292869264820\/","article_published_time":"2026-01-09T19:48:01+00:00","article_modified_time":"2026-01-09T19:53:01+00:00","og_image":[{"width":1200,"height":800,"url":"https:\/\/noticiaempauta.com\/portal\/wp-content\/uploads\/2026\/01\/38e2db9cd02d20597f7cc57b208533bd-rhenhuhne3ryv4zzuy04g36vo0wxi4d3qpmm69egcg.webp","type":"image\/webp"}],"author":"Reda\u00e7\u00e3o","twitter_card":"summary_large_image","twitter_misc":{"Escrito por":"Reda\u00e7\u00e3o","Est. tempo de leitura":"4 minutos"},"schema":{"@context":"https:\/\/schema.org","@graph":[{"@type":"Article","@id":"https:\/\/noticiaempauta.com\/portal\/familiares-de-antonio-cachopa-protestam-contra-soltura-de-suspeito-de-homicidio\/#article","isPartOf":{"@id":"https:\/\/noticiaempauta.com\/portal\/familiares-de-antonio-cachopa-protestam-contra-soltura-de-suspeito-de-homicidio\/"},"author":{"name":"Reda\u00e7\u00e3o","@id":"https:\/\/noticiaempauta.com\/portal\/#\/schema\/person\/a74af43dd1ab3deca45f988c717d57ac"},"headline":"Familiares de Ant\u00f4nio Cach\u00f4pa protestam contra soltura de suspeito de homic\u00eddio","datePublished":"2026-01-09T19:48:01+00:00","dateModified":"2026-01-09T19:53:01+00:00","mainEntityOfPage":{"@id":"https:\/\/noticiaempauta.com\/portal\/familiares-de-antonio-cachopa-protestam-contra-soltura-de-suspeito-de-homicidio\/"},"wordCount":510,"publisher":{"@id":"https:\/\/noticiaempauta.com\/portal\/#organization"},"image":{"@id":"https:\/\/noticiaempauta.com\/portal\/familiares-de-antonio-cachopa-protestam-contra-soltura-de-suspeito-de-homicidio\/#primaryimage"},"thumbnailUrl":"https:\/\/noticiaempauta.com\/portal\/wp-content\/uploads\/2026\/01\/38e2db9cd02d20597f7cc57b208533bd-rhenhuhne3ryv4zzuy04g36vo0wxi4d3qpmm69egcg.webp","articleSection":["Destaques","Geral","Todas as Not\u00edcias"],"inLanguage":"pt-BR"},{"@type":"WebPage","@id":"https:\/\/noticiaempauta.com\/portal\/familiares-de-antonio-cachopa-protestam-contra-soltura-de-suspeito-de-homicidio\/","url":"https:\/\/noticiaempauta.com\/portal\/familiares-de-antonio-cachopa-protestam-contra-soltura-de-suspeito-de-homicidio\/","name":"Familiares de Ant\u00f4nio Cach\u00f4pa protestam contra soltura de suspeito de homic\u00eddio - Portal Not\u00edcia em Pauta","isPartOf":{"@id":"https:\/\/noticiaempauta.com\/portal\/#website"},"primaryImageOfPage":{"@id":"https:\/\/noticiaempauta.com\/portal\/familiares-de-antonio-cachopa-protestam-contra-soltura-de-suspeito-de-homicidio\/#primaryimage"},"image":{"@id":"https:\/\/noticiaempauta.com\/portal\/familiares-de-antonio-cachopa-protestam-contra-soltura-de-suspeito-de-homicidio\/#primaryimage"},"thumbnailUrl":"https:\/\/noticiaempauta.com\/portal\/wp-content\/uploads\/2026\/01\/38e2db9cd02d20597f7cc57b208533bd-rhenhuhne3ryv4zzuy04g36vo0wxi4d3qpmm69egcg.webp","datePublished":"2026-01-09T19:48:01+00:00","dateModified":"2026-01-09T19:53:01+00:00","breadcrumb":{"@id":"https:\/\/noticiaempauta.com\/portal\/familiares-de-antonio-cachopa-protestam-contra-soltura-de-suspeito-de-homicidio\/#breadcrumb"},"inLanguage":"pt-BR","potentialAction":[{"@type":"ReadAction","target":["https:\/\/noticiaempauta.com\/portal\/familiares-de-antonio-cachopa-protestam-contra-soltura-de-suspeito-de-homicidio\/"]}]},{"@type":"ImageObject","inLanguage":"pt-BR","@id":"https:\/\/noticiaempauta.com\/portal\/familiares-de-antonio-cachopa-protestam-contra-soltura-de-suspeito-de-homicidio\/#primaryimage","url":"https:\/\/noticiaempauta.com\/portal\/wp-content\/uploads\/2026\/01\/38e2db9cd02d20597f7cc57b208533bd-rhenhuhne3ryv4zzuy04g36vo0wxi4d3qpmm69egcg.webp","contentUrl":"https:\/\/noticiaempauta.com\/portal\/wp-content\/uploads\/2026\/01\/38e2db9cd02d20597f7cc57b208533bd-rhenhuhne3ryv4zzuy04g36vo0wxi4d3qpmm69egcg.webp","width":1200,"height":800},{"@type":"BreadcrumbList","@id":"https:\/\/noticiaempauta.com\/portal\/familiares-de-antonio-cachopa-protestam-contra-soltura-de-suspeito-de-homicidio\/#breadcrumb","itemListElement":[{"@type":"ListItem","position":1,"name":"P\u00e1gina Inicial","item":"https:\/\/noticiaempauta.com\/portal\/"},{"@type":"ListItem","position":2,"name":"Destaques","item":"https:\/\/noticiaempauta.com\/portal\/destaques-site\/"},{"@type":"ListItem","position":3,"name":"Familiares de Ant\u00f4nio Cach\u00f4pa protestam contra soltura de suspeito de homic\u00eddio"}]},{"@type":"WebSite","@id":"https:\/\/noticiaempauta.com\/portal\/#website","url":"https:\/\/noticiaempauta.com\/portal\/","name":"Portal Not\u00edcia em Pauta","description":"Voc\u00ea bem informado","publisher":{"@id":"https:\/\/noticiaempauta.com\/portal\/#organization"},"potentialAction":[{"@type":"SearchAction","target":{"@type":"EntryPoint","urlTemplate":"https:\/\/noticiaempauta.com\/portal\/?s={search_term_string}"},"query-input":{"@type":"PropertyValueSpecification","valueRequired":true,"valueName":"search_term_string"}}],"inLanguage":"pt-BR"},{"@type":"Organization","@id":"https:\/\/noticiaempauta.com\/portal\/#organization","name":"Portal Not\u00edcia em Pauta","url":"https:\/\/noticiaempauta.com\/portal\/","logo":{"@type":"ImageObject","inLanguage":"pt-BR","@id":"https:\/\/noticiaempauta.com\/portal\/#\/schema\/logo\/image\/","url":"https:\/\/noticiaempauta.com\/portal\/wp-content\/uploads\/2022\/08\/logomarca_tema.fw_.png","contentUrl":"https:\/\/noticiaempauta.com\/portal\/wp-content\/uploads\/2022\/08\/logomarca_tema.fw_.png","width":400,"height":232,"caption":"Portal Not\u00edcia em Pauta"},"image":{"@id":"https:\/\/noticiaempauta.com\/portal\/#\/schema\/logo\/image\/"},"sameAs":["https:\/\/www.facebook.com\/Portal-Notcia-Em-Pauta-102292869264820\/","https:\/\/www.instagram.com\/portalnoticiaempauta\/"]},{"@type":"Person","@id":"https:\/\/noticiaempauta.com\/portal\/#\/schema\/person\/a74af43dd1ab3deca45f988c717d57ac","name":"Reda\u00e7\u00e3o","image":{"@type":"ImageObject","inLanguage":"pt-BR","@id":"https:\/\/noticiaempauta.com\/portal\/#\/schema\/person\/image\/","url":"https:\/\/secure.gravatar.com\/avatar\/03179346ecce6cdfc13361603e8f54242a90e5cde8618fa23c5c00aa2b0aadf3?s=96&d=mm&r=g","contentUrl":"https:\/\/secure.gravatar.com\/avatar\/03179346ecce6cdfc13361603e8f54242a90e5cde8618fa23c5c00aa2b0aadf3?s=96&d=mm&r=g","caption":"Reda\u00e7\u00e3o"},"sameAs":["https:\/\/noticiaempauta.com\/portal\/"],"url":"https:\/\/noticiaempauta.com\/portal\/author\/fernando\/"}]}},"_links":{"self":[{"href":"https:\/\/noticiaempauta.com\/portal\/wp-json\/wp\/v2\/posts\/283842","targetHints":{"allow":["GET"]}}],"collection":[{"href":"https:\/\/noticiaempauta.com\/portal\/wp-json\/wp\/v2\/posts"}],"about":[{"href":"https:\/\/noticiaempauta.com\/portal\/wp-json\/wp\/v2\/types\/post"}],"author":[{"embeddable":true,"href":"https:\/\/noticiaempauta.com\/portal\/wp-json\/wp\/v2\/users\/2"}],"replies":[{"embeddable":true,"href":"https:\/\/noticiaempauta.com\/portal\/wp-json\/wp\/v2\/comments?post=283842"}],"version-history":[{"count":4,"href":"https:\/\/noticiaempauta.com\/portal\/wp-json\/wp\/v2\/posts\/283842\/revisions"}],"predecessor-version":[{"id":283848,"href":"https:\/\/noticiaempauta.com\/portal\/wp-json\/wp\/v2\/posts\/283842\/revisions\/283848"}],"wp:featuredmedia":[{"embeddable":true,"href":"https:\/\/noticiaempauta.com\/portal\/wp-json\/wp\/v2\/media\/283843"}],"wp:attachment":[{"href":"https:\/\/noticiaempauta.com\/portal\/wp-json\/wp\/v2\/media?parent=283842"}],"wp:term":[{"taxonomy":"category","embeddable":true,"href":"https:\/\/noticiaempauta.com\/portal\/wp-json\/wp\/v2\/categories?post=283842"},{"taxonomy":"post_tag","embeddable":true,"href":"https:\/\/noticiaempauta.com\/portal\/wp-json\/wp\/v2\/tags?post=283842"}],"curies":[{"name":"wp","href":"https:\/\/api.w.org\/{rel}","templated":true}]}}