{"id":283849,"date":"2026-01-10T15:56:54","date_gmt":"2026-01-10T18:56:54","guid":{"rendered":"https:\/\/noticiaempauta.com\/portal\/?p=283849"},"modified":"2026-01-10T15:57:01","modified_gmt":"2026-01-10T18:57:01","slug":"resultado-do-enem-2025-sera-divulgado-em-16-de-janeiro-anuncia-mec","status":"publish","type":"post","link":"https:\/\/noticiaempauta.com\/portal\/resultado-do-enem-2025-sera-divulgado-em-16-de-janeiro-anuncia-mec\/","title":{"rendered":"Resultado do Enem 2025 ser\u00e1 divulgado em 16 de janeiro, anuncia MEC"},"content":{"rendered":"\n<p>Os resultados do&nbsp;Exame Nacional do Ensino M\u00e9dio (Enem)&nbsp;ser\u00e3o&nbsp;divulgados no dia 16 de janeiro, anunciou o ministro da Educa\u00e7\u00e3o, Camilo Santana, nesta sexta-feira (9). As notas individuais poder\u00e3o ser consultadas na P\u00e1gina do Participante.<\/p>\n\n\n\n<figure class=\"wp-block-image size-full\"><img fetchpriority=\"high\" decoding=\"async\" width=\"1000\" height=\"562\" src=\"https:\/\/noticiaempauta.com\/portal\/wp-content\/uploads\/2025\/04\/enem.jpg\" alt=\"\" class=\"wp-image-270145\" srcset=\"https:\/\/noticiaempauta.com\/portal\/wp-content\/uploads\/2025\/04\/enem.jpg 1000w, https:\/\/noticiaempauta.com\/portal\/wp-content\/uploads\/2025\/04\/enem-300x169.jpg 300w, https:\/\/noticiaempauta.com\/portal\/wp-content\/uploads\/2025\/04\/enem-768x432.jpg 768w\" sizes=\"(max-width: 1000px) 100vw, 1000px\" \/><\/figure>\n\n\n\n<p>Os candidatos poder\u00e3o acessar o&nbsp;<a href=\"https:\/\/enem.inep.gov.br\/participante\/#!\/\" target=\"_blank\" rel=\"noreferrer noopener\"><strong>boletim individual&nbsp;<\/strong><\/a>para conferir nota da reda\u00e7\u00e3o, Linguagens, C\u00f3digos e suas Tecnologias, Ci\u00eancias humanas e suas tecnologias, Matem\u00e1tica e Ci\u00eancias da natureza.<\/p>\n\n\n\n<p>Segundo o Minist\u00e9rio da Educa\u00e7\u00e3o, o boletim dos treineiros ser\u00e1 publicado posteriormente.<\/p>\n\n\n\n<p>Com a pontua\u00e7\u00e3o do Enem, os estudantes podem disputar vagas e benef\u00edcios no ensino superior por meio de:<\/p>\n\n\n\n<ul class=\"wp-block-list\">\n<li><strong>Sistema de Sele\u00e7\u00e3o Unificada (Sisu)<\/strong>\u00a0\u2014 inscri\u00e7\u00f5es de 19 a 23 de janeiro<\/li>\n\n\n\n<li><strong>Programa Universidade para Todos (Prouni)<\/strong>\u00a0\u2014 inscri\u00e7\u00f5es de 26 a 29 de janeiro<\/li>\n\n\n\n<li><strong>Fundo de Financiamento Estudantil (Fies)<\/strong><\/li>\n<\/ul>\n\n\n\n<p>Em 2025, o Enem registrou 4.811.338 inscritos confirmados em todo o Brasil. Em compara\u00e7\u00e3o com a edi\u00e7\u00e3o de 2024, houve um aumento de 11,22% no n\u00famero de inscritos.<\/p>\n\n\n\n<p>Do total de participantes, 3.049.710 est\u00e3o isentos da taxa de inscri\u00e7\u00e3o, enquanto 1.761.628 efetuaram o pagamento.<\/p>\n\n\n\n<p>Nesta edi\u00e7\u00e3o, 98.558 candidatos tamb\u00e9m utilizar\u00e3o o Enem como forma de certifica\u00e7\u00e3o de conclus\u00e3o do ensino m\u00e9dio ou para obter declara\u00e7\u00e3o parcial de profici\u00eancia. Essa possibilidade foi retomada em 2025.<\/p>\n\n\n\n<p>Fonte: SBT News<\/p>\n\n\n\n<p><\/p>\n","protected":false},"excerpt":{"rendered":"<p>Os resultados do&nbsp;Exame Nacional do Ensino M\u00e9dio (Enem)&nbsp;ser\u00e3o&nbsp;divulgados no dia 16 de janeiro, anunciou o ministro da Educa\u00e7\u00e3o, Camilo Santana, nesta sexta-feira (9). As notas individuais poder\u00e3o ser consultadas na P\u00e1gina do Participante. Os candidatos poder\u00e3o acessar o&nbsp;boletim individual&nbsp;para conferir nota da reda\u00e7\u00e3o, Linguagens, C\u00f3digos e suas Tecnologias, Ci\u00eancias humanas e suas tecnologias, Matem\u00e1tica e [&hellip;]<\/p>\n","protected":false},"author":2,"featured_media":270145,"comment_status":"closed","ping_status":"closed","sticky":false,"template":"","format":"standard","meta":{"_mi_skip_tracking":false,"footnotes":""},"categories":[25,1,16],"tags":[192],"class_list":["post-283849","post","type-post","status-publish","format-standard","has-post-thumbnail","hentry","category-destaques-site","category-geral","category-todas","tag-destaqueprincipal"],"acf":[],"yoast_head":"<!-- This site is optimized with the Yoast SEO Premium plugin v19.2 (Yoast SEO v26.9) - https:\/\/yoast.com\/product\/yoast-seo-premium-wordpress\/ -->\n<title>Resultado do Enem 2025 ser\u00e1 divulgado em 16 de janeiro, anuncia MEC - Portal Not\u00edcia em Pauta<\/title>\n<meta name=\"robots\" content=\"index, follow, max-snippet:-1, max-image-preview:large, max-video-preview:-1\" \/>\n<link rel=\"canonical\" href=\"https:\/\/noticiaempauta.com\/portal\/resultado-do-enem-2025-sera-divulgado-em-16-de-janeiro-anuncia-mec\/\" \/>\n<meta property=\"og:locale\" content=\"pt_BR\" \/>\n<meta property=\"og:type\" content=\"article\" \/>\n<meta property=\"og:title\" content=\"Resultado do Enem 2025 ser\u00e1 divulgado em 16 de janeiro, anuncia MEC\" \/>\n<meta property=\"og:description\" content=\"Os resultados do&nbsp;Exame Nacional do Ensino M\u00e9dio (Enem)&nbsp;ser\u00e3o&nbsp;divulgados no dia 16 de janeiro, anunciou o ministro da Educa\u00e7\u00e3o, Camilo Santana, nesta sexta-feira (9). As notas individuais poder\u00e3o ser consultadas na P\u00e1gina do Participante. Os candidatos poder\u00e3o acessar o&nbsp;boletim individual&nbsp;para conferir nota da reda\u00e7\u00e3o, Linguagens, C\u00f3digos e suas Tecnologias, Ci\u00eancias humanas e suas tecnologias, Matem\u00e1tica e [&hellip;]\" \/>\n<meta property=\"og:url\" content=\"https:\/\/noticiaempauta.com\/portal\/resultado-do-enem-2025-sera-divulgado-em-16-de-janeiro-anuncia-mec\/\" \/>\n<meta property=\"og:site_name\" content=\"Portal Not\u00edcia em Pauta\" \/>\n<meta property=\"article:publisher\" content=\"https:\/\/www.facebook.com\/Portal-Notcia-Em-Pauta-102292869264820\/\" \/>\n<meta property=\"article:published_time\" content=\"2026-01-10T18:56:54+00:00\" \/>\n<meta property=\"article:modified_time\" content=\"2026-01-10T18:57:01+00:00\" \/>\n<meta property=\"og:image\" content=\"https:\/\/noticiaempauta.com\/portal\/wp-content\/uploads\/2025\/04\/enem.jpg\" \/>\n\t<meta property=\"og:image:width\" content=\"1000\" \/>\n\t<meta property=\"og:image:height\" content=\"562\" \/>\n\t<meta property=\"og:image:type\" content=\"image\/jpeg\" \/>\n<meta name=\"author\" content=\"Reda\u00e7\u00e3o\" \/>\n<meta name=\"twitter:card\" content=\"summary_large_image\" \/>\n<meta name=\"twitter:label1\" content=\"Escrito por\" \/>\n\t<meta name=\"twitter:data1\" content=\"Reda\u00e7\u00e3o\" \/>\n\t<meta name=\"twitter:label2\" content=\"Est. tempo de leitura\" \/>\n\t<meta name=\"twitter:data2\" content=\"2 minutos\" \/>\n<script type=\"application\/ld+json\" class=\"yoast-schema-graph\">{\"@context\":\"https:\/\/schema.org\",\"@graph\":[{\"@type\":\"Article\",\"@id\":\"https:\/\/noticiaempauta.com\/portal\/resultado-do-enem-2025-sera-divulgado-em-16-de-janeiro-anuncia-mec\/#article\",\"isPartOf\":{\"@id\":\"https:\/\/noticiaempauta.com\/portal\/resultado-do-enem-2025-sera-divulgado-em-16-de-janeiro-anuncia-mec\/\"},\"author\":{\"name\":\"Reda\u00e7\u00e3o\",\"@id\":\"https:\/\/noticiaempauta.com\/portal\/#\/schema\/person\/a74af43dd1ab3deca45f988c717d57ac\"},\"headline\":\"Resultado do Enem 2025 ser\u00e1 divulgado em 16 de janeiro, anuncia MEC\",\"datePublished\":\"2026-01-10T18:56:54+00:00\",\"dateModified\":\"2026-01-10T18:57:01+00:00\",\"mainEntityOfPage\":{\"@id\":\"https:\/\/noticiaempauta.com\/portal\/resultado-do-enem-2025-sera-divulgado-em-16-de-janeiro-anuncia-mec\/\"},\"wordCount\":231,\"publisher\":{\"@id\":\"https:\/\/noticiaempauta.com\/portal\/#organization\"},\"image\":{\"@id\":\"https:\/\/noticiaempauta.com\/portal\/resultado-do-enem-2025-sera-divulgado-em-16-de-janeiro-anuncia-mec\/#primaryimage\"},\"thumbnailUrl\":\"https:\/\/noticiaempauta.com\/portal\/wp-content\/uploads\/2025\/04\/enem.jpg\",\"keywords\":[\"destaqueprincipal\"],\"articleSection\":[\"Destaques\",\"Geral\",\"Todas as Not\u00edcias\"],\"inLanguage\":\"pt-BR\"},{\"@type\":\"WebPage\",\"@id\":\"https:\/\/noticiaempauta.com\/portal\/resultado-do-enem-2025-sera-divulgado-em-16-de-janeiro-anuncia-mec\/\",\"url\":\"https:\/\/noticiaempauta.com\/portal\/resultado-do-enem-2025-sera-divulgado-em-16-de-janeiro-anuncia-mec\/\",\"name\":\"Resultado do Enem 2025 ser\u00e1 divulgado em 16 de janeiro, anuncia MEC - Portal Not\u00edcia em Pauta\",\"isPartOf\":{\"@id\":\"https:\/\/noticiaempauta.com\/portal\/#website\"},\"primaryImageOfPage\":{\"@id\":\"https:\/\/noticiaempauta.com\/portal\/resultado-do-enem-2025-sera-divulgado-em-16-de-janeiro-anuncia-mec\/#primaryimage\"},\"image\":{\"@id\":\"https:\/\/noticiaempauta.com\/portal\/resultado-do-enem-2025-sera-divulgado-em-16-de-janeiro-anuncia-mec\/#primaryimage\"},\"thumbnailUrl\":\"https:\/\/noticiaempauta.com\/portal\/wp-content\/uploads\/2025\/04\/enem.jpg\",\"datePublished\":\"2026-01-10T18:56:54+00:00\",\"dateModified\":\"2026-01-10T18:57:01+00:00\",\"breadcrumb\":{\"@id\":\"https:\/\/noticiaempauta.com\/portal\/resultado-do-enem-2025-sera-divulgado-em-16-de-janeiro-anuncia-mec\/#breadcrumb\"},\"inLanguage\":\"pt-BR\",\"potentialAction\":[{\"@type\":\"ReadAction\",\"target\":[\"https:\/\/noticiaempauta.com\/portal\/resultado-do-enem-2025-sera-divulgado-em-16-de-janeiro-anuncia-mec\/\"]}]},{\"@type\":\"ImageObject\",\"inLanguage\":\"pt-BR\",\"@id\":\"https:\/\/noticiaempauta.com\/portal\/resultado-do-enem-2025-sera-divulgado-em-16-de-janeiro-anuncia-mec\/#primaryimage\",\"url\":\"https:\/\/noticiaempauta.com\/portal\/wp-content\/uploads\/2025\/04\/enem.jpg\",\"contentUrl\":\"https:\/\/noticiaempauta.com\/portal\/wp-content\/uploads\/2025\/04\/enem.jpg\",\"width\":1000,\"height\":562},{\"@type\":\"BreadcrumbList\",\"@id\":\"https:\/\/noticiaempauta.com\/portal\/resultado-do-enem-2025-sera-divulgado-em-16-de-janeiro-anuncia-mec\/#breadcrumb\",\"itemListElement\":[{\"@type\":\"ListItem\",\"position\":1,\"name\":\"P\u00e1gina Inicial\",\"item\":\"https:\/\/noticiaempauta.com\/portal\/\"},{\"@type\":\"ListItem\",\"position\":2,\"name\":\"Destaques\",\"item\":\"https:\/\/noticiaempauta.com\/portal\/destaques-site\/\"},{\"@type\":\"ListItem\",\"position\":3,\"name\":\"Resultado do Enem 2025 ser\u00e1 divulgado em 16 de janeiro, anuncia MEC\"}]},{\"@type\":\"WebSite\",\"@id\":\"https:\/\/noticiaempauta.com\/portal\/#website\",\"url\":\"https:\/\/noticiaempauta.com\/portal\/\",\"name\":\"Portal Not\u00edcia em Pauta\",\"description\":\"Voc\u00ea bem informado\",\"publisher\":{\"@id\":\"https:\/\/noticiaempauta.com\/portal\/#organization\"},\"potentialAction\":[{\"@type\":\"SearchAction\",\"target\":{\"@type\":\"EntryPoint\",\"urlTemplate\":\"https:\/\/noticiaempauta.com\/portal\/?s={search_term_string}\"},\"query-input\":{\"@type\":\"PropertyValueSpecification\",\"valueRequired\":true,\"valueName\":\"search_term_string\"}}],\"inLanguage\":\"pt-BR\"},{\"@type\":\"Organization\",\"@id\":\"https:\/\/noticiaempauta.com\/portal\/#organization\",\"name\":\"Portal Not\u00edcia em Pauta\",\"url\":\"https:\/\/noticiaempauta.com\/portal\/\",\"logo\":{\"@type\":\"ImageObject\",\"inLanguage\":\"pt-BR\",\"@id\":\"https:\/\/noticiaempauta.com\/portal\/#\/schema\/logo\/image\/\",\"url\":\"https:\/\/noticiaempauta.com\/portal\/wp-content\/uploads\/2022\/08\/logomarca_tema.fw_.png\",\"contentUrl\":\"https:\/\/noticiaempauta.com\/portal\/wp-content\/uploads\/2022\/08\/logomarca_tema.fw_.png\",\"width\":400,\"height\":232,\"caption\":\"Portal Not\u00edcia em Pauta\"},\"image\":{\"@id\":\"https:\/\/noticiaempauta.com\/portal\/#\/schema\/logo\/image\/\"},\"sameAs\":[\"https:\/\/www.facebook.com\/Portal-Notcia-Em-Pauta-102292869264820\/\",\"https:\/\/www.instagram.com\/portalnoticiaempauta\/\"]},{\"@type\":\"Person\",\"@id\":\"https:\/\/noticiaempauta.com\/portal\/#\/schema\/person\/a74af43dd1ab3deca45f988c717d57ac\",\"name\":\"Reda\u00e7\u00e3o\",\"image\":{\"@type\":\"ImageObject\",\"inLanguage\":\"pt-BR\",\"@id\":\"https:\/\/noticiaempauta.com\/portal\/#\/schema\/person\/image\/\",\"url\":\"https:\/\/secure.gravatar.com\/avatar\/03179346ecce6cdfc13361603e8f54242a90e5cde8618fa23c5c00aa2b0aadf3?s=96&d=mm&r=g\",\"contentUrl\":\"https:\/\/secure.gravatar.com\/avatar\/03179346ecce6cdfc13361603e8f54242a90e5cde8618fa23c5c00aa2b0aadf3?s=96&d=mm&r=g\",\"caption\":\"Reda\u00e7\u00e3o\"},\"sameAs\":[\"https:\/\/noticiaempauta.com\/portal\/\"],\"url\":\"https:\/\/noticiaempauta.com\/portal\/author\/fernando\/\"}]}<\/script>\n<!-- \/ Yoast SEO Premium plugin. -->","yoast_head_json":{"title":"Resultado do Enem 2025 ser\u00e1 divulgado em 16 de janeiro, anuncia MEC - Portal Not\u00edcia em Pauta","robots":{"index":"index","follow":"follow","max-snippet":"max-snippet:-1","max-image-preview":"max-image-preview:large","max-video-preview":"max-video-preview:-1"},"canonical":"https:\/\/noticiaempauta.com\/portal\/resultado-do-enem-2025-sera-divulgado-em-16-de-janeiro-anuncia-mec\/","og_locale":"pt_BR","og_type":"article","og_title":"Resultado do Enem 2025 ser\u00e1 divulgado em 16 de janeiro, anuncia MEC","og_description":"Os resultados do&nbsp;Exame Nacional do Ensino M\u00e9dio (Enem)&nbsp;ser\u00e3o&nbsp;divulgados no dia 16 de janeiro, anunciou o ministro da Educa\u00e7\u00e3o, Camilo Santana, nesta sexta-feira (9). As notas individuais poder\u00e3o ser consultadas na P\u00e1gina do Participante. Os candidatos poder\u00e3o acessar o&nbsp;boletim individual&nbsp;para conferir nota da reda\u00e7\u00e3o, Linguagens, C\u00f3digos e suas Tecnologias, Ci\u00eancias humanas e suas tecnologias, Matem\u00e1tica e [&hellip;]","og_url":"https:\/\/noticiaempauta.com\/portal\/resultado-do-enem-2025-sera-divulgado-em-16-de-janeiro-anuncia-mec\/","og_site_name":"Portal Not\u00edcia em Pauta","article_publisher":"https:\/\/www.facebook.com\/Portal-Notcia-Em-Pauta-102292869264820\/","article_published_time":"2026-01-10T18:56:54+00:00","article_modified_time":"2026-01-10T18:57:01+00:00","og_image":[{"width":1000,"height":562,"url":"https:\/\/noticiaempauta.com\/portal\/wp-content\/uploads\/2025\/04\/enem.jpg","type":"image\/jpeg"}],"author":"Reda\u00e7\u00e3o","twitter_card":"summary_large_image","twitter_misc":{"Escrito por":"Reda\u00e7\u00e3o","Est. tempo de leitura":"2 minutos"},"schema":{"@context":"https:\/\/schema.org","@graph":[{"@type":"Article","@id":"https:\/\/noticiaempauta.com\/portal\/resultado-do-enem-2025-sera-divulgado-em-16-de-janeiro-anuncia-mec\/#article","isPartOf":{"@id":"https:\/\/noticiaempauta.com\/portal\/resultado-do-enem-2025-sera-divulgado-em-16-de-janeiro-anuncia-mec\/"},"author":{"name":"Reda\u00e7\u00e3o","@id":"https:\/\/noticiaempauta.com\/portal\/#\/schema\/person\/a74af43dd1ab3deca45f988c717d57ac"},"headline":"Resultado do Enem 2025 ser\u00e1 divulgado em 16 de janeiro, anuncia MEC","datePublished":"2026-01-10T18:56:54+00:00","dateModified":"2026-01-10T18:57:01+00:00","mainEntityOfPage":{"@id":"https:\/\/noticiaempauta.com\/portal\/resultado-do-enem-2025-sera-divulgado-em-16-de-janeiro-anuncia-mec\/"},"wordCount":231,"publisher":{"@id":"https:\/\/noticiaempauta.com\/portal\/#organization"},"image":{"@id":"https:\/\/noticiaempauta.com\/portal\/resultado-do-enem-2025-sera-divulgado-em-16-de-janeiro-anuncia-mec\/#primaryimage"},"thumbnailUrl":"https:\/\/noticiaempauta.com\/portal\/wp-content\/uploads\/2025\/04\/enem.jpg","keywords":["destaqueprincipal"],"articleSection":["Destaques","Geral","Todas as Not\u00edcias"],"inLanguage":"pt-BR"},{"@type":"WebPage","@id":"https:\/\/noticiaempauta.com\/portal\/resultado-do-enem-2025-sera-divulgado-em-16-de-janeiro-anuncia-mec\/","url":"https:\/\/noticiaempauta.com\/portal\/resultado-do-enem-2025-sera-divulgado-em-16-de-janeiro-anuncia-mec\/","name":"Resultado do Enem 2025 ser\u00e1 divulgado em 16 de janeiro, anuncia MEC - Portal Not\u00edcia em Pauta","isPartOf":{"@id":"https:\/\/noticiaempauta.com\/portal\/#website"},"primaryImageOfPage":{"@id":"https:\/\/noticiaempauta.com\/portal\/resultado-do-enem-2025-sera-divulgado-em-16-de-janeiro-anuncia-mec\/#primaryimage"},"image":{"@id":"https:\/\/noticiaempauta.com\/portal\/resultado-do-enem-2025-sera-divulgado-em-16-de-janeiro-anuncia-mec\/#primaryimage"},"thumbnailUrl":"https:\/\/noticiaempauta.com\/portal\/wp-content\/uploads\/2025\/04\/enem.jpg","datePublished":"2026-01-10T18:56:54+00:00","dateModified":"2026-01-10T18:57:01+00:00","breadcrumb":{"@id":"https:\/\/noticiaempauta.com\/portal\/resultado-do-enem-2025-sera-divulgado-em-16-de-janeiro-anuncia-mec\/#breadcrumb"},"inLanguage":"pt-BR","potentialAction":[{"@type":"ReadAction","target":["https:\/\/noticiaempauta.com\/portal\/resultado-do-enem-2025-sera-divulgado-em-16-de-janeiro-anuncia-mec\/"]}]},{"@type":"ImageObject","inLanguage":"pt-BR","@id":"https:\/\/noticiaempauta.com\/portal\/resultado-do-enem-2025-sera-divulgado-em-16-de-janeiro-anuncia-mec\/#primaryimage","url":"https:\/\/noticiaempauta.com\/portal\/wp-content\/uploads\/2025\/04\/enem.jpg","contentUrl":"https:\/\/noticiaempauta.com\/portal\/wp-content\/uploads\/2025\/04\/enem.jpg","width":1000,"height":562},{"@type":"BreadcrumbList","@id":"https:\/\/noticiaempauta.com\/portal\/resultado-do-enem-2025-sera-divulgado-em-16-de-janeiro-anuncia-mec\/#breadcrumb","itemListElement":[{"@type":"ListItem","position":1,"name":"P\u00e1gina Inicial","item":"https:\/\/noticiaempauta.com\/portal\/"},{"@type":"ListItem","position":2,"name":"Destaques","item":"https:\/\/noticiaempauta.com\/portal\/destaques-site\/"},{"@type":"ListItem","position":3,"name":"Resultado do Enem 2025 ser\u00e1 divulgado em 16 de janeiro, anuncia MEC"}]},{"@type":"WebSite","@id":"https:\/\/noticiaempauta.com\/portal\/#website","url":"https:\/\/noticiaempauta.com\/portal\/","name":"Portal Not\u00edcia em Pauta","description":"Voc\u00ea bem informado","publisher":{"@id":"https:\/\/noticiaempauta.com\/portal\/#organization"},"potentialAction":[{"@type":"SearchAction","target":{"@type":"EntryPoint","urlTemplate":"https:\/\/noticiaempauta.com\/portal\/?s={search_term_string}"},"query-input":{"@type":"PropertyValueSpecification","valueRequired":true,"valueName":"search_term_string"}}],"inLanguage":"pt-BR"},{"@type":"Organization","@id":"https:\/\/noticiaempauta.com\/portal\/#organization","name":"Portal Not\u00edcia em Pauta","url":"https:\/\/noticiaempauta.com\/portal\/","logo":{"@type":"ImageObject","inLanguage":"pt-BR","@id":"https:\/\/noticiaempauta.com\/portal\/#\/schema\/logo\/image\/","url":"https:\/\/noticiaempauta.com\/portal\/wp-content\/uploads\/2022\/08\/logomarca_tema.fw_.png","contentUrl":"https:\/\/noticiaempauta.com\/portal\/wp-content\/uploads\/2022\/08\/logomarca_tema.fw_.png","width":400,"height":232,"caption":"Portal Not\u00edcia em Pauta"},"image":{"@id":"https:\/\/noticiaempauta.com\/portal\/#\/schema\/logo\/image\/"},"sameAs":["https:\/\/www.facebook.com\/Portal-Notcia-Em-Pauta-102292869264820\/","https:\/\/www.instagram.com\/portalnoticiaempauta\/"]},{"@type":"Person","@id":"https:\/\/noticiaempauta.com\/portal\/#\/schema\/person\/a74af43dd1ab3deca45f988c717d57ac","name":"Reda\u00e7\u00e3o","image":{"@type":"ImageObject","inLanguage":"pt-BR","@id":"https:\/\/noticiaempauta.com\/portal\/#\/schema\/person\/image\/","url":"https:\/\/secure.gravatar.com\/avatar\/03179346ecce6cdfc13361603e8f54242a90e5cde8618fa23c5c00aa2b0aadf3?s=96&d=mm&r=g","contentUrl":"https:\/\/secure.gravatar.com\/avatar\/03179346ecce6cdfc13361603e8f54242a90e5cde8618fa23c5c00aa2b0aadf3?s=96&d=mm&r=g","caption":"Reda\u00e7\u00e3o"},"sameAs":["https:\/\/noticiaempauta.com\/portal\/"],"url":"https:\/\/noticiaempauta.com\/portal\/author\/fernando\/"}]}},"_links":{"self":[{"href":"https:\/\/noticiaempauta.com\/portal\/wp-json\/wp\/v2\/posts\/283849","targetHints":{"allow":["GET"]}}],"collection":[{"href":"https:\/\/noticiaempauta.com\/portal\/wp-json\/wp\/v2\/posts"}],"about":[{"href":"https:\/\/noticiaempauta.com\/portal\/wp-json\/wp\/v2\/types\/post"}],"author":[{"embeddable":true,"href":"https:\/\/noticiaempauta.com\/portal\/wp-json\/wp\/v2\/users\/2"}],"replies":[{"embeddable":true,"href":"https:\/\/noticiaempauta.com\/portal\/wp-json\/wp\/v2\/comments?post=283849"}],"version-history":[{"count":2,"href":"https:\/\/noticiaempauta.com\/portal\/wp-json\/wp\/v2\/posts\/283849\/revisions"}],"predecessor-version":[{"id":283852,"href":"https:\/\/noticiaempauta.com\/portal\/wp-json\/wp\/v2\/posts\/283849\/revisions\/283852"}],"wp:featuredmedia":[{"embeddable":true,"href":"https:\/\/noticiaempauta.com\/portal\/wp-json\/wp\/v2\/media\/270145"}],"wp:attachment":[{"href":"https:\/\/noticiaempauta.com\/portal\/wp-json\/wp\/v2\/media?parent=283849"}],"wp:term":[{"taxonomy":"category","embeddable":true,"href":"https:\/\/noticiaempauta.com\/portal\/wp-json\/wp\/v2\/categories?post=283849"},{"taxonomy":"post_tag","embeddable":true,"href":"https:\/\/noticiaempauta.com\/portal\/wp-json\/wp\/v2\/tags?post=283849"}],"curies":[{"name":"wp","href":"https:\/\/api.w.org\/{rel}","templated":true}]}}