{"id":283865,"date":"2026-01-12T08:57:06","date_gmt":"2026-01-12T11:57:06","guid":{"rendered":"https:\/\/noticiaempauta.com\/portal\/?p=283865"},"modified":"2026-01-12T08:57:07","modified_gmt":"2026-01-12T11:57:07","slug":"piaui-registra-mais-de-8-mil-prisoes-por-violencia-contra-a-mulher-em-dois-anos","status":"publish","type":"post","link":"https:\/\/noticiaempauta.com\/portal\/piaui-registra-mais-de-8-mil-prisoes-por-violencia-contra-a-mulher-em-dois-anos\/","title":{"rendered":"Piau\u00ed registra mais de 8 mil pris\u00f5es por viol\u00eancia contra a mulher em dois anos"},"content":{"rendered":"\n<p><strong>O Piau\u00ed prendeu 8.188 agressores de mulheres entre 2023 e 2025<\/strong>. Os dados s\u00e3o da Secretaria da Seguran\u00e7a P\u00fablica (SSP).&nbsp;<strong>Somente nos casos de viol\u00eancia dom\u00e9stica, o n\u00famero de pris\u00f5es em flagrante aumentou 78% no per\u00edodo<\/strong>, indicando uma resposta policial mais r\u00e1pida \u00e0s ocorr\u00eancias registradas.&nbsp;<\/p>\n\n\n\n<figure class=\"wp-block-image size-full\"><img fetchpriority=\"high\" decoding=\"async\" width=\"1000\" height=\"667\" src=\"https:\/\/noticiaempauta.com\/portal\/wp-content\/uploads\/2026\/01\/Patrulha-Maria-da-Penha1.webp\" alt=\"\" class=\"wp-image-283866\" srcset=\"https:\/\/noticiaempauta.com\/portal\/wp-content\/uploads\/2026\/01\/Patrulha-Maria-da-Penha1.webp 1000w, https:\/\/noticiaempauta.com\/portal\/wp-content\/uploads\/2026\/01\/Patrulha-Maria-da-Penha1-300x200.webp 300w, https:\/\/noticiaempauta.com\/portal\/wp-content\/uploads\/2026\/01\/Patrulha-Maria-da-Penha1-768x512.webp 768w\" sizes=\"(max-width: 1000px) 100vw, 1000px\" \/><figcaption class=\"wp-element-caption\">(Foto: SSP-PI)<\/figcaption><\/figure>\n\n\n\n<p><strong>Em 2025<\/strong>, o estado tamb\u00e9m apresentou&nbsp;<strong>redu\u00e7\u00e3o de 5% nos feminic\u00eddios em compara\u00e7\u00e3o com o ano anterior<\/strong>.&nbsp;<strong>No segundo semestre,<\/strong>&nbsp;a queda foi ainda mais significativa:<strong>&nbsp;33%<\/strong>.<\/p>\n\n\n\n<h2 class=\"wp-block-heading\"><strong>O que caracteriza o feminic\u00eddio<\/strong><\/h2>\n\n\n\n<p>De acordo com a delegada Nathalia Figueiredo, do N\u00facleo de Feminic\u00eddio do Departamento de Homic\u00eddio e Prote\u00e7\u00e3o \u00e0 Pessoa (DHPP), o feminic\u00eddio se diferencia de outros homic\u00eddios pela motiva\u00e7\u00e3o.<\/p>\n\n\n\n<p>&#8220;O feminic\u00eddio \u00e9 pautado na viol\u00eancia de g\u00eanero, quando o agressor enxerga a mulher em uma condi\u00e7\u00e3o de submiss\u00e3o ou inferioridade. Ele se diferencia de outros homic\u00eddios justamente por essa motiva\u00e7\u00e3o\u201d, explica.<\/p>\n\n\n\n<p>As investiga\u00e7\u00f5es mostram que, na maioria dos casos, as v\u00edtimas j\u00e1 enfrentavam um hist\u00f3rico de viol\u00eancia dom\u00e9stica e familiar.\u00a0<\/p>\n\n\n\n<p>\u201cO feminic\u00eddio \u00e9 a ponta da viol\u00eancia dom\u00e9stica e familiar. Ele acontece quando n\u00e3o h\u00e1 o rompimento do ciclo de viol\u00eancia vivido pela v\u00edtima\u201d, completa a delegada.<\/p>\n\n\n\n<h2 class=\"wp-block-heading\"><strong>Den\u00fancia como ferramenta de preven\u00e7\u00e3o<\/strong><\/h2>\n\n\n\n<p>Para a Pol\u00edcia Civil, denunciar \u00e9 essencial para evitar que agress\u00f5es evoluam para crimes mais graves. O registro da ocorr\u00eancia possibilita a concess\u00e3o de medidas protetivas de urg\u00eancia e a atua\u00e7\u00e3o imediata das for\u00e7as de seguran\u00e7a.<\/p>\n\n\n\n<p>A delegada Eug\u00eania Villa, criadora da primeira delegacia de feminic\u00eddios do Brasil, destaca que o sil\u00eancio ainda \u00e9 um dos principais obst\u00e1culos.<\/p>\n\n\n\n<p>\u201cO sil\u00eancio impede o conhecimento pr\u00e9vio dos cen\u00e1rios de risco e dificulta a aplica\u00e7\u00e3o de medidas preventivas, da\u00ed a import\u00e2ncia dos canais de den\u00fancia\u201d, afirma.<\/p>\n\n\n\n<h2 class=\"wp-block-heading\"><strong>Canais de den\u00fancia e atendimento<\/strong><\/h2>\n\n\n\n<p>A den\u00fancia pode ser feita pela pr\u00f3pria v\u00edtima ou por qualquer pessoa que tenha conhecimento da viol\u00eancia. Os canais funcionam 24 horas e, em sua maioria, atendem todos os 224 munic\u00edpios do Piau\u00ed:<\/p>\n\n\n\n<ul class=\"wp-block-list\">\n<li>\u201cEi, Merm\u00e3, N\u00e3o se Cale\u201d: 0800 000 1673<\/li>\n\n\n\n<li>Central Nacional de Atendimento \u00e0 Mulher \u2013 Ligue 180<\/li>\n\n\n\n<li>Pol\u00edcia Militar (COPOM): 190<\/li>\n\n\n\n<li>Guarda Municipal: 153<\/li>\n\n\n\n<li>Casa da Mulher Brasileira (Teresina): (86) 99412-2719<\/li>\n\n\n\n<li>BO F\u00e1cil: 0800 086 0190<\/li>\n<\/ul>\n\n\n\n<p>Com exce\u00e7\u00e3o da Casa da Mulher Brasileira e da Guarda Municipal, os demais canais t\u00eam cobertura em todo o estado.<\/p>\n\n\n\n<p>Fonte: Cidade Verde<\/p>\n","protected":false},"excerpt":{"rendered":"<p>O Piau\u00ed prendeu 8.188 agressores de mulheres entre 2023 e 2025. Os dados s\u00e3o da Secretaria da Seguran\u00e7a P\u00fablica (SSP).&nbsp;Somente nos casos de viol\u00eancia dom\u00e9stica, o n\u00famero de pris\u00f5es em flagrante aumentou 78% no per\u00edodo, indicando uma resposta policial mais r\u00e1pida \u00e0s ocorr\u00eancias registradas.&nbsp; Em 2025, o estado tamb\u00e9m apresentou&nbsp;redu\u00e7\u00e3o de 5% nos feminic\u00eddios em [&hellip;]<\/p>\n","protected":false},"author":2,"featured_media":283866,"comment_status":"closed","ping_status":"closed","sticky":false,"template":"","format":"standard","meta":{"_mi_skip_tracking":false,"footnotes":""},"categories":[25,1,137,16],"tags":[192],"class_list":["post-283865","post","type-post","status-publish","format-standard","has-post-thumbnail","hentry","category-destaques-site","category-geral","category-policia","category-todas","tag-destaqueprincipal"],"acf":[],"yoast_head":"<!-- This site is optimized with the Yoast SEO Premium plugin v19.2 (Yoast SEO v26.9) - https:\/\/yoast.com\/product\/yoast-seo-premium-wordpress\/ -->\n<title>Piau\u00ed registra mais de 8 mil pris\u00f5es por viol\u00eancia contra a mulher em dois anos - Portal Not\u00edcia em Pauta<\/title>\n<meta name=\"robots\" content=\"index, follow, max-snippet:-1, max-image-preview:large, max-video-preview:-1\" \/>\n<link rel=\"canonical\" href=\"https:\/\/noticiaempauta.com\/portal\/piaui-registra-mais-de-8-mil-prisoes-por-violencia-contra-a-mulher-em-dois-anos\/\" \/>\n<meta property=\"og:locale\" content=\"pt_BR\" \/>\n<meta property=\"og:type\" content=\"article\" \/>\n<meta property=\"og:title\" content=\"Piau\u00ed registra mais de 8 mil pris\u00f5es por viol\u00eancia contra a mulher em dois anos\" \/>\n<meta property=\"og:description\" content=\"O Piau\u00ed prendeu 8.188 agressores de mulheres entre 2023 e 2025. Os dados s\u00e3o da Secretaria da Seguran\u00e7a P\u00fablica (SSP).&nbsp;Somente nos casos de viol\u00eancia dom\u00e9stica, o n\u00famero de pris\u00f5es em flagrante aumentou 78% no per\u00edodo, indicando uma resposta policial mais r\u00e1pida \u00e0s ocorr\u00eancias registradas.&nbsp; Em 2025, o estado tamb\u00e9m apresentou&nbsp;redu\u00e7\u00e3o de 5% nos feminic\u00eddios em [&hellip;]\" \/>\n<meta property=\"og:url\" content=\"https:\/\/noticiaempauta.com\/portal\/piaui-registra-mais-de-8-mil-prisoes-por-violencia-contra-a-mulher-em-dois-anos\/\" \/>\n<meta property=\"og:site_name\" content=\"Portal Not\u00edcia em Pauta\" \/>\n<meta property=\"article:publisher\" content=\"https:\/\/www.facebook.com\/Portal-Notcia-Em-Pauta-102292869264820\/\" \/>\n<meta property=\"article:published_time\" content=\"2026-01-12T11:57:06+00:00\" \/>\n<meta property=\"article:modified_time\" content=\"2026-01-12T11:57:07+00:00\" \/>\n<meta property=\"og:image\" content=\"https:\/\/noticiaempauta.com\/portal\/wp-content\/uploads\/2026\/01\/Patrulha-Maria-da-Penha1.webp\" \/>\n\t<meta property=\"og:image:width\" content=\"1000\" \/>\n\t<meta property=\"og:image:height\" content=\"667\" \/>\n\t<meta property=\"og:image:type\" content=\"image\/webp\" \/>\n<meta name=\"author\" content=\"Reda\u00e7\u00e3o\" \/>\n<meta name=\"twitter:card\" content=\"summary_large_image\" \/>\n<meta name=\"twitter:label1\" content=\"Escrito por\" \/>\n\t<meta name=\"twitter:data1\" content=\"Reda\u00e7\u00e3o\" \/>\n\t<meta name=\"twitter:label2\" content=\"Est. tempo de leitura\" \/>\n\t<meta name=\"twitter:data2\" content=\"3 minutos\" \/>\n<script type=\"application\/ld+json\" class=\"yoast-schema-graph\">{\"@context\":\"https:\/\/schema.org\",\"@graph\":[{\"@type\":\"Article\",\"@id\":\"https:\/\/noticiaempauta.com\/portal\/piaui-registra-mais-de-8-mil-prisoes-por-violencia-contra-a-mulher-em-dois-anos\/#article\",\"isPartOf\":{\"@id\":\"https:\/\/noticiaempauta.com\/portal\/piaui-registra-mais-de-8-mil-prisoes-por-violencia-contra-a-mulher-em-dois-anos\/\"},\"author\":{\"name\":\"Reda\u00e7\u00e3o\",\"@id\":\"https:\/\/noticiaempauta.com\/portal\/#\/schema\/person\/a74af43dd1ab3deca45f988c717d57ac\"},\"headline\":\"Piau\u00ed registra mais de 8 mil pris\u00f5es por viol\u00eancia contra a mulher em dois anos\",\"datePublished\":\"2026-01-12T11:57:06+00:00\",\"dateModified\":\"2026-01-12T11:57:07+00:00\",\"mainEntityOfPage\":{\"@id\":\"https:\/\/noticiaempauta.com\/portal\/piaui-registra-mais-de-8-mil-prisoes-por-violencia-contra-a-mulher-em-dois-anos\/\"},\"wordCount\":438,\"publisher\":{\"@id\":\"https:\/\/noticiaempauta.com\/portal\/#organization\"},\"image\":{\"@id\":\"https:\/\/noticiaempauta.com\/portal\/piaui-registra-mais-de-8-mil-prisoes-por-violencia-contra-a-mulher-em-dois-anos\/#primaryimage\"},\"thumbnailUrl\":\"https:\/\/noticiaempauta.com\/portal\/wp-content\/uploads\/2026\/01\/Patrulha-Maria-da-Penha1.webp\",\"keywords\":[\"destaqueprincipal\"],\"articleSection\":[\"Destaques\",\"Geral\",\"Pol\u00edcia\",\"Todas as Not\u00edcias\"],\"inLanguage\":\"pt-BR\"},{\"@type\":\"WebPage\",\"@id\":\"https:\/\/noticiaempauta.com\/portal\/piaui-registra-mais-de-8-mil-prisoes-por-violencia-contra-a-mulher-em-dois-anos\/\",\"url\":\"https:\/\/noticiaempauta.com\/portal\/piaui-registra-mais-de-8-mil-prisoes-por-violencia-contra-a-mulher-em-dois-anos\/\",\"name\":\"Piau\u00ed registra mais de 8 mil pris\u00f5es por viol\u00eancia contra a mulher em dois anos - Portal Not\u00edcia em Pauta\",\"isPartOf\":{\"@id\":\"https:\/\/noticiaempauta.com\/portal\/#website\"},\"primaryImageOfPage\":{\"@id\":\"https:\/\/noticiaempauta.com\/portal\/piaui-registra-mais-de-8-mil-prisoes-por-violencia-contra-a-mulher-em-dois-anos\/#primaryimage\"},\"image\":{\"@id\":\"https:\/\/noticiaempauta.com\/portal\/piaui-registra-mais-de-8-mil-prisoes-por-violencia-contra-a-mulher-em-dois-anos\/#primaryimage\"},\"thumbnailUrl\":\"https:\/\/noticiaempauta.com\/portal\/wp-content\/uploads\/2026\/01\/Patrulha-Maria-da-Penha1.webp\",\"datePublished\":\"2026-01-12T11:57:06+00:00\",\"dateModified\":\"2026-01-12T11:57:07+00:00\",\"breadcrumb\":{\"@id\":\"https:\/\/noticiaempauta.com\/portal\/piaui-registra-mais-de-8-mil-prisoes-por-violencia-contra-a-mulher-em-dois-anos\/#breadcrumb\"},\"inLanguage\":\"pt-BR\",\"potentialAction\":[{\"@type\":\"ReadAction\",\"target\":[\"https:\/\/noticiaempauta.com\/portal\/piaui-registra-mais-de-8-mil-prisoes-por-violencia-contra-a-mulher-em-dois-anos\/\"]}]},{\"@type\":\"ImageObject\",\"inLanguage\":\"pt-BR\",\"@id\":\"https:\/\/noticiaempauta.com\/portal\/piaui-registra-mais-de-8-mil-prisoes-por-violencia-contra-a-mulher-em-dois-anos\/#primaryimage\",\"url\":\"https:\/\/noticiaempauta.com\/portal\/wp-content\/uploads\/2026\/01\/Patrulha-Maria-da-Penha1.webp\",\"contentUrl\":\"https:\/\/noticiaempauta.com\/portal\/wp-content\/uploads\/2026\/01\/Patrulha-Maria-da-Penha1.webp\",\"width\":1000,\"height\":667,\"caption\":\"(Foto: SSP-PI)\"},{\"@type\":\"BreadcrumbList\",\"@id\":\"https:\/\/noticiaempauta.com\/portal\/piaui-registra-mais-de-8-mil-prisoes-por-violencia-contra-a-mulher-em-dois-anos\/#breadcrumb\",\"itemListElement\":[{\"@type\":\"ListItem\",\"position\":1,\"name\":\"P\u00e1gina Inicial\",\"item\":\"https:\/\/noticiaempauta.com\/portal\/\"},{\"@type\":\"ListItem\",\"position\":2,\"name\":\"Destaques\",\"item\":\"https:\/\/noticiaempauta.com\/portal\/destaques-site\/\"},{\"@type\":\"ListItem\",\"position\":3,\"name\":\"Piau\u00ed registra mais de 8 mil pris\u00f5es por viol\u00eancia contra a mulher em dois anos\"}]},{\"@type\":\"WebSite\",\"@id\":\"https:\/\/noticiaempauta.com\/portal\/#website\",\"url\":\"https:\/\/noticiaempauta.com\/portal\/\",\"name\":\"Portal Not\u00edcia em Pauta\",\"description\":\"Voc\u00ea bem informado\",\"publisher\":{\"@id\":\"https:\/\/noticiaempauta.com\/portal\/#organization\"},\"potentialAction\":[{\"@type\":\"SearchAction\",\"target\":{\"@type\":\"EntryPoint\",\"urlTemplate\":\"https:\/\/noticiaempauta.com\/portal\/?s={search_term_string}\"},\"query-input\":{\"@type\":\"PropertyValueSpecification\",\"valueRequired\":true,\"valueName\":\"search_term_string\"}}],\"inLanguage\":\"pt-BR\"},{\"@type\":\"Organization\",\"@id\":\"https:\/\/noticiaempauta.com\/portal\/#organization\",\"name\":\"Portal Not\u00edcia em Pauta\",\"url\":\"https:\/\/noticiaempauta.com\/portal\/\",\"logo\":{\"@type\":\"ImageObject\",\"inLanguage\":\"pt-BR\",\"@id\":\"https:\/\/noticiaempauta.com\/portal\/#\/schema\/logo\/image\/\",\"url\":\"https:\/\/noticiaempauta.com\/portal\/wp-content\/uploads\/2022\/08\/logomarca_tema.fw_.png\",\"contentUrl\":\"https:\/\/noticiaempauta.com\/portal\/wp-content\/uploads\/2022\/08\/logomarca_tema.fw_.png\",\"width\":400,\"height\":232,\"caption\":\"Portal Not\u00edcia em Pauta\"},\"image\":{\"@id\":\"https:\/\/noticiaempauta.com\/portal\/#\/schema\/logo\/image\/\"},\"sameAs\":[\"https:\/\/www.facebook.com\/Portal-Notcia-Em-Pauta-102292869264820\/\",\"https:\/\/www.instagram.com\/portalnoticiaempauta\/\"]},{\"@type\":\"Person\",\"@id\":\"https:\/\/noticiaempauta.com\/portal\/#\/schema\/person\/a74af43dd1ab3deca45f988c717d57ac\",\"name\":\"Reda\u00e7\u00e3o\",\"image\":{\"@type\":\"ImageObject\",\"inLanguage\":\"pt-BR\",\"@id\":\"https:\/\/noticiaempauta.com\/portal\/#\/schema\/person\/image\/\",\"url\":\"https:\/\/secure.gravatar.com\/avatar\/03179346ecce6cdfc13361603e8f54242a90e5cde8618fa23c5c00aa2b0aadf3?s=96&d=mm&r=g\",\"contentUrl\":\"https:\/\/secure.gravatar.com\/avatar\/03179346ecce6cdfc13361603e8f54242a90e5cde8618fa23c5c00aa2b0aadf3?s=96&d=mm&r=g\",\"caption\":\"Reda\u00e7\u00e3o\"},\"sameAs\":[\"https:\/\/noticiaempauta.com\/portal\/\"],\"url\":\"https:\/\/noticiaempauta.com\/portal\/author\/fernando\/\"}]}<\/script>\n<!-- \/ Yoast SEO Premium plugin. -->","yoast_head_json":{"title":"Piau\u00ed registra mais de 8 mil pris\u00f5es por viol\u00eancia contra a mulher em dois anos - Portal Not\u00edcia em Pauta","robots":{"index":"index","follow":"follow","max-snippet":"max-snippet:-1","max-image-preview":"max-image-preview:large","max-video-preview":"max-video-preview:-1"},"canonical":"https:\/\/noticiaempauta.com\/portal\/piaui-registra-mais-de-8-mil-prisoes-por-violencia-contra-a-mulher-em-dois-anos\/","og_locale":"pt_BR","og_type":"article","og_title":"Piau\u00ed registra mais de 8 mil pris\u00f5es por viol\u00eancia contra a mulher em dois anos","og_description":"O Piau\u00ed prendeu 8.188 agressores de mulheres entre 2023 e 2025. Os dados s\u00e3o da Secretaria da Seguran\u00e7a P\u00fablica (SSP).&nbsp;Somente nos casos de viol\u00eancia dom\u00e9stica, o n\u00famero de pris\u00f5es em flagrante aumentou 78% no per\u00edodo, indicando uma resposta policial mais r\u00e1pida \u00e0s ocorr\u00eancias registradas.&nbsp; Em 2025, o estado tamb\u00e9m apresentou&nbsp;redu\u00e7\u00e3o de 5% nos feminic\u00eddios em [&hellip;]","og_url":"https:\/\/noticiaempauta.com\/portal\/piaui-registra-mais-de-8-mil-prisoes-por-violencia-contra-a-mulher-em-dois-anos\/","og_site_name":"Portal Not\u00edcia em Pauta","article_publisher":"https:\/\/www.facebook.com\/Portal-Notcia-Em-Pauta-102292869264820\/","article_published_time":"2026-01-12T11:57:06+00:00","article_modified_time":"2026-01-12T11:57:07+00:00","og_image":[{"width":1000,"height":667,"url":"https:\/\/noticiaempauta.com\/portal\/wp-content\/uploads\/2026\/01\/Patrulha-Maria-da-Penha1.webp","type":"image\/webp"}],"author":"Reda\u00e7\u00e3o","twitter_card":"summary_large_image","twitter_misc":{"Escrito por":"Reda\u00e7\u00e3o","Est. tempo de leitura":"3 minutos"},"schema":{"@context":"https:\/\/schema.org","@graph":[{"@type":"Article","@id":"https:\/\/noticiaempauta.com\/portal\/piaui-registra-mais-de-8-mil-prisoes-por-violencia-contra-a-mulher-em-dois-anos\/#article","isPartOf":{"@id":"https:\/\/noticiaempauta.com\/portal\/piaui-registra-mais-de-8-mil-prisoes-por-violencia-contra-a-mulher-em-dois-anos\/"},"author":{"name":"Reda\u00e7\u00e3o","@id":"https:\/\/noticiaempauta.com\/portal\/#\/schema\/person\/a74af43dd1ab3deca45f988c717d57ac"},"headline":"Piau\u00ed registra mais de 8 mil pris\u00f5es por viol\u00eancia contra a mulher em dois anos","datePublished":"2026-01-12T11:57:06+00:00","dateModified":"2026-01-12T11:57:07+00:00","mainEntityOfPage":{"@id":"https:\/\/noticiaempauta.com\/portal\/piaui-registra-mais-de-8-mil-prisoes-por-violencia-contra-a-mulher-em-dois-anos\/"},"wordCount":438,"publisher":{"@id":"https:\/\/noticiaempauta.com\/portal\/#organization"},"image":{"@id":"https:\/\/noticiaempauta.com\/portal\/piaui-registra-mais-de-8-mil-prisoes-por-violencia-contra-a-mulher-em-dois-anos\/#primaryimage"},"thumbnailUrl":"https:\/\/noticiaempauta.com\/portal\/wp-content\/uploads\/2026\/01\/Patrulha-Maria-da-Penha1.webp","keywords":["destaqueprincipal"],"articleSection":["Destaques","Geral","Pol\u00edcia","Todas as Not\u00edcias"],"inLanguage":"pt-BR"},{"@type":"WebPage","@id":"https:\/\/noticiaempauta.com\/portal\/piaui-registra-mais-de-8-mil-prisoes-por-violencia-contra-a-mulher-em-dois-anos\/","url":"https:\/\/noticiaempauta.com\/portal\/piaui-registra-mais-de-8-mil-prisoes-por-violencia-contra-a-mulher-em-dois-anos\/","name":"Piau\u00ed registra mais de 8 mil pris\u00f5es por viol\u00eancia contra a mulher em dois anos - Portal Not\u00edcia em Pauta","isPartOf":{"@id":"https:\/\/noticiaempauta.com\/portal\/#website"},"primaryImageOfPage":{"@id":"https:\/\/noticiaempauta.com\/portal\/piaui-registra-mais-de-8-mil-prisoes-por-violencia-contra-a-mulher-em-dois-anos\/#primaryimage"},"image":{"@id":"https:\/\/noticiaempauta.com\/portal\/piaui-registra-mais-de-8-mil-prisoes-por-violencia-contra-a-mulher-em-dois-anos\/#primaryimage"},"thumbnailUrl":"https:\/\/noticiaempauta.com\/portal\/wp-content\/uploads\/2026\/01\/Patrulha-Maria-da-Penha1.webp","datePublished":"2026-01-12T11:57:06+00:00","dateModified":"2026-01-12T11:57:07+00:00","breadcrumb":{"@id":"https:\/\/noticiaempauta.com\/portal\/piaui-registra-mais-de-8-mil-prisoes-por-violencia-contra-a-mulher-em-dois-anos\/#breadcrumb"},"inLanguage":"pt-BR","potentialAction":[{"@type":"ReadAction","target":["https:\/\/noticiaempauta.com\/portal\/piaui-registra-mais-de-8-mil-prisoes-por-violencia-contra-a-mulher-em-dois-anos\/"]}]},{"@type":"ImageObject","inLanguage":"pt-BR","@id":"https:\/\/noticiaempauta.com\/portal\/piaui-registra-mais-de-8-mil-prisoes-por-violencia-contra-a-mulher-em-dois-anos\/#primaryimage","url":"https:\/\/noticiaempauta.com\/portal\/wp-content\/uploads\/2026\/01\/Patrulha-Maria-da-Penha1.webp","contentUrl":"https:\/\/noticiaempauta.com\/portal\/wp-content\/uploads\/2026\/01\/Patrulha-Maria-da-Penha1.webp","width":1000,"height":667,"caption":"(Foto: SSP-PI)"},{"@type":"BreadcrumbList","@id":"https:\/\/noticiaempauta.com\/portal\/piaui-registra-mais-de-8-mil-prisoes-por-violencia-contra-a-mulher-em-dois-anos\/#breadcrumb","itemListElement":[{"@type":"ListItem","position":1,"name":"P\u00e1gina Inicial","item":"https:\/\/noticiaempauta.com\/portal\/"},{"@type":"ListItem","position":2,"name":"Destaques","item":"https:\/\/noticiaempauta.com\/portal\/destaques-site\/"},{"@type":"ListItem","position":3,"name":"Piau\u00ed registra mais de 8 mil pris\u00f5es por viol\u00eancia contra a mulher em dois anos"}]},{"@type":"WebSite","@id":"https:\/\/noticiaempauta.com\/portal\/#website","url":"https:\/\/noticiaempauta.com\/portal\/","name":"Portal Not\u00edcia em Pauta","description":"Voc\u00ea bem informado","publisher":{"@id":"https:\/\/noticiaempauta.com\/portal\/#organization"},"potentialAction":[{"@type":"SearchAction","target":{"@type":"EntryPoint","urlTemplate":"https:\/\/noticiaempauta.com\/portal\/?s={search_term_string}"},"query-input":{"@type":"PropertyValueSpecification","valueRequired":true,"valueName":"search_term_string"}}],"inLanguage":"pt-BR"},{"@type":"Organization","@id":"https:\/\/noticiaempauta.com\/portal\/#organization","name":"Portal Not\u00edcia em Pauta","url":"https:\/\/noticiaempauta.com\/portal\/","logo":{"@type":"ImageObject","inLanguage":"pt-BR","@id":"https:\/\/noticiaempauta.com\/portal\/#\/schema\/logo\/image\/","url":"https:\/\/noticiaempauta.com\/portal\/wp-content\/uploads\/2022\/08\/logomarca_tema.fw_.png","contentUrl":"https:\/\/noticiaempauta.com\/portal\/wp-content\/uploads\/2022\/08\/logomarca_tema.fw_.png","width":400,"height":232,"caption":"Portal Not\u00edcia em Pauta"},"image":{"@id":"https:\/\/noticiaempauta.com\/portal\/#\/schema\/logo\/image\/"},"sameAs":["https:\/\/www.facebook.com\/Portal-Notcia-Em-Pauta-102292869264820\/","https:\/\/www.instagram.com\/portalnoticiaempauta\/"]},{"@type":"Person","@id":"https:\/\/noticiaempauta.com\/portal\/#\/schema\/person\/a74af43dd1ab3deca45f988c717d57ac","name":"Reda\u00e7\u00e3o","image":{"@type":"ImageObject","inLanguage":"pt-BR","@id":"https:\/\/noticiaempauta.com\/portal\/#\/schema\/person\/image\/","url":"https:\/\/secure.gravatar.com\/avatar\/03179346ecce6cdfc13361603e8f54242a90e5cde8618fa23c5c00aa2b0aadf3?s=96&d=mm&r=g","contentUrl":"https:\/\/secure.gravatar.com\/avatar\/03179346ecce6cdfc13361603e8f54242a90e5cde8618fa23c5c00aa2b0aadf3?s=96&d=mm&r=g","caption":"Reda\u00e7\u00e3o"},"sameAs":["https:\/\/noticiaempauta.com\/portal\/"],"url":"https:\/\/noticiaempauta.com\/portal\/author\/fernando\/"}]}},"_links":{"self":[{"href":"https:\/\/noticiaempauta.com\/portal\/wp-json\/wp\/v2\/posts\/283865","targetHints":{"allow":["GET"]}}],"collection":[{"href":"https:\/\/noticiaempauta.com\/portal\/wp-json\/wp\/v2\/posts"}],"about":[{"href":"https:\/\/noticiaempauta.com\/portal\/wp-json\/wp\/v2\/types\/post"}],"author":[{"embeddable":true,"href":"https:\/\/noticiaempauta.com\/portal\/wp-json\/wp\/v2\/users\/2"}],"replies":[{"embeddable":true,"href":"https:\/\/noticiaempauta.com\/portal\/wp-json\/wp\/v2\/comments?post=283865"}],"version-history":[{"count":2,"href":"https:\/\/noticiaempauta.com\/portal\/wp-json\/wp\/v2\/posts\/283865\/revisions"}],"predecessor-version":[{"id":283868,"href":"https:\/\/noticiaempauta.com\/portal\/wp-json\/wp\/v2\/posts\/283865\/revisions\/283868"}],"wp:featuredmedia":[{"embeddable":true,"href":"https:\/\/noticiaempauta.com\/portal\/wp-json\/wp\/v2\/media\/283866"}],"wp:attachment":[{"href":"https:\/\/noticiaempauta.com\/portal\/wp-json\/wp\/v2\/media?parent=283865"}],"wp:term":[{"taxonomy":"category","embeddable":true,"href":"https:\/\/noticiaempauta.com\/portal\/wp-json\/wp\/v2\/categories?post=283865"},{"taxonomy":"post_tag","embeddable":true,"href":"https:\/\/noticiaempauta.com\/portal\/wp-json\/wp\/v2\/tags?post=283865"}],"curies":[{"name":"wp","href":"https:\/\/api.w.org\/{rel}","templated":true}]}}