{"id":283897,"date":"2026-01-13T07:49:09","date_gmt":"2026-01-13T10:49:09","guid":{"rendered":"https:\/\/noticiaempauta.com\/portal\/?p=283897"},"modified":"2026-01-13T07:49:10","modified_gmt":"2026-01-13T10:49:10","slug":"grupo-suspeito-de-homicidios-e-de-intimidar-moradores-e-alvo-de-operacao-no-piaui","status":"publish","type":"post","link":"https:\/\/noticiaempauta.com\/portal\/grupo-suspeito-de-homicidios-e-de-intimidar-moradores-e-alvo-de-operacao-no-piaui\/","title":{"rendered":"Grupo suspeito de homic\u00eddios e de intimidar moradores \u00e9 alvo de opera\u00e7\u00e3o no Piau\u00ed"},"content":{"rendered":"\n<p>Uma opera\u00e7\u00e3o integrada das for\u00e7as de seguran\u00e7a foi deflagrada na manh\u00e3 desta ter\u00e7a-feira (13) nos munic\u00edpios de<strong>&nbsp;Manoel Em\u00eddio, Eliseu Martins e Col\u00f4nia do Gurgu\u00e9ia<\/strong>, no Sul do Piau\u00ed, com o objetivo de desarticular uma&nbsp;<strong>organiza\u00e7\u00e3o criminosa investigada por atua\u00e7\u00e3o violenta na regi\u00e3o.<\/strong><\/p>\n\n\n\n<figure class=\"wp-block-image size-full\"><img fetchpriority=\"high\" decoding=\"async\" width=\"790\" height=\"444\" src=\"https:\/\/noticiaempauta.com\/portal\/wp-content\/uploads\/2026\/01\/IMG_1108.webp\" alt=\"\" class=\"wp-image-283898\" srcset=\"https:\/\/noticiaempauta.com\/portal\/wp-content\/uploads\/2026\/01\/IMG_1108.webp 790w, https:\/\/noticiaempauta.com\/portal\/wp-content\/uploads\/2026\/01\/IMG_1108-300x169.webp 300w, https:\/\/noticiaempauta.com\/portal\/wp-content\/uploads\/2026\/01\/IMG_1108-768x432.webp 768w\" sizes=\"(max-width: 790px) 100vw, 790px\" \/><figcaption class=\"wp-element-caption\">(Fotos: SSP-PI)<\/figcaption><\/figure>\n\n\n\n<p>Durante a a\u00e7\u00e3o, foram cumpridos 18 mandados judiciais, entre pris\u00f5es e buscas e apreens\u00f5es.<\/p>\n\n\n\n<p>Segundo a Pol\u00edcia Civil,&nbsp;<strong>o grupo&nbsp;exercia forte influ\u00eancia criminosa nos munic\u00edpios alvos da opera\u00e7\u00e3o e vinha sendo apontado como respons\u00e1vel por epis\u00f3dios de viol\u00eancia que geravam medo e inseguran\u00e7a entre os moradores.<\/strong><\/p>\n\n\n\n<figure class=\"wp-block-image size-full\"><img decoding=\"async\" width=\"790\" height=\"600\" src=\"https:\/\/noticiaempauta.com\/portal\/wp-content\/uploads\/2026\/01\/IMG_1109.webp\" alt=\"\" class=\"wp-image-283899\" srcset=\"https:\/\/noticiaempauta.com\/portal\/wp-content\/uploads\/2026\/01\/IMG_1109.webp 790w, https:\/\/noticiaempauta.com\/portal\/wp-content\/uploads\/2026\/01\/IMG_1109-300x228.webp 300w, https:\/\/noticiaempauta.com\/portal\/wp-content\/uploads\/2026\/01\/IMG_1109-768x583.webp 768w\" sizes=\"(max-width: 790px) 100vw, 790px\" \/><\/figure>\n\n\n\n<p>O delegado Charles Pessoa, do Departamento de Repress\u00e3o \u00e0s A\u00e7\u00f5es Criminosas Organizadas (Draco), destacou que&nbsp;<strong>a organiza\u00e7\u00e3o criminosa \u00e9 apontada como respons\u00e1vel por homic\u00eddios e outros crimes de alta gravidade registrados na regi\u00e3o.<\/strong>&nbsp;Ele explicou que&nbsp;<strong>o grupo utilizava as redes sociais como ferramenta de intimida\u00e7\u00e3o, publicando v\u00eddeos com exibi\u00e7\u00e3o de armas de fogo para refor\u00e7ar o dom\u00ednio territorial.<\/strong><\/p>\n\n\n\n<blockquote class=\"wp-block-quote is-layout-flow wp-block-quote-is-layout-flow\">\n<p>\u201cA partir de um trabalho investigativo aprofundado, foi poss\u00edvel identificar e atingir um n\u00facleo de uma organiza\u00e7\u00e3o criminosa respons\u00e1vel por homic\u00eddios e por outros delitos de alta gravidade. As investiga\u00e7\u00f5es tamb\u00e9m revelaram que os suspeitos utilizavam as redes sociais para a divulga\u00e7\u00e3o de v\u00eddeos com exibi\u00e7\u00e3o de armas de fogo, com o objetivo de intimidar a popula\u00e7\u00e3o e refor\u00e7ar a sensa\u00e7\u00e3o de poder na regi\u00e3o. Diante desse cen\u00e1rio, as for\u00e7as de seguran\u00e7a atuam de forma integrada para desarticular completamente essa estrutura criminosa, com a\u00e7\u00f5es cont\u00ednuas e planejadas que seguir\u00e3o sendo intensificadas em outros munic\u00edpios do estado\u201d, afirmou.<\/p>\n<\/blockquote>\n\n\n\n<p>A a\u00e7\u00e3o foi coordenada pela Diretoria de Pol\u00edcia do Interior, pela Diretoria de Intelig\u00eancia e pela Delegacia Seccional de Bom Jesus, com apoio do Departamento de Repress\u00e3o \u00e0s A\u00e7\u00f5es Criminosas Organizadas (Draco), do Batalh\u00e3o de Opera\u00e7\u00f5es A\u00e9reas (BOPAER), do Batalh\u00e3o Especial de Policiamento do Interior (BEPI), da Companhia da Pol\u00edcia Militar de Col\u00f4nia do Gurgu\u00e9ia, do Batalh\u00e3o da Pol\u00edcia Militar de Canto do Buriti, al\u00e9m das Delegacias Seccionais de Canto do Buriti e de Uru\u00e7u\u00ed.<\/p>\n\n\n\n<p>Fonte: Cidade Verde<\/p>\n\n\n\n<p><\/p>\n","protected":false},"excerpt":{"rendered":"<p>Uma opera\u00e7\u00e3o integrada das for\u00e7as de seguran\u00e7a foi deflagrada na manh\u00e3 desta ter\u00e7a-feira (13) nos munic\u00edpios de&nbsp;Manoel Em\u00eddio, Eliseu Martins e Col\u00f4nia do Gurgu\u00e9ia, no Sul do Piau\u00ed, com o objetivo de desarticular uma&nbsp;organiza\u00e7\u00e3o criminosa investigada por atua\u00e7\u00e3o violenta na regi\u00e3o. Durante a a\u00e7\u00e3o, foram cumpridos 18 mandados judiciais, entre pris\u00f5es e buscas e apreens\u00f5es. [&hellip;]<\/p>\n","protected":false},"author":2,"featured_media":283898,"comment_status":"closed","ping_status":"closed","sticky":false,"template":"","format":"standard","meta":{"_mi_skip_tracking":false,"footnotes":""},"categories":[25,1,9,137,16],"tags":[192],"class_list":["post-283897","post","type-post","status-publish","format-standard","has-post-thumbnail","hentry","category-destaques-site","category-geral","category-municipios","category-policia","category-todas","tag-destaqueprincipal"],"acf":[],"yoast_head":"<!-- This site is optimized with the Yoast SEO Premium plugin v19.2 (Yoast SEO v26.9) - https:\/\/yoast.com\/product\/yoast-seo-premium-wordpress\/ -->\n<title>Grupo suspeito de homic\u00eddios e de intimidar moradores \u00e9 alvo de opera\u00e7\u00e3o no Piau\u00ed - Portal Not\u00edcia em Pauta<\/title>\n<meta name=\"robots\" content=\"index, follow, max-snippet:-1, max-image-preview:large, max-video-preview:-1\" \/>\n<link rel=\"canonical\" href=\"https:\/\/noticiaempauta.com\/portal\/grupo-suspeito-de-homicidios-e-de-intimidar-moradores-e-alvo-de-operacao-no-piaui\/\" \/>\n<meta property=\"og:locale\" content=\"pt_BR\" \/>\n<meta property=\"og:type\" content=\"article\" \/>\n<meta property=\"og:title\" content=\"Grupo suspeito de homic\u00eddios e de intimidar moradores \u00e9 alvo de opera\u00e7\u00e3o no Piau\u00ed\" \/>\n<meta property=\"og:description\" content=\"Uma opera\u00e7\u00e3o integrada das for\u00e7as de seguran\u00e7a foi deflagrada na manh\u00e3 desta ter\u00e7a-feira (13) nos munic\u00edpios de&nbsp;Manoel Em\u00eddio, Eliseu Martins e Col\u00f4nia do Gurgu\u00e9ia, no Sul do Piau\u00ed, com o objetivo de desarticular uma&nbsp;organiza\u00e7\u00e3o criminosa investigada por atua\u00e7\u00e3o violenta na regi\u00e3o. Durante a a\u00e7\u00e3o, foram cumpridos 18 mandados judiciais, entre pris\u00f5es e buscas e apreens\u00f5es. [&hellip;]\" \/>\n<meta property=\"og:url\" content=\"https:\/\/noticiaempauta.com\/portal\/grupo-suspeito-de-homicidios-e-de-intimidar-moradores-e-alvo-de-operacao-no-piaui\/\" \/>\n<meta property=\"og:site_name\" content=\"Portal Not\u00edcia em Pauta\" \/>\n<meta property=\"article:publisher\" content=\"https:\/\/www.facebook.com\/Portal-Notcia-Em-Pauta-102292869264820\/\" \/>\n<meta property=\"article:published_time\" content=\"2026-01-13T10:49:09+00:00\" \/>\n<meta property=\"article:modified_time\" content=\"2026-01-13T10:49:10+00:00\" \/>\n<meta property=\"og:image\" content=\"https:\/\/noticiaempauta.com\/portal\/wp-content\/uploads\/2026\/01\/IMG_1108.webp\" \/>\n\t<meta property=\"og:image:width\" content=\"790\" \/>\n\t<meta property=\"og:image:height\" content=\"444\" \/>\n\t<meta property=\"og:image:type\" content=\"image\/webp\" \/>\n<meta name=\"author\" content=\"Reda\u00e7\u00e3o\" \/>\n<meta name=\"twitter:card\" content=\"summary_large_image\" \/>\n<meta name=\"twitter:label1\" content=\"Escrito por\" \/>\n\t<meta name=\"twitter:data1\" content=\"Reda\u00e7\u00e3o\" \/>\n\t<meta name=\"twitter:label2\" content=\"Est. tempo de leitura\" \/>\n\t<meta name=\"twitter:data2\" content=\"2 minutos\" \/>\n<script type=\"application\/ld+json\" class=\"yoast-schema-graph\">{\"@context\":\"https:\/\/schema.org\",\"@graph\":[{\"@type\":\"Article\",\"@id\":\"https:\/\/noticiaempauta.com\/portal\/grupo-suspeito-de-homicidios-e-de-intimidar-moradores-e-alvo-de-operacao-no-piaui\/#article\",\"isPartOf\":{\"@id\":\"https:\/\/noticiaempauta.com\/portal\/grupo-suspeito-de-homicidios-e-de-intimidar-moradores-e-alvo-de-operacao-no-piaui\/\"},\"author\":{\"name\":\"Reda\u00e7\u00e3o\",\"@id\":\"https:\/\/noticiaempauta.com\/portal\/#\/schema\/person\/a74af43dd1ab3deca45f988c717d57ac\"},\"headline\":\"Grupo suspeito de homic\u00eddios e de intimidar moradores \u00e9 alvo de opera\u00e7\u00e3o no Piau\u00ed\",\"datePublished\":\"2026-01-13T10:49:09+00:00\",\"dateModified\":\"2026-01-13T10:49:10+00:00\",\"mainEntityOfPage\":{\"@id\":\"https:\/\/noticiaempauta.com\/portal\/grupo-suspeito-de-homicidios-e-de-intimidar-moradores-e-alvo-de-operacao-no-piaui\/\"},\"wordCount\":415,\"publisher\":{\"@id\":\"https:\/\/noticiaempauta.com\/portal\/#organization\"},\"image\":{\"@id\":\"https:\/\/noticiaempauta.com\/portal\/grupo-suspeito-de-homicidios-e-de-intimidar-moradores-e-alvo-de-operacao-no-piaui\/#primaryimage\"},\"thumbnailUrl\":\"https:\/\/noticiaempauta.com\/portal\/wp-content\/uploads\/2026\/01\/IMG_1108.webp\",\"keywords\":[\"destaqueprincipal\"],\"articleSection\":[\"Destaques\",\"Geral\",\"Munic\u00edpios\",\"Pol\u00edcia\",\"Todas as Not\u00edcias\"],\"inLanguage\":\"pt-BR\"},{\"@type\":\"WebPage\",\"@id\":\"https:\/\/noticiaempauta.com\/portal\/grupo-suspeito-de-homicidios-e-de-intimidar-moradores-e-alvo-de-operacao-no-piaui\/\",\"url\":\"https:\/\/noticiaempauta.com\/portal\/grupo-suspeito-de-homicidios-e-de-intimidar-moradores-e-alvo-de-operacao-no-piaui\/\",\"name\":\"Grupo suspeito de homic\u00eddios e de intimidar moradores \u00e9 alvo de opera\u00e7\u00e3o no Piau\u00ed - Portal Not\u00edcia em Pauta\",\"isPartOf\":{\"@id\":\"https:\/\/noticiaempauta.com\/portal\/#website\"},\"primaryImageOfPage\":{\"@id\":\"https:\/\/noticiaempauta.com\/portal\/grupo-suspeito-de-homicidios-e-de-intimidar-moradores-e-alvo-de-operacao-no-piaui\/#primaryimage\"},\"image\":{\"@id\":\"https:\/\/noticiaempauta.com\/portal\/grupo-suspeito-de-homicidios-e-de-intimidar-moradores-e-alvo-de-operacao-no-piaui\/#primaryimage\"},\"thumbnailUrl\":\"https:\/\/noticiaempauta.com\/portal\/wp-content\/uploads\/2026\/01\/IMG_1108.webp\",\"datePublished\":\"2026-01-13T10:49:09+00:00\",\"dateModified\":\"2026-01-13T10:49:10+00:00\",\"breadcrumb\":{\"@id\":\"https:\/\/noticiaempauta.com\/portal\/grupo-suspeito-de-homicidios-e-de-intimidar-moradores-e-alvo-de-operacao-no-piaui\/#breadcrumb\"},\"inLanguage\":\"pt-BR\",\"potentialAction\":[{\"@type\":\"ReadAction\",\"target\":[\"https:\/\/noticiaempauta.com\/portal\/grupo-suspeito-de-homicidios-e-de-intimidar-moradores-e-alvo-de-operacao-no-piaui\/\"]}]},{\"@type\":\"ImageObject\",\"inLanguage\":\"pt-BR\",\"@id\":\"https:\/\/noticiaempauta.com\/portal\/grupo-suspeito-de-homicidios-e-de-intimidar-moradores-e-alvo-de-operacao-no-piaui\/#primaryimage\",\"url\":\"https:\/\/noticiaempauta.com\/portal\/wp-content\/uploads\/2026\/01\/IMG_1108.webp\",\"contentUrl\":\"https:\/\/noticiaempauta.com\/portal\/wp-content\/uploads\/2026\/01\/IMG_1108.webp\",\"width\":790,\"height\":444},{\"@type\":\"BreadcrumbList\",\"@id\":\"https:\/\/noticiaempauta.com\/portal\/grupo-suspeito-de-homicidios-e-de-intimidar-moradores-e-alvo-de-operacao-no-piaui\/#breadcrumb\",\"itemListElement\":[{\"@type\":\"ListItem\",\"position\":1,\"name\":\"P\u00e1gina Inicial\",\"item\":\"https:\/\/noticiaempauta.com\/portal\/\"},{\"@type\":\"ListItem\",\"position\":2,\"name\":\"Destaques\",\"item\":\"https:\/\/noticiaempauta.com\/portal\/destaques-site\/\"},{\"@type\":\"ListItem\",\"position\":3,\"name\":\"Grupo suspeito de homic\u00eddios e de intimidar moradores \u00e9 alvo de opera\u00e7\u00e3o no Piau\u00ed\"}]},{\"@type\":\"WebSite\",\"@id\":\"https:\/\/noticiaempauta.com\/portal\/#website\",\"url\":\"https:\/\/noticiaempauta.com\/portal\/\",\"name\":\"Portal Not\u00edcia em Pauta\",\"description\":\"Voc\u00ea bem informado\",\"publisher\":{\"@id\":\"https:\/\/noticiaempauta.com\/portal\/#organization\"},\"potentialAction\":[{\"@type\":\"SearchAction\",\"target\":{\"@type\":\"EntryPoint\",\"urlTemplate\":\"https:\/\/noticiaempauta.com\/portal\/?s={search_term_string}\"},\"query-input\":{\"@type\":\"PropertyValueSpecification\",\"valueRequired\":true,\"valueName\":\"search_term_string\"}}],\"inLanguage\":\"pt-BR\"},{\"@type\":\"Organization\",\"@id\":\"https:\/\/noticiaempauta.com\/portal\/#organization\",\"name\":\"Portal Not\u00edcia em Pauta\",\"url\":\"https:\/\/noticiaempauta.com\/portal\/\",\"logo\":{\"@type\":\"ImageObject\",\"inLanguage\":\"pt-BR\",\"@id\":\"https:\/\/noticiaempauta.com\/portal\/#\/schema\/logo\/image\/\",\"url\":\"https:\/\/noticiaempauta.com\/portal\/wp-content\/uploads\/2022\/08\/logomarca_tema.fw_.png\",\"contentUrl\":\"https:\/\/noticiaempauta.com\/portal\/wp-content\/uploads\/2022\/08\/logomarca_tema.fw_.png\",\"width\":400,\"height\":232,\"caption\":\"Portal Not\u00edcia em Pauta\"},\"image\":{\"@id\":\"https:\/\/noticiaempauta.com\/portal\/#\/schema\/logo\/image\/\"},\"sameAs\":[\"https:\/\/www.facebook.com\/Portal-Notcia-Em-Pauta-102292869264820\/\",\"https:\/\/www.instagram.com\/portalnoticiaempauta\/\"]},{\"@type\":\"Person\",\"@id\":\"https:\/\/noticiaempauta.com\/portal\/#\/schema\/person\/a74af43dd1ab3deca45f988c717d57ac\",\"name\":\"Reda\u00e7\u00e3o\",\"image\":{\"@type\":\"ImageObject\",\"inLanguage\":\"pt-BR\",\"@id\":\"https:\/\/noticiaempauta.com\/portal\/#\/schema\/person\/image\/\",\"url\":\"https:\/\/secure.gravatar.com\/avatar\/03179346ecce6cdfc13361603e8f54242a90e5cde8618fa23c5c00aa2b0aadf3?s=96&d=mm&r=g\",\"contentUrl\":\"https:\/\/secure.gravatar.com\/avatar\/03179346ecce6cdfc13361603e8f54242a90e5cde8618fa23c5c00aa2b0aadf3?s=96&d=mm&r=g\",\"caption\":\"Reda\u00e7\u00e3o\"},\"sameAs\":[\"https:\/\/noticiaempauta.com\/portal\/\"],\"url\":\"https:\/\/noticiaempauta.com\/portal\/author\/fernando\/\"}]}<\/script>\n<!-- \/ Yoast SEO Premium plugin. -->","yoast_head_json":{"title":"Grupo suspeito de homic\u00eddios e de intimidar moradores \u00e9 alvo de opera\u00e7\u00e3o no Piau\u00ed - Portal Not\u00edcia em Pauta","robots":{"index":"index","follow":"follow","max-snippet":"max-snippet:-1","max-image-preview":"max-image-preview:large","max-video-preview":"max-video-preview:-1"},"canonical":"https:\/\/noticiaempauta.com\/portal\/grupo-suspeito-de-homicidios-e-de-intimidar-moradores-e-alvo-de-operacao-no-piaui\/","og_locale":"pt_BR","og_type":"article","og_title":"Grupo suspeito de homic\u00eddios e de intimidar moradores \u00e9 alvo de opera\u00e7\u00e3o no Piau\u00ed","og_description":"Uma opera\u00e7\u00e3o integrada das for\u00e7as de seguran\u00e7a foi deflagrada na manh\u00e3 desta ter\u00e7a-feira (13) nos munic\u00edpios de&nbsp;Manoel Em\u00eddio, Eliseu Martins e Col\u00f4nia do Gurgu\u00e9ia, no Sul do Piau\u00ed, com o objetivo de desarticular uma&nbsp;organiza\u00e7\u00e3o criminosa investigada por atua\u00e7\u00e3o violenta na regi\u00e3o. Durante a a\u00e7\u00e3o, foram cumpridos 18 mandados judiciais, entre pris\u00f5es e buscas e apreens\u00f5es. [&hellip;]","og_url":"https:\/\/noticiaempauta.com\/portal\/grupo-suspeito-de-homicidios-e-de-intimidar-moradores-e-alvo-de-operacao-no-piaui\/","og_site_name":"Portal Not\u00edcia em Pauta","article_publisher":"https:\/\/www.facebook.com\/Portal-Notcia-Em-Pauta-102292869264820\/","article_published_time":"2026-01-13T10:49:09+00:00","article_modified_time":"2026-01-13T10:49:10+00:00","og_image":[{"width":790,"height":444,"url":"https:\/\/noticiaempauta.com\/portal\/wp-content\/uploads\/2026\/01\/IMG_1108.webp","type":"image\/webp"}],"author":"Reda\u00e7\u00e3o","twitter_card":"summary_large_image","twitter_misc":{"Escrito por":"Reda\u00e7\u00e3o","Est. tempo de leitura":"2 minutos"},"schema":{"@context":"https:\/\/schema.org","@graph":[{"@type":"Article","@id":"https:\/\/noticiaempauta.com\/portal\/grupo-suspeito-de-homicidios-e-de-intimidar-moradores-e-alvo-de-operacao-no-piaui\/#article","isPartOf":{"@id":"https:\/\/noticiaempauta.com\/portal\/grupo-suspeito-de-homicidios-e-de-intimidar-moradores-e-alvo-de-operacao-no-piaui\/"},"author":{"name":"Reda\u00e7\u00e3o","@id":"https:\/\/noticiaempauta.com\/portal\/#\/schema\/person\/a74af43dd1ab3deca45f988c717d57ac"},"headline":"Grupo suspeito de homic\u00eddios e de intimidar moradores \u00e9 alvo de opera\u00e7\u00e3o no Piau\u00ed","datePublished":"2026-01-13T10:49:09+00:00","dateModified":"2026-01-13T10:49:10+00:00","mainEntityOfPage":{"@id":"https:\/\/noticiaempauta.com\/portal\/grupo-suspeito-de-homicidios-e-de-intimidar-moradores-e-alvo-de-operacao-no-piaui\/"},"wordCount":415,"publisher":{"@id":"https:\/\/noticiaempauta.com\/portal\/#organization"},"image":{"@id":"https:\/\/noticiaempauta.com\/portal\/grupo-suspeito-de-homicidios-e-de-intimidar-moradores-e-alvo-de-operacao-no-piaui\/#primaryimage"},"thumbnailUrl":"https:\/\/noticiaempauta.com\/portal\/wp-content\/uploads\/2026\/01\/IMG_1108.webp","keywords":["destaqueprincipal"],"articleSection":["Destaques","Geral","Munic\u00edpios","Pol\u00edcia","Todas as Not\u00edcias"],"inLanguage":"pt-BR"},{"@type":"WebPage","@id":"https:\/\/noticiaempauta.com\/portal\/grupo-suspeito-de-homicidios-e-de-intimidar-moradores-e-alvo-de-operacao-no-piaui\/","url":"https:\/\/noticiaempauta.com\/portal\/grupo-suspeito-de-homicidios-e-de-intimidar-moradores-e-alvo-de-operacao-no-piaui\/","name":"Grupo suspeito de homic\u00eddios e de intimidar moradores \u00e9 alvo de opera\u00e7\u00e3o no Piau\u00ed - Portal Not\u00edcia em Pauta","isPartOf":{"@id":"https:\/\/noticiaempauta.com\/portal\/#website"},"primaryImageOfPage":{"@id":"https:\/\/noticiaempauta.com\/portal\/grupo-suspeito-de-homicidios-e-de-intimidar-moradores-e-alvo-de-operacao-no-piaui\/#primaryimage"},"image":{"@id":"https:\/\/noticiaempauta.com\/portal\/grupo-suspeito-de-homicidios-e-de-intimidar-moradores-e-alvo-de-operacao-no-piaui\/#primaryimage"},"thumbnailUrl":"https:\/\/noticiaempauta.com\/portal\/wp-content\/uploads\/2026\/01\/IMG_1108.webp","datePublished":"2026-01-13T10:49:09+00:00","dateModified":"2026-01-13T10:49:10+00:00","breadcrumb":{"@id":"https:\/\/noticiaempauta.com\/portal\/grupo-suspeito-de-homicidios-e-de-intimidar-moradores-e-alvo-de-operacao-no-piaui\/#breadcrumb"},"inLanguage":"pt-BR","potentialAction":[{"@type":"ReadAction","target":["https:\/\/noticiaempauta.com\/portal\/grupo-suspeito-de-homicidios-e-de-intimidar-moradores-e-alvo-de-operacao-no-piaui\/"]}]},{"@type":"ImageObject","inLanguage":"pt-BR","@id":"https:\/\/noticiaempauta.com\/portal\/grupo-suspeito-de-homicidios-e-de-intimidar-moradores-e-alvo-de-operacao-no-piaui\/#primaryimage","url":"https:\/\/noticiaempauta.com\/portal\/wp-content\/uploads\/2026\/01\/IMG_1108.webp","contentUrl":"https:\/\/noticiaempauta.com\/portal\/wp-content\/uploads\/2026\/01\/IMG_1108.webp","width":790,"height":444},{"@type":"BreadcrumbList","@id":"https:\/\/noticiaempauta.com\/portal\/grupo-suspeito-de-homicidios-e-de-intimidar-moradores-e-alvo-de-operacao-no-piaui\/#breadcrumb","itemListElement":[{"@type":"ListItem","position":1,"name":"P\u00e1gina Inicial","item":"https:\/\/noticiaempauta.com\/portal\/"},{"@type":"ListItem","position":2,"name":"Destaques","item":"https:\/\/noticiaempauta.com\/portal\/destaques-site\/"},{"@type":"ListItem","position":3,"name":"Grupo suspeito de homic\u00eddios e de intimidar moradores \u00e9 alvo de opera\u00e7\u00e3o no Piau\u00ed"}]},{"@type":"WebSite","@id":"https:\/\/noticiaempauta.com\/portal\/#website","url":"https:\/\/noticiaempauta.com\/portal\/","name":"Portal Not\u00edcia em Pauta","description":"Voc\u00ea bem informado","publisher":{"@id":"https:\/\/noticiaempauta.com\/portal\/#organization"},"potentialAction":[{"@type":"SearchAction","target":{"@type":"EntryPoint","urlTemplate":"https:\/\/noticiaempauta.com\/portal\/?s={search_term_string}"},"query-input":{"@type":"PropertyValueSpecification","valueRequired":true,"valueName":"search_term_string"}}],"inLanguage":"pt-BR"},{"@type":"Organization","@id":"https:\/\/noticiaempauta.com\/portal\/#organization","name":"Portal Not\u00edcia em Pauta","url":"https:\/\/noticiaempauta.com\/portal\/","logo":{"@type":"ImageObject","inLanguage":"pt-BR","@id":"https:\/\/noticiaempauta.com\/portal\/#\/schema\/logo\/image\/","url":"https:\/\/noticiaempauta.com\/portal\/wp-content\/uploads\/2022\/08\/logomarca_tema.fw_.png","contentUrl":"https:\/\/noticiaempauta.com\/portal\/wp-content\/uploads\/2022\/08\/logomarca_tema.fw_.png","width":400,"height":232,"caption":"Portal Not\u00edcia em Pauta"},"image":{"@id":"https:\/\/noticiaempauta.com\/portal\/#\/schema\/logo\/image\/"},"sameAs":["https:\/\/www.facebook.com\/Portal-Notcia-Em-Pauta-102292869264820\/","https:\/\/www.instagram.com\/portalnoticiaempauta\/"]},{"@type":"Person","@id":"https:\/\/noticiaempauta.com\/portal\/#\/schema\/person\/a74af43dd1ab3deca45f988c717d57ac","name":"Reda\u00e7\u00e3o","image":{"@type":"ImageObject","inLanguage":"pt-BR","@id":"https:\/\/noticiaempauta.com\/portal\/#\/schema\/person\/image\/","url":"https:\/\/secure.gravatar.com\/avatar\/03179346ecce6cdfc13361603e8f54242a90e5cde8618fa23c5c00aa2b0aadf3?s=96&d=mm&r=g","contentUrl":"https:\/\/secure.gravatar.com\/avatar\/03179346ecce6cdfc13361603e8f54242a90e5cde8618fa23c5c00aa2b0aadf3?s=96&d=mm&r=g","caption":"Reda\u00e7\u00e3o"},"sameAs":["https:\/\/noticiaempauta.com\/portal\/"],"url":"https:\/\/noticiaempauta.com\/portal\/author\/fernando\/"}]}},"_links":{"self":[{"href":"https:\/\/noticiaempauta.com\/portal\/wp-json\/wp\/v2\/posts\/283897","targetHints":{"allow":["GET"]}}],"collection":[{"href":"https:\/\/noticiaempauta.com\/portal\/wp-json\/wp\/v2\/posts"}],"about":[{"href":"https:\/\/noticiaempauta.com\/portal\/wp-json\/wp\/v2\/types\/post"}],"author":[{"embeddable":true,"href":"https:\/\/noticiaempauta.com\/portal\/wp-json\/wp\/v2\/users\/2"}],"replies":[{"embeddable":true,"href":"https:\/\/noticiaempauta.com\/portal\/wp-json\/wp\/v2\/comments?post=283897"}],"version-history":[{"count":2,"href":"https:\/\/noticiaempauta.com\/portal\/wp-json\/wp\/v2\/posts\/283897\/revisions"}],"predecessor-version":[{"id":283901,"href":"https:\/\/noticiaempauta.com\/portal\/wp-json\/wp\/v2\/posts\/283897\/revisions\/283901"}],"wp:featuredmedia":[{"embeddable":true,"href":"https:\/\/noticiaempauta.com\/portal\/wp-json\/wp\/v2\/media\/283898"}],"wp:attachment":[{"href":"https:\/\/noticiaempauta.com\/portal\/wp-json\/wp\/v2\/media?parent=283897"}],"wp:term":[{"taxonomy":"category","embeddable":true,"href":"https:\/\/noticiaempauta.com\/portal\/wp-json\/wp\/v2\/categories?post=283897"},{"taxonomy":"post_tag","embeddable":true,"href":"https:\/\/noticiaempauta.com\/portal\/wp-json\/wp\/v2\/tags?post=283897"}],"curies":[{"name":"wp","href":"https:\/\/api.w.org\/{rel}","templated":true}]}}