{"id":283905,"date":"2026-01-13T10:48:14","date_gmt":"2026-01-13T13:48:14","guid":{"rendered":"https:\/\/noticiaempauta.com\/portal\/?p=283905"},"modified":"2026-01-13T10:48:15","modified_gmt":"2026-01-13T13:48:15","slug":"inscricoes-para-concurso-da-seduc-pi-encerram-no-dia-20-de-janeiro","status":"publish","type":"post","link":"https:\/\/noticiaempauta.com\/portal\/inscricoes-para-concurso-da-seduc-pi-encerram-no-dia-20-de-janeiro\/","title":{"rendered":"Inscri\u00e7\u00f5es para concurso da Seduc-PI encerram no dia 20 de janeiro"},"content":{"rendered":"\n<p>As inscri\u00e7\u00f5es para o&nbsp;concurso p\u00fablico para professor da educa\u00e7\u00e3o b\u00e1sica estadual da Secretaria de Educa\u00e7\u00e3o do Piau\u00ed (Seduc) encerram na pr\u00f3xima ter\u00e7a-feira (20) \u00e0s 18h. As vagas se distribuem entre 2 mil imediatas e 2 mil para cadastro reserva. O edital contempla diversas \u00e1reas do conhecimento, como Arte, Educa\u00e7\u00e3o F\u00edsica, Biologia, Espanhol, Filosofia, F\u00edsica, Geografia, Hist\u00f3ria, Inform\u00e1tica, Ingl\u00eas, Matem\u00e1tica, L\u00edngua Portuguesa, Sociologia e Qu\u00edmica.<\/p>\n\n\n\n<figure class=\"wp-block-image size-large\"><img fetchpriority=\"high\" decoding=\"async\" width=\"1024\" height=\"682\" src=\"https:\/\/noticiaempauta.com\/portal\/wp-content\/uploads\/2026\/01\/P40G-IMG-9f3ce873b5a79d60c5-1024x682.webp\" alt=\"\" class=\"wp-image-283906\" srcset=\"https:\/\/noticiaempauta.com\/portal\/wp-content\/uploads\/2026\/01\/P40G-IMG-9f3ce873b5a79d60c5-1024x682.webp 1024w, https:\/\/noticiaempauta.com\/portal\/wp-content\/uploads\/2026\/01\/P40G-IMG-9f3ce873b5a79d60c5-300x200.webp 300w, https:\/\/noticiaempauta.com\/portal\/wp-content\/uploads\/2026\/01\/P40G-IMG-9f3ce873b5a79d60c5-768x512.webp 768w, https:\/\/noticiaempauta.com\/portal\/wp-content\/uploads\/2026\/01\/P40G-IMG-9f3ce873b5a79d60c5.webp 1536w\" sizes=\"(max-width: 1024px) 100vw, 1024px\" \/><figcaption class=\"wp-element-caption\"><em>(Foto: Ascom Seduc)<\/em><\/figcaption><\/figure>\n\n\n\n<p>No edital est\u00e1 previsto o sal\u00e1rio inicial do professor efetivo da rede estadual, que varia de acordo com a carga hor\u00e1ria. Em 2025, a remunera\u00e7\u00e3o era de R$ 2.492,09 para jornada de 20 horas semanais e de R$ 4.984,18 para 40 horas.&nbsp;A partir de maio de 2026, os valores passam para R$ 2.625,41, no regime de 20 horas, e R$ 5.250,83, para 40 horas semanais.<\/p>\n\n\n\n<p><strong>Inscri\u00e7\u00f5es<\/strong><\/p>\n\n\n\n<p>Os candidatos interessados devem se inscrever exclusivamente pela internet, no site da Cebraspe, banca organizadora da sele\u00e7\u00e3o. A taxa de inscri\u00e7\u00e3o \u00e9 de R$ 130 e deve ser paga at\u00e9 22 de janeiro, per\u00edodo do vencimento do boleto.<\/p>\n\n\n\n<p>As provas objetiva e discursiva est\u00e3o previstas para o dia 1\u00ba de mar\u00e7o de 2026. O cronograma prev\u00ea ainda etapas posteriores com prova did\u00e1tica e avalia\u00e7\u00e3o de t\u00edtulos, conforme edital.<\/p>\n\n\n\n<p>Confira o&nbsp;<a href=\"https:\/\/www.pi.gov.br\/wp-content\/uploads\/2026\/01\/Edital-Concurso-Seduc-PI-1.pdf\">Edital do Concurso Seduc PI<\/a>.<\/p>\n\n\n\n<p>Fonte: Governo do Piau\u00ed<\/p>\n","protected":false},"excerpt":{"rendered":"<p>As inscri\u00e7\u00f5es para o&nbsp;concurso p\u00fablico para professor da educa\u00e7\u00e3o b\u00e1sica estadual da Secretaria de Educa\u00e7\u00e3o do Piau\u00ed (Seduc) encerram na pr\u00f3xima ter\u00e7a-feira (20) \u00e0s 18h. As vagas se distribuem entre 2 mil imediatas e 2 mil para cadastro reserva. O edital contempla diversas \u00e1reas do conhecimento, como Arte, Educa\u00e7\u00e3o F\u00edsica, Biologia, Espanhol, Filosofia, F\u00edsica, Geografia, [&hellip;]<\/p>\n","protected":false},"author":2,"featured_media":283906,"comment_status":"closed","ping_status":"closed","sticky":false,"template":"","format":"standard","meta":{"_mi_skip_tracking":false,"footnotes":""},"categories":[25,1,16],"tags":[192],"class_list":["post-283905","post","type-post","status-publish","format-standard","has-post-thumbnail","hentry","category-destaques-site","category-geral","category-todas","tag-destaqueprincipal"],"acf":[],"yoast_head":"<!-- This site is optimized with the Yoast SEO Premium plugin v19.2 (Yoast SEO v26.9) - https:\/\/yoast.com\/product\/yoast-seo-premium-wordpress\/ -->\n<title>Inscri\u00e7\u00f5es para concurso da Seduc-PI encerram no dia 20 de janeiro - Portal Not\u00edcia em Pauta<\/title>\n<meta name=\"robots\" content=\"index, follow, max-snippet:-1, max-image-preview:large, max-video-preview:-1\" \/>\n<link rel=\"canonical\" href=\"https:\/\/noticiaempauta.com\/portal\/inscricoes-para-concurso-da-seduc-pi-encerram-no-dia-20-de-janeiro\/\" \/>\n<meta property=\"og:locale\" content=\"pt_BR\" \/>\n<meta property=\"og:type\" content=\"article\" \/>\n<meta property=\"og:title\" content=\"Inscri\u00e7\u00f5es para concurso da Seduc-PI encerram no dia 20 de janeiro\" \/>\n<meta property=\"og:description\" content=\"As inscri\u00e7\u00f5es para o&nbsp;concurso p\u00fablico para professor da educa\u00e7\u00e3o b\u00e1sica estadual da Secretaria de Educa\u00e7\u00e3o do Piau\u00ed (Seduc) encerram na pr\u00f3xima ter\u00e7a-feira (20) \u00e0s 18h. As vagas se distribuem entre 2 mil imediatas e 2 mil para cadastro reserva. O edital contempla diversas \u00e1reas do conhecimento, como Arte, Educa\u00e7\u00e3o F\u00edsica, Biologia, Espanhol, Filosofia, F\u00edsica, Geografia, [&hellip;]\" \/>\n<meta property=\"og:url\" content=\"https:\/\/noticiaempauta.com\/portal\/inscricoes-para-concurso-da-seduc-pi-encerram-no-dia-20-de-janeiro\/\" \/>\n<meta property=\"og:site_name\" content=\"Portal Not\u00edcia em Pauta\" \/>\n<meta property=\"article:publisher\" content=\"https:\/\/www.facebook.com\/Portal-Notcia-Em-Pauta-102292869264820\/\" \/>\n<meta property=\"article:published_time\" content=\"2026-01-13T13:48:14+00:00\" \/>\n<meta property=\"article:modified_time\" content=\"2026-01-13T13:48:15+00:00\" \/>\n<meta property=\"og:image\" content=\"https:\/\/noticiaempauta.com\/portal\/wp-content\/uploads\/2026\/01\/P40G-IMG-9f3ce873b5a79d60c5.webp\" \/>\n\t<meta property=\"og:image:width\" content=\"1536\" \/>\n\t<meta property=\"og:image:height\" content=\"1023\" \/>\n\t<meta property=\"og:image:type\" content=\"image\/webp\" \/>\n<meta name=\"author\" content=\"Reda\u00e7\u00e3o\" \/>\n<meta name=\"twitter:card\" content=\"summary_large_image\" \/>\n<meta name=\"twitter:label1\" content=\"Escrito por\" \/>\n\t<meta name=\"twitter:data1\" content=\"Reda\u00e7\u00e3o\" \/>\n\t<meta name=\"twitter:label2\" content=\"Est. tempo de leitura\" \/>\n\t<meta name=\"twitter:data2\" content=\"2 minutos\" \/>\n<script type=\"application\/ld+json\" class=\"yoast-schema-graph\">{\"@context\":\"https:\/\/schema.org\",\"@graph\":[{\"@type\":\"Article\",\"@id\":\"https:\/\/noticiaempauta.com\/portal\/inscricoes-para-concurso-da-seduc-pi-encerram-no-dia-20-de-janeiro\/#article\",\"isPartOf\":{\"@id\":\"https:\/\/noticiaempauta.com\/portal\/inscricoes-para-concurso-da-seduc-pi-encerram-no-dia-20-de-janeiro\/\"},\"author\":{\"name\":\"Reda\u00e7\u00e3o\",\"@id\":\"https:\/\/noticiaempauta.com\/portal\/#\/schema\/person\/a74af43dd1ab3deca45f988c717d57ac\"},\"headline\":\"Inscri\u00e7\u00f5es para concurso da Seduc-PI encerram no dia 20 de janeiro\",\"datePublished\":\"2026-01-13T13:48:14+00:00\",\"dateModified\":\"2026-01-13T13:48:15+00:00\",\"mainEntityOfPage\":{\"@id\":\"https:\/\/noticiaempauta.com\/portal\/inscricoes-para-concurso-da-seduc-pi-encerram-no-dia-20-de-janeiro\/\"},\"wordCount\":238,\"publisher\":{\"@id\":\"https:\/\/noticiaempauta.com\/portal\/#organization\"},\"image\":{\"@id\":\"https:\/\/noticiaempauta.com\/portal\/inscricoes-para-concurso-da-seduc-pi-encerram-no-dia-20-de-janeiro\/#primaryimage\"},\"thumbnailUrl\":\"https:\/\/noticiaempauta.com\/portal\/wp-content\/uploads\/2026\/01\/P40G-IMG-9f3ce873b5a79d60c5.webp\",\"keywords\":[\"destaqueprincipal\"],\"articleSection\":[\"Destaques\",\"Geral\",\"Todas as Not\u00edcias\"],\"inLanguage\":\"pt-BR\"},{\"@type\":\"WebPage\",\"@id\":\"https:\/\/noticiaempauta.com\/portal\/inscricoes-para-concurso-da-seduc-pi-encerram-no-dia-20-de-janeiro\/\",\"url\":\"https:\/\/noticiaempauta.com\/portal\/inscricoes-para-concurso-da-seduc-pi-encerram-no-dia-20-de-janeiro\/\",\"name\":\"Inscri\u00e7\u00f5es para concurso da Seduc-PI encerram no dia 20 de janeiro - Portal Not\u00edcia em Pauta\",\"isPartOf\":{\"@id\":\"https:\/\/noticiaempauta.com\/portal\/#website\"},\"primaryImageOfPage\":{\"@id\":\"https:\/\/noticiaempauta.com\/portal\/inscricoes-para-concurso-da-seduc-pi-encerram-no-dia-20-de-janeiro\/#primaryimage\"},\"image\":{\"@id\":\"https:\/\/noticiaempauta.com\/portal\/inscricoes-para-concurso-da-seduc-pi-encerram-no-dia-20-de-janeiro\/#primaryimage\"},\"thumbnailUrl\":\"https:\/\/noticiaempauta.com\/portal\/wp-content\/uploads\/2026\/01\/P40G-IMG-9f3ce873b5a79d60c5.webp\",\"datePublished\":\"2026-01-13T13:48:14+00:00\",\"dateModified\":\"2026-01-13T13:48:15+00:00\",\"breadcrumb\":{\"@id\":\"https:\/\/noticiaempauta.com\/portal\/inscricoes-para-concurso-da-seduc-pi-encerram-no-dia-20-de-janeiro\/#breadcrumb\"},\"inLanguage\":\"pt-BR\",\"potentialAction\":[{\"@type\":\"ReadAction\",\"target\":[\"https:\/\/noticiaempauta.com\/portal\/inscricoes-para-concurso-da-seduc-pi-encerram-no-dia-20-de-janeiro\/\"]}]},{\"@type\":\"ImageObject\",\"inLanguage\":\"pt-BR\",\"@id\":\"https:\/\/noticiaempauta.com\/portal\/inscricoes-para-concurso-da-seduc-pi-encerram-no-dia-20-de-janeiro\/#primaryimage\",\"url\":\"https:\/\/noticiaempauta.com\/portal\/wp-content\/uploads\/2026\/01\/P40G-IMG-9f3ce873b5a79d60c5.webp\",\"contentUrl\":\"https:\/\/noticiaempauta.com\/portal\/wp-content\/uploads\/2026\/01\/P40G-IMG-9f3ce873b5a79d60c5.webp\",\"width\":1536,\"height\":1023},{\"@type\":\"BreadcrumbList\",\"@id\":\"https:\/\/noticiaempauta.com\/portal\/inscricoes-para-concurso-da-seduc-pi-encerram-no-dia-20-de-janeiro\/#breadcrumb\",\"itemListElement\":[{\"@type\":\"ListItem\",\"position\":1,\"name\":\"P\u00e1gina Inicial\",\"item\":\"https:\/\/noticiaempauta.com\/portal\/\"},{\"@type\":\"ListItem\",\"position\":2,\"name\":\"Destaques\",\"item\":\"https:\/\/noticiaempauta.com\/portal\/destaques-site\/\"},{\"@type\":\"ListItem\",\"position\":3,\"name\":\"Inscri\u00e7\u00f5es para concurso da Seduc-PI encerram no dia 20 de janeiro\"}]},{\"@type\":\"WebSite\",\"@id\":\"https:\/\/noticiaempauta.com\/portal\/#website\",\"url\":\"https:\/\/noticiaempauta.com\/portal\/\",\"name\":\"Portal Not\u00edcia em Pauta\",\"description\":\"Voc\u00ea bem informado\",\"publisher\":{\"@id\":\"https:\/\/noticiaempauta.com\/portal\/#organization\"},\"potentialAction\":[{\"@type\":\"SearchAction\",\"target\":{\"@type\":\"EntryPoint\",\"urlTemplate\":\"https:\/\/noticiaempauta.com\/portal\/?s={search_term_string}\"},\"query-input\":{\"@type\":\"PropertyValueSpecification\",\"valueRequired\":true,\"valueName\":\"search_term_string\"}}],\"inLanguage\":\"pt-BR\"},{\"@type\":\"Organization\",\"@id\":\"https:\/\/noticiaempauta.com\/portal\/#organization\",\"name\":\"Portal Not\u00edcia em Pauta\",\"url\":\"https:\/\/noticiaempauta.com\/portal\/\",\"logo\":{\"@type\":\"ImageObject\",\"inLanguage\":\"pt-BR\",\"@id\":\"https:\/\/noticiaempauta.com\/portal\/#\/schema\/logo\/image\/\",\"url\":\"https:\/\/noticiaempauta.com\/portal\/wp-content\/uploads\/2022\/08\/logomarca_tema.fw_.png\",\"contentUrl\":\"https:\/\/noticiaempauta.com\/portal\/wp-content\/uploads\/2022\/08\/logomarca_tema.fw_.png\",\"width\":400,\"height\":232,\"caption\":\"Portal Not\u00edcia em Pauta\"},\"image\":{\"@id\":\"https:\/\/noticiaempauta.com\/portal\/#\/schema\/logo\/image\/\"},\"sameAs\":[\"https:\/\/www.facebook.com\/Portal-Notcia-Em-Pauta-102292869264820\/\",\"https:\/\/www.instagram.com\/portalnoticiaempauta\/\"]},{\"@type\":\"Person\",\"@id\":\"https:\/\/noticiaempauta.com\/portal\/#\/schema\/person\/a74af43dd1ab3deca45f988c717d57ac\",\"name\":\"Reda\u00e7\u00e3o\",\"image\":{\"@type\":\"ImageObject\",\"inLanguage\":\"pt-BR\",\"@id\":\"https:\/\/noticiaempauta.com\/portal\/#\/schema\/person\/image\/\",\"url\":\"https:\/\/secure.gravatar.com\/avatar\/03179346ecce6cdfc13361603e8f54242a90e5cde8618fa23c5c00aa2b0aadf3?s=96&d=mm&r=g\",\"contentUrl\":\"https:\/\/secure.gravatar.com\/avatar\/03179346ecce6cdfc13361603e8f54242a90e5cde8618fa23c5c00aa2b0aadf3?s=96&d=mm&r=g\",\"caption\":\"Reda\u00e7\u00e3o\"},\"sameAs\":[\"https:\/\/noticiaempauta.com\/portal\/\"],\"url\":\"https:\/\/noticiaempauta.com\/portal\/author\/fernando\/\"}]}<\/script>\n<!-- \/ Yoast SEO Premium plugin. -->","yoast_head_json":{"title":"Inscri\u00e7\u00f5es para concurso da Seduc-PI encerram no dia 20 de janeiro - Portal Not\u00edcia em Pauta","robots":{"index":"index","follow":"follow","max-snippet":"max-snippet:-1","max-image-preview":"max-image-preview:large","max-video-preview":"max-video-preview:-1"},"canonical":"https:\/\/noticiaempauta.com\/portal\/inscricoes-para-concurso-da-seduc-pi-encerram-no-dia-20-de-janeiro\/","og_locale":"pt_BR","og_type":"article","og_title":"Inscri\u00e7\u00f5es para concurso da Seduc-PI encerram no dia 20 de janeiro","og_description":"As inscri\u00e7\u00f5es para o&nbsp;concurso p\u00fablico para professor da educa\u00e7\u00e3o b\u00e1sica estadual da Secretaria de Educa\u00e7\u00e3o do Piau\u00ed (Seduc) encerram na pr\u00f3xima ter\u00e7a-feira (20) \u00e0s 18h. As vagas se distribuem entre 2 mil imediatas e 2 mil para cadastro reserva. O edital contempla diversas \u00e1reas do conhecimento, como Arte, Educa\u00e7\u00e3o F\u00edsica, Biologia, Espanhol, Filosofia, F\u00edsica, Geografia, [&hellip;]","og_url":"https:\/\/noticiaempauta.com\/portal\/inscricoes-para-concurso-da-seduc-pi-encerram-no-dia-20-de-janeiro\/","og_site_name":"Portal Not\u00edcia em Pauta","article_publisher":"https:\/\/www.facebook.com\/Portal-Notcia-Em-Pauta-102292869264820\/","article_published_time":"2026-01-13T13:48:14+00:00","article_modified_time":"2026-01-13T13:48:15+00:00","og_image":[{"width":1536,"height":1023,"url":"https:\/\/noticiaempauta.com\/portal\/wp-content\/uploads\/2026\/01\/P40G-IMG-9f3ce873b5a79d60c5.webp","type":"image\/webp"}],"author":"Reda\u00e7\u00e3o","twitter_card":"summary_large_image","twitter_misc":{"Escrito por":"Reda\u00e7\u00e3o","Est. tempo de leitura":"2 minutos"},"schema":{"@context":"https:\/\/schema.org","@graph":[{"@type":"Article","@id":"https:\/\/noticiaempauta.com\/portal\/inscricoes-para-concurso-da-seduc-pi-encerram-no-dia-20-de-janeiro\/#article","isPartOf":{"@id":"https:\/\/noticiaempauta.com\/portal\/inscricoes-para-concurso-da-seduc-pi-encerram-no-dia-20-de-janeiro\/"},"author":{"name":"Reda\u00e7\u00e3o","@id":"https:\/\/noticiaempauta.com\/portal\/#\/schema\/person\/a74af43dd1ab3deca45f988c717d57ac"},"headline":"Inscri\u00e7\u00f5es para concurso da Seduc-PI encerram no dia 20 de janeiro","datePublished":"2026-01-13T13:48:14+00:00","dateModified":"2026-01-13T13:48:15+00:00","mainEntityOfPage":{"@id":"https:\/\/noticiaempauta.com\/portal\/inscricoes-para-concurso-da-seduc-pi-encerram-no-dia-20-de-janeiro\/"},"wordCount":238,"publisher":{"@id":"https:\/\/noticiaempauta.com\/portal\/#organization"},"image":{"@id":"https:\/\/noticiaempauta.com\/portal\/inscricoes-para-concurso-da-seduc-pi-encerram-no-dia-20-de-janeiro\/#primaryimage"},"thumbnailUrl":"https:\/\/noticiaempauta.com\/portal\/wp-content\/uploads\/2026\/01\/P40G-IMG-9f3ce873b5a79d60c5.webp","keywords":["destaqueprincipal"],"articleSection":["Destaques","Geral","Todas as Not\u00edcias"],"inLanguage":"pt-BR"},{"@type":"WebPage","@id":"https:\/\/noticiaempauta.com\/portal\/inscricoes-para-concurso-da-seduc-pi-encerram-no-dia-20-de-janeiro\/","url":"https:\/\/noticiaempauta.com\/portal\/inscricoes-para-concurso-da-seduc-pi-encerram-no-dia-20-de-janeiro\/","name":"Inscri\u00e7\u00f5es para concurso da Seduc-PI encerram no dia 20 de janeiro - Portal Not\u00edcia em Pauta","isPartOf":{"@id":"https:\/\/noticiaempauta.com\/portal\/#website"},"primaryImageOfPage":{"@id":"https:\/\/noticiaempauta.com\/portal\/inscricoes-para-concurso-da-seduc-pi-encerram-no-dia-20-de-janeiro\/#primaryimage"},"image":{"@id":"https:\/\/noticiaempauta.com\/portal\/inscricoes-para-concurso-da-seduc-pi-encerram-no-dia-20-de-janeiro\/#primaryimage"},"thumbnailUrl":"https:\/\/noticiaempauta.com\/portal\/wp-content\/uploads\/2026\/01\/P40G-IMG-9f3ce873b5a79d60c5.webp","datePublished":"2026-01-13T13:48:14+00:00","dateModified":"2026-01-13T13:48:15+00:00","breadcrumb":{"@id":"https:\/\/noticiaempauta.com\/portal\/inscricoes-para-concurso-da-seduc-pi-encerram-no-dia-20-de-janeiro\/#breadcrumb"},"inLanguage":"pt-BR","potentialAction":[{"@type":"ReadAction","target":["https:\/\/noticiaempauta.com\/portal\/inscricoes-para-concurso-da-seduc-pi-encerram-no-dia-20-de-janeiro\/"]}]},{"@type":"ImageObject","inLanguage":"pt-BR","@id":"https:\/\/noticiaempauta.com\/portal\/inscricoes-para-concurso-da-seduc-pi-encerram-no-dia-20-de-janeiro\/#primaryimage","url":"https:\/\/noticiaempauta.com\/portal\/wp-content\/uploads\/2026\/01\/P40G-IMG-9f3ce873b5a79d60c5.webp","contentUrl":"https:\/\/noticiaempauta.com\/portal\/wp-content\/uploads\/2026\/01\/P40G-IMG-9f3ce873b5a79d60c5.webp","width":1536,"height":1023},{"@type":"BreadcrumbList","@id":"https:\/\/noticiaempauta.com\/portal\/inscricoes-para-concurso-da-seduc-pi-encerram-no-dia-20-de-janeiro\/#breadcrumb","itemListElement":[{"@type":"ListItem","position":1,"name":"P\u00e1gina Inicial","item":"https:\/\/noticiaempauta.com\/portal\/"},{"@type":"ListItem","position":2,"name":"Destaques","item":"https:\/\/noticiaempauta.com\/portal\/destaques-site\/"},{"@type":"ListItem","position":3,"name":"Inscri\u00e7\u00f5es para concurso da Seduc-PI encerram no dia 20 de janeiro"}]},{"@type":"WebSite","@id":"https:\/\/noticiaempauta.com\/portal\/#website","url":"https:\/\/noticiaempauta.com\/portal\/","name":"Portal Not\u00edcia em Pauta","description":"Voc\u00ea bem informado","publisher":{"@id":"https:\/\/noticiaempauta.com\/portal\/#organization"},"potentialAction":[{"@type":"SearchAction","target":{"@type":"EntryPoint","urlTemplate":"https:\/\/noticiaempauta.com\/portal\/?s={search_term_string}"},"query-input":{"@type":"PropertyValueSpecification","valueRequired":true,"valueName":"search_term_string"}}],"inLanguage":"pt-BR"},{"@type":"Organization","@id":"https:\/\/noticiaempauta.com\/portal\/#organization","name":"Portal Not\u00edcia em Pauta","url":"https:\/\/noticiaempauta.com\/portal\/","logo":{"@type":"ImageObject","inLanguage":"pt-BR","@id":"https:\/\/noticiaempauta.com\/portal\/#\/schema\/logo\/image\/","url":"https:\/\/noticiaempauta.com\/portal\/wp-content\/uploads\/2022\/08\/logomarca_tema.fw_.png","contentUrl":"https:\/\/noticiaempauta.com\/portal\/wp-content\/uploads\/2022\/08\/logomarca_tema.fw_.png","width":400,"height":232,"caption":"Portal Not\u00edcia em Pauta"},"image":{"@id":"https:\/\/noticiaempauta.com\/portal\/#\/schema\/logo\/image\/"},"sameAs":["https:\/\/www.facebook.com\/Portal-Notcia-Em-Pauta-102292869264820\/","https:\/\/www.instagram.com\/portalnoticiaempauta\/"]},{"@type":"Person","@id":"https:\/\/noticiaempauta.com\/portal\/#\/schema\/person\/a74af43dd1ab3deca45f988c717d57ac","name":"Reda\u00e7\u00e3o","image":{"@type":"ImageObject","inLanguage":"pt-BR","@id":"https:\/\/noticiaempauta.com\/portal\/#\/schema\/person\/image\/","url":"https:\/\/secure.gravatar.com\/avatar\/03179346ecce6cdfc13361603e8f54242a90e5cde8618fa23c5c00aa2b0aadf3?s=96&d=mm&r=g","contentUrl":"https:\/\/secure.gravatar.com\/avatar\/03179346ecce6cdfc13361603e8f54242a90e5cde8618fa23c5c00aa2b0aadf3?s=96&d=mm&r=g","caption":"Reda\u00e7\u00e3o"},"sameAs":["https:\/\/noticiaempauta.com\/portal\/"],"url":"https:\/\/noticiaempauta.com\/portal\/author\/fernando\/"}]}},"_links":{"self":[{"href":"https:\/\/noticiaempauta.com\/portal\/wp-json\/wp\/v2\/posts\/283905","targetHints":{"allow":["GET"]}}],"collection":[{"href":"https:\/\/noticiaempauta.com\/portal\/wp-json\/wp\/v2\/posts"}],"about":[{"href":"https:\/\/noticiaempauta.com\/portal\/wp-json\/wp\/v2\/types\/post"}],"author":[{"embeddable":true,"href":"https:\/\/noticiaempauta.com\/portal\/wp-json\/wp\/v2\/users\/2"}],"replies":[{"embeddable":true,"href":"https:\/\/noticiaempauta.com\/portal\/wp-json\/wp\/v2\/comments?post=283905"}],"version-history":[{"count":2,"href":"https:\/\/noticiaempauta.com\/portal\/wp-json\/wp\/v2\/posts\/283905\/revisions"}],"predecessor-version":[{"id":283908,"href":"https:\/\/noticiaempauta.com\/portal\/wp-json\/wp\/v2\/posts\/283905\/revisions\/283908"}],"wp:featuredmedia":[{"embeddable":true,"href":"https:\/\/noticiaempauta.com\/portal\/wp-json\/wp\/v2\/media\/283906"}],"wp:attachment":[{"href":"https:\/\/noticiaempauta.com\/portal\/wp-json\/wp\/v2\/media?parent=283905"}],"wp:term":[{"taxonomy":"category","embeddable":true,"href":"https:\/\/noticiaempauta.com\/portal\/wp-json\/wp\/v2\/categories?post=283905"},{"taxonomy":"post_tag","embeddable":true,"href":"https:\/\/noticiaempauta.com\/portal\/wp-json\/wp\/v2\/tags?post=283905"}],"curies":[{"name":"wp","href":"https:\/\/api.w.org\/{rel}","templated":true}]}}