{"id":283910,"date":"2026-01-13T16:17:50","date_gmt":"2026-01-13T19:17:50","guid":{"rendered":"https:\/\/noticiaempauta.com\/portal\/?p=283910"},"modified":"2026-01-13T16:17:51","modified_gmt":"2026-01-13T19:17:51","slug":"paqueta-do-piaui-estreia-projeto-incentivo-a-pratica-do-esporte-por-meio-do-jiu-jitsu","status":"publish","type":"post","link":"https:\/\/noticiaempauta.com\/portal\/paqueta-do-piaui-estreia-projeto-incentivo-a-pratica-do-esporte-por-meio-do-jiu-jitsu\/","title":{"rendered":"Paquet\u00e1 do Piau\u00ed estreia projeto incentivo a pr\u00e1tica do esporte por meio do Jiu-Jitsu"},"content":{"rendered":"\n<p>Foi lan\u00e7ado nesta segunda-feira, 12 de janeiro, no Gin\u00e1sio Poliesportivo Jos\u00e9 Ant\u00f4nio dos Reis (Z\u00e9 Zuza), em Paquet\u00e1 do Piau\u00ed, o &#8220;Projeto Portelinha: Formando campe\u00f5es dentro e fora do tatame\u201d, uma iniciativa voltada ao incentivo \u00e0 pr\u00e1tica esportiva e \u00e0 forma\u00e7\u00e3o social de crian\u00e7as e adolescentes do munic\u00edpio.<\/p>\n\n\n\n<figure class=\"wp-block-image size-full\"><img fetchpriority=\"high\" decoding=\"async\" width=\"800\" height=\"450\" src=\"https:\/\/noticiaempauta.com\/portal\/wp-content\/uploads\/2026\/01\/FA-IMG-08b09ff07f6fe2879729-1.webp\" alt=\"\" class=\"wp-image-283912\" srcset=\"https:\/\/noticiaempauta.com\/portal\/wp-content\/uploads\/2026\/01\/FA-IMG-08b09ff07f6fe2879729-1.webp 800w, https:\/\/noticiaempauta.com\/portal\/wp-content\/uploads\/2026\/01\/FA-IMG-08b09ff07f6fe2879729-1-300x169.webp 300w, https:\/\/noticiaempauta.com\/portal\/wp-content\/uploads\/2026\/01\/FA-IMG-08b09ff07f6fe2879729-1-768x432.webp 768w\" sizes=\"(max-width: 800px) 100vw, 800px\" \/><\/figure>\n\n\n\n<p>Nesta etapa inicial, o projeto conta com 20 alunos inscritos, todos contemplados com a entrega de uniformes durante a solenidade de lan\u00e7amento. A a\u00e7\u00e3o busca promover disciplina, respeito, sa\u00fade e inclus\u00e3o social por meio do Jiu-Jitsu, arte marcial reconhecida por seu papel educativo e transformador.<\/p>\n\n\n\n<figure class=\"wp-block-image size-full\"><img decoding=\"async\" width=\"720\" height=\"681\" src=\"https:\/\/noticiaempauta.com\/portal\/wp-content\/uploads\/2026\/01\/5bb91c62-6e80-4190-873f-7c1f9529e1bc.webp\" alt=\"\" class=\"wp-image-283913\" srcset=\"https:\/\/noticiaempauta.com\/portal\/wp-content\/uploads\/2026\/01\/5bb91c62-6e80-4190-873f-7c1f9529e1bc.webp 720w, https:\/\/noticiaempauta.com\/portal\/wp-content\/uploads\/2026\/01\/5bb91c62-6e80-4190-873f-7c1f9529e1bc-300x284.webp 300w\" sizes=\"(max-width: 720px) 100vw, 720px\" \/><\/figure>\n\n\n\n<p>A iniciativa atende crian\u00e7as assistidas pelos programas sociais do munic\u00edpio de Paquet\u00e1 do Piau\u00ed e tem como principal objetivo formar campe\u00f5es n\u00e3o apenas no esporte, mas tamb\u00e9m na vida, contribuindo para o desenvolvimento f\u00edsico, emocional e social dos participantes.<\/p>\n\n\n\n<figure class=\"wp-block-image size-full\"><img decoding=\"async\" width=\"686\" height=\"542\" src=\"https:\/\/noticiaempauta.com\/portal\/wp-content\/uploads\/2026\/01\/278a8ef0-3793-4f95-9654-fab3eedde67d.webp\" alt=\"\" class=\"wp-image-283914\" srcset=\"https:\/\/noticiaempauta.com\/portal\/wp-content\/uploads\/2026\/01\/278a8ef0-3793-4f95-9654-fab3eedde67d.webp 686w, https:\/\/noticiaempauta.com\/portal\/wp-content\/uploads\/2026\/01\/278a8ef0-3793-4f95-9654-fab3eedde67d-300x237.webp 300w\" sizes=\"(max-width: 686px) 100vw, 686px\" \/><\/figure>\n\n\n\n<p>O lan\u00e7amento do projeto, que recebe o nome de Filangieri Portela Filho (Portelinha), em homenagem \u00e0 sua trajet\u00f3ria de sempre servir ao povo do munic\u00edpio,&nbsp;contou com a presen\u00e7a da m\u00e9dica Yara Portela, filha do homenageado. Tamb\u00e9m prestigiaram o evento o Tenente-Coronel Felipe, alunos, familiares e membros da comunidade.<\/p>\n\n\n\n<figure class=\"wp-block-image size-full\"><img loading=\"lazy\" decoding=\"async\" width=\"800\" height=\"450\" src=\"https:\/\/noticiaempauta.com\/portal\/wp-content\/uploads\/2026\/01\/6b8bf50e-2081-4061-925f-fbc1e597ba10.webp\" alt=\"\" class=\"wp-image-283915\" srcset=\"https:\/\/noticiaempauta.com\/portal\/wp-content\/uploads\/2026\/01\/6b8bf50e-2081-4061-925f-fbc1e597ba10.webp 800w, https:\/\/noticiaempauta.com\/portal\/wp-content\/uploads\/2026\/01\/6b8bf50e-2081-4061-925f-fbc1e597ba10-300x169.webp 300w, https:\/\/noticiaempauta.com\/portal\/wp-content\/uploads\/2026\/01\/6b8bf50e-2081-4061-925f-fbc1e597ba10-768x432.webp 768w\" sizes=\"(max-width: 800px) 100vw, 800px\" \/><\/figure>\n\n\n\n<p>As aulas de Jiu-Jitsu acontecer\u00e3o duas vezes por semana, \u00e0s ter\u00e7as e quintas-feiras, sob a orienta\u00e7\u00e3o dos instrutores Lucas e Mateus, tendo como respons\u00e1vel t\u00e9cnico o professor faixa-preta, Sargento da Pol\u00edcia Militar, Michel Coutinho, que tamb\u00e9m estiveram\u00a0presentes no lan\u00e7amento do projeto.<\/p>\n\n\n\n<figure class=\"wp-block-image size-full\"><img loading=\"lazy\" decoding=\"async\" width=\"720\" height=\"564\" src=\"https:\/\/noticiaempauta.com\/portal\/wp-content\/uploads\/2026\/01\/332eaf62-69d2-4867-b4e4-863ca0fc72ef.webp\" alt=\"\" class=\"wp-image-283916\" srcset=\"https:\/\/noticiaempauta.com\/portal\/wp-content\/uploads\/2026\/01\/332eaf62-69d2-4867-b4e4-863ca0fc72ef.webp 720w, https:\/\/noticiaempauta.com\/portal\/wp-content\/uploads\/2026\/01\/332eaf62-69d2-4867-b4e4-863ca0fc72ef-300x235.webp 300w\" sizes=\"(max-width: 720px) 100vw, 720px\" \/><\/figure>\n\n\n\n<p>O Projeto Portelinha \u00e9 realizado por meio da Secretaria Municipal de Assist\u00eancia Social, com apoio da Prefeitura de Paquet\u00e1 do Piau\u00ed e do deputado estadual Thales Coelho, refor\u00e7ando o compromisso do poder p\u00fablico com pol\u00edticas sociais que utilizam o esporte como ferramenta de transforma\u00e7\u00e3o.<\/p>\n\n\n\n<figure class=\"wp-block-image size-full\"><img loading=\"lazy\" decoding=\"async\" width=\"999\" height=\"688\" src=\"https:\/\/noticiaempauta.com\/portal\/wp-content\/uploads\/2026\/01\/d6ff6ce3-5fa6-41cd-a4c3-48e935c8cc7a.webp\" alt=\"\" class=\"wp-image-283917\" srcset=\"https:\/\/noticiaempauta.com\/portal\/wp-content\/uploads\/2026\/01\/d6ff6ce3-5fa6-41cd-a4c3-48e935c8cc7a.webp 999w, https:\/\/noticiaempauta.com\/portal\/wp-content\/uploads\/2026\/01\/d6ff6ce3-5fa6-41cd-a4c3-48e935c8cc7a-300x207.webp 300w, https:\/\/noticiaempauta.com\/portal\/wp-content\/uploads\/2026\/01\/d6ff6ce3-5fa6-41cd-a4c3-48e935c8cc7a-768x529.webp 768w\" sizes=\"(max-width: 999px) 100vw, 999px\" \/><\/figure>\n\n\n\n<figure class=\"wp-block-image size-full\"><img loading=\"lazy\" decoding=\"async\" width=\"720\" height=\"626\" src=\"https:\/\/noticiaempauta.com\/portal\/wp-content\/uploads\/2026\/01\/7b3ccad3-604c-473d-9860-d7a59af746de.webp\" alt=\"\" class=\"wp-image-283918\" srcset=\"https:\/\/noticiaempauta.com\/portal\/wp-content\/uploads\/2026\/01\/7b3ccad3-604c-473d-9860-d7a59af746de.webp 720w, https:\/\/noticiaempauta.com\/portal\/wp-content\/uploads\/2026\/01\/7b3ccad3-604c-473d-9860-d7a59af746de-300x261.webp 300w\" sizes=\"(max-width: 720px) 100vw, 720px\" \/><\/figure>\n\n\n\n<figure class=\"wp-block-image size-full\"><img loading=\"lazy\" decoding=\"async\" width=\"960\" height=\"742\" src=\"https:\/\/noticiaempauta.com\/portal\/wp-content\/uploads\/2026\/01\/89d2eb78-25e4-4b79-a1af-ccfdd42da9ab.webp\" alt=\"\" class=\"wp-image-283919\" srcset=\"https:\/\/noticiaempauta.com\/portal\/wp-content\/uploads\/2026\/01\/89d2eb78-25e4-4b79-a1af-ccfdd42da9ab.webp 960w, https:\/\/noticiaempauta.com\/portal\/wp-content\/uploads\/2026\/01\/89d2eb78-25e4-4b79-a1af-ccfdd42da9ab-300x232.webp 300w, https:\/\/noticiaempauta.com\/portal\/wp-content\/uploads\/2026\/01\/89d2eb78-25e4-4b79-a1af-ccfdd42da9ab-768x594.webp 768w\" sizes=\"(max-width: 960px) 100vw, 960px\" \/><\/figure>\n\n\n\n<figure class=\"wp-block-image size-full\"><img loading=\"lazy\" decoding=\"async\" width=\"960\" height=\"742\" src=\"https:\/\/noticiaempauta.com\/portal\/wp-content\/uploads\/2026\/01\/89d2eb78-25e4-4b79-a1af-ccfdd42da9ab-1.webp\" alt=\"\" class=\"wp-image-283920\" srcset=\"https:\/\/noticiaempauta.com\/portal\/wp-content\/uploads\/2026\/01\/89d2eb78-25e4-4b79-a1af-ccfdd42da9ab-1.webp 960w, https:\/\/noticiaempauta.com\/portal\/wp-content\/uploads\/2026\/01\/89d2eb78-25e4-4b79-a1af-ccfdd42da9ab-1-300x232.webp 300w, https:\/\/noticiaempauta.com\/portal\/wp-content\/uploads\/2026\/01\/89d2eb78-25e4-4b79-a1af-ccfdd42da9ab-1-768x594.webp 768w\" sizes=\"(max-width: 960px) 100vw, 960px\" \/><\/figure>\n\n\n\n<figure class=\"wp-block-image size-full\"><img loading=\"lazy\" decoding=\"async\" width=\"924\" height=\"625\" src=\"https:\/\/noticiaempauta.com\/portal\/wp-content\/uploads\/2026\/01\/7f0fbab4-a628-4ffb-9894-a42ce4c6f398.webp\" alt=\"\" class=\"wp-image-283921\" srcset=\"https:\/\/noticiaempauta.com\/portal\/wp-content\/uploads\/2026\/01\/7f0fbab4-a628-4ffb-9894-a42ce4c6f398.webp 924w, https:\/\/noticiaempauta.com\/portal\/wp-content\/uploads\/2026\/01\/7f0fbab4-a628-4ffb-9894-a42ce4c6f398-300x203.webp 300w, https:\/\/noticiaempauta.com\/portal\/wp-content\/uploads\/2026\/01\/7f0fbab4-a628-4ffb-9894-a42ce4c6f398-768x519.webp 768w\" sizes=\"(max-width: 924px) 100vw, 924px\" \/><\/figure>\n\n\n\n<figure class=\"wp-block-image size-large\"><img loading=\"lazy\" decoding=\"async\" width=\"717\" height=\"1024\" src=\"https:\/\/noticiaempauta.com\/portal\/wp-content\/uploads\/2026\/01\/def1259d-6c16-4303-9d78-1076df592121-717x1024.webp\" alt=\"\" class=\"wp-image-283922\" srcset=\"https:\/\/noticiaempauta.com\/portal\/wp-content\/uploads\/2026\/01\/def1259d-6c16-4303-9d78-1076df592121-717x1024.webp 717w, https:\/\/noticiaempauta.com\/portal\/wp-content\/uploads\/2026\/01\/def1259d-6c16-4303-9d78-1076df592121-210x300.webp 210w, https:\/\/noticiaempauta.com\/portal\/wp-content\/uploads\/2026\/01\/def1259d-6c16-4303-9d78-1076df592121.webp 720w\" sizes=\"(max-width: 717px) 100vw, 717px\" \/><\/figure>\n\n\n\n<p><em>(Com informa\u00e7\u00f5es do Folha Atual)<\/em><\/p>\n\n\n\n<p><\/p>\n","protected":false},"excerpt":{"rendered":"<p>Foi lan\u00e7ado nesta segunda-feira, 12 de janeiro, no Gin\u00e1sio Poliesportivo Jos\u00e9 Ant\u00f4nio dos Reis (Z\u00e9 Zuza), em Paquet\u00e1 do Piau\u00ed, o &#8220;Projeto Portelinha: Formando campe\u00f5es dentro e fora do tatame\u201d, uma iniciativa voltada ao incentivo \u00e0 pr\u00e1tica esportiva e \u00e0 forma\u00e7\u00e3o social de crian\u00e7as e adolescentes do munic\u00edpio. Nesta etapa inicial, o projeto conta com [&hellip;]<\/p>\n","protected":false},"author":2,"featured_media":283911,"comment_status":"closed","ping_status":"closed","sticky":false,"template":"","format":"standard","meta":{"_mi_skip_tracking":false,"footnotes":""},"categories":[25,1,9,16],"tags":[192],"class_list":["post-283910","post","type-post","status-publish","format-standard","has-post-thumbnail","hentry","category-destaques-site","category-geral","category-municipios","category-todas","tag-destaqueprincipal"],"acf":[],"yoast_head":"<!-- This site is optimized with the Yoast SEO Premium plugin v19.2 (Yoast SEO v26.9) - https:\/\/yoast.com\/product\/yoast-seo-premium-wordpress\/ -->\n<title>Paquet\u00e1 do Piau\u00ed estreia projeto incentivo a pr\u00e1tica do esporte por meio do Jiu-Jitsu - Portal Not\u00edcia em Pauta<\/title>\n<meta name=\"robots\" content=\"index, follow, max-snippet:-1, max-image-preview:large, max-video-preview:-1\" \/>\n<link rel=\"canonical\" href=\"https:\/\/noticiaempauta.com\/portal\/paqueta-do-piaui-estreia-projeto-incentivo-a-pratica-do-esporte-por-meio-do-jiu-jitsu\/\" \/>\n<meta property=\"og:locale\" content=\"pt_BR\" \/>\n<meta property=\"og:type\" content=\"article\" \/>\n<meta property=\"og:title\" content=\"Paquet\u00e1 do Piau\u00ed estreia projeto incentivo a pr\u00e1tica do esporte por meio do Jiu-Jitsu\" \/>\n<meta property=\"og:description\" content=\"Foi lan\u00e7ado nesta segunda-feira, 12 de janeiro, no Gin\u00e1sio Poliesportivo Jos\u00e9 Ant\u00f4nio dos Reis (Z\u00e9 Zuza), em Paquet\u00e1 do Piau\u00ed, o &#8220;Projeto Portelinha: Formando campe\u00f5es dentro e fora do tatame\u201d, uma iniciativa voltada ao incentivo \u00e0 pr\u00e1tica esportiva e \u00e0 forma\u00e7\u00e3o social de crian\u00e7as e adolescentes do munic\u00edpio. Nesta etapa inicial, o projeto conta com [&hellip;]\" \/>\n<meta property=\"og:url\" content=\"https:\/\/noticiaempauta.com\/portal\/paqueta-do-piaui-estreia-projeto-incentivo-a-pratica-do-esporte-por-meio-do-jiu-jitsu\/\" \/>\n<meta property=\"og:site_name\" content=\"Portal Not\u00edcia em Pauta\" \/>\n<meta property=\"article:publisher\" content=\"https:\/\/www.facebook.com\/Portal-Notcia-Em-Pauta-102292869264820\/\" \/>\n<meta property=\"article:published_time\" content=\"2026-01-13T19:17:50+00:00\" \/>\n<meta property=\"article:modified_time\" content=\"2026-01-13T19:17:51+00:00\" \/>\n<meta property=\"og:image\" content=\"https:\/\/noticiaempauta.com\/portal\/wp-content\/uploads\/2026\/01\/FA-IMG-08b09ff07f6fe2879729.webp\" \/>\n\t<meta property=\"og:image:width\" content=\"800\" \/>\n\t<meta property=\"og:image:height\" content=\"450\" \/>\n\t<meta property=\"og:image:type\" content=\"image\/webp\" \/>\n<meta name=\"author\" content=\"Reda\u00e7\u00e3o\" \/>\n<meta name=\"twitter:card\" content=\"summary_large_image\" \/>\n<meta name=\"twitter:label1\" content=\"Escrito por\" \/>\n\t<meta name=\"twitter:data1\" content=\"Reda\u00e7\u00e3o\" \/>\n\t<meta name=\"twitter:label2\" content=\"Est. tempo de leitura\" \/>\n\t<meta name=\"twitter:data2\" content=\"4 minutos\" \/>\n<script type=\"application\/ld+json\" class=\"yoast-schema-graph\">{\"@context\":\"https:\/\/schema.org\",\"@graph\":[{\"@type\":\"Article\",\"@id\":\"https:\/\/noticiaempauta.com\/portal\/paqueta-do-piaui-estreia-projeto-incentivo-a-pratica-do-esporte-por-meio-do-jiu-jitsu\/#article\",\"isPartOf\":{\"@id\":\"https:\/\/noticiaempauta.com\/portal\/paqueta-do-piaui-estreia-projeto-incentivo-a-pratica-do-esporte-por-meio-do-jiu-jitsu\/\"},\"author\":{\"name\":\"Reda\u00e7\u00e3o\",\"@id\":\"https:\/\/noticiaempauta.com\/portal\/#\/schema\/person\/a74af43dd1ab3deca45f988c717d57ac\"},\"headline\":\"Paquet\u00e1 do Piau\u00ed estreia projeto incentivo a pr\u00e1tica do esporte por meio do Jiu-Jitsu\",\"datePublished\":\"2026-01-13T19:17:50+00:00\",\"dateModified\":\"2026-01-13T19:17:51+00:00\",\"mainEntityOfPage\":{\"@id\":\"https:\/\/noticiaempauta.com\/portal\/paqueta-do-piaui-estreia-projeto-incentivo-a-pratica-do-esporte-por-meio-do-jiu-jitsu\/\"},\"wordCount\":320,\"publisher\":{\"@id\":\"https:\/\/noticiaempauta.com\/portal\/#organization\"},\"image\":{\"@id\":\"https:\/\/noticiaempauta.com\/portal\/paqueta-do-piaui-estreia-projeto-incentivo-a-pratica-do-esporte-por-meio-do-jiu-jitsu\/#primaryimage\"},\"thumbnailUrl\":\"https:\/\/noticiaempauta.com\/portal\/wp-content\/uploads\/2026\/01\/FA-IMG-08b09ff07f6fe2879729.webp\",\"keywords\":[\"destaqueprincipal\"],\"articleSection\":[\"Destaques\",\"Geral\",\"Munic\u00edpios\",\"Todas as Not\u00edcias\"],\"inLanguage\":\"pt-BR\"},{\"@type\":\"WebPage\",\"@id\":\"https:\/\/noticiaempauta.com\/portal\/paqueta-do-piaui-estreia-projeto-incentivo-a-pratica-do-esporte-por-meio-do-jiu-jitsu\/\",\"url\":\"https:\/\/noticiaempauta.com\/portal\/paqueta-do-piaui-estreia-projeto-incentivo-a-pratica-do-esporte-por-meio-do-jiu-jitsu\/\",\"name\":\"Paquet\u00e1 do Piau\u00ed estreia projeto incentivo a pr\u00e1tica do esporte por meio do Jiu-Jitsu - Portal Not\u00edcia em Pauta\",\"isPartOf\":{\"@id\":\"https:\/\/noticiaempauta.com\/portal\/#website\"},\"primaryImageOfPage\":{\"@id\":\"https:\/\/noticiaempauta.com\/portal\/paqueta-do-piaui-estreia-projeto-incentivo-a-pratica-do-esporte-por-meio-do-jiu-jitsu\/#primaryimage\"},\"image\":{\"@id\":\"https:\/\/noticiaempauta.com\/portal\/paqueta-do-piaui-estreia-projeto-incentivo-a-pratica-do-esporte-por-meio-do-jiu-jitsu\/#primaryimage\"},\"thumbnailUrl\":\"https:\/\/noticiaempauta.com\/portal\/wp-content\/uploads\/2026\/01\/FA-IMG-08b09ff07f6fe2879729.webp\",\"datePublished\":\"2026-01-13T19:17:50+00:00\",\"dateModified\":\"2026-01-13T19:17:51+00:00\",\"breadcrumb\":{\"@id\":\"https:\/\/noticiaempauta.com\/portal\/paqueta-do-piaui-estreia-projeto-incentivo-a-pratica-do-esporte-por-meio-do-jiu-jitsu\/#breadcrumb\"},\"inLanguage\":\"pt-BR\",\"potentialAction\":[{\"@type\":\"ReadAction\",\"target\":[\"https:\/\/noticiaempauta.com\/portal\/paqueta-do-piaui-estreia-projeto-incentivo-a-pratica-do-esporte-por-meio-do-jiu-jitsu\/\"]}]},{\"@type\":\"ImageObject\",\"inLanguage\":\"pt-BR\",\"@id\":\"https:\/\/noticiaempauta.com\/portal\/paqueta-do-piaui-estreia-projeto-incentivo-a-pratica-do-esporte-por-meio-do-jiu-jitsu\/#primaryimage\",\"url\":\"https:\/\/noticiaempauta.com\/portal\/wp-content\/uploads\/2026\/01\/FA-IMG-08b09ff07f6fe2879729.webp\",\"contentUrl\":\"https:\/\/noticiaempauta.com\/portal\/wp-content\/uploads\/2026\/01\/FA-IMG-08b09ff07f6fe2879729.webp\",\"width\":800,\"height\":450},{\"@type\":\"BreadcrumbList\",\"@id\":\"https:\/\/noticiaempauta.com\/portal\/paqueta-do-piaui-estreia-projeto-incentivo-a-pratica-do-esporte-por-meio-do-jiu-jitsu\/#breadcrumb\",\"itemListElement\":[{\"@type\":\"ListItem\",\"position\":1,\"name\":\"P\u00e1gina Inicial\",\"item\":\"https:\/\/noticiaempauta.com\/portal\/\"},{\"@type\":\"ListItem\",\"position\":2,\"name\":\"Destaques\",\"item\":\"https:\/\/noticiaempauta.com\/portal\/destaques-site\/\"},{\"@type\":\"ListItem\",\"position\":3,\"name\":\"Paquet\u00e1 do Piau\u00ed estreia projeto incentivo a pr\u00e1tica do esporte por meio do Jiu-Jitsu\"}]},{\"@type\":\"WebSite\",\"@id\":\"https:\/\/noticiaempauta.com\/portal\/#website\",\"url\":\"https:\/\/noticiaempauta.com\/portal\/\",\"name\":\"Portal Not\u00edcia em Pauta\",\"description\":\"Voc\u00ea bem informado\",\"publisher\":{\"@id\":\"https:\/\/noticiaempauta.com\/portal\/#organization\"},\"potentialAction\":[{\"@type\":\"SearchAction\",\"target\":{\"@type\":\"EntryPoint\",\"urlTemplate\":\"https:\/\/noticiaempauta.com\/portal\/?s={search_term_string}\"},\"query-input\":{\"@type\":\"PropertyValueSpecification\",\"valueRequired\":true,\"valueName\":\"search_term_string\"}}],\"inLanguage\":\"pt-BR\"},{\"@type\":\"Organization\",\"@id\":\"https:\/\/noticiaempauta.com\/portal\/#organization\",\"name\":\"Portal Not\u00edcia em Pauta\",\"url\":\"https:\/\/noticiaempauta.com\/portal\/\",\"logo\":{\"@type\":\"ImageObject\",\"inLanguage\":\"pt-BR\",\"@id\":\"https:\/\/noticiaempauta.com\/portal\/#\/schema\/logo\/image\/\",\"url\":\"https:\/\/noticiaempauta.com\/portal\/wp-content\/uploads\/2022\/08\/logomarca_tema.fw_.png\",\"contentUrl\":\"https:\/\/noticiaempauta.com\/portal\/wp-content\/uploads\/2022\/08\/logomarca_tema.fw_.png\",\"width\":400,\"height\":232,\"caption\":\"Portal Not\u00edcia em Pauta\"},\"image\":{\"@id\":\"https:\/\/noticiaempauta.com\/portal\/#\/schema\/logo\/image\/\"},\"sameAs\":[\"https:\/\/www.facebook.com\/Portal-Notcia-Em-Pauta-102292869264820\/\",\"https:\/\/www.instagram.com\/portalnoticiaempauta\/\"]},{\"@type\":\"Person\",\"@id\":\"https:\/\/noticiaempauta.com\/portal\/#\/schema\/person\/a74af43dd1ab3deca45f988c717d57ac\",\"name\":\"Reda\u00e7\u00e3o\",\"image\":{\"@type\":\"ImageObject\",\"inLanguage\":\"pt-BR\",\"@id\":\"https:\/\/noticiaempauta.com\/portal\/#\/schema\/person\/image\/\",\"url\":\"https:\/\/secure.gravatar.com\/avatar\/03179346ecce6cdfc13361603e8f54242a90e5cde8618fa23c5c00aa2b0aadf3?s=96&d=mm&r=g\",\"contentUrl\":\"https:\/\/secure.gravatar.com\/avatar\/03179346ecce6cdfc13361603e8f54242a90e5cde8618fa23c5c00aa2b0aadf3?s=96&d=mm&r=g\",\"caption\":\"Reda\u00e7\u00e3o\"},\"sameAs\":[\"https:\/\/noticiaempauta.com\/portal\/\"],\"url\":\"https:\/\/noticiaempauta.com\/portal\/author\/fernando\/\"}]}<\/script>\n<!-- \/ Yoast SEO Premium plugin. -->","yoast_head_json":{"title":"Paquet\u00e1 do Piau\u00ed estreia projeto incentivo a pr\u00e1tica do esporte por meio do Jiu-Jitsu - Portal Not\u00edcia em Pauta","robots":{"index":"index","follow":"follow","max-snippet":"max-snippet:-1","max-image-preview":"max-image-preview:large","max-video-preview":"max-video-preview:-1"},"canonical":"https:\/\/noticiaempauta.com\/portal\/paqueta-do-piaui-estreia-projeto-incentivo-a-pratica-do-esporte-por-meio-do-jiu-jitsu\/","og_locale":"pt_BR","og_type":"article","og_title":"Paquet\u00e1 do Piau\u00ed estreia projeto incentivo a pr\u00e1tica do esporte por meio do Jiu-Jitsu","og_description":"Foi lan\u00e7ado nesta segunda-feira, 12 de janeiro, no Gin\u00e1sio Poliesportivo Jos\u00e9 Ant\u00f4nio dos Reis (Z\u00e9 Zuza), em Paquet\u00e1 do Piau\u00ed, o &#8220;Projeto Portelinha: Formando campe\u00f5es dentro e fora do tatame\u201d, uma iniciativa voltada ao incentivo \u00e0 pr\u00e1tica esportiva e \u00e0 forma\u00e7\u00e3o social de crian\u00e7as e adolescentes do munic\u00edpio. Nesta etapa inicial, o projeto conta com [&hellip;]","og_url":"https:\/\/noticiaempauta.com\/portal\/paqueta-do-piaui-estreia-projeto-incentivo-a-pratica-do-esporte-por-meio-do-jiu-jitsu\/","og_site_name":"Portal Not\u00edcia em Pauta","article_publisher":"https:\/\/www.facebook.com\/Portal-Notcia-Em-Pauta-102292869264820\/","article_published_time":"2026-01-13T19:17:50+00:00","article_modified_time":"2026-01-13T19:17:51+00:00","og_image":[{"width":800,"height":450,"url":"https:\/\/noticiaempauta.com\/portal\/wp-content\/uploads\/2026\/01\/FA-IMG-08b09ff07f6fe2879729.webp","type":"image\/webp"}],"author":"Reda\u00e7\u00e3o","twitter_card":"summary_large_image","twitter_misc":{"Escrito por":"Reda\u00e7\u00e3o","Est. tempo de leitura":"4 minutos"},"schema":{"@context":"https:\/\/schema.org","@graph":[{"@type":"Article","@id":"https:\/\/noticiaempauta.com\/portal\/paqueta-do-piaui-estreia-projeto-incentivo-a-pratica-do-esporte-por-meio-do-jiu-jitsu\/#article","isPartOf":{"@id":"https:\/\/noticiaempauta.com\/portal\/paqueta-do-piaui-estreia-projeto-incentivo-a-pratica-do-esporte-por-meio-do-jiu-jitsu\/"},"author":{"name":"Reda\u00e7\u00e3o","@id":"https:\/\/noticiaempauta.com\/portal\/#\/schema\/person\/a74af43dd1ab3deca45f988c717d57ac"},"headline":"Paquet\u00e1 do Piau\u00ed estreia projeto incentivo a pr\u00e1tica do esporte por meio do Jiu-Jitsu","datePublished":"2026-01-13T19:17:50+00:00","dateModified":"2026-01-13T19:17:51+00:00","mainEntityOfPage":{"@id":"https:\/\/noticiaempauta.com\/portal\/paqueta-do-piaui-estreia-projeto-incentivo-a-pratica-do-esporte-por-meio-do-jiu-jitsu\/"},"wordCount":320,"publisher":{"@id":"https:\/\/noticiaempauta.com\/portal\/#organization"},"image":{"@id":"https:\/\/noticiaempauta.com\/portal\/paqueta-do-piaui-estreia-projeto-incentivo-a-pratica-do-esporte-por-meio-do-jiu-jitsu\/#primaryimage"},"thumbnailUrl":"https:\/\/noticiaempauta.com\/portal\/wp-content\/uploads\/2026\/01\/FA-IMG-08b09ff07f6fe2879729.webp","keywords":["destaqueprincipal"],"articleSection":["Destaques","Geral","Munic\u00edpios","Todas as Not\u00edcias"],"inLanguage":"pt-BR"},{"@type":"WebPage","@id":"https:\/\/noticiaempauta.com\/portal\/paqueta-do-piaui-estreia-projeto-incentivo-a-pratica-do-esporte-por-meio-do-jiu-jitsu\/","url":"https:\/\/noticiaempauta.com\/portal\/paqueta-do-piaui-estreia-projeto-incentivo-a-pratica-do-esporte-por-meio-do-jiu-jitsu\/","name":"Paquet\u00e1 do Piau\u00ed estreia projeto incentivo a pr\u00e1tica do esporte por meio do Jiu-Jitsu - Portal Not\u00edcia em Pauta","isPartOf":{"@id":"https:\/\/noticiaempauta.com\/portal\/#website"},"primaryImageOfPage":{"@id":"https:\/\/noticiaempauta.com\/portal\/paqueta-do-piaui-estreia-projeto-incentivo-a-pratica-do-esporte-por-meio-do-jiu-jitsu\/#primaryimage"},"image":{"@id":"https:\/\/noticiaempauta.com\/portal\/paqueta-do-piaui-estreia-projeto-incentivo-a-pratica-do-esporte-por-meio-do-jiu-jitsu\/#primaryimage"},"thumbnailUrl":"https:\/\/noticiaempauta.com\/portal\/wp-content\/uploads\/2026\/01\/FA-IMG-08b09ff07f6fe2879729.webp","datePublished":"2026-01-13T19:17:50+00:00","dateModified":"2026-01-13T19:17:51+00:00","breadcrumb":{"@id":"https:\/\/noticiaempauta.com\/portal\/paqueta-do-piaui-estreia-projeto-incentivo-a-pratica-do-esporte-por-meio-do-jiu-jitsu\/#breadcrumb"},"inLanguage":"pt-BR","potentialAction":[{"@type":"ReadAction","target":["https:\/\/noticiaempauta.com\/portal\/paqueta-do-piaui-estreia-projeto-incentivo-a-pratica-do-esporte-por-meio-do-jiu-jitsu\/"]}]},{"@type":"ImageObject","inLanguage":"pt-BR","@id":"https:\/\/noticiaempauta.com\/portal\/paqueta-do-piaui-estreia-projeto-incentivo-a-pratica-do-esporte-por-meio-do-jiu-jitsu\/#primaryimage","url":"https:\/\/noticiaempauta.com\/portal\/wp-content\/uploads\/2026\/01\/FA-IMG-08b09ff07f6fe2879729.webp","contentUrl":"https:\/\/noticiaempauta.com\/portal\/wp-content\/uploads\/2026\/01\/FA-IMG-08b09ff07f6fe2879729.webp","width":800,"height":450},{"@type":"BreadcrumbList","@id":"https:\/\/noticiaempauta.com\/portal\/paqueta-do-piaui-estreia-projeto-incentivo-a-pratica-do-esporte-por-meio-do-jiu-jitsu\/#breadcrumb","itemListElement":[{"@type":"ListItem","position":1,"name":"P\u00e1gina Inicial","item":"https:\/\/noticiaempauta.com\/portal\/"},{"@type":"ListItem","position":2,"name":"Destaques","item":"https:\/\/noticiaempauta.com\/portal\/destaques-site\/"},{"@type":"ListItem","position":3,"name":"Paquet\u00e1 do Piau\u00ed estreia projeto incentivo a pr\u00e1tica do esporte por meio do Jiu-Jitsu"}]},{"@type":"WebSite","@id":"https:\/\/noticiaempauta.com\/portal\/#website","url":"https:\/\/noticiaempauta.com\/portal\/","name":"Portal Not\u00edcia em Pauta","description":"Voc\u00ea bem informado","publisher":{"@id":"https:\/\/noticiaempauta.com\/portal\/#organization"},"potentialAction":[{"@type":"SearchAction","target":{"@type":"EntryPoint","urlTemplate":"https:\/\/noticiaempauta.com\/portal\/?s={search_term_string}"},"query-input":{"@type":"PropertyValueSpecification","valueRequired":true,"valueName":"search_term_string"}}],"inLanguage":"pt-BR"},{"@type":"Organization","@id":"https:\/\/noticiaempauta.com\/portal\/#organization","name":"Portal Not\u00edcia em Pauta","url":"https:\/\/noticiaempauta.com\/portal\/","logo":{"@type":"ImageObject","inLanguage":"pt-BR","@id":"https:\/\/noticiaempauta.com\/portal\/#\/schema\/logo\/image\/","url":"https:\/\/noticiaempauta.com\/portal\/wp-content\/uploads\/2022\/08\/logomarca_tema.fw_.png","contentUrl":"https:\/\/noticiaempauta.com\/portal\/wp-content\/uploads\/2022\/08\/logomarca_tema.fw_.png","width":400,"height":232,"caption":"Portal Not\u00edcia em Pauta"},"image":{"@id":"https:\/\/noticiaempauta.com\/portal\/#\/schema\/logo\/image\/"},"sameAs":["https:\/\/www.facebook.com\/Portal-Notcia-Em-Pauta-102292869264820\/","https:\/\/www.instagram.com\/portalnoticiaempauta\/"]},{"@type":"Person","@id":"https:\/\/noticiaempauta.com\/portal\/#\/schema\/person\/a74af43dd1ab3deca45f988c717d57ac","name":"Reda\u00e7\u00e3o","image":{"@type":"ImageObject","inLanguage":"pt-BR","@id":"https:\/\/noticiaempauta.com\/portal\/#\/schema\/person\/image\/","url":"https:\/\/secure.gravatar.com\/avatar\/03179346ecce6cdfc13361603e8f54242a90e5cde8618fa23c5c00aa2b0aadf3?s=96&d=mm&r=g","contentUrl":"https:\/\/secure.gravatar.com\/avatar\/03179346ecce6cdfc13361603e8f54242a90e5cde8618fa23c5c00aa2b0aadf3?s=96&d=mm&r=g","caption":"Reda\u00e7\u00e3o"},"sameAs":["https:\/\/noticiaempauta.com\/portal\/"],"url":"https:\/\/noticiaempauta.com\/portal\/author\/fernando\/"}]}},"_links":{"self":[{"href":"https:\/\/noticiaempauta.com\/portal\/wp-json\/wp\/v2\/posts\/283910","targetHints":{"allow":["GET"]}}],"collection":[{"href":"https:\/\/noticiaempauta.com\/portal\/wp-json\/wp\/v2\/posts"}],"about":[{"href":"https:\/\/noticiaempauta.com\/portal\/wp-json\/wp\/v2\/types\/post"}],"author":[{"embeddable":true,"href":"https:\/\/noticiaempauta.com\/portal\/wp-json\/wp\/v2\/users\/2"}],"replies":[{"embeddable":true,"href":"https:\/\/noticiaempauta.com\/portal\/wp-json\/wp\/v2\/comments?post=283910"}],"version-history":[{"count":2,"href":"https:\/\/noticiaempauta.com\/portal\/wp-json\/wp\/v2\/posts\/283910\/revisions"}],"predecessor-version":[{"id":283924,"href":"https:\/\/noticiaempauta.com\/portal\/wp-json\/wp\/v2\/posts\/283910\/revisions\/283924"}],"wp:featuredmedia":[{"embeddable":true,"href":"https:\/\/noticiaempauta.com\/portal\/wp-json\/wp\/v2\/media\/283911"}],"wp:attachment":[{"href":"https:\/\/noticiaempauta.com\/portal\/wp-json\/wp\/v2\/media?parent=283910"}],"wp:term":[{"taxonomy":"category","embeddable":true,"href":"https:\/\/noticiaempauta.com\/portal\/wp-json\/wp\/v2\/categories?post=283910"},{"taxonomy":"post_tag","embeddable":true,"href":"https:\/\/noticiaempauta.com\/portal\/wp-json\/wp\/v2\/tags?post=283910"}],"curies":[{"name":"wp","href":"https:\/\/api.w.org\/{rel}","templated":true}]}}