{"id":283925,"date":"2026-01-13T20:43:36","date_gmt":"2026-01-13T23:43:36","guid":{"rendered":"https:\/\/noticiaempauta.com\/portal\/?p=283925"},"modified":"2026-01-13T20:43:37","modified_gmt":"2026-01-13T23:43:37","slug":"picos-lanca-programa-picos-mais-saude-para-ampliar-acesso-as-cirurgias-eletivas","status":"publish","type":"post","link":"https:\/\/noticiaempauta.com\/portal\/picos-lanca-programa-picos-mais-saude-para-ampliar-acesso-as-cirurgias-eletivas\/","title":{"rendered":"Picos lan\u00e7a programa \u201cPicos Mais Sa\u00fade\u201d para ampliar acesso \u00e0s cirurgias eletivas"},"content":{"rendered":"\n<p>A Prefeitura Municipal de Picos, por meio da Secretaria Municipal de Sa\u00fade, lan\u00e7a oficialmente o programa Picos Mais Sa\u00fade \u2013 Ampliando o Acesso \u00e0 Cirurgia Eletiva, iniciativa que tem como objetivo reduzir a fila de espera e garantir mais acesso da popula\u00e7\u00e3o a procedimentos cir\u00fargicos de forma organizada, segura e humanizada.<\/p>\n\n\n\n<figure class=\"wp-block-image size-large\"><img fetchpriority=\"high\" decoding=\"async\" width=\"1024\" height=\"683\" src=\"https:\/\/noticiaempauta.com\/portal\/wp-content\/uploads\/2026\/01\/IMG_7309-1024x683.webp\" alt=\"\" class=\"wp-image-283926\" srcset=\"https:\/\/noticiaempauta.com\/portal\/wp-content\/uploads\/2026\/01\/IMG_7309-1024x683.webp 1024w, https:\/\/noticiaempauta.com\/portal\/wp-content\/uploads\/2026\/01\/IMG_7309-300x200.webp 300w, https:\/\/noticiaempauta.com\/portal\/wp-content\/uploads\/2026\/01\/IMG_7309-768x512.webp 768w, https:\/\/noticiaempauta.com\/portal\/wp-content\/uploads\/2026\/01\/IMG_7309-1536x1024.webp 1536w, https:\/\/noticiaempauta.com\/portal\/wp-content\/uploads\/2026\/01\/IMG_7309-2048x1365.webp 2048w\" sizes=\"(max-width: 1024px) 100vw, 1024px\" \/><figcaption class=\"wp-element-caption\"><em>Secret\u00e1ria Municipal de Sa\u00fade, Dra. Yara Portela<\/em><\/figcaption><\/figure>\n\n\n\n<p>O programa estabelece um fluxo estruturado desde a Aten\u00e7\u00e3o Prim\u00e1ria at\u00e9 a realiza\u00e7\u00e3o da cirurgia. O paciente inicia o atendimento na Unidade B\u00e1sica de Sa\u00fade de refer\u00eancia, passa pela Central Municipal de Marca\u00e7\u00e3o de Consultas e Exames, realiza a triagem cir\u00fargica no CISPI (Centro Integrado de Sa\u00fade de Picos) e, ap\u00f3s avalia\u00e7\u00e3o m\u00e9dica e exames, tem o procedimento agendado e realizado no Hospital Anizinha Luz.<\/p>\n\n\n\n<p>Nesta etapa inicial, est\u00e3o sendo contempladas cirurgias como h\u00e9rnias, colecistectomia, histerectomia, vasectomia, varicocele, postectomia e ex\u00e9rese de cistos, conforme indica\u00e7\u00e3o m\u00e9dica. A prioriza\u00e7\u00e3o dos pacientes segue crit\u00e9rios t\u00e9cnicos, como risco cl\u00ednico, impacto na qualidade de vida e tempo de espera.<\/p>\n\n\n\n<p>Com essa a\u00e7\u00e3o, a gest\u00e3o municipal refor\u00e7a o compromisso com a amplia\u00e7\u00e3o do acesso \u00e0 sa\u00fade, a transpar\u00eancia no processo e a melhoria da qualidade de vida da popula\u00e7\u00e3o picoense.<\/p>\n","protected":false},"excerpt":{"rendered":"<p>A Prefeitura Municipal de Picos, por meio da Secretaria Municipal de Sa\u00fade, lan\u00e7a oficialmente o programa Picos Mais Sa\u00fade \u2013 Ampliando o Acesso \u00e0 Cirurgia Eletiva, iniciativa que tem como objetivo reduzir a fila de espera e garantir mais acesso da popula\u00e7\u00e3o a procedimentos cir\u00fargicos de forma organizada, segura e humanizada. O programa estabelece um [&hellip;]<\/p>\n","protected":false},"author":2,"featured_media":271586,"comment_status":"closed","ping_status":"closed","sticky":false,"template":"","format":"standard","meta":{"_mi_skip_tracking":false,"footnotes":""},"categories":[25,1,5,16],"tags":[192],"class_list":["post-283925","post","type-post","status-publish","format-standard","has-post-thumbnail","hentry","category-destaques-site","category-geral","category-saude","category-todas","tag-destaqueprincipal"],"acf":[],"yoast_head":"<!-- This site is optimized with the Yoast SEO Premium plugin v19.2 (Yoast SEO v26.9) - https:\/\/yoast.com\/product\/yoast-seo-premium-wordpress\/ -->\n<title>Picos lan\u00e7a programa \u201cPicos Mais Sa\u00fade\u201d para ampliar acesso \u00e0s cirurgias eletivas - Portal Not\u00edcia em Pauta<\/title>\n<meta name=\"robots\" content=\"index, follow, max-snippet:-1, max-image-preview:large, max-video-preview:-1\" \/>\n<link rel=\"canonical\" href=\"https:\/\/noticiaempauta.com\/portal\/picos-lanca-programa-picos-mais-saude-para-ampliar-acesso-as-cirurgias-eletivas\/\" \/>\n<meta property=\"og:locale\" content=\"pt_BR\" \/>\n<meta property=\"og:type\" content=\"article\" \/>\n<meta property=\"og:title\" content=\"Picos lan\u00e7a programa \u201cPicos Mais Sa\u00fade\u201d para ampliar acesso \u00e0s cirurgias eletivas\" \/>\n<meta property=\"og:description\" content=\"A Prefeitura Municipal de Picos, por meio da Secretaria Municipal de Sa\u00fade, lan\u00e7a oficialmente o programa Picos Mais Sa\u00fade \u2013 Ampliando o Acesso \u00e0 Cirurgia Eletiva, iniciativa que tem como objetivo reduzir a fila de espera e garantir mais acesso da popula\u00e7\u00e3o a procedimentos cir\u00fargicos de forma organizada, segura e humanizada. O programa estabelece um [&hellip;]\" \/>\n<meta property=\"og:url\" content=\"https:\/\/noticiaempauta.com\/portal\/picos-lanca-programa-picos-mais-saude-para-ampliar-acesso-as-cirurgias-eletivas\/\" \/>\n<meta property=\"og:site_name\" content=\"Portal Not\u00edcia em Pauta\" \/>\n<meta property=\"article:publisher\" content=\"https:\/\/www.facebook.com\/Portal-Notcia-Em-Pauta-102292869264820\/\" \/>\n<meta property=\"article:published_time\" content=\"2026-01-13T23:43:36+00:00\" \/>\n<meta property=\"article:modified_time\" content=\"2026-01-13T23:43:37+00:00\" \/>\n<meta property=\"og:image\" content=\"https:\/\/noticiaempauta.com\/portal\/wp-content\/uploads\/2025\/05\/secretariadesaudepicos.jpeg\" \/>\n\t<meta property=\"og:image:width\" content=\"1200\" \/>\n\t<meta property=\"og:image:height\" content=\"798\" \/>\n\t<meta property=\"og:image:type\" content=\"image\/jpeg\" \/>\n<meta name=\"author\" content=\"Reda\u00e7\u00e3o\" \/>\n<meta name=\"twitter:card\" content=\"summary_large_image\" \/>\n<meta name=\"twitter:label1\" content=\"Escrito por\" \/>\n\t<meta name=\"twitter:data1\" content=\"Reda\u00e7\u00e3o\" \/>\n\t<meta name=\"twitter:label2\" content=\"Est. tempo de leitura\" \/>\n\t<meta name=\"twitter:data2\" content=\"2 minutos\" \/>\n<script type=\"application\/ld+json\" class=\"yoast-schema-graph\">{\"@context\":\"https:\/\/schema.org\",\"@graph\":[{\"@type\":\"Article\",\"@id\":\"https:\/\/noticiaempauta.com\/portal\/picos-lanca-programa-picos-mais-saude-para-ampliar-acesso-as-cirurgias-eletivas\/#article\",\"isPartOf\":{\"@id\":\"https:\/\/noticiaempauta.com\/portal\/picos-lanca-programa-picos-mais-saude-para-ampliar-acesso-as-cirurgias-eletivas\/\"},\"author\":{\"name\":\"Reda\u00e7\u00e3o\",\"@id\":\"https:\/\/noticiaempauta.com\/portal\/#\/schema\/person\/a74af43dd1ab3deca45f988c717d57ac\"},\"headline\":\"Picos lan\u00e7a programa \u201cPicos Mais Sa\u00fade\u201d para ampliar acesso \u00e0s cirurgias eletivas\",\"datePublished\":\"2026-01-13T23:43:36+00:00\",\"dateModified\":\"2026-01-13T23:43:37+00:00\",\"mainEntityOfPage\":{\"@id\":\"https:\/\/noticiaempauta.com\/portal\/picos-lanca-programa-picos-mais-saude-para-ampliar-acesso-as-cirurgias-eletivas\/\"},\"wordCount\":239,\"publisher\":{\"@id\":\"https:\/\/noticiaempauta.com\/portal\/#organization\"},\"image\":{\"@id\":\"https:\/\/noticiaempauta.com\/portal\/picos-lanca-programa-picos-mais-saude-para-ampliar-acesso-as-cirurgias-eletivas\/#primaryimage\"},\"thumbnailUrl\":\"https:\/\/noticiaempauta.com\/portal\/wp-content\/uploads\/2025\/05\/secretariadesaudepicos.jpeg\",\"keywords\":[\"destaqueprincipal\"],\"articleSection\":[\"Destaques\",\"Geral\",\"Sa\u00fade\",\"Todas as Not\u00edcias\"],\"inLanguage\":\"pt-BR\"},{\"@type\":\"WebPage\",\"@id\":\"https:\/\/noticiaempauta.com\/portal\/picos-lanca-programa-picos-mais-saude-para-ampliar-acesso-as-cirurgias-eletivas\/\",\"url\":\"https:\/\/noticiaempauta.com\/portal\/picos-lanca-programa-picos-mais-saude-para-ampliar-acesso-as-cirurgias-eletivas\/\",\"name\":\"Picos lan\u00e7a programa \u201cPicos Mais Sa\u00fade\u201d para ampliar acesso \u00e0s cirurgias eletivas - Portal Not\u00edcia em Pauta\",\"isPartOf\":{\"@id\":\"https:\/\/noticiaempauta.com\/portal\/#website\"},\"primaryImageOfPage\":{\"@id\":\"https:\/\/noticiaempauta.com\/portal\/picos-lanca-programa-picos-mais-saude-para-ampliar-acesso-as-cirurgias-eletivas\/#primaryimage\"},\"image\":{\"@id\":\"https:\/\/noticiaempauta.com\/portal\/picos-lanca-programa-picos-mais-saude-para-ampliar-acesso-as-cirurgias-eletivas\/#primaryimage\"},\"thumbnailUrl\":\"https:\/\/noticiaempauta.com\/portal\/wp-content\/uploads\/2025\/05\/secretariadesaudepicos.jpeg\",\"datePublished\":\"2026-01-13T23:43:36+00:00\",\"dateModified\":\"2026-01-13T23:43:37+00:00\",\"breadcrumb\":{\"@id\":\"https:\/\/noticiaempauta.com\/portal\/picos-lanca-programa-picos-mais-saude-para-ampliar-acesso-as-cirurgias-eletivas\/#breadcrumb\"},\"inLanguage\":\"pt-BR\",\"potentialAction\":[{\"@type\":\"ReadAction\",\"target\":[\"https:\/\/noticiaempauta.com\/portal\/picos-lanca-programa-picos-mais-saude-para-ampliar-acesso-as-cirurgias-eletivas\/\"]}]},{\"@type\":\"ImageObject\",\"inLanguage\":\"pt-BR\",\"@id\":\"https:\/\/noticiaempauta.com\/portal\/picos-lanca-programa-picos-mais-saude-para-ampliar-acesso-as-cirurgias-eletivas\/#primaryimage\",\"url\":\"https:\/\/noticiaempauta.com\/portal\/wp-content\/uploads\/2025\/05\/secretariadesaudepicos.jpeg\",\"contentUrl\":\"https:\/\/noticiaempauta.com\/portal\/wp-content\/uploads\/2025\/05\/secretariadesaudepicos.jpeg\",\"width\":1200,\"height\":798},{\"@type\":\"BreadcrumbList\",\"@id\":\"https:\/\/noticiaempauta.com\/portal\/picos-lanca-programa-picos-mais-saude-para-ampliar-acesso-as-cirurgias-eletivas\/#breadcrumb\",\"itemListElement\":[{\"@type\":\"ListItem\",\"position\":1,\"name\":\"P\u00e1gina Inicial\",\"item\":\"https:\/\/noticiaempauta.com\/portal\/\"},{\"@type\":\"ListItem\",\"position\":2,\"name\":\"Geral\",\"item\":\"https:\/\/noticiaempauta.com\/portal\/geral\/\"},{\"@type\":\"ListItem\",\"position\":3,\"name\":\"Picos lan\u00e7a programa \u201cPicos Mais Sa\u00fade\u201d para ampliar acesso \u00e0s cirurgias eletivas\"}]},{\"@type\":\"WebSite\",\"@id\":\"https:\/\/noticiaempauta.com\/portal\/#website\",\"url\":\"https:\/\/noticiaempauta.com\/portal\/\",\"name\":\"Portal Not\u00edcia em Pauta\",\"description\":\"Voc\u00ea bem informado\",\"publisher\":{\"@id\":\"https:\/\/noticiaempauta.com\/portal\/#organization\"},\"potentialAction\":[{\"@type\":\"SearchAction\",\"target\":{\"@type\":\"EntryPoint\",\"urlTemplate\":\"https:\/\/noticiaempauta.com\/portal\/?s={search_term_string}\"},\"query-input\":{\"@type\":\"PropertyValueSpecification\",\"valueRequired\":true,\"valueName\":\"search_term_string\"}}],\"inLanguage\":\"pt-BR\"},{\"@type\":\"Organization\",\"@id\":\"https:\/\/noticiaempauta.com\/portal\/#organization\",\"name\":\"Portal Not\u00edcia em Pauta\",\"url\":\"https:\/\/noticiaempauta.com\/portal\/\",\"logo\":{\"@type\":\"ImageObject\",\"inLanguage\":\"pt-BR\",\"@id\":\"https:\/\/noticiaempauta.com\/portal\/#\/schema\/logo\/image\/\",\"url\":\"https:\/\/noticiaempauta.com\/portal\/wp-content\/uploads\/2022\/08\/logomarca_tema.fw_.png\",\"contentUrl\":\"https:\/\/noticiaempauta.com\/portal\/wp-content\/uploads\/2022\/08\/logomarca_tema.fw_.png\",\"width\":400,\"height\":232,\"caption\":\"Portal Not\u00edcia em Pauta\"},\"image\":{\"@id\":\"https:\/\/noticiaempauta.com\/portal\/#\/schema\/logo\/image\/\"},\"sameAs\":[\"https:\/\/www.facebook.com\/Portal-Notcia-Em-Pauta-102292869264820\/\",\"https:\/\/www.instagram.com\/portalnoticiaempauta\/\"]},{\"@type\":\"Person\",\"@id\":\"https:\/\/noticiaempauta.com\/portal\/#\/schema\/person\/a74af43dd1ab3deca45f988c717d57ac\",\"name\":\"Reda\u00e7\u00e3o\",\"image\":{\"@type\":\"ImageObject\",\"inLanguage\":\"pt-BR\",\"@id\":\"https:\/\/noticiaempauta.com\/portal\/#\/schema\/person\/image\/\",\"url\":\"https:\/\/secure.gravatar.com\/avatar\/03179346ecce6cdfc13361603e8f54242a90e5cde8618fa23c5c00aa2b0aadf3?s=96&d=mm&r=g\",\"contentUrl\":\"https:\/\/secure.gravatar.com\/avatar\/03179346ecce6cdfc13361603e8f54242a90e5cde8618fa23c5c00aa2b0aadf3?s=96&d=mm&r=g\",\"caption\":\"Reda\u00e7\u00e3o\"},\"sameAs\":[\"https:\/\/noticiaempauta.com\/portal\/\"],\"url\":\"https:\/\/noticiaempauta.com\/portal\/author\/fernando\/\"}]}<\/script>\n<!-- \/ Yoast SEO Premium plugin. -->","yoast_head_json":{"title":"Picos lan\u00e7a programa \u201cPicos Mais Sa\u00fade\u201d para ampliar acesso \u00e0s cirurgias eletivas - Portal Not\u00edcia em Pauta","robots":{"index":"index","follow":"follow","max-snippet":"max-snippet:-1","max-image-preview":"max-image-preview:large","max-video-preview":"max-video-preview:-1"},"canonical":"https:\/\/noticiaempauta.com\/portal\/picos-lanca-programa-picos-mais-saude-para-ampliar-acesso-as-cirurgias-eletivas\/","og_locale":"pt_BR","og_type":"article","og_title":"Picos lan\u00e7a programa \u201cPicos Mais Sa\u00fade\u201d para ampliar acesso \u00e0s cirurgias eletivas","og_description":"A Prefeitura Municipal de Picos, por meio da Secretaria Municipal de Sa\u00fade, lan\u00e7a oficialmente o programa Picos Mais Sa\u00fade \u2013 Ampliando o Acesso \u00e0 Cirurgia Eletiva, iniciativa que tem como objetivo reduzir a fila de espera e garantir mais acesso da popula\u00e7\u00e3o a procedimentos cir\u00fargicos de forma organizada, segura e humanizada. O programa estabelece um [&hellip;]","og_url":"https:\/\/noticiaempauta.com\/portal\/picos-lanca-programa-picos-mais-saude-para-ampliar-acesso-as-cirurgias-eletivas\/","og_site_name":"Portal Not\u00edcia em Pauta","article_publisher":"https:\/\/www.facebook.com\/Portal-Notcia-Em-Pauta-102292869264820\/","article_published_time":"2026-01-13T23:43:36+00:00","article_modified_time":"2026-01-13T23:43:37+00:00","og_image":[{"width":1200,"height":798,"url":"https:\/\/noticiaempauta.com\/portal\/wp-content\/uploads\/2025\/05\/secretariadesaudepicos.jpeg","type":"image\/jpeg"}],"author":"Reda\u00e7\u00e3o","twitter_card":"summary_large_image","twitter_misc":{"Escrito por":"Reda\u00e7\u00e3o","Est. tempo de leitura":"2 minutos"},"schema":{"@context":"https:\/\/schema.org","@graph":[{"@type":"Article","@id":"https:\/\/noticiaempauta.com\/portal\/picos-lanca-programa-picos-mais-saude-para-ampliar-acesso-as-cirurgias-eletivas\/#article","isPartOf":{"@id":"https:\/\/noticiaempauta.com\/portal\/picos-lanca-programa-picos-mais-saude-para-ampliar-acesso-as-cirurgias-eletivas\/"},"author":{"name":"Reda\u00e7\u00e3o","@id":"https:\/\/noticiaempauta.com\/portal\/#\/schema\/person\/a74af43dd1ab3deca45f988c717d57ac"},"headline":"Picos lan\u00e7a programa \u201cPicos Mais Sa\u00fade\u201d para ampliar acesso \u00e0s cirurgias eletivas","datePublished":"2026-01-13T23:43:36+00:00","dateModified":"2026-01-13T23:43:37+00:00","mainEntityOfPage":{"@id":"https:\/\/noticiaempauta.com\/portal\/picos-lanca-programa-picos-mais-saude-para-ampliar-acesso-as-cirurgias-eletivas\/"},"wordCount":239,"publisher":{"@id":"https:\/\/noticiaempauta.com\/portal\/#organization"},"image":{"@id":"https:\/\/noticiaempauta.com\/portal\/picos-lanca-programa-picos-mais-saude-para-ampliar-acesso-as-cirurgias-eletivas\/#primaryimage"},"thumbnailUrl":"https:\/\/noticiaempauta.com\/portal\/wp-content\/uploads\/2025\/05\/secretariadesaudepicos.jpeg","keywords":["destaqueprincipal"],"articleSection":["Destaques","Geral","Sa\u00fade","Todas as Not\u00edcias"],"inLanguage":"pt-BR"},{"@type":"WebPage","@id":"https:\/\/noticiaempauta.com\/portal\/picos-lanca-programa-picos-mais-saude-para-ampliar-acesso-as-cirurgias-eletivas\/","url":"https:\/\/noticiaempauta.com\/portal\/picos-lanca-programa-picos-mais-saude-para-ampliar-acesso-as-cirurgias-eletivas\/","name":"Picos lan\u00e7a programa \u201cPicos Mais Sa\u00fade\u201d para ampliar acesso \u00e0s cirurgias eletivas - Portal Not\u00edcia em Pauta","isPartOf":{"@id":"https:\/\/noticiaempauta.com\/portal\/#website"},"primaryImageOfPage":{"@id":"https:\/\/noticiaempauta.com\/portal\/picos-lanca-programa-picos-mais-saude-para-ampliar-acesso-as-cirurgias-eletivas\/#primaryimage"},"image":{"@id":"https:\/\/noticiaempauta.com\/portal\/picos-lanca-programa-picos-mais-saude-para-ampliar-acesso-as-cirurgias-eletivas\/#primaryimage"},"thumbnailUrl":"https:\/\/noticiaempauta.com\/portal\/wp-content\/uploads\/2025\/05\/secretariadesaudepicos.jpeg","datePublished":"2026-01-13T23:43:36+00:00","dateModified":"2026-01-13T23:43:37+00:00","breadcrumb":{"@id":"https:\/\/noticiaempauta.com\/portal\/picos-lanca-programa-picos-mais-saude-para-ampliar-acesso-as-cirurgias-eletivas\/#breadcrumb"},"inLanguage":"pt-BR","potentialAction":[{"@type":"ReadAction","target":["https:\/\/noticiaempauta.com\/portal\/picos-lanca-programa-picos-mais-saude-para-ampliar-acesso-as-cirurgias-eletivas\/"]}]},{"@type":"ImageObject","inLanguage":"pt-BR","@id":"https:\/\/noticiaempauta.com\/portal\/picos-lanca-programa-picos-mais-saude-para-ampliar-acesso-as-cirurgias-eletivas\/#primaryimage","url":"https:\/\/noticiaempauta.com\/portal\/wp-content\/uploads\/2025\/05\/secretariadesaudepicos.jpeg","contentUrl":"https:\/\/noticiaempauta.com\/portal\/wp-content\/uploads\/2025\/05\/secretariadesaudepicos.jpeg","width":1200,"height":798},{"@type":"BreadcrumbList","@id":"https:\/\/noticiaempauta.com\/portal\/picos-lanca-programa-picos-mais-saude-para-ampliar-acesso-as-cirurgias-eletivas\/#breadcrumb","itemListElement":[{"@type":"ListItem","position":1,"name":"P\u00e1gina Inicial","item":"https:\/\/noticiaempauta.com\/portal\/"},{"@type":"ListItem","position":2,"name":"Geral","item":"https:\/\/noticiaempauta.com\/portal\/geral\/"},{"@type":"ListItem","position":3,"name":"Picos lan\u00e7a programa \u201cPicos Mais Sa\u00fade\u201d para ampliar acesso \u00e0s cirurgias eletivas"}]},{"@type":"WebSite","@id":"https:\/\/noticiaempauta.com\/portal\/#website","url":"https:\/\/noticiaempauta.com\/portal\/","name":"Portal Not\u00edcia em Pauta","description":"Voc\u00ea bem informado","publisher":{"@id":"https:\/\/noticiaempauta.com\/portal\/#organization"},"potentialAction":[{"@type":"SearchAction","target":{"@type":"EntryPoint","urlTemplate":"https:\/\/noticiaempauta.com\/portal\/?s={search_term_string}"},"query-input":{"@type":"PropertyValueSpecification","valueRequired":true,"valueName":"search_term_string"}}],"inLanguage":"pt-BR"},{"@type":"Organization","@id":"https:\/\/noticiaempauta.com\/portal\/#organization","name":"Portal Not\u00edcia em Pauta","url":"https:\/\/noticiaempauta.com\/portal\/","logo":{"@type":"ImageObject","inLanguage":"pt-BR","@id":"https:\/\/noticiaempauta.com\/portal\/#\/schema\/logo\/image\/","url":"https:\/\/noticiaempauta.com\/portal\/wp-content\/uploads\/2022\/08\/logomarca_tema.fw_.png","contentUrl":"https:\/\/noticiaempauta.com\/portal\/wp-content\/uploads\/2022\/08\/logomarca_tema.fw_.png","width":400,"height":232,"caption":"Portal Not\u00edcia em Pauta"},"image":{"@id":"https:\/\/noticiaempauta.com\/portal\/#\/schema\/logo\/image\/"},"sameAs":["https:\/\/www.facebook.com\/Portal-Notcia-Em-Pauta-102292869264820\/","https:\/\/www.instagram.com\/portalnoticiaempauta\/"]},{"@type":"Person","@id":"https:\/\/noticiaempauta.com\/portal\/#\/schema\/person\/a74af43dd1ab3deca45f988c717d57ac","name":"Reda\u00e7\u00e3o","image":{"@type":"ImageObject","inLanguage":"pt-BR","@id":"https:\/\/noticiaempauta.com\/portal\/#\/schema\/person\/image\/","url":"https:\/\/secure.gravatar.com\/avatar\/03179346ecce6cdfc13361603e8f54242a90e5cde8618fa23c5c00aa2b0aadf3?s=96&d=mm&r=g","contentUrl":"https:\/\/secure.gravatar.com\/avatar\/03179346ecce6cdfc13361603e8f54242a90e5cde8618fa23c5c00aa2b0aadf3?s=96&d=mm&r=g","caption":"Reda\u00e7\u00e3o"},"sameAs":["https:\/\/noticiaempauta.com\/portal\/"],"url":"https:\/\/noticiaempauta.com\/portal\/author\/fernando\/"}]}},"_links":{"self":[{"href":"https:\/\/noticiaempauta.com\/portal\/wp-json\/wp\/v2\/posts\/283925","targetHints":{"allow":["GET"]}}],"collection":[{"href":"https:\/\/noticiaempauta.com\/portal\/wp-json\/wp\/v2\/posts"}],"about":[{"href":"https:\/\/noticiaempauta.com\/portal\/wp-json\/wp\/v2\/types\/post"}],"author":[{"embeddable":true,"href":"https:\/\/noticiaempauta.com\/portal\/wp-json\/wp\/v2\/users\/2"}],"replies":[{"embeddable":true,"href":"https:\/\/noticiaempauta.com\/portal\/wp-json\/wp\/v2\/comments?post=283925"}],"version-history":[{"count":3,"href":"https:\/\/noticiaempauta.com\/portal\/wp-json\/wp\/v2\/posts\/283925\/revisions"}],"predecessor-version":[{"id":283936,"href":"https:\/\/noticiaempauta.com\/portal\/wp-json\/wp\/v2\/posts\/283925\/revisions\/283936"}],"wp:featuredmedia":[{"embeddable":true,"href":"https:\/\/noticiaempauta.com\/portal\/wp-json\/wp\/v2\/media\/271586"}],"wp:attachment":[{"href":"https:\/\/noticiaempauta.com\/portal\/wp-json\/wp\/v2\/media?parent=283925"}],"wp:term":[{"taxonomy":"category","embeddable":true,"href":"https:\/\/noticiaempauta.com\/portal\/wp-json\/wp\/v2\/categories?post=283925"},{"taxonomy":"post_tag","embeddable":true,"href":"https:\/\/noticiaempauta.com\/portal\/wp-json\/wp\/v2\/tags?post=283925"}],"curies":[{"name":"wp","href":"https:\/\/api.w.org\/{rel}","templated":true}]}}