{"id":283937,"date":"2026-01-14T09:21:41","date_gmt":"2026-01-14T12:21:41","guid":{"rendered":"https:\/\/noticiaempauta.com\/portal\/?p=283937"},"modified":"2026-01-14T09:21:42","modified_gmt":"2026-01-14T12:21:42","slug":"policia-prende-um-dos-homens-mais-procurados-do-piaui-durante-tentativa-de-homicidio-no-ceara","status":"publish","type":"post","link":"https:\/\/noticiaempauta.com\/portal\/policia-prende-um-dos-homens-mais-procurados-do-piaui-durante-tentativa-de-homicidio-no-ceara\/","title":{"rendered":"Pol\u00edcia prende um dos homens mais procurados do Piau\u00ed durante tentativa de homic\u00eddio no Cear\u00e1"},"content":{"rendered":"\n<p>Na manh\u00e3 de ter\u00e7a-feira (13), Ant\u00f4nio Fl\u00e1vio Dos Santos Mendes, de 30 anos, foi preso ap\u00f3s uma tentativa de homic\u00eddio em Boa Viagem, Interior do Cear\u00e1. Natural do Piau\u00ed, Ant\u00f4nio \u00edntegra a lista dos criminosos mais procurados do Brasil.<\/p>\n\n\n\n<figure class=\"wp-block-image size-full\"><img fetchpriority=\"high\" decoding=\"async\" width=\"785\" height=\"435\" src=\"https:\/\/noticiaempauta.com\/portal\/wp-content\/uploads\/2026\/01\/antonio-flavio-dos-santos-mendes-de-30-anos-60d38d76f021dff5.webp\" alt=\"\" class=\"wp-image-283938\" srcset=\"https:\/\/noticiaempauta.com\/portal\/wp-content\/uploads\/2026\/01\/antonio-flavio-dos-santos-mendes-de-30-anos-60d38d76f021dff5.webp 785w, https:\/\/noticiaempauta.com\/portal\/wp-content\/uploads\/2026\/01\/antonio-flavio-dos-santos-mendes-de-30-anos-60d38d76f021dff5-300x166.webp 300w, https:\/\/noticiaempauta.com\/portal\/wp-content\/uploads\/2026\/01\/antonio-flavio-dos-santos-mendes-de-30-anos-60d38d76f021dff5-768x426.webp 768w\" sizes=\"(max-width: 785px) 100vw, 785px\" \/><figcaption class=\"wp-element-caption\"><em>(Foto: Reprodu\u00e7\u00e3o\/MJSP)<\/em><\/figcaption><\/figure>\n\n\n\n<p>Ele \u00e9 considerado&nbsp;<strong>um dos oito homens mais perigosos do estado piauiense e tinha um mandado de pris\u00e3o tempor\u00e1ria por tr\u00e1fico de drogas<\/strong>. A Pol\u00edcia Militar capturou o indiv\u00edduo durante um patrulhamento ostensivo.<\/p>\n\n\n\n<p>O piauiense foi localizado pela guarni\u00e7\u00e3o ap\u00f3s uma intensa movimenta\u00e7\u00e3o em uma via p\u00fablica. Ao chegarem pr\u00f3ximo do tumulto, os policiais constaram que havia uma tentativa de homic\u00eddio em andamento e logo interviram na situa\u00e7\u00e3o. A v\u00edtima foi atingida por disparos de arma de fogo.\u00a0<\/p>\n\n\n\n<figure class=\"wp-block-image size-full\"><img decoding=\"async\" width=\"984\" height=\"554\" src=\"https:\/\/noticiaempauta.com\/portal\/wp-content\/uploads\/2026\/01\/pm-prende-um-dos-homens-mais-procurados-do-piaui-durante-tentativa-de-homicidio-no-ce-7fa4db95b9e7dc22.webp\" alt=\"\" class=\"wp-image-283939\" srcset=\"https:\/\/noticiaempauta.com\/portal\/wp-content\/uploads\/2026\/01\/pm-prende-um-dos-homens-mais-procurados-do-piaui-durante-tentativa-de-homicidio-no-ce-7fa4db95b9e7dc22.webp 984w, https:\/\/noticiaempauta.com\/portal\/wp-content\/uploads\/2026\/01\/pm-prende-um-dos-homens-mais-procurados-do-piaui-durante-tentativa-de-homicidio-no-ce-7fa4db95b9e7dc22-300x169.webp 300w, https:\/\/noticiaempauta.com\/portal\/wp-content\/uploads\/2026\/01\/pm-prende-um-dos-homens-mais-procurados-do-piaui-durante-tentativa-de-homicidio-no-ce-7fa4db95b9e7dc22-768x432.webp 768w\" sizes=\"(max-width: 984px) 100vw, 984px\" \/><figcaption class=\"wp-element-caption\"><em>(Foto: Reprodu\u00e7\u00e3o\/PM-CE)<\/em><\/figcaption><\/figure>\n\n\n\n<p>No local, ap\u00f3s a PM iniciar dilig\u00eancias na \u00e1rea, foi poss\u00edvel localizar os suspeitos. Em desacato, os indiv\u00edduos n\u00e3o obedeceram \u00e0 ordem de parada e escaparam. Os policiais iniciaram uma persegui\u00e7\u00e3o e um dos envolvidos foi capturado.<\/p>\n\n\n\n<p>Al\u00e9m disso, foram apreendidos uma pistola, calibre 9mm, com 12 muni\u00e7\u00f5es, um aparelho celular, assim como, uma motocicleta utilizada na fuga.&nbsp;<\/p>\n\n\n\n<p>Diante do flagrante, o suspeito e o material apreendido foram conduzidos \u00e0 Delegacia Regional para os procedimentos cab\u00edveis.<\/p>\n\n\n\n<p><strong>Fonte: Meio News<\/strong><\/p>\n","protected":false},"excerpt":{"rendered":"<p>Na manh\u00e3 de ter\u00e7a-feira (13), Ant\u00f4nio Fl\u00e1vio Dos Santos Mendes, de 30 anos, foi preso ap\u00f3s uma tentativa de homic\u00eddio em Boa Viagem, Interior do Cear\u00e1. Natural do Piau\u00ed, Ant\u00f4nio \u00edntegra a lista dos criminosos mais procurados do Brasil. Ele \u00e9 considerado&nbsp;um dos oito homens mais perigosos do estado piauiense e tinha um mandado de [&hellip;]<\/p>\n","protected":false},"author":2,"featured_media":283938,"comment_status":"closed","ping_status":"closed","sticky":false,"template":"","format":"standard","meta":{"_mi_skip_tracking":false,"footnotes":""},"categories":[25,1,137,16],"tags":[192],"class_list":["post-283937","post","type-post","status-publish","format-standard","has-post-thumbnail","hentry","category-destaques-site","category-geral","category-policia","category-todas","tag-destaqueprincipal"],"acf":[],"yoast_head":"<!-- This site is optimized with the Yoast SEO Premium plugin v19.2 (Yoast SEO v26.9) - https:\/\/yoast.com\/product\/yoast-seo-premium-wordpress\/ -->\n<title>Pol\u00edcia prende um dos homens mais procurados do Piau\u00ed durante tentativa de homic\u00eddio no Cear\u00e1 - Portal Not\u00edcia em Pauta<\/title>\n<meta name=\"robots\" content=\"index, follow, max-snippet:-1, max-image-preview:large, max-video-preview:-1\" \/>\n<link rel=\"canonical\" href=\"https:\/\/noticiaempauta.com\/portal\/policia-prende-um-dos-homens-mais-procurados-do-piaui-durante-tentativa-de-homicidio-no-ceara\/\" \/>\n<meta property=\"og:locale\" content=\"pt_BR\" \/>\n<meta property=\"og:type\" content=\"article\" \/>\n<meta property=\"og:title\" content=\"Pol\u00edcia prende um dos homens mais procurados do Piau\u00ed durante tentativa de homic\u00eddio no Cear\u00e1\" \/>\n<meta property=\"og:description\" content=\"Na manh\u00e3 de ter\u00e7a-feira (13), Ant\u00f4nio Fl\u00e1vio Dos Santos Mendes, de 30 anos, foi preso ap\u00f3s uma tentativa de homic\u00eddio em Boa Viagem, Interior do Cear\u00e1. Natural do Piau\u00ed, Ant\u00f4nio \u00edntegra a lista dos criminosos mais procurados do Brasil. Ele \u00e9 considerado&nbsp;um dos oito homens mais perigosos do estado piauiense e tinha um mandado de [&hellip;]\" \/>\n<meta property=\"og:url\" content=\"https:\/\/noticiaempauta.com\/portal\/policia-prende-um-dos-homens-mais-procurados-do-piaui-durante-tentativa-de-homicidio-no-ceara\/\" \/>\n<meta property=\"og:site_name\" content=\"Portal Not\u00edcia em Pauta\" \/>\n<meta property=\"article:publisher\" content=\"https:\/\/www.facebook.com\/Portal-Notcia-Em-Pauta-102292869264820\/\" \/>\n<meta property=\"article:published_time\" content=\"2026-01-14T12:21:41+00:00\" \/>\n<meta property=\"article:modified_time\" content=\"2026-01-14T12:21:42+00:00\" \/>\n<meta property=\"og:image\" content=\"https:\/\/noticiaempauta.com\/portal\/wp-content\/uploads\/2026\/01\/antonio-flavio-dos-santos-mendes-de-30-anos-60d38d76f021dff5.webp\" \/>\n\t<meta property=\"og:image:width\" content=\"785\" \/>\n\t<meta property=\"og:image:height\" content=\"435\" \/>\n\t<meta property=\"og:image:type\" content=\"image\/webp\" \/>\n<meta name=\"author\" content=\"Reda\u00e7\u00e3o\" \/>\n<meta name=\"twitter:card\" content=\"summary_large_image\" \/>\n<meta name=\"twitter:label1\" content=\"Escrito por\" \/>\n\t<meta name=\"twitter:data1\" content=\"Reda\u00e7\u00e3o\" \/>\n\t<meta name=\"twitter:label2\" content=\"Est. tempo de leitura\" \/>\n\t<meta name=\"twitter:data2\" content=\"2 minutos\" \/>\n<script type=\"application\/ld+json\" class=\"yoast-schema-graph\">{\"@context\":\"https:\/\/schema.org\",\"@graph\":[{\"@type\":\"Article\",\"@id\":\"https:\/\/noticiaempauta.com\/portal\/policia-prende-um-dos-homens-mais-procurados-do-piaui-durante-tentativa-de-homicidio-no-ceara\/#article\",\"isPartOf\":{\"@id\":\"https:\/\/noticiaempauta.com\/portal\/policia-prende-um-dos-homens-mais-procurados-do-piaui-durante-tentativa-de-homicidio-no-ceara\/\"},\"author\":{\"name\":\"Reda\u00e7\u00e3o\",\"@id\":\"https:\/\/noticiaempauta.com\/portal\/#\/schema\/person\/a74af43dd1ab3deca45f988c717d57ac\"},\"headline\":\"Pol\u00edcia prende um dos homens mais procurados do Piau\u00ed durante tentativa de homic\u00eddio no Cear\u00e1\",\"datePublished\":\"2026-01-14T12:21:41+00:00\",\"dateModified\":\"2026-01-14T12:21:42+00:00\",\"mainEntityOfPage\":{\"@id\":\"https:\/\/noticiaempauta.com\/portal\/policia-prende-um-dos-homens-mais-procurados-do-piaui-durante-tentativa-de-homicidio-no-ceara\/\"},\"wordCount\":245,\"publisher\":{\"@id\":\"https:\/\/noticiaempauta.com\/portal\/#organization\"},\"image\":{\"@id\":\"https:\/\/noticiaempauta.com\/portal\/policia-prende-um-dos-homens-mais-procurados-do-piaui-durante-tentativa-de-homicidio-no-ceara\/#primaryimage\"},\"thumbnailUrl\":\"https:\/\/noticiaempauta.com\/portal\/wp-content\/uploads\/2026\/01\/antonio-flavio-dos-santos-mendes-de-30-anos-60d38d76f021dff5.webp\",\"keywords\":[\"destaqueprincipal\"],\"articleSection\":[\"Destaques\",\"Geral\",\"Pol\u00edcia\",\"Todas as Not\u00edcias\"],\"inLanguage\":\"pt-BR\"},{\"@type\":\"WebPage\",\"@id\":\"https:\/\/noticiaempauta.com\/portal\/policia-prende-um-dos-homens-mais-procurados-do-piaui-durante-tentativa-de-homicidio-no-ceara\/\",\"url\":\"https:\/\/noticiaempauta.com\/portal\/policia-prende-um-dos-homens-mais-procurados-do-piaui-durante-tentativa-de-homicidio-no-ceara\/\",\"name\":\"Pol\u00edcia prende um dos homens mais procurados do Piau\u00ed durante tentativa de homic\u00eddio no Cear\u00e1 - Portal Not\u00edcia em Pauta\",\"isPartOf\":{\"@id\":\"https:\/\/noticiaempauta.com\/portal\/#website\"},\"primaryImageOfPage\":{\"@id\":\"https:\/\/noticiaempauta.com\/portal\/policia-prende-um-dos-homens-mais-procurados-do-piaui-durante-tentativa-de-homicidio-no-ceara\/#primaryimage\"},\"image\":{\"@id\":\"https:\/\/noticiaempauta.com\/portal\/policia-prende-um-dos-homens-mais-procurados-do-piaui-durante-tentativa-de-homicidio-no-ceara\/#primaryimage\"},\"thumbnailUrl\":\"https:\/\/noticiaempauta.com\/portal\/wp-content\/uploads\/2026\/01\/antonio-flavio-dos-santos-mendes-de-30-anos-60d38d76f021dff5.webp\",\"datePublished\":\"2026-01-14T12:21:41+00:00\",\"dateModified\":\"2026-01-14T12:21:42+00:00\",\"breadcrumb\":{\"@id\":\"https:\/\/noticiaempauta.com\/portal\/policia-prende-um-dos-homens-mais-procurados-do-piaui-durante-tentativa-de-homicidio-no-ceara\/#breadcrumb\"},\"inLanguage\":\"pt-BR\",\"potentialAction\":[{\"@type\":\"ReadAction\",\"target\":[\"https:\/\/noticiaempauta.com\/portal\/policia-prende-um-dos-homens-mais-procurados-do-piaui-durante-tentativa-de-homicidio-no-ceara\/\"]}]},{\"@type\":\"ImageObject\",\"inLanguage\":\"pt-BR\",\"@id\":\"https:\/\/noticiaempauta.com\/portal\/policia-prende-um-dos-homens-mais-procurados-do-piaui-durante-tentativa-de-homicidio-no-ceara\/#primaryimage\",\"url\":\"https:\/\/noticiaempauta.com\/portal\/wp-content\/uploads\/2026\/01\/antonio-flavio-dos-santos-mendes-de-30-anos-60d38d76f021dff5.webp\",\"contentUrl\":\"https:\/\/noticiaempauta.com\/portal\/wp-content\/uploads\/2026\/01\/antonio-flavio-dos-santos-mendes-de-30-anos-60d38d76f021dff5.webp\",\"width\":785,\"height\":435},{\"@type\":\"BreadcrumbList\",\"@id\":\"https:\/\/noticiaempauta.com\/portal\/policia-prende-um-dos-homens-mais-procurados-do-piaui-durante-tentativa-de-homicidio-no-ceara\/#breadcrumb\",\"itemListElement\":[{\"@type\":\"ListItem\",\"position\":1,\"name\":\"P\u00e1gina Inicial\",\"item\":\"https:\/\/noticiaempauta.com\/portal\/\"},{\"@type\":\"ListItem\",\"position\":2,\"name\":\"Destaques\",\"item\":\"https:\/\/noticiaempauta.com\/portal\/destaques-site\/\"},{\"@type\":\"ListItem\",\"position\":3,\"name\":\"Pol\u00edcia prende um dos homens mais procurados do Piau\u00ed durante tentativa de homic\u00eddio no Cear\u00e1\"}]},{\"@type\":\"WebSite\",\"@id\":\"https:\/\/noticiaempauta.com\/portal\/#website\",\"url\":\"https:\/\/noticiaempauta.com\/portal\/\",\"name\":\"Portal Not\u00edcia em Pauta\",\"description\":\"Voc\u00ea bem informado\",\"publisher\":{\"@id\":\"https:\/\/noticiaempauta.com\/portal\/#organization\"},\"potentialAction\":[{\"@type\":\"SearchAction\",\"target\":{\"@type\":\"EntryPoint\",\"urlTemplate\":\"https:\/\/noticiaempauta.com\/portal\/?s={search_term_string}\"},\"query-input\":{\"@type\":\"PropertyValueSpecification\",\"valueRequired\":true,\"valueName\":\"search_term_string\"}}],\"inLanguage\":\"pt-BR\"},{\"@type\":\"Organization\",\"@id\":\"https:\/\/noticiaempauta.com\/portal\/#organization\",\"name\":\"Portal Not\u00edcia em Pauta\",\"url\":\"https:\/\/noticiaempauta.com\/portal\/\",\"logo\":{\"@type\":\"ImageObject\",\"inLanguage\":\"pt-BR\",\"@id\":\"https:\/\/noticiaempauta.com\/portal\/#\/schema\/logo\/image\/\",\"url\":\"https:\/\/noticiaempauta.com\/portal\/wp-content\/uploads\/2022\/08\/logomarca_tema.fw_.png\",\"contentUrl\":\"https:\/\/noticiaempauta.com\/portal\/wp-content\/uploads\/2022\/08\/logomarca_tema.fw_.png\",\"width\":400,\"height\":232,\"caption\":\"Portal Not\u00edcia em Pauta\"},\"image\":{\"@id\":\"https:\/\/noticiaempauta.com\/portal\/#\/schema\/logo\/image\/\"},\"sameAs\":[\"https:\/\/www.facebook.com\/Portal-Notcia-Em-Pauta-102292869264820\/\",\"https:\/\/www.instagram.com\/portalnoticiaempauta\/\"]},{\"@type\":\"Person\",\"@id\":\"https:\/\/noticiaempauta.com\/portal\/#\/schema\/person\/a74af43dd1ab3deca45f988c717d57ac\",\"name\":\"Reda\u00e7\u00e3o\",\"image\":{\"@type\":\"ImageObject\",\"inLanguage\":\"pt-BR\",\"@id\":\"https:\/\/noticiaempauta.com\/portal\/#\/schema\/person\/image\/\",\"url\":\"https:\/\/secure.gravatar.com\/avatar\/03179346ecce6cdfc13361603e8f54242a90e5cde8618fa23c5c00aa2b0aadf3?s=96&d=mm&r=g\",\"contentUrl\":\"https:\/\/secure.gravatar.com\/avatar\/03179346ecce6cdfc13361603e8f54242a90e5cde8618fa23c5c00aa2b0aadf3?s=96&d=mm&r=g\",\"caption\":\"Reda\u00e7\u00e3o\"},\"sameAs\":[\"https:\/\/noticiaempauta.com\/portal\/\"],\"url\":\"https:\/\/noticiaempauta.com\/portal\/author\/fernando\/\"}]}<\/script>\n<!-- \/ Yoast SEO Premium plugin. -->","yoast_head_json":{"title":"Pol\u00edcia prende um dos homens mais procurados do Piau\u00ed durante tentativa de homic\u00eddio no Cear\u00e1 - Portal Not\u00edcia em Pauta","robots":{"index":"index","follow":"follow","max-snippet":"max-snippet:-1","max-image-preview":"max-image-preview:large","max-video-preview":"max-video-preview:-1"},"canonical":"https:\/\/noticiaempauta.com\/portal\/policia-prende-um-dos-homens-mais-procurados-do-piaui-durante-tentativa-de-homicidio-no-ceara\/","og_locale":"pt_BR","og_type":"article","og_title":"Pol\u00edcia prende um dos homens mais procurados do Piau\u00ed durante tentativa de homic\u00eddio no Cear\u00e1","og_description":"Na manh\u00e3 de ter\u00e7a-feira (13), Ant\u00f4nio Fl\u00e1vio Dos Santos Mendes, de 30 anos, foi preso ap\u00f3s uma tentativa de homic\u00eddio em Boa Viagem, Interior do Cear\u00e1. Natural do Piau\u00ed, Ant\u00f4nio \u00edntegra a lista dos criminosos mais procurados do Brasil. Ele \u00e9 considerado&nbsp;um dos oito homens mais perigosos do estado piauiense e tinha um mandado de [&hellip;]","og_url":"https:\/\/noticiaempauta.com\/portal\/policia-prende-um-dos-homens-mais-procurados-do-piaui-durante-tentativa-de-homicidio-no-ceara\/","og_site_name":"Portal Not\u00edcia em Pauta","article_publisher":"https:\/\/www.facebook.com\/Portal-Notcia-Em-Pauta-102292869264820\/","article_published_time":"2026-01-14T12:21:41+00:00","article_modified_time":"2026-01-14T12:21:42+00:00","og_image":[{"width":785,"height":435,"url":"https:\/\/noticiaempauta.com\/portal\/wp-content\/uploads\/2026\/01\/antonio-flavio-dos-santos-mendes-de-30-anos-60d38d76f021dff5.webp","type":"image\/webp"}],"author":"Reda\u00e7\u00e3o","twitter_card":"summary_large_image","twitter_misc":{"Escrito por":"Reda\u00e7\u00e3o","Est. tempo de leitura":"2 minutos"},"schema":{"@context":"https:\/\/schema.org","@graph":[{"@type":"Article","@id":"https:\/\/noticiaempauta.com\/portal\/policia-prende-um-dos-homens-mais-procurados-do-piaui-durante-tentativa-de-homicidio-no-ceara\/#article","isPartOf":{"@id":"https:\/\/noticiaempauta.com\/portal\/policia-prende-um-dos-homens-mais-procurados-do-piaui-durante-tentativa-de-homicidio-no-ceara\/"},"author":{"name":"Reda\u00e7\u00e3o","@id":"https:\/\/noticiaempauta.com\/portal\/#\/schema\/person\/a74af43dd1ab3deca45f988c717d57ac"},"headline":"Pol\u00edcia prende um dos homens mais procurados do Piau\u00ed durante tentativa de homic\u00eddio no Cear\u00e1","datePublished":"2026-01-14T12:21:41+00:00","dateModified":"2026-01-14T12:21:42+00:00","mainEntityOfPage":{"@id":"https:\/\/noticiaempauta.com\/portal\/policia-prende-um-dos-homens-mais-procurados-do-piaui-durante-tentativa-de-homicidio-no-ceara\/"},"wordCount":245,"publisher":{"@id":"https:\/\/noticiaempauta.com\/portal\/#organization"},"image":{"@id":"https:\/\/noticiaempauta.com\/portal\/policia-prende-um-dos-homens-mais-procurados-do-piaui-durante-tentativa-de-homicidio-no-ceara\/#primaryimage"},"thumbnailUrl":"https:\/\/noticiaempauta.com\/portal\/wp-content\/uploads\/2026\/01\/antonio-flavio-dos-santos-mendes-de-30-anos-60d38d76f021dff5.webp","keywords":["destaqueprincipal"],"articleSection":["Destaques","Geral","Pol\u00edcia","Todas as Not\u00edcias"],"inLanguage":"pt-BR"},{"@type":"WebPage","@id":"https:\/\/noticiaempauta.com\/portal\/policia-prende-um-dos-homens-mais-procurados-do-piaui-durante-tentativa-de-homicidio-no-ceara\/","url":"https:\/\/noticiaempauta.com\/portal\/policia-prende-um-dos-homens-mais-procurados-do-piaui-durante-tentativa-de-homicidio-no-ceara\/","name":"Pol\u00edcia prende um dos homens mais procurados do Piau\u00ed durante tentativa de homic\u00eddio no Cear\u00e1 - Portal Not\u00edcia em Pauta","isPartOf":{"@id":"https:\/\/noticiaempauta.com\/portal\/#website"},"primaryImageOfPage":{"@id":"https:\/\/noticiaempauta.com\/portal\/policia-prende-um-dos-homens-mais-procurados-do-piaui-durante-tentativa-de-homicidio-no-ceara\/#primaryimage"},"image":{"@id":"https:\/\/noticiaempauta.com\/portal\/policia-prende-um-dos-homens-mais-procurados-do-piaui-durante-tentativa-de-homicidio-no-ceara\/#primaryimage"},"thumbnailUrl":"https:\/\/noticiaempauta.com\/portal\/wp-content\/uploads\/2026\/01\/antonio-flavio-dos-santos-mendes-de-30-anos-60d38d76f021dff5.webp","datePublished":"2026-01-14T12:21:41+00:00","dateModified":"2026-01-14T12:21:42+00:00","breadcrumb":{"@id":"https:\/\/noticiaempauta.com\/portal\/policia-prende-um-dos-homens-mais-procurados-do-piaui-durante-tentativa-de-homicidio-no-ceara\/#breadcrumb"},"inLanguage":"pt-BR","potentialAction":[{"@type":"ReadAction","target":["https:\/\/noticiaempauta.com\/portal\/policia-prende-um-dos-homens-mais-procurados-do-piaui-durante-tentativa-de-homicidio-no-ceara\/"]}]},{"@type":"ImageObject","inLanguage":"pt-BR","@id":"https:\/\/noticiaempauta.com\/portal\/policia-prende-um-dos-homens-mais-procurados-do-piaui-durante-tentativa-de-homicidio-no-ceara\/#primaryimage","url":"https:\/\/noticiaempauta.com\/portal\/wp-content\/uploads\/2026\/01\/antonio-flavio-dos-santos-mendes-de-30-anos-60d38d76f021dff5.webp","contentUrl":"https:\/\/noticiaempauta.com\/portal\/wp-content\/uploads\/2026\/01\/antonio-flavio-dos-santos-mendes-de-30-anos-60d38d76f021dff5.webp","width":785,"height":435},{"@type":"BreadcrumbList","@id":"https:\/\/noticiaempauta.com\/portal\/policia-prende-um-dos-homens-mais-procurados-do-piaui-durante-tentativa-de-homicidio-no-ceara\/#breadcrumb","itemListElement":[{"@type":"ListItem","position":1,"name":"P\u00e1gina Inicial","item":"https:\/\/noticiaempauta.com\/portal\/"},{"@type":"ListItem","position":2,"name":"Destaques","item":"https:\/\/noticiaempauta.com\/portal\/destaques-site\/"},{"@type":"ListItem","position":3,"name":"Pol\u00edcia prende um dos homens mais procurados do Piau\u00ed durante tentativa de homic\u00eddio no Cear\u00e1"}]},{"@type":"WebSite","@id":"https:\/\/noticiaempauta.com\/portal\/#website","url":"https:\/\/noticiaempauta.com\/portal\/","name":"Portal Not\u00edcia em Pauta","description":"Voc\u00ea bem informado","publisher":{"@id":"https:\/\/noticiaempauta.com\/portal\/#organization"},"potentialAction":[{"@type":"SearchAction","target":{"@type":"EntryPoint","urlTemplate":"https:\/\/noticiaempauta.com\/portal\/?s={search_term_string}"},"query-input":{"@type":"PropertyValueSpecification","valueRequired":true,"valueName":"search_term_string"}}],"inLanguage":"pt-BR"},{"@type":"Organization","@id":"https:\/\/noticiaempauta.com\/portal\/#organization","name":"Portal Not\u00edcia em Pauta","url":"https:\/\/noticiaempauta.com\/portal\/","logo":{"@type":"ImageObject","inLanguage":"pt-BR","@id":"https:\/\/noticiaempauta.com\/portal\/#\/schema\/logo\/image\/","url":"https:\/\/noticiaempauta.com\/portal\/wp-content\/uploads\/2022\/08\/logomarca_tema.fw_.png","contentUrl":"https:\/\/noticiaempauta.com\/portal\/wp-content\/uploads\/2022\/08\/logomarca_tema.fw_.png","width":400,"height":232,"caption":"Portal Not\u00edcia em Pauta"},"image":{"@id":"https:\/\/noticiaempauta.com\/portal\/#\/schema\/logo\/image\/"},"sameAs":["https:\/\/www.facebook.com\/Portal-Notcia-Em-Pauta-102292869264820\/","https:\/\/www.instagram.com\/portalnoticiaempauta\/"]},{"@type":"Person","@id":"https:\/\/noticiaempauta.com\/portal\/#\/schema\/person\/a74af43dd1ab3deca45f988c717d57ac","name":"Reda\u00e7\u00e3o","image":{"@type":"ImageObject","inLanguage":"pt-BR","@id":"https:\/\/noticiaempauta.com\/portal\/#\/schema\/person\/image\/","url":"https:\/\/secure.gravatar.com\/avatar\/03179346ecce6cdfc13361603e8f54242a90e5cde8618fa23c5c00aa2b0aadf3?s=96&d=mm&r=g","contentUrl":"https:\/\/secure.gravatar.com\/avatar\/03179346ecce6cdfc13361603e8f54242a90e5cde8618fa23c5c00aa2b0aadf3?s=96&d=mm&r=g","caption":"Reda\u00e7\u00e3o"},"sameAs":["https:\/\/noticiaempauta.com\/portal\/"],"url":"https:\/\/noticiaempauta.com\/portal\/author\/fernando\/"}]}},"_links":{"self":[{"href":"https:\/\/noticiaempauta.com\/portal\/wp-json\/wp\/v2\/posts\/283937","targetHints":{"allow":["GET"]}}],"collection":[{"href":"https:\/\/noticiaempauta.com\/portal\/wp-json\/wp\/v2\/posts"}],"about":[{"href":"https:\/\/noticiaempauta.com\/portal\/wp-json\/wp\/v2\/types\/post"}],"author":[{"embeddable":true,"href":"https:\/\/noticiaempauta.com\/portal\/wp-json\/wp\/v2\/users\/2"}],"replies":[{"embeddable":true,"href":"https:\/\/noticiaempauta.com\/portal\/wp-json\/wp\/v2\/comments?post=283937"}],"version-history":[{"count":2,"href":"https:\/\/noticiaempauta.com\/portal\/wp-json\/wp\/v2\/posts\/283937\/revisions"}],"predecessor-version":[{"id":283941,"href":"https:\/\/noticiaempauta.com\/portal\/wp-json\/wp\/v2\/posts\/283937\/revisions\/283941"}],"wp:featuredmedia":[{"embeddable":true,"href":"https:\/\/noticiaempauta.com\/portal\/wp-json\/wp\/v2\/media\/283938"}],"wp:attachment":[{"href":"https:\/\/noticiaempauta.com\/portal\/wp-json\/wp\/v2\/media?parent=283937"}],"wp:term":[{"taxonomy":"category","embeddable":true,"href":"https:\/\/noticiaempauta.com\/portal\/wp-json\/wp\/v2\/categories?post=283937"},{"taxonomy":"post_tag","embeddable":true,"href":"https:\/\/noticiaempauta.com\/portal\/wp-json\/wp\/v2\/tags?post=283937"}],"curies":[{"name":"wp","href":"https:\/\/api.w.org\/{rel}","templated":true}]}}