{"id":284006,"date":"2026-01-16T10:01:20","date_gmt":"2026-01-16T13:01:20","guid":{"rendered":"https:\/\/noticiaempauta.com\/portal\/?p=284006"},"modified":"2026-01-16T10:01:21","modified_gmt":"2026-01-16T13:01:21","slug":"distribuicao-de-palma-forrageira-reforca-alimentacao-de-rebanhos-no-semiarido-piauiense","status":"publish","type":"post","link":"https:\/\/noticiaempauta.com\/portal\/distribuicao-de-palma-forrageira-reforca-alimentacao-de-rebanhos-no-semiarido-piauiense\/","title":{"rendered":"Distribui\u00e7\u00e3o de palma forrageira refor\u00e7a alimenta\u00e7\u00e3o de rebanhos no semi\u00e1rido piauiense"},"content":{"rendered":"\n<p>A Secretaria da Agricultura Familiar (SAF) iniciou, nesta quinta-feira (15), a distribui\u00e7\u00e3o de palma forrageira para agricultores familiares do semi\u00e1rido piauiense. A primeira entrega ocorreu no munic\u00edpio de Sim\u00f5es, com a distribui\u00e7\u00e3o de 25 mil raquetes do cacto, beneficiando 85 produtores que atuam na cria\u00e7\u00e3o de ovinos e caprinos.<\/p>\n\n\n\n<figure class=\"wp-block-image size-large\"><img fetchpriority=\"high\" decoding=\"async\" width=\"1024\" height=\"707\" src=\"https:\/\/noticiaempauta.com\/portal\/wp-content\/uploads\/2026\/01\/P40G-IMG-61c936c4358f9cde75-1024x707.webp\" alt=\"\" class=\"wp-image-284007\" srcset=\"https:\/\/noticiaempauta.com\/portal\/wp-content\/uploads\/2026\/01\/P40G-IMG-61c936c4358f9cde75-1024x707.webp 1024w, https:\/\/noticiaempauta.com\/portal\/wp-content\/uploads\/2026\/01\/P40G-IMG-61c936c4358f9cde75-300x207.webp 300w, https:\/\/noticiaempauta.com\/portal\/wp-content\/uploads\/2026\/01\/P40G-IMG-61c936c4358f9cde75-768x530.webp 768w, https:\/\/noticiaempauta.com\/portal\/wp-content\/uploads\/2026\/01\/P40G-IMG-61c936c4358f9cde75.webp 1280w\" sizes=\"(max-width: 1024px) 100vw, 1024px\" \/><figcaption class=\"wp-element-caption\"><em>(Foto: Reprodu\u00e7\u00e3o)<\/em><\/figcaption><\/figure>\n\n\n\n<p>Ao todo, mais de 400 mil raquetes de palma forrageira ser\u00e3o distribu\u00eddas em diferentes regi\u00f5es do estado, com o objetivo de fortalecer a alimenta\u00e7\u00e3o animal durante o per\u00edodo de estiagem. A a\u00e7\u00e3o prioriza munic\u00edpios localizados nos territ\u00f3rios do Vale do Rio Guaribas, Chapada Vale do Itaim, Serra da Capivara, Vale do Canind\u00e9 e Carnaubais, \u00e1reas que concentram os impactos mais severos da seca.<\/p>\n\n\n\n<p>De acordo com o superintendente de A\u00e7\u00f5es de Apoio \u00e0 Agricultura Familiar da SAF, Cl\u00e9bio Coutinho, a estrat\u00e9gia de distribui\u00e7\u00e3o est\u00e1 voltada, principalmente, \u00e0s cooperativas que j\u00e1 atuam na cadeia da ovinocaprinocultura, mas tamb\u00e9m contempla associa\u00e7\u00f5es que apresentam organiza\u00e7\u00e3o e capacidade t\u00e9cnica para implantar e acompanhar as \u00e1reas de cultivo.<\/p>\n\n\n\n<p>\u201cA proposta \u00e9 que essa palma forrageira n\u00e3o sirva apenas como alimento nos per\u00edodos mais cr\u00edticos do ano, mas tamb\u00e9m como material vegetativo, permitindo a replica\u00e7\u00e3o da cultura e a amplia\u00e7\u00e3o das \u00e1reas cultivadas nos anos seguintes\u201d, afirmou.<\/p>\n\n\n\n<p>A iniciativa integra o Programa de Distribui\u00e7\u00e3o de Sementes e Mudas, executado pela SAF, que re\u00fane um conjunto de pol\u00edticas p\u00fablicas voltadas ao fortalecimento da produ\u00e7\u00e3o no campo. Dentro do programa, a Secretaria investe cerca de R$ 9 milh\u00f5es na aquisi\u00e7\u00e3o de 330 toneladas de sementes de milho e feij\u00e3o (convencionais e crioulas), al\u00e9m da distribui\u00e7\u00e3o de 400 mil mudas de caju e 400 mil raquetes de palma forrageira.<\/p>\n\n\n\n<figure class=\"wp-block-image size-large\"><img decoding=\"async\" width=\"1024\" height=\"683\" src=\"https:\/\/noticiaempauta.com\/portal\/wp-content\/uploads\/2026\/01\/WhatsApp-Image-2026-01-15-at-14_45_00-1024x683.webp\" alt=\"\" class=\"wp-image-284008\" srcset=\"https:\/\/noticiaempauta.com\/portal\/wp-content\/uploads\/2026\/01\/WhatsApp-Image-2026-01-15-at-14_45_00-1024x683.webp 1024w, https:\/\/noticiaempauta.com\/portal\/wp-content\/uploads\/2026\/01\/WhatsApp-Image-2026-01-15-at-14_45_00-300x200.webp 300w, https:\/\/noticiaempauta.com\/portal\/wp-content\/uploads\/2026\/01\/WhatsApp-Image-2026-01-15-at-14_45_00-768x512.webp 768w, https:\/\/noticiaempauta.com\/portal\/wp-content\/uploads\/2026\/01\/WhatsApp-Image-2026-01-15-at-14_45_00.webp 1280w\" sizes=\"(max-width: 1024px) 100vw, 1024px\" \/><\/figure>\n\n\n\n<p><strong>A\u00e7\u00e3o em Sim\u00f5es<\/strong><\/p>\n\n\n\n<p>A entrega no munic\u00edpio de Sim\u00f5es foi acompanhada pelo agente de desenvolvimento territorial da SAF no Territ\u00f3rio Chapada Vale do Itaim, S\u00e9rgio Alves do Nascimento, que destacou a import\u00e2ncia da a\u00e7\u00e3o no enfrentamento da estiagem. \u201cEssa \u00e9 uma a\u00e7\u00e3o muito importante, que vai dar suporte forrageiro aos agricultores familiares no per\u00edodo da seca. Sim\u00f5es est\u00e1 inserida no semi\u00e1rido, onde a alimenta\u00e7\u00e3o dos animais se torna escassa nesse per\u00edodo. A palma vem justamente para oferecer esse apoio, inclusive por ter cerca de 90% de \u00e1gua\u201d, explicou.<\/p>\n\n\n\n<p>Agente territorial da SAF, S\u00e9rgio Nascimento, d\u00e1 orienta\u00e7\u00f5es sobre o cultivo da palma em Sim\u00f5es (Foto: Geirlys Silva \/ SAF)<br>Al\u00e9m da distribui\u00e7\u00e3o imediata, a iniciativa prev\u00ea a implanta\u00e7\u00e3o de uma unidade demonstrativa na \u00e1rea da Associa\u00e7\u00e3o Caprinor, que servir\u00e1 como refer\u00eancia para o plantio, manejo e multiplica\u00e7\u00e3o da cultura nos pr\u00f3ximos anos.<br>Para o presidente da associa\u00e7\u00e3o, Esdras Pedro Nascimento de Carvalho, o banco de reserva que ser\u00e1 formado deve garantir alimenta\u00e7\u00e3o animal no per\u00edodo mais cr\u00edtico da seca para mais de 40 agricultores familiares da regi\u00e3o. \u201cVamos plantar a palma e acompanhar cada produtor de forma individual. Tamb\u00e9m faremos um plantio maior na sede da associa\u00e7\u00e3o, para que no pr\u00f3ximo ano tenhamos tanto um banco de sementes para atender mais produtores quanto alimento para fortalecer a cria\u00e7\u00e3o\u201d, afirmou.<\/p>\n\n\n\n<p>SECOM-PI<\/p>\n","protected":false},"excerpt":{"rendered":"<p>A Secretaria da Agricultura Familiar (SAF) iniciou, nesta quinta-feira (15), a distribui\u00e7\u00e3o de palma forrageira para agricultores familiares do semi\u00e1rido piauiense. A primeira entrega ocorreu no munic\u00edpio de Sim\u00f5es, com a distribui\u00e7\u00e3o de 25 mil raquetes do cacto, beneficiando 85 produtores que atuam na cria\u00e7\u00e3o de ovinos e caprinos. Ao todo, mais de 400 mil [&hellip;]<\/p>\n","protected":false},"author":2,"featured_media":284008,"comment_status":"closed","ping_status":"closed","sticky":false,"template":"","format":"standard","meta":{"_mi_skip_tracking":false,"footnotes":""},"categories":[25,1,9,16],"tags":[192],"class_list":["post-284006","post","type-post","status-publish","format-standard","has-post-thumbnail","hentry","category-destaques-site","category-geral","category-municipios","category-todas","tag-destaqueprincipal"],"acf":[],"yoast_head":"<!-- This site is optimized with the Yoast SEO Premium plugin v19.2 (Yoast SEO v26.9) - https:\/\/yoast.com\/product\/yoast-seo-premium-wordpress\/ -->\n<title>Distribui\u00e7\u00e3o de palma forrageira refor\u00e7a alimenta\u00e7\u00e3o de rebanhos no semi\u00e1rido piauiense - Portal Not\u00edcia em Pauta<\/title>\n<meta name=\"robots\" content=\"index, follow, max-snippet:-1, max-image-preview:large, max-video-preview:-1\" \/>\n<link rel=\"canonical\" href=\"https:\/\/noticiaempauta.com\/portal\/distribuicao-de-palma-forrageira-reforca-alimentacao-de-rebanhos-no-semiarido-piauiense\/\" \/>\n<meta property=\"og:locale\" content=\"pt_BR\" \/>\n<meta property=\"og:type\" content=\"article\" \/>\n<meta property=\"og:title\" content=\"Distribui\u00e7\u00e3o de palma forrageira refor\u00e7a alimenta\u00e7\u00e3o de rebanhos no semi\u00e1rido piauiense\" \/>\n<meta property=\"og:description\" content=\"A Secretaria da Agricultura Familiar (SAF) iniciou, nesta quinta-feira (15), a distribui\u00e7\u00e3o de palma forrageira para agricultores familiares do semi\u00e1rido piauiense. A primeira entrega ocorreu no munic\u00edpio de Sim\u00f5es, com a distribui\u00e7\u00e3o de 25 mil raquetes do cacto, beneficiando 85 produtores que atuam na cria\u00e7\u00e3o de ovinos e caprinos. Ao todo, mais de 400 mil [&hellip;]\" \/>\n<meta property=\"og:url\" content=\"https:\/\/noticiaempauta.com\/portal\/distribuicao-de-palma-forrageira-reforca-alimentacao-de-rebanhos-no-semiarido-piauiense\/\" \/>\n<meta property=\"og:site_name\" content=\"Portal Not\u00edcia em Pauta\" \/>\n<meta property=\"article:publisher\" content=\"https:\/\/www.facebook.com\/Portal-Notcia-Em-Pauta-102292869264820\/\" \/>\n<meta property=\"article:published_time\" content=\"2026-01-16T13:01:20+00:00\" \/>\n<meta property=\"article:modified_time\" content=\"2026-01-16T13:01:21+00:00\" \/>\n<meta property=\"og:image\" content=\"https:\/\/noticiaempauta.com\/portal\/wp-content\/uploads\/2026\/01\/WhatsApp-Image-2026-01-15-at-14_45_00.webp\" \/>\n\t<meta property=\"og:image:width\" content=\"1280\" \/>\n\t<meta property=\"og:image:height\" content=\"854\" \/>\n\t<meta property=\"og:image:type\" content=\"image\/webp\" \/>\n<meta name=\"author\" content=\"Reda\u00e7\u00e3o\" \/>\n<meta name=\"twitter:card\" content=\"summary_large_image\" \/>\n<meta name=\"twitter:label1\" content=\"Escrito por\" \/>\n\t<meta name=\"twitter:data1\" content=\"Reda\u00e7\u00e3o\" \/>\n\t<meta name=\"twitter:label2\" content=\"Est. tempo de leitura\" \/>\n\t<meta name=\"twitter:data2\" content=\"4 minutos\" \/>\n<script type=\"application\/ld+json\" class=\"yoast-schema-graph\">{\"@context\":\"https:\/\/schema.org\",\"@graph\":[{\"@type\":\"Article\",\"@id\":\"https:\/\/noticiaempauta.com\/portal\/distribuicao-de-palma-forrageira-reforca-alimentacao-de-rebanhos-no-semiarido-piauiense\/#article\",\"isPartOf\":{\"@id\":\"https:\/\/noticiaempauta.com\/portal\/distribuicao-de-palma-forrageira-reforca-alimentacao-de-rebanhos-no-semiarido-piauiense\/\"},\"author\":{\"name\":\"Reda\u00e7\u00e3o\",\"@id\":\"https:\/\/noticiaempauta.com\/portal\/#\/schema\/person\/a74af43dd1ab3deca45f988c717d57ac\"},\"headline\":\"Distribui\u00e7\u00e3o de palma forrageira refor\u00e7a alimenta\u00e7\u00e3o de rebanhos no semi\u00e1rido piauiense\",\"datePublished\":\"2026-01-16T13:01:20+00:00\",\"dateModified\":\"2026-01-16T13:01:21+00:00\",\"mainEntityOfPage\":{\"@id\":\"https:\/\/noticiaempauta.com\/portal\/distribuicao-de-palma-forrageira-reforca-alimentacao-de-rebanhos-no-semiarido-piauiense\/\"},\"wordCount\":563,\"publisher\":{\"@id\":\"https:\/\/noticiaempauta.com\/portal\/#organization\"},\"image\":{\"@id\":\"https:\/\/noticiaempauta.com\/portal\/distribuicao-de-palma-forrageira-reforca-alimentacao-de-rebanhos-no-semiarido-piauiense\/#primaryimage\"},\"thumbnailUrl\":\"https:\/\/noticiaempauta.com\/portal\/wp-content\/uploads\/2026\/01\/WhatsApp-Image-2026-01-15-at-14_45_00.webp\",\"keywords\":[\"destaqueprincipal\"],\"articleSection\":[\"Destaques\",\"Geral\",\"Munic\u00edpios\",\"Todas as Not\u00edcias\"],\"inLanguage\":\"pt-BR\"},{\"@type\":\"WebPage\",\"@id\":\"https:\/\/noticiaempauta.com\/portal\/distribuicao-de-palma-forrageira-reforca-alimentacao-de-rebanhos-no-semiarido-piauiense\/\",\"url\":\"https:\/\/noticiaempauta.com\/portal\/distribuicao-de-palma-forrageira-reforca-alimentacao-de-rebanhos-no-semiarido-piauiense\/\",\"name\":\"Distribui\u00e7\u00e3o de palma forrageira refor\u00e7a alimenta\u00e7\u00e3o de rebanhos no semi\u00e1rido piauiense - Portal Not\u00edcia em Pauta\",\"isPartOf\":{\"@id\":\"https:\/\/noticiaempauta.com\/portal\/#website\"},\"primaryImageOfPage\":{\"@id\":\"https:\/\/noticiaempauta.com\/portal\/distribuicao-de-palma-forrageira-reforca-alimentacao-de-rebanhos-no-semiarido-piauiense\/#primaryimage\"},\"image\":{\"@id\":\"https:\/\/noticiaempauta.com\/portal\/distribuicao-de-palma-forrageira-reforca-alimentacao-de-rebanhos-no-semiarido-piauiense\/#primaryimage\"},\"thumbnailUrl\":\"https:\/\/noticiaempauta.com\/portal\/wp-content\/uploads\/2026\/01\/WhatsApp-Image-2026-01-15-at-14_45_00.webp\",\"datePublished\":\"2026-01-16T13:01:20+00:00\",\"dateModified\":\"2026-01-16T13:01:21+00:00\",\"breadcrumb\":{\"@id\":\"https:\/\/noticiaempauta.com\/portal\/distribuicao-de-palma-forrageira-reforca-alimentacao-de-rebanhos-no-semiarido-piauiense\/#breadcrumb\"},\"inLanguage\":\"pt-BR\",\"potentialAction\":[{\"@type\":\"ReadAction\",\"target\":[\"https:\/\/noticiaempauta.com\/portal\/distribuicao-de-palma-forrageira-reforca-alimentacao-de-rebanhos-no-semiarido-piauiense\/\"]}]},{\"@type\":\"ImageObject\",\"inLanguage\":\"pt-BR\",\"@id\":\"https:\/\/noticiaempauta.com\/portal\/distribuicao-de-palma-forrageira-reforca-alimentacao-de-rebanhos-no-semiarido-piauiense\/#primaryimage\",\"url\":\"https:\/\/noticiaempauta.com\/portal\/wp-content\/uploads\/2026\/01\/WhatsApp-Image-2026-01-15-at-14_45_00.webp\",\"contentUrl\":\"https:\/\/noticiaempauta.com\/portal\/wp-content\/uploads\/2026\/01\/WhatsApp-Image-2026-01-15-at-14_45_00.webp\",\"width\":1280,\"height\":854},{\"@type\":\"BreadcrumbList\",\"@id\":\"https:\/\/noticiaempauta.com\/portal\/distribuicao-de-palma-forrageira-reforca-alimentacao-de-rebanhos-no-semiarido-piauiense\/#breadcrumb\",\"itemListElement\":[{\"@type\":\"ListItem\",\"position\":1,\"name\":\"P\u00e1gina Inicial\",\"item\":\"https:\/\/noticiaempauta.com\/portal\/\"},{\"@type\":\"ListItem\",\"position\":2,\"name\":\"Destaques\",\"item\":\"https:\/\/noticiaempauta.com\/portal\/destaques-site\/\"},{\"@type\":\"ListItem\",\"position\":3,\"name\":\"Distribui\u00e7\u00e3o de palma forrageira refor\u00e7a alimenta\u00e7\u00e3o de rebanhos no semi\u00e1rido piauiense\"}]},{\"@type\":\"WebSite\",\"@id\":\"https:\/\/noticiaempauta.com\/portal\/#website\",\"url\":\"https:\/\/noticiaempauta.com\/portal\/\",\"name\":\"Portal Not\u00edcia em Pauta\",\"description\":\"Voc\u00ea bem informado\",\"publisher\":{\"@id\":\"https:\/\/noticiaempauta.com\/portal\/#organization\"},\"potentialAction\":[{\"@type\":\"SearchAction\",\"target\":{\"@type\":\"EntryPoint\",\"urlTemplate\":\"https:\/\/noticiaempauta.com\/portal\/?s={search_term_string}\"},\"query-input\":{\"@type\":\"PropertyValueSpecification\",\"valueRequired\":true,\"valueName\":\"search_term_string\"}}],\"inLanguage\":\"pt-BR\"},{\"@type\":\"Organization\",\"@id\":\"https:\/\/noticiaempauta.com\/portal\/#organization\",\"name\":\"Portal Not\u00edcia em Pauta\",\"url\":\"https:\/\/noticiaempauta.com\/portal\/\",\"logo\":{\"@type\":\"ImageObject\",\"inLanguage\":\"pt-BR\",\"@id\":\"https:\/\/noticiaempauta.com\/portal\/#\/schema\/logo\/image\/\",\"url\":\"https:\/\/noticiaempauta.com\/portal\/wp-content\/uploads\/2022\/08\/logomarca_tema.fw_.png\",\"contentUrl\":\"https:\/\/noticiaempauta.com\/portal\/wp-content\/uploads\/2022\/08\/logomarca_tema.fw_.png\",\"width\":400,\"height\":232,\"caption\":\"Portal Not\u00edcia em Pauta\"},\"image\":{\"@id\":\"https:\/\/noticiaempauta.com\/portal\/#\/schema\/logo\/image\/\"},\"sameAs\":[\"https:\/\/www.facebook.com\/Portal-Notcia-Em-Pauta-102292869264820\/\",\"https:\/\/www.instagram.com\/portalnoticiaempauta\/\"]},{\"@type\":\"Person\",\"@id\":\"https:\/\/noticiaempauta.com\/portal\/#\/schema\/person\/a74af43dd1ab3deca45f988c717d57ac\",\"name\":\"Reda\u00e7\u00e3o\",\"image\":{\"@type\":\"ImageObject\",\"inLanguage\":\"pt-BR\",\"@id\":\"https:\/\/noticiaempauta.com\/portal\/#\/schema\/person\/image\/\",\"url\":\"https:\/\/secure.gravatar.com\/avatar\/03179346ecce6cdfc13361603e8f54242a90e5cde8618fa23c5c00aa2b0aadf3?s=96&d=mm&r=g\",\"contentUrl\":\"https:\/\/secure.gravatar.com\/avatar\/03179346ecce6cdfc13361603e8f54242a90e5cde8618fa23c5c00aa2b0aadf3?s=96&d=mm&r=g\",\"caption\":\"Reda\u00e7\u00e3o\"},\"sameAs\":[\"https:\/\/noticiaempauta.com\/portal\/\"],\"url\":\"https:\/\/noticiaempauta.com\/portal\/author\/fernando\/\"}]}<\/script>\n<!-- \/ Yoast SEO Premium plugin. -->","yoast_head_json":{"title":"Distribui\u00e7\u00e3o de palma forrageira refor\u00e7a alimenta\u00e7\u00e3o de rebanhos no semi\u00e1rido piauiense - Portal Not\u00edcia em Pauta","robots":{"index":"index","follow":"follow","max-snippet":"max-snippet:-1","max-image-preview":"max-image-preview:large","max-video-preview":"max-video-preview:-1"},"canonical":"https:\/\/noticiaempauta.com\/portal\/distribuicao-de-palma-forrageira-reforca-alimentacao-de-rebanhos-no-semiarido-piauiense\/","og_locale":"pt_BR","og_type":"article","og_title":"Distribui\u00e7\u00e3o de palma forrageira refor\u00e7a alimenta\u00e7\u00e3o de rebanhos no semi\u00e1rido piauiense","og_description":"A Secretaria da Agricultura Familiar (SAF) iniciou, nesta quinta-feira (15), a distribui\u00e7\u00e3o de palma forrageira para agricultores familiares do semi\u00e1rido piauiense. A primeira entrega ocorreu no munic\u00edpio de Sim\u00f5es, com a distribui\u00e7\u00e3o de 25 mil raquetes do cacto, beneficiando 85 produtores que atuam na cria\u00e7\u00e3o de ovinos e caprinos. Ao todo, mais de 400 mil [&hellip;]","og_url":"https:\/\/noticiaempauta.com\/portal\/distribuicao-de-palma-forrageira-reforca-alimentacao-de-rebanhos-no-semiarido-piauiense\/","og_site_name":"Portal Not\u00edcia em Pauta","article_publisher":"https:\/\/www.facebook.com\/Portal-Notcia-Em-Pauta-102292869264820\/","article_published_time":"2026-01-16T13:01:20+00:00","article_modified_time":"2026-01-16T13:01:21+00:00","og_image":[{"width":1280,"height":854,"url":"https:\/\/noticiaempauta.com\/portal\/wp-content\/uploads\/2026\/01\/WhatsApp-Image-2026-01-15-at-14_45_00.webp","type":"image\/webp"}],"author":"Reda\u00e7\u00e3o","twitter_card":"summary_large_image","twitter_misc":{"Escrito por":"Reda\u00e7\u00e3o","Est. tempo de leitura":"4 minutos"},"schema":{"@context":"https:\/\/schema.org","@graph":[{"@type":"Article","@id":"https:\/\/noticiaempauta.com\/portal\/distribuicao-de-palma-forrageira-reforca-alimentacao-de-rebanhos-no-semiarido-piauiense\/#article","isPartOf":{"@id":"https:\/\/noticiaempauta.com\/portal\/distribuicao-de-palma-forrageira-reforca-alimentacao-de-rebanhos-no-semiarido-piauiense\/"},"author":{"name":"Reda\u00e7\u00e3o","@id":"https:\/\/noticiaempauta.com\/portal\/#\/schema\/person\/a74af43dd1ab3deca45f988c717d57ac"},"headline":"Distribui\u00e7\u00e3o de palma forrageira refor\u00e7a alimenta\u00e7\u00e3o de rebanhos no semi\u00e1rido piauiense","datePublished":"2026-01-16T13:01:20+00:00","dateModified":"2026-01-16T13:01:21+00:00","mainEntityOfPage":{"@id":"https:\/\/noticiaempauta.com\/portal\/distribuicao-de-palma-forrageira-reforca-alimentacao-de-rebanhos-no-semiarido-piauiense\/"},"wordCount":563,"publisher":{"@id":"https:\/\/noticiaempauta.com\/portal\/#organization"},"image":{"@id":"https:\/\/noticiaempauta.com\/portal\/distribuicao-de-palma-forrageira-reforca-alimentacao-de-rebanhos-no-semiarido-piauiense\/#primaryimage"},"thumbnailUrl":"https:\/\/noticiaempauta.com\/portal\/wp-content\/uploads\/2026\/01\/WhatsApp-Image-2026-01-15-at-14_45_00.webp","keywords":["destaqueprincipal"],"articleSection":["Destaques","Geral","Munic\u00edpios","Todas as Not\u00edcias"],"inLanguage":"pt-BR"},{"@type":"WebPage","@id":"https:\/\/noticiaempauta.com\/portal\/distribuicao-de-palma-forrageira-reforca-alimentacao-de-rebanhos-no-semiarido-piauiense\/","url":"https:\/\/noticiaempauta.com\/portal\/distribuicao-de-palma-forrageira-reforca-alimentacao-de-rebanhos-no-semiarido-piauiense\/","name":"Distribui\u00e7\u00e3o de palma forrageira refor\u00e7a alimenta\u00e7\u00e3o de rebanhos no semi\u00e1rido piauiense - Portal Not\u00edcia em Pauta","isPartOf":{"@id":"https:\/\/noticiaempauta.com\/portal\/#website"},"primaryImageOfPage":{"@id":"https:\/\/noticiaempauta.com\/portal\/distribuicao-de-palma-forrageira-reforca-alimentacao-de-rebanhos-no-semiarido-piauiense\/#primaryimage"},"image":{"@id":"https:\/\/noticiaempauta.com\/portal\/distribuicao-de-palma-forrageira-reforca-alimentacao-de-rebanhos-no-semiarido-piauiense\/#primaryimage"},"thumbnailUrl":"https:\/\/noticiaempauta.com\/portal\/wp-content\/uploads\/2026\/01\/WhatsApp-Image-2026-01-15-at-14_45_00.webp","datePublished":"2026-01-16T13:01:20+00:00","dateModified":"2026-01-16T13:01:21+00:00","breadcrumb":{"@id":"https:\/\/noticiaempauta.com\/portal\/distribuicao-de-palma-forrageira-reforca-alimentacao-de-rebanhos-no-semiarido-piauiense\/#breadcrumb"},"inLanguage":"pt-BR","potentialAction":[{"@type":"ReadAction","target":["https:\/\/noticiaempauta.com\/portal\/distribuicao-de-palma-forrageira-reforca-alimentacao-de-rebanhos-no-semiarido-piauiense\/"]}]},{"@type":"ImageObject","inLanguage":"pt-BR","@id":"https:\/\/noticiaempauta.com\/portal\/distribuicao-de-palma-forrageira-reforca-alimentacao-de-rebanhos-no-semiarido-piauiense\/#primaryimage","url":"https:\/\/noticiaempauta.com\/portal\/wp-content\/uploads\/2026\/01\/WhatsApp-Image-2026-01-15-at-14_45_00.webp","contentUrl":"https:\/\/noticiaempauta.com\/portal\/wp-content\/uploads\/2026\/01\/WhatsApp-Image-2026-01-15-at-14_45_00.webp","width":1280,"height":854},{"@type":"BreadcrumbList","@id":"https:\/\/noticiaempauta.com\/portal\/distribuicao-de-palma-forrageira-reforca-alimentacao-de-rebanhos-no-semiarido-piauiense\/#breadcrumb","itemListElement":[{"@type":"ListItem","position":1,"name":"P\u00e1gina Inicial","item":"https:\/\/noticiaempauta.com\/portal\/"},{"@type":"ListItem","position":2,"name":"Destaques","item":"https:\/\/noticiaempauta.com\/portal\/destaques-site\/"},{"@type":"ListItem","position":3,"name":"Distribui\u00e7\u00e3o de palma forrageira refor\u00e7a alimenta\u00e7\u00e3o de rebanhos no semi\u00e1rido piauiense"}]},{"@type":"WebSite","@id":"https:\/\/noticiaempauta.com\/portal\/#website","url":"https:\/\/noticiaempauta.com\/portal\/","name":"Portal Not\u00edcia em Pauta","description":"Voc\u00ea bem informado","publisher":{"@id":"https:\/\/noticiaempauta.com\/portal\/#organization"},"potentialAction":[{"@type":"SearchAction","target":{"@type":"EntryPoint","urlTemplate":"https:\/\/noticiaempauta.com\/portal\/?s={search_term_string}"},"query-input":{"@type":"PropertyValueSpecification","valueRequired":true,"valueName":"search_term_string"}}],"inLanguage":"pt-BR"},{"@type":"Organization","@id":"https:\/\/noticiaempauta.com\/portal\/#organization","name":"Portal Not\u00edcia em Pauta","url":"https:\/\/noticiaempauta.com\/portal\/","logo":{"@type":"ImageObject","inLanguage":"pt-BR","@id":"https:\/\/noticiaempauta.com\/portal\/#\/schema\/logo\/image\/","url":"https:\/\/noticiaempauta.com\/portal\/wp-content\/uploads\/2022\/08\/logomarca_tema.fw_.png","contentUrl":"https:\/\/noticiaempauta.com\/portal\/wp-content\/uploads\/2022\/08\/logomarca_tema.fw_.png","width":400,"height":232,"caption":"Portal Not\u00edcia em Pauta"},"image":{"@id":"https:\/\/noticiaempauta.com\/portal\/#\/schema\/logo\/image\/"},"sameAs":["https:\/\/www.facebook.com\/Portal-Notcia-Em-Pauta-102292869264820\/","https:\/\/www.instagram.com\/portalnoticiaempauta\/"]},{"@type":"Person","@id":"https:\/\/noticiaempauta.com\/portal\/#\/schema\/person\/a74af43dd1ab3deca45f988c717d57ac","name":"Reda\u00e7\u00e3o","image":{"@type":"ImageObject","inLanguage":"pt-BR","@id":"https:\/\/noticiaempauta.com\/portal\/#\/schema\/person\/image\/","url":"https:\/\/secure.gravatar.com\/avatar\/03179346ecce6cdfc13361603e8f54242a90e5cde8618fa23c5c00aa2b0aadf3?s=96&d=mm&r=g","contentUrl":"https:\/\/secure.gravatar.com\/avatar\/03179346ecce6cdfc13361603e8f54242a90e5cde8618fa23c5c00aa2b0aadf3?s=96&d=mm&r=g","caption":"Reda\u00e7\u00e3o"},"sameAs":["https:\/\/noticiaempauta.com\/portal\/"],"url":"https:\/\/noticiaempauta.com\/portal\/author\/fernando\/"}]}},"_links":{"self":[{"href":"https:\/\/noticiaempauta.com\/portal\/wp-json\/wp\/v2\/posts\/284006","targetHints":{"allow":["GET"]}}],"collection":[{"href":"https:\/\/noticiaempauta.com\/portal\/wp-json\/wp\/v2\/posts"}],"about":[{"href":"https:\/\/noticiaempauta.com\/portal\/wp-json\/wp\/v2\/types\/post"}],"author":[{"embeddable":true,"href":"https:\/\/noticiaempauta.com\/portal\/wp-json\/wp\/v2\/users\/2"}],"replies":[{"embeddable":true,"href":"https:\/\/noticiaempauta.com\/portal\/wp-json\/wp\/v2\/comments?post=284006"}],"version-history":[{"count":2,"href":"https:\/\/noticiaempauta.com\/portal\/wp-json\/wp\/v2\/posts\/284006\/revisions"}],"predecessor-version":[{"id":284010,"href":"https:\/\/noticiaempauta.com\/portal\/wp-json\/wp\/v2\/posts\/284006\/revisions\/284010"}],"wp:featuredmedia":[{"embeddable":true,"href":"https:\/\/noticiaempauta.com\/portal\/wp-json\/wp\/v2\/media\/284008"}],"wp:attachment":[{"href":"https:\/\/noticiaempauta.com\/portal\/wp-json\/wp\/v2\/media?parent=284006"}],"wp:term":[{"taxonomy":"category","embeddable":true,"href":"https:\/\/noticiaempauta.com\/portal\/wp-json\/wp\/v2\/categories?post=284006"},{"taxonomy":"post_tag","embeddable":true,"href":"https:\/\/noticiaempauta.com\/portal\/wp-json\/wp\/v2\/tags?post=284006"}],"curies":[{"name":"wp","href":"https:\/\/api.w.org\/{rel}","templated":true}]}}