{"id":284041,"date":"2026-01-17T15:43:06","date_gmt":"2026-01-17T18:43:06","guid":{"rendered":"https:\/\/noticiaempauta.com\/portal\/?p=284041"},"modified":"2026-01-17T15:43:07","modified_gmt":"2026-01-17T18:43:07","slug":"prefeito-dr-clayton-barros-e-deputado-dr-thales-recebem-o-senador-marcelo-castro-durante-agenda-em-paqueta-do-piaui","status":"publish","type":"post","link":"https:\/\/noticiaempauta.com\/portal\/prefeito-dr-clayton-barros-e-deputado-dr-thales-recebem-o-senador-marcelo-castro-durante-agenda-em-paqueta-do-piaui\/","title":{"rendered":"Prefeito Dr. Clayton Barros e Deputado Dr. Thales recebem o senador Marcelo Castro durante agenda em Paquet\u00e1 do Piau\u00ed"},"content":{"rendered":"\n<p>No final da tarde desta sexta-feira, 16 de janeiro, o munic\u00edpio de Paquet\u00e1 do Piau\u00ed viveu um momento marcante para o seu desenvolvimento urbano. O prefeito Dr. Clayton Barros recebeu o senador Marcelo Castro para a inaugura\u00e7\u00e3o do cal\u00e7amento da sede do munic\u00edpio, uma obra de grande relev\u00e2ncia para a mobilidade e a qualidade de vida da popula\u00e7\u00e3o.<\/p>\n\n\n\n<figure class=\"wp-block-image size-large\"><img fetchpriority=\"high\" decoding=\"async\" width=\"1024\" height=\"683\" src=\"https:\/\/noticiaempauta.com\/portal\/wp-content\/uploads\/2026\/01\/batch_image00018-4-rhslbkaio8dpz9jdrg76ern9ojaoab097ph55l6lhc-1-1024x683.webp\" alt=\"\" class=\"wp-image-284043\" srcset=\"https:\/\/noticiaempauta.com\/portal\/wp-content\/uploads\/2026\/01\/batch_image00018-4-rhslbkaio8dpz9jdrg76ern9ojaoab097ph55l6lhc-1-1024x683.webp 1024w, https:\/\/noticiaempauta.com\/portal\/wp-content\/uploads\/2026\/01\/batch_image00018-4-rhslbkaio8dpz9jdrg76ern9ojaoab097ph55l6lhc-1-300x200.webp 300w, https:\/\/noticiaempauta.com\/portal\/wp-content\/uploads\/2026\/01\/batch_image00018-4-rhslbkaio8dpz9jdrg76ern9ojaoab097ph55l6lhc-1-768x512.webp 768w, https:\/\/noticiaempauta.com\/portal\/wp-content\/uploads\/2026\/01\/batch_image00018-4-rhslbkaio8dpz9jdrg76ern9ojaoab097ph55l6lhc-1.webp 1200w\" sizes=\"(max-width: 1024px) 100vw, 1024px\" \/><figcaption class=\"wp-element-caption\"><em>(Fotos: Messias Produ\u00e7\u00f5es)<\/em><\/figcaption><\/figure>\n\n\n\n<p>A solenidade contou ainda com a presen\u00e7a do deputado estadual Dr. Thales Coelho, do vice-prefeito Paulo Roberto, vereadores que integram a base da gest\u00e3o municipal, lideran\u00e7as pol\u00edticas, apoiadores e moradores da cidade, que prestigiaram a entrega da obra.<\/p>\n\n\n\n<figure class=\"wp-block-image size-large\"><img decoding=\"async\" width=\"1024\" height=\"682\" src=\"https:\/\/noticiaempauta.com\/portal\/wp-content\/uploads\/2026\/01\/batch_image00011-5-1024x682.webp\" alt=\"\" class=\"wp-image-284044\" srcset=\"https:\/\/noticiaempauta.com\/portal\/wp-content\/uploads\/2026\/01\/batch_image00011-5-1024x682.webp 1024w, https:\/\/noticiaempauta.com\/portal\/wp-content\/uploads\/2026\/01\/batch_image00011-5-300x200.webp 300w, https:\/\/noticiaempauta.com\/portal\/wp-content\/uploads\/2026\/01\/batch_image00011-5-768x511.webp 768w, https:\/\/noticiaempauta.com\/portal\/wp-content\/uploads\/2026\/01\/batch_image00011-5.webp 1080w\" sizes=\"(max-width: 1024px) 100vw, 1024px\" \/><\/figure>\n\n\n\n<p>O cal\u00e7amento inaugurado foi viabilizado por meio de emenda parlamentar do senador Marcelo Castro e representa um avan\u00e7o significativo para a infraestrutura urbana de Paquet\u00e1 do Piau\u00ed. A obra garante melhores condi\u00e7\u00f5es de tr\u00e1fego, reduz transtornos causados por lama e poeira, especialmente durante o per\u00edodo chuvoso, e promove mais dignidade aos moradores da sede do munic\u00edpio.<\/p>\n\n\n\n<figure class=\"wp-block-image size-large\"><img decoding=\"async\" width=\"1024\" height=\"682\" src=\"https:\/\/noticiaempauta.com\/portal\/wp-content\/uploads\/2026\/01\/batch_image00013-5-1024x682.webp\" alt=\"\" class=\"wp-image-284045\" srcset=\"https:\/\/noticiaempauta.com\/portal\/wp-content\/uploads\/2026\/01\/batch_image00013-5-1024x682.webp 1024w, https:\/\/noticiaempauta.com\/portal\/wp-content\/uploads\/2026\/01\/batch_image00013-5-300x200.webp 300w, https:\/\/noticiaempauta.com\/portal\/wp-content\/uploads\/2026\/01\/batch_image00013-5-768x511.webp 768w, https:\/\/noticiaempauta.com\/portal\/wp-content\/uploads\/2026\/01\/batch_image00013-5.webp 1080w\" sizes=\"(max-width: 1024px) 100vw, 1024px\" \/><\/figure>\n\n\n\n<p>Durante o evento, o senador Marcelo Castro reafirmou seu compromisso com o desenvolvimento da cidade e destacou a continuidade dos investimentos no munic\u00edpio.<\/p>\n\n\n\n<p>\u201cO povo de Paquet\u00e1 pode contar com o senador Marcelo Castro para trazer progresso, desenvolvimento e melhoria da qualidade de vida da popula\u00e7\u00e3o. Em breve, estaremos de volta para inaugurar a pra\u00e7a de eventos, uma obra de grande import\u00e2ncia para a cidade\u201d, afirmou o senador.<\/p>\n\n\n\n<figure class=\"wp-block-image size-large\"><img loading=\"lazy\" decoding=\"async\" width=\"1024\" height=\"682\" src=\"https:\/\/noticiaempauta.com\/portal\/wp-content\/uploads\/2026\/01\/batch_image00009-4-1024x682.webp\" alt=\"\" class=\"wp-image-284049\" srcset=\"https:\/\/noticiaempauta.com\/portal\/wp-content\/uploads\/2026\/01\/batch_image00009-4-1024x682.webp 1024w, https:\/\/noticiaempauta.com\/portal\/wp-content\/uploads\/2026\/01\/batch_image00009-4-300x200.webp 300w, https:\/\/noticiaempauta.com\/portal\/wp-content\/uploads\/2026\/01\/batch_image00009-4-768x511.webp 768w, https:\/\/noticiaempauta.com\/portal\/wp-content\/uploads\/2026\/01\/batch_image00009-4.webp 1080w\" sizes=\"(max-width: 1024px) 100vw, 1024px\" \/><\/figure>\n\n\n\n<p>O prefeito Dr. Clayton Barros agradeceu a presen\u00e7a do parlamentar e ressaltou a import\u00e2ncia da parceria para a execu\u00e7\u00e3o de obras estruturantes no munic\u00edpio.<\/p>\n\n\n\n<figure class=\"wp-block-image size-large\"><img loading=\"lazy\" decoding=\"async\" width=\"852\" height=\"1024\" src=\"https:\/\/noticiaempauta.com\/portal\/wp-content\/uploads\/2026\/01\/batch_image00014-3-852x1024.webp\" alt=\"\" class=\"wp-image-284046\" srcset=\"https:\/\/noticiaempauta.com\/portal\/wp-content\/uploads\/2026\/01\/batch_image00014-3-852x1024.webp 852w, https:\/\/noticiaempauta.com\/portal\/wp-content\/uploads\/2026\/01\/batch_image00014-3-250x300.webp 250w, https:\/\/noticiaempauta.com\/portal\/wp-content\/uploads\/2026\/01\/batch_image00014-3-768x923.webp 768w, https:\/\/noticiaempauta.com\/portal\/wp-content\/uploads\/2026\/01\/batch_image00014-3.webp 1080w\" sizes=\"(max-width: 852px) 100vw, 852px\" \/><\/figure>\n\n\n\n<p>\u201cMuito obrigado, senador, por estar presente e por entregar essa importante obra de cal\u00e7amento. Sabemos do seu compromisso com Paquet\u00e1 e vamos manter essa parceria no pr\u00f3ximo ano, sempre buscando mais melhorias para nossa popula\u00e7\u00e3o\u201d, destacou o gestor.<\/p>\n\n\n\n<p>O deputado estadual Dr. Thales Coelho tamb\u00e9m se pronunciou, enfatizando a relev\u00e2ncia dos recursos destinados ao munic\u00edpio e os impactos positivos da obra no dia a dia da popula\u00e7\u00e3o.<\/p>\n\n\n\n<figure class=\"wp-block-image size-large\"><img loading=\"lazy\" decoding=\"async\" width=\"1024\" height=\"721\" src=\"https:\/\/noticiaempauta.com\/portal\/wp-content\/uploads\/2026\/01\/batch_image00002-3-1024x721.webp\" alt=\"\" class=\"wp-image-284047\" srcset=\"https:\/\/noticiaempauta.com\/portal\/wp-content\/uploads\/2026\/01\/batch_image00002-3-1024x721.webp 1024w, https:\/\/noticiaempauta.com\/portal\/wp-content\/uploads\/2026\/01\/batch_image00002-3-300x211.webp 300w, https:\/\/noticiaempauta.com\/portal\/wp-content\/uploads\/2026\/01\/batch_image00002-3-768x540.webp 768w, https:\/\/noticiaempauta.com\/portal\/wp-content\/uploads\/2026\/01\/batch_image00002-3.webp 1080w\" sizes=\"(max-width: 1024px) 100vw, 1024px\" \/><\/figure>\n\n\n\n<p>\u201cS\u00f3 temos gratid\u00e3o ao senador Marcelo Castro por trazer recursos para Paquet\u00e1 e por viabilizar essa obra t\u00e3o importante, que antes causava muitos transtornos \u00e0 popula\u00e7\u00e3o, principalmente no per\u00edodo de inverno, com lama e poeira. Aproveito para parabenizar o prefeito Dr. Clayton Barros pelo trabalho e compromisso com o desenvolvimento da cidade, bem como todos os vereadores pela parceria e apoio nessa conquista\u201d, pontuou.<\/p>\n\n\n\n<figure class=\"wp-block-image size-large\"><img loading=\"lazy\" decoding=\"async\" width=\"1024\" height=\"682\" src=\"https:\/\/noticiaempauta.com\/portal\/wp-content\/uploads\/2026\/01\/batch_image00017-3-1-1024x682.webp\" alt=\"\" class=\"wp-image-284048\" srcset=\"https:\/\/noticiaempauta.com\/portal\/wp-content\/uploads\/2026\/01\/batch_image00017-3-1-1024x682.webp 1024w, https:\/\/noticiaempauta.com\/portal\/wp-content\/uploads\/2026\/01\/batch_image00017-3-1-300x200.webp 300w, https:\/\/noticiaempauta.com\/portal\/wp-content\/uploads\/2026\/01\/batch_image00017-3-1-768x511.webp 768w, https:\/\/noticiaempauta.com\/portal\/wp-content\/uploads\/2026\/01\/batch_image00017-3-1.webp 1080w\" sizes=\"(max-width: 1024px) 100vw, 1024px\" \/><\/figure>\n\n\n\n<p>Al\u00e9m da inaugura\u00e7\u00e3o, o encontro foi marcado pelo di\u00e1logo aberto e pela escuta ativa das demandas da popula\u00e7\u00e3o, refor\u00e7ando o compromisso das lideran\u00e7as com uma gest\u00e3o participativa e pr\u00f3xima da comunidade. A agenda foi encerrada com um jantar de confraterniza\u00e7\u00e3o entre autoridades, fortalecendo os la\u00e7os institucionais e pol\u00edticos em prol do desenvolvimento de Paquet\u00e1 do Piau\u00ed.<\/p>\n\n\n\n<p>Fonte: CidadesnaNet<\/p>\n","protected":false},"excerpt":{"rendered":"<p>No final da tarde desta sexta-feira, 16 de janeiro, o munic\u00edpio de Paquet\u00e1 do Piau\u00ed viveu um momento marcante para o seu desenvolvimento urbano. O prefeito Dr. Clayton Barros recebeu o senador Marcelo Castro para a inaugura\u00e7\u00e3o do cal\u00e7amento da sede do munic\u00edpio, uma obra de grande relev\u00e2ncia para a mobilidade e a qualidade de [&hellip;]<\/p>\n","protected":false},"author":2,"featured_media":284042,"comment_status":"closed","ping_status":"closed","sticky":false,"template":"","format":"standard","meta":{"_mi_skip_tracking":false,"footnotes":""},"categories":[25,1,9,3,16],"tags":[192],"class_list":["post-284041","post","type-post","status-publish","format-standard","has-post-thumbnail","hentry","category-destaques-site","category-geral","category-municipios","category-politica","category-todas","tag-destaqueprincipal"],"acf":[],"yoast_head":"<!-- This site is optimized with the Yoast SEO Premium plugin v19.2 (Yoast SEO v26.9) - https:\/\/yoast.com\/product\/yoast-seo-premium-wordpress\/ -->\n<title>Prefeito Dr. Clayton Barros e Deputado Dr. Thales recebem o senador Marcelo Castro durante agenda em Paquet\u00e1 do Piau\u00ed - Portal Not\u00edcia em Pauta<\/title>\n<meta name=\"robots\" content=\"index, follow, max-snippet:-1, max-image-preview:large, max-video-preview:-1\" \/>\n<link rel=\"canonical\" href=\"https:\/\/noticiaempauta.com\/portal\/prefeito-dr-clayton-barros-e-deputado-dr-thales-recebem-o-senador-marcelo-castro-durante-agenda-em-paqueta-do-piaui\/\" \/>\n<meta property=\"og:locale\" content=\"pt_BR\" \/>\n<meta property=\"og:type\" content=\"article\" \/>\n<meta property=\"og:title\" content=\"Prefeito Dr. Clayton Barros e Deputado Dr. Thales recebem o senador Marcelo Castro durante agenda em Paquet\u00e1 do Piau\u00ed\" \/>\n<meta property=\"og:description\" content=\"No final da tarde desta sexta-feira, 16 de janeiro, o munic\u00edpio de Paquet\u00e1 do Piau\u00ed viveu um momento marcante para o seu desenvolvimento urbano. O prefeito Dr. Clayton Barros recebeu o senador Marcelo Castro para a inaugura\u00e7\u00e3o do cal\u00e7amento da sede do munic\u00edpio, uma obra de grande relev\u00e2ncia para a mobilidade e a qualidade de [&hellip;]\" \/>\n<meta property=\"og:url\" content=\"https:\/\/noticiaempauta.com\/portal\/prefeito-dr-clayton-barros-e-deputado-dr-thales-recebem-o-senador-marcelo-castro-durante-agenda-em-paqueta-do-piaui\/\" \/>\n<meta property=\"og:site_name\" content=\"Portal Not\u00edcia em Pauta\" \/>\n<meta property=\"article:publisher\" content=\"https:\/\/www.facebook.com\/Portal-Notcia-Em-Pauta-102292869264820\/\" \/>\n<meta property=\"article:published_time\" content=\"2026-01-17T18:43:06+00:00\" \/>\n<meta property=\"article:modified_time\" content=\"2026-01-17T18:43:07+00:00\" \/>\n<meta property=\"og:image\" content=\"https:\/\/noticiaempauta.com\/portal\/wp-content\/uploads\/2026\/01\/batch_image00018-4-rhslbkaio8dpz9jdrg76ern9ojaoab097ph55l6lhc.webp\" \/>\n\t<meta property=\"og:image:width\" content=\"1200\" \/>\n\t<meta property=\"og:image:height\" content=\"800\" \/>\n\t<meta property=\"og:image:type\" content=\"image\/webp\" \/>\n<meta name=\"author\" content=\"Reda\u00e7\u00e3o\" \/>\n<meta name=\"twitter:card\" content=\"summary_large_image\" \/>\n<meta name=\"twitter:label1\" content=\"Escrito por\" \/>\n\t<meta name=\"twitter:data1\" content=\"Reda\u00e7\u00e3o\" \/>\n\t<meta name=\"twitter:label2\" content=\"Est. tempo de leitura\" \/>\n\t<meta name=\"twitter:data2\" content=\"5 minutos\" \/>\n<script type=\"application\/ld+json\" class=\"yoast-schema-graph\">{\"@context\":\"https:\/\/schema.org\",\"@graph\":[{\"@type\":\"Article\",\"@id\":\"https:\/\/noticiaempauta.com\/portal\/prefeito-dr-clayton-barros-e-deputado-dr-thales-recebem-o-senador-marcelo-castro-durante-agenda-em-paqueta-do-piaui\/#article\",\"isPartOf\":{\"@id\":\"https:\/\/noticiaempauta.com\/portal\/prefeito-dr-clayton-barros-e-deputado-dr-thales-recebem-o-senador-marcelo-castro-durante-agenda-em-paqueta-do-piaui\/\"},\"author\":{\"name\":\"Reda\u00e7\u00e3o\",\"@id\":\"https:\/\/noticiaempauta.com\/portal\/#\/schema\/person\/a74af43dd1ab3deca45f988c717d57ac\"},\"headline\":\"Prefeito Dr. Clayton Barros e Deputado Dr. Thales recebem o senador Marcelo Castro durante agenda em Paquet\u00e1 do Piau\u00ed\",\"datePublished\":\"2026-01-17T18:43:06+00:00\",\"dateModified\":\"2026-01-17T18:43:07+00:00\",\"mainEntityOfPage\":{\"@id\":\"https:\/\/noticiaempauta.com\/portal\/prefeito-dr-clayton-barros-e-deputado-dr-thales-recebem-o-senador-marcelo-castro-durante-agenda-em-paqueta-do-piaui\/\"},\"wordCount\":500,\"publisher\":{\"@id\":\"https:\/\/noticiaempauta.com\/portal\/#organization\"},\"image\":{\"@id\":\"https:\/\/noticiaempauta.com\/portal\/prefeito-dr-clayton-barros-e-deputado-dr-thales-recebem-o-senador-marcelo-castro-durante-agenda-em-paqueta-do-piaui\/#primaryimage\"},\"thumbnailUrl\":\"https:\/\/noticiaempauta.com\/portal\/wp-content\/uploads\/2026\/01\/batch_image00018-4-rhslbkaio8dpz9jdrg76ern9ojaoab097ph55l6lhc.webp\",\"keywords\":[\"destaqueprincipal\"],\"articleSection\":[\"Destaques\",\"Geral\",\"Munic\u00edpios\",\"Pol\u00edtica\",\"Todas as Not\u00edcias\"],\"inLanguage\":\"pt-BR\"},{\"@type\":\"WebPage\",\"@id\":\"https:\/\/noticiaempauta.com\/portal\/prefeito-dr-clayton-barros-e-deputado-dr-thales-recebem-o-senador-marcelo-castro-durante-agenda-em-paqueta-do-piaui\/\",\"url\":\"https:\/\/noticiaempauta.com\/portal\/prefeito-dr-clayton-barros-e-deputado-dr-thales-recebem-o-senador-marcelo-castro-durante-agenda-em-paqueta-do-piaui\/\",\"name\":\"Prefeito Dr. Clayton Barros e Deputado Dr. Thales recebem o senador Marcelo Castro durante agenda em Paquet\u00e1 do Piau\u00ed - Portal Not\u00edcia em Pauta\",\"isPartOf\":{\"@id\":\"https:\/\/noticiaempauta.com\/portal\/#website\"},\"primaryImageOfPage\":{\"@id\":\"https:\/\/noticiaempauta.com\/portal\/prefeito-dr-clayton-barros-e-deputado-dr-thales-recebem-o-senador-marcelo-castro-durante-agenda-em-paqueta-do-piaui\/#primaryimage\"},\"image\":{\"@id\":\"https:\/\/noticiaempauta.com\/portal\/prefeito-dr-clayton-barros-e-deputado-dr-thales-recebem-o-senador-marcelo-castro-durante-agenda-em-paqueta-do-piaui\/#primaryimage\"},\"thumbnailUrl\":\"https:\/\/noticiaempauta.com\/portal\/wp-content\/uploads\/2026\/01\/batch_image00018-4-rhslbkaio8dpz9jdrg76ern9ojaoab097ph55l6lhc.webp\",\"datePublished\":\"2026-01-17T18:43:06+00:00\",\"dateModified\":\"2026-01-17T18:43:07+00:00\",\"breadcrumb\":{\"@id\":\"https:\/\/noticiaempauta.com\/portal\/prefeito-dr-clayton-barros-e-deputado-dr-thales-recebem-o-senador-marcelo-castro-durante-agenda-em-paqueta-do-piaui\/#breadcrumb\"},\"inLanguage\":\"pt-BR\",\"potentialAction\":[{\"@type\":\"ReadAction\",\"target\":[\"https:\/\/noticiaempauta.com\/portal\/prefeito-dr-clayton-barros-e-deputado-dr-thales-recebem-o-senador-marcelo-castro-durante-agenda-em-paqueta-do-piaui\/\"]}]},{\"@type\":\"ImageObject\",\"inLanguage\":\"pt-BR\",\"@id\":\"https:\/\/noticiaempauta.com\/portal\/prefeito-dr-clayton-barros-e-deputado-dr-thales-recebem-o-senador-marcelo-castro-durante-agenda-em-paqueta-do-piaui\/#primaryimage\",\"url\":\"https:\/\/noticiaempauta.com\/portal\/wp-content\/uploads\/2026\/01\/batch_image00018-4-rhslbkaio8dpz9jdrg76ern9ojaoab097ph55l6lhc.webp\",\"contentUrl\":\"https:\/\/noticiaempauta.com\/portal\/wp-content\/uploads\/2026\/01\/batch_image00018-4-rhslbkaio8dpz9jdrg76ern9ojaoab097ph55l6lhc.webp\",\"width\":1200,\"height\":800},{\"@type\":\"BreadcrumbList\",\"@id\":\"https:\/\/noticiaempauta.com\/portal\/prefeito-dr-clayton-barros-e-deputado-dr-thales-recebem-o-senador-marcelo-castro-durante-agenda-em-paqueta-do-piaui\/#breadcrumb\",\"itemListElement\":[{\"@type\":\"ListItem\",\"position\":1,\"name\":\"P\u00e1gina Inicial\",\"item\":\"https:\/\/noticiaempauta.com\/portal\/\"},{\"@type\":\"ListItem\",\"position\":2,\"name\":\"Destaques\",\"item\":\"https:\/\/noticiaempauta.com\/portal\/destaques-site\/\"},{\"@type\":\"ListItem\",\"position\":3,\"name\":\"Prefeito Dr. Clayton Barros e Deputado Dr. Thales recebem o senador Marcelo Castro durante agenda em Paquet\u00e1 do Piau\u00ed\"}]},{\"@type\":\"WebSite\",\"@id\":\"https:\/\/noticiaempauta.com\/portal\/#website\",\"url\":\"https:\/\/noticiaempauta.com\/portal\/\",\"name\":\"Portal Not\u00edcia em Pauta\",\"description\":\"Voc\u00ea bem informado\",\"publisher\":{\"@id\":\"https:\/\/noticiaempauta.com\/portal\/#organization\"},\"potentialAction\":[{\"@type\":\"SearchAction\",\"target\":{\"@type\":\"EntryPoint\",\"urlTemplate\":\"https:\/\/noticiaempauta.com\/portal\/?s={search_term_string}\"},\"query-input\":{\"@type\":\"PropertyValueSpecification\",\"valueRequired\":true,\"valueName\":\"search_term_string\"}}],\"inLanguage\":\"pt-BR\"},{\"@type\":\"Organization\",\"@id\":\"https:\/\/noticiaempauta.com\/portal\/#organization\",\"name\":\"Portal Not\u00edcia em Pauta\",\"url\":\"https:\/\/noticiaempauta.com\/portal\/\",\"logo\":{\"@type\":\"ImageObject\",\"inLanguage\":\"pt-BR\",\"@id\":\"https:\/\/noticiaempauta.com\/portal\/#\/schema\/logo\/image\/\",\"url\":\"https:\/\/noticiaempauta.com\/portal\/wp-content\/uploads\/2022\/08\/logomarca_tema.fw_.png\",\"contentUrl\":\"https:\/\/noticiaempauta.com\/portal\/wp-content\/uploads\/2022\/08\/logomarca_tema.fw_.png\",\"width\":400,\"height\":232,\"caption\":\"Portal Not\u00edcia em Pauta\"},\"image\":{\"@id\":\"https:\/\/noticiaempauta.com\/portal\/#\/schema\/logo\/image\/\"},\"sameAs\":[\"https:\/\/www.facebook.com\/Portal-Notcia-Em-Pauta-102292869264820\/\",\"https:\/\/www.instagram.com\/portalnoticiaempauta\/\"]},{\"@type\":\"Person\",\"@id\":\"https:\/\/noticiaempauta.com\/portal\/#\/schema\/person\/a74af43dd1ab3deca45f988c717d57ac\",\"name\":\"Reda\u00e7\u00e3o\",\"image\":{\"@type\":\"ImageObject\",\"inLanguage\":\"pt-BR\",\"@id\":\"https:\/\/noticiaempauta.com\/portal\/#\/schema\/person\/image\/\",\"url\":\"https:\/\/secure.gravatar.com\/avatar\/03179346ecce6cdfc13361603e8f54242a90e5cde8618fa23c5c00aa2b0aadf3?s=96&d=mm&r=g\",\"contentUrl\":\"https:\/\/secure.gravatar.com\/avatar\/03179346ecce6cdfc13361603e8f54242a90e5cde8618fa23c5c00aa2b0aadf3?s=96&d=mm&r=g\",\"caption\":\"Reda\u00e7\u00e3o\"},\"sameAs\":[\"https:\/\/noticiaempauta.com\/portal\/\"],\"url\":\"https:\/\/noticiaempauta.com\/portal\/author\/fernando\/\"}]}<\/script>\n<!-- \/ Yoast SEO Premium plugin. -->","yoast_head_json":{"title":"Prefeito Dr. Clayton Barros e Deputado Dr. Thales recebem o senador Marcelo Castro durante agenda em Paquet\u00e1 do Piau\u00ed - Portal Not\u00edcia em Pauta","robots":{"index":"index","follow":"follow","max-snippet":"max-snippet:-1","max-image-preview":"max-image-preview:large","max-video-preview":"max-video-preview:-1"},"canonical":"https:\/\/noticiaempauta.com\/portal\/prefeito-dr-clayton-barros-e-deputado-dr-thales-recebem-o-senador-marcelo-castro-durante-agenda-em-paqueta-do-piaui\/","og_locale":"pt_BR","og_type":"article","og_title":"Prefeito Dr. Clayton Barros e Deputado Dr. Thales recebem o senador Marcelo Castro durante agenda em Paquet\u00e1 do Piau\u00ed","og_description":"No final da tarde desta sexta-feira, 16 de janeiro, o munic\u00edpio de Paquet\u00e1 do Piau\u00ed viveu um momento marcante para o seu desenvolvimento urbano. O prefeito Dr. Clayton Barros recebeu o senador Marcelo Castro para a inaugura\u00e7\u00e3o do cal\u00e7amento da sede do munic\u00edpio, uma obra de grande relev\u00e2ncia para a mobilidade e a qualidade de [&hellip;]","og_url":"https:\/\/noticiaempauta.com\/portal\/prefeito-dr-clayton-barros-e-deputado-dr-thales-recebem-o-senador-marcelo-castro-durante-agenda-em-paqueta-do-piaui\/","og_site_name":"Portal Not\u00edcia em Pauta","article_publisher":"https:\/\/www.facebook.com\/Portal-Notcia-Em-Pauta-102292869264820\/","article_published_time":"2026-01-17T18:43:06+00:00","article_modified_time":"2026-01-17T18:43:07+00:00","og_image":[{"width":1200,"height":800,"url":"https:\/\/noticiaempauta.com\/portal\/wp-content\/uploads\/2026\/01\/batch_image00018-4-rhslbkaio8dpz9jdrg76ern9ojaoab097ph55l6lhc.webp","type":"image\/webp"}],"author":"Reda\u00e7\u00e3o","twitter_card":"summary_large_image","twitter_misc":{"Escrito por":"Reda\u00e7\u00e3o","Est. tempo de leitura":"5 minutos"},"schema":{"@context":"https:\/\/schema.org","@graph":[{"@type":"Article","@id":"https:\/\/noticiaempauta.com\/portal\/prefeito-dr-clayton-barros-e-deputado-dr-thales-recebem-o-senador-marcelo-castro-durante-agenda-em-paqueta-do-piaui\/#article","isPartOf":{"@id":"https:\/\/noticiaempauta.com\/portal\/prefeito-dr-clayton-barros-e-deputado-dr-thales-recebem-o-senador-marcelo-castro-durante-agenda-em-paqueta-do-piaui\/"},"author":{"name":"Reda\u00e7\u00e3o","@id":"https:\/\/noticiaempauta.com\/portal\/#\/schema\/person\/a74af43dd1ab3deca45f988c717d57ac"},"headline":"Prefeito Dr. Clayton Barros e Deputado Dr. Thales recebem o senador Marcelo Castro durante agenda em Paquet\u00e1 do Piau\u00ed","datePublished":"2026-01-17T18:43:06+00:00","dateModified":"2026-01-17T18:43:07+00:00","mainEntityOfPage":{"@id":"https:\/\/noticiaempauta.com\/portal\/prefeito-dr-clayton-barros-e-deputado-dr-thales-recebem-o-senador-marcelo-castro-durante-agenda-em-paqueta-do-piaui\/"},"wordCount":500,"publisher":{"@id":"https:\/\/noticiaempauta.com\/portal\/#organization"},"image":{"@id":"https:\/\/noticiaempauta.com\/portal\/prefeito-dr-clayton-barros-e-deputado-dr-thales-recebem-o-senador-marcelo-castro-durante-agenda-em-paqueta-do-piaui\/#primaryimage"},"thumbnailUrl":"https:\/\/noticiaempauta.com\/portal\/wp-content\/uploads\/2026\/01\/batch_image00018-4-rhslbkaio8dpz9jdrg76ern9ojaoab097ph55l6lhc.webp","keywords":["destaqueprincipal"],"articleSection":["Destaques","Geral","Munic\u00edpios","Pol\u00edtica","Todas as Not\u00edcias"],"inLanguage":"pt-BR"},{"@type":"WebPage","@id":"https:\/\/noticiaempauta.com\/portal\/prefeito-dr-clayton-barros-e-deputado-dr-thales-recebem-o-senador-marcelo-castro-durante-agenda-em-paqueta-do-piaui\/","url":"https:\/\/noticiaempauta.com\/portal\/prefeito-dr-clayton-barros-e-deputado-dr-thales-recebem-o-senador-marcelo-castro-durante-agenda-em-paqueta-do-piaui\/","name":"Prefeito Dr. Clayton Barros e Deputado Dr. Thales recebem o senador Marcelo Castro durante agenda em Paquet\u00e1 do Piau\u00ed - Portal Not\u00edcia em Pauta","isPartOf":{"@id":"https:\/\/noticiaempauta.com\/portal\/#website"},"primaryImageOfPage":{"@id":"https:\/\/noticiaempauta.com\/portal\/prefeito-dr-clayton-barros-e-deputado-dr-thales-recebem-o-senador-marcelo-castro-durante-agenda-em-paqueta-do-piaui\/#primaryimage"},"image":{"@id":"https:\/\/noticiaempauta.com\/portal\/prefeito-dr-clayton-barros-e-deputado-dr-thales-recebem-o-senador-marcelo-castro-durante-agenda-em-paqueta-do-piaui\/#primaryimage"},"thumbnailUrl":"https:\/\/noticiaempauta.com\/portal\/wp-content\/uploads\/2026\/01\/batch_image00018-4-rhslbkaio8dpz9jdrg76ern9ojaoab097ph55l6lhc.webp","datePublished":"2026-01-17T18:43:06+00:00","dateModified":"2026-01-17T18:43:07+00:00","breadcrumb":{"@id":"https:\/\/noticiaempauta.com\/portal\/prefeito-dr-clayton-barros-e-deputado-dr-thales-recebem-o-senador-marcelo-castro-durante-agenda-em-paqueta-do-piaui\/#breadcrumb"},"inLanguage":"pt-BR","potentialAction":[{"@type":"ReadAction","target":["https:\/\/noticiaempauta.com\/portal\/prefeito-dr-clayton-barros-e-deputado-dr-thales-recebem-o-senador-marcelo-castro-durante-agenda-em-paqueta-do-piaui\/"]}]},{"@type":"ImageObject","inLanguage":"pt-BR","@id":"https:\/\/noticiaempauta.com\/portal\/prefeito-dr-clayton-barros-e-deputado-dr-thales-recebem-o-senador-marcelo-castro-durante-agenda-em-paqueta-do-piaui\/#primaryimage","url":"https:\/\/noticiaempauta.com\/portal\/wp-content\/uploads\/2026\/01\/batch_image00018-4-rhslbkaio8dpz9jdrg76ern9ojaoab097ph55l6lhc.webp","contentUrl":"https:\/\/noticiaempauta.com\/portal\/wp-content\/uploads\/2026\/01\/batch_image00018-4-rhslbkaio8dpz9jdrg76ern9ojaoab097ph55l6lhc.webp","width":1200,"height":800},{"@type":"BreadcrumbList","@id":"https:\/\/noticiaempauta.com\/portal\/prefeito-dr-clayton-barros-e-deputado-dr-thales-recebem-o-senador-marcelo-castro-durante-agenda-em-paqueta-do-piaui\/#breadcrumb","itemListElement":[{"@type":"ListItem","position":1,"name":"P\u00e1gina Inicial","item":"https:\/\/noticiaempauta.com\/portal\/"},{"@type":"ListItem","position":2,"name":"Destaques","item":"https:\/\/noticiaempauta.com\/portal\/destaques-site\/"},{"@type":"ListItem","position":3,"name":"Prefeito Dr. Clayton Barros e Deputado Dr. Thales recebem o senador Marcelo Castro durante agenda em Paquet\u00e1 do Piau\u00ed"}]},{"@type":"WebSite","@id":"https:\/\/noticiaempauta.com\/portal\/#website","url":"https:\/\/noticiaempauta.com\/portal\/","name":"Portal Not\u00edcia em Pauta","description":"Voc\u00ea bem informado","publisher":{"@id":"https:\/\/noticiaempauta.com\/portal\/#organization"},"potentialAction":[{"@type":"SearchAction","target":{"@type":"EntryPoint","urlTemplate":"https:\/\/noticiaempauta.com\/portal\/?s={search_term_string}"},"query-input":{"@type":"PropertyValueSpecification","valueRequired":true,"valueName":"search_term_string"}}],"inLanguage":"pt-BR"},{"@type":"Organization","@id":"https:\/\/noticiaempauta.com\/portal\/#organization","name":"Portal Not\u00edcia em Pauta","url":"https:\/\/noticiaempauta.com\/portal\/","logo":{"@type":"ImageObject","inLanguage":"pt-BR","@id":"https:\/\/noticiaempauta.com\/portal\/#\/schema\/logo\/image\/","url":"https:\/\/noticiaempauta.com\/portal\/wp-content\/uploads\/2022\/08\/logomarca_tema.fw_.png","contentUrl":"https:\/\/noticiaempauta.com\/portal\/wp-content\/uploads\/2022\/08\/logomarca_tema.fw_.png","width":400,"height":232,"caption":"Portal Not\u00edcia em Pauta"},"image":{"@id":"https:\/\/noticiaempauta.com\/portal\/#\/schema\/logo\/image\/"},"sameAs":["https:\/\/www.facebook.com\/Portal-Notcia-Em-Pauta-102292869264820\/","https:\/\/www.instagram.com\/portalnoticiaempauta\/"]},{"@type":"Person","@id":"https:\/\/noticiaempauta.com\/portal\/#\/schema\/person\/a74af43dd1ab3deca45f988c717d57ac","name":"Reda\u00e7\u00e3o","image":{"@type":"ImageObject","inLanguage":"pt-BR","@id":"https:\/\/noticiaempauta.com\/portal\/#\/schema\/person\/image\/","url":"https:\/\/secure.gravatar.com\/avatar\/03179346ecce6cdfc13361603e8f54242a90e5cde8618fa23c5c00aa2b0aadf3?s=96&d=mm&r=g","contentUrl":"https:\/\/secure.gravatar.com\/avatar\/03179346ecce6cdfc13361603e8f54242a90e5cde8618fa23c5c00aa2b0aadf3?s=96&d=mm&r=g","caption":"Reda\u00e7\u00e3o"},"sameAs":["https:\/\/noticiaempauta.com\/portal\/"],"url":"https:\/\/noticiaempauta.com\/portal\/author\/fernando\/"}]}},"_links":{"self":[{"href":"https:\/\/noticiaempauta.com\/portal\/wp-json\/wp\/v2\/posts\/284041","targetHints":{"allow":["GET"]}}],"collection":[{"href":"https:\/\/noticiaempauta.com\/portal\/wp-json\/wp\/v2\/posts"}],"about":[{"href":"https:\/\/noticiaempauta.com\/portal\/wp-json\/wp\/v2\/types\/post"}],"author":[{"embeddable":true,"href":"https:\/\/noticiaempauta.com\/portal\/wp-json\/wp\/v2\/users\/2"}],"replies":[{"embeddable":true,"href":"https:\/\/noticiaempauta.com\/portal\/wp-json\/wp\/v2\/comments?post=284041"}],"version-history":[{"count":2,"href":"https:\/\/noticiaempauta.com\/portal\/wp-json\/wp\/v2\/posts\/284041\/revisions"}],"predecessor-version":[{"id":284051,"href":"https:\/\/noticiaempauta.com\/portal\/wp-json\/wp\/v2\/posts\/284041\/revisions\/284051"}],"wp:featuredmedia":[{"embeddable":true,"href":"https:\/\/noticiaempauta.com\/portal\/wp-json\/wp\/v2\/media\/284042"}],"wp:attachment":[{"href":"https:\/\/noticiaempauta.com\/portal\/wp-json\/wp\/v2\/media?parent=284041"}],"wp:term":[{"taxonomy":"category","embeddable":true,"href":"https:\/\/noticiaempauta.com\/portal\/wp-json\/wp\/v2\/categories?post=284041"},{"taxonomy":"post_tag","embeddable":true,"href":"https:\/\/noticiaempauta.com\/portal\/wp-json\/wp\/v2\/tags?post=284041"}],"curies":[{"name":"wp","href":"https:\/\/api.w.org\/{rel}","templated":true}]}}