{"id":284063,"date":"2026-01-19T08:59:01","date_gmt":"2026-01-19T11:59:01","guid":{"rendered":"https:\/\/noticiaempauta.com\/portal\/?p=284063"},"modified":"2026-01-19T08:59:02","modified_gmt":"2026-01-19T11:59:02","slug":"mec-abre-inscricoes-para-sisu-2026-veja-como-fazer","status":"publish","type":"post","link":"https:\/\/noticiaempauta.com\/portal\/mec-abre-inscricoes-para-sisu-2026-veja-como-fazer\/","title":{"rendered":"MEC abre inscri\u00e7\u00f5es para Sisu 2026; veja como fazer"},"content":{"rendered":"\n<p>O Minist\u00e9rio da Educa\u00e7\u00e3o (MEC) abriu, nesta segunda-feira (19), as inscri\u00e7\u00f5es para o processo seletivo do Sistema de Sele\u00e7\u00e3o Unificada (Sisu) 2025. Segundo a pasta, a nova edi\u00e7\u00e3o do programa contar\u00e1 com a oferta de 274 mil vagas para 7,3 mil cursos dispon\u00edveis em 136 institui\u00e7\u00f5es de educa\u00e7\u00e3o superior de todo o pa\u00eds.<\/p>\n\n\n\n<figure class=\"wp-block-image size-full\"><img fetchpriority=\"high\" decoding=\"async\" width=\"790\" height=\"665\" src=\"https:\/\/noticiaempauta.com\/portal\/wp-content\/uploads\/2026\/01\/photo_5068877135698660173_x.webp\" alt=\"\" class=\"wp-image-284064\" srcset=\"https:\/\/noticiaempauta.com\/portal\/wp-content\/uploads\/2026\/01\/photo_5068877135698660173_x.webp 790w, https:\/\/noticiaempauta.com\/portal\/wp-content\/uploads\/2026\/01\/photo_5068877135698660173_x-300x253.webp 300w, https:\/\/noticiaempauta.com\/portal\/wp-content\/uploads\/2026\/01\/photo_5068877135698660173_x-768x646.webp 768w\" sizes=\"(max-width: 790px) 100vw, 790px\" \/><figcaption class=\"wp-element-caption\"><em>(Foto: Arquivo\/Cidadeverde.com<\/em>)<\/figcaption><\/figure>\n\n\n\n<p>As inscri\u00e7\u00f5es seguem at\u00e9 23 de janeiro, s\u00e3o gratuitas e devem ser feitas pelo&nbsp;<strong><a href=\"https:\/\/acessounico.mec.gov.br\/sisu\">Portal \u00danico de Acesso ao Ensino Superior<\/a><\/strong>.<\/p>\n\n\n\n<p>O processo seletivo utilizar\u00e1 as notas do Enem 2023, 2024 ou 2025, desde que o candidato n\u00e3o tenha participado como treineiro e n\u00e3o tenha zerado a reda\u00e7\u00e3o. At\u00e9 a edi\u00e7\u00e3o anterior, apenas estudantes que haviam realizado o Enem mais recente podiam concorrer \u00e0s vagas.<\/p>\n\n\n\n<p>O Sisu 2026 ter\u00e1 apenas uma etapa de inscri\u00e7\u00e3o e uma \u00fanica chamada regular, com resultado previsto para 29 de janeiro de 2026. Os candidatos poder\u00e3o escolher at\u00e9 duas op\u00e7\u00f5es de curso, indicando institui\u00e7\u00e3o, turno, local de oferta e modalidade de concorr\u00eancia.<\/p>\n\n\n\n<p>As vagas poder\u00e3o ter in\u00edcio no primeiro ou no segundo semestre de 2026, conforme defini\u00e7\u00e3o das institui\u00e7\u00f5es. O candidato n\u00e3o poder\u00e1 escolher o semestre de ingresso. A classifica\u00e7\u00e3o ser\u00e1 feita automaticamente com base na melhor m\u00e9dia ponderada obtida no Enem, obedecendo crit\u00e9rios de desempate como nota da reda\u00e7\u00e3o e das demais \u00e1reas do exame.<\/p>\n\n\n\n<p>A matr\u00edcula dos aprovados na chamada regular come\u00e7a em 2 de fevereiro de 2026 e seguir\u00e1 as regras estabelecidas por cada institui\u00e7\u00e3o. A aprova\u00e7\u00e3o garante apenas expectativa de direito \u00e0 vaga, condicionada \u00e0 comprova\u00e7\u00e3o dos requisitos legais, incluindo a conclus\u00e3o do ensino m\u00e9dio.<\/p>\n\n\n\n<p>Quem n\u00e3o for selecionado poder\u00e1 manifestar interesse na lista de espera entre 29 de janeiro e 2 de fevereiro, escolhendo apenas um curso. Candidatos aprovados na chamada regular n\u00e3o poder\u00e3o participar dessa etapa.<\/p>\n\n\n\n<h2 class=\"wp-block-heading\"><strong>Cronograma do Sisu 2026<\/strong><\/h2>\n\n\n\n<ul class=\"wp-block-list\">\n<li><strong>Inscri\u00e7\u00f5es:<\/strong>\u00a019 a 23 de janeiro;<\/li>\n\n\n\n<li><strong>Resultado da chamada regular:<\/strong>\u00a029 de janeiro;<\/li>\n\n\n\n<li><strong>Matr\u00edcula da chamada regular:<\/strong>\u00a0a partir de 2 de fevereiro;<\/li>\n\n\n\n<li><strong>Manifesta\u00e7\u00e3o de interesse na lista de espera:<\/strong>\u00a029 de janeiro a 2 de fevereiro;<\/li>\n\n\n\n<li><strong>Convoca\u00e7\u00e3o da lista de espera pelas institui\u00e7\u00f5es:<\/strong>\u00a0a partir de 11 de fevereiro<\/li>\n<\/ul>\n\n\n\n<p><strong><em>Fonte: Cidade Verde<\/em><\/strong><\/p>\n\n\n\n<p><\/p>\n","protected":false},"excerpt":{"rendered":"<p>O Minist\u00e9rio da Educa\u00e7\u00e3o (MEC) abriu, nesta segunda-feira (19), as inscri\u00e7\u00f5es para o processo seletivo do Sistema de Sele\u00e7\u00e3o Unificada (Sisu) 2025. Segundo a pasta, a nova edi\u00e7\u00e3o do programa contar\u00e1 com a oferta de 274 mil vagas para 7,3 mil cursos dispon\u00edveis em 136 institui\u00e7\u00f5es de educa\u00e7\u00e3o superior de todo o pa\u00eds. As inscri\u00e7\u00f5es [&hellip;]<\/p>\n","protected":false},"author":2,"featured_media":284064,"comment_status":"closed","ping_status":"closed","sticky":false,"template":"","format":"standard","meta":{"_mi_skip_tracking":false,"footnotes":""},"categories":[25,1,16],"tags":[192],"class_list":["post-284063","post","type-post","status-publish","format-standard","has-post-thumbnail","hentry","category-destaques-site","category-geral","category-todas","tag-destaqueprincipal"],"acf":[],"yoast_head":"<!-- This site is optimized with the Yoast SEO Premium plugin v19.2 (Yoast SEO v26.9) - https:\/\/yoast.com\/product\/yoast-seo-premium-wordpress\/ -->\n<title>MEC abre inscri\u00e7\u00f5es para Sisu 2026; veja como fazer - Portal Not\u00edcia em Pauta<\/title>\n<meta name=\"robots\" content=\"index, follow, max-snippet:-1, max-image-preview:large, max-video-preview:-1\" \/>\n<link rel=\"canonical\" href=\"https:\/\/noticiaempauta.com\/portal\/mec-abre-inscricoes-para-sisu-2026-veja-como-fazer\/\" \/>\n<meta property=\"og:locale\" content=\"pt_BR\" \/>\n<meta property=\"og:type\" content=\"article\" \/>\n<meta property=\"og:title\" content=\"MEC abre inscri\u00e7\u00f5es para Sisu 2026; veja como fazer\" \/>\n<meta property=\"og:description\" content=\"O Minist\u00e9rio da Educa\u00e7\u00e3o (MEC) abriu, nesta segunda-feira (19), as inscri\u00e7\u00f5es para o processo seletivo do Sistema de Sele\u00e7\u00e3o Unificada (Sisu) 2025. Segundo a pasta, a nova edi\u00e7\u00e3o do programa contar\u00e1 com a oferta de 274 mil vagas para 7,3 mil cursos dispon\u00edveis em 136 institui\u00e7\u00f5es de educa\u00e7\u00e3o superior de todo o pa\u00eds. As inscri\u00e7\u00f5es [&hellip;]\" \/>\n<meta property=\"og:url\" content=\"https:\/\/noticiaempauta.com\/portal\/mec-abre-inscricoes-para-sisu-2026-veja-como-fazer\/\" \/>\n<meta property=\"og:site_name\" content=\"Portal Not\u00edcia em Pauta\" \/>\n<meta property=\"article:publisher\" content=\"https:\/\/www.facebook.com\/Portal-Notcia-Em-Pauta-102292869264820\/\" \/>\n<meta property=\"article:published_time\" content=\"2026-01-19T11:59:01+00:00\" \/>\n<meta property=\"article:modified_time\" content=\"2026-01-19T11:59:02+00:00\" \/>\n<meta property=\"og:image\" content=\"https:\/\/noticiaempauta.com\/portal\/wp-content\/uploads\/2026\/01\/photo_5068877135698660173_x.webp\" \/>\n\t<meta property=\"og:image:width\" content=\"790\" \/>\n\t<meta property=\"og:image:height\" content=\"665\" \/>\n\t<meta property=\"og:image:type\" content=\"image\/webp\" \/>\n<meta name=\"author\" content=\"Reda\u00e7\u00e3o\" \/>\n<meta name=\"twitter:card\" content=\"summary_large_image\" \/>\n<meta name=\"twitter:label1\" content=\"Escrito por\" \/>\n\t<meta name=\"twitter:data1\" content=\"Reda\u00e7\u00e3o\" \/>\n\t<meta name=\"twitter:label2\" content=\"Est. tempo de leitura\" \/>\n\t<meta name=\"twitter:data2\" content=\"3 minutos\" \/>\n<script type=\"application\/ld+json\" class=\"yoast-schema-graph\">{\"@context\":\"https:\/\/schema.org\",\"@graph\":[{\"@type\":\"Article\",\"@id\":\"https:\/\/noticiaempauta.com\/portal\/mec-abre-inscricoes-para-sisu-2026-veja-como-fazer\/#article\",\"isPartOf\":{\"@id\":\"https:\/\/noticiaempauta.com\/portal\/mec-abre-inscricoes-para-sisu-2026-veja-como-fazer\/\"},\"author\":{\"name\":\"Reda\u00e7\u00e3o\",\"@id\":\"https:\/\/noticiaempauta.com\/portal\/#\/schema\/person\/a74af43dd1ab3deca45f988c717d57ac\"},\"headline\":\"MEC abre inscri\u00e7\u00f5es para Sisu 2026; veja como fazer\",\"datePublished\":\"2026-01-19T11:59:01+00:00\",\"dateModified\":\"2026-01-19T11:59:02+00:00\",\"mainEntityOfPage\":{\"@id\":\"https:\/\/noticiaempauta.com\/portal\/mec-abre-inscricoes-para-sisu-2026-veja-como-fazer\/\"},\"wordCount\":378,\"publisher\":{\"@id\":\"https:\/\/noticiaempauta.com\/portal\/#organization\"},\"image\":{\"@id\":\"https:\/\/noticiaempauta.com\/portal\/mec-abre-inscricoes-para-sisu-2026-veja-como-fazer\/#primaryimage\"},\"thumbnailUrl\":\"https:\/\/noticiaempauta.com\/portal\/wp-content\/uploads\/2026\/01\/photo_5068877135698660173_x.webp\",\"keywords\":[\"destaqueprincipal\"],\"articleSection\":[\"Destaques\",\"Geral\",\"Todas as Not\u00edcias\"],\"inLanguage\":\"pt-BR\"},{\"@type\":\"WebPage\",\"@id\":\"https:\/\/noticiaempauta.com\/portal\/mec-abre-inscricoes-para-sisu-2026-veja-como-fazer\/\",\"url\":\"https:\/\/noticiaempauta.com\/portal\/mec-abre-inscricoes-para-sisu-2026-veja-como-fazer\/\",\"name\":\"MEC abre inscri\u00e7\u00f5es para Sisu 2026; veja como fazer - Portal Not\u00edcia em Pauta\",\"isPartOf\":{\"@id\":\"https:\/\/noticiaempauta.com\/portal\/#website\"},\"primaryImageOfPage\":{\"@id\":\"https:\/\/noticiaempauta.com\/portal\/mec-abre-inscricoes-para-sisu-2026-veja-como-fazer\/#primaryimage\"},\"image\":{\"@id\":\"https:\/\/noticiaempauta.com\/portal\/mec-abre-inscricoes-para-sisu-2026-veja-como-fazer\/#primaryimage\"},\"thumbnailUrl\":\"https:\/\/noticiaempauta.com\/portal\/wp-content\/uploads\/2026\/01\/photo_5068877135698660173_x.webp\",\"datePublished\":\"2026-01-19T11:59:01+00:00\",\"dateModified\":\"2026-01-19T11:59:02+00:00\",\"breadcrumb\":{\"@id\":\"https:\/\/noticiaempauta.com\/portal\/mec-abre-inscricoes-para-sisu-2026-veja-como-fazer\/#breadcrumb\"},\"inLanguage\":\"pt-BR\",\"potentialAction\":[{\"@type\":\"ReadAction\",\"target\":[\"https:\/\/noticiaempauta.com\/portal\/mec-abre-inscricoes-para-sisu-2026-veja-como-fazer\/\"]}]},{\"@type\":\"ImageObject\",\"inLanguage\":\"pt-BR\",\"@id\":\"https:\/\/noticiaempauta.com\/portal\/mec-abre-inscricoes-para-sisu-2026-veja-como-fazer\/#primaryimage\",\"url\":\"https:\/\/noticiaempauta.com\/portal\/wp-content\/uploads\/2026\/01\/photo_5068877135698660173_x.webp\",\"contentUrl\":\"https:\/\/noticiaempauta.com\/portal\/wp-content\/uploads\/2026\/01\/photo_5068877135698660173_x.webp\",\"width\":790,\"height\":665},{\"@type\":\"BreadcrumbList\",\"@id\":\"https:\/\/noticiaempauta.com\/portal\/mec-abre-inscricoes-para-sisu-2026-veja-como-fazer\/#breadcrumb\",\"itemListElement\":[{\"@type\":\"ListItem\",\"position\":1,\"name\":\"P\u00e1gina Inicial\",\"item\":\"https:\/\/noticiaempauta.com\/portal\/\"},{\"@type\":\"ListItem\",\"position\":2,\"name\":\"Destaques\",\"item\":\"https:\/\/noticiaempauta.com\/portal\/destaques-site\/\"},{\"@type\":\"ListItem\",\"position\":3,\"name\":\"MEC abre inscri\u00e7\u00f5es para Sisu 2026; veja como fazer\"}]},{\"@type\":\"WebSite\",\"@id\":\"https:\/\/noticiaempauta.com\/portal\/#website\",\"url\":\"https:\/\/noticiaempauta.com\/portal\/\",\"name\":\"Portal Not\u00edcia em Pauta\",\"description\":\"Voc\u00ea bem informado\",\"publisher\":{\"@id\":\"https:\/\/noticiaempauta.com\/portal\/#organization\"},\"potentialAction\":[{\"@type\":\"SearchAction\",\"target\":{\"@type\":\"EntryPoint\",\"urlTemplate\":\"https:\/\/noticiaempauta.com\/portal\/?s={search_term_string}\"},\"query-input\":{\"@type\":\"PropertyValueSpecification\",\"valueRequired\":true,\"valueName\":\"search_term_string\"}}],\"inLanguage\":\"pt-BR\"},{\"@type\":\"Organization\",\"@id\":\"https:\/\/noticiaempauta.com\/portal\/#organization\",\"name\":\"Portal Not\u00edcia em Pauta\",\"url\":\"https:\/\/noticiaempauta.com\/portal\/\",\"logo\":{\"@type\":\"ImageObject\",\"inLanguage\":\"pt-BR\",\"@id\":\"https:\/\/noticiaempauta.com\/portal\/#\/schema\/logo\/image\/\",\"url\":\"https:\/\/noticiaempauta.com\/portal\/wp-content\/uploads\/2022\/08\/logomarca_tema.fw_.png\",\"contentUrl\":\"https:\/\/noticiaempauta.com\/portal\/wp-content\/uploads\/2022\/08\/logomarca_tema.fw_.png\",\"width\":400,\"height\":232,\"caption\":\"Portal Not\u00edcia em Pauta\"},\"image\":{\"@id\":\"https:\/\/noticiaempauta.com\/portal\/#\/schema\/logo\/image\/\"},\"sameAs\":[\"https:\/\/www.facebook.com\/Portal-Notcia-Em-Pauta-102292869264820\/\",\"https:\/\/www.instagram.com\/portalnoticiaempauta\/\"]},{\"@type\":\"Person\",\"@id\":\"https:\/\/noticiaempauta.com\/portal\/#\/schema\/person\/a74af43dd1ab3deca45f988c717d57ac\",\"name\":\"Reda\u00e7\u00e3o\",\"image\":{\"@type\":\"ImageObject\",\"inLanguage\":\"pt-BR\",\"@id\":\"https:\/\/noticiaempauta.com\/portal\/#\/schema\/person\/image\/\",\"url\":\"https:\/\/secure.gravatar.com\/avatar\/03179346ecce6cdfc13361603e8f54242a90e5cde8618fa23c5c00aa2b0aadf3?s=96&d=mm&r=g\",\"contentUrl\":\"https:\/\/secure.gravatar.com\/avatar\/03179346ecce6cdfc13361603e8f54242a90e5cde8618fa23c5c00aa2b0aadf3?s=96&d=mm&r=g\",\"caption\":\"Reda\u00e7\u00e3o\"},\"sameAs\":[\"https:\/\/noticiaempauta.com\/portal\/\"],\"url\":\"https:\/\/noticiaempauta.com\/portal\/author\/fernando\/\"}]}<\/script>\n<!-- \/ Yoast SEO Premium plugin. -->","yoast_head_json":{"title":"MEC abre inscri\u00e7\u00f5es para Sisu 2026; veja como fazer - Portal Not\u00edcia em Pauta","robots":{"index":"index","follow":"follow","max-snippet":"max-snippet:-1","max-image-preview":"max-image-preview:large","max-video-preview":"max-video-preview:-1"},"canonical":"https:\/\/noticiaempauta.com\/portal\/mec-abre-inscricoes-para-sisu-2026-veja-como-fazer\/","og_locale":"pt_BR","og_type":"article","og_title":"MEC abre inscri\u00e7\u00f5es para Sisu 2026; veja como fazer","og_description":"O Minist\u00e9rio da Educa\u00e7\u00e3o (MEC) abriu, nesta segunda-feira (19), as inscri\u00e7\u00f5es para o processo seletivo do Sistema de Sele\u00e7\u00e3o Unificada (Sisu) 2025. Segundo a pasta, a nova edi\u00e7\u00e3o do programa contar\u00e1 com a oferta de 274 mil vagas para 7,3 mil cursos dispon\u00edveis em 136 institui\u00e7\u00f5es de educa\u00e7\u00e3o superior de todo o pa\u00eds. As inscri\u00e7\u00f5es [&hellip;]","og_url":"https:\/\/noticiaempauta.com\/portal\/mec-abre-inscricoes-para-sisu-2026-veja-como-fazer\/","og_site_name":"Portal Not\u00edcia em Pauta","article_publisher":"https:\/\/www.facebook.com\/Portal-Notcia-Em-Pauta-102292869264820\/","article_published_time":"2026-01-19T11:59:01+00:00","article_modified_time":"2026-01-19T11:59:02+00:00","og_image":[{"width":790,"height":665,"url":"https:\/\/noticiaempauta.com\/portal\/wp-content\/uploads\/2026\/01\/photo_5068877135698660173_x.webp","type":"image\/webp"}],"author":"Reda\u00e7\u00e3o","twitter_card":"summary_large_image","twitter_misc":{"Escrito por":"Reda\u00e7\u00e3o","Est. tempo de leitura":"3 minutos"},"schema":{"@context":"https:\/\/schema.org","@graph":[{"@type":"Article","@id":"https:\/\/noticiaempauta.com\/portal\/mec-abre-inscricoes-para-sisu-2026-veja-como-fazer\/#article","isPartOf":{"@id":"https:\/\/noticiaempauta.com\/portal\/mec-abre-inscricoes-para-sisu-2026-veja-como-fazer\/"},"author":{"name":"Reda\u00e7\u00e3o","@id":"https:\/\/noticiaempauta.com\/portal\/#\/schema\/person\/a74af43dd1ab3deca45f988c717d57ac"},"headline":"MEC abre inscri\u00e7\u00f5es para Sisu 2026; veja como fazer","datePublished":"2026-01-19T11:59:01+00:00","dateModified":"2026-01-19T11:59:02+00:00","mainEntityOfPage":{"@id":"https:\/\/noticiaempauta.com\/portal\/mec-abre-inscricoes-para-sisu-2026-veja-como-fazer\/"},"wordCount":378,"publisher":{"@id":"https:\/\/noticiaempauta.com\/portal\/#organization"},"image":{"@id":"https:\/\/noticiaempauta.com\/portal\/mec-abre-inscricoes-para-sisu-2026-veja-como-fazer\/#primaryimage"},"thumbnailUrl":"https:\/\/noticiaempauta.com\/portal\/wp-content\/uploads\/2026\/01\/photo_5068877135698660173_x.webp","keywords":["destaqueprincipal"],"articleSection":["Destaques","Geral","Todas as Not\u00edcias"],"inLanguage":"pt-BR"},{"@type":"WebPage","@id":"https:\/\/noticiaempauta.com\/portal\/mec-abre-inscricoes-para-sisu-2026-veja-como-fazer\/","url":"https:\/\/noticiaempauta.com\/portal\/mec-abre-inscricoes-para-sisu-2026-veja-como-fazer\/","name":"MEC abre inscri\u00e7\u00f5es para Sisu 2026; veja como fazer - Portal Not\u00edcia em Pauta","isPartOf":{"@id":"https:\/\/noticiaempauta.com\/portal\/#website"},"primaryImageOfPage":{"@id":"https:\/\/noticiaempauta.com\/portal\/mec-abre-inscricoes-para-sisu-2026-veja-como-fazer\/#primaryimage"},"image":{"@id":"https:\/\/noticiaempauta.com\/portal\/mec-abre-inscricoes-para-sisu-2026-veja-como-fazer\/#primaryimage"},"thumbnailUrl":"https:\/\/noticiaempauta.com\/portal\/wp-content\/uploads\/2026\/01\/photo_5068877135698660173_x.webp","datePublished":"2026-01-19T11:59:01+00:00","dateModified":"2026-01-19T11:59:02+00:00","breadcrumb":{"@id":"https:\/\/noticiaempauta.com\/portal\/mec-abre-inscricoes-para-sisu-2026-veja-como-fazer\/#breadcrumb"},"inLanguage":"pt-BR","potentialAction":[{"@type":"ReadAction","target":["https:\/\/noticiaempauta.com\/portal\/mec-abre-inscricoes-para-sisu-2026-veja-como-fazer\/"]}]},{"@type":"ImageObject","inLanguage":"pt-BR","@id":"https:\/\/noticiaempauta.com\/portal\/mec-abre-inscricoes-para-sisu-2026-veja-como-fazer\/#primaryimage","url":"https:\/\/noticiaempauta.com\/portal\/wp-content\/uploads\/2026\/01\/photo_5068877135698660173_x.webp","contentUrl":"https:\/\/noticiaempauta.com\/portal\/wp-content\/uploads\/2026\/01\/photo_5068877135698660173_x.webp","width":790,"height":665},{"@type":"BreadcrumbList","@id":"https:\/\/noticiaempauta.com\/portal\/mec-abre-inscricoes-para-sisu-2026-veja-como-fazer\/#breadcrumb","itemListElement":[{"@type":"ListItem","position":1,"name":"P\u00e1gina Inicial","item":"https:\/\/noticiaempauta.com\/portal\/"},{"@type":"ListItem","position":2,"name":"Destaques","item":"https:\/\/noticiaempauta.com\/portal\/destaques-site\/"},{"@type":"ListItem","position":3,"name":"MEC abre inscri\u00e7\u00f5es para Sisu 2026; veja como fazer"}]},{"@type":"WebSite","@id":"https:\/\/noticiaempauta.com\/portal\/#website","url":"https:\/\/noticiaempauta.com\/portal\/","name":"Portal Not\u00edcia em Pauta","description":"Voc\u00ea bem informado","publisher":{"@id":"https:\/\/noticiaempauta.com\/portal\/#organization"},"potentialAction":[{"@type":"SearchAction","target":{"@type":"EntryPoint","urlTemplate":"https:\/\/noticiaempauta.com\/portal\/?s={search_term_string}"},"query-input":{"@type":"PropertyValueSpecification","valueRequired":true,"valueName":"search_term_string"}}],"inLanguage":"pt-BR"},{"@type":"Organization","@id":"https:\/\/noticiaempauta.com\/portal\/#organization","name":"Portal Not\u00edcia em Pauta","url":"https:\/\/noticiaempauta.com\/portal\/","logo":{"@type":"ImageObject","inLanguage":"pt-BR","@id":"https:\/\/noticiaempauta.com\/portal\/#\/schema\/logo\/image\/","url":"https:\/\/noticiaempauta.com\/portal\/wp-content\/uploads\/2022\/08\/logomarca_tema.fw_.png","contentUrl":"https:\/\/noticiaempauta.com\/portal\/wp-content\/uploads\/2022\/08\/logomarca_tema.fw_.png","width":400,"height":232,"caption":"Portal Not\u00edcia em Pauta"},"image":{"@id":"https:\/\/noticiaempauta.com\/portal\/#\/schema\/logo\/image\/"},"sameAs":["https:\/\/www.facebook.com\/Portal-Notcia-Em-Pauta-102292869264820\/","https:\/\/www.instagram.com\/portalnoticiaempauta\/"]},{"@type":"Person","@id":"https:\/\/noticiaempauta.com\/portal\/#\/schema\/person\/a74af43dd1ab3deca45f988c717d57ac","name":"Reda\u00e7\u00e3o","image":{"@type":"ImageObject","inLanguage":"pt-BR","@id":"https:\/\/noticiaempauta.com\/portal\/#\/schema\/person\/image\/","url":"https:\/\/secure.gravatar.com\/avatar\/03179346ecce6cdfc13361603e8f54242a90e5cde8618fa23c5c00aa2b0aadf3?s=96&d=mm&r=g","contentUrl":"https:\/\/secure.gravatar.com\/avatar\/03179346ecce6cdfc13361603e8f54242a90e5cde8618fa23c5c00aa2b0aadf3?s=96&d=mm&r=g","caption":"Reda\u00e7\u00e3o"},"sameAs":["https:\/\/noticiaempauta.com\/portal\/"],"url":"https:\/\/noticiaempauta.com\/portal\/author\/fernando\/"}]}},"_links":{"self":[{"href":"https:\/\/noticiaempauta.com\/portal\/wp-json\/wp\/v2\/posts\/284063","targetHints":{"allow":["GET"]}}],"collection":[{"href":"https:\/\/noticiaempauta.com\/portal\/wp-json\/wp\/v2\/posts"}],"about":[{"href":"https:\/\/noticiaempauta.com\/portal\/wp-json\/wp\/v2\/types\/post"}],"author":[{"embeddable":true,"href":"https:\/\/noticiaempauta.com\/portal\/wp-json\/wp\/v2\/users\/2"}],"replies":[{"embeddable":true,"href":"https:\/\/noticiaempauta.com\/portal\/wp-json\/wp\/v2\/comments?post=284063"}],"version-history":[{"count":2,"href":"https:\/\/noticiaempauta.com\/portal\/wp-json\/wp\/v2\/posts\/284063\/revisions"}],"predecessor-version":[{"id":284066,"href":"https:\/\/noticiaempauta.com\/portal\/wp-json\/wp\/v2\/posts\/284063\/revisions\/284066"}],"wp:featuredmedia":[{"embeddable":true,"href":"https:\/\/noticiaempauta.com\/portal\/wp-json\/wp\/v2\/media\/284064"}],"wp:attachment":[{"href":"https:\/\/noticiaempauta.com\/portal\/wp-json\/wp\/v2\/media?parent=284063"}],"wp:term":[{"taxonomy":"category","embeddable":true,"href":"https:\/\/noticiaempauta.com\/portal\/wp-json\/wp\/v2\/categories?post=284063"},{"taxonomy":"post_tag","embeddable":true,"href":"https:\/\/noticiaempauta.com\/portal\/wp-json\/wp\/v2\/tags?post=284063"}],"curies":[{"name":"wp","href":"https:\/\/api.w.org\/{rel}","templated":true}]}}