{"id":284067,"date":"2026-01-19T09:09:08","date_gmt":"2026-01-19T12:09:08","guid":{"rendered":"https:\/\/noticiaempauta.com\/portal\/?p=284067"},"modified":"2026-01-19T09:09:09","modified_gmt":"2026-01-19T12:09:09","slug":"homem-e-preso-com-18-tabletes-de-maconha-em-onibus-interestadual-durante-abordagem-policial-em-vera-mendes","status":"publish","type":"post","link":"https:\/\/noticiaempauta.com\/portal\/homem-e-preso-com-18-tabletes-de-maconha-em-onibus-interestadual-durante-abordagem-policial-em-vera-mendes\/","title":{"rendered":"Homem \u00e9 preso com 18 tabletes de maconha em \u00f4nibus interestadual durante abordagem policial em Vera Mendes"},"content":{"rendered":"\n<p>Um homem de 29 anos foi preso em flagrante na noite deste domingo (18) ap\u00f3s ser flagrado transportando 18 tabletes de uma subst\u00e2ncia an\u00e1loga \u00e0 maconha em um \u00f4nibus interestadual, no munic\u00edpio de Vera Mendes, no Sul do Piau\u00ed.<\/p>\n\n\n\n<figure class=\"wp-block-image size-full\"><img fetchpriority=\"high\" decoding=\"async\" width=\"488\" height=\"650\" src=\"https:\/\/noticiaempauta.com\/portal\/wp-content\/uploads\/2026\/01\/droga-onibus-veramendesprisao.webp\" alt=\"\" class=\"wp-image-284068\" srcset=\"https:\/\/noticiaempauta.com\/portal\/wp-content\/uploads\/2026\/01\/droga-onibus-veramendesprisao.webp 488w, https:\/\/noticiaempauta.com\/portal\/wp-content\/uploads\/2026\/01\/droga-onibus-veramendesprisao-225x300.webp 225w\" sizes=\"(max-width: 488px) 100vw, 488px\" \/><\/figure>\n\n\n\n<p>A apreens\u00e3o ocorreu por volta das 19h30, ap\u00f3s o compartilhamento de informa\u00e7\u00f5es entre o N\u00facleo de Intelig\u00eancia do Batalh\u00e3o Especial de Policiamento do Interior (BEPI) e a Delegacia de Combate \u00e0s Fac\u00e7\u00f5es Criminosas, Homic\u00eddios e Tr\u00e1fico de Drogas (DFHT) de Picos. Com base nos dados levantados, as equipes passaram a monitorar um \u00f4nibus que havia sa\u00eddo do estado de S\u00e3o Paulo com destino ao Cear\u00e1, apontado como suspeito de transportar entorpecentes.<\/p>\n\n\n\n<figure class=\"wp-block-image size-full\"><img decoding=\"async\" width=\"790\" height=\"593\" src=\"https:\/\/noticiaempauta.com\/portal\/wp-content\/uploads\/2026\/01\/droga-onibus-veramendes.webp\" alt=\"\" class=\"wp-image-284069\" srcset=\"https:\/\/noticiaempauta.com\/portal\/wp-content\/uploads\/2026\/01\/droga-onibus-veramendes.webp 790w, https:\/\/noticiaempauta.com\/portal\/wp-content\/uploads\/2026\/01\/droga-onibus-veramendes-300x225.webp 300w, https:\/\/noticiaempauta.com\/portal\/wp-content\/uploads\/2026\/01\/droga-onibus-veramendes-768x576.webp 768w\" sizes=\"(max-width: 790px) 100vw, 790px\" \/><\/figure>\n\n\n\n<p>Durante a abordagem, os policiais encontraram os tabletes de maconha dentro de uma mochila pertencente a um dos passageiros. Um aparelho celular tamb\u00e9m foi apreendido.<\/p>\n\n\n\n<p>O suspeito, natural do munic\u00edpio de Boa Viagem, no Cear\u00e1, foi detido sob suspeita de tr\u00e1fico de drogas e encaminhado, juntamente com o material apreendido, para a Central de Flagrantes de Picos, onde foram adotados os procedimentos legais.<\/p>\n\n\n\n<p>A a\u00e7\u00e3o contou com a atua\u00e7\u00e3o conjunta da Pol\u00edcia Militar do Piau\u00ed, por meio do BEPI, e da Pol\u00edcia Civil.<\/p>\n\n\n\n<p><strong><em>Fonte: Cidade Verde<\/em><\/strong><\/p>\n","protected":false},"excerpt":{"rendered":"<p>Um homem de 29 anos foi preso em flagrante na noite deste domingo (18) ap\u00f3s ser flagrado transportando 18 tabletes de uma subst\u00e2ncia an\u00e1loga \u00e0 maconha em um \u00f4nibus interestadual, no munic\u00edpio de Vera Mendes, no Sul do Piau\u00ed. A apreens\u00e3o ocorreu por volta das 19h30, ap\u00f3s o compartilhamento de informa\u00e7\u00f5es entre o N\u00facleo de [&hellip;]<\/p>\n","protected":false},"author":2,"featured_media":284069,"comment_status":"closed","ping_status":"closed","sticky":false,"template":"","format":"standard","meta":{"_mi_skip_tracking":false,"footnotes":""},"categories":[25,1,9,137,16],"tags":[],"class_list":["post-284067","post","type-post","status-publish","format-standard","has-post-thumbnail","hentry","category-destaques-site","category-geral","category-municipios","category-policia","category-todas"],"acf":[],"yoast_head":"<!-- This site is optimized with the Yoast SEO Premium plugin v19.2 (Yoast SEO v26.9) - https:\/\/yoast.com\/product\/yoast-seo-premium-wordpress\/ -->\n<title>Homem \u00e9 preso com 18 tabletes de maconha em \u00f4nibus interestadual durante abordagem policial em Vera Mendes - Portal Not\u00edcia em Pauta<\/title>\n<meta name=\"robots\" content=\"index, follow, max-snippet:-1, max-image-preview:large, max-video-preview:-1\" \/>\n<link rel=\"canonical\" href=\"https:\/\/noticiaempauta.com\/portal\/homem-e-preso-com-18-tabletes-de-maconha-em-onibus-interestadual-durante-abordagem-policial-em-vera-mendes\/\" \/>\n<meta property=\"og:locale\" content=\"pt_BR\" \/>\n<meta property=\"og:type\" content=\"article\" \/>\n<meta property=\"og:title\" content=\"Homem \u00e9 preso com 18 tabletes de maconha em \u00f4nibus interestadual durante abordagem policial em Vera Mendes\" \/>\n<meta property=\"og:description\" content=\"Um homem de 29 anos foi preso em flagrante na noite deste domingo (18) ap\u00f3s ser flagrado transportando 18 tabletes de uma subst\u00e2ncia an\u00e1loga \u00e0 maconha em um \u00f4nibus interestadual, no munic\u00edpio de Vera Mendes, no Sul do Piau\u00ed. A apreens\u00e3o ocorreu por volta das 19h30, ap\u00f3s o compartilhamento de informa\u00e7\u00f5es entre o N\u00facleo de [&hellip;]\" \/>\n<meta property=\"og:url\" content=\"https:\/\/noticiaempauta.com\/portal\/homem-e-preso-com-18-tabletes-de-maconha-em-onibus-interestadual-durante-abordagem-policial-em-vera-mendes\/\" \/>\n<meta property=\"og:site_name\" content=\"Portal Not\u00edcia em Pauta\" \/>\n<meta property=\"article:publisher\" content=\"https:\/\/www.facebook.com\/Portal-Notcia-Em-Pauta-102292869264820\/\" \/>\n<meta property=\"article:published_time\" content=\"2026-01-19T12:09:08+00:00\" \/>\n<meta property=\"article:modified_time\" content=\"2026-01-19T12:09:09+00:00\" \/>\n<meta property=\"og:image\" content=\"https:\/\/noticiaempauta.com\/portal\/wp-content\/uploads\/2026\/01\/droga-onibus-veramendes.webp\" \/>\n\t<meta property=\"og:image:width\" content=\"790\" \/>\n\t<meta property=\"og:image:height\" content=\"593\" \/>\n\t<meta property=\"og:image:type\" content=\"image\/webp\" \/>\n<meta name=\"author\" content=\"Reda\u00e7\u00e3o\" \/>\n<meta name=\"twitter:card\" content=\"summary_large_image\" \/>\n<meta name=\"twitter:label1\" content=\"Escrito por\" \/>\n\t<meta name=\"twitter:data1\" content=\"Reda\u00e7\u00e3o\" \/>\n\t<meta name=\"twitter:label2\" content=\"Est. tempo de leitura\" \/>\n\t<meta name=\"twitter:data2\" content=\"2 minutos\" \/>\n<script type=\"application\/ld+json\" class=\"yoast-schema-graph\">{\"@context\":\"https:\/\/schema.org\",\"@graph\":[{\"@type\":\"Article\",\"@id\":\"https:\/\/noticiaempauta.com\/portal\/homem-e-preso-com-18-tabletes-de-maconha-em-onibus-interestadual-durante-abordagem-policial-em-vera-mendes\/#article\",\"isPartOf\":{\"@id\":\"https:\/\/noticiaempauta.com\/portal\/homem-e-preso-com-18-tabletes-de-maconha-em-onibus-interestadual-durante-abordagem-policial-em-vera-mendes\/\"},\"author\":{\"name\":\"Reda\u00e7\u00e3o\",\"@id\":\"https:\/\/noticiaempauta.com\/portal\/#\/schema\/person\/a74af43dd1ab3deca45f988c717d57ac\"},\"headline\":\"Homem \u00e9 preso com 18 tabletes de maconha em \u00f4nibus interestadual durante abordagem policial em Vera Mendes\",\"datePublished\":\"2026-01-19T12:09:08+00:00\",\"dateModified\":\"2026-01-19T12:09:09+00:00\",\"mainEntityOfPage\":{\"@id\":\"https:\/\/noticiaempauta.com\/portal\/homem-e-preso-com-18-tabletes-de-maconha-em-onibus-interestadual-durante-abordagem-policial-em-vera-mendes\/\"},\"wordCount\":229,\"publisher\":{\"@id\":\"https:\/\/noticiaempauta.com\/portal\/#organization\"},\"image\":{\"@id\":\"https:\/\/noticiaempauta.com\/portal\/homem-e-preso-com-18-tabletes-de-maconha-em-onibus-interestadual-durante-abordagem-policial-em-vera-mendes\/#primaryimage\"},\"thumbnailUrl\":\"https:\/\/noticiaempauta.com\/portal\/wp-content\/uploads\/2026\/01\/droga-onibus-veramendes.webp\",\"articleSection\":[\"Destaques\",\"Geral\",\"Munic\u00edpios\",\"Pol\u00edcia\",\"Todas as Not\u00edcias\"],\"inLanguage\":\"pt-BR\"},{\"@type\":\"WebPage\",\"@id\":\"https:\/\/noticiaempauta.com\/portal\/homem-e-preso-com-18-tabletes-de-maconha-em-onibus-interestadual-durante-abordagem-policial-em-vera-mendes\/\",\"url\":\"https:\/\/noticiaempauta.com\/portal\/homem-e-preso-com-18-tabletes-de-maconha-em-onibus-interestadual-durante-abordagem-policial-em-vera-mendes\/\",\"name\":\"Homem \u00e9 preso com 18 tabletes de maconha em \u00f4nibus interestadual durante abordagem policial em Vera Mendes - Portal Not\u00edcia em Pauta\",\"isPartOf\":{\"@id\":\"https:\/\/noticiaempauta.com\/portal\/#website\"},\"primaryImageOfPage\":{\"@id\":\"https:\/\/noticiaempauta.com\/portal\/homem-e-preso-com-18-tabletes-de-maconha-em-onibus-interestadual-durante-abordagem-policial-em-vera-mendes\/#primaryimage\"},\"image\":{\"@id\":\"https:\/\/noticiaempauta.com\/portal\/homem-e-preso-com-18-tabletes-de-maconha-em-onibus-interestadual-durante-abordagem-policial-em-vera-mendes\/#primaryimage\"},\"thumbnailUrl\":\"https:\/\/noticiaempauta.com\/portal\/wp-content\/uploads\/2026\/01\/droga-onibus-veramendes.webp\",\"datePublished\":\"2026-01-19T12:09:08+00:00\",\"dateModified\":\"2026-01-19T12:09:09+00:00\",\"breadcrumb\":{\"@id\":\"https:\/\/noticiaempauta.com\/portal\/homem-e-preso-com-18-tabletes-de-maconha-em-onibus-interestadual-durante-abordagem-policial-em-vera-mendes\/#breadcrumb\"},\"inLanguage\":\"pt-BR\",\"potentialAction\":[{\"@type\":\"ReadAction\",\"target\":[\"https:\/\/noticiaempauta.com\/portal\/homem-e-preso-com-18-tabletes-de-maconha-em-onibus-interestadual-durante-abordagem-policial-em-vera-mendes\/\"]}]},{\"@type\":\"ImageObject\",\"inLanguage\":\"pt-BR\",\"@id\":\"https:\/\/noticiaempauta.com\/portal\/homem-e-preso-com-18-tabletes-de-maconha-em-onibus-interestadual-durante-abordagem-policial-em-vera-mendes\/#primaryimage\",\"url\":\"https:\/\/noticiaempauta.com\/portal\/wp-content\/uploads\/2026\/01\/droga-onibus-veramendes.webp\",\"contentUrl\":\"https:\/\/noticiaempauta.com\/portal\/wp-content\/uploads\/2026\/01\/droga-onibus-veramendes.webp\",\"width\":790,\"height\":593},{\"@type\":\"BreadcrumbList\",\"@id\":\"https:\/\/noticiaempauta.com\/portal\/homem-e-preso-com-18-tabletes-de-maconha-em-onibus-interestadual-durante-abordagem-policial-em-vera-mendes\/#breadcrumb\",\"itemListElement\":[{\"@type\":\"ListItem\",\"position\":1,\"name\":\"P\u00e1gina Inicial\",\"item\":\"https:\/\/noticiaempauta.com\/portal\/\"},{\"@type\":\"ListItem\",\"position\":2,\"name\":\"Destaques\",\"item\":\"https:\/\/noticiaempauta.com\/portal\/destaques-site\/\"},{\"@type\":\"ListItem\",\"position\":3,\"name\":\"Homem \u00e9 preso com 18 tabletes de maconha em \u00f4nibus interestadual durante abordagem policial em Vera Mendes\"}]},{\"@type\":\"WebSite\",\"@id\":\"https:\/\/noticiaempauta.com\/portal\/#website\",\"url\":\"https:\/\/noticiaempauta.com\/portal\/\",\"name\":\"Portal Not\u00edcia em Pauta\",\"description\":\"Voc\u00ea bem informado\",\"publisher\":{\"@id\":\"https:\/\/noticiaempauta.com\/portal\/#organization\"},\"potentialAction\":[{\"@type\":\"SearchAction\",\"target\":{\"@type\":\"EntryPoint\",\"urlTemplate\":\"https:\/\/noticiaempauta.com\/portal\/?s={search_term_string}\"},\"query-input\":{\"@type\":\"PropertyValueSpecification\",\"valueRequired\":true,\"valueName\":\"search_term_string\"}}],\"inLanguage\":\"pt-BR\"},{\"@type\":\"Organization\",\"@id\":\"https:\/\/noticiaempauta.com\/portal\/#organization\",\"name\":\"Portal Not\u00edcia em Pauta\",\"url\":\"https:\/\/noticiaempauta.com\/portal\/\",\"logo\":{\"@type\":\"ImageObject\",\"inLanguage\":\"pt-BR\",\"@id\":\"https:\/\/noticiaempauta.com\/portal\/#\/schema\/logo\/image\/\",\"url\":\"https:\/\/noticiaempauta.com\/portal\/wp-content\/uploads\/2022\/08\/logomarca_tema.fw_.png\",\"contentUrl\":\"https:\/\/noticiaempauta.com\/portal\/wp-content\/uploads\/2022\/08\/logomarca_tema.fw_.png\",\"width\":400,\"height\":232,\"caption\":\"Portal Not\u00edcia em Pauta\"},\"image\":{\"@id\":\"https:\/\/noticiaempauta.com\/portal\/#\/schema\/logo\/image\/\"},\"sameAs\":[\"https:\/\/www.facebook.com\/Portal-Notcia-Em-Pauta-102292869264820\/\",\"https:\/\/www.instagram.com\/portalnoticiaempauta\/\"]},{\"@type\":\"Person\",\"@id\":\"https:\/\/noticiaempauta.com\/portal\/#\/schema\/person\/a74af43dd1ab3deca45f988c717d57ac\",\"name\":\"Reda\u00e7\u00e3o\",\"image\":{\"@type\":\"ImageObject\",\"inLanguage\":\"pt-BR\",\"@id\":\"https:\/\/noticiaempauta.com\/portal\/#\/schema\/person\/image\/\",\"url\":\"https:\/\/secure.gravatar.com\/avatar\/03179346ecce6cdfc13361603e8f54242a90e5cde8618fa23c5c00aa2b0aadf3?s=96&d=mm&r=g\",\"contentUrl\":\"https:\/\/secure.gravatar.com\/avatar\/03179346ecce6cdfc13361603e8f54242a90e5cde8618fa23c5c00aa2b0aadf3?s=96&d=mm&r=g\",\"caption\":\"Reda\u00e7\u00e3o\"},\"sameAs\":[\"https:\/\/noticiaempauta.com\/portal\/\"],\"url\":\"https:\/\/noticiaempauta.com\/portal\/author\/fernando\/\"}]}<\/script>\n<!-- \/ Yoast SEO Premium plugin. -->","yoast_head_json":{"title":"Homem \u00e9 preso com 18 tabletes de maconha em \u00f4nibus interestadual durante abordagem policial em Vera Mendes - Portal Not\u00edcia em Pauta","robots":{"index":"index","follow":"follow","max-snippet":"max-snippet:-1","max-image-preview":"max-image-preview:large","max-video-preview":"max-video-preview:-1"},"canonical":"https:\/\/noticiaempauta.com\/portal\/homem-e-preso-com-18-tabletes-de-maconha-em-onibus-interestadual-durante-abordagem-policial-em-vera-mendes\/","og_locale":"pt_BR","og_type":"article","og_title":"Homem \u00e9 preso com 18 tabletes de maconha em \u00f4nibus interestadual durante abordagem policial em Vera Mendes","og_description":"Um homem de 29 anos foi preso em flagrante na noite deste domingo (18) ap\u00f3s ser flagrado transportando 18 tabletes de uma subst\u00e2ncia an\u00e1loga \u00e0 maconha em um \u00f4nibus interestadual, no munic\u00edpio de Vera Mendes, no Sul do Piau\u00ed. A apreens\u00e3o ocorreu por volta das 19h30, ap\u00f3s o compartilhamento de informa\u00e7\u00f5es entre o N\u00facleo de [&hellip;]","og_url":"https:\/\/noticiaempauta.com\/portal\/homem-e-preso-com-18-tabletes-de-maconha-em-onibus-interestadual-durante-abordagem-policial-em-vera-mendes\/","og_site_name":"Portal Not\u00edcia em Pauta","article_publisher":"https:\/\/www.facebook.com\/Portal-Notcia-Em-Pauta-102292869264820\/","article_published_time":"2026-01-19T12:09:08+00:00","article_modified_time":"2026-01-19T12:09:09+00:00","og_image":[{"width":790,"height":593,"url":"https:\/\/noticiaempauta.com\/portal\/wp-content\/uploads\/2026\/01\/droga-onibus-veramendes.webp","type":"image\/webp"}],"author":"Reda\u00e7\u00e3o","twitter_card":"summary_large_image","twitter_misc":{"Escrito por":"Reda\u00e7\u00e3o","Est. tempo de leitura":"2 minutos"},"schema":{"@context":"https:\/\/schema.org","@graph":[{"@type":"Article","@id":"https:\/\/noticiaempauta.com\/portal\/homem-e-preso-com-18-tabletes-de-maconha-em-onibus-interestadual-durante-abordagem-policial-em-vera-mendes\/#article","isPartOf":{"@id":"https:\/\/noticiaempauta.com\/portal\/homem-e-preso-com-18-tabletes-de-maconha-em-onibus-interestadual-durante-abordagem-policial-em-vera-mendes\/"},"author":{"name":"Reda\u00e7\u00e3o","@id":"https:\/\/noticiaempauta.com\/portal\/#\/schema\/person\/a74af43dd1ab3deca45f988c717d57ac"},"headline":"Homem \u00e9 preso com 18 tabletes de maconha em \u00f4nibus interestadual durante abordagem policial em Vera Mendes","datePublished":"2026-01-19T12:09:08+00:00","dateModified":"2026-01-19T12:09:09+00:00","mainEntityOfPage":{"@id":"https:\/\/noticiaempauta.com\/portal\/homem-e-preso-com-18-tabletes-de-maconha-em-onibus-interestadual-durante-abordagem-policial-em-vera-mendes\/"},"wordCount":229,"publisher":{"@id":"https:\/\/noticiaempauta.com\/portal\/#organization"},"image":{"@id":"https:\/\/noticiaempauta.com\/portal\/homem-e-preso-com-18-tabletes-de-maconha-em-onibus-interestadual-durante-abordagem-policial-em-vera-mendes\/#primaryimage"},"thumbnailUrl":"https:\/\/noticiaempauta.com\/portal\/wp-content\/uploads\/2026\/01\/droga-onibus-veramendes.webp","articleSection":["Destaques","Geral","Munic\u00edpios","Pol\u00edcia","Todas as Not\u00edcias"],"inLanguage":"pt-BR"},{"@type":"WebPage","@id":"https:\/\/noticiaempauta.com\/portal\/homem-e-preso-com-18-tabletes-de-maconha-em-onibus-interestadual-durante-abordagem-policial-em-vera-mendes\/","url":"https:\/\/noticiaempauta.com\/portal\/homem-e-preso-com-18-tabletes-de-maconha-em-onibus-interestadual-durante-abordagem-policial-em-vera-mendes\/","name":"Homem \u00e9 preso com 18 tabletes de maconha em \u00f4nibus interestadual durante abordagem policial em Vera Mendes - Portal Not\u00edcia em Pauta","isPartOf":{"@id":"https:\/\/noticiaempauta.com\/portal\/#website"},"primaryImageOfPage":{"@id":"https:\/\/noticiaempauta.com\/portal\/homem-e-preso-com-18-tabletes-de-maconha-em-onibus-interestadual-durante-abordagem-policial-em-vera-mendes\/#primaryimage"},"image":{"@id":"https:\/\/noticiaempauta.com\/portal\/homem-e-preso-com-18-tabletes-de-maconha-em-onibus-interestadual-durante-abordagem-policial-em-vera-mendes\/#primaryimage"},"thumbnailUrl":"https:\/\/noticiaempauta.com\/portal\/wp-content\/uploads\/2026\/01\/droga-onibus-veramendes.webp","datePublished":"2026-01-19T12:09:08+00:00","dateModified":"2026-01-19T12:09:09+00:00","breadcrumb":{"@id":"https:\/\/noticiaempauta.com\/portal\/homem-e-preso-com-18-tabletes-de-maconha-em-onibus-interestadual-durante-abordagem-policial-em-vera-mendes\/#breadcrumb"},"inLanguage":"pt-BR","potentialAction":[{"@type":"ReadAction","target":["https:\/\/noticiaempauta.com\/portal\/homem-e-preso-com-18-tabletes-de-maconha-em-onibus-interestadual-durante-abordagem-policial-em-vera-mendes\/"]}]},{"@type":"ImageObject","inLanguage":"pt-BR","@id":"https:\/\/noticiaempauta.com\/portal\/homem-e-preso-com-18-tabletes-de-maconha-em-onibus-interestadual-durante-abordagem-policial-em-vera-mendes\/#primaryimage","url":"https:\/\/noticiaempauta.com\/portal\/wp-content\/uploads\/2026\/01\/droga-onibus-veramendes.webp","contentUrl":"https:\/\/noticiaempauta.com\/portal\/wp-content\/uploads\/2026\/01\/droga-onibus-veramendes.webp","width":790,"height":593},{"@type":"BreadcrumbList","@id":"https:\/\/noticiaempauta.com\/portal\/homem-e-preso-com-18-tabletes-de-maconha-em-onibus-interestadual-durante-abordagem-policial-em-vera-mendes\/#breadcrumb","itemListElement":[{"@type":"ListItem","position":1,"name":"P\u00e1gina Inicial","item":"https:\/\/noticiaempauta.com\/portal\/"},{"@type":"ListItem","position":2,"name":"Destaques","item":"https:\/\/noticiaempauta.com\/portal\/destaques-site\/"},{"@type":"ListItem","position":3,"name":"Homem \u00e9 preso com 18 tabletes de maconha em \u00f4nibus interestadual durante abordagem policial em Vera Mendes"}]},{"@type":"WebSite","@id":"https:\/\/noticiaempauta.com\/portal\/#website","url":"https:\/\/noticiaempauta.com\/portal\/","name":"Portal Not\u00edcia em Pauta","description":"Voc\u00ea bem informado","publisher":{"@id":"https:\/\/noticiaempauta.com\/portal\/#organization"},"potentialAction":[{"@type":"SearchAction","target":{"@type":"EntryPoint","urlTemplate":"https:\/\/noticiaempauta.com\/portal\/?s={search_term_string}"},"query-input":{"@type":"PropertyValueSpecification","valueRequired":true,"valueName":"search_term_string"}}],"inLanguage":"pt-BR"},{"@type":"Organization","@id":"https:\/\/noticiaempauta.com\/portal\/#organization","name":"Portal Not\u00edcia em Pauta","url":"https:\/\/noticiaempauta.com\/portal\/","logo":{"@type":"ImageObject","inLanguage":"pt-BR","@id":"https:\/\/noticiaempauta.com\/portal\/#\/schema\/logo\/image\/","url":"https:\/\/noticiaempauta.com\/portal\/wp-content\/uploads\/2022\/08\/logomarca_tema.fw_.png","contentUrl":"https:\/\/noticiaempauta.com\/portal\/wp-content\/uploads\/2022\/08\/logomarca_tema.fw_.png","width":400,"height":232,"caption":"Portal Not\u00edcia em Pauta"},"image":{"@id":"https:\/\/noticiaempauta.com\/portal\/#\/schema\/logo\/image\/"},"sameAs":["https:\/\/www.facebook.com\/Portal-Notcia-Em-Pauta-102292869264820\/","https:\/\/www.instagram.com\/portalnoticiaempauta\/"]},{"@type":"Person","@id":"https:\/\/noticiaempauta.com\/portal\/#\/schema\/person\/a74af43dd1ab3deca45f988c717d57ac","name":"Reda\u00e7\u00e3o","image":{"@type":"ImageObject","inLanguage":"pt-BR","@id":"https:\/\/noticiaempauta.com\/portal\/#\/schema\/person\/image\/","url":"https:\/\/secure.gravatar.com\/avatar\/03179346ecce6cdfc13361603e8f54242a90e5cde8618fa23c5c00aa2b0aadf3?s=96&d=mm&r=g","contentUrl":"https:\/\/secure.gravatar.com\/avatar\/03179346ecce6cdfc13361603e8f54242a90e5cde8618fa23c5c00aa2b0aadf3?s=96&d=mm&r=g","caption":"Reda\u00e7\u00e3o"},"sameAs":["https:\/\/noticiaempauta.com\/portal\/"],"url":"https:\/\/noticiaempauta.com\/portal\/author\/fernando\/"}]}},"_links":{"self":[{"href":"https:\/\/noticiaempauta.com\/portal\/wp-json\/wp\/v2\/posts\/284067","targetHints":{"allow":["GET"]}}],"collection":[{"href":"https:\/\/noticiaempauta.com\/portal\/wp-json\/wp\/v2\/posts"}],"about":[{"href":"https:\/\/noticiaempauta.com\/portal\/wp-json\/wp\/v2\/types\/post"}],"author":[{"embeddable":true,"href":"https:\/\/noticiaempauta.com\/portal\/wp-json\/wp\/v2\/users\/2"}],"replies":[{"embeddable":true,"href":"https:\/\/noticiaempauta.com\/portal\/wp-json\/wp\/v2\/comments?post=284067"}],"version-history":[{"count":2,"href":"https:\/\/noticiaempauta.com\/portal\/wp-json\/wp\/v2\/posts\/284067\/revisions"}],"predecessor-version":[{"id":284071,"href":"https:\/\/noticiaempauta.com\/portal\/wp-json\/wp\/v2\/posts\/284067\/revisions\/284071"}],"wp:featuredmedia":[{"embeddable":true,"href":"https:\/\/noticiaempauta.com\/portal\/wp-json\/wp\/v2\/media\/284069"}],"wp:attachment":[{"href":"https:\/\/noticiaempauta.com\/portal\/wp-json\/wp\/v2\/media?parent=284067"}],"wp:term":[{"taxonomy":"category","embeddable":true,"href":"https:\/\/noticiaempauta.com\/portal\/wp-json\/wp\/v2\/categories?post=284067"},{"taxonomy":"post_tag","embeddable":true,"href":"https:\/\/noticiaempauta.com\/portal\/wp-json\/wp\/v2\/tags?post=284067"}],"curies":[{"name":"wp","href":"https:\/\/api.w.org\/{rel}","templated":true}]}}