{"id":284072,"date":"2026-01-19T09:19:14","date_gmt":"2026-01-19T12:19:14","guid":{"rendered":"https:\/\/noticiaempauta.com\/portal\/?p=284072"},"modified":"2026-01-19T09:19:15","modified_gmt":"2026-01-19T12:19:15","slug":"auxilio-doenca-por-burnout-dispara-no-brasil-apos-reconhecimento-da-sindrome-como-doenca-ocupacional","status":"publish","type":"post","link":"https:\/\/noticiaempauta.com\/portal\/auxilio-doenca-por-burnout-dispara-no-brasil-apos-reconhecimento-da-sindrome-como-doenca-ocupacional\/","title":{"rendered":"Aux\u00edlio-doen\u00e7a por burnout dispara no Brasil ap\u00f3s reconhecimento da s\u00edndrome como doen\u00e7a ocupacional"},"content":{"rendered":"\n<p>A\u00a0concess\u00e3o de aux\u00edlio-doen\u00e7a por transtornos associados ao esgotamento profissional registrou crescimento acelerado no Brasil\u00a0nos \u00faltimos anos. Dados do Minist\u00e9rio da Previd\u00eancia Social mostram que os benef\u00edcios classificados como problemas relacionados \u00e0 organiza\u00e7\u00e3o do trabalho passaram de 823, em 2021, para 4.880 em 2024. Somente no primeiro semestre de 2025, o n\u00famero j\u00e1 alcan\u00e7a 3.494 concess\u00f5es, indicando uma tend\u00eancia de alta cont\u00ednua.<\/p>\n\n\n\n<figure class=\"wp-block-image size-full\"><img fetchpriority=\"high\" decoding=\"async\" width=\"831\" height=\"600\" src=\"https:\/\/noticiaempauta.com\/portal\/wp-content\/uploads\/2026\/01\/Avanco_acompanha_alteracoes_normativas_que_reposicionaram_a_saude_mental_no_centro_das_relacoes_de_trabalho_Freepik_8136cc116f.webp\" alt=\"\" class=\"wp-image-284073\" srcset=\"https:\/\/noticiaempauta.com\/portal\/wp-content\/uploads\/2026\/01\/Avanco_acompanha_alteracoes_normativas_que_reposicionaram_a_saude_mental_no_centro_das_relacoes_de_trabalho_Freepik_8136cc116f.webp 831w, https:\/\/noticiaempauta.com\/portal\/wp-content\/uploads\/2026\/01\/Avanco_acompanha_alteracoes_normativas_que_reposicionaram_a_saude_mental_no_centro_das_relacoes_de_trabalho_Freepik_8136cc116f-300x217.webp 300w, https:\/\/noticiaempauta.com\/portal\/wp-content\/uploads\/2026\/01\/Avanco_acompanha_alteracoes_normativas_que_reposicionaram_a_saude_mental_no_centro_das_relacoes_de_trabalho_Freepik_8136cc116f-768x555.webp 768w\" sizes=\"(max-width: 831px) 100vw, 831px\" \/><figcaption class=\"wp-element-caption\"><em>(Foto: Reprodu\u00e7\u00e3o)<\/em><\/figcaption><\/figure>\n\n\n\n<p>O avan\u00e7o acompanha altera\u00e7\u00f5es normativas que reposicionaram a sa\u00fade mental no centro das rela\u00e7\u00f5es de trabalho. Em 2024, o Minist\u00e9rio do Trabalho e Emprego incluiu a&nbsp;<strong>s\u00edndrome de burnout no rol de doen\u00e7as ocupacionais<\/strong>, movimento refor\u00e7ado pela atualiza\u00e7\u00e3o da Norma Regulamentadora n\u00ba 1 (NR-01). A norma passou a exigir que empresas identifiquem, avaliem e controlem riscos psicossociais, como press\u00e3o excessiva por desempenho, jornadas prolongadas e ambientes organizacionais disfuncionais.<\/p>\n\n\n\n<p>Para a advogada trabalhista Ana Gabriela Burlamaqui, o novo enquadramento jur\u00eddico n\u00e3o elimina a an\u00e1lise t\u00e9cnica do INSS, mas reduz a margem de subjetividade na caracteriza\u00e7\u00e3o do adoecimento. &#8220;<strong>O reconhecimento do burnout como doen\u00e7a ocupacional n\u00e3o dispensa a per\u00edcia m\u00e9dica<\/strong>, mas facilita o enquadramento quando h\u00e1 comprova\u00e7\u00e3o do nexo causal ou concausal com o trabalho. Nessas hip\u00f3teses, o afastamento pode ser equiparado a acidente de trabalho, com repercuss\u00f5es diretas nos direitos do empregado&#8221;, explica.<\/p>\n\n\n\n<p>Na avalia\u00e7\u00e3o da advogada trabalhista Elisa Alonso, o crescimento dos afastamentos tamb\u00e9m reflete uma mudan\u00e7a no comportamento dos trabalhadores e na atua\u00e7\u00e3o das empresas. &#8220;A legisla\u00e7\u00e3o passou a tratar a sa\u00fade mental de forma objetiva, incorporando a gest\u00e3o dos riscos psicossociais como obriga\u00e7\u00e3o empresarial. Isso influencia tanto o aumento dos benef\u00edcios previdenci\u00e1rios quanto a judicializa\u00e7\u00e3o das rela\u00e7\u00f5es de trabalho&#8221;, afirma.<\/p>\n\n\n\n<p>O crescimento dos afastamentos por burnout n\u00e3o aponta apenas para mais diagn\u00f3sticos, mas para a formaliza\u00e7\u00e3o de um novo par\u00e2metro jur\u00eddico: o de que o adoecimento ps\u00edquico deixou de ser tratado como fragilidade individual e passou a integrar o c\u00e1lculo institucional do risco do trabalho. Essa mudan\u00e7a desloca o foco da rea\u00e7\u00e3o ao dano para a estrutura que o produz, com impactos duradouros sobre gest\u00e3o, fiscaliza\u00e7\u00e3o e responsabiliza\u00e7\u00e3o empresarial.<\/p>\n\n\n\n<figure class=\"wp-block-embed is-type-video is-provider-youtube wp-block-embed-youtube wp-embed-aspect-16-9 wp-has-aspect-ratio\"><div class=\"wp-block-embed__wrapper\">\n<iframe title=\"Nova norma regulamentadora refor\u00e7a sa\u00fade mental no trabalho | #SBTBrasil\" width=\"800\" height=\"450\" src=\"https:\/\/www.youtube.com\/embed\/65TGGXyZ2w8?feature=oembed\" frameborder=\"0\" allow=\"accelerometer; autoplay; clipboard-write; encrypted-media; gyroscope; picture-in-picture; web-share\" referrerpolicy=\"strict-origin-when-cross-origin\" allowfullscreen><\/iframe>\n<\/div><\/figure>\n\n\n\n<h2 class=\"wp-block-heading\"><strong>Sintomas<\/strong><\/h2>\n\n\n\n<p>Segundo o Minist\u00e9rio da Sa\u00fade,&nbsp;<strong>a s\u00edndrome de burnout se manifesta por um conjunto de sintomas f\u00edsicos, emocionais e comportamentais<\/strong>. Entre os principais sinais est\u00e3o o cansa\u00e7o extremo e persistente, sensa\u00e7\u00e3o de esgotamento mental, distanciamento afetivo em rela\u00e7\u00e3o ao trabalho, irritabilidade, dificuldade de concentra\u00e7\u00e3o, lapsos de mem\u00f3ria e queda de desempenho.<\/p>\n\n\n\n<p>Tamb\u00e9m podem surgir altera\u00e7\u00f5es no sono, dores de cabe\u00e7a frequentes, problemas gastrointestinais, palpita\u00e7\u00f5es, ansiedade e sentimentos de fracasso ou incompet\u00eancia. O quadro costuma evoluir de forma gradual e est\u00e1 diretamente associado a contextos de trabalho marcados por sobrecarga, press\u00e3o constante e falta de apoio organizacional.<\/p>\n\n\n\n<p><strong><em>Fonte: SBT News<\/em><\/strong><\/p>\n","protected":false},"excerpt":{"rendered":"<p>A\u00a0concess\u00e3o de aux\u00edlio-doen\u00e7a por transtornos associados ao esgotamento profissional registrou crescimento acelerado no Brasil\u00a0nos \u00faltimos anos. Dados do Minist\u00e9rio da Previd\u00eancia Social mostram que os benef\u00edcios classificados como problemas relacionados \u00e0 organiza\u00e7\u00e3o do trabalho passaram de 823, em 2021, para 4.880 em 2024. Somente no primeiro semestre de 2025, o n\u00famero j\u00e1 alcan\u00e7a 3.494 concess\u00f5es, [&hellip;]<\/p>\n","protected":false},"author":2,"featured_media":284073,"comment_status":"closed","ping_status":"closed","sticky":false,"template":"","format":"standard","meta":{"_mi_skip_tracking":false,"footnotes":""},"categories":[25,1,5,16],"tags":[192],"class_list":["post-284072","post","type-post","status-publish","format-standard","has-post-thumbnail","hentry","category-destaques-site","category-geral","category-saude","category-todas","tag-destaqueprincipal"],"acf":[],"yoast_head":"<!-- This site is optimized with the Yoast SEO Premium plugin v19.2 (Yoast SEO v26.9) - https:\/\/yoast.com\/product\/yoast-seo-premium-wordpress\/ -->\n<title>Aux\u00edlio-doen\u00e7a por burnout dispara no Brasil ap\u00f3s reconhecimento da s\u00edndrome como doen\u00e7a ocupacional - Portal Not\u00edcia em Pauta<\/title>\n<meta name=\"robots\" content=\"index, follow, max-snippet:-1, max-image-preview:large, max-video-preview:-1\" \/>\n<link rel=\"canonical\" href=\"https:\/\/noticiaempauta.com\/portal\/auxilio-doenca-por-burnout-dispara-no-brasil-apos-reconhecimento-da-sindrome-como-doenca-ocupacional\/\" \/>\n<meta property=\"og:locale\" content=\"pt_BR\" \/>\n<meta property=\"og:type\" content=\"article\" \/>\n<meta property=\"og:title\" content=\"Aux\u00edlio-doen\u00e7a por burnout dispara no Brasil ap\u00f3s reconhecimento da s\u00edndrome como doen\u00e7a ocupacional\" \/>\n<meta property=\"og:description\" content=\"A\u00a0concess\u00e3o de aux\u00edlio-doen\u00e7a por transtornos associados ao esgotamento profissional registrou crescimento acelerado no Brasil\u00a0nos \u00faltimos anos. Dados do Minist\u00e9rio da Previd\u00eancia Social mostram que os benef\u00edcios classificados como problemas relacionados \u00e0 organiza\u00e7\u00e3o do trabalho passaram de 823, em 2021, para 4.880 em 2024. Somente no primeiro semestre de 2025, o n\u00famero j\u00e1 alcan\u00e7a 3.494 concess\u00f5es, [&hellip;]\" \/>\n<meta property=\"og:url\" content=\"https:\/\/noticiaempauta.com\/portal\/auxilio-doenca-por-burnout-dispara-no-brasil-apos-reconhecimento-da-sindrome-como-doenca-ocupacional\/\" \/>\n<meta property=\"og:site_name\" content=\"Portal Not\u00edcia em Pauta\" \/>\n<meta property=\"article:publisher\" content=\"https:\/\/www.facebook.com\/Portal-Notcia-Em-Pauta-102292869264820\/\" \/>\n<meta property=\"article:published_time\" content=\"2026-01-19T12:19:14+00:00\" \/>\n<meta property=\"article:modified_time\" content=\"2026-01-19T12:19:15+00:00\" \/>\n<meta property=\"og:image\" content=\"https:\/\/noticiaempauta.com\/portal\/wp-content\/uploads\/2026\/01\/Avanco_acompanha_alteracoes_normativas_que_reposicionaram_a_saude_mental_no_centro_das_relacoes_de_trabalho_Freepik_8136cc116f.webp\" \/>\n\t<meta property=\"og:image:width\" content=\"831\" \/>\n\t<meta property=\"og:image:height\" content=\"600\" \/>\n\t<meta property=\"og:image:type\" content=\"image\/webp\" \/>\n<meta name=\"author\" content=\"Reda\u00e7\u00e3o\" \/>\n<meta name=\"twitter:card\" content=\"summary_large_image\" \/>\n<meta name=\"twitter:label1\" content=\"Escrito por\" \/>\n\t<meta name=\"twitter:data1\" content=\"Reda\u00e7\u00e3o\" \/>\n\t<meta name=\"twitter:label2\" content=\"Est. tempo de leitura\" \/>\n\t<meta name=\"twitter:data2\" content=\"3 minutos\" \/>\n<script type=\"application\/ld+json\" class=\"yoast-schema-graph\">{\"@context\":\"https:\/\/schema.org\",\"@graph\":[{\"@type\":\"Article\",\"@id\":\"https:\/\/noticiaempauta.com\/portal\/auxilio-doenca-por-burnout-dispara-no-brasil-apos-reconhecimento-da-sindrome-como-doenca-ocupacional\/#article\",\"isPartOf\":{\"@id\":\"https:\/\/noticiaempauta.com\/portal\/auxilio-doenca-por-burnout-dispara-no-brasil-apos-reconhecimento-da-sindrome-como-doenca-ocupacional\/\"},\"author\":{\"name\":\"Reda\u00e7\u00e3o\",\"@id\":\"https:\/\/noticiaempauta.com\/portal\/#\/schema\/person\/a74af43dd1ab3deca45f988c717d57ac\"},\"headline\":\"Aux\u00edlio-doen\u00e7a por burnout dispara no Brasil ap\u00f3s reconhecimento da s\u00edndrome como doen\u00e7a ocupacional\",\"datePublished\":\"2026-01-19T12:19:14+00:00\",\"dateModified\":\"2026-01-19T12:19:15+00:00\",\"mainEntityOfPage\":{\"@id\":\"https:\/\/noticiaempauta.com\/portal\/auxilio-doenca-por-burnout-dispara-no-brasil-apos-reconhecimento-da-sindrome-como-doenca-ocupacional\/\"},\"wordCount\":530,\"publisher\":{\"@id\":\"https:\/\/noticiaempauta.com\/portal\/#organization\"},\"image\":{\"@id\":\"https:\/\/noticiaempauta.com\/portal\/auxilio-doenca-por-burnout-dispara-no-brasil-apos-reconhecimento-da-sindrome-como-doenca-ocupacional\/#primaryimage\"},\"thumbnailUrl\":\"https:\/\/noticiaempauta.com\/portal\/wp-content\/uploads\/2026\/01\/Avanco_acompanha_alteracoes_normativas_que_reposicionaram_a_saude_mental_no_centro_das_relacoes_de_trabalho_Freepik_8136cc116f.webp\",\"keywords\":[\"destaqueprincipal\"],\"articleSection\":[\"Destaques\",\"Geral\",\"Sa\u00fade\",\"Todas as Not\u00edcias\"],\"inLanguage\":\"pt-BR\"},{\"@type\":\"WebPage\",\"@id\":\"https:\/\/noticiaempauta.com\/portal\/auxilio-doenca-por-burnout-dispara-no-brasil-apos-reconhecimento-da-sindrome-como-doenca-ocupacional\/\",\"url\":\"https:\/\/noticiaempauta.com\/portal\/auxilio-doenca-por-burnout-dispara-no-brasil-apos-reconhecimento-da-sindrome-como-doenca-ocupacional\/\",\"name\":\"Aux\u00edlio-doen\u00e7a por burnout dispara no Brasil ap\u00f3s reconhecimento da s\u00edndrome como doen\u00e7a ocupacional - Portal Not\u00edcia em Pauta\",\"isPartOf\":{\"@id\":\"https:\/\/noticiaempauta.com\/portal\/#website\"},\"primaryImageOfPage\":{\"@id\":\"https:\/\/noticiaempauta.com\/portal\/auxilio-doenca-por-burnout-dispara-no-brasil-apos-reconhecimento-da-sindrome-como-doenca-ocupacional\/#primaryimage\"},\"image\":{\"@id\":\"https:\/\/noticiaempauta.com\/portal\/auxilio-doenca-por-burnout-dispara-no-brasil-apos-reconhecimento-da-sindrome-como-doenca-ocupacional\/#primaryimage\"},\"thumbnailUrl\":\"https:\/\/noticiaempauta.com\/portal\/wp-content\/uploads\/2026\/01\/Avanco_acompanha_alteracoes_normativas_que_reposicionaram_a_saude_mental_no_centro_das_relacoes_de_trabalho_Freepik_8136cc116f.webp\",\"datePublished\":\"2026-01-19T12:19:14+00:00\",\"dateModified\":\"2026-01-19T12:19:15+00:00\",\"breadcrumb\":{\"@id\":\"https:\/\/noticiaempauta.com\/portal\/auxilio-doenca-por-burnout-dispara-no-brasil-apos-reconhecimento-da-sindrome-como-doenca-ocupacional\/#breadcrumb\"},\"inLanguage\":\"pt-BR\",\"potentialAction\":[{\"@type\":\"ReadAction\",\"target\":[\"https:\/\/noticiaempauta.com\/portal\/auxilio-doenca-por-burnout-dispara-no-brasil-apos-reconhecimento-da-sindrome-como-doenca-ocupacional\/\"]}]},{\"@type\":\"ImageObject\",\"inLanguage\":\"pt-BR\",\"@id\":\"https:\/\/noticiaempauta.com\/portal\/auxilio-doenca-por-burnout-dispara-no-brasil-apos-reconhecimento-da-sindrome-como-doenca-ocupacional\/#primaryimage\",\"url\":\"https:\/\/noticiaempauta.com\/portal\/wp-content\/uploads\/2026\/01\/Avanco_acompanha_alteracoes_normativas_que_reposicionaram_a_saude_mental_no_centro_das_relacoes_de_trabalho_Freepik_8136cc116f.webp\",\"contentUrl\":\"https:\/\/noticiaempauta.com\/portal\/wp-content\/uploads\/2026\/01\/Avanco_acompanha_alteracoes_normativas_que_reposicionaram_a_saude_mental_no_centro_das_relacoes_de_trabalho_Freepik_8136cc116f.webp\",\"width\":831,\"height\":600},{\"@type\":\"BreadcrumbList\",\"@id\":\"https:\/\/noticiaempauta.com\/portal\/auxilio-doenca-por-burnout-dispara-no-brasil-apos-reconhecimento-da-sindrome-como-doenca-ocupacional\/#breadcrumb\",\"itemListElement\":[{\"@type\":\"ListItem\",\"position\":1,\"name\":\"P\u00e1gina Inicial\",\"item\":\"https:\/\/noticiaempauta.com\/portal\/\"},{\"@type\":\"ListItem\",\"position\":2,\"name\":\"Destaques\",\"item\":\"https:\/\/noticiaempauta.com\/portal\/destaques-site\/\"},{\"@type\":\"ListItem\",\"position\":3,\"name\":\"Aux\u00edlio-doen\u00e7a por burnout dispara no Brasil ap\u00f3s reconhecimento da s\u00edndrome como doen\u00e7a ocupacional\"}]},{\"@type\":\"WebSite\",\"@id\":\"https:\/\/noticiaempauta.com\/portal\/#website\",\"url\":\"https:\/\/noticiaempauta.com\/portal\/\",\"name\":\"Portal Not\u00edcia em Pauta\",\"description\":\"Voc\u00ea bem informado\",\"publisher\":{\"@id\":\"https:\/\/noticiaempauta.com\/portal\/#organization\"},\"potentialAction\":[{\"@type\":\"SearchAction\",\"target\":{\"@type\":\"EntryPoint\",\"urlTemplate\":\"https:\/\/noticiaempauta.com\/portal\/?s={search_term_string}\"},\"query-input\":{\"@type\":\"PropertyValueSpecification\",\"valueRequired\":true,\"valueName\":\"search_term_string\"}}],\"inLanguage\":\"pt-BR\"},{\"@type\":\"Organization\",\"@id\":\"https:\/\/noticiaempauta.com\/portal\/#organization\",\"name\":\"Portal Not\u00edcia em Pauta\",\"url\":\"https:\/\/noticiaempauta.com\/portal\/\",\"logo\":{\"@type\":\"ImageObject\",\"inLanguage\":\"pt-BR\",\"@id\":\"https:\/\/noticiaempauta.com\/portal\/#\/schema\/logo\/image\/\",\"url\":\"https:\/\/noticiaempauta.com\/portal\/wp-content\/uploads\/2022\/08\/logomarca_tema.fw_.png\",\"contentUrl\":\"https:\/\/noticiaempauta.com\/portal\/wp-content\/uploads\/2022\/08\/logomarca_tema.fw_.png\",\"width\":400,\"height\":232,\"caption\":\"Portal Not\u00edcia em Pauta\"},\"image\":{\"@id\":\"https:\/\/noticiaempauta.com\/portal\/#\/schema\/logo\/image\/\"},\"sameAs\":[\"https:\/\/www.facebook.com\/Portal-Notcia-Em-Pauta-102292869264820\/\",\"https:\/\/www.instagram.com\/portalnoticiaempauta\/\"]},{\"@type\":\"Person\",\"@id\":\"https:\/\/noticiaempauta.com\/portal\/#\/schema\/person\/a74af43dd1ab3deca45f988c717d57ac\",\"name\":\"Reda\u00e7\u00e3o\",\"image\":{\"@type\":\"ImageObject\",\"inLanguage\":\"pt-BR\",\"@id\":\"https:\/\/noticiaempauta.com\/portal\/#\/schema\/person\/image\/\",\"url\":\"https:\/\/secure.gravatar.com\/avatar\/03179346ecce6cdfc13361603e8f54242a90e5cde8618fa23c5c00aa2b0aadf3?s=96&d=mm&r=g\",\"contentUrl\":\"https:\/\/secure.gravatar.com\/avatar\/03179346ecce6cdfc13361603e8f54242a90e5cde8618fa23c5c00aa2b0aadf3?s=96&d=mm&r=g\",\"caption\":\"Reda\u00e7\u00e3o\"},\"sameAs\":[\"https:\/\/noticiaempauta.com\/portal\/\"],\"url\":\"https:\/\/noticiaempauta.com\/portal\/author\/fernando\/\"}]}<\/script>\n<!-- \/ Yoast SEO Premium plugin. -->","yoast_head_json":{"title":"Aux\u00edlio-doen\u00e7a por burnout dispara no Brasil ap\u00f3s reconhecimento da s\u00edndrome como doen\u00e7a ocupacional - Portal Not\u00edcia em Pauta","robots":{"index":"index","follow":"follow","max-snippet":"max-snippet:-1","max-image-preview":"max-image-preview:large","max-video-preview":"max-video-preview:-1"},"canonical":"https:\/\/noticiaempauta.com\/portal\/auxilio-doenca-por-burnout-dispara-no-brasil-apos-reconhecimento-da-sindrome-como-doenca-ocupacional\/","og_locale":"pt_BR","og_type":"article","og_title":"Aux\u00edlio-doen\u00e7a por burnout dispara no Brasil ap\u00f3s reconhecimento da s\u00edndrome como doen\u00e7a ocupacional","og_description":"A\u00a0concess\u00e3o de aux\u00edlio-doen\u00e7a por transtornos associados ao esgotamento profissional registrou crescimento acelerado no Brasil\u00a0nos \u00faltimos anos. Dados do Minist\u00e9rio da Previd\u00eancia Social mostram que os benef\u00edcios classificados como problemas relacionados \u00e0 organiza\u00e7\u00e3o do trabalho passaram de 823, em 2021, para 4.880 em 2024. Somente no primeiro semestre de 2025, o n\u00famero j\u00e1 alcan\u00e7a 3.494 concess\u00f5es, [&hellip;]","og_url":"https:\/\/noticiaempauta.com\/portal\/auxilio-doenca-por-burnout-dispara-no-brasil-apos-reconhecimento-da-sindrome-como-doenca-ocupacional\/","og_site_name":"Portal Not\u00edcia em Pauta","article_publisher":"https:\/\/www.facebook.com\/Portal-Notcia-Em-Pauta-102292869264820\/","article_published_time":"2026-01-19T12:19:14+00:00","article_modified_time":"2026-01-19T12:19:15+00:00","og_image":[{"width":831,"height":600,"url":"https:\/\/noticiaempauta.com\/portal\/wp-content\/uploads\/2026\/01\/Avanco_acompanha_alteracoes_normativas_que_reposicionaram_a_saude_mental_no_centro_das_relacoes_de_trabalho_Freepik_8136cc116f.webp","type":"image\/webp"}],"author":"Reda\u00e7\u00e3o","twitter_card":"summary_large_image","twitter_misc":{"Escrito por":"Reda\u00e7\u00e3o","Est. tempo de leitura":"3 minutos"},"schema":{"@context":"https:\/\/schema.org","@graph":[{"@type":"Article","@id":"https:\/\/noticiaempauta.com\/portal\/auxilio-doenca-por-burnout-dispara-no-brasil-apos-reconhecimento-da-sindrome-como-doenca-ocupacional\/#article","isPartOf":{"@id":"https:\/\/noticiaempauta.com\/portal\/auxilio-doenca-por-burnout-dispara-no-brasil-apos-reconhecimento-da-sindrome-como-doenca-ocupacional\/"},"author":{"name":"Reda\u00e7\u00e3o","@id":"https:\/\/noticiaempauta.com\/portal\/#\/schema\/person\/a74af43dd1ab3deca45f988c717d57ac"},"headline":"Aux\u00edlio-doen\u00e7a por burnout dispara no Brasil ap\u00f3s reconhecimento da s\u00edndrome como doen\u00e7a ocupacional","datePublished":"2026-01-19T12:19:14+00:00","dateModified":"2026-01-19T12:19:15+00:00","mainEntityOfPage":{"@id":"https:\/\/noticiaempauta.com\/portal\/auxilio-doenca-por-burnout-dispara-no-brasil-apos-reconhecimento-da-sindrome-como-doenca-ocupacional\/"},"wordCount":530,"publisher":{"@id":"https:\/\/noticiaempauta.com\/portal\/#organization"},"image":{"@id":"https:\/\/noticiaempauta.com\/portal\/auxilio-doenca-por-burnout-dispara-no-brasil-apos-reconhecimento-da-sindrome-como-doenca-ocupacional\/#primaryimage"},"thumbnailUrl":"https:\/\/noticiaempauta.com\/portal\/wp-content\/uploads\/2026\/01\/Avanco_acompanha_alteracoes_normativas_que_reposicionaram_a_saude_mental_no_centro_das_relacoes_de_trabalho_Freepik_8136cc116f.webp","keywords":["destaqueprincipal"],"articleSection":["Destaques","Geral","Sa\u00fade","Todas as Not\u00edcias"],"inLanguage":"pt-BR"},{"@type":"WebPage","@id":"https:\/\/noticiaempauta.com\/portal\/auxilio-doenca-por-burnout-dispara-no-brasil-apos-reconhecimento-da-sindrome-como-doenca-ocupacional\/","url":"https:\/\/noticiaempauta.com\/portal\/auxilio-doenca-por-burnout-dispara-no-brasil-apos-reconhecimento-da-sindrome-como-doenca-ocupacional\/","name":"Aux\u00edlio-doen\u00e7a por burnout dispara no Brasil ap\u00f3s reconhecimento da s\u00edndrome como doen\u00e7a ocupacional - Portal Not\u00edcia em Pauta","isPartOf":{"@id":"https:\/\/noticiaempauta.com\/portal\/#website"},"primaryImageOfPage":{"@id":"https:\/\/noticiaempauta.com\/portal\/auxilio-doenca-por-burnout-dispara-no-brasil-apos-reconhecimento-da-sindrome-como-doenca-ocupacional\/#primaryimage"},"image":{"@id":"https:\/\/noticiaempauta.com\/portal\/auxilio-doenca-por-burnout-dispara-no-brasil-apos-reconhecimento-da-sindrome-como-doenca-ocupacional\/#primaryimage"},"thumbnailUrl":"https:\/\/noticiaempauta.com\/portal\/wp-content\/uploads\/2026\/01\/Avanco_acompanha_alteracoes_normativas_que_reposicionaram_a_saude_mental_no_centro_das_relacoes_de_trabalho_Freepik_8136cc116f.webp","datePublished":"2026-01-19T12:19:14+00:00","dateModified":"2026-01-19T12:19:15+00:00","breadcrumb":{"@id":"https:\/\/noticiaempauta.com\/portal\/auxilio-doenca-por-burnout-dispara-no-brasil-apos-reconhecimento-da-sindrome-como-doenca-ocupacional\/#breadcrumb"},"inLanguage":"pt-BR","potentialAction":[{"@type":"ReadAction","target":["https:\/\/noticiaempauta.com\/portal\/auxilio-doenca-por-burnout-dispara-no-brasil-apos-reconhecimento-da-sindrome-como-doenca-ocupacional\/"]}]},{"@type":"ImageObject","inLanguage":"pt-BR","@id":"https:\/\/noticiaempauta.com\/portal\/auxilio-doenca-por-burnout-dispara-no-brasil-apos-reconhecimento-da-sindrome-como-doenca-ocupacional\/#primaryimage","url":"https:\/\/noticiaempauta.com\/portal\/wp-content\/uploads\/2026\/01\/Avanco_acompanha_alteracoes_normativas_que_reposicionaram_a_saude_mental_no_centro_das_relacoes_de_trabalho_Freepik_8136cc116f.webp","contentUrl":"https:\/\/noticiaempauta.com\/portal\/wp-content\/uploads\/2026\/01\/Avanco_acompanha_alteracoes_normativas_que_reposicionaram_a_saude_mental_no_centro_das_relacoes_de_trabalho_Freepik_8136cc116f.webp","width":831,"height":600},{"@type":"BreadcrumbList","@id":"https:\/\/noticiaempauta.com\/portal\/auxilio-doenca-por-burnout-dispara-no-brasil-apos-reconhecimento-da-sindrome-como-doenca-ocupacional\/#breadcrumb","itemListElement":[{"@type":"ListItem","position":1,"name":"P\u00e1gina Inicial","item":"https:\/\/noticiaempauta.com\/portal\/"},{"@type":"ListItem","position":2,"name":"Destaques","item":"https:\/\/noticiaempauta.com\/portal\/destaques-site\/"},{"@type":"ListItem","position":3,"name":"Aux\u00edlio-doen\u00e7a por burnout dispara no Brasil ap\u00f3s reconhecimento da s\u00edndrome como doen\u00e7a ocupacional"}]},{"@type":"WebSite","@id":"https:\/\/noticiaempauta.com\/portal\/#website","url":"https:\/\/noticiaempauta.com\/portal\/","name":"Portal Not\u00edcia em Pauta","description":"Voc\u00ea bem informado","publisher":{"@id":"https:\/\/noticiaempauta.com\/portal\/#organization"},"potentialAction":[{"@type":"SearchAction","target":{"@type":"EntryPoint","urlTemplate":"https:\/\/noticiaempauta.com\/portal\/?s={search_term_string}"},"query-input":{"@type":"PropertyValueSpecification","valueRequired":true,"valueName":"search_term_string"}}],"inLanguage":"pt-BR"},{"@type":"Organization","@id":"https:\/\/noticiaempauta.com\/portal\/#organization","name":"Portal Not\u00edcia em Pauta","url":"https:\/\/noticiaempauta.com\/portal\/","logo":{"@type":"ImageObject","inLanguage":"pt-BR","@id":"https:\/\/noticiaempauta.com\/portal\/#\/schema\/logo\/image\/","url":"https:\/\/noticiaempauta.com\/portal\/wp-content\/uploads\/2022\/08\/logomarca_tema.fw_.png","contentUrl":"https:\/\/noticiaempauta.com\/portal\/wp-content\/uploads\/2022\/08\/logomarca_tema.fw_.png","width":400,"height":232,"caption":"Portal Not\u00edcia em Pauta"},"image":{"@id":"https:\/\/noticiaempauta.com\/portal\/#\/schema\/logo\/image\/"},"sameAs":["https:\/\/www.facebook.com\/Portal-Notcia-Em-Pauta-102292869264820\/","https:\/\/www.instagram.com\/portalnoticiaempauta\/"]},{"@type":"Person","@id":"https:\/\/noticiaempauta.com\/portal\/#\/schema\/person\/a74af43dd1ab3deca45f988c717d57ac","name":"Reda\u00e7\u00e3o","image":{"@type":"ImageObject","inLanguage":"pt-BR","@id":"https:\/\/noticiaempauta.com\/portal\/#\/schema\/person\/image\/","url":"https:\/\/secure.gravatar.com\/avatar\/03179346ecce6cdfc13361603e8f54242a90e5cde8618fa23c5c00aa2b0aadf3?s=96&d=mm&r=g","contentUrl":"https:\/\/secure.gravatar.com\/avatar\/03179346ecce6cdfc13361603e8f54242a90e5cde8618fa23c5c00aa2b0aadf3?s=96&d=mm&r=g","caption":"Reda\u00e7\u00e3o"},"sameAs":["https:\/\/noticiaempauta.com\/portal\/"],"url":"https:\/\/noticiaempauta.com\/portal\/author\/fernando\/"}]}},"_links":{"self":[{"href":"https:\/\/noticiaempauta.com\/portal\/wp-json\/wp\/v2\/posts\/284072","targetHints":{"allow":["GET"]}}],"collection":[{"href":"https:\/\/noticiaempauta.com\/portal\/wp-json\/wp\/v2\/posts"}],"about":[{"href":"https:\/\/noticiaempauta.com\/portal\/wp-json\/wp\/v2\/types\/post"}],"author":[{"embeddable":true,"href":"https:\/\/noticiaempauta.com\/portal\/wp-json\/wp\/v2\/users\/2"}],"replies":[{"embeddable":true,"href":"https:\/\/noticiaempauta.com\/portal\/wp-json\/wp\/v2\/comments?post=284072"}],"version-history":[{"count":2,"href":"https:\/\/noticiaempauta.com\/portal\/wp-json\/wp\/v2\/posts\/284072\/revisions"}],"predecessor-version":[{"id":284075,"href":"https:\/\/noticiaempauta.com\/portal\/wp-json\/wp\/v2\/posts\/284072\/revisions\/284075"}],"wp:featuredmedia":[{"embeddable":true,"href":"https:\/\/noticiaempauta.com\/portal\/wp-json\/wp\/v2\/media\/284073"}],"wp:attachment":[{"href":"https:\/\/noticiaempauta.com\/portal\/wp-json\/wp\/v2\/media?parent=284072"}],"wp:term":[{"taxonomy":"category","embeddable":true,"href":"https:\/\/noticiaempauta.com\/portal\/wp-json\/wp\/v2\/categories?post=284072"},{"taxonomy":"post_tag","embeddable":true,"href":"https:\/\/noticiaempauta.com\/portal\/wp-json\/wp\/v2\/tags?post=284072"}],"curies":[{"name":"wp","href":"https:\/\/api.w.org\/{rel}","templated":true}]}}