{"id":284080,"date":"2026-01-19T14:41:14","date_gmt":"2026-01-19T17:41:14","guid":{"rendered":"https:\/\/noticiaempauta.com\/portal\/?p=284080"},"modified":"2026-01-19T14:41:15","modified_gmt":"2026-01-19T17:41:15","slug":"cmdca-de-picos-divulga-edital-do-processo-de-escolha-suplementar-indireta-do-conselho-tutelar","status":"publish","type":"post","link":"https:\/\/noticiaempauta.com\/portal\/cmdca-de-picos-divulga-edital-do-processo-de-escolha-suplementar-indireta-do-conselho-tutelar\/","title":{"rendered":"CMDCA de Picos divulga edital do Processo de Escolha Suplementar Indireta do Conselho Tutelar"},"content":{"rendered":"\n<p>O Conselho Municipal dos Direitos da Crian\u00e7a e do Adolescente de Picos (CMDCA) tornou p\u00fablico o Edital n\u00ba 001\/2026 \u2013 CMDCA\/PICOS-PI, que regulamenta o Processo de Escolha Suplementar Indireta dos membros suplentes do Conselho Tutelar, referente ao mandato 2024\u20132028.<\/p>\n\n\n\n<figure class=\"wp-block-image size-full\"><img fetchpriority=\"high\" decoding=\"async\" width=\"800\" height=\"600\" src=\"https:\/\/noticiaempauta.com\/portal\/wp-content\/uploads\/2022\/08\/Foto-da-Prefeitura.jpg\" alt=\"Foto:CCOM\/Sede da Prefeitura de Picos\/\" class=\"wp-image-239222\" srcset=\"https:\/\/noticiaempauta.com\/portal\/wp-content\/uploads\/2022\/08\/Foto-da-Prefeitura.jpg 800w, https:\/\/noticiaempauta.com\/portal\/wp-content\/uploads\/2022\/08\/Foto-da-Prefeitura-300x225.jpg 300w, https:\/\/noticiaempauta.com\/portal\/wp-content\/uploads\/2022\/08\/Foto-da-Prefeitura-768x576.jpg 768w\" sizes=\"(max-width: 800px) 100vw, 800px\" \/><\/figure>\n\n\n\n<p><strong>Confira o Edital!<\/strong><\/p>\n\n\n\n<div data-wp-interactive=\"core\/file\" class=\"wp-block-file\"><object data-wp-bind--hidden=\"!state.hasPdfPreview\" hidden class=\"wp-block-file__embed\" data=\"https:\/\/noticiaempauta.com\/portal\/wp-content\/uploads\/2026\/01\/EDITAL-No-001-2026-CMDCA-Processo-de-Escolha-Suplementar-Indireta-de-Suplentes-do-CT-de-Picos.pdf\" type=\"application\/pdf\" style=\"width:100%;height:600px\" aria-label=\"Incorporado de EDITAL N\u00ba 001-2026 CMDCA - Processo de Escolha Suplementar Indireta de Suplentes do CT de Picos.\"><\/object><a id=\"wp-block-file--media-a041400b-6116-45dd-8de8-a4cf759e06a5\" href=\"https:\/\/noticiaempauta.com\/portal\/wp-content\/uploads\/2026\/01\/EDITAL-No-001-2026-CMDCA-Processo-de-Escolha-Suplementar-Indireta-de-Suplentes-do-CT-de-Picos.pdf\">EDITAL N\u00ba 001-2026 CMDCA &#8211; Processo de Escolha Suplementar Indireta de Suplentes do CT de Picos<\/a><a href=\"https:\/\/noticiaempauta.com\/portal\/wp-content\/uploads\/2026\/01\/EDITAL-No-001-2026-CMDCA-Processo-de-Escolha-Suplementar-Indireta-de-Suplentes-do-CT-de-Picos.pdf\" class=\"wp-block-file__button wp-element-button\" download aria-describedby=\"wp-block-file--media-a041400b-6116-45dd-8de8-a4cf759e06a5\">Baixar<\/a><\/div>\n\n\n\n<p>O processo possui car\u00e1ter legal, excepcional e emergencial, sendo adotado em raz\u00e3o da vac\u00e2ncia de suplentes no Conselho Tutelar do munic\u00edpio, situa\u00e7\u00e3o que demanda provid\u00eancias imediatas para garantir o pleno funcionamento do \u00f3rg\u00e3o respons\u00e1vel pela prote\u00e7\u00e3o dos direitos de crian\u00e7as e adolescentes.<\/p>\n\n\n\n<p>A sele\u00e7\u00e3o est\u00e1 fundamentada nos artigos 132 e 139 do Estatuto da Crian\u00e7a e do Adolescente (Lei n\u00ba 8.069\/1990), na Resolu\u00e7\u00e3o n\u00ba 231\/2022 do Conselho Nacional dos Direitos da Crian\u00e7a e do Adolescente (CONANDA), al\u00e9m da legisla\u00e7\u00e3o municipal vigente, assegurando legalidade, transpar\u00eancia e controle social em todas as etapas do processo.<\/p>\n\n\n\n<p><strong>Per\u00edodo e local de inscri\u00e7\u00f5es<\/strong><\/p>\n\n\n\n<div data-wp-interactive=\"core\/file\" class=\"wp-block-file\"><object data-wp-bind--hidden=\"!state.hasPdfPreview\" hidden class=\"wp-block-file__embed\" data=\"https:\/\/noticiaempauta.com\/portal\/wp-content\/uploads\/2026\/01\/Ficha-de-Inscricao-Processo-de-Escolha-Suplementar-Indireta-de-Suplentes-do-CT-de-Picos.pdf\" type=\"application\/pdf\" style=\"width:100%;height:600px\" aria-label=\"Incorporado de Ficha de Inscri\u00e7\u00e3o - Processo de Escolha Suplementar Indireta de Suplentes do CT de Picos.\"><\/object><a id=\"wp-block-file--media-6b58b4f9-ebb7-4723-bbfc-5846a91d1a88\" href=\"https:\/\/noticiaempauta.com\/portal\/wp-content\/uploads\/2026\/01\/Ficha-de-Inscricao-Processo-de-Escolha-Suplementar-Indireta-de-Suplentes-do-CT-de-Picos.pdf\">Ficha de Inscri\u00e7\u00e3o &#8211; Processo de Escolha Suplementar Indireta de Suplentes do CT de Picos<\/a><a href=\"https:\/\/noticiaempauta.com\/portal\/wp-content\/uploads\/2026\/01\/Ficha-de-Inscricao-Processo-de-Escolha-Suplementar-Indireta-de-Suplentes-do-CT-de-Picos.pdf\" class=\"wp-block-file__button wp-element-button\" download aria-describedby=\"wp-block-file--media-6b58b4f9-ebb7-4723-bbfc-5846a91d1a88\">Baixar<\/a><\/div>\n\n\n\n<p>As inscri\u00e7\u00f5es estar\u00e3o abertas entre os dias 26 e 30 de janeiro de 2026, no hor\u00e1rio das 9h \u00e0s 12h, na sede do CMDCA de Picos, localizada na Rua S\u00e3o Sebasti\u00e3o, n\u00ba 990, 1\u00ba andar, bairro Canto da V\u00e1rzea. Os interessados devem atender a todos os crit\u00e9rios e requisitos estabelecidos no edital.<\/p>\n\n\n\n<p>O CMDCA refor\u00e7a que todas as informa\u00e7\u00f5es, etapas e exig\u00eancias do processo constam de forma detalhada no edital oficial, que est\u00e1 dispon\u00edvel para consulta p\u00fablica.<\/p>\n\n\n\n<p>O Conselho Municipal dos Direitos da Crian\u00e7a e do Adolescente permanece \u00e0 disposi\u00e7\u00e3o da popula\u00e7\u00e3o para esclarecimentos adicionais, reafirmando seu compromisso com a transpar\u00eancia, a legalidade e a garantia dos direitos fundamentais da inf\u00e2ncia e adolesc\u00eancia.<\/p>\n\n\n\n<p><strong><em>Por: Isael Pereira \/ Ascom<\/em><\/strong><\/p>\n","protected":false},"excerpt":{"rendered":"<p>O Conselho Municipal dos Direitos da Crian\u00e7a e do Adolescente de Picos (CMDCA) tornou p\u00fablico o Edital n\u00ba 001\/2026 \u2013 CMDCA\/PICOS-PI, que regulamenta o Processo de Escolha Suplementar Indireta dos membros suplentes do Conselho Tutelar, referente ao mandato 2024\u20132028. Confira o Edital! O processo possui car\u00e1ter legal, excepcional e emergencial, sendo adotado em raz\u00e3o da [&hellip;]<\/p>\n","protected":false},"author":2,"featured_media":239222,"comment_status":"closed","ping_status":"closed","sticky":false,"template":"","format":"standard","meta":{"_mi_skip_tracking":false,"footnotes":""},"categories":[25,1,16],"tags":[],"class_list":["post-284080","post","type-post","status-publish","format-standard","has-post-thumbnail","hentry","category-destaques-site","category-geral","category-todas"],"acf":[],"yoast_head":"<!-- This site is optimized with the Yoast SEO Premium plugin v19.2 (Yoast SEO v26.9) - https:\/\/yoast.com\/product\/yoast-seo-premium-wordpress\/ -->\n<title>CMDCA de Picos divulga edital do Processo de Escolha Suplementar Indireta do Conselho Tutelar - Portal Not\u00edcia em Pauta<\/title>\n<meta name=\"robots\" content=\"index, follow, max-snippet:-1, max-image-preview:large, max-video-preview:-1\" \/>\n<link rel=\"canonical\" href=\"https:\/\/noticiaempauta.com\/portal\/cmdca-de-picos-divulga-edital-do-processo-de-escolha-suplementar-indireta-do-conselho-tutelar\/\" \/>\n<meta property=\"og:locale\" content=\"pt_BR\" \/>\n<meta property=\"og:type\" content=\"article\" \/>\n<meta property=\"og:title\" content=\"CMDCA de Picos divulga edital do Processo de Escolha Suplementar Indireta do Conselho Tutelar\" \/>\n<meta property=\"og:description\" content=\"O Conselho Municipal dos Direitos da Crian\u00e7a e do Adolescente de Picos (CMDCA) tornou p\u00fablico o Edital n\u00ba 001\/2026 \u2013 CMDCA\/PICOS-PI, que regulamenta o Processo de Escolha Suplementar Indireta dos membros suplentes do Conselho Tutelar, referente ao mandato 2024\u20132028. Confira o Edital! O processo possui car\u00e1ter legal, excepcional e emergencial, sendo adotado em raz\u00e3o da [&hellip;]\" \/>\n<meta property=\"og:url\" content=\"https:\/\/noticiaempauta.com\/portal\/cmdca-de-picos-divulga-edital-do-processo-de-escolha-suplementar-indireta-do-conselho-tutelar\/\" \/>\n<meta property=\"og:site_name\" content=\"Portal Not\u00edcia em Pauta\" \/>\n<meta property=\"article:publisher\" content=\"https:\/\/www.facebook.com\/Portal-Notcia-Em-Pauta-102292869264820\/\" \/>\n<meta property=\"article:published_time\" content=\"2026-01-19T17:41:14+00:00\" \/>\n<meta property=\"article:modified_time\" content=\"2026-01-19T17:41:15+00:00\" \/>\n<meta property=\"og:image\" content=\"https:\/\/noticiaempauta.com\/portal\/wp-content\/uploads\/2022\/08\/Foto-da-Prefeitura.jpg\" \/>\n\t<meta property=\"og:image:width\" content=\"800\" \/>\n\t<meta property=\"og:image:height\" content=\"600\" \/>\n\t<meta property=\"og:image:type\" content=\"image\/jpeg\" \/>\n<meta name=\"author\" content=\"Reda\u00e7\u00e3o\" \/>\n<meta name=\"twitter:card\" content=\"summary_large_image\" \/>\n<meta name=\"twitter:label1\" content=\"Escrito por\" \/>\n\t<meta name=\"twitter:data1\" content=\"Reda\u00e7\u00e3o\" \/>\n\t<meta name=\"twitter:label2\" content=\"Est. tempo de leitura\" \/>\n\t<meta name=\"twitter:data2\" content=\"2 minutos\" \/>\n<script type=\"application\/ld+json\" class=\"yoast-schema-graph\">{\"@context\":\"https:\/\/schema.org\",\"@graph\":[{\"@type\":\"Article\",\"@id\":\"https:\/\/noticiaempauta.com\/portal\/cmdca-de-picos-divulga-edital-do-processo-de-escolha-suplementar-indireta-do-conselho-tutelar\/#article\",\"isPartOf\":{\"@id\":\"https:\/\/noticiaempauta.com\/portal\/cmdca-de-picos-divulga-edital-do-processo-de-escolha-suplementar-indireta-do-conselho-tutelar\/\"},\"author\":{\"name\":\"Reda\u00e7\u00e3o\",\"@id\":\"https:\/\/noticiaempauta.com\/portal\/#\/schema\/person\/a74af43dd1ab3deca45f988c717d57ac\"},\"headline\":\"CMDCA de Picos divulga edital do Processo de Escolha Suplementar Indireta do Conselho Tutelar\",\"datePublished\":\"2026-01-19T17:41:14+00:00\",\"dateModified\":\"2026-01-19T17:41:15+00:00\",\"mainEntityOfPage\":{\"@id\":\"https:\/\/noticiaempauta.com\/portal\/cmdca-de-picos-divulga-edital-do-processo-de-escolha-suplementar-indireta-do-conselho-tutelar\/\"},\"wordCount\":332,\"publisher\":{\"@id\":\"https:\/\/noticiaempauta.com\/portal\/#organization\"},\"image\":{\"@id\":\"https:\/\/noticiaempauta.com\/portal\/cmdca-de-picos-divulga-edital-do-processo-de-escolha-suplementar-indireta-do-conselho-tutelar\/#primaryimage\"},\"thumbnailUrl\":\"https:\/\/noticiaempauta.com\/portal\/wp-content\/uploads\/2022\/08\/Foto-da-Prefeitura.jpg\",\"articleSection\":[\"Destaques\",\"Geral\",\"Todas as Not\u00edcias\"],\"inLanguage\":\"pt-BR\"},{\"@type\":\"WebPage\",\"@id\":\"https:\/\/noticiaempauta.com\/portal\/cmdca-de-picos-divulga-edital-do-processo-de-escolha-suplementar-indireta-do-conselho-tutelar\/\",\"url\":\"https:\/\/noticiaempauta.com\/portal\/cmdca-de-picos-divulga-edital-do-processo-de-escolha-suplementar-indireta-do-conselho-tutelar\/\",\"name\":\"CMDCA de Picos divulga edital do Processo de Escolha Suplementar Indireta do Conselho Tutelar - Portal Not\u00edcia em Pauta\",\"isPartOf\":{\"@id\":\"https:\/\/noticiaempauta.com\/portal\/#website\"},\"primaryImageOfPage\":{\"@id\":\"https:\/\/noticiaempauta.com\/portal\/cmdca-de-picos-divulga-edital-do-processo-de-escolha-suplementar-indireta-do-conselho-tutelar\/#primaryimage\"},\"image\":{\"@id\":\"https:\/\/noticiaempauta.com\/portal\/cmdca-de-picos-divulga-edital-do-processo-de-escolha-suplementar-indireta-do-conselho-tutelar\/#primaryimage\"},\"thumbnailUrl\":\"https:\/\/noticiaempauta.com\/portal\/wp-content\/uploads\/2022\/08\/Foto-da-Prefeitura.jpg\",\"datePublished\":\"2026-01-19T17:41:14+00:00\",\"dateModified\":\"2026-01-19T17:41:15+00:00\",\"breadcrumb\":{\"@id\":\"https:\/\/noticiaempauta.com\/portal\/cmdca-de-picos-divulga-edital-do-processo-de-escolha-suplementar-indireta-do-conselho-tutelar\/#breadcrumb\"},\"inLanguage\":\"pt-BR\",\"potentialAction\":[{\"@type\":\"ReadAction\",\"target\":[\"https:\/\/noticiaempauta.com\/portal\/cmdca-de-picos-divulga-edital-do-processo-de-escolha-suplementar-indireta-do-conselho-tutelar\/\"]}]},{\"@type\":\"ImageObject\",\"inLanguage\":\"pt-BR\",\"@id\":\"https:\/\/noticiaempauta.com\/portal\/cmdca-de-picos-divulga-edital-do-processo-de-escolha-suplementar-indireta-do-conselho-tutelar\/#primaryimage\",\"url\":\"https:\/\/noticiaempauta.com\/portal\/wp-content\/uploads\/2022\/08\/Foto-da-Prefeitura.jpg\",\"contentUrl\":\"https:\/\/noticiaempauta.com\/portal\/wp-content\/uploads\/2022\/08\/Foto-da-Prefeitura.jpg\",\"width\":800,\"height\":600,\"caption\":\"Foto:CCOM\/Sede da Prefeitura de Picos\/\"},{\"@type\":\"BreadcrumbList\",\"@id\":\"https:\/\/noticiaempauta.com\/portal\/cmdca-de-picos-divulga-edital-do-processo-de-escolha-suplementar-indireta-do-conselho-tutelar\/#breadcrumb\",\"itemListElement\":[{\"@type\":\"ListItem\",\"position\":1,\"name\":\"P\u00e1gina Inicial\",\"item\":\"https:\/\/noticiaempauta.com\/portal\/\"},{\"@type\":\"ListItem\",\"position\":2,\"name\":\"Destaques\",\"item\":\"https:\/\/noticiaempauta.com\/portal\/destaques-site\/\"},{\"@type\":\"ListItem\",\"position\":3,\"name\":\"CMDCA de Picos divulga edital do Processo de Escolha Suplementar Indireta do Conselho Tutelar\"}]},{\"@type\":\"WebSite\",\"@id\":\"https:\/\/noticiaempauta.com\/portal\/#website\",\"url\":\"https:\/\/noticiaempauta.com\/portal\/\",\"name\":\"Portal Not\u00edcia em Pauta\",\"description\":\"Voc\u00ea bem informado\",\"publisher\":{\"@id\":\"https:\/\/noticiaempauta.com\/portal\/#organization\"},\"potentialAction\":[{\"@type\":\"SearchAction\",\"target\":{\"@type\":\"EntryPoint\",\"urlTemplate\":\"https:\/\/noticiaempauta.com\/portal\/?s={search_term_string}\"},\"query-input\":{\"@type\":\"PropertyValueSpecification\",\"valueRequired\":true,\"valueName\":\"search_term_string\"}}],\"inLanguage\":\"pt-BR\"},{\"@type\":\"Organization\",\"@id\":\"https:\/\/noticiaempauta.com\/portal\/#organization\",\"name\":\"Portal Not\u00edcia em Pauta\",\"url\":\"https:\/\/noticiaempauta.com\/portal\/\",\"logo\":{\"@type\":\"ImageObject\",\"inLanguage\":\"pt-BR\",\"@id\":\"https:\/\/noticiaempauta.com\/portal\/#\/schema\/logo\/image\/\",\"url\":\"https:\/\/noticiaempauta.com\/portal\/wp-content\/uploads\/2022\/08\/logomarca_tema.fw_.png\",\"contentUrl\":\"https:\/\/noticiaempauta.com\/portal\/wp-content\/uploads\/2022\/08\/logomarca_tema.fw_.png\",\"width\":400,\"height\":232,\"caption\":\"Portal Not\u00edcia em Pauta\"},\"image\":{\"@id\":\"https:\/\/noticiaempauta.com\/portal\/#\/schema\/logo\/image\/\"},\"sameAs\":[\"https:\/\/www.facebook.com\/Portal-Notcia-Em-Pauta-102292869264820\/\",\"https:\/\/www.instagram.com\/portalnoticiaempauta\/\"]},{\"@type\":\"Person\",\"@id\":\"https:\/\/noticiaempauta.com\/portal\/#\/schema\/person\/a74af43dd1ab3deca45f988c717d57ac\",\"name\":\"Reda\u00e7\u00e3o\",\"image\":{\"@type\":\"ImageObject\",\"inLanguage\":\"pt-BR\",\"@id\":\"https:\/\/noticiaempauta.com\/portal\/#\/schema\/person\/image\/\",\"url\":\"https:\/\/secure.gravatar.com\/avatar\/03179346ecce6cdfc13361603e8f54242a90e5cde8618fa23c5c00aa2b0aadf3?s=96&d=mm&r=g\",\"contentUrl\":\"https:\/\/secure.gravatar.com\/avatar\/03179346ecce6cdfc13361603e8f54242a90e5cde8618fa23c5c00aa2b0aadf3?s=96&d=mm&r=g\",\"caption\":\"Reda\u00e7\u00e3o\"},\"sameAs\":[\"https:\/\/noticiaempauta.com\/portal\/\"],\"url\":\"https:\/\/noticiaempauta.com\/portal\/author\/fernando\/\"}]}<\/script>\n<!-- \/ Yoast SEO Premium plugin. -->","yoast_head_json":{"title":"CMDCA de Picos divulga edital do Processo de Escolha Suplementar Indireta do Conselho Tutelar - Portal Not\u00edcia em Pauta","robots":{"index":"index","follow":"follow","max-snippet":"max-snippet:-1","max-image-preview":"max-image-preview:large","max-video-preview":"max-video-preview:-1"},"canonical":"https:\/\/noticiaempauta.com\/portal\/cmdca-de-picos-divulga-edital-do-processo-de-escolha-suplementar-indireta-do-conselho-tutelar\/","og_locale":"pt_BR","og_type":"article","og_title":"CMDCA de Picos divulga edital do Processo de Escolha Suplementar Indireta do Conselho Tutelar","og_description":"O Conselho Municipal dos Direitos da Crian\u00e7a e do Adolescente de Picos (CMDCA) tornou p\u00fablico o Edital n\u00ba 001\/2026 \u2013 CMDCA\/PICOS-PI, que regulamenta o Processo de Escolha Suplementar Indireta dos membros suplentes do Conselho Tutelar, referente ao mandato 2024\u20132028. Confira o Edital! O processo possui car\u00e1ter legal, excepcional e emergencial, sendo adotado em raz\u00e3o da [&hellip;]","og_url":"https:\/\/noticiaempauta.com\/portal\/cmdca-de-picos-divulga-edital-do-processo-de-escolha-suplementar-indireta-do-conselho-tutelar\/","og_site_name":"Portal Not\u00edcia em Pauta","article_publisher":"https:\/\/www.facebook.com\/Portal-Notcia-Em-Pauta-102292869264820\/","article_published_time":"2026-01-19T17:41:14+00:00","article_modified_time":"2026-01-19T17:41:15+00:00","og_image":[{"width":800,"height":600,"url":"https:\/\/noticiaempauta.com\/portal\/wp-content\/uploads\/2022\/08\/Foto-da-Prefeitura.jpg","type":"image\/jpeg"}],"author":"Reda\u00e7\u00e3o","twitter_card":"summary_large_image","twitter_misc":{"Escrito por":"Reda\u00e7\u00e3o","Est. tempo de leitura":"2 minutos"},"schema":{"@context":"https:\/\/schema.org","@graph":[{"@type":"Article","@id":"https:\/\/noticiaempauta.com\/portal\/cmdca-de-picos-divulga-edital-do-processo-de-escolha-suplementar-indireta-do-conselho-tutelar\/#article","isPartOf":{"@id":"https:\/\/noticiaempauta.com\/portal\/cmdca-de-picos-divulga-edital-do-processo-de-escolha-suplementar-indireta-do-conselho-tutelar\/"},"author":{"name":"Reda\u00e7\u00e3o","@id":"https:\/\/noticiaempauta.com\/portal\/#\/schema\/person\/a74af43dd1ab3deca45f988c717d57ac"},"headline":"CMDCA de Picos divulga edital do Processo de Escolha Suplementar Indireta do Conselho Tutelar","datePublished":"2026-01-19T17:41:14+00:00","dateModified":"2026-01-19T17:41:15+00:00","mainEntityOfPage":{"@id":"https:\/\/noticiaempauta.com\/portal\/cmdca-de-picos-divulga-edital-do-processo-de-escolha-suplementar-indireta-do-conselho-tutelar\/"},"wordCount":332,"publisher":{"@id":"https:\/\/noticiaempauta.com\/portal\/#organization"},"image":{"@id":"https:\/\/noticiaempauta.com\/portal\/cmdca-de-picos-divulga-edital-do-processo-de-escolha-suplementar-indireta-do-conselho-tutelar\/#primaryimage"},"thumbnailUrl":"https:\/\/noticiaempauta.com\/portal\/wp-content\/uploads\/2022\/08\/Foto-da-Prefeitura.jpg","articleSection":["Destaques","Geral","Todas as Not\u00edcias"],"inLanguage":"pt-BR"},{"@type":"WebPage","@id":"https:\/\/noticiaempauta.com\/portal\/cmdca-de-picos-divulga-edital-do-processo-de-escolha-suplementar-indireta-do-conselho-tutelar\/","url":"https:\/\/noticiaempauta.com\/portal\/cmdca-de-picos-divulga-edital-do-processo-de-escolha-suplementar-indireta-do-conselho-tutelar\/","name":"CMDCA de Picos divulga edital do Processo de Escolha Suplementar Indireta do Conselho Tutelar - Portal Not\u00edcia em Pauta","isPartOf":{"@id":"https:\/\/noticiaempauta.com\/portal\/#website"},"primaryImageOfPage":{"@id":"https:\/\/noticiaempauta.com\/portal\/cmdca-de-picos-divulga-edital-do-processo-de-escolha-suplementar-indireta-do-conselho-tutelar\/#primaryimage"},"image":{"@id":"https:\/\/noticiaempauta.com\/portal\/cmdca-de-picos-divulga-edital-do-processo-de-escolha-suplementar-indireta-do-conselho-tutelar\/#primaryimage"},"thumbnailUrl":"https:\/\/noticiaempauta.com\/portal\/wp-content\/uploads\/2022\/08\/Foto-da-Prefeitura.jpg","datePublished":"2026-01-19T17:41:14+00:00","dateModified":"2026-01-19T17:41:15+00:00","breadcrumb":{"@id":"https:\/\/noticiaempauta.com\/portal\/cmdca-de-picos-divulga-edital-do-processo-de-escolha-suplementar-indireta-do-conselho-tutelar\/#breadcrumb"},"inLanguage":"pt-BR","potentialAction":[{"@type":"ReadAction","target":["https:\/\/noticiaempauta.com\/portal\/cmdca-de-picos-divulga-edital-do-processo-de-escolha-suplementar-indireta-do-conselho-tutelar\/"]}]},{"@type":"ImageObject","inLanguage":"pt-BR","@id":"https:\/\/noticiaempauta.com\/portal\/cmdca-de-picos-divulga-edital-do-processo-de-escolha-suplementar-indireta-do-conselho-tutelar\/#primaryimage","url":"https:\/\/noticiaempauta.com\/portal\/wp-content\/uploads\/2022\/08\/Foto-da-Prefeitura.jpg","contentUrl":"https:\/\/noticiaempauta.com\/portal\/wp-content\/uploads\/2022\/08\/Foto-da-Prefeitura.jpg","width":800,"height":600,"caption":"Foto:CCOM\/Sede da Prefeitura de Picos\/"},{"@type":"BreadcrumbList","@id":"https:\/\/noticiaempauta.com\/portal\/cmdca-de-picos-divulga-edital-do-processo-de-escolha-suplementar-indireta-do-conselho-tutelar\/#breadcrumb","itemListElement":[{"@type":"ListItem","position":1,"name":"P\u00e1gina Inicial","item":"https:\/\/noticiaempauta.com\/portal\/"},{"@type":"ListItem","position":2,"name":"Destaques","item":"https:\/\/noticiaempauta.com\/portal\/destaques-site\/"},{"@type":"ListItem","position":3,"name":"CMDCA de Picos divulga edital do Processo de Escolha Suplementar Indireta do Conselho Tutelar"}]},{"@type":"WebSite","@id":"https:\/\/noticiaempauta.com\/portal\/#website","url":"https:\/\/noticiaempauta.com\/portal\/","name":"Portal Not\u00edcia em Pauta","description":"Voc\u00ea bem informado","publisher":{"@id":"https:\/\/noticiaempauta.com\/portal\/#organization"},"potentialAction":[{"@type":"SearchAction","target":{"@type":"EntryPoint","urlTemplate":"https:\/\/noticiaempauta.com\/portal\/?s={search_term_string}"},"query-input":{"@type":"PropertyValueSpecification","valueRequired":true,"valueName":"search_term_string"}}],"inLanguage":"pt-BR"},{"@type":"Organization","@id":"https:\/\/noticiaempauta.com\/portal\/#organization","name":"Portal Not\u00edcia em Pauta","url":"https:\/\/noticiaempauta.com\/portal\/","logo":{"@type":"ImageObject","inLanguage":"pt-BR","@id":"https:\/\/noticiaempauta.com\/portal\/#\/schema\/logo\/image\/","url":"https:\/\/noticiaempauta.com\/portal\/wp-content\/uploads\/2022\/08\/logomarca_tema.fw_.png","contentUrl":"https:\/\/noticiaempauta.com\/portal\/wp-content\/uploads\/2022\/08\/logomarca_tema.fw_.png","width":400,"height":232,"caption":"Portal Not\u00edcia em Pauta"},"image":{"@id":"https:\/\/noticiaempauta.com\/portal\/#\/schema\/logo\/image\/"},"sameAs":["https:\/\/www.facebook.com\/Portal-Notcia-Em-Pauta-102292869264820\/","https:\/\/www.instagram.com\/portalnoticiaempauta\/"]},{"@type":"Person","@id":"https:\/\/noticiaempauta.com\/portal\/#\/schema\/person\/a74af43dd1ab3deca45f988c717d57ac","name":"Reda\u00e7\u00e3o","image":{"@type":"ImageObject","inLanguage":"pt-BR","@id":"https:\/\/noticiaempauta.com\/portal\/#\/schema\/person\/image\/","url":"https:\/\/secure.gravatar.com\/avatar\/03179346ecce6cdfc13361603e8f54242a90e5cde8618fa23c5c00aa2b0aadf3?s=96&d=mm&r=g","contentUrl":"https:\/\/secure.gravatar.com\/avatar\/03179346ecce6cdfc13361603e8f54242a90e5cde8618fa23c5c00aa2b0aadf3?s=96&d=mm&r=g","caption":"Reda\u00e7\u00e3o"},"sameAs":["https:\/\/noticiaempauta.com\/portal\/"],"url":"https:\/\/noticiaempauta.com\/portal\/author\/fernando\/"}]}},"_links":{"self":[{"href":"https:\/\/noticiaempauta.com\/portal\/wp-json\/wp\/v2\/posts\/284080","targetHints":{"allow":["GET"]}}],"collection":[{"href":"https:\/\/noticiaempauta.com\/portal\/wp-json\/wp\/v2\/posts"}],"about":[{"href":"https:\/\/noticiaempauta.com\/portal\/wp-json\/wp\/v2\/types\/post"}],"author":[{"embeddable":true,"href":"https:\/\/noticiaempauta.com\/portal\/wp-json\/wp\/v2\/users\/2"}],"replies":[{"embeddable":true,"href":"https:\/\/noticiaempauta.com\/portal\/wp-json\/wp\/v2\/comments?post=284080"}],"version-history":[{"count":2,"href":"https:\/\/noticiaempauta.com\/portal\/wp-json\/wp\/v2\/posts\/284080\/revisions"}],"predecessor-version":[{"id":284084,"href":"https:\/\/noticiaempauta.com\/portal\/wp-json\/wp\/v2\/posts\/284080\/revisions\/284084"}],"wp:featuredmedia":[{"embeddable":true,"href":"https:\/\/noticiaempauta.com\/portal\/wp-json\/wp\/v2\/media\/239222"}],"wp:attachment":[{"href":"https:\/\/noticiaempauta.com\/portal\/wp-json\/wp\/v2\/media?parent=284080"}],"wp:term":[{"taxonomy":"category","embeddable":true,"href":"https:\/\/noticiaempauta.com\/portal\/wp-json\/wp\/v2\/categories?post=284080"},{"taxonomy":"post_tag","embeddable":true,"href":"https:\/\/noticiaempauta.com\/portal\/wp-json\/wp\/v2\/tags?post=284080"}],"curies":[{"name":"wp","href":"https:\/\/api.w.org\/{rel}","templated":true}]}}