{"id":284135,"date":"2026-01-20T17:02:30","date_gmt":"2026-01-20T20:02:30","guid":{"rendered":"https:\/\/noticiaempauta.com\/portal\/?p=284135"},"modified":"2026-01-20T17:02:31","modified_gmt":"2026-01-20T20:02:31","slug":"picos-alunos-da-rede-municipal-sao-aprovados-em-teste-seletivo-do-ifpi","status":"publish","type":"post","link":"https:\/\/noticiaempauta.com\/portal\/picos-alunos-da-rede-municipal-sao-aprovados-em-teste-seletivo-do-ifpi\/","title":{"rendered":"Picos: Alunos da rede municipal s\u00e3o aprovados em teste seletivo do IFPI"},"content":{"rendered":"\n<p>Ap\u00f3s um ano de aprendizagem, estudantes do 9\u00b0 ano de diversas escolas municipais de Picos participaram do teste seletivo para ingresso no Instituto Federal do Piau\u00ed. Ao todo, 14 alunos, das zonas urbana e rural, foram aprovados e conquistaram uma vaga dentro do IFPI.<\/p>\n\n\n\n<figure class=\"wp-block-image size-large\"><img fetchpriority=\"high\" decoding=\"async\" width=\"1024\" height=\"753\" src=\"https:\/\/noticiaempauta.com\/portal\/wp-content\/uploads\/2026\/01\/IMG_3909-1-1024x753.webp\" alt=\"\" class=\"wp-image-284137\" srcset=\"https:\/\/noticiaempauta.com\/portal\/wp-content\/uploads\/2026\/01\/IMG_3909-1-1024x753.webp 1024w, https:\/\/noticiaempauta.com\/portal\/wp-content\/uploads\/2026\/01\/IMG_3909-1-300x221.webp 300w, https:\/\/noticiaempauta.com\/portal\/wp-content\/uploads\/2026\/01\/IMG_3909-1-768x565.webp 768w, https:\/\/noticiaempauta.com\/portal\/wp-content\/uploads\/2026\/01\/IMG_3909-1.webp 1080w\" sizes=\"(max-width: 1024px) 100vw, 1024px\" \/><\/figure>\n\n\n\n<p>Foram aprovados estudantes das escolas C\u00edvico-militar Cel. Jo\u00e3o Ferreira de Almeida (Parque de Exposi\u00e7\u00e3o), Heli Nunes (Pantanal) e Expedito Albano (povoado Curralinho).<\/p>\n\n\n\n<figure class=\"wp-block-image size-large\"><img decoding=\"async\" width=\"819\" height=\"1024\" src=\"https:\/\/noticiaempauta.com\/portal\/wp-content\/uploads\/2026\/01\/IMG_4153-819x1024.webp\" alt=\"\" class=\"wp-image-284138\" srcset=\"https:\/\/noticiaempauta.com\/portal\/wp-content\/uploads\/2026\/01\/IMG_4153-819x1024.webp 819w, https:\/\/noticiaempauta.com\/portal\/wp-content\/uploads\/2026\/01\/IMG_4153-240x300.webp 240w, https:\/\/noticiaempauta.com\/portal\/wp-content\/uploads\/2026\/01\/IMG_4153-768x960.webp 768w, https:\/\/noticiaempauta.com\/portal\/wp-content\/uploads\/2026\/01\/IMG_4153.webp 1080w\" sizes=\"(max-width: 819px) 100vw, 819px\" \/><\/figure>\n\n\n\n<p>Os estudantes conquistaram vagas nos mais variados cursos t\u00e9cnicos integrados ao ensino m\u00e9dio \u2013 administra\u00e7\u00e3o, eletrot\u00e9cnica e inform\u00e1tica \u2013 disponibilizados pela institui\u00e7\u00e3o de ensino federal.<\/p>\n\n\n\n<figure class=\"wp-block-image size-large\"><img decoding=\"async\" width=\"819\" height=\"1024\" src=\"https:\/\/noticiaempauta.com\/portal\/wp-content\/uploads\/2026\/01\/IMG_4152-819x1024.webp\" alt=\"\" class=\"wp-image-284139\" srcset=\"https:\/\/noticiaempauta.com\/portal\/wp-content\/uploads\/2026\/01\/IMG_4152-819x1024.webp 819w, https:\/\/noticiaempauta.com\/portal\/wp-content\/uploads\/2026\/01\/IMG_4152-240x300.webp 240w, https:\/\/noticiaempauta.com\/portal\/wp-content\/uploads\/2026\/01\/IMG_4152-768x960.webp 768w, https:\/\/noticiaempauta.com\/portal\/wp-content\/uploads\/2026\/01\/IMG_4152.webp 1080w\" sizes=\"(max-width: 819px) 100vw, 819px\" \/><\/figure>\n\n\n\n<p>Na escola C\u00edvico-militar, 11 estudantes foram aprovados. Destes, oito participaram do programa #PartiuIF, parceria entre o IFPI e a Secretaria de Educa\u00e7\u00e3o de Picos, com intuito de proporcionar aulas de refor\u00e7o, que auxiliaram os alunos na realiza\u00e7\u00e3o do teste seletivo e, consequentemente, em suas aprova\u00e7\u00f5es.<\/p>\n\n\n\n<figure class=\"wp-block-image size-large\"><img loading=\"lazy\" decoding=\"async\" width=\"819\" height=\"1024\" src=\"https:\/\/noticiaempauta.com\/portal\/wp-content\/uploads\/2026\/01\/IMG_4151-819x1024.webp\" alt=\"\" class=\"wp-image-284140\" srcset=\"https:\/\/noticiaempauta.com\/portal\/wp-content\/uploads\/2026\/01\/IMG_4151-819x1024.webp 819w, https:\/\/noticiaempauta.com\/portal\/wp-content\/uploads\/2026\/01\/IMG_4151-240x300.webp 240w, https:\/\/noticiaempauta.com\/portal\/wp-content\/uploads\/2026\/01\/IMG_4151-768x960.webp 768w, https:\/\/noticiaempauta.com\/portal\/wp-content\/uploads\/2026\/01\/IMG_4151.webp 1080w\" sizes=\"(max-width: 819px) 100vw, 819px\" \/><\/figure>\n\n\n\n<figure class=\"wp-block-image size-large\"><img loading=\"lazy\" decoding=\"async\" width=\"819\" height=\"1024\" src=\"https:\/\/noticiaempauta.com\/portal\/wp-content\/uploads\/2026\/01\/IMG_4150-819x1024.webp\" alt=\"\" class=\"wp-image-284141\" srcset=\"https:\/\/noticiaempauta.com\/portal\/wp-content\/uploads\/2026\/01\/IMG_4150-819x1024.webp 819w, https:\/\/noticiaempauta.com\/portal\/wp-content\/uploads\/2026\/01\/IMG_4150-240x300.webp 240w, https:\/\/noticiaempauta.com\/portal\/wp-content\/uploads\/2026\/01\/IMG_4150-768x960.webp 768w, https:\/\/noticiaempauta.com\/portal\/wp-content\/uploads\/2026\/01\/IMG_4150.webp 1080w\" sizes=\"(max-width: 819px) 100vw, 819px\" \/><\/figure>\n\n\n\n<figure class=\"wp-block-image size-large\"><img loading=\"lazy\" decoding=\"async\" width=\"819\" height=\"1024\" src=\"https:\/\/noticiaempauta.com\/portal\/wp-content\/uploads\/2026\/01\/IMG_4154-819x1024.webp\" alt=\"\" class=\"wp-image-284142\" srcset=\"https:\/\/noticiaempauta.com\/portal\/wp-content\/uploads\/2026\/01\/IMG_4154-819x1024.webp 819w, https:\/\/noticiaempauta.com\/portal\/wp-content\/uploads\/2026\/01\/IMG_4154-240x300.webp 240w, https:\/\/noticiaempauta.com\/portal\/wp-content\/uploads\/2026\/01\/IMG_4154-768x960.webp 768w, https:\/\/noticiaempauta.com\/portal\/wp-content\/uploads\/2026\/01\/IMG_4154.webp 1080w\" sizes=\"(max-width: 819px) 100vw, 819px\" \/><\/figure>\n\n\n\n<figure class=\"wp-block-image size-large\"><img loading=\"lazy\" decoding=\"async\" width=\"819\" height=\"1024\" src=\"https:\/\/noticiaempauta.com\/portal\/wp-content\/uploads\/2026\/01\/IMG_3961-819x1024.webp\" alt=\"\" class=\"wp-image-284143\" srcset=\"https:\/\/noticiaempauta.com\/portal\/wp-content\/uploads\/2026\/01\/IMG_3961-819x1024.webp 819w, https:\/\/noticiaempauta.com\/portal\/wp-content\/uploads\/2026\/01\/IMG_3961-240x300.webp 240w, https:\/\/noticiaempauta.com\/portal\/wp-content\/uploads\/2026\/01\/IMG_3961-768x960.webp 768w, https:\/\/noticiaempauta.com\/portal\/wp-content\/uploads\/2026\/01\/IMG_3961.webp 1080w\" sizes=\"(max-width: 819px) 100vw, 819px\" \/><\/figure>\n\n\n\n<p>As outras tr\u00eas alunas aprovadas no IFPI s\u00e3o das escolas Heli Nunes, no bairro Pantanal, e da zona rural de Picos, povoado Curralinho, da escola Expedito Albano.<\/p>\n\n\n\n<figure class=\"wp-block-image size-large\"><img loading=\"lazy\" decoding=\"async\" width=\"819\" height=\"1024\" src=\"https:\/\/noticiaempauta.com\/portal\/wp-content\/uploads\/2026\/01\/IMG_4149-819x1024.webp\" alt=\"\" class=\"wp-image-284144\" srcset=\"https:\/\/noticiaempauta.com\/portal\/wp-content\/uploads\/2026\/01\/IMG_4149-819x1024.webp 819w, https:\/\/noticiaempauta.com\/portal\/wp-content\/uploads\/2026\/01\/IMG_4149-240x300.webp 240w, https:\/\/noticiaempauta.com\/portal\/wp-content\/uploads\/2026\/01\/IMG_4149-768x960.webp 768w, https:\/\/noticiaempauta.com\/portal\/wp-content\/uploads\/2026\/01\/IMG_4149.webp 1080w\" sizes=\"(max-width: 819px) 100vw, 819px\" \/><\/figure>\n\n\n\n<figure class=\"wp-block-image size-large\"><img loading=\"lazy\" decoding=\"async\" width=\"819\" height=\"1024\" src=\"https:\/\/noticiaempauta.com\/portal\/wp-content\/uploads\/2026\/01\/IMG_3914-819x1024.webp\" alt=\"\" class=\"wp-image-284145\" srcset=\"https:\/\/noticiaempauta.com\/portal\/wp-content\/uploads\/2026\/01\/IMG_3914-819x1024.webp 819w, https:\/\/noticiaempauta.com\/portal\/wp-content\/uploads\/2026\/01\/IMG_3914-240x300.webp 240w, https:\/\/noticiaempauta.com\/portal\/wp-content\/uploads\/2026\/01\/IMG_3914-768x960.webp 768w, https:\/\/noticiaempauta.com\/portal\/wp-content\/uploads\/2026\/01\/IMG_3914.webp 1080w\" sizes=\"(max-width: 819px) 100vw, 819px\" \/><\/figure>\n\n\n\n<p>\u201cEste ano tivemos estas 14 aprova\u00e7\u00f5es e isso nos deixou muito felizes, pois \u00e9 reflexo do trabalho que iniciamos em 2025, colocando nossos estudantes como protagonistas de suas pr\u00f3prias hist\u00f3rias. O trabalho n\u00e3o vai parar e cremos que agora, em 2026, esse n\u00famero vai disparar muito mais. Quero parabenizar nossos professores, que se dedicaram em ensinar nossos alunos. Parabenizar aos alunos que se comprometeram com a aprendizagem e conquistaram uma vaga no IFPI. E agradecer ao IFPI pela parceria com o programa #PartiuIF, com quem reafirmamos essa alian\u00e7a para que mais estudantes tenham acesso ao IFPI\u201d, declarou a secret\u00e1ria de Educa\u00e7\u00e3o, Mary Dantas.<\/p>\n\n\n\n<figure class=\"wp-block-image size-large\"><img loading=\"lazy\" decoding=\"async\" width=\"819\" height=\"1024\" src=\"https:\/\/noticiaempauta.com\/portal\/wp-content\/uploads\/2026\/01\/IMG_3908-819x1024.webp\" alt=\"\" class=\"wp-image-284146\" srcset=\"https:\/\/noticiaempauta.com\/portal\/wp-content\/uploads\/2026\/01\/IMG_3908-819x1024.webp 819w, https:\/\/noticiaempauta.com\/portal\/wp-content\/uploads\/2026\/01\/IMG_3908-240x300.webp 240w, https:\/\/noticiaempauta.com\/portal\/wp-content\/uploads\/2026\/01\/IMG_3908-768x960.webp 768w, https:\/\/noticiaempauta.com\/portal\/wp-content\/uploads\/2026\/01\/IMG_3908.webp 1080w\" sizes=\"(max-width: 819px) 100vw, 819px\" \/><\/figure>\n","protected":false},"excerpt":{"rendered":"<p>Ap\u00f3s um ano de aprendizagem, estudantes do 9\u00b0 ano de diversas escolas municipais de Picos participaram do teste seletivo para ingresso no Instituto Federal do Piau\u00ed. Ao todo, 14 alunos, das zonas urbana e rural, foram aprovados e conquistaram uma vaga dentro do IFPI. Foram aprovados estudantes das escolas C\u00edvico-militar Cel. Jo\u00e3o Ferreira de Almeida [&hellip;]<\/p>\n","protected":false},"author":2,"featured_media":284136,"comment_status":"closed","ping_status":"closed","sticky":false,"template":"","format":"standard","meta":{"_mi_skip_tracking":false,"footnotes":""},"categories":[25,1,16],"tags":[],"class_list":["post-284135","post","type-post","status-publish","format-standard","has-post-thumbnail","hentry","category-destaques-site","category-geral","category-todas"],"acf":[],"yoast_head":"<!-- This site is optimized with the Yoast SEO Premium plugin v19.2 (Yoast SEO v26.9) - https:\/\/yoast.com\/product\/yoast-seo-premium-wordpress\/ -->\n<title>Picos: Alunos da rede municipal s\u00e3o aprovados em teste seletivo do IFPI - Portal Not\u00edcia em Pauta<\/title>\n<meta name=\"robots\" content=\"index, follow, max-snippet:-1, max-image-preview:large, max-video-preview:-1\" \/>\n<link rel=\"canonical\" href=\"https:\/\/noticiaempauta.com\/portal\/picos-alunos-da-rede-municipal-sao-aprovados-em-teste-seletivo-do-ifpi\/\" \/>\n<meta property=\"og:locale\" content=\"pt_BR\" \/>\n<meta property=\"og:type\" content=\"article\" \/>\n<meta property=\"og:title\" content=\"Picos: Alunos da rede municipal s\u00e3o aprovados em teste seletivo do IFPI\" \/>\n<meta property=\"og:description\" content=\"Ap\u00f3s um ano de aprendizagem, estudantes do 9\u00b0 ano de diversas escolas municipais de Picos participaram do teste seletivo para ingresso no Instituto Federal do Piau\u00ed. Ao todo, 14 alunos, das zonas urbana e rural, foram aprovados e conquistaram uma vaga dentro do IFPI. Foram aprovados estudantes das escolas C\u00edvico-militar Cel. Jo\u00e3o Ferreira de Almeida [&hellip;]\" \/>\n<meta property=\"og:url\" content=\"https:\/\/noticiaempauta.com\/portal\/picos-alunos-da-rede-municipal-sao-aprovados-em-teste-seletivo-do-ifpi\/\" \/>\n<meta property=\"og:site_name\" content=\"Portal Not\u00edcia em Pauta\" \/>\n<meta property=\"article:publisher\" content=\"https:\/\/www.facebook.com\/Portal-Notcia-Em-Pauta-102292869264820\/\" \/>\n<meta property=\"article:published_time\" content=\"2026-01-20T20:02:30+00:00\" \/>\n<meta property=\"article:modified_time\" content=\"2026-01-20T20:02:31+00:00\" \/>\n<meta property=\"og:image\" content=\"https:\/\/noticiaempauta.com\/portal\/wp-content\/uploads\/2026\/01\/IMG_3909.webp\" \/>\n\t<meta property=\"og:image:width\" content=\"1080\" \/>\n\t<meta property=\"og:image:height\" content=\"794\" \/>\n\t<meta property=\"og:image:type\" content=\"image\/webp\" \/>\n<meta name=\"author\" content=\"Reda\u00e7\u00e3o\" \/>\n<meta name=\"twitter:card\" content=\"summary_large_image\" \/>\n<meta name=\"twitter:label1\" content=\"Escrito por\" \/>\n\t<meta name=\"twitter:data1\" content=\"Reda\u00e7\u00e3o\" \/>\n\t<meta name=\"twitter:label2\" content=\"Est. tempo de leitura\" \/>\n\t<meta name=\"twitter:data2\" content=\"4 minutos\" \/>\n<script type=\"application\/ld+json\" class=\"yoast-schema-graph\">{\"@context\":\"https:\/\/schema.org\",\"@graph\":[{\"@type\":\"Article\",\"@id\":\"https:\/\/noticiaempauta.com\/portal\/picos-alunos-da-rede-municipal-sao-aprovados-em-teste-seletivo-do-ifpi\/#article\",\"isPartOf\":{\"@id\":\"https:\/\/noticiaempauta.com\/portal\/picos-alunos-da-rede-municipal-sao-aprovados-em-teste-seletivo-do-ifpi\/\"},\"author\":{\"name\":\"Reda\u00e7\u00e3o\",\"@id\":\"https:\/\/noticiaempauta.com\/portal\/#\/schema\/person\/a74af43dd1ab3deca45f988c717d57ac\"},\"headline\":\"Picos: Alunos da rede municipal s\u00e3o aprovados em teste seletivo do IFPI\",\"datePublished\":\"2026-01-20T20:02:30+00:00\",\"dateModified\":\"2026-01-20T20:02:31+00:00\",\"mainEntityOfPage\":{\"@id\":\"https:\/\/noticiaempauta.com\/portal\/picos-alunos-da-rede-municipal-sao-aprovados-em-teste-seletivo-do-ifpi\/\"},\"wordCount\":295,\"publisher\":{\"@id\":\"https:\/\/noticiaempauta.com\/portal\/#organization\"},\"image\":{\"@id\":\"https:\/\/noticiaempauta.com\/portal\/picos-alunos-da-rede-municipal-sao-aprovados-em-teste-seletivo-do-ifpi\/#primaryimage\"},\"thumbnailUrl\":\"https:\/\/noticiaempauta.com\/portal\/wp-content\/uploads\/2026\/01\/IMG_3909.webp\",\"articleSection\":[\"Destaques\",\"Geral\",\"Todas as Not\u00edcias\"],\"inLanguage\":\"pt-BR\"},{\"@type\":\"WebPage\",\"@id\":\"https:\/\/noticiaempauta.com\/portal\/picos-alunos-da-rede-municipal-sao-aprovados-em-teste-seletivo-do-ifpi\/\",\"url\":\"https:\/\/noticiaempauta.com\/portal\/picos-alunos-da-rede-municipal-sao-aprovados-em-teste-seletivo-do-ifpi\/\",\"name\":\"Picos: Alunos da rede municipal s\u00e3o aprovados em teste seletivo do IFPI - Portal Not\u00edcia em Pauta\",\"isPartOf\":{\"@id\":\"https:\/\/noticiaempauta.com\/portal\/#website\"},\"primaryImageOfPage\":{\"@id\":\"https:\/\/noticiaempauta.com\/portal\/picos-alunos-da-rede-municipal-sao-aprovados-em-teste-seletivo-do-ifpi\/#primaryimage\"},\"image\":{\"@id\":\"https:\/\/noticiaempauta.com\/portal\/picos-alunos-da-rede-municipal-sao-aprovados-em-teste-seletivo-do-ifpi\/#primaryimage\"},\"thumbnailUrl\":\"https:\/\/noticiaempauta.com\/portal\/wp-content\/uploads\/2026\/01\/IMG_3909.webp\",\"datePublished\":\"2026-01-20T20:02:30+00:00\",\"dateModified\":\"2026-01-20T20:02:31+00:00\",\"breadcrumb\":{\"@id\":\"https:\/\/noticiaempauta.com\/portal\/picos-alunos-da-rede-municipal-sao-aprovados-em-teste-seletivo-do-ifpi\/#breadcrumb\"},\"inLanguage\":\"pt-BR\",\"potentialAction\":[{\"@type\":\"ReadAction\",\"target\":[\"https:\/\/noticiaempauta.com\/portal\/picos-alunos-da-rede-municipal-sao-aprovados-em-teste-seletivo-do-ifpi\/\"]}]},{\"@type\":\"ImageObject\",\"inLanguage\":\"pt-BR\",\"@id\":\"https:\/\/noticiaempauta.com\/portal\/picos-alunos-da-rede-municipal-sao-aprovados-em-teste-seletivo-do-ifpi\/#primaryimage\",\"url\":\"https:\/\/noticiaempauta.com\/portal\/wp-content\/uploads\/2026\/01\/IMG_3909.webp\",\"contentUrl\":\"https:\/\/noticiaempauta.com\/portal\/wp-content\/uploads\/2026\/01\/IMG_3909.webp\",\"width\":1080,\"height\":794},{\"@type\":\"BreadcrumbList\",\"@id\":\"https:\/\/noticiaempauta.com\/portal\/picos-alunos-da-rede-municipal-sao-aprovados-em-teste-seletivo-do-ifpi\/#breadcrumb\",\"itemListElement\":[{\"@type\":\"ListItem\",\"position\":1,\"name\":\"P\u00e1gina Inicial\",\"item\":\"https:\/\/noticiaempauta.com\/portal\/\"},{\"@type\":\"ListItem\",\"position\":2,\"name\":\"Destaques\",\"item\":\"https:\/\/noticiaempauta.com\/portal\/destaques-site\/\"},{\"@type\":\"ListItem\",\"position\":3,\"name\":\"Picos: Alunos da rede municipal s\u00e3o aprovados em teste seletivo do IFPI\"}]},{\"@type\":\"WebSite\",\"@id\":\"https:\/\/noticiaempauta.com\/portal\/#website\",\"url\":\"https:\/\/noticiaempauta.com\/portal\/\",\"name\":\"Portal Not\u00edcia em Pauta\",\"description\":\"Voc\u00ea bem informado\",\"publisher\":{\"@id\":\"https:\/\/noticiaempauta.com\/portal\/#organization\"},\"potentialAction\":[{\"@type\":\"SearchAction\",\"target\":{\"@type\":\"EntryPoint\",\"urlTemplate\":\"https:\/\/noticiaempauta.com\/portal\/?s={search_term_string}\"},\"query-input\":{\"@type\":\"PropertyValueSpecification\",\"valueRequired\":true,\"valueName\":\"search_term_string\"}}],\"inLanguage\":\"pt-BR\"},{\"@type\":\"Organization\",\"@id\":\"https:\/\/noticiaempauta.com\/portal\/#organization\",\"name\":\"Portal Not\u00edcia em Pauta\",\"url\":\"https:\/\/noticiaempauta.com\/portal\/\",\"logo\":{\"@type\":\"ImageObject\",\"inLanguage\":\"pt-BR\",\"@id\":\"https:\/\/noticiaempauta.com\/portal\/#\/schema\/logo\/image\/\",\"url\":\"https:\/\/noticiaempauta.com\/portal\/wp-content\/uploads\/2022\/08\/logomarca_tema.fw_.png\",\"contentUrl\":\"https:\/\/noticiaempauta.com\/portal\/wp-content\/uploads\/2022\/08\/logomarca_tema.fw_.png\",\"width\":400,\"height\":232,\"caption\":\"Portal Not\u00edcia em Pauta\"},\"image\":{\"@id\":\"https:\/\/noticiaempauta.com\/portal\/#\/schema\/logo\/image\/\"},\"sameAs\":[\"https:\/\/www.facebook.com\/Portal-Notcia-Em-Pauta-102292869264820\/\",\"https:\/\/www.instagram.com\/portalnoticiaempauta\/\"]},{\"@type\":\"Person\",\"@id\":\"https:\/\/noticiaempauta.com\/portal\/#\/schema\/person\/a74af43dd1ab3deca45f988c717d57ac\",\"name\":\"Reda\u00e7\u00e3o\",\"image\":{\"@type\":\"ImageObject\",\"inLanguage\":\"pt-BR\",\"@id\":\"https:\/\/noticiaempauta.com\/portal\/#\/schema\/person\/image\/\",\"url\":\"https:\/\/secure.gravatar.com\/avatar\/03179346ecce6cdfc13361603e8f54242a90e5cde8618fa23c5c00aa2b0aadf3?s=96&d=mm&r=g\",\"contentUrl\":\"https:\/\/secure.gravatar.com\/avatar\/03179346ecce6cdfc13361603e8f54242a90e5cde8618fa23c5c00aa2b0aadf3?s=96&d=mm&r=g\",\"caption\":\"Reda\u00e7\u00e3o\"},\"sameAs\":[\"https:\/\/noticiaempauta.com\/portal\/\"],\"url\":\"https:\/\/noticiaempauta.com\/portal\/author\/fernando\/\"}]}<\/script>\n<!-- \/ Yoast SEO Premium plugin. -->","yoast_head_json":{"title":"Picos: Alunos da rede municipal s\u00e3o aprovados em teste seletivo do IFPI - Portal Not\u00edcia em Pauta","robots":{"index":"index","follow":"follow","max-snippet":"max-snippet:-1","max-image-preview":"max-image-preview:large","max-video-preview":"max-video-preview:-1"},"canonical":"https:\/\/noticiaempauta.com\/portal\/picos-alunos-da-rede-municipal-sao-aprovados-em-teste-seletivo-do-ifpi\/","og_locale":"pt_BR","og_type":"article","og_title":"Picos: Alunos da rede municipal s\u00e3o aprovados em teste seletivo do IFPI","og_description":"Ap\u00f3s um ano de aprendizagem, estudantes do 9\u00b0 ano de diversas escolas municipais de Picos participaram do teste seletivo para ingresso no Instituto Federal do Piau\u00ed. Ao todo, 14 alunos, das zonas urbana e rural, foram aprovados e conquistaram uma vaga dentro do IFPI. Foram aprovados estudantes das escolas C\u00edvico-militar Cel. Jo\u00e3o Ferreira de Almeida [&hellip;]","og_url":"https:\/\/noticiaempauta.com\/portal\/picos-alunos-da-rede-municipal-sao-aprovados-em-teste-seletivo-do-ifpi\/","og_site_name":"Portal Not\u00edcia em Pauta","article_publisher":"https:\/\/www.facebook.com\/Portal-Notcia-Em-Pauta-102292869264820\/","article_published_time":"2026-01-20T20:02:30+00:00","article_modified_time":"2026-01-20T20:02:31+00:00","og_image":[{"width":1080,"height":794,"url":"https:\/\/noticiaempauta.com\/portal\/wp-content\/uploads\/2026\/01\/IMG_3909.webp","type":"image\/webp"}],"author":"Reda\u00e7\u00e3o","twitter_card":"summary_large_image","twitter_misc":{"Escrito por":"Reda\u00e7\u00e3o","Est. tempo de leitura":"4 minutos"},"schema":{"@context":"https:\/\/schema.org","@graph":[{"@type":"Article","@id":"https:\/\/noticiaempauta.com\/portal\/picos-alunos-da-rede-municipal-sao-aprovados-em-teste-seletivo-do-ifpi\/#article","isPartOf":{"@id":"https:\/\/noticiaempauta.com\/portal\/picos-alunos-da-rede-municipal-sao-aprovados-em-teste-seletivo-do-ifpi\/"},"author":{"name":"Reda\u00e7\u00e3o","@id":"https:\/\/noticiaempauta.com\/portal\/#\/schema\/person\/a74af43dd1ab3deca45f988c717d57ac"},"headline":"Picos: Alunos da rede municipal s\u00e3o aprovados em teste seletivo do IFPI","datePublished":"2026-01-20T20:02:30+00:00","dateModified":"2026-01-20T20:02:31+00:00","mainEntityOfPage":{"@id":"https:\/\/noticiaempauta.com\/portal\/picos-alunos-da-rede-municipal-sao-aprovados-em-teste-seletivo-do-ifpi\/"},"wordCount":295,"publisher":{"@id":"https:\/\/noticiaempauta.com\/portal\/#organization"},"image":{"@id":"https:\/\/noticiaempauta.com\/portal\/picos-alunos-da-rede-municipal-sao-aprovados-em-teste-seletivo-do-ifpi\/#primaryimage"},"thumbnailUrl":"https:\/\/noticiaempauta.com\/portal\/wp-content\/uploads\/2026\/01\/IMG_3909.webp","articleSection":["Destaques","Geral","Todas as Not\u00edcias"],"inLanguage":"pt-BR"},{"@type":"WebPage","@id":"https:\/\/noticiaempauta.com\/portal\/picos-alunos-da-rede-municipal-sao-aprovados-em-teste-seletivo-do-ifpi\/","url":"https:\/\/noticiaempauta.com\/portal\/picos-alunos-da-rede-municipal-sao-aprovados-em-teste-seletivo-do-ifpi\/","name":"Picos: Alunos da rede municipal s\u00e3o aprovados em teste seletivo do IFPI - Portal Not\u00edcia em Pauta","isPartOf":{"@id":"https:\/\/noticiaempauta.com\/portal\/#website"},"primaryImageOfPage":{"@id":"https:\/\/noticiaempauta.com\/portal\/picos-alunos-da-rede-municipal-sao-aprovados-em-teste-seletivo-do-ifpi\/#primaryimage"},"image":{"@id":"https:\/\/noticiaempauta.com\/portal\/picos-alunos-da-rede-municipal-sao-aprovados-em-teste-seletivo-do-ifpi\/#primaryimage"},"thumbnailUrl":"https:\/\/noticiaempauta.com\/portal\/wp-content\/uploads\/2026\/01\/IMG_3909.webp","datePublished":"2026-01-20T20:02:30+00:00","dateModified":"2026-01-20T20:02:31+00:00","breadcrumb":{"@id":"https:\/\/noticiaempauta.com\/portal\/picos-alunos-da-rede-municipal-sao-aprovados-em-teste-seletivo-do-ifpi\/#breadcrumb"},"inLanguage":"pt-BR","potentialAction":[{"@type":"ReadAction","target":["https:\/\/noticiaempauta.com\/portal\/picos-alunos-da-rede-municipal-sao-aprovados-em-teste-seletivo-do-ifpi\/"]}]},{"@type":"ImageObject","inLanguage":"pt-BR","@id":"https:\/\/noticiaempauta.com\/portal\/picos-alunos-da-rede-municipal-sao-aprovados-em-teste-seletivo-do-ifpi\/#primaryimage","url":"https:\/\/noticiaempauta.com\/portal\/wp-content\/uploads\/2026\/01\/IMG_3909.webp","contentUrl":"https:\/\/noticiaempauta.com\/portal\/wp-content\/uploads\/2026\/01\/IMG_3909.webp","width":1080,"height":794},{"@type":"BreadcrumbList","@id":"https:\/\/noticiaempauta.com\/portal\/picos-alunos-da-rede-municipal-sao-aprovados-em-teste-seletivo-do-ifpi\/#breadcrumb","itemListElement":[{"@type":"ListItem","position":1,"name":"P\u00e1gina Inicial","item":"https:\/\/noticiaempauta.com\/portal\/"},{"@type":"ListItem","position":2,"name":"Destaques","item":"https:\/\/noticiaempauta.com\/portal\/destaques-site\/"},{"@type":"ListItem","position":3,"name":"Picos: Alunos da rede municipal s\u00e3o aprovados em teste seletivo do IFPI"}]},{"@type":"WebSite","@id":"https:\/\/noticiaempauta.com\/portal\/#website","url":"https:\/\/noticiaempauta.com\/portal\/","name":"Portal Not\u00edcia em Pauta","description":"Voc\u00ea bem informado","publisher":{"@id":"https:\/\/noticiaempauta.com\/portal\/#organization"},"potentialAction":[{"@type":"SearchAction","target":{"@type":"EntryPoint","urlTemplate":"https:\/\/noticiaempauta.com\/portal\/?s={search_term_string}"},"query-input":{"@type":"PropertyValueSpecification","valueRequired":true,"valueName":"search_term_string"}}],"inLanguage":"pt-BR"},{"@type":"Organization","@id":"https:\/\/noticiaempauta.com\/portal\/#organization","name":"Portal Not\u00edcia em Pauta","url":"https:\/\/noticiaempauta.com\/portal\/","logo":{"@type":"ImageObject","inLanguage":"pt-BR","@id":"https:\/\/noticiaempauta.com\/portal\/#\/schema\/logo\/image\/","url":"https:\/\/noticiaempauta.com\/portal\/wp-content\/uploads\/2022\/08\/logomarca_tema.fw_.png","contentUrl":"https:\/\/noticiaempauta.com\/portal\/wp-content\/uploads\/2022\/08\/logomarca_tema.fw_.png","width":400,"height":232,"caption":"Portal Not\u00edcia em Pauta"},"image":{"@id":"https:\/\/noticiaempauta.com\/portal\/#\/schema\/logo\/image\/"},"sameAs":["https:\/\/www.facebook.com\/Portal-Notcia-Em-Pauta-102292869264820\/","https:\/\/www.instagram.com\/portalnoticiaempauta\/"]},{"@type":"Person","@id":"https:\/\/noticiaempauta.com\/portal\/#\/schema\/person\/a74af43dd1ab3deca45f988c717d57ac","name":"Reda\u00e7\u00e3o","image":{"@type":"ImageObject","inLanguage":"pt-BR","@id":"https:\/\/noticiaempauta.com\/portal\/#\/schema\/person\/image\/","url":"https:\/\/secure.gravatar.com\/avatar\/03179346ecce6cdfc13361603e8f54242a90e5cde8618fa23c5c00aa2b0aadf3?s=96&d=mm&r=g","contentUrl":"https:\/\/secure.gravatar.com\/avatar\/03179346ecce6cdfc13361603e8f54242a90e5cde8618fa23c5c00aa2b0aadf3?s=96&d=mm&r=g","caption":"Reda\u00e7\u00e3o"},"sameAs":["https:\/\/noticiaempauta.com\/portal\/"],"url":"https:\/\/noticiaempauta.com\/portal\/author\/fernando\/"}]}},"_links":{"self":[{"href":"https:\/\/noticiaempauta.com\/portal\/wp-json\/wp\/v2\/posts\/284135","targetHints":{"allow":["GET"]}}],"collection":[{"href":"https:\/\/noticiaempauta.com\/portal\/wp-json\/wp\/v2\/posts"}],"about":[{"href":"https:\/\/noticiaempauta.com\/portal\/wp-json\/wp\/v2\/types\/post"}],"author":[{"embeddable":true,"href":"https:\/\/noticiaempauta.com\/portal\/wp-json\/wp\/v2\/users\/2"}],"replies":[{"embeddable":true,"href":"https:\/\/noticiaempauta.com\/portal\/wp-json\/wp\/v2\/comments?post=284135"}],"version-history":[{"count":2,"href":"https:\/\/noticiaempauta.com\/portal\/wp-json\/wp\/v2\/posts\/284135\/revisions"}],"predecessor-version":[{"id":284148,"href":"https:\/\/noticiaempauta.com\/portal\/wp-json\/wp\/v2\/posts\/284135\/revisions\/284148"}],"wp:featuredmedia":[{"embeddable":true,"href":"https:\/\/noticiaempauta.com\/portal\/wp-json\/wp\/v2\/media\/284136"}],"wp:attachment":[{"href":"https:\/\/noticiaempauta.com\/portal\/wp-json\/wp\/v2\/media?parent=284135"}],"wp:term":[{"taxonomy":"category","embeddable":true,"href":"https:\/\/noticiaempauta.com\/portal\/wp-json\/wp\/v2\/categories?post=284135"},{"taxonomy":"post_tag","embeddable":true,"href":"https:\/\/noticiaempauta.com\/portal\/wp-json\/wp\/v2\/tags?post=284135"}],"curies":[{"name":"wp","href":"https:\/\/api.w.org\/{rel}","templated":true}]}}