{"id":284149,"date":"2026-01-21T08:59:06","date_gmt":"2026-01-21T11:59:06","guid":{"rendered":"https:\/\/noticiaempauta.com\/portal\/?p=284149"},"modified":"2026-01-21T08:59:08","modified_gmt":"2026-01-21T11:59:08","slug":"inscricoes-do-prouni-comecam-na-segunda-26-veja-cronograma-e-vagas-disponiveis","status":"publish","type":"post","link":"https:\/\/noticiaempauta.com\/portal\/inscricoes-do-prouni-comecam-na-segunda-26-veja-cronograma-e-vagas-disponiveis\/","title":{"rendered":"Inscri\u00e7\u00f5es do ProUni come\u00e7am na segunda (26); veja cronograma e vagas dispon\u00edveis"},"content":{"rendered":"\n<p>A partir da pr\u00f3xima segunda-feira (26), estudantes que participaram do Exame Nacional do Ensino M\u00e9dio (Enem)\u00a0<strong>poder\u00e3o se inscrever para concorrer a bolsas de estudo do Programa Universidade para Todos (ProUni).\u00a0<\/strong>Nesta edi\u00e7\u00e3o, o programa ofertar\u00e1\u00a0594 mil bolsas,\u00a0n\u00famero recorde desde a cria\u00e7\u00e3o da pol\u00edtica p\u00fablica, segundo o Minist\u00e9rio da Educa\u00e7\u00e3o (MEC).<\/p>\n\n\n\n<figure class=\"wp-block-image size-full\"><img fetchpriority=\"high\" decoding=\"async\" width=\"785\" height=\"435\" src=\"https:\/\/noticiaempauta.com\/portal\/wp-content\/uploads\/2026\/01\/programa-universidade-para-todos-prouni-7e0c6b6b5fddb211-1.webp\" alt=\"\" class=\"wp-image-284150\" srcset=\"https:\/\/noticiaempauta.com\/portal\/wp-content\/uploads\/2026\/01\/programa-universidade-para-todos-prouni-7e0c6b6b5fddb211-1.webp 785w, https:\/\/noticiaempauta.com\/portal\/wp-content\/uploads\/2026\/01\/programa-universidade-para-todos-prouni-7e0c6b6b5fddb211-1-300x166.webp 300w, https:\/\/noticiaempauta.com\/portal\/wp-content\/uploads\/2026\/01\/programa-universidade-para-todos-prouni-7e0c6b6b5fddb211-1-768x426.webp 768w\" sizes=\"(max-width: 785px) 100vw, 785px\" \/><figcaption class=\"wp-element-caption\">Programa Universidade para Todos (ProUni) | Reprodu\u00e7\u00e3o\/ Ag\u00eancia Brasil<\/figcaption><\/figure>\n\n\n\n<p>As inscri\u00e7\u00f5es seguem abertas at\u00e9 o dia 29 de janeiro e devem ser realizadas exclusivamente pelo Portal \u00danico de Acesso ao Ensino Superior.&nbsp;Na plataforma, os candidatos podem consultar as vagas dispon\u00edveis por curso, turno, institui\u00e7\u00e3o e local de oferta.<ins><\/ins><\/p>\n\n\n\n<h2 class=\"wp-block-heading\"><strong>Distribui\u00e7\u00e3o das bolsas<\/strong><\/h2>\n\n\n\n<p>Do total de oportunidades, 274.819 bolsas s\u00e3o integrais, que cobrem 100% do valor da mensalidade, enquanto 319.700 s\u00e3o parciais, com subs\u00eddio de 50%.<\/p>\n\n\n\n<p>Os cursos com maior n\u00famero de bolsas ofertadas s\u00e3o Administra\u00e7\u00e3o, com 63.978 vagas, e Ci\u00eancias Cont\u00e1beis, com 41.864. A maior parte das oportunidades \u00e9 destinada a cursos de bacharelado, que concentram 328.175 bolsas. J\u00e1 os cursos tecnol\u00f3gicos somam 253.597 vagas, enquanto as licenciaturas ofertam 12.747 bolsas.<\/p>\n\n\n\n<h2 class=\"wp-block-heading\"><strong>Quem pode participar<\/strong><\/h2>\n\n\n\n<p>Podem concorrer ao ProUni estudantes que tenham cursado o ensino m\u00e9dio na rede p\u00fablica ou na rede privada na condi\u00e7\u00e3o de bolsistas. Alunos que estudaram integralmente em escolas particulares tamb\u00e9m podem disputar as bolsas, desde que atendam aos crit\u00e9rios de renda.<\/p>\n\n\n\n<p>O programa tamb\u00e9m contempla pessoas com defici\u00eancia e professores da rede p\u00fablica, conforme previsto em edital.<\/p>\n\n\n\n<p>Para as bolsas integrais, a renda familiar bruta mensal por pessoa deve ser de at\u00e9 1,5 sal\u00e1rio m\u00ednimo. No caso das bolsas parciais, o limite \u00e9 de tr\u00eas sal\u00e1rios m\u00ednimos por pessoa.<\/p>\n\n\n\n<p><a href=\"https:\/\/www.gov.br\/mec\/pt-br\/prouni\/arquivos\/2026\/edital_nr_2_de_07_de_janeiro_de_2026.pdf\" rel=\"noreferrer noopener\" target=\"_blank\">CONFIRA O EDITAL AQUI<\/a><\/p>\n\n\n\n<h2 class=\"wp-block-heading\"><strong>Crit\u00e9rios de sele\u00e7\u00e3o<\/strong><\/h2>\n\n\n\n<p>A sele\u00e7\u00e3o \u00e9 feita com base na nota do Enem.&nbsp;Para participar, o candidato deve ter conclu\u00eddo o ensino m\u00e9dio e ter participado de uma das edi\u00e7\u00f5es do exame em 2024 ou 2025.<br><br>Tamb\u00e9m \u00e9 exigida m\u00e9dia m\u00ednima de 450 pontos nas provas e nota diferente de zero na reda\u00e7\u00e3o.<ins><\/ins><\/p>\n\n\n\n<h2 class=\"wp-block-heading\"><strong>Cronograma do ProUni 1\/2026<\/strong><\/h2>\n\n\n\n<ol class=\"wp-block-list\">\n<li><strong>Inscri\u00e7\u00f5es:<\/strong>\u00a026 a 29 de janeiro<\/li>\n\n\n\n<li><strong>Resultado da 1\u00aa chamada:<\/strong>\u00a03 de fevereiro<\/li>\n\n\n\n<li><strong>Resultado da 2\u00aa chamada:\u00a0<\/strong>2 de mar\u00e7o<\/li>\n\n\n\n<li><strong>Manifesta\u00e7\u00e3o de interesse na lista de espera:<\/strong>\u00a025 e 26 de mar\u00e7o<\/li>\n\n\n\n<li><strong>Resultado da lista de espera:<\/strong>\u00a031 de mar\u00e7o<\/li>\n<\/ol>\n\n\n\n<p><strong><em>Ag\u00eancia Brasil<\/em><\/strong><\/p>\n\n\n\n<p><\/p>\n","protected":false},"excerpt":{"rendered":"<p>A partir da pr\u00f3xima segunda-feira (26), estudantes que participaram do Exame Nacional do Ensino M\u00e9dio (Enem)\u00a0poder\u00e3o se inscrever para concorrer a bolsas de estudo do Programa Universidade para Todos (ProUni).\u00a0Nesta edi\u00e7\u00e3o, o programa ofertar\u00e1\u00a0594 mil bolsas,\u00a0n\u00famero recorde desde a cria\u00e7\u00e3o da pol\u00edtica p\u00fablica, segundo o Minist\u00e9rio da Educa\u00e7\u00e3o (MEC). As inscri\u00e7\u00f5es seguem abertas at\u00e9 o [&hellip;]<\/p>\n","protected":false},"author":2,"featured_media":284150,"comment_status":"closed","ping_status":"closed","sticky":false,"template":"","format":"standard","meta":{"_mi_skip_tracking":false,"footnotes":""},"categories":[25,1,16],"tags":[192],"class_list":["post-284149","post","type-post","status-publish","format-standard","has-post-thumbnail","hentry","category-destaques-site","category-geral","category-todas","tag-destaqueprincipal"],"acf":[],"yoast_head":"<!-- This site is optimized with the Yoast SEO Premium plugin v19.2 (Yoast SEO v26.9) - https:\/\/yoast.com\/product\/yoast-seo-premium-wordpress\/ -->\n<title>Inscri\u00e7\u00f5es do ProUni come\u00e7am na segunda (26); veja cronograma e vagas dispon\u00edveis - Portal Not\u00edcia em Pauta<\/title>\n<meta name=\"robots\" content=\"index, follow, max-snippet:-1, max-image-preview:large, max-video-preview:-1\" \/>\n<link rel=\"canonical\" href=\"https:\/\/noticiaempauta.com\/portal\/inscricoes-do-prouni-comecam-na-segunda-26-veja-cronograma-e-vagas-disponiveis\/\" \/>\n<meta property=\"og:locale\" content=\"pt_BR\" \/>\n<meta property=\"og:type\" content=\"article\" \/>\n<meta property=\"og:title\" content=\"Inscri\u00e7\u00f5es do ProUni come\u00e7am na segunda (26); veja cronograma e vagas dispon\u00edveis\" \/>\n<meta property=\"og:description\" content=\"A partir da pr\u00f3xima segunda-feira (26), estudantes que participaram do Exame Nacional do Ensino M\u00e9dio (Enem)\u00a0poder\u00e3o se inscrever para concorrer a bolsas de estudo do Programa Universidade para Todos (ProUni).\u00a0Nesta edi\u00e7\u00e3o, o programa ofertar\u00e1\u00a0594 mil bolsas,\u00a0n\u00famero recorde desde a cria\u00e7\u00e3o da pol\u00edtica p\u00fablica, segundo o Minist\u00e9rio da Educa\u00e7\u00e3o (MEC). As inscri\u00e7\u00f5es seguem abertas at\u00e9 o [&hellip;]\" \/>\n<meta property=\"og:url\" content=\"https:\/\/noticiaempauta.com\/portal\/inscricoes-do-prouni-comecam-na-segunda-26-veja-cronograma-e-vagas-disponiveis\/\" \/>\n<meta property=\"og:site_name\" content=\"Portal Not\u00edcia em Pauta\" \/>\n<meta property=\"article:publisher\" content=\"https:\/\/www.facebook.com\/Portal-Notcia-Em-Pauta-102292869264820\/\" \/>\n<meta property=\"article:published_time\" content=\"2026-01-21T11:59:06+00:00\" \/>\n<meta property=\"article:modified_time\" content=\"2026-01-21T11:59:08+00:00\" \/>\n<meta property=\"og:image\" content=\"https:\/\/noticiaempauta.com\/portal\/wp-content\/uploads\/2026\/01\/programa-universidade-para-todos-prouni-7e0c6b6b5fddb211-1.webp\" \/>\n\t<meta property=\"og:image:width\" content=\"785\" \/>\n\t<meta property=\"og:image:height\" content=\"435\" \/>\n\t<meta property=\"og:image:type\" content=\"image\/webp\" \/>\n<meta name=\"author\" content=\"Reda\u00e7\u00e3o\" \/>\n<meta name=\"twitter:card\" content=\"summary_large_image\" \/>\n<meta name=\"twitter:label1\" content=\"Escrito por\" \/>\n\t<meta name=\"twitter:data1\" content=\"Reda\u00e7\u00e3o\" \/>\n\t<meta name=\"twitter:label2\" content=\"Est. tempo de leitura\" \/>\n\t<meta name=\"twitter:data2\" content=\"3 minutos\" \/>\n<script type=\"application\/ld+json\" class=\"yoast-schema-graph\">{\"@context\":\"https:\/\/schema.org\",\"@graph\":[{\"@type\":\"Article\",\"@id\":\"https:\/\/noticiaempauta.com\/portal\/inscricoes-do-prouni-comecam-na-segunda-26-veja-cronograma-e-vagas-disponiveis\/#article\",\"isPartOf\":{\"@id\":\"https:\/\/noticiaempauta.com\/portal\/inscricoes-do-prouni-comecam-na-segunda-26-veja-cronograma-e-vagas-disponiveis\/\"},\"author\":{\"name\":\"Reda\u00e7\u00e3o\",\"@id\":\"https:\/\/noticiaempauta.com\/portal\/#\/schema\/person\/a74af43dd1ab3deca45f988c717d57ac\"},\"headline\":\"Inscri\u00e7\u00f5es do ProUni come\u00e7am na segunda (26); veja cronograma e vagas dispon\u00edveis\",\"datePublished\":\"2026-01-21T11:59:06+00:00\",\"dateModified\":\"2026-01-21T11:59:08+00:00\",\"mainEntityOfPage\":{\"@id\":\"https:\/\/noticiaempauta.com\/portal\/inscricoes-do-prouni-comecam-na-segunda-26-veja-cronograma-e-vagas-disponiveis\/\"},\"wordCount\":408,\"publisher\":{\"@id\":\"https:\/\/noticiaempauta.com\/portal\/#organization\"},\"image\":{\"@id\":\"https:\/\/noticiaempauta.com\/portal\/inscricoes-do-prouni-comecam-na-segunda-26-veja-cronograma-e-vagas-disponiveis\/#primaryimage\"},\"thumbnailUrl\":\"https:\/\/noticiaempauta.com\/portal\/wp-content\/uploads\/2026\/01\/programa-universidade-para-todos-prouni-7e0c6b6b5fddb211-1.webp\",\"keywords\":[\"destaqueprincipal\"],\"articleSection\":[\"Destaques\",\"Geral\",\"Todas as Not\u00edcias\"],\"inLanguage\":\"pt-BR\"},{\"@type\":\"WebPage\",\"@id\":\"https:\/\/noticiaempauta.com\/portal\/inscricoes-do-prouni-comecam-na-segunda-26-veja-cronograma-e-vagas-disponiveis\/\",\"url\":\"https:\/\/noticiaempauta.com\/portal\/inscricoes-do-prouni-comecam-na-segunda-26-veja-cronograma-e-vagas-disponiveis\/\",\"name\":\"Inscri\u00e7\u00f5es do ProUni come\u00e7am na segunda (26); veja cronograma e vagas dispon\u00edveis - Portal Not\u00edcia em Pauta\",\"isPartOf\":{\"@id\":\"https:\/\/noticiaempauta.com\/portal\/#website\"},\"primaryImageOfPage\":{\"@id\":\"https:\/\/noticiaempauta.com\/portal\/inscricoes-do-prouni-comecam-na-segunda-26-veja-cronograma-e-vagas-disponiveis\/#primaryimage\"},\"image\":{\"@id\":\"https:\/\/noticiaempauta.com\/portal\/inscricoes-do-prouni-comecam-na-segunda-26-veja-cronograma-e-vagas-disponiveis\/#primaryimage\"},\"thumbnailUrl\":\"https:\/\/noticiaempauta.com\/portal\/wp-content\/uploads\/2026\/01\/programa-universidade-para-todos-prouni-7e0c6b6b5fddb211-1.webp\",\"datePublished\":\"2026-01-21T11:59:06+00:00\",\"dateModified\":\"2026-01-21T11:59:08+00:00\",\"breadcrumb\":{\"@id\":\"https:\/\/noticiaempauta.com\/portal\/inscricoes-do-prouni-comecam-na-segunda-26-veja-cronograma-e-vagas-disponiveis\/#breadcrumb\"},\"inLanguage\":\"pt-BR\",\"potentialAction\":[{\"@type\":\"ReadAction\",\"target\":[\"https:\/\/noticiaempauta.com\/portal\/inscricoes-do-prouni-comecam-na-segunda-26-veja-cronograma-e-vagas-disponiveis\/\"]}]},{\"@type\":\"ImageObject\",\"inLanguage\":\"pt-BR\",\"@id\":\"https:\/\/noticiaempauta.com\/portal\/inscricoes-do-prouni-comecam-na-segunda-26-veja-cronograma-e-vagas-disponiveis\/#primaryimage\",\"url\":\"https:\/\/noticiaempauta.com\/portal\/wp-content\/uploads\/2026\/01\/programa-universidade-para-todos-prouni-7e0c6b6b5fddb211-1.webp\",\"contentUrl\":\"https:\/\/noticiaempauta.com\/portal\/wp-content\/uploads\/2026\/01\/programa-universidade-para-todos-prouni-7e0c6b6b5fddb211-1.webp\",\"width\":785,\"height\":435},{\"@type\":\"BreadcrumbList\",\"@id\":\"https:\/\/noticiaempauta.com\/portal\/inscricoes-do-prouni-comecam-na-segunda-26-veja-cronograma-e-vagas-disponiveis\/#breadcrumb\",\"itemListElement\":[{\"@type\":\"ListItem\",\"position\":1,\"name\":\"P\u00e1gina Inicial\",\"item\":\"https:\/\/noticiaempauta.com\/portal\/\"},{\"@type\":\"ListItem\",\"position\":2,\"name\":\"Destaques\",\"item\":\"https:\/\/noticiaempauta.com\/portal\/destaques-site\/\"},{\"@type\":\"ListItem\",\"position\":3,\"name\":\"Inscri\u00e7\u00f5es do ProUni come\u00e7am na segunda (26); veja cronograma e vagas dispon\u00edveis\"}]},{\"@type\":\"WebSite\",\"@id\":\"https:\/\/noticiaempauta.com\/portal\/#website\",\"url\":\"https:\/\/noticiaempauta.com\/portal\/\",\"name\":\"Portal Not\u00edcia em Pauta\",\"description\":\"Voc\u00ea bem informado\",\"publisher\":{\"@id\":\"https:\/\/noticiaempauta.com\/portal\/#organization\"},\"potentialAction\":[{\"@type\":\"SearchAction\",\"target\":{\"@type\":\"EntryPoint\",\"urlTemplate\":\"https:\/\/noticiaempauta.com\/portal\/?s={search_term_string}\"},\"query-input\":{\"@type\":\"PropertyValueSpecification\",\"valueRequired\":true,\"valueName\":\"search_term_string\"}}],\"inLanguage\":\"pt-BR\"},{\"@type\":\"Organization\",\"@id\":\"https:\/\/noticiaempauta.com\/portal\/#organization\",\"name\":\"Portal Not\u00edcia em Pauta\",\"url\":\"https:\/\/noticiaempauta.com\/portal\/\",\"logo\":{\"@type\":\"ImageObject\",\"inLanguage\":\"pt-BR\",\"@id\":\"https:\/\/noticiaempauta.com\/portal\/#\/schema\/logo\/image\/\",\"url\":\"https:\/\/noticiaempauta.com\/portal\/wp-content\/uploads\/2022\/08\/logomarca_tema.fw_.png\",\"contentUrl\":\"https:\/\/noticiaempauta.com\/portal\/wp-content\/uploads\/2022\/08\/logomarca_tema.fw_.png\",\"width\":400,\"height\":232,\"caption\":\"Portal Not\u00edcia em Pauta\"},\"image\":{\"@id\":\"https:\/\/noticiaempauta.com\/portal\/#\/schema\/logo\/image\/\"},\"sameAs\":[\"https:\/\/www.facebook.com\/Portal-Notcia-Em-Pauta-102292869264820\/\",\"https:\/\/www.instagram.com\/portalnoticiaempauta\/\"]},{\"@type\":\"Person\",\"@id\":\"https:\/\/noticiaempauta.com\/portal\/#\/schema\/person\/a74af43dd1ab3deca45f988c717d57ac\",\"name\":\"Reda\u00e7\u00e3o\",\"image\":{\"@type\":\"ImageObject\",\"inLanguage\":\"pt-BR\",\"@id\":\"https:\/\/noticiaempauta.com\/portal\/#\/schema\/person\/image\/\",\"url\":\"https:\/\/secure.gravatar.com\/avatar\/03179346ecce6cdfc13361603e8f54242a90e5cde8618fa23c5c00aa2b0aadf3?s=96&d=mm&r=g\",\"contentUrl\":\"https:\/\/secure.gravatar.com\/avatar\/03179346ecce6cdfc13361603e8f54242a90e5cde8618fa23c5c00aa2b0aadf3?s=96&d=mm&r=g\",\"caption\":\"Reda\u00e7\u00e3o\"},\"sameAs\":[\"https:\/\/noticiaempauta.com\/portal\/\"],\"url\":\"https:\/\/noticiaempauta.com\/portal\/author\/fernando\/\"}]}<\/script>\n<!-- \/ Yoast SEO Premium plugin. -->","yoast_head_json":{"title":"Inscri\u00e7\u00f5es do ProUni come\u00e7am na segunda (26); veja cronograma e vagas dispon\u00edveis - Portal Not\u00edcia em Pauta","robots":{"index":"index","follow":"follow","max-snippet":"max-snippet:-1","max-image-preview":"max-image-preview:large","max-video-preview":"max-video-preview:-1"},"canonical":"https:\/\/noticiaempauta.com\/portal\/inscricoes-do-prouni-comecam-na-segunda-26-veja-cronograma-e-vagas-disponiveis\/","og_locale":"pt_BR","og_type":"article","og_title":"Inscri\u00e7\u00f5es do ProUni come\u00e7am na segunda (26); veja cronograma e vagas dispon\u00edveis","og_description":"A partir da pr\u00f3xima segunda-feira (26), estudantes que participaram do Exame Nacional do Ensino M\u00e9dio (Enem)\u00a0poder\u00e3o se inscrever para concorrer a bolsas de estudo do Programa Universidade para Todos (ProUni).\u00a0Nesta edi\u00e7\u00e3o, o programa ofertar\u00e1\u00a0594 mil bolsas,\u00a0n\u00famero recorde desde a cria\u00e7\u00e3o da pol\u00edtica p\u00fablica, segundo o Minist\u00e9rio da Educa\u00e7\u00e3o (MEC). As inscri\u00e7\u00f5es seguem abertas at\u00e9 o [&hellip;]","og_url":"https:\/\/noticiaempauta.com\/portal\/inscricoes-do-prouni-comecam-na-segunda-26-veja-cronograma-e-vagas-disponiveis\/","og_site_name":"Portal Not\u00edcia em Pauta","article_publisher":"https:\/\/www.facebook.com\/Portal-Notcia-Em-Pauta-102292869264820\/","article_published_time":"2026-01-21T11:59:06+00:00","article_modified_time":"2026-01-21T11:59:08+00:00","og_image":[{"width":785,"height":435,"url":"https:\/\/noticiaempauta.com\/portal\/wp-content\/uploads\/2026\/01\/programa-universidade-para-todos-prouni-7e0c6b6b5fddb211-1.webp","type":"image\/webp"}],"author":"Reda\u00e7\u00e3o","twitter_card":"summary_large_image","twitter_misc":{"Escrito por":"Reda\u00e7\u00e3o","Est. tempo de leitura":"3 minutos"},"schema":{"@context":"https:\/\/schema.org","@graph":[{"@type":"Article","@id":"https:\/\/noticiaempauta.com\/portal\/inscricoes-do-prouni-comecam-na-segunda-26-veja-cronograma-e-vagas-disponiveis\/#article","isPartOf":{"@id":"https:\/\/noticiaempauta.com\/portal\/inscricoes-do-prouni-comecam-na-segunda-26-veja-cronograma-e-vagas-disponiveis\/"},"author":{"name":"Reda\u00e7\u00e3o","@id":"https:\/\/noticiaempauta.com\/portal\/#\/schema\/person\/a74af43dd1ab3deca45f988c717d57ac"},"headline":"Inscri\u00e7\u00f5es do ProUni come\u00e7am na segunda (26); veja cronograma e vagas dispon\u00edveis","datePublished":"2026-01-21T11:59:06+00:00","dateModified":"2026-01-21T11:59:08+00:00","mainEntityOfPage":{"@id":"https:\/\/noticiaempauta.com\/portal\/inscricoes-do-prouni-comecam-na-segunda-26-veja-cronograma-e-vagas-disponiveis\/"},"wordCount":408,"publisher":{"@id":"https:\/\/noticiaempauta.com\/portal\/#organization"},"image":{"@id":"https:\/\/noticiaempauta.com\/portal\/inscricoes-do-prouni-comecam-na-segunda-26-veja-cronograma-e-vagas-disponiveis\/#primaryimage"},"thumbnailUrl":"https:\/\/noticiaempauta.com\/portal\/wp-content\/uploads\/2026\/01\/programa-universidade-para-todos-prouni-7e0c6b6b5fddb211-1.webp","keywords":["destaqueprincipal"],"articleSection":["Destaques","Geral","Todas as Not\u00edcias"],"inLanguage":"pt-BR"},{"@type":"WebPage","@id":"https:\/\/noticiaempauta.com\/portal\/inscricoes-do-prouni-comecam-na-segunda-26-veja-cronograma-e-vagas-disponiveis\/","url":"https:\/\/noticiaempauta.com\/portal\/inscricoes-do-prouni-comecam-na-segunda-26-veja-cronograma-e-vagas-disponiveis\/","name":"Inscri\u00e7\u00f5es do ProUni come\u00e7am na segunda (26); veja cronograma e vagas dispon\u00edveis - Portal Not\u00edcia em Pauta","isPartOf":{"@id":"https:\/\/noticiaempauta.com\/portal\/#website"},"primaryImageOfPage":{"@id":"https:\/\/noticiaempauta.com\/portal\/inscricoes-do-prouni-comecam-na-segunda-26-veja-cronograma-e-vagas-disponiveis\/#primaryimage"},"image":{"@id":"https:\/\/noticiaempauta.com\/portal\/inscricoes-do-prouni-comecam-na-segunda-26-veja-cronograma-e-vagas-disponiveis\/#primaryimage"},"thumbnailUrl":"https:\/\/noticiaempauta.com\/portal\/wp-content\/uploads\/2026\/01\/programa-universidade-para-todos-prouni-7e0c6b6b5fddb211-1.webp","datePublished":"2026-01-21T11:59:06+00:00","dateModified":"2026-01-21T11:59:08+00:00","breadcrumb":{"@id":"https:\/\/noticiaempauta.com\/portal\/inscricoes-do-prouni-comecam-na-segunda-26-veja-cronograma-e-vagas-disponiveis\/#breadcrumb"},"inLanguage":"pt-BR","potentialAction":[{"@type":"ReadAction","target":["https:\/\/noticiaempauta.com\/portal\/inscricoes-do-prouni-comecam-na-segunda-26-veja-cronograma-e-vagas-disponiveis\/"]}]},{"@type":"ImageObject","inLanguage":"pt-BR","@id":"https:\/\/noticiaempauta.com\/portal\/inscricoes-do-prouni-comecam-na-segunda-26-veja-cronograma-e-vagas-disponiveis\/#primaryimage","url":"https:\/\/noticiaempauta.com\/portal\/wp-content\/uploads\/2026\/01\/programa-universidade-para-todos-prouni-7e0c6b6b5fddb211-1.webp","contentUrl":"https:\/\/noticiaempauta.com\/portal\/wp-content\/uploads\/2026\/01\/programa-universidade-para-todos-prouni-7e0c6b6b5fddb211-1.webp","width":785,"height":435},{"@type":"BreadcrumbList","@id":"https:\/\/noticiaempauta.com\/portal\/inscricoes-do-prouni-comecam-na-segunda-26-veja-cronograma-e-vagas-disponiveis\/#breadcrumb","itemListElement":[{"@type":"ListItem","position":1,"name":"P\u00e1gina Inicial","item":"https:\/\/noticiaempauta.com\/portal\/"},{"@type":"ListItem","position":2,"name":"Destaques","item":"https:\/\/noticiaempauta.com\/portal\/destaques-site\/"},{"@type":"ListItem","position":3,"name":"Inscri\u00e7\u00f5es do ProUni come\u00e7am na segunda (26); veja cronograma e vagas dispon\u00edveis"}]},{"@type":"WebSite","@id":"https:\/\/noticiaempauta.com\/portal\/#website","url":"https:\/\/noticiaempauta.com\/portal\/","name":"Portal Not\u00edcia em Pauta","description":"Voc\u00ea bem informado","publisher":{"@id":"https:\/\/noticiaempauta.com\/portal\/#organization"},"potentialAction":[{"@type":"SearchAction","target":{"@type":"EntryPoint","urlTemplate":"https:\/\/noticiaempauta.com\/portal\/?s={search_term_string}"},"query-input":{"@type":"PropertyValueSpecification","valueRequired":true,"valueName":"search_term_string"}}],"inLanguage":"pt-BR"},{"@type":"Organization","@id":"https:\/\/noticiaempauta.com\/portal\/#organization","name":"Portal Not\u00edcia em Pauta","url":"https:\/\/noticiaempauta.com\/portal\/","logo":{"@type":"ImageObject","inLanguage":"pt-BR","@id":"https:\/\/noticiaempauta.com\/portal\/#\/schema\/logo\/image\/","url":"https:\/\/noticiaempauta.com\/portal\/wp-content\/uploads\/2022\/08\/logomarca_tema.fw_.png","contentUrl":"https:\/\/noticiaempauta.com\/portal\/wp-content\/uploads\/2022\/08\/logomarca_tema.fw_.png","width":400,"height":232,"caption":"Portal Not\u00edcia em Pauta"},"image":{"@id":"https:\/\/noticiaempauta.com\/portal\/#\/schema\/logo\/image\/"},"sameAs":["https:\/\/www.facebook.com\/Portal-Notcia-Em-Pauta-102292869264820\/","https:\/\/www.instagram.com\/portalnoticiaempauta\/"]},{"@type":"Person","@id":"https:\/\/noticiaempauta.com\/portal\/#\/schema\/person\/a74af43dd1ab3deca45f988c717d57ac","name":"Reda\u00e7\u00e3o","image":{"@type":"ImageObject","inLanguage":"pt-BR","@id":"https:\/\/noticiaempauta.com\/portal\/#\/schema\/person\/image\/","url":"https:\/\/secure.gravatar.com\/avatar\/03179346ecce6cdfc13361603e8f54242a90e5cde8618fa23c5c00aa2b0aadf3?s=96&d=mm&r=g","contentUrl":"https:\/\/secure.gravatar.com\/avatar\/03179346ecce6cdfc13361603e8f54242a90e5cde8618fa23c5c00aa2b0aadf3?s=96&d=mm&r=g","caption":"Reda\u00e7\u00e3o"},"sameAs":["https:\/\/noticiaempauta.com\/portal\/"],"url":"https:\/\/noticiaempauta.com\/portal\/author\/fernando\/"}]}},"_links":{"self":[{"href":"https:\/\/noticiaempauta.com\/portal\/wp-json\/wp\/v2\/posts\/284149","targetHints":{"allow":["GET"]}}],"collection":[{"href":"https:\/\/noticiaempauta.com\/portal\/wp-json\/wp\/v2\/posts"}],"about":[{"href":"https:\/\/noticiaempauta.com\/portal\/wp-json\/wp\/v2\/types\/post"}],"author":[{"embeddable":true,"href":"https:\/\/noticiaempauta.com\/portal\/wp-json\/wp\/v2\/users\/2"}],"replies":[{"embeddable":true,"href":"https:\/\/noticiaempauta.com\/portal\/wp-json\/wp\/v2\/comments?post=284149"}],"version-history":[{"count":2,"href":"https:\/\/noticiaempauta.com\/portal\/wp-json\/wp\/v2\/posts\/284149\/revisions"}],"predecessor-version":[{"id":284152,"href":"https:\/\/noticiaempauta.com\/portal\/wp-json\/wp\/v2\/posts\/284149\/revisions\/284152"}],"wp:featuredmedia":[{"embeddable":true,"href":"https:\/\/noticiaempauta.com\/portal\/wp-json\/wp\/v2\/media\/284150"}],"wp:attachment":[{"href":"https:\/\/noticiaempauta.com\/portal\/wp-json\/wp\/v2\/media?parent=284149"}],"wp:term":[{"taxonomy":"category","embeddable":true,"href":"https:\/\/noticiaempauta.com\/portal\/wp-json\/wp\/v2\/categories?post=284149"},{"taxonomy":"post_tag","embeddable":true,"href":"https:\/\/noticiaempauta.com\/portal\/wp-json\/wp\/v2\/tags?post=284149"}],"curies":[{"name":"wp","href":"https:\/\/api.w.org\/{rel}","templated":true}]}}