{"id":284167,"date":"2026-01-21T15:10:00","date_gmt":"2026-01-21T18:10:00","guid":{"rendered":"https:\/\/noticiaempauta.com\/portal\/?p=284167"},"modified":"2026-01-21T15:10:01","modified_gmt":"2026-01-21T18:10:01","slug":"deputada-simone-pereira-participa-da-imersao-2026-da-fug-nacional-em-brasilia-nesta-quarta-feira","status":"publish","type":"post","link":"https:\/\/noticiaempauta.com\/portal\/deputada-simone-pereira-participa-da-imersao-2026-da-fug-nacional-em-brasilia-nesta-quarta-feira\/","title":{"rendered":"Deputada Simone Pereira participa da &#8220;Imers\u00e3o 2026&#8221; da FUG Nacional em Bras\u00edlia nesta quarta-feira"},"content":{"rendered":"\n<p>A<strong>&nbsp;<\/strong>Deputada Estadual<strong>&nbsp;Simone Pereira&nbsp;<\/strong>participa&nbsp;nesta quarta-feira-feira (21) de janeiro em Bras\u00edlia, da&nbsp;<strong>&#8220;Imers\u00e3o 2026&#8221; da FUG Nacional<\/strong>, evento que reuniu lideran\u00e7as pol\u00edticas de todo o pa\u00eds para debater estrat\u00e9gias, planejamento e os desafios do cen\u00e1rio pol\u00edtico para os pr\u00f3ximos anos.<\/p>\n\n\n\n<figure class=\"wp-block-image size-full\"><img fetchpriority=\"high\" decoding=\"async\" width=\"475\" height=\"600\" src=\"https:\/\/noticiaempauta.com\/portal\/wp-content\/uploads\/2026\/01\/2d8929fe08a82d60cc531c214f3a.webp\" alt=\"\" class=\"wp-image-284168\" srcset=\"https:\/\/noticiaempauta.com\/portal\/wp-content\/uploads\/2026\/01\/2d8929fe08a82d60cc531c214f3a.webp 475w, https:\/\/noticiaempauta.com\/portal\/wp-content\/uploads\/2026\/01\/2d8929fe08a82d60cc531c214f3a-238x300.webp 238w\" sizes=\"(max-width: 475px) 100vw, 475px\" \/><\/figure>\n\n\n\n<p>O evento come\u00e7ou nesta ter\u00e7a (20), e a Imers\u00e3o acontece hoje quarta-feira.<\/p>\n\n\n\n<p>O representante da Fug no Piau\u00ed \u00e9 o Deputado Henrique Pires (MDB), que motivos superiores n\u00e3o pode participar nesta edi\u00e7\u00e3o, ficando a deputada Simone Pereira como representante do estado.<\/p>\n\n\n\n<figure class=\"wp-block-image size-large\"><img decoding=\"async\" width=\"829\" height=\"1024\" src=\"https:\/\/noticiaempauta.com\/portal\/wp-content\/uploads\/2026\/01\/IMG_20260121_095805-829x1024.webp\" alt=\"\" class=\"wp-image-284169\" srcset=\"https:\/\/noticiaempauta.com\/portal\/wp-content\/uploads\/2026\/01\/IMG_20260121_095805-829x1024.webp 829w, https:\/\/noticiaempauta.com\/portal\/wp-content\/uploads\/2026\/01\/IMG_20260121_095805-243x300.webp 243w, https:\/\/noticiaempauta.com\/portal\/wp-content\/uploads\/2026\/01\/IMG_20260121_095805-768x949.webp 768w, https:\/\/noticiaempauta.com\/portal\/wp-content\/uploads\/2026\/01\/IMG_20260121_095805.webp 971w\" sizes=\"(max-width: 829px) 100vw, 829px\" \/><\/figure>\n\n\n\n<p>A&nbsp;<strong>Funda\u00e7\u00e3o Ulysses Guimar\u00e3es (FUG)<\/strong>&nbsp;\u00e9 um think tank pol\u00edtico-partid\u00e1rio que atua na forma\u00e7\u00e3o de l\u00edderes, formula\u00e7\u00e3o de pol\u00edticas p\u00fablicas e promo\u00e7\u00e3o do debate nacional, especialmente ligado ao MDB, com foco em educa\u00e7\u00e3o pol\u00edtica, pesquisa e inova\u00e7\u00e3o para a gest\u00e3o p\u00fablica.&nbsp;<\/p>\n\n\n\n<figure class=\"wp-block-image size-large\"><img decoding=\"async\" width=\"847\" height=\"1024\" src=\"https:\/\/noticiaempauta.com\/portal\/wp-content\/uploads\/2026\/01\/IMG_20260121_095821-847x1024.webp\" alt=\"\" class=\"wp-image-284170\" srcset=\"https:\/\/noticiaempauta.com\/portal\/wp-content\/uploads\/2026\/01\/IMG_20260121_095821-847x1024.webp 847w, https:\/\/noticiaempauta.com\/portal\/wp-content\/uploads\/2026\/01\/IMG_20260121_095821-248x300.webp 248w, https:\/\/noticiaempauta.com\/portal\/wp-content\/uploads\/2026\/01\/IMG_20260121_095821-768x929.webp 768w, https:\/\/noticiaempauta.com\/portal\/wp-content\/uploads\/2026\/01\/IMG_20260121_095821.webp 992w\" sizes=\"(max-width: 847px) 100vw, 847px\" \/><\/figure>\n\n\n\n<p>Durante a imers\u00e3o, ser\u00e3o&nbsp;discutidos temas como fortalecimento partid\u00e1rio, comunica\u00e7\u00e3o pol\u00edtica, constru\u00e7\u00e3o de projetos eleitorais e o papel do Legislativo no desenvolvimento dos estados e munic\u00edpios.<\/p>\n\n\n\n<p>A programa\u00e7\u00e3o conta&nbsp;com palestras, pain\u00e9is e momentos de troca de experi\u00eancias entre parlamentares, gestores e dirigentes partid\u00e1rios.<\/p>\n\n\n\n<figure class=\"wp-block-image size-large\"><img loading=\"lazy\" decoding=\"async\" width=\"1024\" height=\"788\" src=\"https:\/\/noticiaempauta.com\/portal\/wp-content\/uploads\/2026\/01\/IMG_20260121_095904-1024x788.webp\" alt=\"\" class=\"wp-image-284171\" srcset=\"https:\/\/noticiaempauta.com\/portal\/wp-content\/uploads\/2026\/01\/IMG_20260121_095904-1024x788.webp 1024w, https:\/\/noticiaempauta.com\/portal\/wp-content\/uploads\/2026\/01\/IMG_20260121_095904-300x231.webp 300w, https:\/\/noticiaempauta.com\/portal\/wp-content\/uploads\/2026\/01\/IMG_20260121_095904-768x591.webp 768w, https:\/\/noticiaempauta.com\/portal\/wp-content\/uploads\/2026\/01\/IMG_20260121_095904.webp 1079w\" sizes=\"(max-width: 1024px) 100vw, 1024px\" \/><\/figure>\n\n\n\n<p>Simone Pereira\u00a0destacou a import\u00e2ncia do encontro como espa\u00e7o de aprendizado e alinhamento, ressaltando que a capacita\u00e7\u00e3o e o di\u00e1logo s\u00e3o fundamentais para a constru\u00e7\u00e3o de pol\u00edticas p\u00fablicas mais eficientes e voltadas \u00e0s reais necessidades da popula\u00e7\u00e3o.<\/p>\n\n\n\n<figure class=\"wp-block-image size-large\"><img loading=\"lazy\" decoding=\"async\" width=\"1024\" height=\"884\" src=\"https:\/\/noticiaempauta.com\/portal\/wp-content\/uploads\/2026\/01\/IMG_20260121_095929-1024x884.webp\" alt=\"\" class=\"wp-image-284172\" srcset=\"https:\/\/noticiaempauta.com\/portal\/wp-content\/uploads\/2026\/01\/IMG_20260121_095929-1024x884.webp 1024w, https:\/\/noticiaempauta.com\/portal\/wp-content\/uploads\/2026\/01\/IMG_20260121_095929-300x259.webp 300w, https:\/\/noticiaempauta.com\/portal\/wp-content\/uploads\/2026\/01\/IMG_20260121_095929-768x663.webp 768w, https:\/\/noticiaempauta.com\/portal\/wp-content\/uploads\/2026\/01\/IMG_20260121_095929.webp 1079w\" sizes=\"(max-width: 1024px) 100vw, 1024px\" \/><\/figure>\n\n\n\n<p>A participa\u00e7\u00e3o da deputada no evento refor\u00e7a seu compromisso com a qualifica\u00e7\u00e3o pol\u00edtica e com a busca de novos conhecimentos para aprimorar sua atua\u00e7\u00e3o parlamentar em defesa do Piau\u00ed.<\/p>\n\n\n\n<p>Fonte: AgoraED<\/p>\n","protected":false},"excerpt":{"rendered":"<p>A&nbsp;Deputada Estadual&nbsp;Simone Pereira&nbsp;participa&nbsp;nesta quarta-feira-feira (21) de janeiro em Bras\u00edlia, da&nbsp;&#8220;Imers\u00e3o 2026&#8221; da FUG Nacional, evento que reuniu lideran\u00e7as pol\u00edticas de todo o pa\u00eds para debater estrat\u00e9gias, planejamento e os desafios do cen\u00e1rio pol\u00edtico para os pr\u00f3ximos anos. O evento come\u00e7ou nesta ter\u00e7a (20), e a Imers\u00e3o acontece hoje quarta-feira. O representante da Fug no Piau\u00ed [&hellip;]<\/p>\n","protected":false},"author":2,"featured_media":284173,"comment_status":"closed","ping_status":"closed","sticky":false,"template":"","format":"standard","meta":{"_mi_skip_tracking":false,"footnotes":""},"categories":[25,1,16],"tags":[],"class_list":["post-284167","post","type-post","status-publish","format-standard","has-post-thumbnail","hentry","category-destaques-site","category-geral","category-todas"],"acf":[],"yoast_head":"<!-- This site is optimized with the Yoast SEO Premium plugin v19.2 (Yoast SEO v26.9) - https:\/\/yoast.com\/product\/yoast-seo-premium-wordpress\/ -->\n<title>Deputada Simone Pereira participa da &quot;Imers\u00e3o 2026&quot; da FUG Nacional em Bras\u00edlia nesta quarta-feira - Portal Not\u00edcia em Pauta<\/title>\n<meta name=\"robots\" content=\"index, follow, max-snippet:-1, max-image-preview:large, max-video-preview:-1\" \/>\n<link rel=\"canonical\" href=\"https:\/\/noticiaempauta.com\/portal\/deputada-simone-pereira-participa-da-imersao-2026-da-fug-nacional-em-brasilia-nesta-quarta-feira\/\" \/>\n<meta property=\"og:locale\" content=\"pt_BR\" \/>\n<meta property=\"og:type\" content=\"article\" \/>\n<meta property=\"og:title\" content=\"Deputada Simone Pereira participa da &quot;Imers\u00e3o 2026&quot; da FUG Nacional em Bras\u00edlia nesta quarta-feira\" \/>\n<meta property=\"og:description\" content=\"A&nbsp;Deputada Estadual&nbsp;Simone Pereira&nbsp;participa&nbsp;nesta quarta-feira-feira (21) de janeiro em Bras\u00edlia, da&nbsp;&#8220;Imers\u00e3o 2026&#8221; da FUG Nacional, evento que reuniu lideran\u00e7as pol\u00edticas de todo o pa\u00eds para debater estrat\u00e9gias, planejamento e os desafios do cen\u00e1rio pol\u00edtico para os pr\u00f3ximos anos. O evento come\u00e7ou nesta ter\u00e7a (20), e a Imers\u00e3o acontece hoje quarta-feira. O representante da Fug no Piau\u00ed [&hellip;]\" \/>\n<meta property=\"og:url\" content=\"https:\/\/noticiaempauta.com\/portal\/deputada-simone-pereira-participa-da-imersao-2026-da-fug-nacional-em-brasilia-nesta-quarta-feira\/\" \/>\n<meta property=\"og:site_name\" content=\"Portal Not\u00edcia em Pauta\" \/>\n<meta property=\"article:publisher\" content=\"https:\/\/www.facebook.com\/Portal-Notcia-Em-Pauta-102292869264820\/\" \/>\n<meta property=\"article:published_time\" content=\"2026-01-21T18:10:00+00:00\" \/>\n<meta property=\"article:modified_time\" content=\"2026-01-21T18:10:01+00:00\" \/>\n<meta property=\"og:image\" content=\"https:\/\/noticiaempauta.com\/portal\/wp-content\/uploads\/2026\/01\/2d8929fe08a82d60cc531c214f3a-1.webp\" \/>\n\t<meta property=\"og:image:width\" content=\"475\" \/>\n\t<meta property=\"og:image:height\" content=\"405\" \/>\n\t<meta property=\"og:image:type\" content=\"image\/webp\" \/>\n<meta name=\"author\" content=\"Reda\u00e7\u00e3o\" \/>\n<meta name=\"twitter:card\" content=\"summary_large_image\" \/>\n<meta name=\"twitter:label1\" content=\"Escrito por\" \/>\n\t<meta name=\"twitter:data1\" content=\"Reda\u00e7\u00e3o\" \/>\n\t<meta name=\"twitter:label2\" content=\"Est. tempo de leitura\" \/>\n\t<meta name=\"twitter:data2\" content=\"3 minutos\" \/>\n<script type=\"application\/ld+json\" class=\"yoast-schema-graph\">{\"@context\":\"https:\/\/schema.org\",\"@graph\":[{\"@type\":\"Article\",\"@id\":\"https:\/\/noticiaempauta.com\/portal\/deputada-simone-pereira-participa-da-imersao-2026-da-fug-nacional-em-brasilia-nesta-quarta-feira\/#article\",\"isPartOf\":{\"@id\":\"https:\/\/noticiaempauta.com\/portal\/deputada-simone-pereira-participa-da-imersao-2026-da-fug-nacional-em-brasilia-nesta-quarta-feira\/\"},\"author\":{\"name\":\"Reda\u00e7\u00e3o\",\"@id\":\"https:\/\/noticiaempauta.com\/portal\/#\/schema\/person\/a74af43dd1ab3deca45f988c717d57ac\"},\"headline\":\"Deputada Simone Pereira participa da &#8220;Imers\u00e3o 2026&#8221; da FUG Nacional em Bras\u00edlia nesta quarta-feira\",\"datePublished\":\"2026-01-21T18:10:00+00:00\",\"dateModified\":\"2026-01-21T18:10:01+00:00\",\"mainEntityOfPage\":{\"@id\":\"https:\/\/noticiaempauta.com\/portal\/deputada-simone-pereira-participa-da-imersao-2026-da-fug-nacional-em-brasilia-nesta-quarta-feira\/\"},\"wordCount\":310,\"publisher\":{\"@id\":\"https:\/\/noticiaempauta.com\/portal\/#organization\"},\"image\":{\"@id\":\"https:\/\/noticiaempauta.com\/portal\/deputada-simone-pereira-participa-da-imersao-2026-da-fug-nacional-em-brasilia-nesta-quarta-feira\/#primaryimage\"},\"thumbnailUrl\":\"https:\/\/noticiaempauta.com\/portal\/wp-content\/uploads\/2026\/01\/2d8929fe08a82d60cc531c214f3a-1.webp\",\"articleSection\":[\"Destaques\",\"Geral\",\"Todas as Not\u00edcias\"],\"inLanguage\":\"pt-BR\"},{\"@type\":\"WebPage\",\"@id\":\"https:\/\/noticiaempauta.com\/portal\/deputada-simone-pereira-participa-da-imersao-2026-da-fug-nacional-em-brasilia-nesta-quarta-feira\/\",\"url\":\"https:\/\/noticiaempauta.com\/portal\/deputada-simone-pereira-participa-da-imersao-2026-da-fug-nacional-em-brasilia-nesta-quarta-feira\/\",\"name\":\"Deputada Simone Pereira participa da \\\"Imers\u00e3o 2026\\\" da FUG Nacional em Bras\u00edlia nesta quarta-feira - Portal Not\u00edcia em Pauta\",\"isPartOf\":{\"@id\":\"https:\/\/noticiaempauta.com\/portal\/#website\"},\"primaryImageOfPage\":{\"@id\":\"https:\/\/noticiaempauta.com\/portal\/deputada-simone-pereira-participa-da-imersao-2026-da-fug-nacional-em-brasilia-nesta-quarta-feira\/#primaryimage\"},\"image\":{\"@id\":\"https:\/\/noticiaempauta.com\/portal\/deputada-simone-pereira-participa-da-imersao-2026-da-fug-nacional-em-brasilia-nesta-quarta-feira\/#primaryimage\"},\"thumbnailUrl\":\"https:\/\/noticiaempauta.com\/portal\/wp-content\/uploads\/2026\/01\/2d8929fe08a82d60cc531c214f3a-1.webp\",\"datePublished\":\"2026-01-21T18:10:00+00:00\",\"dateModified\":\"2026-01-21T18:10:01+00:00\",\"breadcrumb\":{\"@id\":\"https:\/\/noticiaempauta.com\/portal\/deputada-simone-pereira-participa-da-imersao-2026-da-fug-nacional-em-brasilia-nesta-quarta-feira\/#breadcrumb\"},\"inLanguage\":\"pt-BR\",\"potentialAction\":[{\"@type\":\"ReadAction\",\"target\":[\"https:\/\/noticiaempauta.com\/portal\/deputada-simone-pereira-participa-da-imersao-2026-da-fug-nacional-em-brasilia-nesta-quarta-feira\/\"]}]},{\"@type\":\"ImageObject\",\"inLanguage\":\"pt-BR\",\"@id\":\"https:\/\/noticiaempauta.com\/portal\/deputada-simone-pereira-participa-da-imersao-2026-da-fug-nacional-em-brasilia-nesta-quarta-feira\/#primaryimage\",\"url\":\"https:\/\/noticiaempauta.com\/portal\/wp-content\/uploads\/2026\/01\/2d8929fe08a82d60cc531c214f3a-1.webp\",\"contentUrl\":\"https:\/\/noticiaempauta.com\/portal\/wp-content\/uploads\/2026\/01\/2d8929fe08a82d60cc531c214f3a-1.webp\",\"width\":475,\"height\":405},{\"@type\":\"BreadcrumbList\",\"@id\":\"https:\/\/noticiaempauta.com\/portal\/deputada-simone-pereira-participa-da-imersao-2026-da-fug-nacional-em-brasilia-nesta-quarta-feira\/#breadcrumb\",\"itemListElement\":[{\"@type\":\"ListItem\",\"position\":1,\"name\":\"P\u00e1gina Inicial\",\"item\":\"https:\/\/noticiaempauta.com\/portal\/\"},{\"@type\":\"ListItem\",\"position\":2,\"name\":\"Destaques\",\"item\":\"https:\/\/noticiaempauta.com\/portal\/destaques-site\/\"},{\"@type\":\"ListItem\",\"position\":3,\"name\":\"Deputada Simone Pereira participa da &#8220;Imers\u00e3o 2026&#8221; da FUG Nacional em Bras\u00edlia nesta quarta-feira\"}]},{\"@type\":\"WebSite\",\"@id\":\"https:\/\/noticiaempauta.com\/portal\/#website\",\"url\":\"https:\/\/noticiaempauta.com\/portal\/\",\"name\":\"Portal Not\u00edcia em Pauta\",\"description\":\"Voc\u00ea bem informado\",\"publisher\":{\"@id\":\"https:\/\/noticiaempauta.com\/portal\/#organization\"},\"potentialAction\":[{\"@type\":\"SearchAction\",\"target\":{\"@type\":\"EntryPoint\",\"urlTemplate\":\"https:\/\/noticiaempauta.com\/portal\/?s={search_term_string}\"},\"query-input\":{\"@type\":\"PropertyValueSpecification\",\"valueRequired\":true,\"valueName\":\"search_term_string\"}}],\"inLanguage\":\"pt-BR\"},{\"@type\":\"Organization\",\"@id\":\"https:\/\/noticiaempauta.com\/portal\/#organization\",\"name\":\"Portal Not\u00edcia em Pauta\",\"url\":\"https:\/\/noticiaempauta.com\/portal\/\",\"logo\":{\"@type\":\"ImageObject\",\"inLanguage\":\"pt-BR\",\"@id\":\"https:\/\/noticiaempauta.com\/portal\/#\/schema\/logo\/image\/\",\"url\":\"https:\/\/noticiaempauta.com\/portal\/wp-content\/uploads\/2022\/08\/logomarca_tema.fw_.png\",\"contentUrl\":\"https:\/\/noticiaempauta.com\/portal\/wp-content\/uploads\/2022\/08\/logomarca_tema.fw_.png\",\"width\":400,\"height\":232,\"caption\":\"Portal Not\u00edcia em Pauta\"},\"image\":{\"@id\":\"https:\/\/noticiaempauta.com\/portal\/#\/schema\/logo\/image\/\"},\"sameAs\":[\"https:\/\/www.facebook.com\/Portal-Notcia-Em-Pauta-102292869264820\/\",\"https:\/\/www.instagram.com\/portalnoticiaempauta\/\"]},{\"@type\":\"Person\",\"@id\":\"https:\/\/noticiaempauta.com\/portal\/#\/schema\/person\/a74af43dd1ab3deca45f988c717d57ac\",\"name\":\"Reda\u00e7\u00e3o\",\"image\":{\"@type\":\"ImageObject\",\"inLanguage\":\"pt-BR\",\"@id\":\"https:\/\/noticiaempauta.com\/portal\/#\/schema\/person\/image\/\",\"url\":\"https:\/\/secure.gravatar.com\/avatar\/03179346ecce6cdfc13361603e8f54242a90e5cde8618fa23c5c00aa2b0aadf3?s=96&d=mm&r=g\",\"contentUrl\":\"https:\/\/secure.gravatar.com\/avatar\/03179346ecce6cdfc13361603e8f54242a90e5cde8618fa23c5c00aa2b0aadf3?s=96&d=mm&r=g\",\"caption\":\"Reda\u00e7\u00e3o\"},\"sameAs\":[\"https:\/\/noticiaempauta.com\/portal\/\"],\"url\":\"https:\/\/noticiaempauta.com\/portal\/author\/fernando\/\"}]}<\/script>\n<!-- \/ Yoast SEO Premium plugin. -->","yoast_head_json":{"title":"Deputada Simone Pereira participa da \"Imers\u00e3o 2026\" da FUG Nacional em Bras\u00edlia nesta quarta-feira - Portal Not\u00edcia em Pauta","robots":{"index":"index","follow":"follow","max-snippet":"max-snippet:-1","max-image-preview":"max-image-preview:large","max-video-preview":"max-video-preview:-1"},"canonical":"https:\/\/noticiaempauta.com\/portal\/deputada-simone-pereira-participa-da-imersao-2026-da-fug-nacional-em-brasilia-nesta-quarta-feira\/","og_locale":"pt_BR","og_type":"article","og_title":"Deputada Simone Pereira participa da \"Imers\u00e3o 2026\" da FUG Nacional em Bras\u00edlia nesta quarta-feira","og_description":"A&nbsp;Deputada Estadual&nbsp;Simone Pereira&nbsp;participa&nbsp;nesta quarta-feira-feira (21) de janeiro em Bras\u00edlia, da&nbsp;&#8220;Imers\u00e3o 2026&#8221; da FUG Nacional, evento que reuniu lideran\u00e7as pol\u00edticas de todo o pa\u00eds para debater estrat\u00e9gias, planejamento e os desafios do cen\u00e1rio pol\u00edtico para os pr\u00f3ximos anos. O evento come\u00e7ou nesta ter\u00e7a (20), e a Imers\u00e3o acontece hoje quarta-feira. O representante da Fug no Piau\u00ed [&hellip;]","og_url":"https:\/\/noticiaempauta.com\/portal\/deputada-simone-pereira-participa-da-imersao-2026-da-fug-nacional-em-brasilia-nesta-quarta-feira\/","og_site_name":"Portal Not\u00edcia em Pauta","article_publisher":"https:\/\/www.facebook.com\/Portal-Notcia-Em-Pauta-102292869264820\/","article_published_time":"2026-01-21T18:10:00+00:00","article_modified_time":"2026-01-21T18:10:01+00:00","og_image":[{"width":475,"height":405,"url":"https:\/\/noticiaempauta.com\/portal\/wp-content\/uploads\/2026\/01\/2d8929fe08a82d60cc531c214f3a-1.webp","type":"image\/webp"}],"author":"Reda\u00e7\u00e3o","twitter_card":"summary_large_image","twitter_misc":{"Escrito por":"Reda\u00e7\u00e3o","Est. tempo de leitura":"3 minutos"},"schema":{"@context":"https:\/\/schema.org","@graph":[{"@type":"Article","@id":"https:\/\/noticiaempauta.com\/portal\/deputada-simone-pereira-participa-da-imersao-2026-da-fug-nacional-em-brasilia-nesta-quarta-feira\/#article","isPartOf":{"@id":"https:\/\/noticiaempauta.com\/portal\/deputada-simone-pereira-participa-da-imersao-2026-da-fug-nacional-em-brasilia-nesta-quarta-feira\/"},"author":{"name":"Reda\u00e7\u00e3o","@id":"https:\/\/noticiaempauta.com\/portal\/#\/schema\/person\/a74af43dd1ab3deca45f988c717d57ac"},"headline":"Deputada Simone Pereira participa da &#8220;Imers\u00e3o 2026&#8221; da FUG Nacional em Bras\u00edlia nesta quarta-feira","datePublished":"2026-01-21T18:10:00+00:00","dateModified":"2026-01-21T18:10:01+00:00","mainEntityOfPage":{"@id":"https:\/\/noticiaempauta.com\/portal\/deputada-simone-pereira-participa-da-imersao-2026-da-fug-nacional-em-brasilia-nesta-quarta-feira\/"},"wordCount":310,"publisher":{"@id":"https:\/\/noticiaempauta.com\/portal\/#organization"},"image":{"@id":"https:\/\/noticiaempauta.com\/portal\/deputada-simone-pereira-participa-da-imersao-2026-da-fug-nacional-em-brasilia-nesta-quarta-feira\/#primaryimage"},"thumbnailUrl":"https:\/\/noticiaempauta.com\/portal\/wp-content\/uploads\/2026\/01\/2d8929fe08a82d60cc531c214f3a-1.webp","articleSection":["Destaques","Geral","Todas as Not\u00edcias"],"inLanguage":"pt-BR"},{"@type":"WebPage","@id":"https:\/\/noticiaempauta.com\/portal\/deputada-simone-pereira-participa-da-imersao-2026-da-fug-nacional-em-brasilia-nesta-quarta-feira\/","url":"https:\/\/noticiaempauta.com\/portal\/deputada-simone-pereira-participa-da-imersao-2026-da-fug-nacional-em-brasilia-nesta-quarta-feira\/","name":"Deputada Simone Pereira participa da \"Imers\u00e3o 2026\" da FUG Nacional em Bras\u00edlia nesta quarta-feira - Portal Not\u00edcia em Pauta","isPartOf":{"@id":"https:\/\/noticiaempauta.com\/portal\/#website"},"primaryImageOfPage":{"@id":"https:\/\/noticiaempauta.com\/portal\/deputada-simone-pereira-participa-da-imersao-2026-da-fug-nacional-em-brasilia-nesta-quarta-feira\/#primaryimage"},"image":{"@id":"https:\/\/noticiaempauta.com\/portal\/deputada-simone-pereira-participa-da-imersao-2026-da-fug-nacional-em-brasilia-nesta-quarta-feira\/#primaryimage"},"thumbnailUrl":"https:\/\/noticiaempauta.com\/portal\/wp-content\/uploads\/2026\/01\/2d8929fe08a82d60cc531c214f3a-1.webp","datePublished":"2026-01-21T18:10:00+00:00","dateModified":"2026-01-21T18:10:01+00:00","breadcrumb":{"@id":"https:\/\/noticiaempauta.com\/portal\/deputada-simone-pereira-participa-da-imersao-2026-da-fug-nacional-em-brasilia-nesta-quarta-feira\/#breadcrumb"},"inLanguage":"pt-BR","potentialAction":[{"@type":"ReadAction","target":["https:\/\/noticiaempauta.com\/portal\/deputada-simone-pereira-participa-da-imersao-2026-da-fug-nacional-em-brasilia-nesta-quarta-feira\/"]}]},{"@type":"ImageObject","inLanguage":"pt-BR","@id":"https:\/\/noticiaempauta.com\/portal\/deputada-simone-pereira-participa-da-imersao-2026-da-fug-nacional-em-brasilia-nesta-quarta-feira\/#primaryimage","url":"https:\/\/noticiaempauta.com\/portal\/wp-content\/uploads\/2026\/01\/2d8929fe08a82d60cc531c214f3a-1.webp","contentUrl":"https:\/\/noticiaempauta.com\/portal\/wp-content\/uploads\/2026\/01\/2d8929fe08a82d60cc531c214f3a-1.webp","width":475,"height":405},{"@type":"BreadcrumbList","@id":"https:\/\/noticiaempauta.com\/portal\/deputada-simone-pereira-participa-da-imersao-2026-da-fug-nacional-em-brasilia-nesta-quarta-feira\/#breadcrumb","itemListElement":[{"@type":"ListItem","position":1,"name":"P\u00e1gina Inicial","item":"https:\/\/noticiaempauta.com\/portal\/"},{"@type":"ListItem","position":2,"name":"Destaques","item":"https:\/\/noticiaempauta.com\/portal\/destaques-site\/"},{"@type":"ListItem","position":3,"name":"Deputada Simone Pereira participa da &#8220;Imers\u00e3o 2026&#8221; da FUG Nacional em Bras\u00edlia nesta quarta-feira"}]},{"@type":"WebSite","@id":"https:\/\/noticiaempauta.com\/portal\/#website","url":"https:\/\/noticiaempauta.com\/portal\/","name":"Portal Not\u00edcia em Pauta","description":"Voc\u00ea bem informado","publisher":{"@id":"https:\/\/noticiaempauta.com\/portal\/#organization"},"potentialAction":[{"@type":"SearchAction","target":{"@type":"EntryPoint","urlTemplate":"https:\/\/noticiaempauta.com\/portal\/?s={search_term_string}"},"query-input":{"@type":"PropertyValueSpecification","valueRequired":true,"valueName":"search_term_string"}}],"inLanguage":"pt-BR"},{"@type":"Organization","@id":"https:\/\/noticiaempauta.com\/portal\/#organization","name":"Portal Not\u00edcia em Pauta","url":"https:\/\/noticiaempauta.com\/portal\/","logo":{"@type":"ImageObject","inLanguage":"pt-BR","@id":"https:\/\/noticiaempauta.com\/portal\/#\/schema\/logo\/image\/","url":"https:\/\/noticiaempauta.com\/portal\/wp-content\/uploads\/2022\/08\/logomarca_tema.fw_.png","contentUrl":"https:\/\/noticiaempauta.com\/portal\/wp-content\/uploads\/2022\/08\/logomarca_tema.fw_.png","width":400,"height":232,"caption":"Portal Not\u00edcia em Pauta"},"image":{"@id":"https:\/\/noticiaempauta.com\/portal\/#\/schema\/logo\/image\/"},"sameAs":["https:\/\/www.facebook.com\/Portal-Notcia-Em-Pauta-102292869264820\/","https:\/\/www.instagram.com\/portalnoticiaempauta\/"]},{"@type":"Person","@id":"https:\/\/noticiaempauta.com\/portal\/#\/schema\/person\/a74af43dd1ab3deca45f988c717d57ac","name":"Reda\u00e7\u00e3o","image":{"@type":"ImageObject","inLanguage":"pt-BR","@id":"https:\/\/noticiaempauta.com\/portal\/#\/schema\/person\/image\/","url":"https:\/\/secure.gravatar.com\/avatar\/03179346ecce6cdfc13361603e8f54242a90e5cde8618fa23c5c00aa2b0aadf3?s=96&d=mm&r=g","contentUrl":"https:\/\/secure.gravatar.com\/avatar\/03179346ecce6cdfc13361603e8f54242a90e5cde8618fa23c5c00aa2b0aadf3?s=96&d=mm&r=g","caption":"Reda\u00e7\u00e3o"},"sameAs":["https:\/\/noticiaempauta.com\/portal\/"],"url":"https:\/\/noticiaempauta.com\/portal\/author\/fernando\/"}]}},"_links":{"self":[{"href":"https:\/\/noticiaempauta.com\/portal\/wp-json\/wp\/v2\/posts\/284167","targetHints":{"allow":["GET"]}}],"collection":[{"href":"https:\/\/noticiaempauta.com\/portal\/wp-json\/wp\/v2\/posts"}],"about":[{"href":"https:\/\/noticiaempauta.com\/portal\/wp-json\/wp\/v2\/types\/post"}],"author":[{"embeddable":true,"href":"https:\/\/noticiaempauta.com\/portal\/wp-json\/wp\/v2\/users\/2"}],"replies":[{"embeddable":true,"href":"https:\/\/noticiaempauta.com\/portal\/wp-json\/wp\/v2\/comments?post=284167"}],"version-history":[{"count":2,"href":"https:\/\/noticiaempauta.com\/portal\/wp-json\/wp\/v2\/posts\/284167\/revisions"}],"predecessor-version":[{"id":284175,"href":"https:\/\/noticiaempauta.com\/portal\/wp-json\/wp\/v2\/posts\/284167\/revisions\/284175"}],"wp:featuredmedia":[{"embeddable":true,"href":"https:\/\/noticiaempauta.com\/portal\/wp-json\/wp\/v2\/media\/284173"}],"wp:attachment":[{"href":"https:\/\/noticiaempauta.com\/portal\/wp-json\/wp\/v2\/media?parent=284167"}],"wp:term":[{"taxonomy":"category","embeddable":true,"href":"https:\/\/noticiaempauta.com\/portal\/wp-json\/wp\/v2\/categories?post=284167"},{"taxonomy":"post_tag","embeddable":true,"href":"https:\/\/noticiaempauta.com\/portal\/wp-json\/wp\/v2\/tags?post=284167"}],"curies":[{"name":"wp","href":"https:\/\/api.w.org\/{rel}","templated":true}]}}