{"id":284181,"date":"2026-01-21T17:28:43","date_gmt":"2026-01-21T20:28:43","guid":{"rendered":"https:\/\/noticiaempauta.com\/portal\/?p=284181"},"modified":"2026-01-21T17:28:44","modified_gmt":"2026-01-21T20:28:44","slug":"educacao-aroeiras-do-itaim-conquista-selo-ouro-no-compromisso-nacional-crianca-alfabetizada","status":"publish","type":"post","link":"https:\/\/noticiaempauta.com\/portal\/educacao-aroeiras-do-itaim-conquista-selo-ouro-no-compromisso-nacional-crianca-alfabetizada\/","title":{"rendered":"Educa\u00e7\u00e3o Aroeiras do Itaim conquista Selo Ouro no Compromisso Nacional Crian\u00e7a Alfabetizada"},"content":{"rendered":"\n<p>O munic\u00edpio de Aroeiras do Itaim conquistou o Selo Nacional Ouro do Compromisso Nacional Crian\u00e7a Alfabetizada, alcan\u00e7ando 135 pontos, resultado que reafirma o compromisso da gest\u00e3o municipal com a educa\u00e7\u00e3o de qualidade e a alfabetiza\u00e7\u00e3o das crian\u00e7as na idade certa.<\/p>\n\n\n\n<figure class=\"wp-block-image size-large\"><img fetchpriority=\"high\" decoding=\"async\" width=\"819\" height=\"1024\" src=\"https:\/\/noticiaempauta.com\/portal\/wp-content\/uploads\/2026\/01\/608890c7-81c5-4d44-9a39-250850df7f33-819x1024.webp\" alt=\"\" class=\"wp-image-284182\" srcset=\"https:\/\/noticiaempauta.com\/portal\/wp-content\/uploads\/2026\/01\/608890c7-81c5-4d44-9a39-250850df7f33-819x1024.webp 819w, https:\/\/noticiaempauta.com\/portal\/wp-content\/uploads\/2026\/01\/608890c7-81c5-4d44-9a39-250850df7f33-240x300.webp 240w, https:\/\/noticiaempauta.com\/portal\/wp-content\/uploads\/2026\/01\/608890c7-81c5-4d44-9a39-250850df7f33-768x960.webp 768w, https:\/\/noticiaempauta.com\/portal\/wp-content\/uploads\/2026\/01\/608890c7-81c5-4d44-9a39-250850df7f33-1229x1536.webp 1229w, https:\/\/noticiaempauta.com\/portal\/wp-content\/uploads\/2026\/01\/608890c7-81c5-4d44-9a39-250850df7f33.webp 1280w\" sizes=\"(max-width: 819px) 100vw, 819px\" \/><\/figure>\n\n\n\n<p>O reconhecimento \u00e9 concedido pelo Governo Federal aos munic\u00edpios que se destacam na implementa\u00e7\u00e3o de pol\u00edticas p\u00fablicas voltadas \u00e0 alfabetiza\u00e7\u00e3o, considerando crit\u00e9rios como planejamento pedag\u00f3gico, acompanhamento da aprendizagem, forma\u00e7\u00e3o continuada dos professores e fortalecimento da rede municipal de ensino.<\/p>\n\n\n\n<p>Para o prefeito Marciano Macedo, a conquista representa motivo de grande alegria e orgulho para toda a popula\u00e7\u00e3o.<\/p>\n\n\n\n<figure class=\"wp-block-image size-large\"><img decoding=\"async\" width=\"1024\" height=\"683\" src=\"https:\/\/noticiaempauta.com\/portal\/wp-content\/uploads\/2025\/12\/marcianosdd-1024x683.jpg\" alt=\"\" class=\"wp-image-283290\" srcset=\"https:\/\/noticiaempauta.com\/portal\/wp-content\/uploads\/2025\/12\/marcianosdd-1024x683.jpg 1024w, https:\/\/noticiaempauta.com\/portal\/wp-content\/uploads\/2025\/12\/marcianosdd-300x200.jpg 300w, https:\/\/noticiaempauta.com\/portal\/wp-content\/uploads\/2025\/12\/marcianosdd-768x512.jpg 768w, https:\/\/noticiaempauta.com\/portal\/wp-content\/uploads\/2025\/12\/marcianosdd.jpg 1200w\" sizes=\"(max-width: 1024px) 100vw, 1024px\" \/><\/figure>\n\n\n\n<p>\u201cRecebemos esse reconhecimento com muita felicidade. O Selo Ouro \u00e9 a prova de que estamos no caminho certo, cuidando da educa\u00e7\u00e3o com responsabilidade e colocando nossas crian\u00e7as como prioridade. Esse resultado \u00e9 fruto de um trabalho coletivo e do compromisso de toda a nossa gest\u00e3o\u201d, destacou o prefeito.<\/p>\n\n\n\n<p>O gestor tamb\u00e9m ressaltou o papel estrat\u00e9gico da Secretaria de Administra\u00e7\u00e3o e Finan\u00e7as, sob a lideran\u00e7a da Dra. Marli Macedo, no apoio \u00e0s pol\u00edticas educacionais do munic\u00edpio.<\/p>\n\n\n\n<p>\u201cNada disso seria poss\u00edvel sem organiza\u00e7\u00e3o, planejamento e responsabilidade fiscal. A Secretaria de Administra\u00e7\u00e3o e Finan\u00e7as tem sido fundamental para garantir os recursos e o suporte necess\u00e1rios para que a Educa\u00e7\u00e3o avance cada vez mais\u201d, afirmou Marciano Macedo.<\/p>\n\n\n\n<p>A secret\u00e1ria de Educa\u00e7\u00e3o, F\u00e1tima Souza, tamb\u00e9m foi destacada pelo prefeito pelo trabalho t\u00e9cnico e pelo empenho di\u00e1rio junto \u00e0s escolas e profissionais da rede municipal.<\/p>\n\n\n\n<p>\u201cA dedica\u00e7\u00e3o da Secretaria de Educa\u00e7\u00e3o, dos gestores escolares e dos professores tem feito a diferen\u00e7a. Esse selo \u00e9 o reconhecimento de um trabalho s\u00e9rio, comprometido e humano, que visa garantir um futuro melhor para nossas crian\u00e7as\u201d, completou.<\/p>\n\n\n\n<figure class=\"wp-block-image size-large\"><img decoding=\"async\" width=\"1024\" height=\"768\" src=\"https:\/\/noticiaempauta.com\/portal\/wp-content\/uploads\/2026\/01\/c9550052-2c5d-4b81-a5f9-96aa10550ea8-1024x768.webp\" alt=\"\" class=\"wp-image-284183\" srcset=\"https:\/\/noticiaempauta.com\/portal\/wp-content\/uploads\/2026\/01\/c9550052-2c5d-4b81-a5f9-96aa10550ea8-1024x768.webp 1024w, https:\/\/noticiaempauta.com\/portal\/wp-content\/uploads\/2026\/01\/c9550052-2c5d-4b81-a5f9-96aa10550ea8-300x225.webp 300w, https:\/\/noticiaempauta.com\/portal\/wp-content\/uploads\/2026\/01\/c9550052-2c5d-4b81-a5f9-96aa10550ea8-768x576.webp 768w, https:\/\/noticiaempauta.com\/portal\/wp-content\/uploads\/2026\/01\/c9550052-2c5d-4b81-a5f9-96aa10550ea8-1536x1152.webp 1536w, https:\/\/noticiaempauta.com\/portal\/wp-content\/uploads\/2026\/01\/c9550052-2c5d-4b81-a5f9-96aa10550ea8-2048x1536.webp 2048w\" sizes=\"(max-width: 1024px) 100vw, 1024px\" \/><\/figure>\n\n\n\n<p>O Compromisso Nacional Crian\u00e7a Alfabetizada tem como objetivo assegurar que todas as crian\u00e7as estejam alfabetizadas at\u00e9 o final do 2\u00ba ano do ensino fundamental, promovendo equidade e qualidade na educa\u00e7\u00e3o b\u00e1sica. A conquista do Selo Ouro consolida Aroeiras do Itaim como refer\u00eancia no fortalecimento das pol\u00edticas p\u00fablicas educacionais.<\/p>\n\n\n\n<p><\/p>\n","protected":false},"excerpt":{"rendered":"<p>O munic\u00edpio de Aroeiras do Itaim conquistou o Selo Nacional Ouro do Compromisso Nacional Crian\u00e7a Alfabetizada, alcan\u00e7ando 135 pontos, resultado que reafirma o compromisso da gest\u00e3o municipal com a educa\u00e7\u00e3o de qualidade e a alfabetiza\u00e7\u00e3o das crian\u00e7as na idade certa. O reconhecimento \u00e9 concedido pelo Governo Federal aos munic\u00edpios que se destacam na implementa\u00e7\u00e3o de [&hellip;]<\/p>\n","protected":false},"author":2,"featured_media":284183,"comment_status":"closed","ping_status":"closed","sticky":false,"template":"","format":"standard","meta":{"_mi_skip_tracking":false,"footnotes":""},"categories":[25,1,9,16],"tags":[],"class_list":["post-284181","post","type-post","status-publish","format-standard","has-post-thumbnail","hentry","category-destaques-site","category-geral","category-municipios","category-todas"],"acf":[],"yoast_head":"<!-- This site is optimized with the Yoast SEO Premium plugin v19.2 (Yoast SEO v26.9) - https:\/\/yoast.com\/product\/yoast-seo-premium-wordpress\/ -->\n<title>Educa\u00e7\u00e3o Aroeiras do Itaim conquista Selo Ouro no Compromisso Nacional Crian\u00e7a Alfabetizada - Portal Not\u00edcia em Pauta<\/title>\n<meta name=\"robots\" content=\"index, follow, max-snippet:-1, max-image-preview:large, max-video-preview:-1\" \/>\n<link rel=\"canonical\" href=\"https:\/\/noticiaempauta.com\/portal\/educacao-aroeiras-do-itaim-conquista-selo-ouro-no-compromisso-nacional-crianca-alfabetizada\/\" \/>\n<meta property=\"og:locale\" content=\"pt_BR\" \/>\n<meta property=\"og:type\" content=\"article\" \/>\n<meta property=\"og:title\" content=\"Educa\u00e7\u00e3o Aroeiras do Itaim conquista Selo Ouro no Compromisso Nacional Crian\u00e7a Alfabetizada\" \/>\n<meta property=\"og:description\" content=\"O munic\u00edpio de Aroeiras do Itaim conquistou o Selo Nacional Ouro do Compromisso Nacional Crian\u00e7a Alfabetizada, alcan\u00e7ando 135 pontos, resultado que reafirma o compromisso da gest\u00e3o municipal com a educa\u00e7\u00e3o de qualidade e a alfabetiza\u00e7\u00e3o das crian\u00e7as na idade certa. O reconhecimento \u00e9 concedido pelo Governo Federal aos munic\u00edpios que se destacam na implementa\u00e7\u00e3o de [&hellip;]\" \/>\n<meta property=\"og:url\" content=\"https:\/\/noticiaempauta.com\/portal\/educacao-aroeiras-do-itaim-conquista-selo-ouro-no-compromisso-nacional-crianca-alfabetizada\/\" \/>\n<meta property=\"og:site_name\" content=\"Portal Not\u00edcia em Pauta\" \/>\n<meta property=\"article:publisher\" content=\"https:\/\/www.facebook.com\/Portal-Notcia-Em-Pauta-102292869264820\/\" \/>\n<meta property=\"article:published_time\" content=\"2026-01-21T20:28:43+00:00\" \/>\n<meta property=\"article:modified_time\" content=\"2026-01-21T20:28:44+00:00\" \/>\n<meta property=\"og:image\" content=\"https:\/\/noticiaempauta.com\/portal\/wp-content\/uploads\/2026\/01\/c9550052-2c5d-4b81-a5f9-96aa10550ea8-scaled.webp\" \/>\n\t<meta property=\"og:image:width\" content=\"2560\" \/>\n\t<meta property=\"og:image:height\" content=\"1920\" \/>\n\t<meta property=\"og:image:type\" content=\"image\/webp\" \/>\n<meta name=\"author\" content=\"Reda\u00e7\u00e3o\" \/>\n<meta name=\"twitter:card\" content=\"summary_large_image\" \/>\n<meta name=\"twitter:label1\" content=\"Escrito por\" \/>\n\t<meta name=\"twitter:data1\" content=\"Reda\u00e7\u00e3o\" \/>\n\t<meta name=\"twitter:label2\" content=\"Est. tempo de leitura\" \/>\n\t<meta name=\"twitter:data2\" content=\"3 minutos\" \/>\n<script type=\"application\/ld+json\" class=\"yoast-schema-graph\">{\"@context\":\"https:\/\/schema.org\",\"@graph\":[{\"@type\":\"Article\",\"@id\":\"https:\/\/noticiaempauta.com\/portal\/educacao-aroeiras-do-itaim-conquista-selo-ouro-no-compromisso-nacional-crianca-alfabetizada\/#article\",\"isPartOf\":{\"@id\":\"https:\/\/noticiaempauta.com\/portal\/educacao-aroeiras-do-itaim-conquista-selo-ouro-no-compromisso-nacional-crianca-alfabetizada\/\"},\"author\":{\"name\":\"Reda\u00e7\u00e3o\",\"@id\":\"https:\/\/noticiaempauta.com\/portal\/#\/schema\/person\/a74af43dd1ab3deca45f988c717d57ac\"},\"headline\":\"Educa\u00e7\u00e3o Aroeiras do Itaim conquista Selo Ouro no Compromisso Nacional Crian\u00e7a Alfabetizada\",\"datePublished\":\"2026-01-21T20:28:43+00:00\",\"dateModified\":\"2026-01-21T20:28:44+00:00\",\"mainEntityOfPage\":{\"@id\":\"https:\/\/noticiaempauta.com\/portal\/educacao-aroeiras-do-itaim-conquista-selo-ouro-no-compromisso-nacional-crianca-alfabetizada\/\"},\"wordCount\":379,\"publisher\":{\"@id\":\"https:\/\/noticiaempauta.com\/portal\/#organization\"},\"image\":{\"@id\":\"https:\/\/noticiaempauta.com\/portal\/educacao-aroeiras-do-itaim-conquista-selo-ouro-no-compromisso-nacional-crianca-alfabetizada\/#primaryimage\"},\"thumbnailUrl\":\"https:\/\/noticiaempauta.com\/portal\/wp-content\/uploads\/2026\/01\/c9550052-2c5d-4b81-a5f9-96aa10550ea8-scaled.webp\",\"articleSection\":[\"Destaques\",\"Geral\",\"Munic\u00edpios\",\"Todas as Not\u00edcias\"],\"inLanguage\":\"pt-BR\"},{\"@type\":\"WebPage\",\"@id\":\"https:\/\/noticiaempauta.com\/portal\/educacao-aroeiras-do-itaim-conquista-selo-ouro-no-compromisso-nacional-crianca-alfabetizada\/\",\"url\":\"https:\/\/noticiaempauta.com\/portal\/educacao-aroeiras-do-itaim-conquista-selo-ouro-no-compromisso-nacional-crianca-alfabetizada\/\",\"name\":\"Educa\u00e7\u00e3o Aroeiras do Itaim conquista Selo Ouro no Compromisso Nacional Crian\u00e7a Alfabetizada - Portal Not\u00edcia em Pauta\",\"isPartOf\":{\"@id\":\"https:\/\/noticiaempauta.com\/portal\/#website\"},\"primaryImageOfPage\":{\"@id\":\"https:\/\/noticiaempauta.com\/portal\/educacao-aroeiras-do-itaim-conquista-selo-ouro-no-compromisso-nacional-crianca-alfabetizada\/#primaryimage\"},\"image\":{\"@id\":\"https:\/\/noticiaempauta.com\/portal\/educacao-aroeiras-do-itaim-conquista-selo-ouro-no-compromisso-nacional-crianca-alfabetizada\/#primaryimage\"},\"thumbnailUrl\":\"https:\/\/noticiaempauta.com\/portal\/wp-content\/uploads\/2026\/01\/c9550052-2c5d-4b81-a5f9-96aa10550ea8-scaled.webp\",\"datePublished\":\"2026-01-21T20:28:43+00:00\",\"dateModified\":\"2026-01-21T20:28:44+00:00\",\"breadcrumb\":{\"@id\":\"https:\/\/noticiaempauta.com\/portal\/educacao-aroeiras-do-itaim-conquista-selo-ouro-no-compromisso-nacional-crianca-alfabetizada\/#breadcrumb\"},\"inLanguage\":\"pt-BR\",\"potentialAction\":[{\"@type\":\"ReadAction\",\"target\":[\"https:\/\/noticiaempauta.com\/portal\/educacao-aroeiras-do-itaim-conquista-selo-ouro-no-compromisso-nacional-crianca-alfabetizada\/\"]}]},{\"@type\":\"ImageObject\",\"inLanguage\":\"pt-BR\",\"@id\":\"https:\/\/noticiaempauta.com\/portal\/educacao-aroeiras-do-itaim-conquista-selo-ouro-no-compromisso-nacional-crianca-alfabetizada\/#primaryimage\",\"url\":\"https:\/\/noticiaempauta.com\/portal\/wp-content\/uploads\/2026\/01\/c9550052-2c5d-4b81-a5f9-96aa10550ea8-scaled.webp\",\"contentUrl\":\"https:\/\/noticiaempauta.com\/portal\/wp-content\/uploads\/2026\/01\/c9550052-2c5d-4b81-a5f9-96aa10550ea8-scaled.webp\",\"width\":2560,\"height\":1920},{\"@type\":\"BreadcrumbList\",\"@id\":\"https:\/\/noticiaempauta.com\/portal\/educacao-aroeiras-do-itaim-conquista-selo-ouro-no-compromisso-nacional-crianca-alfabetizada\/#breadcrumb\",\"itemListElement\":[{\"@type\":\"ListItem\",\"position\":1,\"name\":\"P\u00e1gina Inicial\",\"item\":\"https:\/\/noticiaempauta.com\/portal\/\"},{\"@type\":\"ListItem\",\"position\":2,\"name\":\"Destaques\",\"item\":\"https:\/\/noticiaempauta.com\/portal\/destaques-site\/\"},{\"@type\":\"ListItem\",\"position\":3,\"name\":\"Educa\u00e7\u00e3o Aroeiras do Itaim conquista Selo Ouro no Compromisso Nacional Crian\u00e7a Alfabetizada\"}]},{\"@type\":\"WebSite\",\"@id\":\"https:\/\/noticiaempauta.com\/portal\/#website\",\"url\":\"https:\/\/noticiaempauta.com\/portal\/\",\"name\":\"Portal Not\u00edcia em Pauta\",\"description\":\"Voc\u00ea bem informado\",\"publisher\":{\"@id\":\"https:\/\/noticiaempauta.com\/portal\/#organization\"},\"potentialAction\":[{\"@type\":\"SearchAction\",\"target\":{\"@type\":\"EntryPoint\",\"urlTemplate\":\"https:\/\/noticiaempauta.com\/portal\/?s={search_term_string}\"},\"query-input\":{\"@type\":\"PropertyValueSpecification\",\"valueRequired\":true,\"valueName\":\"search_term_string\"}}],\"inLanguage\":\"pt-BR\"},{\"@type\":\"Organization\",\"@id\":\"https:\/\/noticiaempauta.com\/portal\/#organization\",\"name\":\"Portal Not\u00edcia em Pauta\",\"url\":\"https:\/\/noticiaempauta.com\/portal\/\",\"logo\":{\"@type\":\"ImageObject\",\"inLanguage\":\"pt-BR\",\"@id\":\"https:\/\/noticiaempauta.com\/portal\/#\/schema\/logo\/image\/\",\"url\":\"https:\/\/noticiaempauta.com\/portal\/wp-content\/uploads\/2022\/08\/logomarca_tema.fw_.png\",\"contentUrl\":\"https:\/\/noticiaempauta.com\/portal\/wp-content\/uploads\/2022\/08\/logomarca_tema.fw_.png\",\"width\":400,\"height\":232,\"caption\":\"Portal Not\u00edcia em Pauta\"},\"image\":{\"@id\":\"https:\/\/noticiaempauta.com\/portal\/#\/schema\/logo\/image\/\"},\"sameAs\":[\"https:\/\/www.facebook.com\/Portal-Notcia-Em-Pauta-102292869264820\/\",\"https:\/\/www.instagram.com\/portalnoticiaempauta\/\"]},{\"@type\":\"Person\",\"@id\":\"https:\/\/noticiaempauta.com\/portal\/#\/schema\/person\/a74af43dd1ab3deca45f988c717d57ac\",\"name\":\"Reda\u00e7\u00e3o\",\"image\":{\"@type\":\"ImageObject\",\"inLanguage\":\"pt-BR\",\"@id\":\"https:\/\/noticiaempauta.com\/portal\/#\/schema\/person\/image\/\",\"url\":\"https:\/\/secure.gravatar.com\/avatar\/03179346ecce6cdfc13361603e8f54242a90e5cde8618fa23c5c00aa2b0aadf3?s=96&d=mm&r=g\",\"contentUrl\":\"https:\/\/secure.gravatar.com\/avatar\/03179346ecce6cdfc13361603e8f54242a90e5cde8618fa23c5c00aa2b0aadf3?s=96&d=mm&r=g\",\"caption\":\"Reda\u00e7\u00e3o\"},\"sameAs\":[\"https:\/\/noticiaempauta.com\/portal\/\"],\"url\":\"https:\/\/noticiaempauta.com\/portal\/author\/fernando\/\"}]}<\/script>\n<!-- \/ Yoast SEO Premium plugin. -->","yoast_head_json":{"title":"Educa\u00e7\u00e3o Aroeiras do Itaim conquista Selo Ouro no Compromisso Nacional Crian\u00e7a Alfabetizada - Portal Not\u00edcia em Pauta","robots":{"index":"index","follow":"follow","max-snippet":"max-snippet:-1","max-image-preview":"max-image-preview:large","max-video-preview":"max-video-preview:-1"},"canonical":"https:\/\/noticiaempauta.com\/portal\/educacao-aroeiras-do-itaim-conquista-selo-ouro-no-compromisso-nacional-crianca-alfabetizada\/","og_locale":"pt_BR","og_type":"article","og_title":"Educa\u00e7\u00e3o Aroeiras do Itaim conquista Selo Ouro no Compromisso Nacional Crian\u00e7a Alfabetizada","og_description":"O munic\u00edpio de Aroeiras do Itaim conquistou o Selo Nacional Ouro do Compromisso Nacional Crian\u00e7a Alfabetizada, alcan\u00e7ando 135 pontos, resultado que reafirma o compromisso da gest\u00e3o municipal com a educa\u00e7\u00e3o de qualidade e a alfabetiza\u00e7\u00e3o das crian\u00e7as na idade certa. O reconhecimento \u00e9 concedido pelo Governo Federal aos munic\u00edpios que se destacam na implementa\u00e7\u00e3o de [&hellip;]","og_url":"https:\/\/noticiaempauta.com\/portal\/educacao-aroeiras-do-itaim-conquista-selo-ouro-no-compromisso-nacional-crianca-alfabetizada\/","og_site_name":"Portal Not\u00edcia em Pauta","article_publisher":"https:\/\/www.facebook.com\/Portal-Notcia-Em-Pauta-102292869264820\/","article_published_time":"2026-01-21T20:28:43+00:00","article_modified_time":"2026-01-21T20:28:44+00:00","og_image":[{"width":2560,"height":1920,"url":"https:\/\/noticiaempauta.com\/portal\/wp-content\/uploads\/2026\/01\/c9550052-2c5d-4b81-a5f9-96aa10550ea8-scaled.webp","type":"image\/webp"}],"author":"Reda\u00e7\u00e3o","twitter_card":"summary_large_image","twitter_misc":{"Escrito por":"Reda\u00e7\u00e3o","Est. tempo de leitura":"3 minutos"},"schema":{"@context":"https:\/\/schema.org","@graph":[{"@type":"Article","@id":"https:\/\/noticiaempauta.com\/portal\/educacao-aroeiras-do-itaim-conquista-selo-ouro-no-compromisso-nacional-crianca-alfabetizada\/#article","isPartOf":{"@id":"https:\/\/noticiaempauta.com\/portal\/educacao-aroeiras-do-itaim-conquista-selo-ouro-no-compromisso-nacional-crianca-alfabetizada\/"},"author":{"name":"Reda\u00e7\u00e3o","@id":"https:\/\/noticiaempauta.com\/portal\/#\/schema\/person\/a74af43dd1ab3deca45f988c717d57ac"},"headline":"Educa\u00e7\u00e3o Aroeiras do Itaim conquista Selo Ouro no Compromisso Nacional Crian\u00e7a Alfabetizada","datePublished":"2026-01-21T20:28:43+00:00","dateModified":"2026-01-21T20:28:44+00:00","mainEntityOfPage":{"@id":"https:\/\/noticiaempauta.com\/portal\/educacao-aroeiras-do-itaim-conquista-selo-ouro-no-compromisso-nacional-crianca-alfabetizada\/"},"wordCount":379,"publisher":{"@id":"https:\/\/noticiaempauta.com\/portal\/#organization"},"image":{"@id":"https:\/\/noticiaempauta.com\/portal\/educacao-aroeiras-do-itaim-conquista-selo-ouro-no-compromisso-nacional-crianca-alfabetizada\/#primaryimage"},"thumbnailUrl":"https:\/\/noticiaempauta.com\/portal\/wp-content\/uploads\/2026\/01\/c9550052-2c5d-4b81-a5f9-96aa10550ea8-scaled.webp","articleSection":["Destaques","Geral","Munic\u00edpios","Todas as Not\u00edcias"],"inLanguage":"pt-BR"},{"@type":"WebPage","@id":"https:\/\/noticiaempauta.com\/portal\/educacao-aroeiras-do-itaim-conquista-selo-ouro-no-compromisso-nacional-crianca-alfabetizada\/","url":"https:\/\/noticiaempauta.com\/portal\/educacao-aroeiras-do-itaim-conquista-selo-ouro-no-compromisso-nacional-crianca-alfabetizada\/","name":"Educa\u00e7\u00e3o Aroeiras do Itaim conquista Selo Ouro no Compromisso Nacional Crian\u00e7a Alfabetizada - Portal Not\u00edcia em Pauta","isPartOf":{"@id":"https:\/\/noticiaempauta.com\/portal\/#website"},"primaryImageOfPage":{"@id":"https:\/\/noticiaempauta.com\/portal\/educacao-aroeiras-do-itaim-conquista-selo-ouro-no-compromisso-nacional-crianca-alfabetizada\/#primaryimage"},"image":{"@id":"https:\/\/noticiaempauta.com\/portal\/educacao-aroeiras-do-itaim-conquista-selo-ouro-no-compromisso-nacional-crianca-alfabetizada\/#primaryimage"},"thumbnailUrl":"https:\/\/noticiaempauta.com\/portal\/wp-content\/uploads\/2026\/01\/c9550052-2c5d-4b81-a5f9-96aa10550ea8-scaled.webp","datePublished":"2026-01-21T20:28:43+00:00","dateModified":"2026-01-21T20:28:44+00:00","breadcrumb":{"@id":"https:\/\/noticiaempauta.com\/portal\/educacao-aroeiras-do-itaim-conquista-selo-ouro-no-compromisso-nacional-crianca-alfabetizada\/#breadcrumb"},"inLanguage":"pt-BR","potentialAction":[{"@type":"ReadAction","target":["https:\/\/noticiaempauta.com\/portal\/educacao-aroeiras-do-itaim-conquista-selo-ouro-no-compromisso-nacional-crianca-alfabetizada\/"]}]},{"@type":"ImageObject","inLanguage":"pt-BR","@id":"https:\/\/noticiaempauta.com\/portal\/educacao-aroeiras-do-itaim-conquista-selo-ouro-no-compromisso-nacional-crianca-alfabetizada\/#primaryimage","url":"https:\/\/noticiaempauta.com\/portal\/wp-content\/uploads\/2026\/01\/c9550052-2c5d-4b81-a5f9-96aa10550ea8-scaled.webp","contentUrl":"https:\/\/noticiaempauta.com\/portal\/wp-content\/uploads\/2026\/01\/c9550052-2c5d-4b81-a5f9-96aa10550ea8-scaled.webp","width":2560,"height":1920},{"@type":"BreadcrumbList","@id":"https:\/\/noticiaempauta.com\/portal\/educacao-aroeiras-do-itaim-conquista-selo-ouro-no-compromisso-nacional-crianca-alfabetizada\/#breadcrumb","itemListElement":[{"@type":"ListItem","position":1,"name":"P\u00e1gina Inicial","item":"https:\/\/noticiaempauta.com\/portal\/"},{"@type":"ListItem","position":2,"name":"Destaques","item":"https:\/\/noticiaempauta.com\/portal\/destaques-site\/"},{"@type":"ListItem","position":3,"name":"Educa\u00e7\u00e3o Aroeiras do Itaim conquista Selo Ouro no Compromisso Nacional Crian\u00e7a Alfabetizada"}]},{"@type":"WebSite","@id":"https:\/\/noticiaempauta.com\/portal\/#website","url":"https:\/\/noticiaempauta.com\/portal\/","name":"Portal Not\u00edcia em Pauta","description":"Voc\u00ea bem informado","publisher":{"@id":"https:\/\/noticiaempauta.com\/portal\/#organization"},"potentialAction":[{"@type":"SearchAction","target":{"@type":"EntryPoint","urlTemplate":"https:\/\/noticiaempauta.com\/portal\/?s={search_term_string}"},"query-input":{"@type":"PropertyValueSpecification","valueRequired":true,"valueName":"search_term_string"}}],"inLanguage":"pt-BR"},{"@type":"Organization","@id":"https:\/\/noticiaempauta.com\/portal\/#organization","name":"Portal Not\u00edcia em Pauta","url":"https:\/\/noticiaempauta.com\/portal\/","logo":{"@type":"ImageObject","inLanguage":"pt-BR","@id":"https:\/\/noticiaempauta.com\/portal\/#\/schema\/logo\/image\/","url":"https:\/\/noticiaempauta.com\/portal\/wp-content\/uploads\/2022\/08\/logomarca_tema.fw_.png","contentUrl":"https:\/\/noticiaempauta.com\/portal\/wp-content\/uploads\/2022\/08\/logomarca_tema.fw_.png","width":400,"height":232,"caption":"Portal Not\u00edcia em Pauta"},"image":{"@id":"https:\/\/noticiaempauta.com\/portal\/#\/schema\/logo\/image\/"},"sameAs":["https:\/\/www.facebook.com\/Portal-Notcia-Em-Pauta-102292869264820\/","https:\/\/www.instagram.com\/portalnoticiaempauta\/"]},{"@type":"Person","@id":"https:\/\/noticiaempauta.com\/portal\/#\/schema\/person\/a74af43dd1ab3deca45f988c717d57ac","name":"Reda\u00e7\u00e3o","image":{"@type":"ImageObject","inLanguage":"pt-BR","@id":"https:\/\/noticiaempauta.com\/portal\/#\/schema\/person\/image\/","url":"https:\/\/secure.gravatar.com\/avatar\/03179346ecce6cdfc13361603e8f54242a90e5cde8618fa23c5c00aa2b0aadf3?s=96&d=mm&r=g","contentUrl":"https:\/\/secure.gravatar.com\/avatar\/03179346ecce6cdfc13361603e8f54242a90e5cde8618fa23c5c00aa2b0aadf3?s=96&d=mm&r=g","caption":"Reda\u00e7\u00e3o"},"sameAs":["https:\/\/noticiaempauta.com\/portal\/"],"url":"https:\/\/noticiaempauta.com\/portal\/author\/fernando\/"}]}},"_links":{"self":[{"href":"https:\/\/noticiaempauta.com\/portal\/wp-json\/wp\/v2\/posts\/284181","targetHints":{"allow":["GET"]}}],"collection":[{"href":"https:\/\/noticiaempauta.com\/portal\/wp-json\/wp\/v2\/posts"}],"about":[{"href":"https:\/\/noticiaempauta.com\/portal\/wp-json\/wp\/v2\/types\/post"}],"author":[{"embeddable":true,"href":"https:\/\/noticiaempauta.com\/portal\/wp-json\/wp\/v2\/users\/2"}],"replies":[{"embeddable":true,"href":"https:\/\/noticiaempauta.com\/portal\/wp-json\/wp\/v2\/comments?post=284181"}],"version-history":[{"count":2,"href":"https:\/\/noticiaempauta.com\/portal\/wp-json\/wp\/v2\/posts\/284181\/revisions"}],"predecessor-version":[{"id":284185,"href":"https:\/\/noticiaempauta.com\/portal\/wp-json\/wp\/v2\/posts\/284181\/revisions\/284185"}],"wp:featuredmedia":[{"embeddable":true,"href":"https:\/\/noticiaempauta.com\/portal\/wp-json\/wp\/v2\/media\/284183"}],"wp:attachment":[{"href":"https:\/\/noticiaempauta.com\/portal\/wp-json\/wp\/v2\/media?parent=284181"}],"wp:term":[{"taxonomy":"category","embeddable":true,"href":"https:\/\/noticiaempauta.com\/portal\/wp-json\/wp\/v2\/categories?post=284181"},{"taxonomy":"post_tag","embeddable":true,"href":"https:\/\/noticiaempauta.com\/portal\/wp-json\/wp\/v2\/tags?post=284181"}],"curies":[{"name":"wp","href":"https:\/\/api.w.org\/{rel}","templated":true}]}}