{"id":284191,"date":"2026-01-22T05:05:45","date_gmt":"2026-01-22T08:05:45","guid":{"rendered":"https:\/\/noticiaempauta.com\/portal\/?p=284191"},"modified":"2026-01-22T05:05:46","modified_gmt":"2026-01-22T08:05:46","slug":"chico-lucas-e-o-novo-titular-da-secretaria-nacional-de-seguranca-publica","status":"publish","type":"post","link":"https:\/\/noticiaempauta.com\/portal\/chico-lucas-e-o-novo-titular-da-secretaria-nacional-de-seguranca-publica\/","title":{"rendered":"Chico Lucas \u00e9 o novo titular da Secretaria Nacional de Seguran\u00e7a P\u00fablica"},"content":{"rendered":"\n<p>O secret\u00e1rio de Seguran\u00e7a P\u00fablica do Piau\u00ed, Francisco Lucas Costa Veloso, o Chico Lucas, foi escolhido para assumir a Secretaria Nacional de Seguran\u00e7a P\u00fablica (Senasp), \u00f3rg\u00e3o vinculado ao Minist\u00e9rio da Justi\u00e7a e Seguran\u00e7a P\u00fablica. <\/p>\n\n\n\n<figure class=\"wp-block-image size-full\"><img fetchpriority=\"high\" decoding=\"async\" width=\"1000\" height=\"980\" src=\"https:\/\/noticiaempauta.com\/portal\/wp-content\/uploads\/2026\/01\/IMG_1729.webp\" alt=\"\" class=\"wp-image-284192\" srcset=\"https:\/\/noticiaempauta.com\/portal\/wp-content\/uploads\/2026\/01\/IMG_1729.webp 1000w, https:\/\/noticiaempauta.com\/portal\/wp-content\/uploads\/2026\/01\/IMG_1729-300x294.webp 300w, https:\/\/noticiaempauta.com\/portal\/wp-content\/uploads\/2026\/01\/IMG_1729-768x753.webp 768w\" sizes=\"(max-width: 1000px) 100vw, 1000px\" \/><figcaption class=\"wp-element-caption\">(Foto: Divulga\u00e7\u00e3o)<\/figcaption><\/figure>\n\n\n\n<p>A indica\u00e7\u00e3o foi feita pelo Conselho Nacional de Secret\u00e1rios de Seguran\u00e7a P\u00fablica (Consesp) e a escolha anunciada pelo novo ministro da Justi\u00e7a e Seguran\u00e7a P\u00fablica,\u00a0Wellington C\u00e9sar Lima e Silva, que assinou a nomea\u00e7\u00e3o na noite desta quarta-feira (21).<\/p>\n\n\n\n<p>A escolha de Chico Lucas reflete o reconhecimento nacional ao trabalho desenvolvido \u00e0 frente da Seguran\u00e7a P\u00fablica do Piau\u00ed, que se tornou refer\u00eancia para outros estados e para o pr\u00f3prio Minist\u00e9rio da Justi\u00e7a, com a implementa\u00e7\u00e3o de pol\u00edticas p\u00fablicas inovadoras, baseadas em tecnologia, integra\u00e7\u00e3o institucional e respeito aos direitos humanos\ufffc.<\/p>\n\n\n\n<p>Formado em Direito pela Universidade Federal do Piau\u00ed, Chico Lucas foi policial rodovi\u00e1rio federal aos 19 anos e procurador do Estado do Piau\u00ed aos 25. Tamb\u00e9m presidiu a Ordem dos Advogados do Brasil, Seccional Piau\u00ed (2016\u20132018), al\u00e9m de ter atuado como diretor-geral do Instituto de Terras do Piau\u00ed entre 2019 e 2022\ufffc.<\/p>\n\n\n\n<p>Fica a cargo da Senasp formular pol\u00edticas p\u00fablicas, diretrizes e a\u00e7\u00f5es para a seguran\u00e7a no pa\u00eds. Entre os desafios da secretaria est\u00e1 a integra\u00e7\u00e3o e coordena\u00e7\u00e3o entre as diferentes esferas dos governos estaduais e federal.<\/p>\n\n\n\n<p>Fonte: Portal Clube News<\/p>\n\n\n\n<p><\/p>\n","protected":false},"excerpt":{"rendered":"<p>O secret\u00e1rio de Seguran\u00e7a P\u00fablica do Piau\u00ed, Francisco Lucas Costa Veloso, o Chico Lucas, foi escolhido para assumir a Secretaria Nacional de Seguran\u00e7a P\u00fablica (Senasp), \u00f3rg\u00e3o vinculado ao Minist\u00e9rio da Justi\u00e7a e Seguran\u00e7a P\u00fablica. A indica\u00e7\u00e3o foi feita pelo Conselho Nacional de Secret\u00e1rios de Seguran\u00e7a P\u00fablica (Consesp) e a escolha anunciada pelo novo ministro da [&hellip;]<\/p>\n","protected":false},"author":2,"featured_media":284192,"comment_status":"closed","ping_status":"closed","sticky":false,"template":"","format":"standard","meta":{"_mi_skip_tracking":false,"footnotes":""},"categories":[25,1,16],"tags":[192],"class_list":["post-284191","post","type-post","status-publish","format-standard","has-post-thumbnail","hentry","category-destaques-site","category-geral","category-todas","tag-destaqueprincipal"],"acf":[],"yoast_head":"<!-- This site is optimized with the Yoast SEO Premium plugin v19.2 (Yoast SEO v26.9) - https:\/\/yoast.com\/product\/yoast-seo-premium-wordpress\/ -->\n<title>Chico Lucas \u00e9 o novo titular da Secretaria Nacional de Seguran\u00e7a P\u00fablica - Portal Not\u00edcia em Pauta<\/title>\n<meta name=\"robots\" content=\"index, follow, max-snippet:-1, max-image-preview:large, max-video-preview:-1\" \/>\n<link rel=\"canonical\" href=\"https:\/\/noticiaempauta.com\/portal\/chico-lucas-e-o-novo-titular-da-secretaria-nacional-de-seguranca-publica\/\" \/>\n<meta property=\"og:locale\" content=\"pt_BR\" \/>\n<meta property=\"og:type\" content=\"article\" \/>\n<meta property=\"og:title\" content=\"Chico Lucas \u00e9 o novo titular da Secretaria Nacional de Seguran\u00e7a P\u00fablica\" \/>\n<meta property=\"og:description\" content=\"O secret\u00e1rio de Seguran\u00e7a P\u00fablica do Piau\u00ed, Francisco Lucas Costa Veloso, o Chico Lucas, foi escolhido para assumir a Secretaria Nacional de Seguran\u00e7a P\u00fablica (Senasp), \u00f3rg\u00e3o vinculado ao Minist\u00e9rio da Justi\u00e7a e Seguran\u00e7a P\u00fablica. A indica\u00e7\u00e3o foi feita pelo Conselho Nacional de Secret\u00e1rios de Seguran\u00e7a P\u00fablica (Consesp) e a escolha anunciada pelo novo ministro da [&hellip;]\" \/>\n<meta property=\"og:url\" content=\"https:\/\/noticiaempauta.com\/portal\/chico-lucas-e-o-novo-titular-da-secretaria-nacional-de-seguranca-publica\/\" \/>\n<meta property=\"og:site_name\" content=\"Portal Not\u00edcia em Pauta\" \/>\n<meta property=\"article:publisher\" content=\"https:\/\/www.facebook.com\/Portal-Notcia-Em-Pauta-102292869264820\/\" \/>\n<meta property=\"article:published_time\" content=\"2026-01-22T08:05:45+00:00\" \/>\n<meta property=\"article:modified_time\" content=\"2026-01-22T08:05:46+00:00\" \/>\n<meta property=\"og:image\" content=\"https:\/\/noticiaempauta.com\/portal\/wp-content\/uploads\/2026\/01\/IMG_1729.webp\" \/>\n\t<meta property=\"og:image:width\" content=\"1000\" \/>\n\t<meta property=\"og:image:height\" content=\"980\" \/>\n\t<meta property=\"og:image:type\" content=\"image\/webp\" \/>\n<meta name=\"author\" content=\"Reda\u00e7\u00e3o\" \/>\n<meta name=\"twitter:card\" content=\"summary_large_image\" \/>\n<meta name=\"twitter:label1\" content=\"Escrito por\" \/>\n\t<meta name=\"twitter:data1\" content=\"Reda\u00e7\u00e3o\" \/>\n\t<meta name=\"twitter:label2\" content=\"Est. tempo de leitura\" \/>\n\t<meta name=\"twitter:data2\" content=\"2 minutos\" \/>\n<script type=\"application\/ld+json\" class=\"yoast-schema-graph\">{\"@context\":\"https:\/\/schema.org\",\"@graph\":[{\"@type\":\"Article\",\"@id\":\"https:\/\/noticiaempauta.com\/portal\/chico-lucas-e-o-novo-titular-da-secretaria-nacional-de-seguranca-publica\/#article\",\"isPartOf\":{\"@id\":\"https:\/\/noticiaempauta.com\/portal\/chico-lucas-e-o-novo-titular-da-secretaria-nacional-de-seguranca-publica\/\"},\"author\":{\"name\":\"Reda\u00e7\u00e3o\",\"@id\":\"https:\/\/noticiaempauta.com\/portal\/#\/schema\/person\/a74af43dd1ab3deca45f988c717d57ac\"},\"headline\":\"Chico Lucas \u00e9 o novo titular da Secretaria Nacional de Seguran\u00e7a P\u00fablica\",\"datePublished\":\"2026-01-22T08:05:45+00:00\",\"dateModified\":\"2026-01-22T08:05:46+00:00\",\"mainEntityOfPage\":{\"@id\":\"https:\/\/noticiaempauta.com\/portal\/chico-lucas-e-o-novo-titular-da-secretaria-nacional-de-seguranca-publica\/\"},\"wordCount\":262,\"publisher\":{\"@id\":\"https:\/\/noticiaempauta.com\/portal\/#organization\"},\"image\":{\"@id\":\"https:\/\/noticiaempauta.com\/portal\/chico-lucas-e-o-novo-titular-da-secretaria-nacional-de-seguranca-publica\/#primaryimage\"},\"thumbnailUrl\":\"https:\/\/noticiaempauta.com\/portal\/wp-content\/uploads\/2026\/01\/IMG_1729.webp\",\"keywords\":[\"destaqueprincipal\"],\"articleSection\":[\"Destaques\",\"Geral\",\"Todas as Not\u00edcias\"],\"inLanguage\":\"pt-BR\"},{\"@type\":\"WebPage\",\"@id\":\"https:\/\/noticiaempauta.com\/portal\/chico-lucas-e-o-novo-titular-da-secretaria-nacional-de-seguranca-publica\/\",\"url\":\"https:\/\/noticiaempauta.com\/portal\/chico-lucas-e-o-novo-titular-da-secretaria-nacional-de-seguranca-publica\/\",\"name\":\"Chico Lucas \u00e9 o novo titular da Secretaria Nacional de Seguran\u00e7a P\u00fablica - Portal Not\u00edcia em Pauta\",\"isPartOf\":{\"@id\":\"https:\/\/noticiaempauta.com\/portal\/#website\"},\"primaryImageOfPage\":{\"@id\":\"https:\/\/noticiaempauta.com\/portal\/chico-lucas-e-o-novo-titular-da-secretaria-nacional-de-seguranca-publica\/#primaryimage\"},\"image\":{\"@id\":\"https:\/\/noticiaempauta.com\/portal\/chico-lucas-e-o-novo-titular-da-secretaria-nacional-de-seguranca-publica\/#primaryimage\"},\"thumbnailUrl\":\"https:\/\/noticiaempauta.com\/portal\/wp-content\/uploads\/2026\/01\/IMG_1729.webp\",\"datePublished\":\"2026-01-22T08:05:45+00:00\",\"dateModified\":\"2026-01-22T08:05:46+00:00\",\"breadcrumb\":{\"@id\":\"https:\/\/noticiaempauta.com\/portal\/chico-lucas-e-o-novo-titular-da-secretaria-nacional-de-seguranca-publica\/#breadcrumb\"},\"inLanguage\":\"pt-BR\",\"potentialAction\":[{\"@type\":\"ReadAction\",\"target\":[\"https:\/\/noticiaempauta.com\/portal\/chico-lucas-e-o-novo-titular-da-secretaria-nacional-de-seguranca-publica\/\"]}]},{\"@type\":\"ImageObject\",\"inLanguage\":\"pt-BR\",\"@id\":\"https:\/\/noticiaempauta.com\/portal\/chico-lucas-e-o-novo-titular-da-secretaria-nacional-de-seguranca-publica\/#primaryimage\",\"url\":\"https:\/\/noticiaempauta.com\/portal\/wp-content\/uploads\/2026\/01\/IMG_1729.webp\",\"contentUrl\":\"https:\/\/noticiaempauta.com\/portal\/wp-content\/uploads\/2026\/01\/IMG_1729.webp\",\"width\":1000,\"height\":980},{\"@type\":\"BreadcrumbList\",\"@id\":\"https:\/\/noticiaempauta.com\/portal\/chico-lucas-e-o-novo-titular-da-secretaria-nacional-de-seguranca-publica\/#breadcrumb\",\"itemListElement\":[{\"@type\":\"ListItem\",\"position\":1,\"name\":\"P\u00e1gina Inicial\",\"item\":\"https:\/\/noticiaempauta.com\/portal\/\"},{\"@type\":\"ListItem\",\"position\":2,\"name\":\"Destaques\",\"item\":\"https:\/\/noticiaempauta.com\/portal\/destaques-site\/\"},{\"@type\":\"ListItem\",\"position\":3,\"name\":\"Chico Lucas \u00e9 o novo titular da Secretaria Nacional de Seguran\u00e7a P\u00fablica\"}]},{\"@type\":\"WebSite\",\"@id\":\"https:\/\/noticiaempauta.com\/portal\/#website\",\"url\":\"https:\/\/noticiaempauta.com\/portal\/\",\"name\":\"Portal Not\u00edcia em Pauta\",\"description\":\"Voc\u00ea bem informado\",\"publisher\":{\"@id\":\"https:\/\/noticiaempauta.com\/portal\/#organization\"},\"potentialAction\":[{\"@type\":\"SearchAction\",\"target\":{\"@type\":\"EntryPoint\",\"urlTemplate\":\"https:\/\/noticiaempauta.com\/portal\/?s={search_term_string}\"},\"query-input\":{\"@type\":\"PropertyValueSpecification\",\"valueRequired\":true,\"valueName\":\"search_term_string\"}}],\"inLanguage\":\"pt-BR\"},{\"@type\":\"Organization\",\"@id\":\"https:\/\/noticiaempauta.com\/portal\/#organization\",\"name\":\"Portal Not\u00edcia em Pauta\",\"url\":\"https:\/\/noticiaempauta.com\/portal\/\",\"logo\":{\"@type\":\"ImageObject\",\"inLanguage\":\"pt-BR\",\"@id\":\"https:\/\/noticiaempauta.com\/portal\/#\/schema\/logo\/image\/\",\"url\":\"https:\/\/noticiaempauta.com\/portal\/wp-content\/uploads\/2022\/08\/logomarca_tema.fw_.png\",\"contentUrl\":\"https:\/\/noticiaempauta.com\/portal\/wp-content\/uploads\/2022\/08\/logomarca_tema.fw_.png\",\"width\":400,\"height\":232,\"caption\":\"Portal Not\u00edcia em Pauta\"},\"image\":{\"@id\":\"https:\/\/noticiaempauta.com\/portal\/#\/schema\/logo\/image\/\"},\"sameAs\":[\"https:\/\/www.facebook.com\/Portal-Notcia-Em-Pauta-102292869264820\/\",\"https:\/\/www.instagram.com\/portalnoticiaempauta\/\"]},{\"@type\":\"Person\",\"@id\":\"https:\/\/noticiaempauta.com\/portal\/#\/schema\/person\/a74af43dd1ab3deca45f988c717d57ac\",\"name\":\"Reda\u00e7\u00e3o\",\"image\":{\"@type\":\"ImageObject\",\"inLanguage\":\"pt-BR\",\"@id\":\"https:\/\/noticiaempauta.com\/portal\/#\/schema\/person\/image\/\",\"url\":\"https:\/\/secure.gravatar.com\/avatar\/03179346ecce6cdfc13361603e8f54242a90e5cde8618fa23c5c00aa2b0aadf3?s=96&d=mm&r=g\",\"contentUrl\":\"https:\/\/secure.gravatar.com\/avatar\/03179346ecce6cdfc13361603e8f54242a90e5cde8618fa23c5c00aa2b0aadf3?s=96&d=mm&r=g\",\"caption\":\"Reda\u00e7\u00e3o\"},\"sameAs\":[\"https:\/\/noticiaempauta.com\/portal\/\"],\"url\":\"https:\/\/noticiaempauta.com\/portal\/author\/fernando\/\"}]}<\/script>\n<!-- \/ Yoast SEO Premium plugin. -->","yoast_head_json":{"title":"Chico Lucas \u00e9 o novo titular da Secretaria Nacional de Seguran\u00e7a P\u00fablica - Portal Not\u00edcia em Pauta","robots":{"index":"index","follow":"follow","max-snippet":"max-snippet:-1","max-image-preview":"max-image-preview:large","max-video-preview":"max-video-preview:-1"},"canonical":"https:\/\/noticiaempauta.com\/portal\/chico-lucas-e-o-novo-titular-da-secretaria-nacional-de-seguranca-publica\/","og_locale":"pt_BR","og_type":"article","og_title":"Chico Lucas \u00e9 o novo titular da Secretaria Nacional de Seguran\u00e7a P\u00fablica","og_description":"O secret\u00e1rio de Seguran\u00e7a P\u00fablica do Piau\u00ed, Francisco Lucas Costa Veloso, o Chico Lucas, foi escolhido para assumir a Secretaria Nacional de Seguran\u00e7a P\u00fablica (Senasp), \u00f3rg\u00e3o vinculado ao Minist\u00e9rio da Justi\u00e7a e Seguran\u00e7a P\u00fablica. A indica\u00e7\u00e3o foi feita pelo Conselho Nacional de Secret\u00e1rios de Seguran\u00e7a P\u00fablica (Consesp) e a escolha anunciada pelo novo ministro da [&hellip;]","og_url":"https:\/\/noticiaempauta.com\/portal\/chico-lucas-e-o-novo-titular-da-secretaria-nacional-de-seguranca-publica\/","og_site_name":"Portal Not\u00edcia em Pauta","article_publisher":"https:\/\/www.facebook.com\/Portal-Notcia-Em-Pauta-102292869264820\/","article_published_time":"2026-01-22T08:05:45+00:00","article_modified_time":"2026-01-22T08:05:46+00:00","og_image":[{"width":1000,"height":980,"url":"https:\/\/noticiaempauta.com\/portal\/wp-content\/uploads\/2026\/01\/IMG_1729.webp","type":"image\/webp"}],"author":"Reda\u00e7\u00e3o","twitter_card":"summary_large_image","twitter_misc":{"Escrito por":"Reda\u00e7\u00e3o","Est. tempo de leitura":"2 minutos"},"schema":{"@context":"https:\/\/schema.org","@graph":[{"@type":"Article","@id":"https:\/\/noticiaempauta.com\/portal\/chico-lucas-e-o-novo-titular-da-secretaria-nacional-de-seguranca-publica\/#article","isPartOf":{"@id":"https:\/\/noticiaempauta.com\/portal\/chico-lucas-e-o-novo-titular-da-secretaria-nacional-de-seguranca-publica\/"},"author":{"name":"Reda\u00e7\u00e3o","@id":"https:\/\/noticiaempauta.com\/portal\/#\/schema\/person\/a74af43dd1ab3deca45f988c717d57ac"},"headline":"Chico Lucas \u00e9 o novo titular da Secretaria Nacional de Seguran\u00e7a P\u00fablica","datePublished":"2026-01-22T08:05:45+00:00","dateModified":"2026-01-22T08:05:46+00:00","mainEntityOfPage":{"@id":"https:\/\/noticiaempauta.com\/portal\/chico-lucas-e-o-novo-titular-da-secretaria-nacional-de-seguranca-publica\/"},"wordCount":262,"publisher":{"@id":"https:\/\/noticiaempauta.com\/portal\/#organization"},"image":{"@id":"https:\/\/noticiaempauta.com\/portal\/chico-lucas-e-o-novo-titular-da-secretaria-nacional-de-seguranca-publica\/#primaryimage"},"thumbnailUrl":"https:\/\/noticiaempauta.com\/portal\/wp-content\/uploads\/2026\/01\/IMG_1729.webp","keywords":["destaqueprincipal"],"articleSection":["Destaques","Geral","Todas as Not\u00edcias"],"inLanguage":"pt-BR"},{"@type":"WebPage","@id":"https:\/\/noticiaempauta.com\/portal\/chico-lucas-e-o-novo-titular-da-secretaria-nacional-de-seguranca-publica\/","url":"https:\/\/noticiaempauta.com\/portal\/chico-lucas-e-o-novo-titular-da-secretaria-nacional-de-seguranca-publica\/","name":"Chico Lucas \u00e9 o novo titular da Secretaria Nacional de Seguran\u00e7a P\u00fablica - Portal Not\u00edcia em Pauta","isPartOf":{"@id":"https:\/\/noticiaempauta.com\/portal\/#website"},"primaryImageOfPage":{"@id":"https:\/\/noticiaempauta.com\/portal\/chico-lucas-e-o-novo-titular-da-secretaria-nacional-de-seguranca-publica\/#primaryimage"},"image":{"@id":"https:\/\/noticiaempauta.com\/portal\/chico-lucas-e-o-novo-titular-da-secretaria-nacional-de-seguranca-publica\/#primaryimage"},"thumbnailUrl":"https:\/\/noticiaempauta.com\/portal\/wp-content\/uploads\/2026\/01\/IMG_1729.webp","datePublished":"2026-01-22T08:05:45+00:00","dateModified":"2026-01-22T08:05:46+00:00","breadcrumb":{"@id":"https:\/\/noticiaempauta.com\/portal\/chico-lucas-e-o-novo-titular-da-secretaria-nacional-de-seguranca-publica\/#breadcrumb"},"inLanguage":"pt-BR","potentialAction":[{"@type":"ReadAction","target":["https:\/\/noticiaempauta.com\/portal\/chico-lucas-e-o-novo-titular-da-secretaria-nacional-de-seguranca-publica\/"]}]},{"@type":"ImageObject","inLanguage":"pt-BR","@id":"https:\/\/noticiaempauta.com\/portal\/chico-lucas-e-o-novo-titular-da-secretaria-nacional-de-seguranca-publica\/#primaryimage","url":"https:\/\/noticiaempauta.com\/portal\/wp-content\/uploads\/2026\/01\/IMG_1729.webp","contentUrl":"https:\/\/noticiaempauta.com\/portal\/wp-content\/uploads\/2026\/01\/IMG_1729.webp","width":1000,"height":980},{"@type":"BreadcrumbList","@id":"https:\/\/noticiaempauta.com\/portal\/chico-lucas-e-o-novo-titular-da-secretaria-nacional-de-seguranca-publica\/#breadcrumb","itemListElement":[{"@type":"ListItem","position":1,"name":"P\u00e1gina Inicial","item":"https:\/\/noticiaempauta.com\/portal\/"},{"@type":"ListItem","position":2,"name":"Destaques","item":"https:\/\/noticiaempauta.com\/portal\/destaques-site\/"},{"@type":"ListItem","position":3,"name":"Chico Lucas \u00e9 o novo titular da Secretaria Nacional de Seguran\u00e7a P\u00fablica"}]},{"@type":"WebSite","@id":"https:\/\/noticiaempauta.com\/portal\/#website","url":"https:\/\/noticiaempauta.com\/portal\/","name":"Portal Not\u00edcia em Pauta","description":"Voc\u00ea bem informado","publisher":{"@id":"https:\/\/noticiaempauta.com\/portal\/#organization"},"potentialAction":[{"@type":"SearchAction","target":{"@type":"EntryPoint","urlTemplate":"https:\/\/noticiaempauta.com\/portal\/?s={search_term_string}"},"query-input":{"@type":"PropertyValueSpecification","valueRequired":true,"valueName":"search_term_string"}}],"inLanguage":"pt-BR"},{"@type":"Organization","@id":"https:\/\/noticiaempauta.com\/portal\/#organization","name":"Portal Not\u00edcia em Pauta","url":"https:\/\/noticiaempauta.com\/portal\/","logo":{"@type":"ImageObject","inLanguage":"pt-BR","@id":"https:\/\/noticiaempauta.com\/portal\/#\/schema\/logo\/image\/","url":"https:\/\/noticiaempauta.com\/portal\/wp-content\/uploads\/2022\/08\/logomarca_tema.fw_.png","contentUrl":"https:\/\/noticiaempauta.com\/portal\/wp-content\/uploads\/2022\/08\/logomarca_tema.fw_.png","width":400,"height":232,"caption":"Portal Not\u00edcia em Pauta"},"image":{"@id":"https:\/\/noticiaempauta.com\/portal\/#\/schema\/logo\/image\/"},"sameAs":["https:\/\/www.facebook.com\/Portal-Notcia-Em-Pauta-102292869264820\/","https:\/\/www.instagram.com\/portalnoticiaempauta\/"]},{"@type":"Person","@id":"https:\/\/noticiaempauta.com\/portal\/#\/schema\/person\/a74af43dd1ab3deca45f988c717d57ac","name":"Reda\u00e7\u00e3o","image":{"@type":"ImageObject","inLanguage":"pt-BR","@id":"https:\/\/noticiaempauta.com\/portal\/#\/schema\/person\/image\/","url":"https:\/\/secure.gravatar.com\/avatar\/03179346ecce6cdfc13361603e8f54242a90e5cde8618fa23c5c00aa2b0aadf3?s=96&d=mm&r=g","contentUrl":"https:\/\/secure.gravatar.com\/avatar\/03179346ecce6cdfc13361603e8f54242a90e5cde8618fa23c5c00aa2b0aadf3?s=96&d=mm&r=g","caption":"Reda\u00e7\u00e3o"},"sameAs":["https:\/\/noticiaempauta.com\/portal\/"],"url":"https:\/\/noticiaempauta.com\/portal\/author\/fernando\/"}]}},"_links":{"self":[{"href":"https:\/\/noticiaempauta.com\/portal\/wp-json\/wp\/v2\/posts\/284191","targetHints":{"allow":["GET"]}}],"collection":[{"href":"https:\/\/noticiaempauta.com\/portal\/wp-json\/wp\/v2\/posts"}],"about":[{"href":"https:\/\/noticiaempauta.com\/portal\/wp-json\/wp\/v2\/types\/post"}],"author":[{"embeddable":true,"href":"https:\/\/noticiaempauta.com\/portal\/wp-json\/wp\/v2\/users\/2"}],"replies":[{"embeddable":true,"href":"https:\/\/noticiaempauta.com\/portal\/wp-json\/wp\/v2\/comments?post=284191"}],"version-history":[{"count":2,"href":"https:\/\/noticiaempauta.com\/portal\/wp-json\/wp\/v2\/posts\/284191\/revisions"}],"predecessor-version":[{"id":284194,"href":"https:\/\/noticiaempauta.com\/portal\/wp-json\/wp\/v2\/posts\/284191\/revisions\/284194"}],"wp:featuredmedia":[{"embeddable":true,"href":"https:\/\/noticiaempauta.com\/portal\/wp-json\/wp\/v2\/media\/284192"}],"wp:attachment":[{"href":"https:\/\/noticiaempauta.com\/portal\/wp-json\/wp\/v2\/media?parent=284191"}],"wp:term":[{"taxonomy":"category","embeddable":true,"href":"https:\/\/noticiaempauta.com\/portal\/wp-json\/wp\/v2\/categories?post=284191"},{"taxonomy":"post_tag","embeddable":true,"href":"https:\/\/noticiaempauta.com\/portal\/wp-json\/wp\/v2\/tags?post=284191"}],"curies":[{"name":"wp","href":"https:\/\/api.w.org\/{rel}","templated":true}]}}