{"id":284224,"date":"2026-01-22T14:23:27","date_gmt":"2026-01-22T17:23:27","guid":{"rendered":"https:\/\/noticiaempauta.com\/portal\/?p=284224"},"modified":"2026-01-22T14:23:29","modified_gmt":"2026-01-22T17:23:29","slug":"secretaria-de-educacao-abre-140-vagas-para-setor-administrativo","status":"publish","type":"post","link":"https:\/\/noticiaempauta.com\/portal\/secretaria-de-educacao-abre-140-vagas-para-setor-administrativo\/","title":{"rendered":"Secretaria de Educa\u00e7\u00e3o abre 140 vagas para setor administrativo"},"content":{"rendered":"\n<p>A Secretaria de Educa\u00e7\u00e3o de Picos abriu, nesta segunda-feira, 19, processo seletivo administrativo com oferta de 140 vagas para os cargos de motorista de transporte escolar, auxiliar de transporte escolar e auxiliar educacional.<\/p>\n\n\n\n<figure class=\"wp-block-image size-full\"><img fetchpriority=\"high\" decoding=\"async\" width=\"800\" height=\"450\" src=\"https:\/\/noticiaempauta.com\/portal\/wp-content\/uploads\/2026\/01\/IMG_4012.webp\" alt=\"\" class=\"wp-image-284225\" srcset=\"https:\/\/noticiaempauta.com\/portal\/wp-content\/uploads\/2026\/01\/IMG_4012.webp 800w, https:\/\/noticiaempauta.com\/portal\/wp-content\/uploads\/2026\/01\/IMG_4012-300x169.webp 300w, https:\/\/noticiaempauta.com\/portal\/wp-content\/uploads\/2026\/01\/IMG_4012-768x432.webp 768w\" sizes=\"(max-width: 800px) 100vw, 800px\" \/><\/figure>\n\n\n\n<p>As inscri\u00e7\u00f5es, que s\u00e3o gratuitas, iniciaram no dia 19 de janeiro e seguem at\u00e9 o dia 27, com resultado final no dia 17 de janeiro. A prova contar\u00e1 com duas fases, sendo a primeira de an\u00e1lise do Curriculum Vitae e a segunda sendo prova discursiva (reda\u00e7\u00e3o).<\/p>\n\n\n\n<p>Os selecionados na primeira fase participar\u00e3o da segunda no dia 07 de fevereiro. Os port\u00f5es dos locais de prova abrem \u00e0s 13h e fecham \u00e0s 14h, pontualmente. Os candidatos ter\u00e3o tr\u00eas horas para fazerem as reda\u00e7\u00f5es, cujos temas ser\u00e3o sorteados de acordo com proposta do edital (anexo VI).<\/p>\n\n\n\n<p>As provas ser\u00e3o realizadas nas escolas municipais.<\/p>\n\n\n\n<p>Ser\u00e3o 25 vagas para motoristas, 25 para monitores de transporte e 90 para auxiliares educacionais. 5% destas vagas ser\u00e3o destinadas \u00e0s pessoas com defici\u00eancia (imprescind\u00edvel declarar na inscri\u00e7\u00e3o). A jornada de trabalho \u00e9 de 40h\/semanais, podendo ser ampliada caso haja necessidade.<\/p>\n\n\n\n<p>O requisito geral para os candidatos \u00e9 ter o ensino m\u00e9dio completo. A remunera\u00e7\u00e3o \u00e9 de R$ 2.200,00 para o cargo de motorista de transporte e R$ 1.621,00 para os de auxiliar de transporte e auxiliar educacional.<\/p>\n\n\n\n<p>O Curriculum Vitae deve ser enviado em arquivo \u00fanico, no formato PDF, para o e-mail&nbsp;<a href=\"https:\/\/www2.picos.pi.gov.br\/secretarias\/educacao\/secretaria-de-educacao-abre-140-vagas-para-setor-administrativo\/seletivoapoioadm@picos.pi.gov.br\">seletivoapoioadm@picos.pi.gov.br,&nbsp;<\/a>juntamente com os demais documentos abaixo listados:<\/p>\n\n\n\n<ul class=\"wp-block-list\">\n<li>Ficha de inscri\u00e7\u00e3o devidamente preenchida e assinada<\/li>\n\n\n\n<li>Carteira de identidade<\/li>\n\n\n\n<li>CPF<\/li>\n\n\n\n<li>T\u00edtulo de eleitor, acompanhado dos comprovantes de vota\u00e7\u00e3o ou justificativa da \u00faltima elei\u00e7\u00e3o<\/li>\n\n\n\n<li>Comprovante de resid\u00eancia<\/li>\n\n\n\n<li>Comprovante de quita\u00e7\u00e3o com o servi\u00e7o militar (homens)<\/li>\n\n\n\n<li>Comprovante de escolaridade<\/li>\n\n\n\n<li>Declara\u00e7\u00e3o de que n\u00e3o possui outro v\u00ednculo ativo com a Administra\u00e7\u00e3o P\u00fablica<\/li>\n\n\n\n<li>C\u00f3pia da Carteira de habilita\u00e7\u00e3o na categoria D, para o cargo de motorista<\/li>\n\n\n\n<li>Comprova\u00e7\u00e3o de curso de forma\u00e7\u00e3o na \u00e1rea de motorista<\/li>\n<\/ul>\n\n\n\n<h4 class=\"wp-block-heading\">Temas da reda\u00e7\u00e3o<\/h4>\n\n\n\n<h5 class=\"wp-block-heading\">Motorista e auxiliar de transporte<\/h5>\n\n\n\n<p>\u2013 Seguran\u00e7a no transporte escolar<br>\u2013 \u2060Indisciplina e conviv\u00eancia no transporte escolar<br>\u2013 \u2060Rela\u00e7\u00e3o entre monitor ou motorista, estudantes, fam\u00edlia e escola<br>\u2013 \u2060Responsabilidade funcional e pelo patrim\u00f4nio p\u00fablico<br>\u2013 \u2060Atua\u00e7\u00e3o do motorista\/monitor em situa\u00e7\u00f5es de risco<\/p>\n\n\n\n<h5 class=\"wp-block-heading\">Auxiliar de atividade educacional<\/h5>\n\n\n\n<p>\u2013 O papel do auxiliar de atividade educacional na inclus\u00e3o de estudantes neurodivergentes na escola<br>\u2013 \u2060A escola como espa\u00e7o de acolhimento e desenvolvimento para crian\u00e7as neurodivergentes<br>\u2013 \u2060O respeito \u00e0s diferen\u00e7as e sua contribui\u00e7\u00e3o para o aprendizado de todos os alunos<br>\u2013 \u2060A import\u00e2ncia da paci\u00eancia e da empatia no acompanhamento de crian\u00e7as neurodivergentes<br>\u2013 \u2060O trabalho em equipe entre professor, auxiliar de atividade educacional e fam\u00edlia no processo educacional<\/p>\n\n\n\n<p><a href=\"https:\/\/www2.picos.pi.gov.br\/wp-content\/uploads\/2026\/01\/EDITAL_02_ADMINISTRATIVO_assinado-1.pdf\">EDITAL_02_ADMINISTRATIVO_assinado<\/a><\/p>\n","protected":false},"excerpt":{"rendered":"<p>A Secretaria de Educa\u00e7\u00e3o de Picos abriu, nesta segunda-feira, 19, processo seletivo administrativo com oferta de 140 vagas para os cargos de motorista de transporte escolar, auxiliar de transporte escolar e auxiliar educacional. As inscri\u00e7\u00f5es, que s\u00e3o gratuitas, iniciaram no dia 19 de janeiro e seguem at\u00e9 o dia 27, com resultado final no dia [&hellip;]<\/p>\n","protected":false},"author":2,"featured_media":284225,"comment_status":"closed","ping_status":"closed","sticky":false,"template":"","format":"standard","meta":{"_mi_skip_tracking":false,"footnotes":""},"categories":[25,1,16],"tags":[192],"class_list":["post-284224","post","type-post","status-publish","format-standard","has-post-thumbnail","hentry","category-destaques-site","category-geral","category-todas","tag-destaqueprincipal"],"acf":[],"yoast_head":"<!-- This site is optimized with the Yoast SEO Premium plugin v19.2 (Yoast SEO v26.9) - https:\/\/yoast.com\/product\/yoast-seo-premium-wordpress\/ -->\n<title>Secretaria de Educa\u00e7\u00e3o abre 140 vagas para setor administrativo - Portal Not\u00edcia em Pauta<\/title>\n<meta name=\"robots\" content=\"index, follow, max-snippet:-1, max-image-preview:large, max-video-preview:-1\" \/>\n<link rel=\"canonical\" href=\"https:\/\/noticiaempauta.com\/portal\/secretaria-de-educacao-abre-140-vagas-para-setor-administrativo\/\" \/>\n<meta property=\"og:locale\" content=\"pt_BR\" \/>\n<meta property=\"og:type\" content=\"article\" \/>\n<meta property=\"og:title\" content=\"Secretaria de Educa\u00e7\u00e3o abre 140 vagas para setor administrativo\" \/>\n<meta property=\"og:description\" content=\"A Secretaria de Educa\u00e7\u00e3o de Picos abriu, nesta segunda-feira, 19, processo seletivo administrativo com oferta de 140 vagas para os cargos de motorista de transporte escolar, auxiliar de transporte escolar e auxiliar educacional. As inscri\u00e7\u00f5es, que s\u00e3o gratuitas, iniciaram no dia 19 de janeiro e seguem at\u00e9 o dia 27, com resultado final no dia [&hellip;]\" \/>\n<meta property=\"og:url\" content=\"https:\/\/noticiaempauta.com\/portal\/secretaria-de-educacao-abre-140-vagas-para-setor-administrativo\/\" \/>\n<meta property=\"og:site_name\" content=\"Portal Not\u00edcia em Pauta\" \/>\n<meta property=\"article:publisher\" content=\"https:\/\/www.facebook.com\/Portal-Notcia-Em-Pauta-102292869264820\/\" \/>\n<meta property=\"article:published_time\" content=\"2026-01-22T17:23:27+00:00\" \/>\n<meta property=\"article:modified_time\" content=\"2026-01-22T17:23:29+00:00\" \/>\n<meta property=\"og:image\" content=\"https:\/\/noticiaempauta.com\/portal\/wp-content\/uploads\/2026\/01\/IMG_4012.webp\" \/>\n\t<meta property=\"og:image:width\" content=\"800\" \/>\n\t<meta property=\"og:image:height\" content=\"450\" \/>\n\t<meta property=\"og:image:type\" content=\"image\/webp\" \/>\n<meta name=\"author\" content=\"Reda\u00e7\u00e3o\" \/>\n<meta name=\"twitter:card\" content=\"summary_large_image\" \/>\n<meta name=\"twitter:label1\" content=\"Escrito por\" \/>\n\t<meta name=\"twitter:data1\" content=\"Reda\u00e7\u00e3o\" \/>\n\t<meta name=\"twitter:label2\" content=\"Est. tempo de leitura\" \/>\n\t<meta name=\"twitter:data2\" content=\"3 minutos\" \/>\n<script type=\"application\/ld+json\" class=\"yoast-schema-graph\">{\"@context\":\"https:\/\/schema.org\",\"@graph\":[{\"@type\":\"Article\",\"@id\":\"https:\/\/noticiaempauta.com\/portal\/secretaria-de-educacao-abre-140-vagas-para-setor-administrativo\/#article\",\"isPartOf\":{\"@id\":\"https:\/\/noticiaempauta.com\/portal\/secretaria-de-educacao-abre-140-vagas-para-setor-administrativo\/\"},\"author\":{\"name\":\"Reda\u00e7\u00e3o\",\"@id\":\"https:\/\/noticiaempauta.com\/portal\/#\/schema\/person\/a74af43dd1ab3deca45f988c717d57ac\"},\"headline\":\"Secretaria de Educa\u00e7\u00e3o abre 140 vagas para setor administrativo\",\"datePublished\":\"2026-01-22T17:23:27+00:00\",\"dateModified\":\"2026-01-22T17:23:29+00:00\",\"mainEntityOfPage\":{\"@id\":\"https:\/\/noticiaempauta.com\/portal\/secretaria-de-educacao-abre-140-vagas-para-setor-administrativo\/\"},\"wordCount\":475,\"publisher\":{\"@id\":\"https:\/\/noticiaempauta.com\/portal\/#organization\"},\"image\":{\"@id\":\"https:\/\/noticiaempauta.com\/portal\/secretaria-de-educacao-abre-140-vagas-para-setor-administrativo\/#primaryimage\"},\"thumbnailUrl\":\"https:\/\/noticiaempauta.com\/portal\/wp-content\/uploads\/2026\/01\/IMG_4012.webp\",\"keywords\":[\"destaqueprincipal\"],\"articleSection\":[\"Destaques\",\"Geral\",\"Todas as Not\u00edcias\"],\"inLanguage\":\"pt-BR\"},{\"@type\":\"WebPage\",\"@id\":\"https:\/\/noticiaempauta.com\/portal\/secretaria-de-educacao-abre-140-vagas-para-setor-administrativo\/\",\"url\":\"https:\/\/noticiaempauta.com\/portal\/secretaria-de-educacao-abre-140-vagas-para-setor-administrativo\/\",\"name\":\"Secretaria de Educa\u00e7\u00e3o abre 140 vagas para setor administrativo - Portal Not\u00edcia em Pauta\",\"isPartOf\":{\"@id\":\"https:\/\/noticiaempauta.com\/portal\/#website\"},\"primaryImageOfPage\":{\"@id\":\"https:\/\/noticiaempauta.com\/portal\/secretaria-de-educacao-abre-140-vagas-para-setor-administrativo\/#primaryimage\"},\"image\":{\"@id\":\"https:\/\/noticiaempauta.com\/portal\/secretaria-de-educacao-abre-140-vagas-para-setor-administrativo\/#primaryimage\"},\"thumbnailUrl\":\"https:\/\/noticiaempauta.com\/portal\/wp-content\/uploads\/2026\/01\/IMG_4012.webp\",\"datePublished\":\"2026-01-22T17:23:27+00:00\",\"dateModified\":\"2026-01-22T17:23:29+00:00\",\"breadcrumb\":{\"@id\":\"https:\/\/noticiaempauta.com\/portal\/secretaria-de-educacao-abre-140-vagas-para-setor-administrativo\/#breadcrumb\"},\"inLanguage\":\"pt-BR\",\"potentialAction\":[{\"@type\":\"ReadAction\",\"target\":[\"https:\/\/noticiaempauta.com\/portal\/secretaria-de-educacao-abre-140-vagas-para-setor-administrativo\/\"]}]},{\"@type\":\"ImageObject\",\"inLanguage\":\"pt-BR\",\"@id\":\"https:\/\/noticiaempauta.com\/portal\/secretaria-de-educacao-abre-140-vagas-para-setor-administrativo\/#primaryimage\",\"url\":\"https:\/\/noticiaempauta.com\/portal\/wp-content\/uploads\/2026\/01\/IMG_4012.webp\",\"contentUrl\":\"https:\/\/noticiaempauta.com\/portal\/wp-content\/uploads\/2026\/01\/IMG_4012.webp\",\"width\":800,\"height\":450},{\"@type\":\"BreadcrumbList\",\"@id\":\"https:\/\/noticiaempauta.com\/portal\/secretaria-de-educacao-abre-140-vagas-para-setor-administrativo\/#breadcrumb\",\"itemListElement\":[{\"@type\":\"ListItem\",\"position\":1,\"name\":\"P\u00e1gina Inicial\",\"item\":\"https:\/\/noticiaempauta.com\/portal\/\"},{\"@type\":\"ListItem\",\"position\":2,\"name\":\"Destaques\",\"item\":\"https:\/\/noticiaempauta.com\/portal\/destaques-site\/\"},{\"@type\":\"ListItem\",\"position\":3,\"name\":\"Secretaria de Educa\u00e7\u00e3o abre 140 vagas para setor administrativo\"}]},{\"@type\":\"WebSite\",\"@id\":\"https:\/\/noticiaempauta.com\/portal\/#website\",\"url\":\"https:\/\/noticiaempauta.com\/portal\/\",\"name\":\"Portal Not\u00edcia em Pauta\",\"description\":\"Voc\u00ea bem informado\",\"publisher\":{\"@id\":\"https:\/\/noticiaempauta.com\/portal\/#organization\"},\"potentialAction\":[{\"@type\":\"SearchAction\",\"target\":{\"@type\":\"EntryPoint\",\"urlTemplate\":\"https:\/\/noticiaempauta.com\/portal\/?s={search_term_string}\"},\"query-input\":{\"@type\":\"PropertyValueSpecification\",\"valueRequired\":true,\"valueName\":\"search_term_string\"}}],\"inLanguage\":\"pt-BR\"},{\"@type\":\"Organization\",\"@id\":\"https:\/\/noticiaempauta.com\/portal\/#organization\",\"name\":\"Portal Not\u00edcia em Pauta\",\"url\":\"https:\/\/noticiaempauta.com\/portal\/\",\"logo\":{\"@type\":\"ImageObject\",\"inLanguage\":\"pt-BR\",\"@id\":\"https:\/\/noticiaempauta.com\/portal\/#\/schema\/logo\/image\/\",\"url\":\"https:\/\/noticiaempauta.com\/portal\/wp-content\/uploads\/2022\/08\/logomarca_tema.fw_.png\",\"contentUrl\":\"https:\/\/noticiaempauta.com\/portal\/wp-content\/uploads\/2022\/08\/logomarca_tema.fw_.png\",\"width\":400,\"height\":232,\"caption\":\"Portal Not\u00edcia em Pauta\"},\"image\":{\"@id\":\"https:\/\/noticiaempauta.com\/portal\/#\/schema\/logo\/image\/\"},\"sameAs\":[\"https:\/\/www.facebook.com\/Portal-Notcia-Em-Pauta-102292869264820\/\",\"https:\/\/www.instagram.com\/portalnoticiaempauta\/\"]},{\"@type\":\"Person\",\"@id\":\"https:\/\/noticiaempauta.com\/portal\/#\/schema\/person\/a74af43dd1ab3deca45f988c717d57ac\",\"name\":\"Reda\u00e7\u00e3o\",\"image\":{\"@type\":\"ImageObject\",\"inLanguage\":\"pt-BR\",\"@id\":\"https:\/\/noticiaempauta.com\/portal\/#\/schema\/person\/image\/\",\"url\":\"https:\/\/secure.gravatar.com\/avatar\/03179346ecce6cdfc13361603e8f54242a90e5cde8618fa23c5c00aa2b0aadf3?s=96&d=mm&r=g\",\"contentUrl\":\"https:\/\/secure.gravatar.com\/avatar\/03179346ecce6cdfc13361603e8f54242a90e5cde8618fa23c5c00aa2b0aadf3?s=96&d=mm&r=g\",\"caption\":\"Reda\u00e7\u00e3o\"},\"sameAs\":[\"https:\/\/noticiaempauta.com\/portal\/\"],\"url\":\"https:\/\/noticiaempauta.com\/portal\/author\/fernando\/\"}]}<\/script>\n<!-- \/ Yoast SEO Premium plugin. -->","yoast_head_json":{"title":"Secretaria de Educa\u00e7\u00e3o abre 140 vagas para setor administrativo - Portal Not\u00edcia em Pauta","robots":{"index":"index","follow":"follow","max-snippet":"max-snippet:-1","max-image-preview":"max-image-preview:large","max-video-preview":"max-video-preview:-1"},"canonical":"https:\/\/noticiaempauta.com\/portal\/secretaria-de-educacao-abre-140-vagas-para-setor-administrativo\/","og_locale":"pt_BR","og_type":"article","og_title":"Secretaria de Educa\u00e7\u00e3o abre 140 vagas para setor administrativo","og_description":"A Secretaria de Educa\u00e7\u00e3o de Picos abriu, nesta segunda-feira, 19, processo seletivo administrativo com oferta de 140 vagas para os cargos de motorista de transporte escolar, auxiliar de transporte escolar e auxiliar educacional. As inscri\u00e7\u00f5es, que s\u00e3o gratuitas, iniciaram no dia 19 de janeiro e seguem at\u00e9 o dia 27, com resultado final no dia [&hellip;]","og_url":"https:\/\/noticiaempauta.com\/portal\/secretaria-de-educacao-abre-140-vagas-para-setor-administrativo\/","og_site_name":"Portal Not\u00edcia em Pauta","article_publisher":"https:\/\/www.facebook.com\/Portal-Notcia-Em-Pauta-102292869264820\/","article_published_time":"2026-01-22T17:23:27+00:00","article_modified_time":"2026-01-22T17:23:29+00:00","og_image":[{"width":800,"height":450,"url":"https:\/\/noticiaempauta.com\/portal\/wp-content\/uploads\/2026\/01\/IMG_4012.webp","type":"image\/webp"}],"author":"Reda\u00e7\u00e3o","twitter_card":"summary_large_image","twitter_misc":{"Escrito por":"Reda\u00e7\u00e3o","Est. tempo de leitura":"3 minutos"},"schema":{"@context":"https:\/\/schema.org","@graph":[{"@type":"Article","@id":"https:\/\/noticiaempauta.com\/portal\/secretaria-de-educacao-abre-140-vagas-para-setor-administrativo\/#article","isPartOf":{"@id":"https:\/\/noticiaempauta.com\/portal\/secretaria-de-educacao-abre-140-vagas-para-setor-administrativo\/"},"author":{"name":"Reda\u00e7\u00e3o","@id":"https:\/\/noticiaempauta.com\/portal\/#\/schema\/person\/a74af43dd1ab3deca45f988c717d57ac"},"headline":"Secretaria de Educa\u00e7\u00e3o abre 140 vagas para setor administrativo","datePublished":"2026-01-22T17:23:27+00:00","dateModified":"2026-01-22T17:23:29+00:00","mainEntityOfPage":{"@id":"https:\/\/noticiaempauta.com\/portal\/secretaria-de-educacao-abre-140-vagas-para-setor-administrativo\/"},"wordCount":475,"publisher":{"@id":"https:\/\/noticiaempauta.com\/portal\/#organization"},"image":{"@id":"https:\/\/noticiaempauta.com\/portal\/secretaria-de-educacao-abre-140-vagas-para-setor-administrativo\/#primaryimage"},"thumbnailUrl":"https:\/\/noticiaempauta.com\/portal\/wp-content\/uploads\/2026\/01\/IMG_4012.webp","keywords":["destaqueprincipal"],"articleSection":["Destaques","Geral","Todas as Not\u00edcias"],"inLanguage":"pt-BR"},{"@type":"WebPage","@id":"https:\/\/noticiaempauta.com\/portal\/secretaria-de-educacao-abre-140-vagas-para-setor-administrativo\/","url":"https:\/\/noticiaempauta.com\/portal\/secretaria-de-educacao-abre-140-vagas-para-setor-administrativo\/","name":"Secretaria de Educa\u00e7\u00e3o abre 140 vagas para setor administrativo - Portal Not\u00edcia em Pauta","isPartOf":{"@id":"https:\/\/noticiaempauta.com\/portal\/#website"},"primaryImageOfPage":{"@id":"https:\/\/noticiaempauta.com\/portal\/secretaria-de-educacao-abre-140-vagas-para-setor-administrativo\/#primaryimage"},"image":{"@id":"https:\/\/noticiaempauta.com\/portal\/secretaria-de-educacao-abre-140-vagas-para-setor-administrativo\/#primaryimage"},"thumbnailUrl":"https:\/\/noticiaempauta.com\/portal\/wp-content\/uploads\/2026\/01\/IMG_4012.webp","datePublished":"2026-01-22T17:23:27+00:00","dateModified":"2026-01-22T17:23:29+00:00","breadcrumb":{"@id":"https:\/\/noticiaempauta.com\/portal\/secretaria-de-educacao-abre-140-vagas-para-setor-administrativo\/#breadcrumb"},"inLanguage":"pt-BR","potentialAction":[{"@type":"ReadAction","target":["https:\/\/noticiaempauta.com\/portal\/secretaria-de-educacao-abre-140-vagas-para-setor-administrativo\/"]}]},{"@type":"ImageObject","inLanguage":"pt-BR","@id":"https:\/\/noticiaempauta.com\/portal\/secretaria-de-educacao-abre-140-vagas-para-setor-administrativo\/#primaryimage","url":"https:\/\/noticiaempauta.com\/portal\/wp-content\/uploads\/2026\/01\/IMG_4012.webp","contentUrl":"https:\/\/noticiaempauta.com\/portal\/wp-content\/uploads\/2026\/01\/IMG_4012.webp","width":800,"height":450},{"@type":"BreadcrumbList","@id":"https:\/\/noticiaempauta.com\/portal\/secretaria-de-educacao-abre-140-vagas-para-setor-administrativo\/#breadcrumb","itemListElement":[{"@type":"ListItem","position":1,"name":"P\u00e1gina Inicial","item":"https:\/\/noticiaempauta.com\/portal\/"},{"@type":"ListItem","position":2,"name":"Destaques","item":"https:\/\/noticiaempauta.com\/portal\/destaques-site\/"},{"@type":"ListItem","position":3,"name":"Secretaria de Educa\u00e7\u00e3o abre 140 vagas para setor administrativo"}]},{"@type":"WebSite","@id":"https:\/\/noticiaempauta.com\/portal\/#website","url":"https:\/\/noticiaempauta.com\/portal\/","name":"Portal Not\u00edcia em Pauta","description":"Voc\u00ea bem informado","publisher":{"@id":"https:\/\/noticiaempauta.com\/portal\/#organization"},"potentialAction":[{"@type":"SearchAction","target":{"@type":"EntryPoint","urlTemplate":"https:\/\/noticiaempauta.com\/portal\/?s={search_term_string}"},"query-input":{"@type":"PropertyValueSpecification","valueRequired":true,"valueName":"search_term_string"}}],"inLanguage":"pt-BR"},{"@type":"Organization","@id":"https:\/\/noticiaempauta.com\/portal\/#organization","name":"Portal Not\u00edcia em Pauta","url":"https:\/\/noticiaempauta.com\/portal\/","logo":{"@type":"ImageObject","inLanguage":"pt-BR","@id":"https:\/\/noticiaempauta.com\/portal\/#\/schema\/logo\/image\/","url":"https:\/\/noticiaempauta.com\/portal\/wp-content\/uploads\/2022\/08\/logomarca_tema.fw_.png","contentUrl":"https:\/\/noticiaempauta.com\/portal\/wp-content\/uploads\/2022\/08\/logomarca_tema.fw_.png","width":400,"height":232,"caption":"Portal Not\u00edcia em Pauta"},"image":{"@id":"https:\/\/noticiaempauta.com\/portal\/#\/schema\/logo\/image\/"},"sameAs":["https:\/\/www.facebook.com\/Portal-Notcia-Em-Pauta-102292869264820\/","https:\/\/www.instagram.com\/portalnoticiaempauta\/"]},{"@type":"Person","@id":"https:\/\/noticiaempauta.com\/portal\/#\/schema\/person\/a74af43dd1ab3deca45f988c717d57ac","name":"Reda\u00e7\u00e3o","image":{"@type":"ImageObject","inLanguage":"pt-BR","@id":"https:\/\/noticiaempauta.com\/portal\/#\/schema\/person\/image\/","url":"https:\/\/secure.gravatar.com\/avatar\/03179346ecce6cdfc13361603e8f54242a90e5cde8618fa23c5c00aa2b0aadf3?s=96&d=mm&r=g","contentUrl":"https:\/\/secure.gravatar.com\/avatar\/03179346ecce6cdfc13361603e8f54242a90e5cde8618fa23c5c00aa2b0aadf3?s=96&d=mm&r=g","caption":"Reda\u00e7\u00e3o"},"sameAs":["https:\/\/noticiaempauta.com\/portal\/"],"url":"https:\/\/noticiaempauta.com\/portal\/author\/fernando\/"}]}},"_links":{"self":[{"href":"https:\/\/noticiaempauta.com\/portal\/wp-json\/wp\/v2\/posts\/284224","targetHints":{"allow":["GET"]}}],"collection":[{"href":"https:\/\/noticiaempauta.com\/portal\/wp-json\/wp\/v2\/posts"}],"about":[{"href":"https:\/\/noticiaempauta.com\/portal\/wp-json\/wp\/v2\/types\/post"}],"author":[{"embeddable":true,"href":"https:\/\/noticiaempauta.com\/portal\/wp-json\/wp\/v2\/users\/2"}],"replies":[{"embeddable":true,"href":"https:\/\/noticiaempauta.com\/portal\/wp-json\/wp\/v2\/comments?post=284224"}],"version-history":[{"count":2,"href":"https:\/\/noticiaempauta.com\/portal\/wp-json\/wp\/v2\/posts\/284224\/revisions"}],"predecessor-version":[{"id":284227,"href":"https:\/\/noticiaempauta.com\/portal\/wp-json\/wp\/v2\/posts\/284224\/revisions\/284227"}],"wp:featuredmedia":[{"embeddable":true,"href":"https:\/\/noticiaempauta.com\/portal\/wp-json\/wp\/v2\/media\/284225"}],"wp:attachment":[{"href":"https:\/\/noticiaempauta.com\/portal\/wp-json\/wp\/v2\/media?parent=284224"}],"wp:term":[{"taxonomy":"category","embeddable":true,"href":"https:\/\/noticiaempauta.com\/portal\/wp-json\/wp\/v2\/categories?post=284224"},{"taxonomy":"post_tag","embeddable":true,"href":"https:\/\/noticiaempauta.com\/portal\/wp-json\/wp\/v2\/tags?post=284224"}],"curies":[{"name":"wp","href":"https:\/\/api.w.org\/{rel}","templated":true}]}}