{"id":284306,"date":"2026-01-27T10:06:15","date_gmt":"2026-01-27T13:06:15","guid":{"rendered":"https:\/\/noticiaempauta.com\/portal\/?p=284306"},"modified":"2026-01-27T10:06:16","modified_gmt":"2026-01-27T13:06:16","slug":"camara-dos-deputados-lanca-novo-concurso-com-salarios-de-r-21-mil-veja-datas","status":"publish","type":"post","link":"https:\/\/noticiaempauta.com\/portal\/camara-dos-deputados-lanca-novo-concurso-com-salarios-de-r-21-mil-veja-datas\/","title":{"rendered":"C\u00e2mara dos Deputados lan\u00e7a novo concurso com sal\u00e1rios de R$ 21 mil; veja datas"},"content":{"rendered":"\n<p>A&nbsp;<strong>C\u00e2mara dos Deputados<\/strong>&nbsp;publicou o edital de um&nbsp;<strong>novo concurso p\u00fablico<\/strong>&nbsp;para o cargo de&nbsp;<strong>T\u00e9cnico Legislativo<\/strong>, na especialidade de&nbsp;<strong>Policial Legislativo Federal<\/strong>. A&nbsp;<strong>remunera\u00e7\u00e3o inicial \u00e9 de R$ 21.328,08<\/strong>, valor que j\u00e1 inclui o&nbsp;<strong>adicional de periculosidade<\/strong>.<\/p>\n\n\n\n<figure class=\"wp-block-image size-full\"><img fetchpriority=\"high\" decoding=\"async\" width=\"785\" height=\"435\" src=\"https:\/\/noticiaempauta.com\/portal\/wp-content\/uploads\/2026\/01\/sessao-do-congresso-para-analise-de-vetos-presidenciais-82e433a5fdbc39db.webp\" alt=\"\" class=\"wp-image-284307\" srcset=\"https:\/\/noticiaempauta.com\/portal\/wp-content\/uploads\/2026\/01\/sessao-do-congresso-para-analise-de-vetos-presidenciais-82e433a5fdbc39db.webp 785w, https:\/\/noticiaempauta.com\/portal\/wp-content\/uploads\/2026\/01\/sessao-do-congresso-para-analise-de-vetos-presidenciais-82e433a5fdbc39db-300x166.webp 300w, https:\/\/noticiaempauta.com\/portal\/wp-content\/uploads\/2026\/01\/sessao-do-congresso-para-analise-de-vetos-presidenciais-82e433a5fdbc39db-768x426.webp 768w\" sizes=\"(max-width: 785px) 100vw, 785px\" \/><figcaption class=\"wp-element-caption\"><em>(Foto: Kayo Magalh\u00e3es\/C\u00e2mara dos Deputados)<\/em><\/figcaption><\/figure>\n\n\n\n<p>O certame disponibiliza:<\/p>\n\n\n\n<ul class=\"wp-block-list\">\n<li><strong>40 vagas imediatas<\/strong><\/li>\n\n\n\n<li><strong>40 vagas em cadastro de reserva<\/strong><\/li>\n<\/ul>\n\n\n\n<h2 class=\"wp-block-heading\">Inscri\u00e7\u00f5es e provas j\u00e1 t\u00eam datas definidas<\/h2>\n\n\n\n<p>As inscri\u00e7\u00f5es poder\u00e3o ser feitas entre 29 de janeiro e 20 de fevereiro. A taxa de inscri\u00e7\u00e3o \u00e9 de R$ 150, com pagamento at\u00e9 12 de mar\u00e7o. As provas objetiva e discursiva est\u00e3o marcadas para o dia 26 de abril e ser\u00e3o aplicadas em todas as capitais brasileiras.<\/p>\n\n\n\n<p><a href=\"https:\/\/arq.pciconcursos.com.br\/camara-dos-deputados-abre-concurso-com-80-vagas-para-policial-legislativo-federal\/1693973\/8f2d930cc3\/edital_de_abertura_1693973.pdf\" target=\"_blank\" rel=\"noreferrer noopener\"><strong>ACESSE AQUI O EDITAL COMPLETO<\/strong><\/a><\/p>\n\n\n\n<h2 class=\"wp-block-heading\">Sele\u00e7\u00e3o ser\u00e1 realizada em duas etapas<\/h2>\n\n\n\n<h3 class=\"wp-block-heading\">Primeira etapa<\/h3>\n\n\n\n<p>Inclui:<\/p>\n\n\n\n<ul class=\"wp-block-list\">\n<li><strong>Provas objetiva e discursiva<\/strong><\/li>\n\n\n\n<li><strong>Teste de aptid\u00e3o f\u00edsica<\/strong><\/li>\n\n\n\n<li><strong>Sindic\u00e2ncia de vida pregressa e investiga\u00e7\u00e3o social<\/strong><\/li>\n\n\n\n<li><strong>Avalia\u00e7\u00e3o psicol\u00f3gica inicial<\/strong><\/li>\n\n\n\n<li><strong>Exames de sa\u00fade f\u00edsica e mental<\/strong><\/li>\n<\/ul>\n\n\n\n<h3 class=\"wp-block-heading\">Segunda etapa<\/h3>\n\n\n\n<ul class=\"wp-block-list\">\n<li><strong>Programa de forma\u00e7\u00e3o profissional<\/strong><\/li>\n\n\n\n<li><strong>Nova avalia\u00e7\u00e3o psicol\u00f3gica<\/strong><\/li>\n<\/ul>\n\n\n\n<h2 class=\"wp-block-heading\">Vagas reservadas por cotas<\/h2>\n\n\n\n<p>Entre as vagas imediatas, o edital prev\u00ea:<\/p>\n\n\n\n<ul class=\"wp-block-list\">\n<li><strong>2 vagas para pessoas com defici\u00eancia<\/strong><\/li>\n\n\n\n<li><strong>10 vagas para candidatos pretos e pardos<\/strong><\/li>\n\n\n\n<li><strong>1 vaga para candidato ind\u00edgena<\/strong><\/li>\n\n\n\n<li><strong>1 vaga para candidato quilombola<\/strong><\/li>\n<\/ul>\n\n\n\n<h2 class=\"wp-block-heading\">Lota\u00e7\u00e3o e requisitos do cargo<\/h2>\n\n\n\n<p>Todos os aprovados atuar\u00e3o no&nbsp;<strong>Departamento de Pol\u00edcia Legislativa da C\u00e2mara dos Deputados<\/strong>, em&nbsp;<strong>Bras\u00edlia (DF)<\/strong>. Para participar do concurso, \u00e9 necess\u00e1rio:<\/p>\n\n\n\n<ul class=\"wp-block-list\">\n<li><strong>Diploma de curso superior em qualquer \u00e1rea<\/strong><\/li>\n\n\n\n<li><strong>CNH categoria B ou superior<\/strong><\/li>\n<\/ul>\n\n\n\n<h2 class=\"wp-block-heading\">Cronograma<\/h2>\n\n\n\n<ul class=\"wp-block-list\">\n<li><strong>Solicita\u00e7\u00e3o de inscri\u00e7\u00e3o e isen\u00e7\u00e3o da taxa:\u00a0<\/strong>29\/01 a 20\/02\/2026<\/li>\n\n\n\n<li><strong>Verifica\u00e7\u00e3o de foto:<\/strong>\u00a023 e 24\/02\/2026<\/li>\n\n\n\n<li><strong>Situa\u00e7\u00e3o provis\u00f3ria da isen\u00e7\u00e3o:\u00a0<\/strong>27\/02 a 03\/03\/2026<\/li>\n\n\n\n<li><strong>Recurso contra indeferimento da isen\u00e7\u00e3o:\u00a0<\/strong>02 e 03\/03\/2026<\/li>\n\n\n\n<li><strong>Situa\u00e7\u00e3o final da isen\u00e7\u00e3o:\u00a0<\/strong>10\/03\/2026<\/li>\n\n\n\n<li><strong>Pagamento da taxa:\u00a0<\/strong>at\u00e9 12\/03\/2026<\/li>\n\n\n\n<li><strong>Situa\u00e7\u00e3o provis\u00f3ria do atendimento especializado:<\/strong>\u00a020 a 24\/03\/2026<\/li>\n\n\n\n<li><strong>Recurso contra indeferimento do atendimento especializado: 2<\/strong>3 e 24\/03\/2026<\/li>\n\n\n\n<li><strong>Situa\u00e7\u00e3o final do atendimento especializado:<\/strong>\u00a001\/04\/2026<\/li>\n\n\n\n<li><strong>Locais de prova:<\/strong>\u00a010\/04\/2026<\/li>\n\n\n\n<li><strong>Provas objetiva e discursiva:\u00a0<\/strong>26\/04\/2026<\/li>\n\n\n\n<li><strong>Gabaritos preliminares e padr\u00e3o de resposta:\u00a0<\/strong>28\/04\/2026<\/li>\n\n\n\n<li><strong>Recurso contra gabaritos e padr\u00e3o de resposta:\u00a0<\/strong>29 e 30\/04\/2026<\/li>\n\n\n\n<li><strong>Resultado final da prova objetiva:\u00a0<\/strong>22\/05\/2026<\/li>\n\n\n\n<li><strong>Recurso (PCD \u2013 documental):<\/strong>\u00a025 e 26\/05\/2026<\/li>\n\n\n\n<li><strong>Convoca\u00e7\u00e3o para etapas presenciais\/telepresenciais:<\/strong>\u00a002\/06\/2026<\/li>\n\n\n\n<li><strong>Envio de documentos (ind\u00edgenas e quilombolas):<\/strong>\u00a003 a 05\/06\/2026<\/li>\n\n\n\n<li><strong>Avalia\u00e7\u00e3o telepresencial (PCD e negros):<\/strong>\u00a007\/06\/2026<\/li>\n\n\n\n<li><strong>Resultado provis\u00f3rio (PCD, negros, ind\u00edgenas e quilombolas):\u00a0<\/strong>16\/06\/2026<\/li>\n\n\n\n<li><strong>Resultado provis\u00f3rio da discursiva:\u00a0<\/strong>26\/06\/2026<\/li>\n<\/ul>\n\n\n\n<p>Fonte: Meio News<\/p>\n","protected":false},"excerpt":{"rendered":"<p>A&nbsp;C\u00e2mara dos Deputados&nbsp;publicou o edital de um&nbsp;novo concurso p\u00fablico&nbsp;para o cargo de&nbsp;T\u00e9cnico Legislativo, na especialidade de&nbsp;Policial Legislativo Federal. A&nbsp;remunera\u00e7\u00e3o inicial \u00e9 de R$ 21.328,08, valor que j\u00e1 inclui o&nbsp;adicional de periculosidade. O certame disponibiliza: Inscri\u00e7\u00f5es e provas j\u00e1 t\u00eam datas definidas As inscri\u00e7\u00f5es poder\u00e3o ser feitas entre 29 de janeiro e 20 de fevereiro. A [&hellip;]<\/p>\n","protected":false},"author":2,"featured_media":284307,"comment_status":"closed","ping_status":"closed","sticky":false,"template":"","format":"standard","meta":{"_mi_skip_tracking":false,"footnotes":""},"categories":[25,1,16],"tags":[192],"class_list":["post-284306","post","type-post","status-publish","format-standard","has-post-thumbnail","hentry","category-destaques-site","category-geral","category-todas","tag-destaqueprincipal"],"acf":[],"yoast_head":"<!-- This site is optimized with the Yoast SEO Premium plugin v19.2 (Yoast SEO v26.9) - https:\/\/yoast.com\/product\/yoast-seo-premium-wordpress\/ -->\n<title>C\u00e2mara dos Deputados lan\u00e7a novo concurso com sal\u00e1rios de R$ 21 mil; veja datas - Portal Not\u00edcia em Pauta<\/title>\n<meta name=\"robots\" content=\"index, follow, max-snippet:-1, max-image-preview:large, max-video-preview:-1\" \/>\n<link rel=\"canonical\" href=\"https:\/\/noticiaempauta.com\/portal\/camara-dos-deputados-lanca-novo-concurso-com-salarios-de-r-21-mil-veja-datas\/\" \/>\n<meta property=\"og:locale\" content=\"pt_BR\" \/>\n<meta property=\"og:type\" content=\"article\" \/>\n<meta property=\"og:title\" content=\"C\u00e2mara dos Deputados lan\u00e7a novo concurso com sal\u00e1rios de R$ 21 mil; veja datas\" \/>\n<meta property=\"og:description\" content=\"A&nbsp;C\u00e2mara dos Deputados&nbsp;publicou o edital de um&nbsp;novo concurso p\u00fablico&nbsp;para o cargo de&nbsp;T\u00e9cnico Legislativo, na especialidade de&nbsp;Policial Legislativo Federal. A&nbsp;remunera\u00e7\u00e3o inicial \u00e9 de R$ 21.328,08, valor que j\u00e1 inclui o&nbsp;adicional de periculosidade. O certame disponibiliza: Inscri\u00e7\u00f5es e provas j\u00e1 t\u00eam datas definidas As inscri\u00e7\u00f5es poder\u00e3o ser feitas entre 29 de janeiro e 20 de fevereiro. A [&hellip;]\" \/>\n<meta property=\"og:url\" content=\"https:\/\/noticiaempauta.com\/portal\/camara-dos-deputados-lanca-novo-concurso-com-salarios-de-r-21-mil-veja-datas\/\" \/>\n<meta property=\"og:site_name\" content=\"Portal Not\u00edcia em Pauta\" \/>\n<meta property=\"article:publisher\" content=\"https:\/\/www.facebook.com\/Portal-Notcia-Em-Pauta-102292869264820\/\" \/>\n<meta property=\"article:published_time\" content=\"2026-01-27T13:06:15+00:00\" \/>\n<meta property=\"article:modified_time\" content=\"2026-01-27T13:06:16+00:00\" \/>\n<meta property=\"og:image\" content=\"https:\/\/noticiaempauta.com\/portal\/wp-content\/uploads\/2026\/01\/sessao-do-congresso-para-analise-de-vetos-presidenciais-82e433a5fdbc39db.webp\" \/>\n\t<meta property=\"og:image:width\" content=\"785\" \/>\n\t<meta property=\"og:image:height\" content=\"435\" \/>\n\t<meta property=\"og:image:type\" content=\"image\/webp\" \/>\n<meta name=\"author\" content=\"Reda\u00e7\u00e3o\" \/>\n<meta name=\"twitter:card\" content=\"summary_large_image\" \/>\n<meta name=\"twitter:label1\" content=\"Escrito por\" \/>\n\t<meta name=\"twitter:data1\" content=\"Reda\u00e7\u00e3o\" \/>\n\t<meta name=\"twitter:label2\" content=\"Est. tempo de leitura\" \/>\n\t<meta name=\"twitter:data2\" content=\"3 minutos\" \/>\n<script type=\"application\/ld+json\" class=\"yoast-schema-graph\">{\"@context\":\"https:\/\/schema.org\",\"@graph\":[{\"@type\":\"Article\",\"@id\":\"https:\/\/noticiaempauta.com\/portal\/camara-dos-deputados-lanca-novo-concurso-com-salarios-de-r-21-mil-veja-datas\/#article\",\"isPartOf\":{\"@id\":\"https:\/\/noticiaempauta.com\/portal\/camara-dos-deputados-lanca-novo-concurso-com-salarios-de-r-21-mil-veja-datas\/\"},\"author\":{\"name\":\"Reda\u00e7\u00e3o\",\"@id\":\"https:\/\/noticiaempauta.com\/portal\/#\/schema\/person\/a74af43dd1ab3deca45f988c717d57ac\"},\"headline\":\"C\u00e2mara dos Deputados lan\u00e7a novo concurso com sal\u00e1rios de R$ 21 mil; veja datas\",\"datePublished\":\"2026-01-27T13:06:15+00:00\",\"dateModified\":\"2026-01-27T13:06:16+00:00\",\"mainEntityOfPage\":{\"@id\":\"https:\/\/noticiaempauta.com\/portal\/camara-dos-deputados-lanca-novo-concurso-com-salarios-de-r-21-mil-veja-datas\/\"},\"wordCount\":409,\"publisher\":{\"@id\":\"https:\/\/noticiaempauta.com\/portal\/#organization\"},\"image\":{\"@id\":\"https:\/\/noticiaempauta.com\/portal\/camara-dos-deputados-lanca-novo-concurso-com-salarios-de-r-21-mil-veja-datas\/#primaryimage\"},\"thumbnailUrl\":\"https:\/\/noticiaempauta.com\/portal\/wp-content\/uploads\/2026\/01\/sessao-do-congresso-para-analise-de-vetos-presidenciais-82e433a5fdbc39db.webp\",\"keywords\":[\"destaqueprincipal\"],\"articleSection\":[\"Destaques\",\"Geral\",\"Todas as Not\u00edcias\"],\"inLanguage\":\"pt-BR\"},{\"@type\":\"WebPage\",\"@id\":\"https:\/\/noticiaempauta.com\/portal\/camara-dos-deputados-lanca-novo-concurso-com-salarios-de-r-21-mil-veja-datas\/\",\"url\":\"https:\/\/noticiaempauta.com\/portal\/camara-dos-deputados-lanca-novo-concurso-com-salarios-de-r-21-mil-veja-datas\/\",\"name\":\"C\u00e2mara dos Deputados lan\u00e7a novo concurso com sal\u00e1rios de R$ 21 mil; veja datas - Portal Not\u00edcia em Pauta\",\"isPartOf\":{\"@id\":\"https:\/\/noticiaempauta.com\/portal\/#website\"},\"primaryImageOfPage\":{\"@id\":\"https:\/\/noticiaempauta.com\/portal\/camara-dos-deputados-lanca-novo-concurso-com-salarios-de-r-21-mil-veja-datas\/#primaryimage\"},\"image\":{\"@id\":\"https:\/\/noticiaempauta.com\/portal\/camara-dos-deputados-lanca-novo-concurso-com-salarios-de-r-21-mil-veja-datas\/#primaryimage\"},\"thumbnailUrl\":\"https:\/\/noticiaempauta.com\/portal\/wp-content\/uploads\/2026\/01\/sessao-do-congresso-para-analise-de-vetos-presidenciais-82e433a5fdbc39db.webp\",\"datePublished\":\"2026-01-27T13:06:15+00:00\",\"dateModified\":\"2026-01-27T13:06:16+00:00\",\"breadcrumb\":{\"@id\":\"https:\/\/noticiaempauta.com\/portal\/camara-dos-deputados-lanca-novo-concurso-com-salarios-de-r-21-mil-veja-datas\/#breadcrumb\"},\"inLanguage\":\"pt-BR\",\"potentialAction\":[{\"@type\":\"ReadAction\",\"target\":[\"https:\/\/noticiaempauta.com\/portal\/camara-dos-deputados-lanca-novo-concurso-com-salarios-de-r-21-mil-veja-datas\/\"]}]},{\"@type\":\"ImageObject\",\"inLanguage\":\"pt-BR\",\"@id\":\"https:\/\/noticiaempauta.com\/portal\/camara-dos-deputados-lanca-novo-concurso-com-salarios-de-r-21-mil-veja-datas\/#primaryimage\",\"url\":\"https:\/\/noticiaempauta.com\/portal\/wp-content\/uploads\/2026\/01\/sessao-do-congresso-para-analise-de-vetos-presidenciais-82e433a5fdbc39db.webp\",\"contentUrl\":\"https:\/\/noticiaempauta.com\/portal\/wp-content\/uploads\/2026\/01\/sessao-do-congresso-para-analise-de-vetos-presidenciais-82e433a5fdbc39db.webp\",\"width\":785,\"height\":435},{\"@type\":\"BreadcrumbList\",\"@id\":\"https:\/\/noticiaempauta.com\/portal\/camara-dos-deputados-lanca-novo-concurso-com-salarios-de-r-21-mil-veja-datas\/#breadcrumb\",\"itemListElement\":[{\"@type\":\"ListItem\",\"position\":1,\"name\":\"P\u00e1gina Inicial\",\"item\":\"https:\/\/noticiaempauta.com\/portal\/\"},{\"@type\":\"ListItem\",\"position\":2,\"name\":\"Destaques\",\"item\":\"https:\/\/noticiaempauta.com\/portal\/destaques-site\/\"},{\"@type\":\"ListItem\",\"position\":3,\"name\":\"C\u00e2mara dos Deputados lan\u00e7a novo concurso com sal\u00e1rios de R$ 21 mil; veja datas\"}]},{\"@type\":\"WebSite\",\"@id\":\"https:\/\/noticiaempauta.com\/portal\/#website\",\"url\":\"https:\/\/noticiaempauta.com\/portal\/\",\"name\":\"Portal Not\u00edcia em Pauta\",\"description\":\"Voc\u00ea bem informado\",\"publisher\":{\"@id\":\"https:\/\/noticiaempauta.com\/portal\/#organization\"},\"potentialAction\":[{\"@type\":\"SearchAction\",\"target\":{\"@type\":\"EntryPoint\",\"urlTemplate\":\"https:\/\/noticiaempauta.com\/portal\/?s={search_term_string}\"},\"query-input\":{\"@type\":\"PropertyValueSpecification\",\"valueRequired\":true,\"valueName\":\"search_term_string\"}}],\"inLanguage\":\"pt-BR\"},{\"@type\":\"Organization\",\"@id\":\"https:\/\/noticiaempauta.com\/portal\/#organization\",\"name\":\"Portal Not\u00edcia em Pauta\",\"url\":\"https:\/\/noticiaempauta.com\/portal\/\",\"logo\":{\"@type\":\"ImageObject\",\"inLanguage\":\"pt-BR\",\"@id\":\"https:\/\/noticiaempauta.com\/portal\/#\/schema\/logo\/image\/\",\"url\":\"https:\/\/noticiaempauta.com\/portal\/wp-content\/uploads\/2022\/08\/logomarca_tema.fw_.png\",\"contentUrl\":\"https:\/\/noticiaempauta.com\/portal\/wp-content\/uploads\/2022\/08\/logomarca_tema.fw_.png\",\"width\":400,\"height\":232,\"caption\":\"Portal Not\u00edcia em Pauta\"},\"image\":{\"@id\":\"https:\/\/noticiaempauta.com\/portal\/#\/schema\/logo\/image\/\"},\"sameAs\":[\"https:\/\/www.facebook.com\/Portal-Notcia-Em-Pauta-102292869264820\/\",\"https:\/\/www.instagram.com\/portalnoticiaempauta\/\"]},{\"@type\":\"Person\",\"@id\":\"https:\/\/noticiaempauta.com\/portal\/#\/schema\/person\/a74af43dd1ab3deca45f988c717d57ac\",\"name\":\"Reda\u00e7\u00e3o\",\"image\":{\"@type\":\"ImageObject\",\"inLanguage\":\"pt-BR\",\"@id\":\"https:\/\/noticiaempauta.com\/portal\/#\/schema\/person\/image\/\",\"url\":\"https:\/\/secure.gravatar.com\/avatar\/03179346ecce6cdfc13361603e8f54242a90e5cde8618fa23c5c00aa2b0aadf3?s=96&d=mm&r=g\",\"contentUrl\":\"https:\/\/secure.gravatar.com\/avatar\/03179346ecce6cdfc13361603e8f54242a90e5cde8618fa23c5c00aa2b0aadf3?s=96&d=mm&r=g\",\"caption\":\"Reda\u00e7\u00e3o\"},\"sameAs\":[\"https:\/\/noticiaempauta.com\/portal\/\"],\"url\":\"https:\/\/noticiaempauta.com\/portal\/author\/fernando\/\"}]}<\/script>\n<!-- \/ Yoast SEO Premium plugin. -->","yoast_head_json":{"title":"C\u00e2mara dos Deputados lan\u00e7a novo concurso com sal\u00e1rios de R$ 21 mil; veja datas - Portal Not\u00edcia em Pauta","robots":{"index":"index","follow":"follow","max-snippet":"max-snippet:-1","max-image-preview":"max-image-preview:large","max-video-preview":"max-video-preview:-1"},"canonical":"https:\/\/noticiaempauta.com\/portal\/camara-dos-deputados-lanca-novo-concurso-com-salarios-de-r-21-mil-veja-datas\/","og_locale":"pt_BR","og_type":"article","og_title":"C\u00e2mara dos Deputados lan\u00e7a novo concurso com sal\u00e1rios de R$ 21 mil; veja datas","og_description":"A&nbsp;C\u00e2mara dos Deputados&nbsp;publicou o edital de um&nbsp;novo concurso p\u00fablico&nbsp;para o cargo de&nbsp;T\u00e9cnico Legislativo, na especialidade de&nbsp;Policial Legislativo Federal. A&nbsp;remunera\u00e7\u00e3o inicial \u00e9 de R$ 21.328,08, valor que j\u00e1 inclui o&nbsp;adicional de periculosidade. O certame disponibiliza: Inscri\u00e7\u00f5es e provas j\u00e1 t\u00eam datas definidas As inscri\u00e7\u00f5es poder\u00e3o ser feitas entre 29 de janeiro e 20 de fevereiro. A [&hellip;]","og_url":"https:\/\/noticiaempauta.com\/portal\/camara-dos-deputados-lanca-novo-concurso-com-salarios-de-r-21-mil-veja-datas\/","og_site_name":"Portal Not\u00edcia em Pauta","article_publisher":"https:\/\/www.facebook.com\/Portal-Notcia-Em-Pauta-102292869264820\/","article_published_time":"2026-01-27T13:06:15+00:00","article_modified_time":"2026-01-27T13:06:16+00:00","og_image":[{"width":785,"height":435,"url":"https:\/\/noticiaempauta.com\/portal\/wp-content\/uploads\/2026\/01\/sessao-do-congresso-para-analise-de-vetos-presidenciais-82e433a5fdbc39db.webp","type":"image\/webp"}],"author":"Reda\u00e7\u00e3o","twitter_card":"summary_large_image","twitter_misc":{"Escrito por":"Reda\u00e7\u00e3o","Est. tempo de leitura":"3 minutos"},"schema":{"@context":"https:\/\/schema.org","@graph":[{"@type":"Article","@id":"https:\/\/noticiaempauta.com\/portal\/camara-dos-deputados-lanca-novo-concurso-com-salarios-de-r-21-mil-veja-datas\/#article","isPartOf":{"@id":"https:\/\/noticiaempauta.com\/portal\/camara-dos-deputados-lanca-novo-concurso-com-salarios-de-r-21-mil-veja-datas\/"},"author":{"name":"Reda\u00e7\u00e3o","@id":"https:\/\/noticiaempauta.com\/portal\/#\/schema\/person\/a74af43dd1ab3deca45f988c717d57ac"},"headline":"C\u00e2mara dos Deputados lan\u00e7a novo concurso com sal\u00e1rios de R$ 21 mil; veja datas","datePublished":"2026-01-27T13:06:15+00:00","dateModified":"2026-01-27T13:06:16+00:00","mainEntityOfPage":{"@id":"https:\/\/noticiaempauta.com\/portal\/camara-dos-deputados-lanca-novo-concurso-com-salarios-de-r-21-mil-veja-datas\/"},"wordCount":409,"publisher":{"@id":"https:\/\/noticiaempauta.com\/portal\/#organization"},"image":{"@id":"https:\/\/noticiaempauta.com\/portal\/camara-dos-deputados-lanca-novo-concurso-com-salarios-de-r-21-mil-veja-datas\/#primaryimage"},"thumbnailUrl":"https:\/\/noticiaempauta.com\/portal\/wp-content\/uploads\/2026\/01\/sessao-do-congresso-para-analise-de-vetos-presidenciais-82e433a5fdbc39db.webp","keywords":["destaqueprincipal"],"articleSection":["Destaques","Geral","Todas as Not\u00edcias"],"inLanguage":"pt-BR"},{"@type":"WebPage","@id":"https:\/\/noticiaempauta.com\/portal\/camara-dos-deputados-lanca-novo-concurso-com-salarios-de-r-21-mil-veja-datas\/","url":"https:\/\/noticiaempauta.com\/portal\/camara-dos-deputados-lanca-novo-concurso-com-salarios-de-r-21-mil-veja-datas\/","name":"C\u00e2mara dos Deputados lan\u00e7a novo concurso com sal\u00e1rios de R$ 21 mil; veja datas - Portal Not\u00edcia em Pauta","isPartOf":{"@id":"https:\/\/noticiaempauta.com\/portal\/#website"},"primaryImageOfPage":{"@id":"https:\/\/noticiaempauta.com\/portal\/camara-dos-deputados-lanca-novo-concurso-com-salarios-de-r-21-mil-veja-datas\/#primaryimage"},"image":{"@id":"https:\/\/noticiaempauta.com\/portal\/camara-dos-deputados-lanca-novo-concurso-com-salarios-de-r-21-mil-veja-datas\/#primaryimage"},"thumbnailUrl":"https:\/\/noticiaempauta.com\/portal\/wp-content\/uploads\/2026\/01\/sessao-do-congresso-para-analise-de-vetos-presidenciais-82e433a5fdbc39db.webp","datePublished":"2026-01-27T13:06:15+00:00","dateModified":"2026-01-27T13:06:16+00:00","breadcrumb":{"@id":"https:\/\/noticiaempauta.com\/portal\/camara-dos-deputados-lanca-novo-concurso-com-salarios-de-r-21-mil-veja-datas\/#breadcrumb"},"inLanguage":"pt-BR","potentialAction":[{"@type":"ReadAction","target":["https:\/\/noticiaempauta.com\/portal\/camara-dos-deputados-lanca-novo-concurso-com-salarios-de-r-21-mil-veja-datas\/"]}]},{"@type":"ImageObject","inLanguage":"pt-BR","@id":"https:\/\/noticiaempauta.com\/portal\/camara-dos-deputados-lanca-novo-concurso-com-salarios-de-r-21-mil-veja-datas\/#primaryimage","url":"https:\/\/noticiaempauta.com\/portal\/wp-content\/uploads\/2026\/01\/sessao-do-congresso-para-analise-de-vetos-presidenciais-82e433a5fdbc39db.webp","contentUrl":"https:\/\/noticiaempauta.com\/portal\/wp-content\/uploads\/2026\/01\/sessao-do-congresso-para-analise-de-vetos-presidenciais-82e433a5fdbc39db.webp","width":785,"height":435},{"@type":"BreadcrumbList","@id":"https:\/\/noticiaempauta.com\/portal\/camara-dos-deputados-lanca-novo-concurso-com-salarios-de-r-21-mil-veja-datas\/#breadcrumb","itemListElement":[{"@type":"ListItem","position":1,"name":"P\u00e1gina Inicial","item":"https:\/\/noticiaempauta.com\/portal\/"},{"@type":"ListItem","position":2,"name":"Destaques","item":"https:\/\/noticiaempauta.com\/portal\/destaques-site\/"},{"@type":"ListItem","position":3,"name":"C\u00e2mara dos Deputados lan\u00e7a novo concurso com sal\u00e1rios de R$ 21 mil; veja datas"}]},{"@type":"WebSite","@id":"https:\/\/noticiaempauta.com\/portal\/#website","url":"https:\/\/noticiaempauta.com\/portal\/","name":"Portal Not\u00edcia em Pauta","description":"Voc\u00ea bem informado","publisher":{"@id":"https:\/\/noticiaempauta.com\/portal\/#organization"},"potentialAction":[{"@type":"SearchAction","target":{"@type":"EntryPoint","urlTemplate":"https:\/\/noticiaempauta.com\/portal\/?s={search_term_string}"},"query-input":{"@type":"PropertyValueSpecification","valueRequired":true,"valueName":"search_term_string"}}],"inLanguage":"pt-BR"},{"@type":"Organization","@id":"https:\/\/noticiaempauta.com\/portal\/#organization","name":"Portal Not\u00edcia em Pauta","url":"https:\/\/noticiaempauta.com\/portal\/","logo":{"@type":"ImageObject","inLanguage":"pt-BR","@id":"https:\/\/noticiaempauta.com\/portal\/#\/schema\/logo\/image\/","url":"https:\/\/noticiaempauta.com\/portal\/wp-content\/uploads\/2022\/08\/logomarca_tema.fw_.png","contentUrl":"https:\/\/noticiaempauta.com\/portal\/wp-content\/uploads\/2022\/08\/logomarca_tema.fw_.png","width":400,"height":232,"caption":"Portal Not\u00edcia em Pauta"},"image":{"@id":"https:\/\/noticiaempauta.com\/portal\/#\/schema\/logo\/image\/"},"sameAs":["https:\/\/www.facebook.com\/Portal-Notcia-Em-Pauta-102292869264820\/","https:\/\/www.instagram.com\/portalnoticiaempauta\/"]},{"@type":"Person","@id":"https:\/\/noticiaempauta.com\/portal\/#\/schema\/person\/a74af43dd1ab3deca45f988c717d57ac","name":"Reda\u00e7\u00e3o","image":{"@type":"ImageObject","inLanguage":"pt-BR","@id":"https:\/\/noticiaempauta.com\/portal\/#\/schema\/person\/image\/","url":"https:\/\/secure.gravatar.com\/avatar\/03179346ecce6cdfc13361603e8f54242a90e5cde8618fa23c5c00aa2b0aadf3?s=96&d=mm&r=g","contentUrl":"https:\/\/secure.gravatar.com\/avatar\/03179346ecce6cdfc13361603e8f54242a90e5cde8618fa23c5c00aa2b0aadf3?s=96&d=mm&r=g","caption":"Reda\u00e7\u00e3o"},"sameAs":["https:\/\/noticiaempauta.com\/portal\/"],"url":"https:\/\/noticiaempauta.com\/portal\/author\/fernando\/"}]}},"_links":{"self":[{"href":"https:\/\/noticiaempauta.com\/portal\/wp-json\/wp\/v2\/posts\/284306","targetHints":{"allow":["GET"]}}],"collection":[{"href":"https:\/\/noticiaempauta.com\/portal\/wp-json\/wp\/v2\/posts"}],"about":[{"href":"https:\/\/noticiaempauta.com\/portal\/wp-json\/wp\/v2\/types\/post"}],"author":[{"embeddable":true,"href":"https:\/\/noticiaempauta.com\/portal\/wp-json\/wp\/v2\/users\/2"}],"replies":[{"embeddable":true,"href":"https:\/\/noticiaempauta.com\/portal\/wp-json\/wp\/v2\/comments?post=284306"}],"version-history":[{"count":2,"href":"https:\/\/noticiaempauta.com\/portal\/wp-json\/wp\/v2\/posts\/284306\/revisions"}],"predecessor-version":[{"id":284309,"href":"https:\/\/noticiaempauta.com\/portal\/wp-json\/wp\/v2\/posts\/284306\/revisions\/284309"}],"wp:featuredmedia":[{"embeddable":true,"href":"https:\/\/noticiaempauta.com\/portal\/wp-json\/wp\/v2\/media\/284307"}],"wp:attachment":[{"href":"https:\/\/noticiaempauta.com\/portal\/wp-json\/wp\/v2\/media?parent=284306"}],"wp:term":[{"taxonomy":"category","embeddable":true,"href":"https:\/\/noticiaempauta.com\/portal\/wp-json\/wp\/v2\/categories?post=284306"},{"taxonomy":"post_tag","embeddable":true,"href":"https:\/\/noticiaempauta.com\/portal\/wp-json\/wp\/v2\/tags?post=284306"}],"curies":[{"name":"wp","href":"https:\/\/api.w.org\/{rel}","templated":true}]}}